{"id":9956,"date":"2023-07-13T12:50:29","date_gmt":"2023-07-13T12:50:29","guid":{"rendered":"https:\/\/lequotidien.mr\/?p=9956"},"modified":"2023-07-13T12:50:29","modified_gmt":"2023-07-13T12:50:29","slug":"la-somelec-met-en-place-des-compteurs-de-prepaiement","status":"publish","type":"post","link":"https:\/\/lequotidien.mr\/?p=9956&lang=fr","title":{"rendered":"La SOMELEC met en place des compteurs de pr\u00e9paiement"},"content":{"rendered":"<p>La soci\u00e9t\u00e9 nationale d&#8217;\u00e9lectricit\u00e9, SOMELEC, a annonc\u00e9 officiellement sa transition vers les compteurs intelligents. Dans un communiqu\u00e9 de presse, l&#8217;entreprise mauritanienne d&#8217;\u00e9lectricit\u00e9 se r\u00e9jouit d&#8217;informer ses chers clients que, \u00e0 partir du mois de juillet 2023, elle commencera progressivement \u00e0 installer des compteurs intelligents \u00e0 leur b\u00e9n\u00e9fice, leur permettant de b\u00e9n\u00e9ficier de nombreux avantages et facilit\u00e9s importants, parmi lesquels :<\/p>\n<ul type=\"disc\">\n<li>La gestion, le suivi et l&#8217;optimisation de leur consommation d&#8217;\u00e9nergie.<\/li>\n<li>Le paiement pr\u00e9pay\u00e9 via le syst\u00e8me mis en palce.<\/li>\n<li>L&#8217;achat d&#8217;\u00e9nergie selon la tension, les besoins et les horaires.<\/li>\n<li>Le rechargement des compteurs \u00e0 distance via les moyens \u00e9lectroniques (mobiles, ordinateurs&#8230;).<\/li>\n<li>La fin des facturations estim\u00e9es, des erreurs de relev\u00e9 des compteurs et des difficult\u00e9s li\u00e9es \u00e0 ces op\u00e9rations.<\/li>\n<li>L&#8217;absence de coupure de service en raison de retards de paiement.<\/li>\n<li>La notification des pannes \u00e0 SOMELEC afin qu&#8217;elles puissent \u00eatre trait\u00e9es.<\/li>\n<li>La transition vers le nouveau syst\u00e8me et les nouveaux abonnements gratuits.<\/li>\n<li>La fin de l&#8217;obligation de fournir des garanties financi\u00e8res pour la consommation lors de l&#8217;abonnement.<\/li>\n<\/ul>\n<p>Il est rappel\u00e9 que, pour les abonn\u00e9s actuels, en attendant la pleine transition vers le nouveau syst\u00e8me, la distribution des factures de consommation d&#8217;\u00e9lectricit\u00e9 est disponible depuis le 1er octobre 2021 par le biais de messages \u00e9lectroniques envoy\u00e9s aux abonn\u00e9s enregistr\u00e9s sur leurs t\u00e9l\u00e9phones mobiles via les moyens \u00e9lectroniques, au lieu des factures papier, sauf demande sp\u00e9cifique.<\/p>\n<p>Par cons\u00e9quent, les abonn\u00e9s qui n&#8217;ont pas encore b\u00e9n\u00e9fici\u00e9 de ce service sont pri\u00e9s de fournir leur num\u00e9ro de t\u00e9l\u00e9phone, WhatsApp ou adresse e-mail aux centres de l&#8217;entreprise, car l&#8217;enregistrement des informations des clients n\u00e9cessite une pr\u00e9sence physique pour des raisons de confidentialit\u00e9.<\/p>\n<p>Dans le m\u00eame contexte, la soci\u00e9t\u00e9 souhaite \u00e9galement rappeler \u00e0 ses\u00a0\u00a0\u00a0clients que le service de paiement \u00e0 distance des factures via les t\u00e9l\u00e9phones est d\u00e9sormais disponible et s\u00e9curis\u00e9 avec toutes les banques ayant lanc\u00e9 le service de paiement \u00e9lectronique.<\/p>\n<p>De plus, une agence commerciale num\u00e9rique sera bient\u00f4t lanc\u00e9e, qui servira de centre commercial en ligne, permettant aux clients d&#8217;effectuer la plupart des d\u00e9marches \u00e0 distance via leurs t\u00e9l\u00e9phones mobiles.<\/p>\n<p>La soci\u00e9t\u00e9 invite donc ses\u00a0\u00a0clients \u00e0 suivre ces efforts, \u00e0 en faciliter l&#8217;acc\u00e8s et \u00e0 profiter de ces moyens modernes gratuits qui leur permettent d&#8217;\u00e9conomiser des efforts, du temps et des co\u00fbts, tout en rapprochant le service d&#8217;eux-m\u00eames, en leur permettant de contr\u00f4ler leur consommation \u00e9lectrique, de la suivre et d&#8217;\u00e9viter les difficult\u00e9s li\u00e9es aux proc\u00e9dures.<\/p>\n","protected":false},"excerpt":{"rendered":"<p>La soci\u00e9t\u00e9 nationale d&#8217;\u00e9lectricit\u00e9, SOMELEC, a annonc\u00e9 officiellement sa transition vers les compteurs intelligents. Dans un communiqu\u00e9 de presse, l&#8217;entreprise mauritanienne d&#8217;\u00e9lectricit\u00e9 se r\u00e9jouit d&#8217;informer ses chers clients que, \u00e0 partir du mois de juillet 2023, elle commencera progressivement \u00e0 installer des compteurs intelligents \u00e0 leur b\u00e9n\u00e9fice, leur permettant de b\u00e9n\u00e9ficier de nombreux avantages et&#8230;..<\/p>\n","protected":false},"author":4,"featured_media":9957,"comment_status":"open","ping_status":"open","sticky":false,"template":"","format":"standard","meta":{"footnotes":""},"categories":[23,49],"tags":[],"class_list":["post-9956","post","type-post","status-publish","format-standard","has-post-thumbnail","hentry","category-actualite","category-economie"],"yoast_head":"<!-- This site is optimized with the Yoast SEO plugin v27.5 - https:\/\/yoast.com\/product\/yoast-seo-wordpress\/ -->\n<title>La SOMELEC met en place des compteurs de pr\u00e9paiement - Le Quotidien de Nouakchott<\/title>\n<meta name=\"robots\" content=\"index, follow, max-snippet:-1, max-image-preview:large, max-video-preview:-1\" \/>\n<link rel=\"canonical\" href=\"https:\/\/lequotidien.mr\/?p=9956&lang=fr\" \/>\n<meta property=\"og:locale\" content=\"ar_AR\" \/>\n<meta property=\"og:type\" content=\"article\" \/>\n<meta property=\"og:title\" content=\"La SOMELEC met en place des compteurs de pr\u00e9paiement - Le Quotidien de Nouakchott\" \/>\n<meta property=\"og:description\" content=\"La soci\u00e9t\u00e9 nationale d&#8217;\u00e9lectricit\u00e9, SOMELEC, a annonc\u00e9 officiellement sa transition vers les compteurs intelligents. Dans un communiqu\u00e9 de presse, l&#8217;entreprise mauritanienne d&#8217;\u00e9lectricit\u00e9 se r\u00e9jouit d&#8217;informer ses chers clients que, \u00e0 partir du mois de juillet 2023, elle commencera progressivement \u00e0 installer des compteurs intelligents \u00e0 leur b\u00e9n\u00e9fice, leur permettant de b\u00e9n\u00e9ficier de nombreux avantages et.....\" \/>\n<meta property=\"og:url\" content=\"https:\/\/lequotidien.mr\/?p=9956&amp;lang=fr\" \/>\n<meta property=\"og:site_name\" content=\"Le Quotidien de Nouakchott\" \/>\n<meta property=\"article:publisher\" content=\"https:\/\/web.facebook.com\/lequotidienmr\" \/>\n<meta property=\"article:published_time\" content=\"2023-07-13T12:50:29+00:00\" \/>\n<meta property=\"og:image\" content=\"https:\/\/lequotidien.mr\/wp-content\/uploads\/2023\/07\/somelec.jpg\" \/>\n\t<meta property=\"og:image:width\" content=\"480\" \/>\n\t<meta property=\"og:image:height\" content=\"176\" \/>\n\t<meta property=\"og:image:type\" content=\"image\/jpeg\" \/>\n<meta name=\"author\" content=\"Le Quotidien\" \/>\n<meta name=\"twitter:card\" content=\"summary_large_image\" \/>\n<meta name=\"twitter:creator\" content=\"@lequotidienmr\" \/>\n<meta name=\"twitter:site\" content=\"@lequotidienmr\" \/>\n<meta name=\"twitter:label1\" content=\"\u0643\u064f\u062a\u0628 \u0628\u0648\u0627\u0633\u0637\u0629\" \/>\n\t<meta name=\"twitter:data1\" content=\"Le Quotidien\" \/>\n\t<meta name=\"twitter:label2\" content=\"\u0648\u0642\u062a \u0627\u0644\u0642\u0631\u0627\u0621\u0629 \u0627\u0644\u0645\u064f\u0642\u062f\u0651\u0631\" \/>\n\t<meta name=\"twitter:data2\" content=\"\u062f\u0642\u064a\u0642\u062a\u0627\u0646\" \/>\n<script type=\"application\/ld+json\" class=\"yoast-schema-graph\">{\"@context\":\"https:\\\/\\\/schema.org\",\"@graph\":[{\"@type\":\"Article\",\"@id\":\"https:\\\/\\\/lequotidien.mr\\\/?p=9956&lang=fr#article\",\"isPartOf\":{\"@id\":\"https:\\\/\\\/lequotidien.mr\\\/?p=9956&lang=fr\"},\"author\":{\"name\":\"Le Quotidien\",\"@id\":\"https:\\\/\\\/lequotidien.mr\\\/#\\\/schema\\\/person\\\/f90fcdaa970c60288de4ed2e64a56472\"},\"headline\":\"La SOMELEC met en place des compteurs de pr\u00e9paiement\",\"datePublished\":\"2023-07-13T12:50:29+00:00\",\"mainEntityOfPage\":{\"@id\":\"https:\\\/\\\/lequotidien.mr\\\/?p=9956&lang=fr\"},\"wordCount\":464,\"commentCount\":0,\"publisher\":{\"@id\":\"https:\\\/\\\/lequotidien.mr\\\/#organization\"},\"image\":{\"@id\":\"https:\\\/\\\/lequotidien.mr\\\/?p=9956&lang=fr#primaryimage\"},\"thumbnailUrl\":\"https:\\\/\\\/lequotidien.mr\\\/wp-content\\\/uploads\\\/2023\\\/07\\\/somelec.jpg\",\"articleSection\":[\"ACTUALIT\u00c9\",\"Economie\"],\"inLanguage\":\"ar\",\"potentialAction\":[{\"@type\":\"CommentAction\",\"name\":\"Comment\",\"target\":[\"https:\\\/\\\/lequotidien.mr\\\/?p=9956&lang=fr#respond\"]}]},{\"@type\":\"WebPage\",\"@id\":\"https:\\\/\\\/lequotidien.mr\\\/?p=9956&lang=fr\",\"url\":\"https:\\\/\\\/lequotidien.mr\\\/?p=9956&lang=fr\",\"name\":\"La SOMELEC met en place des compteurs de pr\u00e9paiement - Le Quotidien de Nouakchott\",\"isPartOf\":{\"@id\":\"https:\\\/\\\/lequotidien.mr\\\/#website\"},\"primaryImageOfPage\":{\"@id\":\"https:\\\/\\\/lequotidien.mr\\\/?p=9956&lang=fr#primaryimage\"},\"image\":{\"@id\":\"https:\\\/\\\/lequotidien.mr\\\/?p=9956&lang=fr#primaryimage\"},\"thumbnailUrl\":\"https:\\\/\\\/lequotidien.mr\\\/wp-content\\\/uploads\\\/2023\\\/07\\\/somelec.jpg\",\"datePublished\":\"2023-07-13T12:50:29+00:00\",\"breadcrumb\":{\"@id\":\"https:\\\/\\\/lequotidien.mr\\\/?p=9956&lang=fr#breadcrumb\"},\"inLanguage\":\"ar\",\"potentialAction\":[{\"@type\":\"ReadAction\",\"target\":[\"https:\\\/\\\/lequotidien.mr\\\/?p=9956&lang=fr\"]}]},{\"@type\":\"ImageObject\",\"inLanguage\":\"ar\",\"@id\":\"https:\\\/\\\/lequotidien.mr\\\/?p=9956&lang=fr#primaryimage\",\"url\":\"https:\\\/\\\/lequotidien.mr\\\/wp-content\\\/uploads\\\/2023\\\/07\\\/somelec.jpg\",\"contentUrl\":\"https:\\\/\\\/lequotidien.mr\\\/wp-content\\\/uploads\\\/2023\\\/07\\\/somelec.jpg\",\"width\":480,\"height\":176},{\"@type\":\"BreadcrumbList\",\"@id\":\"https:\\\/\\\/lequotidien.mr\\\/?p=9956&lang=fr#breadcrumb\",\"itemListElement\":[{\"@type\":\"ListItem\",\"position\":1,\"name\":\"Home\",\"item\":\"https:\\\/\\\/lequotidien.mr\\\/\"},{\"@type\":\"ListItem\",\"position\":2,\"name\":\"La SOMELEC met en place des compteurs de pr\u00e9paiement\"}]},{\"@type\":\"WebSite\",\"@id\":\"https:\\\/\\\/lequotidien.mr\\\/#website\",\"url\":\"https:\\\/\\\/lequotidien.mr\\\/\",\"name\":\"Le Quotidien de Nouakchott\",\"description\":\"\u0625\u062e\u0628\u0627\u0631\u064a\u0629 \u0645\u0633\u062a\u0642\u0644\u0629 \u0644\u0644\u0623\u0646\u0628\u0627\u0621 \u0627\u0644\u0639\u0627\u0645\u0629\",\"publisher\":{\"@id\":\"https:\\\/\\\/lequotidien.mr\\\/#organization\"},\"potentialAction\":[{\"@type\":\"SearchAction\",\"target\":{\"@type\":\"EntryPoint\",\"urlTemplate\":\"https:\\\/\\\/lequotidien.mr\\\/?s={search_term_string}\"},\"query-input\":{\"@type\":\"PropertyValueSpecification\",\"valueRequired\":true,\"valueName\":\"search_term_string\"}}],\"inLanguage\":\"ar\"},{\"@type\":\"Organization\",\"@id\":\"https:\\\/\\\/lequotidien.mr\\\/#organization\",\"name\":\"Le Quotidien de Nouakchott\",\"url\":\"https:\\\/\\\/lequotidien.mr\\\/\",\"logo\":{\"@type\":\"ImageObject\",\"inLanguage\":\"ar\",\"@id\":\"https:\\\/\\\/lequotidien.mr\\\/#\\\/schema\\\/logo\\\/image\\\/\",\"url\":\"https:\\\/\\\/lequotidien.mr\\\/wp-content\\\/uploads\\\/2022\\\/11\\\/logolequotidien.jpg\",\"contentUrl\":\"https:\\\/\\\/lequotidien.mr\\\/wp-content\\\/uploads\\\/2022\\\/11\\\/logolequotidien.jpg\",\"width\":290,\"height\":65,\"caption\":\"Le Quotidien de Nouakchott\"},\"image\":{\"@id\":\"https:\\\/\\\/lequotidien.mr\\\/#\\\/schema\\\/logo\\\/image\\\/\"},\"sameAs\":[\"https:\\\/\\\/web.facebook.com\\\/lequotidienmr\",\"https:\\\/\\\/x.com\\\/lequotidienmr\"]},{\"@type\":\"Person\",\"@id\":\"https:\\\/\\\/lequotidien.mr\\\/#\\\/schema\\\/person\\\/f90fcdaa970c60288de4ed2e64a56472\",\"name\":\"Le Quotidien\",\"image\":{\"@type\":\"ImageObject\",\"inLanguage\":\"ar\",\"@id\":\"https:\\\/\\\/secure.gravatar.com\\\/avatar\\\/374cb39a1a458a912465a93e5a3ce6546886fc3da809a1f10c63e4e8fcbca30f?s=96&d=mm&r=g\",\"url\":\"https:\\\/\\\/secure.gravatar.com\\\/avatar\\\/374cb39a1a458a912465a93e5a3ce6546886fc3da809a1f10c63e4e8fcbca30f?s=96&d=mm&r=g\",\"contentUrl\":\"https:\\\/\\\/secure.gravatar.com\\\/avatar\\\/374cb39a1a458a912465a93e5a3ce6546886fc3da809a1f10c63e4e8fcbca30f?s=96&d=mm&r=g\",\"caption\":\"Le Quotidien\"},\"sameAs\":[\"https:\\\/\\\/lequotidien.mr\\\/\"],\"url\":\"https:\\\/\\\/lequotidien.mr\\\/?author=4\"}]}<\/script>\n<!-- \/ Yoast SEO plugin. -->","yoast_head_json":{"title":"La SOMELEC met en place des compteurs de pr\u00e9paiement - Le Quotidien de Nouakchott","robots":{"index":"index","follow":"follow","max-snippet":"max-snippet:-1","max-image-preview":"max-image-preview:large","max-video-preview":"max-video-preview:-1"},"canonical":"https:\/\/lequotidien.mr\/?p=9956&lang=fr","og_locale":"ar_AR","og_type":"article","og_title":"La SOMELEC met en place des compteurs de pr\u00e9paiement - Le Quotidien de Nouakchott","og_description":"La soci\u00e9t\u00e9 nationale d&#8217;\u00e9lectricit\u00e9, SOMELEC, a annonc\u00e9 officiellement sa transition vers les compteurs intelligents. Dans un communiqu\u00e9 de presse, l&#8217;entreprise mauritanienne d&#8217;\u00e9lectricit\u00e9 se r\u00e9jouit d&#8217;informer ses chers clients que, \u00e0 partir du mois de juillet 2023, elle commencera progressivement \u00e0 installer des compteurs intelligents \u00e0 leur b\u00e9n\u00e9fice, leur permettant de b\u00e9n\u00e9ficier de nombreux avantages et.....","og_url":"https:\/\/lequotidien.mr\/?p=9956&lang=fr","og_site_name":"Le Quotidien de Nouakchott","article_publisher":"https:\/\/web.facebook.com\/lequotidienmr","article_published_time":"2023-07-13T12:50:29+00:00","og_image":[{"width":480,"height":176,"url":"https:\/\/lequotidien.mr\/wp-content\/uploads\/2023\/07\/somelec.jpg","type":"image\/jpeg"}],"author":"Le Quotidien","twitter_card":"summary_large_image","twitter_creator":"@lequotidienmr","twitter_site":"@lequotidienmr","twitter_misc":{"\u0643\u064f\u062a\u0628 \u0628\u0648\u0627\u0633\u0637\u0629":"Le Quotidien","\u0648\u0642\u062a \u0627\u0644\u0642\u0631\u0627\u0621\u0629 \u0627\u0644\u0645\u064f\u0642\u062f\u0651\u0631":"\u062f\u0642\u064a\u0642\u062a\u0627\u0646"},"schema":{"@context":"https:\/\/schema.org","@graph":[{"@type":"Article","@id":"https:\/\/lequotidien.mr\/?p=9956&lang=fr#article","isPartOf":{"@id":"https:\/\/lequotidien.mr\/?p=9956&lang=fr"},"author":{"name":"Le Quotidien","@id":"https:\/\/lequotidien.mr\/#\/schema\/person\/f90fcdaa970c60288de4ed2e64a56472"},"headline":"La SOMELEC met en place des compteurs de pr\u00e9paiement","datePublished":"2023-07-13T12:50:29+00:00","mainEntityOfPage":{"@id":"https:\/\/lequotidien.mr\/?p=9956&lang=fr"},"wordCount":464,"commentCount":0,"publisher":{"@id":"https:\/\/lequotidien.mr\/#organization"},"image":{"@id":"https:\/\/lequotidien.mr\/?p=9956&lang=fr#primaryimage"},"thumbnailUrl":"https:\/\/lequotidien.mr\/wp-content\/uploads\/2023\/07\/somelec.jpg","articleSection":["ACTUALIT\u00c9","Economie"],"inLanguage":"ar","potentialAction":[{"@type":"CommentAction","name":"Comment","target":["https:\/\/lequotidien.mr\/?p=9956&lang=fr#respond"]}]},{"@type":"WebPage","@id":"https:\/\/lequotidien.mr\/?p=9956&lang=fr","url":"https:\/\/lequotidien.mr\/?p=9956&lang=fr","name":"La SOMELEC met en place des compteurs de pr\u00e9paiement - Le Quotidien de Nouakchott","isPartOf":{"@id":"https:\/\/lequotidien.mr\/#website"},"primaryImageOfPage":{"@id":"https:\/\/lequotidien.mr\/?p=9956&lang=fr#primaryimage"},"image":{"@id":"https:\/\/lequotidien.mr\/?p=9956&lang=fr#primaryimage"},"thumbnailUrl":"https:\/\/lequotidien.mr\/wp-content\/uploads\/2023\/07\/somelec.jpg","datePublished":"2023-07-13T12:50:29+00:00","breadcrumb":{"@id":"https:\/\/lequotidien.mr\/?p=9956&lang=fr#breadcrumb"},"inLanguage":"ar","potentialAction":[{"@type":"ReadAction","target":["https:\/\/lequotidien.mr\/?p=9956&lang=fr"]}]},{"@type":"ImageObject","inLanguage":"ar","@id":"https:\/\/lequotidien.mr\/?p=9956&lang=fr#primaryimage","url":"https:\/\/lequotidien.mr\/wp-content\/uploads\/2023\/07\/somelec.jpg","contentUrl":"https:\/\/lequotidien.mr\/wp-content\/uploads\/2023\/07\/somelec.jpg","width":480,"height":176},{"@type":"BreadcrumbList","@id":"https:\/\/lequotidien.mr\/?p=9956&lang=fr#breadcrumb","itemListElement":[{"@type":"ListItem","position":1,"name":"Home","item":"https:\/\/lequotidien.mr\/"},{"@type":"ListItem","position":2,"name":"La SOMELEC met en place des compteurs de pr\u00e9paiement"}]},{"@type":"WebSite","@id":"https:\/\/lequotidien.mr\/#website","url":"https:\/\/lequotidien.mr\/","name":"Le Quotidien de Nouakchott","description":"\u0625\u062e\u0628\u0627\u0631\u064a\u0629 \u0645\u0633\u062a\u0642\u0644\u0629 \u0644\u0644\u0623\u0646\u0628\u0627\u0621 \u0627\u0644\u0639\u0627\u0645\u0629","publisher":{"@id":"https:\/\/lequotidien.mr\/#organization"},"potentialAction":[{"@type":"SearchAction","target":{"@type":"EntryPoint","urlTemplate":"https:\/\/lequotidien.mr\/?s={search_term_string}"},"query-input":{"@type":"PropertyValueSpecification","valueRequired":true,"valueName":"search_term_string"}}],"inLanguage":"ar"},{"@type":"Organization","@id":"https:\/\/lequotidien.mr\/#organization","name":"Le Quotidien de Nouakchott","url":"https:\/\/lequotidien.mr\/","logo":{"@type":"ImageObject","inLanguage":"ar","@id":"https:\/\/lequotidien.mr\/#\/schema\/logo\/image\/","url":"https:\/\/lequotidien.mr\/wp-content\/uploads\/2022\/11\/logolequotidien.jpg","contentUrl":"https:\/\/lequotidien.mr\/wp-content\/uploads\/2022\/11\/logolequotidien.jpg","width":290,"height":65,"caption":"Le Quotidien de Nouakchott"},"image":{"@id":"https:\/\/lequotidien.mr\/#\/schema\/logo\/image\/"},"sameAs":["https:\/\/web.facebook.com\/lequotidienmr","https:\/\/x.com\/lequotidienmr"]},{"@type":"Person","@id":"https:\/\/lequotidien.mr\/#\/schema\/person\/f90fcdaa970c60288de4ed2e64a56472","name":"Le Quotidien","image":{"@type":"ImageObject","inLanguage":"ar","@id":"https:\/\/secure.gravatar.com\/avatar\/374cb39a1a458a912465a93e5a3ce6546886fc3da809a1f10c63e4e8fcbca30f?s=96&d=mm&r=g","url":"https:\/\/secure.gravatar.com\/avatar\/374cb39a1a458a912465a93e5a3ce6546886fc3da809a1f10c63e4e8fcbca30f?s=96&d=mm&r=g","contentUrl":"https:\/\/secure.gravatar.com\/avatar\/374cb39a1a458a912465a93e5a3ce6546886fc3da809a1f10c63e4e8fcbca30f?s=96&d=mm&r=g","caption":"Le Quotidien"},"sameAs":["https:\/\/lequotidien.mr\/"],"url":"https:\/\/lequotidien.mr\/?author=4"}]}},"_links":{"self":[{"href":"https:\/\/lequotidien.mr\/index.php?rest_route=\/wp\/v2\/posts\/9956","targetHints":{"allow":["GET"]}}],"collection":[{"href":"https:\/\/lequotidien.mr\/index.php?rest_route=\/wp\/v2\/posts"}],"about":[{"href":"https:\/\/lequotidien.mr\/index.php?rest_route=\/wp\/v2\/types\/post"}],"author":[{"embeddable":true,"href":"https:\/\/lequotidien.mr\/index.php?rest_route=\/wp\/v2\/users\/4"}],"replies":[{"embeddable":true,"href":"https:\/\/lequotidien.mr\/index.php?rest_route=%2Fwp%2Fv2%2Fcomments&post=9956"}],"version-history":[{"count":1,"href":"https:\/\/lequotidien.mr\/index.php?rest_route=\/wp\/v2\/posts\/9956\/revisions"}],"predecessor-version":[{"id":9958,"href":"https:\/\/lequotidien.mr\/index.php?rest_route=\/wp\/v2\/posts\/9956\/revisions\/9958"}],"wp:featuredmedia":[{"embeddable":true,"href":"https:\/\/lequotidien.mr\/index.php?rest_route=\/wp\/v2\/media\/9957"}],"wp:attachment":[{"href":"https:\/\/lequotidien.mr\/index.php?rest_route=%2Fwp%2Fv2%2Fmedia&parent=9956"}],"wp:term":[{"taxonomy":"category","embeddable":true,"href":"https:\/\/lequotidien.mr\/index.php?rest_route=%2Fwp%2Fv2%2Fcategories&post=9956"},{"taxonomy":"post_tag","embeddable":true,"href":"https:\/\/lequotidien.mr\/index.php?rest_route=%2Fwp%2Fv2%2Ftags&post=9956"}],"curies":[{"name":"wp","href":"https:\/\/api.w.org\/{rel}","templated":true}]}}