{"id":9953,"date":"2023-07-13T12:36:49","date_gmt":"2023-07-13T12:36:49","guid":{"rendered":"https:\/\/lequotidien.mr\/?p=9953"},"modified":"2023-07-13T12:36:49","modified_gmt":"2023-07-13T12:36:49","slug":"la-cour-supreme-suspend-lelection-du-barreau","status":"publish","type":"post","link":"https:\/\/lequotidien.mr\/?p=9953&lang=fr","title":{"rendered":"La cour supr\u00eame suspend l\u2019\u00e9lection du barreau"},"content":{"rendered":"<p>La Cour supr\u00eame a d\u00e9cid\u00e9 de suspendre les \u00e9lections de l&#8217;Ordre national des avocats pr\u00e9vues aujourd&#8217;hui, jeudi, au milieu d&#8217;une controverse juridique entre les membres de l&#8217;Ordre. La controverse est apparue apr\u00e8s le d\u00e9part de deux membres du bureau de vote \u00e0 l&#8217;\u00e9tranger. Alors qu&#8217;une partie consid\u00e8re qu&#8217;il s&#8217;agit d&#8217;un poste vacant, l&#8217;autre partie estime que le r\u00e8glement interne permet \u00e0 d&#8217;autres membres de rejoindre le bureau.<\/p>\n<p>Dans une d\u00e9claration pr\u00e9c\u00e9dente, Brahim Ould Ebeti, le b\u00e2tonnier dont le mandat est arriv\u00e9 \u00e0 terme et qui est candidat pour un nouveau mandat, a exprim\u00e9 son espoir de r\u00e9soudre le probl\u00e8me juridique afin que le vote puisse avoir lieu comme pr\u00e9vu. Il a ajout\u00e9 que le r\u00e8glement interne de l&#8217;Ordre des avocats stipule que le bureau de vote doit \u00eatre compos\u00e9 de trois membres : un ancien b\u00e2tonnier, l&#8217;avocat le plus ancien inscrit au barreau et le plus jeune avocat du barreau.<\/p>\n<p>Il a soulign\u00e9 que le conseil de l&#8217;Ordre avait d\u00e9cid\u00e9 de former le bureau de vote conform\u00e9ment au r\u00e8glement interne le 21 juin dernier, notant qu&#8217;il y avait une &#8220;vacance de poste&#8221;. Brahim Ould Ebeti a \u00e9galement soulign\u00e9 qu&#8217;ils sont maintenant confront\u00e9s \u00e0 une probl\u00e9matique juridique car le bureau de vote ne peut \u00eatre form\u00e9 provisoirement en cas de vacance que par le Conseil national de l&#8217;Ordre des avocats.<\/p>\n<p>De son c\u00f4t\u00e9, le candidat Bouna Ould El Hassan a d\u00e9clar\u00e9 que les avocats s&#8217;attendent \u00e0 ce que la d\u00e9cision de suspendre les \u00e9lections suscite de l&#8217;inqui\u00e9tude, soulignant qu&#8217;il ne sait pas quelle sera la r\u00e9action de tous les avocats, des membres du barreau et des autorit\u00e9s.<\/p>\n<p>Bouna Ould El Hassan a \u00e9galement affirm\u00e9 dans des d\u00e9clarations pr\u00e9c\u00e9dentes que la suspension aurait des r\u00e9percussions n\u00e9gatives sur la r\u00e9putation internationale du pays et sur le niveau de protection des droits de l&#8217;homme, car la profession d&#8217;avocat est le reflet des droits de l&#8217;homme dans le pays.<\/p>\n<p>Il a \u00e9galement \u00e9t\u00e9 surpris par les propos du b\u00e2tonnier dont le mandat est arriv\u00e9 \u00e0 terme concernant une vacance li\u00e9e \u00e0 l&#8217;absence de deux membres du bureau de vote, soulignant que le r\u00e8glement interne de l&#8217;Ordre national des avocats est clair dans le paragraphe 74, stipulant clairement que le bureau est compos\u00e9 du plus ancien avocat et du plus r\u00e9cent du barreau. Il a ajout\u00e9 qu&#8217;il y a une diff\u00e9rence entre le pr\u00e9sident du bureau et ses membres. Le pr\u00e9sident du bureau est choisi par d\u00e9lib\u00e9ration du conseil de l&#8217;Ordre, contrairement aux deux autres membres qui sont choisis conform\u00e9ment \u00e0 l&#8217;article pr\u00e9c\u00e9dent, qui stipule que si l&#8217;un des membres est absent, un autre membre est choisi selon l&#8217;ordre mentionn\u00e9. Il a qualifi\u00e9 cet article de &#8220;disposition claire qui ne tol\u00e8re aucune interpr\u00e9tation&#8221;.<\/p>\n<div>\n<p align=\"center\">\n<\/div>\n","protected":false},"excerpt":{"rendered":"<p>La Cour supr\u00eame a d\u00e9cid\u00e9 de suspendre les \u00e9lections de l&#8217;Ordre national des avocats pr\u00e9vues aujourd&#8217;hui, jeudi, au milieu d&#8217;une controverse juridique entre les membres de l&#8217;Ordre. La controverse est apparue apr\u00e8s le d\u00e9part de deux membres du bureau de vote \u00e0 l&#8217;\u00e9tranger. Alors qu&#8217;une partie consid\u00e8re qu&#8217;il s&#8217;agit d&#8217;un poste vacant, l&#8217;autre partie estime&#8230;..<\/p>\n","protected":false},"author":4,"featured_media":9954,"comment_status":"open","ping_status":"open","sticky":false,"template":"","format":"standard","meta":{"footnotes":""},"categories":[23],"tags":[],"class_list":["post-9953","post","type-post","status-publish","format-standard","has-post-thumbnail","hentry","category-actualite"],"yoast_head":"<!-- This site is optimized with the Yoast SEO plugin v27.5 - https:\/\/yoast.com\/product\/yoast-seo-wordpress\/ -->\n<title>La cour supr\u00eame suspend l\u2019\u00e9lection du barreau - Le Quotidien de Nouakchott<\/title>\n<meta name=\"robots\" content=\"index, follow, max-snippet:-1, max-image-preview:large, max-video-preview:-1\" \/>\n<link rel=\"canonical\" href=\"https:\/\/lequotidien.mr\/?p=9953&lang=fr\" \/>\n<meta property=\"og:locale\" content=\"ar_AR\" \/>\n<meta property=\"og:type\" content=\"article\" \/>\n<meta property=\"og:title\" content=\"La cour supr\u00eame suspend l\u2019\u00e9lection du barreau - Le Quotidien de Nouakchott\" \/>\n<meta property=\"og:description\" content=\"La Cour supr\u00eame a d\u00e9cid\u00e9 de suspendre les \u00e9lections de l&#8217;Ordre national des avocats pr\u00e9vues aujourd&#8217;hui, jeudi, au milieu d&#8217;une controverse juridique entre les membres de l&#8217;Ordre. La controverse est apparue apr\u00e8s le d\u00e9part de deux membres du bureau de vote \u00e0 l&#8217;\u00e9tranger. Alors qu&#8217;une partie consid\u00e8re qu&#8217;il s&#8217;agit d&#8217;un poste vacant, l&#8217;autre partie estime.....\" \/>\n<meta property=\"og:url\" content=\"https:\/\/lequotidien.mr\/?p=9953&amp;lang=fr\" \/>\n<meta property=\"og:site_name\" content=\"Le Quotidien de Nouakchott\" \/>\n<meta property=\"article:publisher\" content=\"https:\/\/web.facebook.com\/lequotidienmr\" \/>\n<meta property=\"article:published_time\" content=\"2023-07-13T12:36:49+00:00\" \/>\n<meta property=\"og:image\" content=\"https:\/\/lequotidien.mr\/wp-content\/uploads\/2023\/07\/Capture-decran-2023-07-13-a-11.24.34.png\" \/>\n\t<meta property=\"og:image:width\" content=\"415\" \/>\n\t<meta property=\"og:image:height\" content=\"642\" \/>\n\t<meta property=\"og:image:type\" content=\"image\/png\" \/>\n<meta name=\"author\" content=\"Le Quotidien\" \/>\n<meta name=\"twitter:card\" content=\"summary_large_image\" \/>\n<meta name=\"twitter:creator\" content=\"@lequotidienmr\" \/>\n<meta name=\"twitter:site\" content=\"@lequotidienmr\" \/>\n<meta name=\"twitter:label1\" content=\"\u0643\u064f\u062a\u0628 \u0628\u0648\u0627\u0633\u0637\u0629\" \/>\n\t<meta name=\"twitter:data1\" content=\"Le Quotidien\" \/>\n\t<meta name=\"twitter:label2\" content=\"\u0648\u0642\u062a \u0627\u0644\u0642\u0631\u0627\u0621\u0629 \u0627\u0644\u0645\u064f\u0642\u062f\u0651\u0631\" \/>\n\t<meta name=\"twitter:data2\" content=\"\u062f\u0642\u064a\u0642\u062a\u0627\u0646\" \/>\n<script type=\"application\/ld+json\" class=\"yoast-schema-graph\">{\"@context\":\"https:\\\/\\\/schema.org\",\"@graph\":[{\"@type\":\"Article\",\"@id\":\"https:\\\/\\\/lequotidien.mr\\\/?p=9953&lang=fr#article\",\"isPartOf\":{\"@id\":\"https:\\\/\\\/lequotidien.mr\\\/?p=9953&lang=fr\"},\"author\":{\"name\":\"Le Quotidien\",\"@id\":\"https:\\\/\\\/lequotidien.mr\\\/#\\\/schema\\\/person\\\/f90fcdaa970c60288de4ed2e64a56472\"},\"headline\":\"La cour supr\u00eame suspend l\u2019\u00e9lection du barreau\",\"datePublished\":\"2023-07-13T12:36:49+00:00\",\"mainEntityOfPage\":{\"@id\":\"https:\\\/\\\/lequotidien.mr\\\/?p=9953&lang=fr\"},\"wordCount\":522,\"commentCount\":0,\"publisher\":{\"@id\":\"https:\\\/\\\/lequotidien.mr\\\/#organization\"},\"image\":{\"@id\":\"https:\\\/\\\/lequotidien.mr\\\/?p=9953&lang=fr#primaryimage\"},\"thumbnailUrl\":\"https:\\\/\\\/lequotidien.mr\\\/wp-content\\\/uploads\\\/2023\\\/07\\\/Capture-decran-2023-07-13-a-11.24.34.png\",\"articleSection\":[\"ACTUALIT\u00c9\"],\"inLanguage\":\"ar\",\"potentialAction\":[{\"@type\":\"CommentAction\",\"name\":\"Comment\",\"target\":[\"https:\\\/\\\/lequotidien.mr\\\/?p=9953&lang=fr#respond\"]}]},{\"@type\":\"WebPage\",\"@id\":\"https:\\\/\\\/lequotidien.mr\\\/?p=9953&lang=fr\",\"url\":\"https:\\\/\\\/lequotidien.mr\\\/?p=9953&lang=fr\",\"name\":\"La cour supr\u00eame suspend l\u2019\u00e9lection du barreau - Le Quotidien de Nouakchott\",\"isPartOf\":{\"@id\":\"https:\\\/\\\/lequotidien.mr\\\/#website\"},\"primaryImageOfPage\":{\"@id\":\"https:\\\/\\\/lequotidien.mr\\\/?p=9953&lang=fr#primaryimage\"},\"image\":{\"@id\":\"https:\\\/\\\/lequotidien.mr\\\/?p=9953&lang=fr#primaryimage\"},\"thumbnailUrl\":\"https:\\\/\\\/lequotidien.mr\\\/wp-content\\\/uploads\\\/2023\\\/07\\\/Capture-decran-2023-07-13-a-11.24.34.png\",\"datePublished\":\"2023-07-13T12:36:49+00:00\",\"breadcrumb\":{\"@id\":\"https:\\\/\\\/lequotidien.mr\\\/?p=9953&lang=fr#breadcrumb\"},\"inLanguage\":\"ar\",\"potentialAction\":[{\"@type\":\"ReadAction\",\"target\":[\"https:\\\/\\\/lequotidien.mr\\\/?p=9953&lang=fr\"]}]},{\"@type\":\"ImageObject\",\"inLanguage\":\"ar\",\"@id\":\"https:\\\/\\\/lequotidien.mr\\\/?p=9953&lang=fr#primaryimage\",\"url\":\"https:\\\/\\\/lequotidien.mr\\\/wp-content\\\/uploads\\\/2023\\\/07\\\/Capture-decran-2023-07-13-a-11.24.34.png\",\"contentUrl\":\"https:\\\/\\\/lequotidien.mr\\\/wp-content\\\/uploads\\\/2023\\\/07\\\/Capture-decran-2023-07-13-a-11.24.34.png\",\"width\":415,\"height\":642},{\"@type\":\"BreadcrumbList\",\"@id\":\"https:\\\/\\\/lequotidien.mr\\\/?p=9953&lang=fr#breadcrumb\",\"itemListElement\":[{\"@type\":\"ListItem\",\"position\":1,\"name\":\"Home\",\"item\":\"https:\\\/\\\/lequotidien.mr\\\/\"},{\"@type\":\"ListItem\",\"position\":2,\"name\":\"La cour supr\u00eame suspend l\u2019\u00e9lection du barreau\"}]},{\"@type\":\"WebSite\",\"@id\":\"https:\\\/\\\/lequotidien.mr\\\/#website\",\"url\":\"https:\\\/\\\/lequotidien.mr\\\/\",\"name\":\"Le Quotidien de Nouakchott\",\"description\":\"\u0625\u062e\u0628\u0627\u0631\u064a\u0629 \u0645\u0633\u062a\u0642\u0644\u0629 \u0644\u0644\u0623\u0646\u0628\u0627\u0621 \u0627\u0644\u0639\u0627\u0645\u0629\",\"publisher\":{\"@id\":\"https:\\\/\\\/lequotidien.mr\\\/#organization\"},\"potentialAction\":[{\"@type\":\"SearchAction\",\"target\":{\"@type\":\"EntryPoint\",\"urlTemplate\":\"https:\\\/\\\/lequotidien.mr\\\/?s={search_term_string}\"},\"query-input\":{\"@type\":\"PropertyValueSpecification\",\"valueRequired\":true,\"valueName\":\"search_term_string\"}}],\"inLanguage\":\"ar\"},{\"@type\":\"Organization\",\"@id\":\"https:\\\/\\\/lequotidien.mr\\\/#organization\",\"name\":\"Le Quotidien de Nouakchott\",\"url\":\"https:\\\/\\\/lequotidien.mr\\\/\",\"logo\":{\"@type\":\"ImageObject\",\"inLanguage\":\"ar\",\"@id\":\"https:\\\/\\\/lequotidien.mr\\\/#\\\/schema\\\/logo\\\/image\\\/\",\"url\":\"https:\\\/\\\/lequotidien.mr\\\/wp-content\\\/uploads\\\/2022\\\/11\\\/logolequotidien.jpg\",\"contentUrl\":\"https:\\\/\\\/lequotidien.mr\\\/wp-content\\\/uploads\\\/2022\\\/11\\\/logolequotidien.jpg\",\"width\":290,\"height\":65,\"caption\":\"Le Quotidien de Nouakchott\"},\"image\":{\"@id\":\"https:\\\/\\\/lequotidien.mr\\\/#\\\/schema\\\/logo\\\/image\\\/\"},\"sameAs\":[\"https:\\\/\\\/web.facebook.com\\\/lequotidienmr\",\"https:\\\/\\\/x.com\\\/lequotidienmr\"]},{\"@type\":\"Person\",\"@id\":\"https:\\\/\\\/lequotidien.mr\\\/#\\\/schema\\\/person\\\/f90fcdaa970c60288de4ed2e64a56472\",\"name\":\"Le Quotidien\",\"image\":{\"@type\":\"ImageObject\",\"inLanguage\":\"ar\",\"@id\":\"https:\\\/\\\/secure.gravatar.com\\\/avatar\\\/374cb39a1a458a912465a93e5a3ce6546886fc3da809a1f10c63e4e8fcbca30f?s=96&d=mm&r=g\",\"url\":\"https:\\\/\\\/secure.gravatar.com\\\/avatar\\\/374cb39a1a458a912465a93e5a3ce6546886fc3da809a1f10c63e4e8fcbca30f?s=96&d=mm&r=g\",\"contentUrl\":\"https:\\\/\\\/secure.gravatar.com\\\/avatar\\\/374cb39a1a458a912465a93e5a3ce6546886fc3da809a1f10c63e4e8fcbca30f?s=96&d=mm&r=g\",\"caption\":\"Le Quotidien\"},\"sameAs\":[\"https:\\\/\\\/lequotidien.mr\\\/\"],\"url\":\"https:\\\/\\\/lequotidien.mr\\\/?author=4\"}]}<\/script>\n<!-- \/ Yoast SEO plugin. -->","yoast_head_json":{"title":"La cour supr\u00eame suspend l\u2019\u00e9lection du barreau - Le Quotidien de Nouakchott","robots":{"index":"index","follow":"follow","max-snippet":"max-snippet:-1","max-image-preview":"max-image-preview:large","max-video-preview":"max-video-preview:-1"},"canonical":"https:\/\/lequotidien.mr\/?p=9953&lang=fr","og_locale":"ar_AR","og_type":"article","og_title":"La cour supr\u00eame suspend l\u2019\u00e9lection du barreau - Le Quotidien de Nouakchott","og_description":"La Cour supr\u00eame a d\u00e9cid\u00e9 de suspendre les \u00e9lections de l&#8217;Ordre national des avocats pr\u00e9vues aujourd&#8217;hui, jeudi, au milieu d&#8217;une controverse juridique entre les membres de l&#8217;Ordre. La controverse est apparue apr\u00e8s le d\u00e9part de deux membres du bureau de vote \u00e0 l&#8217;\u00e9tranger. Alors qu&#8217;une partie consid\u00e8re qu&#8217;il s&#8217;agit d&#8217;un poste vacant, l&#8217;autre partie estime.....","og_url":"https:\/\/lequotidien.mr\/?p=9953&lang=fr","og_site_name":"Le Quotidien de Nouakchott","article_publisher":"https:\/\/web.facebook.com\/lequotidienmr","article_published_time":"2023-07-13T12:36:49+00:00","og_image":[{"width":415,"height":642,"url":"https:\/\/lequotidien.mr\/wp-content\/uploads\/2023\/07\/Capture-decran-2023-07-13-a-11.24.34.png","type":"image\/png"}],"author":"Le Quotidien","twitter_card":"summary_large_image","twitter_creator":"@lequotidienmr","twitter_site":"@lequotidienmr","twitter_misc":{"\u0643\u064f\u062a\u0628 \u0628\u0648\u0627\u0633\u0637\u0629":"Le Quotidien","\u0648\u0642\u062a \u0627\u0644\u0642\u0631\u0627\u0621\u0629 \u0627\u0644\u0645\u064f\u0642\u062f\u0651\u0631":"\u062f\u0642\u064a\u0642\u062a\u0627\u0646"},"schema":{"@context":"https:\/\/schema.org","@graph":[{"@type":"Article","@id":"https:\/\/lequotidien.mr\/?p=9953&lang=fr#article","isPartOf":{"@id":"https:\/\/lequotidien.mr\/?p=9953&lang=fr"},"author":{"name":"Le Quotidien","@id":"https:\/\/lequotidien.mr\/#\/schema\/person\/f90fcdaa970c60288de4ed2e64a56472"},"headline":"La cour supr\u00eame suspend l\u2019\u00e9lection du barreau","datePublished":"2023-07-13T12:36:49+00:00","mainEntityOfPage":{"@id":"https:\/\/lequotidien.mr\/?p=9953&lang=fr"},"wordCount":522,"commentCount":0,"publisher":{"@id":"https:\/\/lequotidien.mr\/#organization"},"image":{"@id":"https:\/\/lequotidien.mr\/?p=9953&lang=fr#primaryimage"},"thumbnailUrl":"https:\/\/lequotidien.mr\/wp-content\/uploads\/2023\/07\/Capture-decran-2023-07-13-a-11.24.34.png","articleSection":["ACTUALIT\u00c9"],"inLanguage":"ar","potentialAction":[{"@type":"CommentAction","name":"Comment","target":["https:\/\/lequotidien.mr\/?p=9953&lang=fr#respond"]}]},{"@type":"WebPage","@id":"https:\/\/lequotidien.mr\/?p=9953&lang=fr","url":"https:\/\/lequotidien.mr\/?p=9953&lang=fr","name":"La cour supr\u00eame suspend l\u2019\u00e9lection du barreau - Le Quotidien de Nouakchott","isPartOf":{"@id":"https:\/\/lequotidien.mr\/#website"},"primaryImageOfPage":{"@id":"https:\/\/lequotidien.mr\/?p=9953&lang=fr#primaryimage"},"image":{"@id":"https:\/\/lequotidien.mr\/?p=9953&lang=fr#primaryimage"},"thumbnailUrl":"https:\/\/lequotidien.mr\/wp-content\/uploads\/2023\/07\/Capture-decran-2023-07-13-a-11.24.34.png","datePublished":"2023-07-13T12:36:49+00:00","breadcrumb":{"@id":"https:\/\/lequotidien.mr\/?p=9953&lang=fr#breadcrumb"},"inLanguage":"ar","potentialAction":[{"@type":"ReadAction","target":["https:\/\/lequotidien.mr\/?p=9953&lang=fr"]}]},{"@type":"ImageObject","inLanguage":"ar","@id":"https:\/\/lequotidien.mr\/?p=9953&lang=fr#primaryimage","url":"https:\/\/lequotidien.mr\/wp-content\/uploads\/2023\/07\/Capture-decran-2023-07-13-a-11.24.34.png","contentUrl":"https:\/\/lequotidien.mr\/wp-content\/uploads\/2023\/07\/Capture-decran-2023-07-13-a-11.24.34.png","width":415,"height":642},{"@type":"BreadcrumbList","@id":"https:\/\/lequotidien.mr\/?p=9953&lang=fr#breadcrumb","itemListElement":[{"@type":"ListItem","position":1,"name":"Home","item":"https:\/\/lequotidien.mr\/"},{"@type":"ListItem","position":2,"name":"La cour supr\u00eame suspend l\u2019\u00e9lection du barreau"}]},{"@type":"WebSite","@id":"https:\/\/lequotidien.mr\/#website","url":"https:\/\/lequotidien.mr\/","name":"Le Quotidien de Nouakchott","description":"\u0625\u062e\u0628\u0627\u0631\u064a\u0629 \u0645\u0633\u062a\u0642\u0644\u0629 \u0644\u0644\u0623\u0646\u0628\u0627\u0621 \u0627\u0644\u0639\u0627\u0645\u0629","publisher":{"@id":"https:\/\/lequotidien.mr\/#organization"},"potentialAction":[{"@type":"SearchAction","target":{"@type":"EntryPoint","urlTemplate":"https:\/\/lequotidien.mr\/?s={search_term_string}"},"query-input":{"@type":"PropertyValueSpecification","valueRequired":true,"valueName":"search_term_string"}}],"inLanguage":"ar"},{"@type":"Organization","@id":"https:\/\/lequotidien.mr\/#organization","name":"Le Quotidien de Nouakchott","url":"https:\/\/lequotidien.mr\/","logo":{"@type":"ImageObject","inLanguage":"ar","@id":"https:\/\/lequotidien.mr\/#\/schema\/logo\/image\/","url":"https:\/\/lequotidien.mr\/wp-content\/uploads\/2022\/11\/logolequotidien.jpg","contentUrl":"https:\/\/lequotidien.mr\/wp-content\/uploads\/2022\/11\/logolequotidien.jpg","width":290,"height":65,"caption":"Le Quotidien de Nouakchott"},"image":{"@id":"https:\/\/lequotidien.mr\/#\/schema\/logo\/image\/"},"sameAs":["https:\/\/web.facebook.com\/lequotidienmr","https:\/\/x.com\/lequotidienmr"]},{"@type":"Person","@id":"https:\/\/lequotidien.mr\/#\/schema\/person\/f90fcdaa970c60288de4ed2e64a56472","name":"Le Quotidien","image":{"@type":"ImageObject","inLanguage":"ar","@id":"https:\/\/secure.gravatar.com\/avatar\/374cb39a1a458a912465a93e5a3ce6546886fc3da809a1f10c63e4e8fcbca30f?s=96&d=mm&r=g","url":"https:\/\/secure.gravatar.com\/avatar\/374cb39a1a458a912465a93e5a3ce6546886fc3da809a1f10c63e4e8fcbca30f?s=96&d=mm&r=g","contentUrl":"https:\/\/secure.gravatar.com\/avatar\/374cb39a1a458a912465a93e5a3ce6546886fc3da809a1f10c63e4e8fcbca30f?s=96&d=mm&r=g","caption":"Le Quotidien"},"sameAs":["https:\/\/lequotidien.mr\/"],"url":"https:\/\/lequotidien.mr\/?author=4"}]}},"_links":{"self":[{"href":"https:\/\/lequotidien.mr\/index.php?rest_route=\/wp\/v2\/posts\/9953","targetHints":{"allow":["GET"]}}],"collection":[{"href":"https:\/\/lequotidien.mr\/index.php?rest_route=\/wp\/v2\/posts"}],"about":[{"href":"https:\/\/lequotidien.mr\/index.php?rest_route=\/wp\/v2\/types\/post"}],"author":[{"embeddable":true,"href":"https:\/\/lequotidien.mr\/index.php?rest_route=\/wp\/v2\/users\/4"}],"replies":[{"embeddable":true,"href":"https:\/\/lequotidien.mr\/index.php?rest_route=%2Fwp%2Fv2%2Fcomments&post=9953"}],"version-history":[{"count":1,"href":"https:\/\/lequotidien.mr\/index.php?rest_route=\/wp\/v2\/posts\/9953\/revisions"}],"predecessor-version":[{"id":9955,"href":"https:\/\/lequotidien.mr\/index.php?rest_route=\/wp\/v2\/posts\/9953\/revisions\/9955"}],"wp:featuredmedia":[{"embeddable":true,"href":"https:\/\/lequotidien.mr\/index.php?rest_route=\/wp\/v2\/media\/9954"}],"wp:attachment":[{"href":"https:\/\/lequotidien.mr\/index.php?rest_route=%2Fwp%2Fv2%2Fmedia&parent=9953"}],"wp:term":[{"taxonomy":"category","embeddable":true,"href":"https:\/\/lequotidien.mr\/index.php?rest_route=%2Fwp%2Fv2%2Fcategories&post=9953"},{"taxonomy":"post_tag","embeddable":true,"href":"https:\/\/lequotidien.mr\/index.php?rest_route=%2Fwp%2Fv2%2Ftags&post=9953"}],"curies":[{"name":"wp","href":"https:\/\/api.w.org\/{rel}","templated":true}]}}