{"id":9520,"date":"2023-06-30T13:26:40","date_gmt":"2023-06-30T13:26:40","guid":{"rendered":"https:\/\/lequotidien.mr\/?p=9520"},"modified":"2023-06-30T13:32:36","modified_gmt":"2023-06-30T13:32:36","slug":"la-snim-compte-redemarrer-elle-meme-lexploitation-du-gisement-de-fer-de-fderick","status":"publish","type":"post","link":"https:\/\/lequotidien.mr\/?p=9520&lang=fr","title":{"rendered":"La SNIM compte red\u00e9marrer elle-m\u00eame l&#8217;exploitation du gisement de fer de Fd\u00e9rick"},"content":{"rendered":"<p>Dirig\u00e9e par Mohamed Vall Ould Tleimidi, la compagnie SNIM estime qu\u2019elle dispose d\u00e9sormais de moyens financiers suffisants pour exploiter elle-m\u00eame et \u00e0 moindre co\u00fbt les r\u00e9serves de fer importantes de la mine de Fd\u00e9rick. Par cons\u00e9quent son appel d&#8217;offres de d\u00e9cembre 2020\u00a0pour le terrassement de la mine est donc abandonn\u00e9.<\/p>\n<p>La <strong>mine de F&#8217;Derick<\/strong> est une mine de fer situ\u00e9e \u00e0 l&#8217;extr\u00e9mit\u00e9 ouest de la Kedia d\u2019idjil. Elle est la premi\u00e8re mine mauritanienne, exploit\u00e9e d\u00e8s le d\u00e9but des ann\u00e9es 1960 par la MIFERMA, jusqu&#8217;en 1983.<\/p>\n<p>En 2018, la SNIM fait r\u00e9aliser une \u00e9tude qui \u00e9value les r\u00e9serves de la mine \u00e0 entre 30\u00a0et 40\u00a0millions de tonnes de minerai, d&#8217;une teneur en fer de 60%. Le co\u00fbt de production est estim\u00e9 \u00e0 20\u00a0dollars la tonne, ce qui la rend particuli\u00e8rement profitable dans un march\u00e9 o\u00f9 la tonne caracole \u00e0 plus de 100\u00a0dollars<\/p>\n<p>&nbsp;<\/p>\n<p>En mai 2019, le ministre de l&#8217;\u00c9conomie et des Finances mauritanien Moctar Ould Djay signe un accord avec la soci\u00e9t\u00e9 australienne BCM International pour l\u2019exploitation de la mine de F&#8217;D\u00e9rick. L\u2019accord pr\u00e9voit la cr\u00e9ation d\u2019une soci\u00e9t\u00e9 mixte comprenant des op\u00e9rateurs australiens et mauritaniens pour l\u2019exploitation d\u2019un gisement de 30\u00a0millions de tonnes de minerai de fer. La BCM d\u00e9tiendra 80\u00a0% du capital et les 20\u00a0% restants reviendront \u00e0 la SNIM. L&#8217;accord, n\u00e9goci\u00e9 par le beau-fils de l&#8217;ex-pr\u00e9sident Aziz, Mohamed Ould Msaboue et l\u2019homme d\u2019affaires Mohiedine Ould Bouh, est d\u00e9nonc\u00e9 par l&#8217;opposition, qui le qualifie de \u00ab\u00a0bradage de la ressource nationale\u00a0\u00bb, arguant que la SNIM a les capacit\u00e9s techniques et humaines n\u00e9cessaires \u00e0 l&#8217;exploitation du gisement.<\/p>\n<p>Depuis, la Mauritanie s&#8217;est \u00e0 nouveau pench\u00e9e sur le dossier, des groupes de travail ont \u00e9t\u00e9 constitu\u00e9s et l&#8217;accord a finalement \u00e9t\u00e9 remis en cause en octobre 2019<sup>\u00a0 <\/sup>et figure parmi les dossiers ouverts devant la cour \u00a0des crimes \u00e9conomique en ce qui concerne le proc\u00e8s de la d\u00e9cennie. .<\/p>\n<p>&nbsp;<\/p>\n","protected":false},"excerpt":{"rendered":"<p>Dirig\u00e9e par Mohamed Vall Ould Tleimidi, la compagnie SNIM estime qu\u2019elle dispose d\u00e9sormais de moyens financiers suffisants pour exploiter elle-m\u00eame et \u00e0 moindre co\u00fbt les r\u00e9serves de fer importantes de la mine de Fd\u00e9rick. Par cons\u00e9quent son appel d&#8217;offres de d\u00e9cembre 2020\u00a0pour le terrassement de la mine est donc abandonn\u00e9. La mine de F&#8217;Derick est&#8230;..<\/p>\n","protected":false},"author":4,"featured_media":9521,"comment_status":"open","ping_status":"open","sticky":false,"template":"","format":"standard","meta":{"footnotes":""},"categories":[23,49,57],"tags":[],"class_list":["post-9520","post","type-post","status-publish","format-standard","has-post-thumbnail","hentry","category-actualite","category-economie","category-couverture-specilale"],"yoast_head":"<!-- This site is optimized with the Yoast SEO plugin v27.5 - https:\/\/yoast.com\/product\/yoast-seo-wordpress\/ -->\n<title>La SNIM compte red\u00e9marrer elle-m\u00eame l&#039;exploitation du gisement de fer de Fd\u00e9rick - Le Quotidien de Nouakchott<\/title>\n<meta name=\"robots\" content=\"index, follow, max-snippet:-1, max-image-preview:large, max-video-preview:-1\" \/>\n<link rel=\"canonical\" href=\"https:\/\/lequotidien.mr\/?p=9520&lang=fr\" \/>\n<meta property=\"og:locale\" content=\"ar_AR\" \/>\n<meta property=\"og:type\" content=\"article\" \/>\n<meta property=\"og:title\" content=\"La SNIM compte red\u00e9marrer elle-m\u00eame l&#039;exploitation du gisement de fer de Fd\u00e9rick - Le Quotidien de Nouakchott\" \/>\n<meta property=\"og:description\" content=\"Dirig\u00e9e par Mohamed Vall Ould Tleimidi, la compagnie SNIM estime qu\u2019elle dispose d\u00e9sormais de moyens financiers suffisants pour exploiter elle-m\u00eame et \u00e0 moindre co\u00fbt les r\u00e9serves de fer importantes de la mine de Fd\u00e9rick. Par cons\u00e9quent son appel d&#8217;offres de d\u00e9cembre 2020\u00a0pour le terrassement de la mine est donc abandonn\u00e9. La mine de F&#8217;Derick est.....\" \/>\n<meta property=\"og:url\" content=\"https:\/\/lequotidien.mr\/?p=9520&amp;lang=fr\" \/>\n<meta property=\"og:site_name\" content=\"Le Quotidien de Nouakchott\" \/>\n<meta property=\"article:publisher\" content=\"https:\/\/web.facebook.com\/lequotidienmr\" \/>\n<meta property=\"article:published_time\" content=\"2023-06-30T13:26:40+00:00\" \/>\n<meta property=\"article:modified_time\" content=\"2023-06-30T13:32:36+00:00\" \/>\n<meta property=\"og:image\" content=\"https:\/\/lequotidien.mr\/wp-content\/uploads\/2023\/06\/ADG-SNIM-600x470-1.jpg\" \/>\n\t<meta property=\"og:image:width\" content=\"600\" \/>\n\t<meta property=\"og:image:height\" content=\"470\" \/>\n\t<meta property=\"og:image:type\" content=\"image\/jpeg\" \/>\n<meta name=\"author\" content=\"Le Quotidien\" \/>\n<meta name=\"twitter:card\" content=\"summary_large_image\" \/>\n<meta name=\"twitter:creator\" content=\"@lequotidienmr\" \/>\n<meta name=\"twitter:site\" content=\"@lequotidienmr\" \/>\n<meta name=\"twitter:label1\" content=\"\u0643\u064f\u062a\u0628 \u0628\u0648\u0627\u0633\u0637\u0629\" \/>\n\t<meta name=\"twitter:data1\" content=\"Le Quotidien\" \/>\n\t<meta name=\"twitter:label2\" content=\"\u0648\u0642\u062a \u0627\u0644\u0642\u0631\u0627\u0621\u0629 \u0627\u0644\u0645\u064f\u0642\u062f\u0651\u0631\" \/>\n\t<meta name=\"twitter:data2\" content=\"\u062f\u0642\u064a\u0642\u062a\u0627\u0646\" \/>\n<script type=\"application\/ld+json\" class=\"yoast-schema-graph\">{\"@context\":\"https:\\\/\\\/schema.org\",\"@graph\":[{\"@type\":\"Article\",\"@id\":\"https:\\\/\\\/lequotidien.mr\\\/?p=9520&lang=fr#article\",\"isPartOf\":{\"@id\":\"https:\\\/\\\/lequotidien.mr\\\/?p=9520&lang=fr\"},\"author\":{\"name\":\"Le Quotidien\",\"@id\":\"https:\\\/\\\/lequotidien.mr\\\/#\\\/schema\\\/person\\\/f90fcdaa970c60288de4ed2e64a56472\"},\"headline\":\"La SNIM compte red\u00e9marrer elle-m\u00eame l&#8217;exploitation du gisement de fer de Fd\u00e9rick\",\"datePublished\":\"2023-06-30T13:26:40+00:00\",\"dateModified\":\"2023-06-30T13:32:36+00:00\",\"mainEntityOfPage\":{\"@id\":\"https:\\\/\\\/lequotidien.mr\\\/?p=9520&lang=fr\"},\"wordCount\":363,\"commentCount\":0,\"publisher\":{\"@id\":\"https:\\\/\\\/lequotidien.mr\\\/#organization\"},\"image\":{\"@id\":\"https:\\\/\\\/lequotidien.mr\\\/?p=9520&lang=fr#primaryimage\"},\"thumbnailUrl\":\"https:\\\/\\\/lequotidien.mr\\\/wp-content\\\/uploads\\\/2023\\\/06\\\/ADG-SNIM-600x470-1.jpg\",\"articleSection\":[\"ACTUALIT\u00c9\",\"Economie\",\"Couverture sp\u00e9cilale\"],\"inLanguage\":\"ar\",\"potentialAction\":[{\"@type\":\"CommentAction\",\"name\":\"Comment\",\"target\":[\"https:\\\/\\\/lequotidien.mr\\\/?p=9520&lang=fr#respond\"]}]},{\"@type\":\"WebPage\",\"@id\":\"https:\\\/\\\/lequotidien.mr\\\/?p=9520&lang=fr\",\"url\":\"https:\\\/\\\/lequotidien.mr\\\/?p=9520&lang=fr\",\"name\":\"La SNIM compte red\u00e9marrer elle-m\u00eame l'exploitation du gisement de fer de Fd\u00e9rick - Le Quotidien de Nouakchott\",\"isPartOf\":{\"@id\":\"https:\\\/\\\/lequotidien.mr\\\/#website\"},\"primaryImageOfPage\":{\"@id\":\"https:\\\/\\\/lequotidien.mr\\\/?p=9520&lang=fr#primaryimage\"},\"image\":{\"@id\":\"https:\\\/\\\/lequotidien.mr\\\/?p=9520&lang=fr#primaryimage\"},\"thumbnailUrl\":\"https:\\\/\\\/lequotidien.mr\\\/wp-content\\\/uploads\\\/2023\\\/06\\\/ADG-SNIM-600x470-1.jpg\",\"datePublished\":\"2023-06-30T13:26:40+00:00\",\"dateModified\":\"2023-06-30T13:32:36+00:00\",\"breadcrumb\":{\"@id\":\"https:\\\/\\\/lequotidien.mr\\\/?p=9520&lang=fr#breadcrumb\"},\"inLanguage\":\"ar\",\"potentialAction\":[{\"@type\":\"ReadAction\",\"target\":[\"https:\\\/\\\/lequotidien.mr\\\/?p=9520&lang=fr\"]}]},{\"@type\":\"ImageObject\",\"inLanguage\":\"ar\",\"@id\":\"https:\\\/\\\/lequotidien.mr\\\/?p=9520&lang=fr#primaryimage\",\"url\":\"https:\\\/\\\/lequotidien.mr\\\/wp-content\\\/uploads\\\/2023\\\/06\\\/ADG-SNIM-600x470-1.jpg\",\"contentUrl\":\"https:\\\/\\\/lequotidien.mr\\\/wp-content\\\/uploads\\\/2023\\\/06\\\/ADG-SNIM-600x470-1.jpg\",\"width\":600,\"height\":470},{\"@type\":\"BreadcrumbList\",\"@id\":\"https:\\\/\\\/lequotidien.mr\\\/?p=9520&lang=fr#breadcrumb\",\"itemListElement\":[{\"@type\":\"ListItem\",\"position\":1,\"name\":\"Home\",\"item\":\"https:\\\/\\\/lequotidien.mr\\\/\"},{\"@type\":\"ListItem\",\"position\":2,\"name\":\"La SNIM compte red\u00e9marrer elle-m\u00eame l&#8217;exploitation du gisement de fer de Fd\u00e9rick\"}]},{\"@type\":\"WebSite\",\"@id\":\"https:\\\/\\\/lequotidien.mr\\\/#website\",\"url\":\"https:\\\/\\\/lequotidien.mr\\\/\",\"name\":\"Le Quotidien de Nouakchott\",\"description\":\"\u0625\u062e\u0628\u0627\u0631\u064a\u0629 \u0645\u0633\u062a\u0642\u0644\u0629 \u0644\u0644\u0623\u0646\u0628\u0627\u0621 \u0627\u0644\u0639\u0627\u0645\u0629\",\"publisher\":{\"@id\":\"https:\\\/\\\/lequotidien.mr\\\/#organization\"},\"potentialAction\":[{\"@type\":\"SearchAction\",\"target\":{\"@type\":\"EntryPoint\",\"urlTemplate\":\"https:\\\/\\\/lequotidien.mr\\\/?s={search_term_string}\"},\"query-input\":{\"@type\":\"PropertyValueSpecification\",\"valueRequired\":true,\"valueName\":\"search_term_string\"}}],\"inLanguage\":\"ar\"},{\"@type\":\"Organization\",\"@id\":\"https:\\\/\\\/lequotidien.mr\\\/#organization\",\"name\":\"Le Quotidien de Nouakchott\",\"url\":\"https:\\\/\\\/lequotidien.mr\\\/\",\"logo\":{\"@type\":\"ImageObject\",\"inLanguage\":\"ar\",\"@id\":\"https:\\\/\\\/lequotidien.mr\\\/#\\\/schema\\\/logo\\\/image\\\/\",\"url\":\"https:\\\/\\\/lequotidien.mr\\\/wp-content\\\/uploads\\\/2022\\\/11\\\/logolequotidien.jpg\",\"contentUrl\":\"https:\\\/\\\/lequotidien.mr\\\/wp-content\\\/uploads\\\/2022\\\/11\\\/logolequotidien.jpg\",\"width\":290,\"height\":65,\"caption\":\"Le Quotidien de Nouakchott\"},\"image\":{\"@id\":\"https:\\\/\\\/lequotidien.mr\\\/#\\\/schema\\\/logo\\\/image\\\/\"},\"sameAs\":[\"https:\\\/\\\/web.facebook.com\\\/lequotidienmr\",\"https:\\\/\\\/x.com\\\/lequotidienmr\"]},{\"@type\":\"Person\",\"@id\":\"https:\\\/\\\/lequotidien.mr\\\/#\\\/schema\\\/person\\\/f90fcdaa970c60288de4ed2e64a56472\",\"name\":\"Le Quotidien\",\"image\":{\"@type\":\"ImageObject\",\"inLanguage\":\"ar\",\"@id\":\"https:\\\/\\\/secure.gravatar.com\\\/avatar\\\/374cb39a1a458a912465a93e5a3ce6546886fc3da809a1f10c63e4e8fcbca30f?s=96&d=mm&r=g\",\"url\":\"https:\\\/\\\/secure.gravatar.com\\\/avatar\\\/374cb39a1a458a912465a93e5a3ce6546886fc3da809a1f10c63e4e8fcbca30f?s=96&d=mm&r=g\",\"contentUrl\":\"https:\\\/\\\/secure.gravatar.com\\\/avatar\\\/374cb39a1a458a912465a93e5a3ce6546886fc3da809a1f10c63e4e8fcbca30f?s=96&d=mm&r=g\",\"caption\":\"Le Quotidien\"},\"sameAs\":[\"https:\\\/\\\/lequotidien.mr\\\/\"],\"url\":\"https:\\\/\\\/lequotidien.mr\\\/?author=4\"}]}<\/script>\n<!-- \/ Yoast SEO plugin. -->","yoast_head_json":{"title":"La SNIM compte red\u00e9marrer elle-m\u00eame l'exploitation du gisement de fer de Fd\u00e9rick - Le Quotidien de Nouakchott","robots":{"index":"index","follow":"follow","max-snippet":"max-snippet:-1","max-image-preview":"max-image-preview:large","max-video-preview":"max-video-preview:-1"},"canonical":"https:\/\/lequotidien.mr\/?p=9520&lang=fr","og_locale":"ar_AR","og_type":"article","og_title":"La SNIM compte red\u00e9marrer elle-m\u00eame l'exploitation du gisement de fer de Fd\u00e9rick - Le Quotidien de Nouakchott","og_description":"Dirig\u00e9e par Mohamed Vall Ould Tleimidi, la compagnie SNIM estime qu\u2019elle dispose d\u00e9sormais de moyens financiers suffisants pour exploiter elle-m\u00eame et \u00e0 moindre co\u00fbt les r\u00e9serves de fer importantes de la mine de Fd\u00e9rick. Par cons\u00e9quent son appel d&#8217;offres de d\u00e9cembre 2020\u00a0pour le terrassement de la mine est donc abandonn\u00e9. La mine de F&#8217;Derick est.....","og_url":"https:\/\/lequotidien.mr\/?p=9520&lang=fr","og_site_name":"Le Quotidien de Nouakchott","article_publisher":"https:\/\/web.facebook.com\/lequotidienmr","article_published_time":"2023-06-30T13:26:40+00:00","article_modified_time":"2023-06-30T13:32:36+00:00","og_image":[{"width":600,"height":470,"url":"https:\/\/lequotidien.mr\/wp-content\/uploads\/2023\/06\/ADG-SNIM-600x470-1.jpg","type":"image\/jpeg"}],"author":"Le Quotidien","twitter_card":"summary_large_image","twitter_creator":"@lequotidienmr","twitter_site":"@lequotidienmr","twitter_misc":{"\u0643\u064f\u062a\u0628 \u0628\u0648\u0627\u0633\u0637\u0629":"Le Quotidien","\u0648\u0642\u062a \u0627\u0644\u0642\u0631\u0627\u0621\u0629 \u0627\u0644\u0645\u064f\u0642\u062f\u0651\u0631":"\u062f\u0642\u064a\u0642\u062a\u0627\u0646"},"schema":{"@context":"https:\/\/schema.org","@graph":[{"@type":"Article","@id":"https:\/\/lequotidien.mr\/?p=9520&lang=fr#article","isPartOf":{"@id":"https:\/\/lequotidien.mr\/?p=9520&lang=fr"},"author":{"name":"Le Quotidien","@id":"https:\/\/lequotidien.mr\/#\/schema\/person\/f90fcdaa970c60288de4ed2e64a56472"},"headline":"La SNIM compte red\u00e9marrer elle-m\u00eame l&#8217;exploitation du gisement de fer de Fd\u00e9rick","datePublished":"2023-06-30T13:26:40+00:00","dateModified":"2023-06-30T13:32:36+00:00","mainEntityOfPage":{"@id":"https:\/\/lequotidien.mr\/?p=9520&lang=fr"},"wordCount":363,"commentCount":0,"publisher":{"@id":"https:\/\/lequotidien.mr\/#organization"},"image":{"@id":"https:\/\/lequotidien.mr\/?p=9520&lang=fr#primaryimage"},"thumbnailUrl":"https:\/\/lequotidien.mr\/wp-content\/uploads\/2023\/06\/ADG-SNIM-600x470-1.jpg","articleSection":["ACTUALIT\u00c9","Economie","Couverture sp\u00e9cilale"],"inLanguage":"ar","potentialAction":[{"@type":"CommentAction","name":"Comment","target":["https:\/\/lequotidien.mr\/?p=9520&lang=fr#respond"]}]},{"@type":"WebPage","@id":"https:\/\/lequotidien.mr\/?p=9520&lang=fr","url":"https:\/\/lequotidien.mr\/?p=9520&lang=fr","name":"La SNIM compte red\u00e9marrer elle-m\u00eame l'exploitation du gisement de fer de Fd\u00e9rick - Le Quotidien de Nouakchott","isPartOf":{"@id":"https:\/\/lequotidien.mr\/#website"},"primaryImageOfPage":{"@id":"https:\/\/lequotidien.mr\/?p=9520&lang=fr#primaryimage"},"image":{"@id":"https:\/\/lequotidien.mr\/?p=9520&lang=fr#primaryimage"},"thumbnailUrl":"https:\/\/lequotidien.mr\/wp-content\/uploads\/2023\/06\/ADG-SNIM-600x470-1.jpg","datePublished":"2023-06-30T13:26:40+00:00","dateModified":"2023-06-30T13:32:36+00:00","breadcrumb":{"@id":"https:\/\/lequotidien.mr\/?p=9520&lang=fr#breadcrumb"},"inLanguage":"ar","potentialAction":[{"@type":"ReadAction","target":["https:\/\/lequotidien.mr\/?p=9520&lang=fr"]}]},{"@type":"ImageObject","inLanguage":"ar","@id":"https:\/\/lequotidien.mr\/?p=9520&lang=fr#primaryimage","url":"https:\/\/lequotidien.mr\/wp-content\/uploads\/2023\/06\/ADG-SNIM-600x470-1.jpg","contentUrl":"https:\/\/lequotidien.mr\/wp-content\/uploads\/2023\/06\/ADG-SNIM-600x470-1.jpg","width":600,"height":470},{"@type":"BreadcrumbList","@id":"https:\/\/lequotidien.mr\/?p=9520&lang=fr#breadcrumb","itemListElement":[{"@type":"ListItem","position":1,"name":"Home","item":"https:\/\/lequotidien.mr\/"},{"@type":"ListItem","position":2,"name":"La SNIM compte red\u00e9marrer elle-m\u00eame l&#8217;exploitation du gisement de fer de Fd\u00e9rick"}]},{"@type":"WebSite","@id":"https:\/\/lequotidien.mr\/#website","url":"https:\/\/lequotidien.mr\/","name":"Le Quotidien de Nouakchott","description":"\u0625\u062e\u0628\u0627\u0631\u064a\u0629 \u0645\u0633\u062a\u0642\u0644\u0629 \u0644\u0644\u0623\u0646\u0628\u0627\u0621 \u0627\u0644\u0639\u0627\u0645\u0629","publisher":{"@id":"https:\/\/lequotidien.mr\/#organization"},"potentialAction":[{"@type":"SearchAction","target":{"@type":"EntryPoint","urlTemplate":"https:\/\/lequotidien.mr\/?s={search_term_string}"},"query-input":{"@type":"PropertyValueSpecification","valueRequired":true,"valueName":"search_term_string"}}],"inLanguage":"ar"},{"@type":"Organization","@id":"https:\/\/lequotidien.mr\/#organization","name":"Le Quotidien de Nouakchott","url":"https:\/\/lequotidien.mr\/","logo":{"@type":"ImageObject","inLanguage":"ar","@id":"https:\/\/lequotidien.mr\/#\/schema\/logo\/image\/","url":"https:\/\/lequotidien.mr\/wp-content\/uploads\/2022\/11\/logolequotidien.jpg","contentUrl":"https:\/\/lequotidien.mr\/wp-content\/uploads\/2022\/11\/logolequotidien.jpg","width":290,"height":65,"caption":"Le Quotidien de Nouakchott"},"image":{"@id":"https:\/\/lequotidien.mr\/#\/schema\/logo\/image\/"},"sameAs":["https:\/\/web.facebook.com\/lequotidienmr","https:\/\/x.com\/lequotidienmr"]},{"@type":"Person","@id":"https:\/\/lequotidien.mr\/#\/schema\/person\/f90fcdaa970c60288de4ed2e64a56472","name":"Le Quotidien","image":{"@type":"ImageObject","inLanguage":"ar","@id":"https:\/\/secure.gravatar.com\/avatar\/374cb39a1a458a912465a93e5a3ce6546886fc3da809a1f10c63e4e8fcbca30f?s=96&d=mm&r=g","url":"https:\/\/secure.gravatar.com\/avatar\/374cb39a1a458a912465a93e5a3ce6546886fc3da809a1f10c63e4e8fcbca30f?s=96&d=mm&r=g","contentUrl":"https:\/\/secure.gravatar.com\/avatar\/374cb39a1a458a912465a93e5a3ce6546886fc3da809a1f10c63e4e8fcbca30f?s=96&d=mm&r=g","caption":"Le Quotidien"},"sameAs":["https:\/\/lequotidien.mr\/"],"url":"https:\/\/lequotidien.mr\/?author=4"}]}},"_links":{"self":[{"href":"https:\/\/lequotidien.mr\/index.php?rest_route=\/wp\/v2\/posts\/9520","targetHints":{"allow":["GET"]}}],"collection":[{"href":"https:\/\/lequotidien.mr\/index.php?rest_route=\/wp\/v2\/posts"}],"about":[{"href":"https:\/\/lequotidien.mr\/index.php?rest_route=\/wp\/v2\/types\/post"}],"author":[{"embeddable":true,"href":"https:\/\/lequotidien.mr\/index.php?rest_route=\/wp\/v2\/users\/4"}],"replies":[{"embeddable":true,"href":"https:\/\/lequotidien.mr\/index.php?rest_route=%2Fwp%2Fv2%2Fcomments&post=9520"}],"version-history":[{"count":1,"href":"https:\/\/lequotidien.mr\/index.php?rest_route=\/wp\/v2\/posts\/9520\/revisions"}],"predecessor-version":[{"id":9522,"href":"https:\/\/lequotidien.mr\/index.php?rest_route=\/wp\/v2\/posts\/9520\/revisions\/9522"}],"wp:featuredmedia":[{"embeddable":true,"href":"https:\/\/lequotidien.mr\/index.php?rest_route=\/wp\/v2\/media\/9521"}],"wp:attachment":[{"href":"https:\/\/lequotidien.mr\/index.php?rest_route=%2Fwp%2Fv2%2Fmedia&parent=9520"}],"wp:term":[{"taxonomy":"category","embeddable":true,"href":"https:\/\/lequotidien.mr\/index.php?rest_route=%2Fwp%2Fv2%2Fcategories&post=9520"},{"taxonomy":"post_tag","embeddable":true,"href":"https:\/\/lequotidien.mr\/index.php?rest_route=%2Fwp%2Fv2%2Ftags&post=9520"}],"curies":[{"name":"wp","href":"https:\/\/api.w.org\/{rel}","templated":true}]}}