{"id":9462,"date":"2023-06-27T10:25:39","date_gmt":"2023-06-27T10:25:39","guid":{"rendered":"https:\/\/lequotidien.mr\/?p=9462"},"modified":"2023-06-27T10:26:38","modified_gmt":"2023-06-27T10:26:38","slug":"ci-dessous-lintegralite-du-communique-du-conseil-des-ministres-le-conseil-a-examine-et-approuve-un-projet-de-loi-portant-loi-de-finances-rectificative-pour-lannee-2023-le-pr","status":"publish","type":"post","link":"https:\/\/lequotidien.mr\/?p=9462&lang=fr","title":{"rendered":"Le gouvernement : le d\u00e9ficit budg\u00e9taire de 2023 a atteint 10 milliards MRU"},"content":{"rendered":"<p>Le conseil des ministres mauritanien qui s\u2019est r\u00e9uni lundi a approuv\u00e9 un projet de loi portant loi des finances rectificative pour 2023 et a constat\u00e9 un d\u00e9ficit de pr\u00e8s de 10 milliards MRU.<\/p>\n<p>Il a par ailleurs approuv\u00e9 un ensemble de mesures dont notamment une modification du r\u00e9gime fiscal l\u2019introduction de l\u2019obligation de d\u00e9claration de l\u2019imp\u00f4t sur les soci\u00e9t\u00e9s (IS) pour les entreprises b\u00e9n\u00e9ficiant de r\u00e9gimes fiscaux d\u00e9rogatoires et le r\u00e9tablissement du taux de la Taxe sur la valeur ajout\u00e9e (TVA) sur les services de t\u00e9l\u00e9communications \u00e0 18% (contre 16% actuellement)<\/p>\n<p>&nbsp;<\/p>\n<p>Ci-dessous l\u2019int\u00e9gralit\u00e9 du communiqu\u00e9 du conseil des ministres :<\/p>\n<p>&nbsp;<\/p>\n<p>Le Conseil a examin\u00e9 et approuv\u00e9 un projet de loi portant Loi de Finances<\/p>\n<p>Rectificative pour l\u2019ann\u00e9e 2023.<\/p>\n<p>Le pr\u00e9sent Projet de Loi de Finances Rectificative (PLFR) pour l\u2019ann\u00e9e 2023 a pour objet la r\u00e9vision des pr\u00e9visions budg\u00e9taires de la Loi de Finances Initiale (LFI) pour 2023, pour tenir compte des mesures et engagements nouveaux de l\u2019Etat. Cette r\u00e9vision budg\u00e9taire a port\u00e9 sur :<\/p>\n<p>1- Au titre de la modification du r\u00e9gime fiscal, il est propos\u00e9 la modification des articles 59, 230 et 293 du Code g\u00e9n\u00e9ral des imp\u00f4ts, par respectivement :<\/p>\n<p>\u2010 L\u2019introduction de l\u2019obligation de d\u00e9claration de l\u2019imp\u00f4t sur les soci\u00e9t\u00e9s (IS) pour les entreprises b\u00e9n\u00e9ficiant de r\u00e9gimes fiscaux d\u00e9rogatoires ;<\/p>\n<p>\u2010 Le r\u00e9tablissement du taux de la Taxe sur la valeur ajout\u00e9e (TVA) sur les services de t\u00e9l\u00e9communications \u00e0 18% (contre 16% actuellement) ;<\/p>\n<p>\u2010 L\u2019institution d\u2019une taxe sp\u00e9ciale de 5% sur les services de t\u00e9l\u00e9communications, applicable sur le chiffre d\u2019affaires des entreprises redevables ;<\/p>\n<p>\u2010 L\u2019exon\u00e9ration de certains mat\u00e9riels, produits et intrants agricoles destin\u00e9s \u00e0 soutenir la production nationale.<\/p>\n<p>2- Au titre des d\u00e9penses, la prise en compte d\u2019importantes op\u00e9rations budg\u00e9taires dont :<\/p>\n<p>\u2010 La r\u00e9vision \u00e0 la hausse des charges de personnel, suite \u00e0 l\u2019augmentation des salaires d\u00e9cid\u00e9e par Son Excellence Monsieur le Pr\u00e9sident de la R\u00e9publique \u00e0 l\u2019occasion du 62\u00e8me anniversaire de l\u2019ind\u00e9pendance nationale ; cette augmentation est financ\u00e9e \u00e0 travers un gel de cr\u00e9dits ouverts au titre de la loi de finances initiale \u00e0 hauteur de 2,58 milliards MRU ;<\/p>\n<p>\u2010 La prise en charge de l\u2019incidence financi\u00e8re des nouveaux recrutements pr\u00e9vus au niveau de certains secteurs prioritaires (Sant\u00e9, \u00e9ducation, s\u00e9curit\u00e9, agriculture\u2026) ;<\/p>\n<p>Ce Projet de Loi de Finances Rectificative enregistre une baisse de 4,54% (-5,06 milliards MRU), pour s\u2019\u00e9tablir \u00e0 106,36 milliards MRU en d\u00e9penses et en recettes, contre 111,42 milliards MRU dans la loi de finances initiale. Il d\u00e9gage un d\u00e9ficit budg\u00e9taire global (dons compris) de 10,84 milliards MRU (3,3% du PIB non extractif), contre 9,42 milliards MRU (2,8% du PIB non extractif) pour la loi de finances initiale.<\/p>\n<p>Ce d\u00e9ficit sera financ\u00e9 enti\u00e8rement sur fonds propres de l\u2019Etat sans recours \u00e0 l\u2019endettement ext\u00e9rieur.<\/p>\n","protected":false},"excerpt":{"rendered":"<p>Le conseil des ministres mauritanien qui s\u2019est r\u00e9uni lundi a approuv\u00e9 un projet de loi portant loi des finances rectificative pour 2023 et a constat\u00e9 un d\u00e9ficit de pr\u00e8s de 10 milliards MRU. Il a par ailleurs approuv\u00e9 un ensemble de mesures dont notamment une modification du r\u00e9gime fiscal l\u2019introduction de l\u2019obligation de d\u00e9claration de&#8230;..<\/p>\n","protected":false},"author":3,"featured_media":9463,"comment_status":"open","ping_status":"open","sticky":false,"template":"","format":"standard","meta":{"footnotes":""},"categories":[23,49],"tags":[],"class_list":["post-9462","post","type-post","status-publish","format-standard","has-post-thumbnail","hentry","category-actualite","category-economie"],"yoast_head":"<!-- This site is optimized with the Yoast SEO plugin v27.5 - https:\/\/yoast.com\/product\/yoast-seo-wordpress\/ -->\n<title>Le gouvernement : le d\u00e9ficit budg\u00e9taire de 2023 a atteint 10 milliards MRU - Le Quotidien de Nouakchott<\/title>\n<meta name=\"robots\" content=\"index, follow, max-snippet:-1, max-image-preview:large, max-video-preview:-1\" \/>\n<link rel=\"canonical\" href=\"https:\/\/lequotidien.mr\/?p=9462&lang=fr\" \/>\n<meta property=\"og:locale\" content=\"ar_AR\" \/>\n<meta property=\"og:type\" content=\"article\" \/>\n<meta property=\"og:title\" content=\"Le gouvernement : le d\u00e9ficit budg\u00e9taire de 2023 a atteint 10 milliards MRU - Le Quotidien de Nouakchott\" \/>\n<meta property=\"og:description\" content=\"Le conseil des ministres mauritanien qui s\u2019est r\u00e9uni lundi a approuv\u00e9 un projet de loi portant loi des finances rectificative pour 2023 et a constat\u00e9 un d\u00e9ficit de pr\u00e8s de 10 milliards MRU. Il a par ailleurs approuv\u00e9 un ensemble de mesures dont notamment une modification du r\u00e9gime fiscal l\u2019introduction de l\u2019obligation de d\u00e9claration de.....\" \/>\n<meta property=\"og:url\" content=\"https:\/\/lequotidien.mr\/?p=9462&amp;lang=fr\" \/>\n<meta property=\"og:site_name\" content=\"Le Quotidien de Nouakchott\" \/>\n<meta property=\"article:publisher\" content=\"https:\/\/web.facebook.com\/lequotidienmr\" \/>\n<meta property=\"article:author\" content=\"https:\/\/web.facebook.com\/a.mleiwih\" \/>\n<meta property=\"article:published_time\" content=\"2023-06-27T10:25:39+00:00\" \/>\n<meta property=\"article:modified_time\" content=\"2023-06-27T10:26:38+00:00\" \/>\n<meta property=\"og:image\" content=\"https:\/\/lequotidien.mr\/wp-content\/uploads\/2023\/06\/deficit-780x470-1.webp\" \/>\n\t<meta property=\"og:image:width\" content=\"780\" \/>\n\t<meta property=\"og:image:height\" content=\"470\" \/>\n\t<meta property=\"og:image:type\" content=\"image\/webp\" \/>\n<meta name=\"author\" content=\"Alioun M&#039;leiwih\" \/>\n<meta name=\"twitter:card\" content=\"summary_large_image\" \/>\n<meta name=\"twitter:creator\" content=\"@lequotidienmr\" \/>\n<meta name=\"twitter:site\" content=\"@lequotidienmr\" \/>\n<meta name=\"twitter:label1\" content=\"\u0643\u064f\u062a\u0628 \u0628\u0648\u0627\u0633\u0637\u0629\" \/>\n\t<meta name=\"twitter:data1\" content=\"Alioun M&#039;leiwih\" \/>\n\t<meta name=\"twitter:label2\" content=\"\u0648\u0642\u062a \u0627\u0644\u0642\u0631\u0627\u0621\u0629 \u0627\u0644\u0645\u064f\u0642\u062f\u0651\u0631\" \/>\n\t<meta name=\"twitter:data2\" content=\"\u062f\u0642\u064a\u0642\u062a\u0627\u0646\" \/>\n<script type=\"application\/ld+json\" class=\"yoast-schema-graph\">{\"@context\":\"https:\\\/\\\/schema.org\",\"@graph\":[{\"@type\":\"Article\",\"@id\":\"https:\\\/\\\/lequotidien.mr\\\/?p=9462&lang=fr#article\",\"isPartOf\":{\"@id\":\"https:\\\/\\\/lequotidien.mr\\\/?p=9462&lang=fr\"},\"author\":{\"name\":\"Alioun M'leiwih\",\"@id\":\"https:\\\/\\\/lequotidien.mr\\\/#\\\/schema\\\/person\\\/69d1518c74c9137087929a20b1272cb0\"},\"headline\":\"Le gouvernement : le d\u00e9ficit budg\u00e9taire de 2023 a atteint 10 milliards MRU\",\"datePublished\":\"2023-06-27T10:25:39+00:00\",\"dateModified\":\"2023-06-27T10:26:38+00:00\",\"mainEntityOfPage\":{\"@id\":\"https:\\\/\\\/lequotidien.mr\\\/?p=9462&lang=fr\"},\"wordCount\":511,\"commentCount\":0,\"publisher\":{\"@id\":\"https:\\\/\\\/lequotidien.mr\\\/#organization\"},\"image\":{\"@id\":\"https:\\\/\\\/lequotidien.mr\\\/?p=9462&lang=fr#primaryimage\"},\"thumbnailUrl\":\"https:\\\/\\\/lequotidien.mr\\\/wp-content\\\/uploads\\\/2023\\\/06\\\/deficit-780x470-1.webp\",\"articleSection\":[\"ACTUALIT\u00c9\",\"Economie\"],\"inLanguage\":\"ar\",\"potentialAction\":[{\"@type\":\"CommentAction\",\"name\":\"Comment\",\"target\":[\"https:\\\/\\\/lequotidien.mr\\\/?p=9462&lang=fr#respond\"]}]},{\"@type\":\"WebPage\",\"@id\":\"https:\\\/\\\/lequotidien.mr\\\/?p=9462&lang=fr\",\"url\":\"https:\\\/\\\/lequotidien.mr\\\/?p=9462&lang=fr\",\"name\":\"Le gouvernement : le d\u00e9ficit budg\u00e9taire de 2023 a atteint 10 milliards MRU - Le Quotidien de Nouakchott\",\"isPartOf\":{\"@id\":\"https:\\\/\\\/lequotidien.mr\\\/#website\"},\"primaryImageOfPage\":{\"@id\":\"https:\\\/\\\/lequotidien.mr\\\/?p=9462&lang=fr#primaryimage\"},\"image\":{\"@id\":\"https:\\\/\\\/lequotidien.mr\\\/?p=9462&lang=fr#primaryimage\"},\"thumbnailUrl\":\"https:\\\/\\\/lequotidien.mr\\\/wp-content\\\/uploads\\\/2023\\\/06\\\/deficit-780x470-1.webp\",\"datePublished\":\"2023-06-27T10:25:39+00:00\",\"dateModified\":\"2023-06-27T10:26:38+00:00\",\"breadcrumb\":{\"@id\":\"https:\\\/\\\/lequotidien.mr\\\/?p=9462&lang=fr#breadcrumb\"},\"inLanguage\":\"ar\",\"potentialAction\":[{\"@type\":\"ReadAction\",\"target\":[\"https:\\\/\\\/lequotidien.mr\\\/?p=9462&lang=fr\"]}]},{\"@type\":\"ImageObject\",\"inLanguage\":\"ar\",\"@id\":\"https:\\\/\\\/lequotidien.mr\\\/?p=9462&lang=fr#primaryimage\",\"url\":\"https:\\\/\\\/lequotidien.mr\\\/wp-content\\\/uploads\\\/2023\\\/06\\\/deficit-780x470-1.webp\",\"contentUrl\":\"https:\\\/\\\/lequotidien.mr\\\/wp-content\\\/uploads\\\/2023\\\/06\\\/deficit-780x470-1.webp\",\"width\":780,\"height\":470},{\"@type\":\"BreadcrumbList\",\"@id\":\"https:\\\/\\\/lequotidien.mr\\\/?p=9462&lang=fr#breadcrumb\",\"itemListElement\":[{\"@type\":\"ListItem\",\"position\":1,\"name\":\"Home\",\"item\":\"https:\\\/\\\/lequotidien.mr\\\/\"},{\"@type\":\"ListItem\",\"position\":2,\"name\":\"Le gouvernement : le d\u00e9ficit budg\u00e9taire de 2023 a atteint 10 milliards MRU\"}]},{\"@type\":\"WebSite\",\"@id\":\"https:\\\/\\\/lequotidien.mr\\\/#website\",\"url\":\"https:\\\/\\\/lequotidien.mr\\\/\",\"name\":\"Le Quotidien de Nouakchott\",\"description\":\"\u0625\u062e\u0628\u0627\u0631\u064a\u0629 \u0645\u0633\u062a\u0642\u0644\u0629 \u0644\u0644\u0623\u0646\u0628\u0627\u0621 \u0627\u0644\u0639\u0627\u0645\u0629\",\"publisher\":{\"@id\":\"https:\\\/\\\/lequotidien.mr\\\/#organization\"},\"potentialAction\":[{\"@type\":\"SearchAction\",\"target\":{\"@type\":\"EntryPoint\",\"urlTemplate\":\"https:\\\/\\\/lequotidien.mr\\\/?s={search_term_string}\"},\"query-input\":{\"@type\":\"PropertyValueSpecification\",\"valueRequired\":true,\"valueName\":\"search_term_string\"}}],\"inLanguage\":\"ar\"},{\"@type\":\"Organization\",\"@id\":\"https:\\\/\\\/lequotidien.mr\\\/#organization\",\"name\":\"Le Quotidien de Nouakchott\",\"url\":\"https:\\\/\\\/lequotidien.mr\\\/\",\"logo\":{\"@type\":\"ImageObject\",\"inLanguage\":\"ar\",\"@id\":\"https:\\\/\\\/lequotidien.mr\\\/#\\\/schema\\\/logo\\\/image\\\/\",\"url\":\"https:\\\/\\\/lequotidien.mr\\\/wp-content\\\/uploads\\\/2022\\\/11\\\/logolequotidien.jpg\",\"contentUrl\":\"https:\\\/\\\/lequotidien.mr\\\/wp-content\\\/uploads\\\/2022\\\/11\\\/logolequotidien.jpg\",\"width\":290,\"height\":65,\"caption\":\"Le Quotidien de Nouakchott\"},\"image\":{\"@id\":\"https:\\\/\\\/lequotidien.mr\\\/#\\\/schema\\\/logo\\\/image\\\/\"},\"sameAs\":[\"https:\\\/\\\/web.facebook.com\\\/lequotidienmr\",\"https:\\\/\\\/x.com\\\/lequotidienmr\"]},{\"@type\":\"Person\",\"@id\":\"https:\\\/\\\/lequotidien.mr\\\/#\\\/schema\\\/person\\\/69d1518c74c9137087929a20b1272cb0\",\"name\":\"Alioun M'leiwih\",\"image\":{\"@type\":\"ImageObject\",\"inLanguage\":\"ar\",\"@id\":\"https:\\\/\\\/secure.gravatar.com\\\/avatar\\\/01f9d357222d7d4ca8f71662f4b081718f06d25b11fc45662ecca0622d507e51?s=96&d=mm&r=g\",\"url\":\"https:\\\/\\\/secure.gravatar.com\\\/avatar\\\/01f9d357222d7d4ca8f71662f4b081718f06d25b11fc45662ecca0622d507e51?s=96&d=mm&r=g\",\"contentUrl\":\"https:\\\/\\\/secure.gravatar.com\\\/avatar\\\/01f9d357222d7d4ca8f71662f4b081718f06d25b11fc45662ecca0622d507e51?s=96&d=mm&r=g\",\"caption\":\"Alioun M'leiwih\"},\"sameAs\":[\"https:\\\/\\\/lequotidien.mr\\\/\",\"https:\\\/\\\/web.facebook.com\\\/a.mleiwih\",\"https:\\\/\\\/www.linkedin.com\\\/in\\\/alimlewih\\\/\"],\"url\":\"https:\\\/\\\/lequotidien.mr\\\/?author=3\"}]}<\/script>\n<!-- \/ Yoast SEO plugin. -->","yoast_head_json":{"title":"Le gouvernement : le d\u00e9ficit budg\u00e9taire de 2023 a atteint 10 milliards MRU - Le Quotidien de Nouakchott","robots":{"index":"index","follow":"follow","max-snippet":"max-snippet:-1","max-image-preview":"max-image-preview:large","max-video-preview":"max-video-preview:-1"},"canonical":"https:\/\/lequotidien.mr\/?p=9462&lang=fr","og_locale":"ar_AR","og_type":"article","og_title":"Le gouvernement : le d\u00e9ficit budg\u00e9taire de 2023 a atteint 10 milliards MRU - Le Quotidien de Nouakchott","og_description":"Le conseil des ministres mauritanien qui s\u2019est r\u00e9uni lundi a approuv\u00e9 un projet de loi portant loi des finances rectificative pour 2023 et a constat\u00e9 un d\u00e9ficit de pr\u00e8s de 10 milliards MRU. Il a par ailleurs approuv\u00e9 un ensemble de mesures dont notamment une modification du r\u00e9gime fiscal l\u2019introduction de l\u2019obligation de d\u00e9claration de.....","og_url":"https:\/\/lequotidien.mr\/?p=9462&lang=fr","og_site_name":"Le Quotidien de Nouakchott","article_publisher":"https:\/\/web.facebook.com\/lequotidienmr","article_author":"https:\/\/web.facebook.com\/a.mleiwih","article_published_time":"2023-06-27T10:25:39+00:00","article_modified_time":"2023-06-27T10:26:38+00:00","og_image":[{"width":780,"height":470,"url":"https:\/\/lequotidien.mr\/wp-content\/uploads\/2023\/06\/deficit-780x470-1.webp","type":"image\/webp"}],"author":"Alioun M'leiwih","twitter_card":"summary_large_image","twitter_creator":"@lequotidienmr","twitter_site":"@lequotidienmr","twitter_misc":{"\u0643\u064f\u062a\u0628 \u0628\u0648\u0627\u0633\u0637\u0629":"Alioun M'leiwih","\u0648\u0642\u062a \u0627\u0644\u0642\u0631\u0627\u0621\u0629 \u0627\u0644\u0645\u064f\u0642\u062f\u0651\u0631":"\u062f\u0642\u064a\u0642\u062a\u0627\u0646"},"schema":{"@context":"https:\/\/schema.org","@graph":[{"@type":"Article","@id":"https:\/\/lequotidien.mr\/?p=9462&lang=fr#article","isPartOf":{"@id":"https:\/\/lequotidien.mr\/?p=9462&lang=fr"},"author":{"name":"Alioun M'leiwih","@id":"https:\/\/lequotidien.mr\/#\/schema\/person\/69d1518c74c9137087929a20b1272cb0"},"headline":"Le gouvernement : le d\u00e9ficit budg\u00e9taire de 2023 a atteint 10 milliards MRU","datePublished":"2023-06-27T10:25:39+00:00","dateModified":"2023-06-27T10:26:38+00:00","mainEntityOfPage":{"@id":"https:\/\/lequotidien.mr\/?p=9462&lang=fr"},"wordCount":511,"commentCount":0,"publisher":{"@id":"https:\/\/lequotidien.mr\/#organization"},"image":{"@id":"https:\/\/lequotidien.mr\/?p=9462&lang=fr#primaryimage"},"thumbnailUrl":"https:\/\/lequotidien.mr\/wp-content\/uploads\/2023\/06\/deficit-780x470-1.webp","articleSection":["ACTUALIT\u00c9","Economie"],"inLanguage":"ar","potentialAction":[{"@type":"CommentAction","name":"Comment","target":["https:\/\/lequotidien.mr\/?p=9462&lang=fr#respond"]}]},{"@type":"WebPage","@id":"https:\/\/lequotidien.mr\/?p=9462&lang=fr","url":"https:\/\/lequotidien.mr\/?p=9462&lang=fr","name":"Le gouvernement : le d\u00e9ficit budg\u00e9taire de 2023 a atteint 10 milliards MRU - Le Quotidien de Nouakchott","isPartOf":{"@id":"https:\/\/lequotidien.mr\/#website"},"primaryImageOfPage":{"@id":"https:\/\/lequotidien.mr\/?p=9462&lang=fr#primaryimage"},"image":{"@id":"https:\/\/lequotidien.mr\/?p=9462&lang=fr#primaryimage"},"thumbnailUrl":"https:\/\/lequotidien.mr\/wp-content\/uploads\/2023\/06\/deficit-780x470-1.webp","datePublished":"2023-06-27T10:25:39+00:00","dateModified":"2023-06-27T10:26:38+00:00","breadcrumb":{"@id":"https:\/\/lequotidien.mr\/?p=9462&lang=fr#breadcrumb"},"inLanguage":"ar","potentialAction":[{"@type":"ReadAction","target":["https:\/\/lequotidien.mr\/?p=9462&lang=fr"]}]},{"@type":"ImageObject","inLanguage":"ar","@id":"https:\/\/lequotidien.mr\/?p=9462&lang=fr#primaryimage","url":"https:\/\/lequotidien.mr\/wp-content\/uploads\/2023\/06\/deficit-780x470-1.webp","contentUrl":"https:\/\/lequotidien.mr\/wp-content\/uploads\/2023\/06\/deficit-780x470-1.webp","width":780,"height":470},{"@type":"BreadcrumbList","@id":"https:\/\/lequotidien.mr\/?p=9462&lang=fr#breadcrumb","itemListElement":[{"@type":"ListItem","position":1,"name":"Home","item":"https:\/\/lequotidien.mr\/"},{"@type":"ListItem","position":2,"name":"Le gouvernement : le d\u00e9ficit budg\u00e9taire de 2023 a atteint 10 milliards MRU"}]},{"@type":"WebSite","@id":"https:\/\/lequotidien.mr\/#website","url":"https:\/\/lequotidien.mr\/","name":"Le Quotidien de Nouakchott","description":"\u0625\u062e\u0628\u0627\u0631\u064a\u0629 \u0645\u0633\u062a\u0642\u0644\u0629 \u0644\u0644\u0623\u0646\u0628\u0627\u0621 \u0627\u0644\u0639\u0627\u0645\u0629","publisher":{"@id":"https:\/\/lequotidien.mr\/#organization"},"potentialAction":[{"@type":"SearchAction","target":{"@type":"EntryPoint","urlTemplate":"https:\/\/lequotidien.mr\/?s={search_term_string}"},"query-input":{"@type":"PropertyValueSpecification","valueRequired":true,"valueName":"search_term_string"}}],"inLanguage":"ar"},{"@type":"Organization","@id":"https:\/\/lequotidien.mr\/#organization","name":"Le Quotidien de Nouakchott","url":"https:\/\/lequotidien.mr\/","logo":{"@type":"ImageObject","inLanguage":"ar","@id":"https:\/\/lequotidien.mr\/#\/schema\/logo\/image\/","url":"https:\/\/lequotidien.mr\/wp-content\/uploads\/2022\/11\/logolequotidien.jpg","contentUrl":"https:\/\/lequotidien.mr\/wp-content\/uploads\/2022\/11\/logolequotidien.jpg","width":290,"height":65,"caption":"Le Quotidien de Nouakchott"},"image":{"@id":"https:\/\/lequotidien.mr\/#\/schema\/logo\/image\/"},"sameAs":["https:\/\/web.facebook.com\/lequotidienmr","https:\/\/x.com\/lequotidienmr"]},{"@type":"Person","@id":"https:\/\/lequotidien.mr\/#\/schema\/person\/69d1518c74c9137087929a20b1272cb0","name":"Alioun M'leiwih","image":{"@type":"ImageObject","inLanguage":"ar","@id":"https:\/\/secure.gravatar.com\/avatar\/01f9d357222d7d4ca8f71662f4b081718f06d25b11fc45662ecca0622d507e51?s=96&d=mm&r=g","url":"https:\/\/secure.gravatar.com\/avatar\/01f9d357222d7d4ca8f71662f4b081718f06d25b11fc45662ecca0622d507e51?s=96&d=mm&r=g","contentUrl":"https:\/\/secure.gravatar.com\/avatar\/01f9d357222d7d4ca8f71662f4b081718f06d25b11fc45662ecca0622d507e51?s=96&d=mm&r=g","caption":"Alioun M'leiwih"},"sameAs":["https:\/\/lequotidien.mr\/","https:\/\/web.facebook.com\/a.mleiwih","https:\/\/www.linkedin.com\/in\/alimlewih\/"],"url":"https:\/\/lequotidien.mr\/?author=3"}]}},"_links":{"self":[{"href":"https:\/\/lequotidien.mr\/index.php?rest_route=\/wp\/v2\/posts\/9462","targetHints":{"allow":["GET"]}}],"collection":[{"href":"https:\/\/lequotidien.mr\/index.php?rest_route=\/wp\/v2\/posts"}],"about":[{"href":"https:\/\/lequotidien.mr\/index.php?rest_route=\/wp\/v2\/types\/post"}],"author":[{"embeddable":true,"href":"https:\/\/lequotidien.mr\/index.php?rest_route=\/wp\/v2\/users\/3"}],"replies":[{"embeddable":true,"href":"https:\/\/lequotidien.mr\/index.php?rest_route=%2Fwp%2Fv2%2Fcomments&post=9462"}],"version-history":[{"count":2,"href":"https:\/\/lequotidien.mr\/index.php?rest_route=\/wp\/v2\/posts\/9462\/revisions"}],"predecessor-version":[{"id":9465,"href":"https:\/\/lequotidien.mr\/index.php?rest_route=\/wp\/v2\/posts\/9462\/revisions\/9465"}],"wp:featuredmedia":[{"embeddable":true,"href":"https:\/\/lequotidien.mr\/index.php?rest_route=\/wp\/v2\/media\/9463"}],"wp:attachment":[{"href":"https:\/\/lequotidien.mr\/index.php?rest_route=%2Fwp%2Fv2%2Fmedia&parent=9462"}],"wp:term":[{"taxonomy":"category","embeddable":true,"href":"https:\/\/lequotidien.mr\/index.php?rest_route=%2Fwp%2Fv2%2Fcategories&post=9462"},{"taxonomy":"post_tag","embeddable":true,"href":"https:\/\/lequotidien.mr\/index.php?rest_route=%2Fwp%2Fv2%2Ftags&post=9462"}],"curies":[{"name":"wp","href":"https:\/\/api.w.org\/{rel}","templated":true}]}}