{"id":9328,"date":"2023-06-22T13:37:30","date_gmt":"2023-06-22T13:37:30","guid":{"rendered":"https:\/\/lequotidien.mr\/?p=9328"},"modified":"2023-06-22T13:37:30","modified_gmt":"2023-06-22T13:37:30","slug":"le-president-ghazouani-prend-part-au-sommet-pour-un-nouveau-pacte-financier-mondial","status":"publish","type":"post","link":"https:\/\/lequotidien.mr\/?p=9328&lang=fr","title":{"rendered":"Le pr\u00e9sident Ghazouani prend part au sommet pour un nouveau pacte financier mondial"},"content":{"rendered":"<p>Un sommet historique intitul\u00e9 &#8220;Pour un nouveau pacte financier mondial&#8221; s&#8217;est ouvert ce jeudi au Palais Brongniart \u00e0 Paris, sous la pr\u00e9sidence d&#8217;Emmanuel Macron et avec la participation du Pr\u00e9sident de la R\u00e9publique, M. Mohamed Ould Cheikh El-Ghazouani. Cette r\u00e9union de haut niveau, appel\u00e9e par le Pr\u00e9sident Macron et la pr\u00e9sidente des Barbade\u00a0\u00a0lors de la COP27, vise \u00e0 renforcer la r\u00e9silience des pays les plus vuln\u00e9rables face aux chocs \u00e9conomiques et aux impacts du changement climatique.<\/p>\n<p>\u00c0 son arriv\u00e9e, Son Excellence le Pr\u00e9sident de la R\u00e9publique a \u00e9t\u00e9 chaleureusement accueilli par la Ministre fran\u00e7aise des Affaires \u00e9trang\u00e8res et europ\u00e9ennes, Mme Catherine Colonna.<\/p>\n<p>Le sommet r\u00e9unit une quarantaine de chefs d&#8217;\u00c9tat et de gouvernement, ainsi que des responsables de grandes organisations internationales, des repr\u00e9sentants d&#8217;institutions financi\u00e8res internationales, du secteur priv\u00e9 et de la soci\u00e9t\u00e9 civile. Cette diversit\u00e9 de participants souligne l&#8217;importance accord\u00e9e \u00e0 cette initiative mondiale.<\/p>\n<p>Les discussions porteront sur des questions cruciales li\u00e9es \u00e0 l&#8217;\u00e9laboration d&#8217;un nouveau pacte financier mondial qui r\u00e9pondra de mani\u00e8re \u00e9quitable aux d\u00e9fis environnementaux, sanitaires et \u00e0 leurs diverses r\u00e9percussions, en particulier sur les pays du Sud. L&#8217;objectif est de lutter contre les in\u00e9galit\u00e9s, de financer la transition climatique et de rapprocher la r\u00e9alisation des objectifs de d\u00e9veloppement durable.<\/p>\n<p>Ce sommet repr\u00e9sente une opportunit\u00e9 pr\u00e9cieuse de construire un consensus mondial en faveur d&#8217;un syst\u00e8me financier international plus solidaire, plus r\u00e9actif et plus \u00e9quitable. Il rompt ainsi avec les r\u00e9ponses fragment\u00e9es, partielles et insuffisantes apport\u00e9es jusqu&#8217;\u00e0 pr\u00e9sent par la communaut\u00e9 internationale. L&#8217;objectif ultime est de tracer la voie vers une \u00e9conomie mondiale plus juste et durable.<\/p>\n<p>Dans le m\u00eame temps, la n\u00e9cessit\u00e9 de financer la transition \u00e9cologique et de r\u00e9pondre \u00e0 l&#8217;urgence climatique est devenue une priorit\u00e9 majeure. C&#8217;est pourquoi ce sommet rev\u00eat une importance capitale, offrant une plateforme pour discuter de mesures concr\u00e8tes visant \u00e0 soutenir les pays en d\u00e9veloppement dans leur lutte contre les canicules, les s\u00e9cheresses, les inondations, ainsi que pour sortir de la pauvret\u00e9 tout en pr\u00e9servant la nature et en se d\u00e9tachant des \u00e9nergies fossiles.<\/p>\n<p>Emmanuel Macron, en tant qu&#8217;h\u00f4te de ce sommet pour un nouveau pacte financier, a exprim\u00e9 sa conviction quant \u00e0 l&#8217;impact potentiellement \u00e9norme de cette initiative sur la plan\u00e8te et la lutte contre la pauvret\u00e9. Une conseill\u00e8re du pr\u00e9sident fran\u00e7ais a \u00e9galement soulign\u00e9 que la r\u00e9union devrait d\u00e9boucher sur une feuille de route plut\u00f4t que sur des d\u00e9cisions concr\u00e8tes.<\/p>\n<p>La pr\u00e9sence des invit\u00e9s de renom, tels que le Secr\u00e9taire g\u00e9n\u00e9ral de l&#8217;ONU Antonio Guterres, le pr\u00e9sident br\u00e9silien Lula, le chancelier allemand Olaf Scholz et la secr\u00e9taire am\u00e9ricaine au Tr\u00e9sor Janet Yellen, apporte une influence consid\u00e9rable aux travaux qui se d\u00e9roulent au Palais Brongniart, dans le centre de Paris. Janet Yellen devrait souligner lors d&#8217;une conf\u00e9rence de presse que les \u00c9tats-Unis continueront de faire pression pour la participation pleine et rapide de tous les cr\u00e9anciers bilat\u00e9raux aux n\u00e9gociations sur la dette, conform\u00e9ment au texte de son discours pr\u00e9par\u00e9 en amont.<\/p>\n<p>La participation internationale est \u00e9galement marqu\u00e9e par la pr\u00e9sence de la Chine, repr\u00e9sent\u00e9e par son Premier ministre Li Qiang, et de l&#8217;Arabie saoudite, repr\u00e9sent\u00e9e par le prince h\u00e9ritier Mohammed ben Salmane. Le pr\u00e9sident k\u00e9nyan, William Ruto, ainsi qu&#8217;une vingtaine de dirigeants africains, ont \u00e9galement fait le d\u00e9placement. Plusieurs dirigeants africains ont r\u00e9cemment exprim\u00e9 leur pr\u00e9occupation face \u00e0 l&#8217;insuffisance de l&#8217;aide des pays riches, notamment dans leur soutien \u00e0 l&#8217;Ukraine en guerre.<\/p>\n<p>Ce sommet, par son envergure et sa composition diversifi\u00e9e, constitue une occasion unique de mobiliser les acteurs mondiaux autour de l&#8217;objectif commun de financer la transition \u00e9cologique, de faire face \u00e0 l&#8217;urgence climatique et de r\u00e9former le syst\u00e8me \u00e9conomique mondial. Il repr\u00e9sente un pas important vers la construction d&#8217;un consensus international pour un syst\u00e8me financier plus solidaire, r\u00e9actif et \u00e9quitable, afin de relever les d\u00e9fis environnementaux et sanitaires tout en r\u00e9duisant les in\u00e9galit\u00e9s.<\/p>\n<p>En r\u00e9unissant des chefs d&#8217;\u00c9tat, des repr\u00e9sentants d&#8217;organisations internationales et des acteurs du secteur priv\u00e9 et de la soci\u00e9t\u00e9 civile, ce sommet cr\u00e9e une plateforme propice \u00e0 la collaboration et aux \u00e9changes d&#8217;id\u00e9es novatrices. Les d\u00e9cisions et engagements qui en \u00e9maneront joueront un r\u00f4le cl\u00e9 dans la transformation de notre \u00e9conomie mondiale vers un mod\u00e8le durable et r\u00e9silient.<\/p>\n<p>Le sommet &#8220;Pour un nouveau pacte financier mondial&#8221; souligne l&#8217;importance de mettre en place des m\u00e9canismes financiers efficaces et \u00e9quitables pour soutenir les pays en d\u00e9veloppement dans leur lutte contre les d\u00e9fis du changement climatique et de la pauvret\u00e9. Il ouvre la voie \u00e0 une coop\u00e9ration internationale accrue et \u00e0 des actions concr\u00e8tes pour un avenir meilleur et plus durable pour tous.<\/p>\n<p>&nbsp;<\/p>\n","protected":false},"excerpt":{"rendered":"<p>Un sommet historique intitul\u00e9 &#8220;Pour un nouveau pacte financier mondial&#8221; s&#8217;est ouvert ce jeudi au Palais Brongniart \u00e0 Paris, sous la pr\u00e9sidence d&#8217;Emmanuel Macron et avec la participation du Pr\u00e9sident de la R\u00e9publique, M. Mohamed Ould Cheikh El-Ghazouani. Cette r\u00e9union de haut niveau, appel\u00e9e par le Pr\u00e9sident Macron et la pr\u00e9sidente des Barbade\u00a0\u00a0lors de la&#8230;..<\/p>\n","protected":false},"author":5,"featured_media":7699,"comment_status":"open","ping_status":"open","sticky":false,"template":"","format":"standard","meta":{"footnotes":""},"categories":[23,49],"tags":[],"class_list":["post-9328","post","type-post","status-publish","format-standard","has-post-thumbnail","hentry","category-actualite","category-economie"],"yoast_head":"<!-- This site is optimized with the Yoast SEO plugin v27.5 - https:\/\/yoast.com\/product\/yoast-seo-wordpress\/ -->\n<title>Le pr\u00e9sident Ghazouani prend part au sommet pour un nouveau pacte financier mondial - Le Quotidien de Nouakchott<\/title>\n<meta name=\"robots\" content=\"index, follow, max-snippet:-1, max-image-preview:large, max-video-preview:-1\" \/>\n<link rel=\"canonical\" href=\"https:\/\/lequotidien.mr\/?p=9328&lang=fr\" \/>\n<meta property=\"og:locale\" content=\"ar_AR\" \/>\n<meta property=\"og:type\" content=\"article\" \/>\n<meta property=\"og:title\" content=\"Le pr\u00e9sident Ghazouani prend part au sommet pour un nouveau pacte financier mondial - Le Quotidien de Nouakchott\" \/>\n<meta property=\"og:description\" content=\"Un sommet historique intitul\u00e9 &#8220;Pour un nouveau pacte financier mondial&#8221; s&#8217;est ouvert ce jeudi au Palais Brongniart \u00e0 Paris, sous la pr\u00e9sidence d&#8217;Emmanuel Macron et avec la participation du Pr\u00e9sident de la R\u00e9publique, M. Mohamed Ould Cheikh El-Ghazouani. Cette r\u00e9union de haut niveau, appel\u00e9e par le Pr\u00e9sident Macron et la pr\u00e9sidente des Barbade\u00a0\u00a0lors de la.....\" \/>\n<meta property=\"og:url\" content=\"https:\/\/lequotidien.mr\/?p=9328&amp;lang=fr\" \/>\n<meta property=\"og:site_name\" content=\"Le Quotidien de Nouakchott\" \/>\n<meta property=\"article:publisher\" content=\"https:\/\/web.facebook.com\/lequotidienmr\" \/>\n<meta property=\"article:published_time\" content=\"2023-06-22T13:37:30+00:00\" \/>\n<meta property=\"og:image\" content=\"https:\/\/lequotidien.mr\/wp-content\/uploads\/2023\/04\/cheikh.jpg\" \/>\n\t<meta property=\"og:image:width\" content=\"250\" \/>\n\t<meta property=\"og:image:height\" content=\"326\" \/>\n\t<meta property=\"og:image:type\" content=\"image\/jpeg\" \/>\n<meta name=\"author\" content=\"Gayi Diawara\" \/>\n<meta name=\"twitter:card\" content=\"summary_large_image\" \/>\n<meta name=\"twitter:creator\" content=\"@lequotidienmr\" \/>\n<meta name=\"twitter:site\" content=\"@lequotidienmr\" \/>\n<meta name=\"twitter:label1\" content=\"\u0643\u064f\u062a\u0628 \u0628\u0648\u0627\u0633\u0637\u0629\" \/>\n\t<meta name=\"twitter:data1\" content=\"Gayi Diawara\" \/>\n\t<meta name=\"twitter:label2\" content=\"\u0648\u0642\u062a \u0627\u0644\u0642\u0631\u0627\u0621\u0629 \u0627\u0644\u0645\u064f\u0642\u062f\u0651\u0631\" \/>\n\t<meta name=\"twitter:data2\" content=\"4 \u062f\u0642\u0627\u0626\u0642\" \/>\n<script type=\"application\/ld+json\" class=\"yoast-schema-graph\">{\"@context\":\"https:\\\/\\\/schema.org\",\"@graph\":[{\"@type\":\"Article\",\"@id\":\"https:\\\/\\\/lequotidien.mr\\\/?p=9328&lang=fr#article\",\"isPartOf\":{\"@id\":\"https:\\\/\\\/lequotidien.mr\\\/?p=9328&lang=fr\"},\"author\":{\"name\":\"Gayi Diawara\",\"@id\":\"https:\\\/\\\/lequotidien.mr\\\/#\\\/schema\\\/person\\\/1077c8abd5640a6514b909318d271dee\"},\"headline\":\"Le pr\u00e9sident Ghazouani prend part au sommet pour un nouveau pacte financier mondial\",\"datePublished\":\"2023-06-22T13:37:30+00:00\",\"mainEntityOfPage\":{\"@id\":\"https:\\\/\\\/lequotidien.mr\\\/?p=9328&lang=fr\"},\"wordCount\":884,\"commentCount\":0,\"publisher\":{\"@id\":\"https:\\\/\\\/lequotidien.mr\\\/#organization\"},\"image\":{\"@id\":\"https:\\\/\\\/lequotidien.mr\\\/?p=9328&lang=fr#primaryimage\"},\"thumbnailUrl\":\"https:\\\/\\\/lequotidien.mr\\\/wp-content\\\/uploads\\\/2023\\\/04\\\/cheikh.jpg\",\"articleSection\":[\"ACTUALIT\u00c9\",\"Economie\"],\"inLanguage\":\"ar\",\"potentialAction\":[{\"@type\":\"CommentAction\",\"name\":\"Comment\",\"target\":[\"https:\\\/\\\/lequotidien.mr\\\/?p=9328&lang=fr#respond\"]}]},{\"@type\":\"WebPage\",\"@id\":\"https:\\\/\\\/lequotidien.mr\\\/?p=9328&lang=fr\",\"url\":\"https:\\\/\\\/lequotidien.mr\\\/?p=9328&lang=fr\",\"name\":\"Le pr\u00e9sident Ghazouani prend part au sommet pour un nouveau pacte financier mondial - Le Quotidien de Nouakchott\",\"isPartOf\":{\"@id\":\"https:\\\/\\\/lequotidien.mr\\\/#website\"},\"primaryImageOfPage\":{\"@id\":\"https:\\\/\\\/lequotidien.mr\\\/?p=9328&lang=fr#primaryimage\"},\"image\":{\"@id\":\"https:\\\/\\\/lequotidien.mr\\\/?p=9328&lang=fr#primaryimage\"},\"thumbnailUrl\":\"https:\\\/\\\/lequotidien.mr\\\/wp-content\\\/uploads\\\/2023\\\/04\\\/cheikh.jpg\",\"datePublished\":\"2023-06-22T13:37:30+00:00\",\"breadcrumb\":{\"@id\":\"https:\\\/\\\/lequotidien.mr\\\/?p=9328&lang=fr#breadcrumb\"},\"inLanguage\":\"ar\",\"potentialAction\":[{\"@type\":\"ReadAction\",\"target\":[\"https:\\\/\\\/lequotidien.mr\\\/?p=9328&lang=fr\"]}]},{\"@type\":\"ImageObject\",\"inLanguage\":\"ar\",\"@id\":\"https:\\\/\\\/lequotidien.mr\\\/?p=9328&lang=fr#primaryimage\",\"url\":\"https:\\\/\\\/lequotidien.mr\\\/wp-content\\\/uploads\\\/2023\\\/04\\\/cheikh.jpg\",\"contentUrl\":\"https:\\\/\\\/lequotidien.mr\\\/wp-content\\\/uploads\\\/2023\\\/04\\\/cheikh.jpg\",\"width\":250,\"height\":326},{\"@type\":\"BreadcrumbList\",\"@id\":\"https:\\\/\\\/lequotidien.mr\\\/?p=9328&lang=fr#breadcrumb\",\"itemListElement\":[{\"@type\":\"ListItem\",\"position\":1,\"name\":\"Home\",\"item\":\"https:\\\/\\\/lequotidien.mr\\\/\"},{\"@type\":\"ListItem\",\"position\":2,\"name\":\"Le pr\u00e9sident Ghazouani prend part au sommet pour un nouveau pacte financier mondial\"}]},{\"@type\":\"WebSite\",\"@id\":\"https:\\\/\\\/lequotidien.mr\\\/#website\",\"url\":\"https:\\\/\\\/lequotidien.mr\\\/\",\"name\":\"Le Quotidien de Nouakchott\",\"description\":\"\u0625\u062e\u0628\u0627\u0631\u064a\u0629 \u0645\u0633\u062a\u0642\u0644\u0629 \u0644\u0644\u0623\u0646\u0628\u0627\u0621 \u0627\u0644\u0639\u0627\u0645\u0629\",\"publisher\":{\"@id\":\"https:\\\/\\\/lequotidien.mr\\\/#organization\"},\"potentialAction\":[{\"@type\":\"SearchAction\",\"target\":{\"@type\":\"EntryPoint\",\"urlTemplate\":\"https:\\\/\\\/lequotidien.mr\\\/?s={search_term_string}\"},\"query-input\":{\"@type\":\"PropertyValueSpecification\",\"valueRequired\":true,\"valueName\":\"search_term_string\"}}],\"inLanguage\":\"ar\"},{\"@type\":\"Organization\",\"@id\":\"https:\\\/\\\/lequotidien.mr\\\/#organization\",\"name\":\"Le Quotidien de Nouakchott\",\"url\":\"https:\\\/\\\/lequotidien.mr\\\/\",\"logo\":{\"@type\":\"ImageObject\",\"inLanguage\":\"ar\",\"@id\":\"https:\\\/\\\/lequotidien.mr\\\/#\\\/schema\\\/logo\\\/image\\\/\",\"url\":\"https:\\\/\\\/lequotidien.mr\\\/wp-content\\\/uploads\\\/2022\\\/11\\\/logolequotidien.jpg\",\"contentUrl\":\"https:\\\/\\\/lequotidien.mr\\\/wp-content\\\/uploads\\\/2022\\\/11\\\/logolequotidien.jpg\",\"width\":290,\"height\":65,\"caption\":\"Le Quotidien de Nouakchott\"},\"image\":{\"@id\":\"https:\\\/\\\/lequotidien.mr\\\/#\\\/schema\\\/logo\\\/image\\\/\"},\"sameAs\":[\"https:\\\/\\\/web.facebook.com\\\/lequotidienmr\",\"https:\\\/\\\/x.com\\\/lequotidienmr\"]},{\"@type\":\"Person\",\"@id\":\"https:\\\/\\\/lequotidien.mr\\\/#\\\/schema\\\/person\\\/1077c8abd5640a6514b909318d271dee\",\"name\":\"Gayi Diawara\",\"image\":{\"@type\":\"ImageObject\",\"inLanguage\":\"ar\",\"@id\":\"https:\\\/\\\/secure.gravatar.com\\\/avatar\\\/63ea8db1e19a6d2d608b24c0f78b5f3a7d6e0bc11959fec273410af333e4d0ac?s=96&d=mm&r=g\",\"url\":\"https:\\\/\\\/secure.gravatar.com\\\/avatar\\\/63ea8db1e19a6d2d608b24c0f78b5f3a7d6e0bc11959fec273410af333e4d0ac?s=96&d=mm&r=g\",\"contentUrl\":\"https:\\\/\\\/secure.gravatar.com\\\/avatar\\\/63ea8db1e19a6d2d608b24c0f78b5f3a7d6e0bc11959fec273410af333e4d0ac?s=96&d=mm&r=g\",\"caption\":\"Gayi Diawara\"},\"sameAs\":[\"http:\\\/\\\/lequotidien.mr\"],\"url\":\"https:\\\/\\\/lequotidien.mr\\\/?author=5\"}]}<\/script>\n<!-- \/ Yoast SEO plugin. -->","yoast_head_json":{"title":"Le pr\u00e9sident Ghazouani prend part au sommet pour un nouveau pacte financier mondial - Le Quotidien de Nouakchott","robots":{"index":"index","follow":"follow","max-snippet":"max-snippet:-1","max-image-preview":"max-image-preview:large","max-video-preview":"max-video-preview:-1"},"canonical":"https:\/\/lequotidien.mr\/?p=9328&lang=fr","og_locale":"ar_AR","og_type":"article","og_title":"Le pr\u00e9sident Ghazouani prend part au sommet pour un nouveau pacte financier mondial - Le Quotidien de Nouakchott","og_description":"Un sommet historique intitul\u00e9 &#8220;Pour un nouveau pacte financier mondial&#8221; s&#8217;est ouvert ce jeudi au Palais Brongniart \u00e0 Paris, sous la pr\u00e9sidence d&#8217;Emmanuel Macron et avec la participation du Pr\u00e9sident de la R\u00e9publique, M. Mohamed Ould Cheikh El-Ghazouani. Cette r\u00e9union de haut niveau, appel\u00e9e par le Pr\u00e9sident Macron et la pr\u00e9sidente des Barbade\u00a0\u00a0lors de la.....","og_url":"https:\/\/lequotidien.mr\/?p=9328&lang=fr","og_site_name":"Le Quotidien de Nouakchott","article_publisher":"https:\/\/web.facebook.com\/lequotidienmr","article_published_time":"2023-06-22T13:37:30+00:00","og_image":[{"width":250,"height":326,"url":"https:\/\/lequotidien.mr\/wp-content\/uploads\/2023\/04\/cheikh.jpg","type":"image\/jpeg"}],"author":"Gayi Diawara","twitter_card":"summary_large_image","twitter_creator":"@lequotidienmr","twitter_site":"@lequotidienmr","twitter_misc":{"\u0643\u064f\u062a\u0628 \u0628\u0648\u0627\u0633\u0637\u0629":"Gayi Diawara","\u0648\u0642\u062a \u0627\u0644\u0642\u0631\u0627\u0621\u0629 \u0627\u0644\u0645\u064f\u0642\u062f\u0651\u0631":"4 \u062f\u0642\u0627\u0626\u0642"},"schema":{"@context":"https:\/\/schema.org","@graph":[{"@type":"Article","@id":"https:\/\/lequotidien.mr\/?p=9328&lang=fr#article","isPartOf":{"@id":"https:\/\/lequotidien.mr\/?p=9328&lang=fr"},"author":{"name":"Gayi Diawara","@id":"https:\/\/lequotidien.mr\/#\/schema\/person\/1077c8abd5640a6514b909318d271dee"},"headline":"Le pr\u00e9sident Ghazouani prend part au sommet pour un nouveau pacte financier mondial","datePublished":"2023-06-22T13:37:30+00:00","mainEntityOfPage":{"@id":"https:\/\/lequotidien.mr\/?p=9328&lang=fr"},"wordCount":884,"commentCount":0,"publisher":{"@id":"https:\/\/lequotidien.mr\/#organization"},"image":{"@id":"https:\/\/lequotidien.mr\/?p=9328&lang=fr#primaryimage"},"thumbnailUrl":"https:\/\/lequotidien.mr\/wp-content\/uploads\/2023\/04\/cheikh.jpg","articleSection":["ACTUALIT\u00c9","Economie"],"inLanguage":"ar","potentialAction":[{"@type":"CommentAction","name":"Comment","target":["https:\/\/lequotidien.mr\/?p=9328&lang=fr#respond"]}]},{"@type":"WebPage","@id":"https:\/\/lequotidien.mr\/?p=9328&lang=fr","url":"https:\/\/lequotidien.mr\/?p=9328&lang=fr","name":"Le pr\u00e9sident Ghazouani prend part au sommet pour un nouveau pacte financier mondial - Le Quotidien de Nouakchott","isPartOf":{"@id":"https:\/\/lequotidien.mr\/#website"},"primaryImageOfPage":{"@id":"https:\/\/lequotidien.mr\/?p=9328&lang=fr#primaryimage"},"image":{"@id":"https:\/\/lequotidien.mr\/?p=9328&lang=fr#primaryimage"},"thumbnailUrl":"https:\/\/lequotidien.mr\/wp-content\/uploads\/2023\/04\/cheikh.jpg","datePublished":"2023-06-22T13:37:30+00:00","breadcrumb":{"@id":"https:\/\/lequotidien.mr\/?p=9328&lang=fr#breadcrumb"},"inLanguage":"ar","potentialAction":[{"@type":"ReadAction","target":["https:\/\/lequotidien.mr\/?p=9328&lang=fr"]}]},{"@type":"ImageObject","inLanguage":"ar","@id":"https:\/\/lequotidien.mr\/?p=9328&lang=fr#primaryimage","url":"https:\/\/lequotidien.mr\/wp-content\/uploads\/2023\/04\/cheikh.jpg","contentUrl":"https:\/\/lequotidien.mr\/wp-content\/uploads\/2023\/04\/cheikh.jpg","width":250,"height":326},{"@type":"BreadcrumbList","@id":"https:\/\/lequotidien.mr\/?p=9328&lang=fr#breadcrumb","itemListElement":[{"@type":"ListItem","position":1,"name":"Home","item":"https:\/\/lequotidien.mr\/"},{"@type":"ListItem","position":2,"name":"Le pr\u00e9sident Ghazouani prend part au sommet pour un nouveau pacte financier mondial"}]},{"@type":"WebSite","@id":"https:\/\/lequotidien.mr\/#website","url":"https:\/\/lequotidien.mr\/","name":"Le Quotidien de Nouakchott","description":"\u0625\u062e\u0628\u0627\u0631\u064a\u0629 \u0645\u0633\u062a\u0642\u0644\u0629 \u0644\u0644\u0623\u0646\u0628\u0627\u0621 \u0627\u0644\u0639\u0627\u0645\u0629","publisher":{"@id":"https:\/\/lequotidien.mr\/#organization"},"potentialAction":[{"@type":"SearchAction","target":{"@type":"EntryPoint","urlTemplate":"https:\/\/lequotidien.mr\/?s={search_term_string}"},"query-input":{"@type":"PropertyValueSpecification","valueRequired":true,"valueName":"search_term_string"}}],"inLanguage":"ar"},{"@type":"Organization","@id":"https:\/\/lequotidien.mr\/#organization","name":"Le Quotidien de Nouakchott","url":"https:\/\/lequotidien.mr\/","logo":{"@type":"ImageObject","inLanguage":"ar","@id":"https:\/\/lequotidien.mr\/#\/schema\/logo\/image\/","url":"https:\/\/lequotidien.mr\/wp-content\/uploads\/2022\/11\/logolequotidien.jpg","contentUrl":"https:\/\/lequotidien.mr\/wp-content\/uploads\/2022\/11\/logolequotidien.jpg","width":290,"height":65,"caption":"Le Quotidien de Nouakchott"},"image":{"@id":"https:\/\/lequotidien.mr\/#\/schema\/logo\/image\/"},"sameAs":["https:\/\/web.facebook.com\/lequotidienmr","https:\/\/x.com\/lequotidienmr"]},{"@type":"Person","@id":"https:\/\/lequotidien.mr\/#\/schema\/person\/1077c8abd5640a6514b909318d271dee","name":"Gayi Diawara","image":{"@type":"ImageObject","inLanguage":"ar","@id":"https:\/\/secure.gravatar.com\/avatar\/63ea8db1e19a6d2d608b24c0f78b5f3a7d6e0bc11959fec273410af333e4d0ac?s=96&d=mm&r=g","url":"https:\/\/secure.gravatar.com\/avatar\/63ea8db1e19a6d2d608b24c0f78b5f3a7d6e0bc11959fec273410af333e4d0ac?s=96&d=mm&r=g","contentUrl":"https:\/\/secure.gravatar.com\/avatar\/63ea8db1e19a6d2d608b24c0f78b5f3a7d6e0bc11959fec273410af333e4d0ac?s=96&d=mm&r=g","caption":"Gayi Diawara"},"sameAs":["http:\/\/lequotidien.mr"],"url":"https:\/\/lequotidien.mr\/?author=5"}]}},"_links":{"self":[{"href":"https:\/\/lequotidien.mr\/index.php?rest_route=\/wp\/v2\/posts\/9328","targetHints":{"allow":["GET"]}}],"collection":[{"href":"https:\/\/lequotidien.mr\/index.php?rest_route=\/wp\/v2\/posts"}],"about":[{"href":"https:\/\/lequotidien.mr\/index.php?rest_route=\/wp\/v2\/types\/post"}],"author":[{"embeddable":true,"href":"https:\/\/lequotidien.mr\/index.php?rest_route=\/wp\/v2\/users\/5"}],"replies":[{"embeddable":true,"href":"https:\/\/lequotidien.mr\/index.php?rest_route=%2Fwp%2Fv2%2Fcomments&post=9328"}],"version-history":[{"count":1,"href":"https:\/\/lequotidien.mr\/index.php?rest_route=\/wp\/v2\/posts\/9328\/revisions"}],"predecessor-version":[{"id":9329,"href":"https:\/\/lequotidien.mr\/index.php?rest_route=\/wp\/v2\/posts\/9328\/revisions\/9329"}],"wp:featuredmedia":[{"embeddable":true,"href":"https:\/\/lequotidien.mr\/index.php?rest_route=\/wp\/v2\/media\/7699"}],"wp:attachment":[{"href":"https:\/\/lequotidien.mr\/index.php?rest_route=%2Fwp%2Fv2%2Fmedia&parent=9328"}],"wp:term":[{"taxonomy":"category","embeddable":true,"href":"https:\/\/lequotidien.mr\/index.php?rest_route=%2Fwp%2Fv2%2Fcategories&post=9328"},{"taxonomy":"post_tag","embeddable":true,"href":"https:\/\/lequotidien.mr\/index.php?rest_route=%2Fwp%2Fv2%2Ftags&post=9328"}],"curies":[{"name":"wp","href":"https:\/\/api.w.org\/{rel}","templated":true}]}}