{"id":9219,"date":"2023-06-19T00:01:43","date_gmt":"2023-06-19T00:01:43","guid":{"rendered":"https:\/\/lequotidien.mr\/?p=9219"},"modified":"2023-06-19T00:01:43","modified_gmt":"2023-06-19T00:01:43","slug":"des-partis-de-lopposition-ont-organise-une-marche-pour-demander-la-reprise-des-elections","status":"publish","type":"post","link":"https:\/\/lequotidien.mr\/?p=9219&lang=fr","title":{"rendered":"Des partis de l\u2019opposition ont organis\u00e9 une marche pour demander la reprise des \u00e9lections"},"content":{"rendered":"<p>Sahara M\u00e9dias &#8211; Des partis de l\u2019opposition mauritanienne ont organis\u00e9 samedi une marche \u00e0 Nouakchott au cours de laquelle ils ont demand\u00e9 la reprise des \u00e9lections locales, r\u00e9gionales et l\u00e9gislatives organis\u00e9es le mois dernier.<\/p>\n<p>Au cours de cette marche partie du carrefour de la route de Sabah en direction de l\u2019ancien a\u00e9roport, les participants scandaient des slogans demandant \u00ab la reprise des \u00e9lections entach\u00e9es de fraude \u00bb, selon eux.<\/p>\n<p>A cette marche ont pris part les partis de l\u2019opposition l\u2019union des forces de progr\u00e8s (UFP), le rassemblement des forces d\u00e9mocratiques (RFD), Tewassoul, Sawab, l\u2019alliance populaire progressiste (APP) et le front r\u00e9publicain.<\/p>\n<p>Cette marche intervient deux jours seulement avant la tenue de la premi\u00e8re s\u00e9ance du parlement \u00e9lu au cours de laquelle seront \u00e9lus un nouveau pr\u00e9sident de la chambre, les vice-pr\u00e9sidents et le questeur.<\/p>\n<p>Les partis de l\u2019opposition avaient demand\u00e9 l\u2019annulation et la reprise des \u00e9lections rejetant ce qu\u2019ils ont appel\u00e9 \u00abune parodie \u00e9lectorale qui sape la d\u00e9mocratie dans le pays \u00bb.<\/p>\n<p>L\u2019opposition mauritanienne, dans des communiqu\u00e9s publi\u00e9s ces derni\u00e8res semaines avait appel\u00e9 le gouvernement \u00e0 trouver une sortie pour ce qu\u2019elle a appel\u00e9 \u00ab la crise \u00e9lectorale \u00bb que vit le pays, mettant en garde contre \u00ab une crise politique \u00bb.<\/p>\n<p>Elle a demand\u00e9 \u00e0 ce que la solution \u00e0 cette crise soit trouv\u00e9e dans le cadre de la commission de suivi de l\u2019accord politique.<\/p>\n<p>Ces partis avaient organis\u00e9 le mois dernier un meeting populaire \u00e0 Nouakchott au cours duquel ils ont r\u00e9affirm\u00e9 que \u00ab les r\u00e9sultats des \u00e9lections \u00e9taient truqu\u00e9s. \u00bb<\/p>\n<p>L\u2019opposition mauritanienne a obtenu, lors de ce scrutin 22 si\u00e8ges de d\u00e9put\u00e9s que se sont partag\u00e9s les formations politiques Sawab, Tewassoul, le front r\u00e9publicain pour l\u2019unit\u00e9 et la d\u00e9mocratie.<\/p>\n<p>La plus grande surprise, lors de ces \u00e9lections, est que des partis longtemps ancr\u00e9s dans l\u2019opposition seront absent du parlement.<\/p>\n<p>Il s\u2019agit notamment du RFD, de l\u2019UFP et de l\u2019APP.<\/p>\n","protected":false},"excerpt":{"rendered":"<p>Sahara M\u00e9dias &#8211; Des partis de l\u2019opposition mauritanienne ont organis\u00e9 samedi une marche \u00e0 Nouakchott au cours de laquelle ils ont demand\u00e9 la reprise des \u00e9lections locales, r\u00e9gionales et l\u00e9gislatives organis\u00e9es le mois dernier. Au cours de cette marche partie du carrefour de la route de Sabah en direction de l\u2019ancien a\u00e9roport, les participants scandaient&#8230;..<\/p>\n","protected":false},"author":3,"featured_media":9220,"comment_status":"open","ping_status":"open","sticky":false,"template":"","format":"standard","meta":{"footnotes":""},"categories":[23,59],"tags":[],"class_list":["post-9219","post","type-post","status-publish","format-standard","has-post-thumbnail","hentry","category-actualite","category-opinion"],"yoast_head":"<!-- This site is optimized with the Yoast SEO plugin v27.5 - https:\/\/yoast.com\/product\/yoast-seo-wordpress\/ -->\n<title>Des partis de l\u2019opposition ont organis\u00e9 une marche pour demander la reprise des \u00e9lections - Le Quotidien de Nouakchott<\/title>\n<meta name=\"robots\" content=\"index, follow, max-snippet:-1, max-image-preview:large, max-video-preview:-1\" \/>\n<link rel=\"canonical\" href=\"https:\/\/lequotidien.mr\/?p=9219&lang=fr\" \/>\n<meta property=\"og:locale\" content=\"ar_AR\" \/>\n<meta property=\"og:type\" content=\"article\" \/>\n<meta property=\"og:title\" content=\"Des partis de l\u2019opposition ont organis\u00e9 une marche pour demander la reprise des \u00e9lections - Le Quotidien de Nouakchott\" \/>\n<meta property=\"og:description\" content=\"Sahara M\u00e9dias &#8211; Des partis de l\u2019opposition mauritanienne ont organis\u00e9 samedi une marche \u00e0 Nouakchott au cours de laquelle ils ont demand\u00e9 la reprise des \u00e9lections locales, r\u00e9gionales et l\u00e9gislatives organis\u00e9es le mois dernier. Au cours de cette marche partie du carrefour de la route de Sabah en direction de l\u2019ancien a\u00e9roport, les participants scandaient.....\" \/>\n<meta property=\"og:url\" content=\"https:\/\/lequotidien.mr\/?p=9219&amp;lang=fr\" \/>\n<meta property=\"og:site_name\" content=\"Le Quotidien de Nouakchott\" \/>\n<meta property=\"article:publisher\" content=\"https:\/\/web.facebook.com\/lequotidienmr\" \/>\n<meta property=\"article:author\" content=\"https:\/\/web.facebook.com\/a.mleiwih\" \/>\n<meta property=\"article:published_time\" content=\"2023-06-19T00:01:43+00:00\" \/>\n<meta property=\"og:image\" content=\"https:\/\/lequotidien.mr\/wp-content\/uploads\/2023\/06\/opposition_marche_17_juin_2023.jpeg\" \/>\n\t<meta property=\"og:image:width\" content=\"1600\" \/>\n\t<meta property=\"og:image:height\" content=\"1200\" \/>\n\t<meta property=\"og:image:type\" content=\"image\/jpeg\" \/>\n<meta name=\"author\" content=\"Alioun M&#039;leiwih\" \/>\n<meta name=\"twitter:card\" content=\"summary_large_image\" \/>\n<meta name=\"twitter:creator\" content=\"@lequotidienmr\" \/>\n<meta name=\"twitter:site\" content=\"@lequotidienmr\" \/>\n<meta name=\"twitter:label1\" content=\"\u0643\u064f\u062a\u0628 \u0628\u0648\u0627\u0633\u0637\u0629\" \/>\n\t<meta name=\"twitter:data1\" content=\"Alioun M&#039;leiwih\" \/>\n\t<meta name=\"twitter:label2\" content=\"\u0648\u0642\u062a \u0627\u0644\u0642\u0631\u0627\u0621\u0629 \u0627\u0644\u0645\u064f\u0642\u062f\u0651\u0631\" \/>\n\t<meta name=\"twitter:data2\" content=\"\u062f\u0642\u064a\u0642\u062a\u0627\u0646\" \/>\n<script type=\"application\/ld+json\" class=\"yoast-schema-graph\">{\"@context\":\"https:\\\/\\\/schema.org\",\"@graph\":[{\"@type\":\"Article\",\"@id\":\"https:\\\/\\\/lequotidien.mr\\\/?p=9219&lang=fr#article\",\"isPartOf\":{\"@id\":\"https:\\\/\\\/lequotidien.mr\\\/?p=9219&lang=fr\"},\"author\":{\"name\":\"Alioun M'leiwih\",\"@id\":\"https:\\\/\\\/lequotidien.mr\\\/#\\\/schema\\\/person\\\/69d1518c74c9137087929a20b1272cb0\"},\"headline\":\"Des partis de l\u2019opposition ont organis\u00e9 une marche pour demander la reprise des \u00e9lections\",\"datePublished\":\"2023-06-19T00:01:43+00:00\",\"mainEntityOfPage\":{\"@id\":\"https:\\\/\\\/lequotidien.mr\\\/?p=9219&lang=fr\"},\"wordCount\":357,\"commentCount\":0,\"publisher\":{\"@id\":\"https:\\\/\\\/lequotidien.mr\\\/#organization\"},\"image\":{\"@id\":\"https:\\\/\\\/lequotidien.mr\\\/?p=9219&lang=fr#primaryimage\"},\"thumbnailUrl\":\"https:\\\/\\\/lequotidien.mr\\\/wp-content\\\/uploads\\\/2023\\\/06\\\/opposition_marche_17_juin_2023.jpeg\",\"articleSection\":[\"ACTUALIT\u00c9\",\"Opinion\"],\"inLanguage\":\"ar\",\"potentialAction\":[{\"@type\":\"CommentAction\",\"name\":\"Comment\",\"target\":[\"https:\\\/\\\/lequotidien.mr\\\/?p=9219&lang=fr#respond\"]}]},{\"@type\":\"WebPage\",\"@id\":\"https:\\\/\\\/lequotidien.mr\\\/?p=9219&lang=fr\",\"url\":\"https:\\\/\\\/lequotidien.mr\\\/?p=9219&lang=fr\",\"name\":\"Des partis de l\u2019opposition ont organis\u00e9 une marche pour demander la reprise des \u00e9lections - Le Quotidien de Nouakchott\",\"isPartOf\":{\"@id\":\"https:\\\/\\\/lequotidien.mr\\\/#website\"},\"primaryImageOfPage\":{\"@id\":\"https:\\\/\\\/lequotidien.mr\\\/?p=9219&lang=fr#primaryimage\"},\"image\":{\"@id\":\"https:\\\/\\\/lequotidien.mr\\\/?p=9219&lang=fr#primaryimage\"},\"thumbnailUrl\":\"https:\\\/\\\/lequotidien.mr\\\/wp-content\\\/uploads\\\/2023\\\/06\\\/opposition_marche_17_juin_2023.jpeg\",\"datePublished\":\"2023-06-19T00:01:43+00:00\",\"breadcrumb\":{\"@id\":\"https:\\\/\\\/lequotidien.mr\\\/?p=9219&lang=fr#breadcrumb\"},\"inLanguage\":\"ar\",\"potentialAction\":[{\"@type\":\"ReadAction\",\"target\":[\"https:\\\/\\\/lequotidien.mr\\\/?p=9219&lang=fr\"]}]},{\"@type\":\"ImageObject\",\"inLanguage\":\"ar\",\"@id\":\"https:\\\/\\\/lequotidien.mr\\\/?p=9219&lang=fr#primaryimage\",\"url\":\"https:\\\/\\\/lequotidien.mr\\\/wp-content\\\/uploads\\\/2023\\\/06\\\/opposition_marche_17_juin_2023.jpeg\",\"contentUrl\":\"https:\\\/\\\/lequotidien.mr\\\/wp-content\\\/uploads\\\/2023\\\/06\\\/opposition_marche_17_juin_2023.jpeg\",\"width\":1600,\"height\":1200},{\"@type\":\"BreadcrumbList\",\"@id\":\"https:\\\/\\\/lequotidien.mr\\\/?p=9219&lang=fr#breadcrumb\",\"itemListElement\":[{\"@type\":\"ListItem\",\"position\":1,\"name\":\"Home\",\"item\":\"https:\\\/\\\/lequotidien.mr\\\/\"},{\"@type\":\"ListItem\",\"position\":2,\"name\":\"Des partis de l\u2019opposition ont organis\u00e9 une marche pour demander la reprise des \u00e9lections\"}]},{\"@type\":\"WebSite\",\"@id\":\"https:\\\/\\\/lequotidien.mr\\\/#website\",\"url\":\"https:\\\/\\\/lequotidien.mr\\\/\",\"name\":\"Le Quotidien de Nouakchott\",\"description\":\"\u0625\u062e\u0628\u0627\u0631\u064a\u0629 \u0645\u0633\u062a\u0642\u0644\u0629 \u0644\u0644\u0623\u0646\u0628\u0627\u0621 \u0627\u0644\u0639\u0627\u0645\u0629\",\"publisher\":{\"@id\":\"https:\\\/\\\/lequotidien.mr\\\/#organization\"},\"potentialAction\":[{\"@type\":\"SearchAction\",\"target\":{\"@type\":\"EntryPoint\",\"urlTemplate\":\"https:\\\/\\\/lequotidien.mr\\\/?s={search_term_string}\"},\"query-input\":{\"@type\":\"PropertyValueSpecification\",\"valueRequired\":true,\"valueName\":\"search_term_string\"}}],\"inLanguage\":\"ar\"},{\"@type\":\"Organization\",\"@id\":\"https:\\\/\\\/lequotidien.mr\\\/#organization\",\"name\":\"Le Quotidien de Nouakchott\",\"url\":\"https:\\\/\\\/lequotidien.mr\\\/\",\"logo\":{\"@type\":\"ImageObject\",\"inLanguage\":\"ar\",\"@id\":\"https:\\\/\\\/lequotidien.mr\\\/#\\\/schema\\\/logo\\\/image\\\/\",\"url\":\"https:\\\/\\\/lequotidien.mr\\\/wp-content\\\/uploads\\\/2022\\\/11\\\/logolequotidien.jpg\",\"contentUrl\":\"https:\\\/\\\/lequotidien.mr\\\/wp-content\\\/uploads\\\/2022\\\/11\\\/logolequotidien.jpg\",\"width\":290,\"height\":65,\"caption\":\"Le Quotidien de Nouakchott\"},\"image\":{\"@id\":\"https:\\\/\\\/lequotidien.mr\\\/#\\\/schema\\\/logo\\\/image\\\/\"},\"sameAs\":[\"https:\\\/\\\/web.facebook.com\\\/lequotidienmr\",\"https:\\\/\\\/x.com\\\/lequotidienmr\"]},{\"@type\":\"Person\",\"@id\":\"https:\\\/\\\/lequotidien.mr\\\/#\\\/schema\\\/person\\\/69d1518c74c9137087929a20b1272cb0\",\"name\":\"Alioun M'leiwih\",\"image\":{\"@type\":\"ImageObject\",\"inLanguage\":\"ar\",\"@id\":\"https:\\\/\\\/secure.gravatar.com\\\/avatar\\\/01f9d357222d7d4ca8f71662f4b081718f06d25b11fc45662ecca0622d507e51?s=96&d=mm&r=g\",\"url\":\"https:\\\/\\\/secure.gravatar.com\\\/avatar\\\/01f9d357222d7d4ca8f71662f4b081718f06d25b11fc45662ecca0622d507e51?s=96&d=mm&r=g\",\"contentUrl\":\"https:\\\/\\\/secure.gravatar.com\\\/avatar\\\/01f9d357222d7d4ca8f71662f4b081718f06d25b11fc45662ecca0622d507e51?s=96&d=mm&r=g\",\"caption\":\"Alioun M'leiwih\"},\"sameAs\":[\"https:\\\/\\\/lequotidien.mr\\\/\",\"https:\\\/\\\/web.facebook.com\\\/a.mleiwih\",\"https:\\\/\\\/www.linkedin.com\\\/in\\\/alimlewih\\\/\"],\"url\":\"https:\\\/\\\/lequotidien.mr\\\/?author=3\"}]}<\/script>\n<!-- \/ Yoast SEO plugin. -->","yoast_head_json":{"title":"Des partis de l\u2019opposition ont organis\u00e9 une marche pour demander la reprise des \u00e9lections - Le Quotidien de Nouakchott","robots":{"index":"index","follow":"follow","max-snippet":"max-snippet:-1","max-image-preview":"max-image-preview:large","max-video-preview":"max-video-preview:-1"},"canonical":"https:\/\/lequotidien.mr\/?p=9219&lang=fr","og_locale":"ar_AR","og_type":"article","og_title":"Des partis de l\u2019opposition ont organis\u00e9 une marche pour demander la reprise des \u00e9lections - Le Quotidien de Nouakchott","og_description":"Sahara M\u00e9dias &#8211; Des partis de l\u2019opposition mauritanienne ont organis\u00e9 samedi une marche \u00e0 Nouakchott au cours de laquelle ils ont demand\u00e9 la reprise des \u00e9lections locales, r\u00e9gionales et l\u00e9gislatives organis\u00e9es le mois dernier. Au cours de cette marche partie du carrefour de la route de Sabah en direction de l\u2019ancien a\u00e9roport, les participants scandaient.....","og_url":"https:\/\/lequotidien.mr\/?p=9219&lang=fr","og_site_name":"Le Quotidien de Nouakchott","article_publisher":"https:\/\/web.facebook.com\/lequotidienmr","article_author":"https:\/\/web.facebook.com\/a.mleiwih","article_published_time":"2023-06-19T00:01:43+00:00","og_image":[{"width":1600,"height":1200,"url":"https:\/\/lequotidien.mr\/wp-content\/uploads\/2023\/06\/opposition_marche_17_juin_2023.jpeg","type":"image\/jpeg"}],"author":"Alioun M'leiwih","twitter_card":"summary_large_image","twitter_creator":"@lequotidienmr","twitter_site":"@lequotidienmr","twitter_misc":{"\u0643\u064f\u062a\u0628 \u0628\u0648\u0627\u0633\u0637\u0629":"Alioun M'leiwih","\u0648\u0642\u062a \u0627\u0644\u0642\u0631\u0627\u0621\u0629 \u0627\u0644\u0645\u064f\u0642\u062f\u0651\u0631":"\u062f\u0642\u064a\u0642\u062a\u0627\u0646"},"schema":{"@context":"https:\/\/schema.org","@graph":[{"@type":"Article","@id":"https:\/\/lequotidien.mr\/?p=9219&lang=fr#article","isPartOf":{"@id":"https:\/\/lequotidien.mr\/?p=9219&lang=fr"},"author":{"name":"Alioun M'leiwih","@id":"https:\/\/lequotidien.mr\/#\/schema\/person\/69d1518c74c9137087929a20b1272cb0"},"headline":"Des partis de l\u2019opposition ont organis\u00e9 une marche pour demander la reprise des \u00e9lections","datePublished":"2023-06-19T00:01:43+00:00","mainEntityOfPage":{"@id":"https:\/\/lequotidien.mr\/?p=9219&lang=fr"},"wordCount":357,"commentCount":0,"publisher":{"@id":"https:\/\/lequotidien.mr\/#organization"},"image":{"@id":"https:\/\/lequotidien.mr\/?p=9219&lang=fr#primaryimage"},"thumbnailUrl":"https:\/\/lequotidien.mr\/wp-content\/uploads\/2023\/06\/opposition_marche_17_juin_2023.jpeg","articleSection":["ACTUALIT\u00c9","Opinion"],"inLanguage":"ar","potentialAction":[{"@type":"CommentAction","name":"Comment","target":["https:\/\/lequotidien.mr\/?p=9219&lang=fr#respond"]}]},{"@type":"WebPage","@id":"https:\/\/lequotidien.mr\/?p=9219&lang=fr","url":"https:\/\/lequotidien.mr\/?p=9219&lang=fr","name":"Des partis de l\u2019opposition ont organis\u00e9 une marche pour demander la reprise des \u00e9lections - Le Quotidien de Nouakchott","isPartOf":{"@id":"https:\/\/lequotidien.mr\/#website"},"primaryImageOfPage":{"@id":"https:\/\/lequotidien.mr\/?p=9219&lang=fr#primaryimage"},"image":{"@id":"https:\/\/lequotidien.mr\/?p=9219&lang=fr#primaryimage"},"thumbnailUrl":"https:\/\/lequotidien.mr\/wp-content\/uploads\/2023\/06\/opposition_marche_17_juin_2023.jpeg","datePublished":"2023-06-19T00:01:43+00:00","breadcrumb":{"@id":"https:\/\/lequotidien.mr\/?p=9219&lang=fr#breadcrumb"},"inLanguage":"ar","potentialAction":[{"@type":"ReadAction","target":["https:\/\/lequotidien.mr\/?p=9219&lang=fr"]}]},{"@type":"ImageObject","inLanguage":"ar","@id":"https:\/\/lequotidien.mr\/?p=9219&lang=fr#primaryimage","url":"https:\/\/lequotidien.mr\/wp-content\/uploads\/2023\/06\/opposition_marche_17_juin_2023.jpeg","contentUrl":"https:\/\/lequotidien.mr\/wp-content\/uploads\/2023\/06\/opposition_marche_17_juin_2023.jpeg","width":1600,"height":1200},{"@type":"BreadcrumbList","@id":"https:\/\/lequotidien.mr\/?p=9219&lang=fr#breadcrumb","itemListElement":[{"@type":"ListItem","position":1,"name":"Home","item":"https:\/\/lequotidien.mr\/"},{"@type":"ListItem","position":2,"name":"Des partis de l\u2019opposition ont organis\u00e9 une marche pour demander la reprise des \u00e9lections"}]},{"@type":"WebSite","@id":"https:\/\/lequotidien.mr\/#website","url":"https:\/\/lequotidien.mr\/","name":"Le Quotidien de Nouakchott","description":"\u0625\u062e\u0628\u0627\u0631\u064a\u0629 \u0645\u0633\u062a\u0642\u0644\u0629 \u0644\u0644\u0623\u0646\u0628\u0627\u0621 \u0627\u0644\u0639\u0627\u0645\u0629","publisher":{"@id":"https:\/\/lequotidien.mr\/#organization"},"potentialAction":[{"@type":"SearchAction","target":{"@type":"EntryPoint","urlTemplate":"https:\/\/lequotidien.mr\/?s={search_term_string}"},"query-input":{"@type":"PropertyValueSpecification","valueRequired":true,"valueName":"search_term_string"}}],"inLanguage":"ar"},{"@type":"Organization","@id":"https:\/\/lequotidien.mr\/#organization","name":"Le Quotidien de Nouakchott","url":"https:\/\/lequotidien.mr\/","logo":{"@type":"ImageObject","inLanguage":"ar","@id":"https:\/\/lequotidien.mr\/#\/schema\/logo\/image\/","url":"https:\/\/lequotidien.mr\/wp-content\/uploads\/2022\/11\/logolequotidien.jpg","contentUrl":"https:\/\/lequotidien.mr\/wp-content\/uploads\/2022\/11\/logolequotidien.jpg","width":290,"height":65,"caption":"Le Quotidien de Nouakchott"},"image":{"@id":"https:\/\/lequotidien.mr\/#\/schema\/logo\/image\/"},"sameAs":["https:\/\/web.facebook.com\/lequotidienmr","https:\/\/x.com\/lequotidienmr"]},{"@type":"Person","@id":"https:\/\/lequotidien.mr\/#\/schema\/person\/69d1518c74c9137087929a20b1272cb0","name":"Alioun M'leiwih","image":{"@type":"ImageObject","inLanguage":"ar","@id":"https:\/\/secure.gravatar.com\/avatar\/01f9d357222d7d4ca8f71662f4b081718f06d25b11fc45662ecca0622d507e51?s=96&d=mm&r=g","url":"https:\/\/secure.gravatar.com\/avatar\/01f9d357222d7d4ca8f71662f4b081718f06d25b11fc45662ecca0622d507e51?s=96&d=mm&r=g","contentUrl":"https:\/\/secure.gravatar.com\/avatar\/01f9d357222d7d4ca8f71662f4b081718f06d25b11fc45662ecca0622d507e51?s=96&d=mm&r=g","caption":"Alioun M'leiwih"},"sameAs":["https:\/\/lequotidien.mr\/","https:\/\/web.facebook.com\/a.mleiwih","https:\/\/www.linkedin.com\/in\/alimlewih\/"],"url":"https:\/\/lequotidien.mr\/?author=3"}]}},"_links":{"self":[{"href":"https:\/\/lequotidien.mr\/index.php?rest_route=\/wp\/v2\/posts\/9219","targetHints":{"allow":["GET"]}}],"collection":[{"href":"https:\/\/lequotidien.mr\/index.php?rest_route=\/wp\/v2\/posts"}],"about":[{"href":"https:\/\/lequotidien.mr\/index.php?rest_route=\/wp\/v2\/types\/post"}],"author":[{"embeddable":true,"href":"https:\/\/lequotidien.mr\/index.php?rest_route=\/wp\/v2\/users\/3"}],"replies":[{"embeddable":true,"href":"https:\/\/lequotidien.mr\/index.php?rest_route=%2Fwp%2Fv2%2Fcomments&post=9219"}],"version-history":[{"count":1,"href":"https:\/\/lequotidien.mr\/index.php?rest_route=\/wp\/v2\/posts\/9219\/revisions"}],"predecessor-version":[{"id":9221,"href":"https:\/\/lequotidien.mr\/index.php?rest_route=\/wp\/v2\/posts\/9219\/revisions\/9221"}],"wp:featuredmedia":[{"embeddable":true,"href":"https:\/\/lequotidien.mr\/index.php?rest_route=\/wp\/v2\/media\/9220"}],"wp:attachment":[{"href":"https:\/\/lequotidien.mr\/index.php?rest_route=%2Fwp%2Fv2%2Fmedia&parent=9219"}],"wp:term":[{"taxonomy":"category","embeddable":true,"href":"https:\/\/lequotidien.mr\/index.php?rest_route=%2Fwp%2Fv2%2Fcategories&post=9219"},{"taxonomy":"post_tag","embeddable":true,"href":"https:\/\/lequotidien.mr\/index.php?rest_route=%2Fwp%2Fv2%2Ftags&post=9219"}],"curies":[{"name":"wp","href":"https:\/\/api.w.org\/{rel}","templated":true}]}}