{"id":9158,"date":"2023-06-17T10:41:45","date_gmt":"2023-06-17T10:41:45","guid":{"rendered":"https:\/\/lequotidien.mr\/?p=9158"},"modified":"2023-06-17T10:41:45","modified_gmt":"2023-06-17T10:41:45","slug":"signature-dune-convention-pour-la-preservation-des-paturages","status":"publish","type":"post","link":"https:\/\/lequotidien.mr\/?p=9158&lang=fr","title":{"rendered":"Signature d\u2019une convention pour la pr\u00e9servation des p\u00e2turages"},"content":{"rendered":"<p>AMI &#8211; Le ministre de l\u2019Elevage, M. Mohamed Ould Abdellahi Ould Ethmane, et la ministre de l\u2019Environnement et du D\u00e9veloppement Durable, Mme Lalia Kamra, ont sign\u00e9, vendredi \u00e0 Nouakchott, un accord de coop\u00e9ration entre les deux secteurs.<\/p>\n<p>Cet accord vise \u00e0 d\u00e9velopper un plan de coop\u00e9ration et d\u2019int\u00e9gration entre le secteur de l\u2019Elevage et celui de l\u2019environnement et du d\u00e9veloppement durable pour pr\u00e9server les p\u00e2turages, g\u00e9rer le processus de transhumance et valoriser les d\u00e9chets animaux pour les exploiter \u00e0 des fins \u00e9nerg\u00e9tiques.<\/p>\n<p>Dans un mot prononc\u00e9 pour la circonstance, le ministre de l\u2019Elevage a indiqu\u00e9 que la Mauritanie n\u2019a pas besoin cette ann\u00e9e des p\u00e2turages des pays voisins, ce qui permettra au b\u00e9tail d\u2019atteindre la saison d\u2019hivernage sans qu\u2019il y ait des mesures urgentes.<\/p>\n<p>Il a, \u00e0 ce propos, salu\u00e9 le r\u00f4le jou\u00e9 par les diff\u00e9rents d\u00e9partements minist\u00e9riels concern\u00e9s, l\u2019administration r\u00e9gionale et les unit\u00e9s de s\u00e9curit\u00e9, dans la pr\u00e9servation du couvert v\u00e9g\u00e9tal, en plus de l\u2019acc\u00e9l\u00e9ration du rythme de r\u00e9alisation des programmes hydrauliques en milieu pastoral.<\/p>\n<p>Il a ajout\u00e9 que le secteur de l\u2019Elevage b\u00e9n\u00e9ficiera, gr\u00e2ce \u00e0 cette convention, des interventions des fonds int\u00e9ress\u00e9s au financement des programmes d\u2019adaptation aux changements climatiques g\u00e9r\u00e9s par le secteur de l\u2019environnement et du d\u00e9veloppement durable.<\/p>\n<p>De son c\u00f4t\u00e9, la ministre de l\u2019Environnement et du D\u00e9veloppement durable, a soulign\u00e9 que cet accord accorde une importance particuli\u00e8re \u00e0 la pr\u00e9servation du patrimoine biologique en valorisant les d\u00e9chets animaux pour en tirer profit \u00e9nerg\u00e9tiquement, offrant ainsi la possibilit\u00e9 de le valoriser dans certaines r\u00e9gions du pays.<\/p>\n<p>Elle a indiqu\u00e9 que les deux fili\u00e8res chercheront, \u00e0 travers cet accord, \u00e0 \u0153uvrer \u00e0 la protection du couvert v\u00e9g\u00e9tal en luttant contre les incendies en renfor\u00e7ant la performance des organisations de producteurs, et en activant le r\u00f4le des d\u00e9l\u00e9gu\u00e9s r\u00e9gionaux.<\/p>\n<p>La c\u00e9r\u00e9monie de signature s\u2019est d\u00e9roul\u00e9e en pr\u00e9sence du secr\u00e9taire g\u00e9n\u00e9ral du minist\u00e8re de l\u2019Elevage, au c\u00f4t\u00e9 de plusieurs cadres des deux secteurs.<\/p>\n","protected":false},"excerpt":{"rendered":"<p>AMI &#8211; Le ministre de l\u2019Elevage, M. Mohamed Ould Abdellahi Ould Ethmane, et la ministre de l\u2019Environnement et du D\u00e9veloppement Durable, Mme Lalia Kamra, ont sign\u00e9, vendredi \u00e0 Nouakchott, un accord de coop\u00e9ration entre les deux secteurs. Cet accord vise \u00e0 d\u00e9velopper un plan de coop\u00e9ration et d\u2019int\u00e9gration entre le secteur de l\u2019Elevage et celui&#8230;..<\/p>\n","protected":false},"author":3,"featured_media":9159,"comment_status":"open","ping_status":"open","sticky":false,"template":"","format":"standard","meta":{"footnotes":""},"categories":[23,49],"tags":[],"class_list":["post-9158","post","type-post","status-publish","format-standard","has-post-thumbnail","hentry","category-actualite","category-economie"],"yoast_head":"<!-- This site is optimized with the Yoast SEO plugin v27.5 - https:\/\/yoast.com\/product\/yoast-seo-wordpress\/ -->\n<title>Signature d\u2019une convention pour la pr\u00e9servation des p\u00e2turages - Le Quotidien de Nouakchott<\/title>\n<meta name=\"robots\" content=\"index, follow, max-snippet:-1, max-image-preview:large, max-video-preview:-1\" \/>\n<link rel=\"canonical\" href=\"https:\/\/lequotidien.mr\/?p=9158&lang=fr\" \/>\n<meta property=\"og:locale\" content=\"ar_AR\" \/>\n<meta property=\"og:type\" content=\"article\" \/>\n<meta property=\"og:title\" content=\"Signature d\u2019une convention pour la pr\u00e9servation des p\u00e2turages - Le Quotidien de Nouakchott\" \/>\n<meta property=\"og:description\" content=\"AMI &#8211; Le ministre de l\u2019Elevage, M. Mohamed Ould Abdellahi Ould Ethmane, et la ministre de l\u2019Environnement et du D\u00e9veloppement Durable, Mme Lalia Kamra, ont sign\u00e9, vendredi \u00e0 Nouakchott, un accord de coop\u00e9ration entre les deux secteurs. Cet accord vise \u00e0 d\u00e9velopper un plan de coop\u00e9ration et d\u2019int\u00e9gration entre le secteur de l\u2019Elevage et celui.....\" \/>\n<meta property=\"og:url\" content=\"https:\/\/lequotidien.mr\/?p=9158&amp;lang=fr\" \/>\n<meta property=\"og:site_name\" content=\"Le Quotidien de Nouakchott\" \/>\n<meta property=\"article:publisher\" content=\"https:\/\/web.facebook.com\/lequotidienmr\" \/>\n<meta property=\"article:author\" content=\"https:\/\/web.facebook.com\/a.mleiwih\" \/>\n<meta property=\"article:published_time\" content=\"2023-06-17T10:41:45+00:00\" \/>\n<meta property=\"og:image\" content=\"https:\/\/lequotidien.mr\/wp-content\/uploads\/2023\/06\/ministeres_elle_envi000.jpg\" \/>\n\t<meta property=\"og:image:width\" content=\"945\" \/>\n\t<meta property=\"og:image:height\" content=\"630\" \/>\n\t<meta property=\"og:image:type\" content=\"image\/jpeg\" \/>\n<meta name=\"author\" content=\"Alioun M&#039;leiwih\" \/>\n<meta name=\"twitter:card\" content=\"summary_large_image\" \/>\n<meta name=\"twitter:creator\" content=\"@lequotidienmr\" \/>\n<meta name=\"twitter:site\" content=\"@lequotidienmr\" \/>\n<meta name=\"twitter:label1\" content=\"\u0643\u064f\u062a\u0628 \u0628\u0648\u0627\u0633\u0637\u0629\" \/>\n\t<meta name=\"twitter:data1\" content=\"Alioun M&#039;leiwih\" \/>\n\t<meta name=\"twitter:label2\" content=\"\u0648\u0642\u062a \u0627\u0644\u0642\u0631\u0627\u0621\u0629 \u0627\u0644\u0645\u064f\u0642\u062f\u0651\u0631\" \/>\n\t<meta name=\"twitter:data2\" content=\"\u062f\u0642\u064a\u0642\u062a\u0627\u0646\" \/>\n<script type=\"application\/ld+json\" class=\"yoast-schema-graph\">{\"@context\":\"https:\\\/\\\/schema.org\",\"@graph\":[{\"@type\":\"Article\",\"@id\":\"https:\\\/\\\/lequotidien.mr\\\/?p=9158&lang=fr#article\",\"isPartOf\":{\"@id\":\"https:\\\/\\\/lequotidien.mr\\\/?p=9158&lang=fr\"},\"author\":{\"name\":\"Alioun M'leiwih\",\"@id\":\"https:\\\/\\\/lequotidien.mr\\\/#\\\/schema\\\/person\\\/69d1518c74c9137087929a20b1272cb0\"},\"headline\":\"Signature d\u2019une convention pour la pr\u00e9servation des p\u00e2turages\",\"datePublished\":\"2023-06-17T10:41:45+00:00\",\"mainEntityOfPage\":{\"@id\":\"https:\\\/\\\/lequotidien.mr\\\/?p=9158&lang=fr\"},\"wordCount\":396,\"commentCount\":0,\"publisher\":{\"@id\":\"https:\\\/\\\/lequotidien.mr\\\/#organization\"},\"image\":{\"@id\":\"https:\\\/\\\/lequotidien.mr\\\/?p=9158&lang=fr#primaryimage\"},\"thumbnailUrl\":\"https:\\\/\\\/lequotidien.mr\\\/wp-content\\\/uploads\\\/2023\\\/06\\\/ministeres_elle_envi000.jpg\",\"articleSection\":[\"ACTUALIT\u00c9\",\"Economie\"],\"inLanguage\":\"ar\",\"potentialAction\":[{\"@type\":\"CommentAction\",\"name\":\"Comment\",\"target\":[\"https:\\\/\\\/lequotidien.mr\\\/?p=9158&lang=fr#respond\"]}]},{\"@type\":\"WebPage\",\"@id\":\"https:\\\/\\\/lequotidien.mr\\\/?p=9158&lang=fr\",\"url\":\"https:\\\/\\\/lequotidien.mr\\\/?p=9158&lang=fr\",\"name\":\"Signature d\u2019une convention pour la pr\u00e9servation des p\u00e2turages - Le Quotidien de Nouakchott\",\"isPartOf\":{\"@id\":\"https:\\\/\\\/lequotidien.mr\\\/#website\"},\"primaryImageOfPage\":{\"@id\":\"https:\\\/\\\/lequotidien.mr\\\/?p=9158&lang=fr#primaryimage\"},\"image\":{\"@id\":\"https:\\\/\\\/lequotidien.mr\\\/?p=9158&lang=fr#primaryimage\"},\"thumbnailUrl\":\"https:\\\/\\\/lequotidien.mr\\\/wp-content\\\/uploads\\\/2023\\\/06\\\/ministeres_elle_envi000.jpg\",\"datePublished\":\"2023-06-17T10:41:45+00:00\",\"breadcrumb\":{\"@id\":\"https:\\\/\\\/lequotidien.mr\\\/?p=9158&lang=fr#breadcrumb\"},\"inLanguage\":\"ar\",\"potentialAction\":[{\"@type\":\"ReadAction\",\"target\":[\"https:\\\/\\\/lequotidien.mr\\\/?p=9158&lang=fr\"]}]},{\"@type\":\"ImageObject\",\"inLanguage\":\"ar\",\"@id\":\"https:\\\/\\\/lequotidien.mr\\\/?p=9158&lang=fr#primaryimage\",\"url\":\"https:\\\/\\\/lequotidien.mr\\\/wp-content\\\/uploads\\\/2023\\\/06\\\/ministeres_elle_envi000.jpg\",\"contentUrl\":\"https:\\\/\\\/lequotidien.mr\\\/wp-content\\\/uploads\\\/2023\\\/06\\\/ministeres_elle_envi000.jpg\",\"width\":945,\"height\":630},{\"@type\":\"BreadcrumbList\",\"@id\":\"https:\\\/\\\/lequotidien.mr\\\/?p=9158&lang=fr#breadcrumb\",\"itemListElement\":[{\"@type\":\"ListItem\",\"position\":1,\"name\":\"Home\",\"item\":\"https:\\\/\\\/lequotidien.mr\\\/\"},{\"@type\":\"ListItem\",\"position\":2,\"name\":\"Signature d\u2019une convention pour la pr\u00e9servation des p\u00e2turages\"}]},{\"@type\":\"WebSite\",\"@id\":\"https:\\\/\\\/lequotidien.mr\\\/#website\",\"url\":\"https:\\\/\\\/lequotidien.mr\\\/\",\"name\":\"Le Quotidien de Nouakchott\",\"description\":\"\u0625\u062e\u0628\u0627\u0631\u064a\u0629 \u0645\u0633\u062a\u0642\u0644\u0629 \u0644\u0644\u0623\u0646\u0628\u0627\u0621 \u0627\u0644\u0639\u0627\u0645\u0629\",\"publisher\":{\"@id\":\"https:\\\/\\\/lequotidien.mr\\\/#organization\"},\"potentialAction\":[{\"@type\":\"SearchAction\",\"target\":{\"@type\":\"EntryPoint\",\"urlTemplate\":\"https:\\\/\\\/lequotidien.mr\\\/?s={search_term_string}\"},\"query-input\":{\"@type\":\"PropertyValueSpecification\",\"valueRequired\":true,\"valueName\":\"search_term_string\"}}],\"inLanguage\":\"ar\"},{\"@type\":\"Organization\",\"@id\":\"https:\\\/\\\/lequotidien.mr\\\/#organization\",\"name\":\"Le Quotidien de Nouakchott\",\"url\":\"https:\\\/\\\/lequotidien.mr\\\/\",\"logo\":{\"@type\":\"ImageObject\",\"inLanguage\":\"ar\",\"@id\":\"https:\\\/\\\/lequotidien.mr\\\/#\\\/schema\\\/logo\\\/image\\\/\",\"url\":\"https:\\\/\\\/lequotidien.mr\\\/wp-content\\\/uploads\\\/2022\\\/11\\\/logolequotidien.jpg\",\"contentUrl\":\"https:\\\/\\\/lequotidien.mr\\\/wp-content\\\/uploads\\\/2022\\\/11\\\/logolequotidien.jpg\",\"width\":290,\"height\":65,\"caption\":\"Le Quotidien de Nouakchott\"},\"image\":{\"@id\":\"https:\\\/\\\/lequotidien.mr\\\/#\\\/schema\\\/logo\\\/image\\\/\"},\"sameAs\":[\"https:\\\/\\\/web.facebook.com\\\/lequotidienmr\",\"https:\\\/\\\/x.com\\\/lequotidienmr\"]},{\"@type\":\"Person\",\"@id\":\"https:\\\/\\\/lequotidien.mr\\\/#\\\/schema\\\/person\\\/69d1518c74c9137087929a20b1272cb0\",\"name\":\"Alioun M'leiwih\",\"image\":{\"@type\":\"ImageObject\",\"inLanguage\":\"ar\",\"@id\":\"https:\\\/\\\/secure.gravatar.com\\\/avatar\\\/01f9d357222d7d4ca8f71662f4b081718f06d25b11fc45662ecca0622d507e51?s=96&d=mm&r=g\",\"url\":\"https:\\\/\\\/secure.gravatar.com\\\/avatar\\\/01f9d357222d7d4ca8f71662f4b081718f06d25b11fc45662ecca0622d507e51?s=96&d=mm&r=g\",\"contentUrl\":\"https:\\\/\\\/secure.gravatar.com\\\/avatar\\\/01f9d357222d7d4ca8f71662f4b081718f06d25b11fc45662ecca0622d507e51?s=96&d=mm&r=g\",\"caption\":\"Alioun M'leiwih\"},\"sameAs\":[\"https:\\\/\\\/lequotidien.mr\\\/\",\"https:\\\/\\\/web.facebook.com\\\/a.mleiwih\",\"https:\\\/\\\/www.linkedin.com\\\/in\\\/alimlewih\\\/\"],\"url\":\"https:\\\/\\\/lequotidien.mr\\\/?author=3\"}]}<\/script>\n<!-- \/ Yoast SEO plugin. -->","yoast_head_json":{"title":"Signature d\u2019une convention pour la pr\u00e9servation des p\u00e2turages - Le Quotidien de Nouakchott","robots":{"index":"index","follow":"follow","max-snippet":"max-snippet:-1","max-image-preview":"max-image-preview:large","max-video-preview":"max-video-preview:-1"},"canonical":"https:\/\/lequotidien.mr\/?p=9158&lang=fr","og_locale":"ar_AR","og_type":"article","og_title":"Signature d\u2019une convention pour la pr\u00e9servation des p\u00e2turages - Le Quotidien de Nouakchott","og_description":"AMI &#8211; Le ministre de l\u2019Elevage, M. Mohamed Ould Abdellahi Ould Ethmane, et la ministre de l\u2019Environnement et du D\u00e9veloppement Durable, Mme Lalia Kamra, ont sign\u00e9, vendredi \u00e0 Nouakchott, un accord de coop\u00e9ration entre les deux secteurs. Cet accord vise \u00e0 d\u00e9velopper un plan de coop\u00e9ration et d\u2019int\u00e9gration entre le secteur de l\u2019Elevage et celui.....","og_url":"https:\/\/lequotidien.mr\/?p=9158&lang=fr","og_site_name":"Le Quotidien de Nouakchott","article_publisher":"https:\/\/web.facebook.com\/lequotidienmr","article_author":"https:\/\/web.facebook.com\/a.mleiwih","article_published_time":"2023-06-17T10:41:45+00:00","og_image":[{"width":945,"height":630,"url":"https:\/\/lequotidien.mr\/wp-content\/uploads\/2023\/06\/ministeres_elle_envi000.jpg","type":"image\/jpeg"}],"author":"Alioun M'leiwih","twitter_card":"summary_large_image","twitter_creator":"@lequotidienmr","twitter_site":"@lequotidienmr","twitter_misc":{"\u0643\u064f\u062a\u0628 \u0628\u0648\u0627\u0633\u0637\u0629":"Alioun M'leiwih","\u0648\u0642\u062a \u0627\u0644\u0642\u0631\u0627\u0621\u0629 \u0627\u0644\u0645\u064f\u0642\u062f\u0651\u0631":"\u062f\u0642\u064a\u0642\u062a\u0627\u0646"},"schema":{"@context":"https:\/\/schema.org","@graph":[{"@type":"Article","@id":"https:\/\/lequotidien.mr\/?p=9158&lang=fr#article","isPartOf":{"@id":"https:\/\/lequotidien.mr\/?p=9158&lang=fr"},"author":{"name":"Alioun M'leiwih","@id":"https:\/\/lequotidien.mr\/#\/schema\/person\/69d1518c74c9137087929a20b1272cb0"},"headline":"Signature d\u2019une convention pour la pr\u00e9servation des p\u00e2turages","datePublished":"2023-06-17T10:41:45+00:00","mainEntityOfPage":{"@id":"https:\/\/lequotidien.mr\/?p=9158&lang=fr"},"wordCount":396,"commentCount":0,"publisher":{"@id":"https:\/\/lequotidien.mr\/#organization"},"image":{"@id":"https:\/\/lequotidien.mr\/?p=9158&lang=fr#primaryimage"},"thumbnailUrl":"https:\/\/lequotidien.mr\/wp-content\/uploads\/2023\/06\/ministeres_elle_envi000.jpg","articleSection":["ACTUALIT\u00c9","Economie"],"inLanguage":"ar","potentialAction":[{"@type":"CommentAction","name":"Comment","target":["https:\/\/lequotidien.mr\/?p=9158&lang=fr#respond"]}]},{"@type":"WebPage","@id":"https:\/\/lequotidien.mr\/?p=9158&lang=fr","url":"https:\/\/lequotidien.mr\/?p=9158&lang=fr","name":"Signature d\u2019une convention pour la pr\u00e9servation des p\u00e2turages - Le Quotidien de Nouakchott","isPartOf":{"@id":"https:\/\/lequotidien.mr\/#website"},"primaryImageOfPage":{"@id":"https:\/\/lequotidien.mr\/?p=9158&lang=fr#primaryimage"},"image":{"@id":"https:\/\/lequotidien.mr\/?p=9158&lang=fr#primaryimage"},"thumbnailUrl":"https:\/\/lequotidien.mr\/wp-content\/uploads\/2023\/06\/ministeres_elle_envi000.jpg","datePublished":"2023-06-17T10:41:45+00:00","breadcrumb":{"@id":"https:\/\/lequotidien.mr\/?p=9158&lang=fr#breadcrumb"},"inLanguage":"ar","potentialAction":[{"@type":"ReadAction","target":["https:\/\/lequotidien.mr\/?p=9158&lang=fr"]}]},{"@type":"ImageObject","inLanguage":"ar","@id":"https:\/\/lequotidien.mr\/?p=9158&lang=fr#primaryimage","url":"https:\/\/lequotidien.mr\/wp-content\/uploads\/2023\/06\/ministeres_elle_envi000.jpg","contentUrl":"https:\/\/lequotidien.mr\/wp-content\/uploads\/2023\/06\/ministeres_elle_envi000.jpg","width":945,"height":630},{"@type":"BreadcrumbList","@id":"https:\/\/lequotidien.mr\/?p=9158&lang=fr#breadcrumb","itemListElement":[{"@type":"ListItem","position":1,"name":"Home","item":"https:\/\/lequotidien.mr\/"},{"@type":"ListItem","position":2,"name":"Signature d\u2019une convention pour la pr\u00e9servation des p\u00e2turages"}]},{"@type":"WebSite","@id":"https:\/\/lequotidien.mr\/#website","url":"https:\/\/lequotidien.mr\/","name":"Le Quotidien de Nouakchott","description":"\u0625\u062e\u0628\u0627\u0631\u064a\u0629 \u0645\u0633\u062a\u0642\u0644\u0629 \u0644\u0644\u0623\u0646\u0628\u0627\u0621 \u0627\u0644\u0639\u0627\u0645\u0629","publisher":{"@id":"https:\/\/lequotidien.mr\/#organization"},"potentialAction":[{"@type":"SearchAction","target":{"@type":"EntryPoint","urlTemplate":"https:\/\/lequotidien.mr\/?s={search_term_string}"},"query-input":{"@type":"PropertyValueSpecification","valueRequired":true,"valueName":"search_term_string"}}],"inLanguage":"ar"},{"@type":"Organization","@id":"https:\/\/lequotidien.mr\/#organization","name":"Le Quotidien de Nouakchott","url":"https:\/\/lequotidien.mr\/","logo":{"@type":"ImageObject","inLanguage":"ar","@id":"https:\/\/lequotidien.mr\/#\/schema\/logo\/image\/","url":"https:\/\/lequotidien.mr\/wp-content\/uploads\/2022\/11\/logolequotidien.jpg","contentUrl":"https:\/\/lequotidien.mr\/wp-content\/uploads\/2022\/11\/logolequotidien.jpg","width":290,"height":65,"caption":"Le Quotidien de Nouakchott"},"image":{"@id":"https:\/\/lequotidien.mr\/#\/schema\/logo\/image\/"},"sameAs":["https:\/\/web.facebook.com\/lequotidienmr","https:\/\/x.com\/lequotidienmr"]},{"@type":"Person","@id":"https:\/\/lequotidien.mr\/#\/schema\/person\/69d1518c74c9137087929a20b1272cb0","name":"Alioun M'leiwih","image":{"@type":"ImageObject","inLanguage":"ar","@id":"https:\/\/secure.gravatar.com\/avatar\/01f9d357222d7d4ca8f71662f4b081718f06d25b11fc45662ecca0622d507e51?s=96&d=mm&r=g","url":"https:\/\/secure.gravatar.com\/avatar\/01f9d357222d7d4ca8f71662f4b081718f06d25b11fc45662ecca0622d507e51?s=96&d=mm&r=g","contentUrl":"https:\/\/secure.gravatar.com\/avatar\/01f9d357222d7d4ca8f71662f4b081718f06d25b11fc45662ecca0622d507e51?s=96&d=mm&r=g","caption":"Alioun M'leiwih"},"sameAs":["https:\/\/lequotidien.mr\/","https:\/\/web.facebook.com\/a.mleiwih","https:\/\/www.linkedin.com\/in\/alimlewih\/"],"url":"https:\/\/lequotidien.mr\/?author=3"}]}},"_links":{"self":[{"href":"https:\/\/lequotidien.mr\/index.php?rest_route=\/wp\/v2\/posts\/9158","targetHints":{"allow":["GET"]}}],"collection":[{"href":"https:\/\/lequotidien.mr\/index.php?rest_route=\/wp\/v2\/posts"}],"about":[{"href":"https:\/\/lequotidien.mr\/index.php?rest_route=\/wp\/v2\/types\/post"}],"author":[{"embeddable":true,"href":"https:\/\/lequotidien.mr\/index.php?rest_route=\/wp\/v2\/users\/3"}],"replies":[{"embeddable":true,"href":"https:\/\/lequotidien.mr\/index.php?rest_route=%2Fwp%2Fv2%2Fcomments&post=9158"}],"version-history":[{"count":1,"href":"https:\/\/lequotidien.mr\/index.php?rest_route=\/wp\/v2\/posts\/9158\/revisions"}],"predecessor-version":[{"id":9160,"href":"https:\/\/lequotidien.mr\/index.php?rest_route=\/wp\/v2\/posts\/9158\/revisions\/9160"}],"wp:featuredmedia":[{"embeddable":true,"href":"https:\/\/lequotidien.mr\/index.php?rest_route=\/wp\/v2\/media\/9159"}],"wp:attachment":[{"href":"https:\/\/lequotidien.mr\/index.php?rest_route=%2Fwp%2Fv2%2Fmedia&parent=9158"}],"wp:term":[{"taxonomy":"category","embeddable":true,"href":"https:\/\/lequotidien.mr\/index.php?rest_route=%2Fwp%2Fv2%2Fcategories&post=9158"},{"taxonomy":"post_tag","embeddable":true,"href":"https:\/\/lequotidien.mr\/index.php?rest_route=%2Fwp%2Fv2%2Ftags&post=9158"}],"curies":[{"name":"wp","href":"https:\/\/api.w.org\/{rel}","templated":true}]}}