{"id":9151,"date":"2023-06-17T10:40:10","date_gmt":"2023-06-17T10:40:10","guid":{"rendered":"https:\/\/lequotidien.mr\/?p=9151"},"modified":"2023-06-17T10:40:10","modified_gmt":"2023-06-17T10:40:10","slug":"le-premier-ministre-appelle-a-lintensification-des-efforts-pour-ameliorer-la-securite-routiere","status":"publish","type":"post","link":"https:\/\/lequotidien.mr\/?p=9151&lang=fr","title":{"rendered":"Le Premier ministre appelle \u00e0 l\u2019intensification des efforts pour am\u00e9liorer la s\u00e9curit\u00e9 routi\u00e8re"},"content":{"rendered":"<p>AMI &#8211; Le Comit\u00e9 interminist\u00e9riel charg\u00e9 de la s\u00e9curit\u00e9 routi\u00e8re s\u2019est r\u00e9uni, vendredi \u00e0 Nouakchott, sous la pr\u00e9sidence du Premier ministre, Monsieur Mohamed Bilal Messaoud.<\/p>\n<p>Au cours de la r\u00e9union, le Comit\u00e9 interminist\u00e9riel a suivi un expos\u00e9 sur le niveau de mise en \u0153uvre de la strat\u00e9gie nationale de s\u00e9curit\u00e9 routi\u00e8re et de son plan d\u2019action multisectoriel.<\/p>\n<p>Le comit\u00e9 a not\u00e9 avec satisfaction l\u2019\u00e9volution positive manifest\u00e9e par la r\u00e9duction significative du nombre des d\u00e9c\u00e8s suite aux accidents de la route, et appel\u00e9 \u00e0 la poursuite des efforts d\u00e9ploy\u00e9s en mati\u00e8re de mise en \u0153uvre et de suivi de la strat\u00e9gie nationale de s\u00e9curit\u00e9 routi\u00e8re.<\/p>\n<p>Il a \u00e9t\u00e9 question, \u00e9galement, d\u2019introduire de mesures innovantes pour rehausser davantage le niveau de s\u00e9curit\u00e9 sur nos axes routiers et la r\u00e9vision des textes r\u00e9gissant les transports terrestres \u00e0 tous les niveaux.<\/p>\n<p>Le Comit\u00e9 interminist\u00e9riel a recommand\u00e9 le renforcement des mesures engag\u00e9es en mati\u00e8re de s\u00e9curit\u00e9 routi\u00e8re par l\u2019implication de la soci\u00e9t\u00e9 civile et des acteurs du secteur des transports pour davantage de sensibilisation et de conscientisation en vue de rehausser le seuil d\u2019op\u00e9rabilit\u00e9 d\u2019ex\u00e9cution du programme multisectoriel de s\u00e9curit\u00e9 routi\u00e8re, auquel participent divers d\u00e9partements minist\u00e9riels, afin d\u2019assurer la r\u00e9duction des accidents de la route.<\/p>\n<p>En conclusion, le Premier ministre a enjoint les d\u00e9partements impliqu\u00e9s dans le domaine \u00e0 intensifier les efforts pour harmoniser notre syst\u00e8me avec les normes internationales.<\/p>\n","protected":false},"excerpt":{"rendered":"<p>AMI &#8211; Le Comit\u00e9 interminist\u00e9riel charg\u00e9 de la s\u00e9curit\u00e9 routi\u00e8re s\u2019est r\u00e9uni, vendredi \u00e0 Nouakchott, sous la pr\u00e9sidence du Premier ministre, Monsieur Mohamed Bilal Messaoud. Au cours de la r\u00e9union, le Comit\u00e9 interminist\u00e9riel a suivi un expos\u00e9 sur le niveau de mise en \u0153uvre de la strat\u00e9gie nationale de s\u00e9curit\u00e9 routi\u00e8re et de son plan&#8230;..<\/p>\n","protected":false},"author":3,"featured_media":9152,"comment_status":"open","ping_status":"open","sticky":false,"template":"","format":"standard","meta":{"footnotes":""},"categories":[23,53],"tags":[],"class_list":["post-9151","post","type-post","status-publish","format-standard","has-post-thumbnail","hentry","category-actualite","category-faits-divers"],"yoast_head":"<!-- This site is optimized with the Yoast SEO plugin v27.5 - https:\/\/yoast.com\/product\/yoast-seo-wordpress\/ -->\n<title>Le Premier ministre appelle \u00e0 l\u2019intensification des efforts pour am\u00e9liorer la s\u00e9curit\u00e9 routi\u00e8re - Le Quotidien de Nouakchott<\/title>\n<meta name=\"robots\" content=\"index, follow, max-snippet:-1, max-image-preview:large, max-video-preview:-1\" \/>\n<link rel=\"canonical\" href=\"https:\/\/lequotidien.mr\/?p=9151&lang=fr\" \/>\n<meta property=\"og:locale\" content=\"ar_AR\" \/>\n<meta property=\"og:type\" content=\"article\" \/>\n<meta property=\"og:title\" content=\"Le Premier ministre appelle \u00e0 l\u2019intensification des efforts pour am\u00e9liorer la s\u00e9curit\u00e9 routi\u00e8re - Le Quotidien de Nouakchott\" \/>\n<meta property=\"og:description\" content=\"AMI &#8211; Le Comit\u00e9 interminist\u00e9riel charg\u00e9 de la s\u00e9curit\u00e9 routi\u00e8re s\u2019est r\u00e9uni, vendredi \u00e0 Nouakchott, sous la pr\u00e9sidence du Premier ministre, Monsieur Mohamed Bilal Messaoud. Au cours de la r\u00e9union, le Comit\u00e9 interminist\u00e9riel a suivi un expos\u00e9 sur le niveau de mise en \u0153uvre de la strat\u00e9gie nationale de s\u00e9curit\u00e9 routi\u00e8re et de son plan.....\" \/>\n<meta property=\"og:url\" content=\"https:\/\/lequotidien.mr\/?p=9151&amp;lang=fr\" \/>\n<meta property=\"og:site_name\" content=\"Le Quotidien de Nouakchott\" \/>\n<meta property=\"article:publisher\" content=\"https:\/\/web.facebook.com\/lequotidienmr\" \/>\n<meta property=\"article:author\" content=\"https:\/\/web.facebook.com\/a.mleiwih\" \/>\n<meta property=\"article:published_time\" content=\"2023-06-17T10:40:10+00:00\" \/>\n<meta property=\"og:image\" content=\"https:\/\/lequotidien.mr\/wp-content\/uploads\/2023\/06\/8787-1.jpg\" \/>\n\t<meta property=\"og:image:width\" content=\"789\" \/>\n\t<meta property=\"og:image:height\" content=\"489\" \/>\n\t<meta property=\"og:image:type\" content=\"image\/jpeg\" \/>\n<meta name=\"author\" content=\"Alioun M&#039;leiwih\" \/>\n<meta name=\"twitter:card\" content=\"summary_large_image\" \/>\n<meta name=\"twitter:creator\" content=\"@lequotidienmr\" \/>\n<meta name=\"twitter:site\" content=\"@lequotidienmr\" \/>\n<meta name=\"twitter:label1\" content=\"\u0643\u064f\u062a\u0628 \u0628\u0648\u0627\u0633\u0637\u0629\" \/>\n\t<meta name=\"twitter:data1\" content=\"Alioun M&#039;leiwih\" \/>\n\t<meta name=\"twitter:label2\" content=\"\u0648\u0642\u062a \u0627\u0644\u0642\u0631\u0627\u0621\u0629 \u0627\u0644\u0645\u064f\u0642\u062f\u0651\u0631\" \/>\n\t<meta name=\"twitter:data2\" content=\"\u062f\u0642\u064a\u0642\u0629 \u0648\u0627\u062d\u062f\u0629\" \/>\n<script type=\"application\/ld+json\" class=\"yoast-schema-graph\">{\"@context\":\"https:\\\/\\\/schema.org\",\"@graph\":[{\"@type\":\"Article\",\"@id\":\"https:\\\/\\\/lequotidien.mr\\\/?p=9151&lang=fr#article\",\"isPartOf\":{\"@id\":\"https:\\\/\\\/lequotidien.mr\\\/?p=9151&lang=fr\"},\"author\":{\"name\":\"Alioun M'leiwih\",\"@id\":\"https:\\\/\\\/lequotidien.mr\\\/#\\\/schema\\\/person\\\/69d1518c74c9137087929a20b1272cb0\"},\"headline\":\"Le Premier ministre appelle \u00e0 l\u2019intensification des efforts pour am\u00e9liorer la s\u00e9curit\u00e9 routi\u00e8re\",\"datePublished\":\"2023-06-17T10:40:10+00:00\",\"mainEntityOfPage\":{\"@id\":\"https:\\\/\\\/lequotidien.mr\\\/?p=9151&lang=fr\"},\"wordCount\":284,\"commentCount\":0,\"publisher\":{\"@id\":\"https:\\\/\\\/lequotidien.mr\\\/#organization\"},\"image\":{\"@id\":\"https:\\\/\\\/lequotidien.mr\\\/?p=9151&lang=fr#primaryimage\"},\"thumbnailUrl\":\"https:\\\/\\\/lequotidien.mr\\\/wp-content\\\/uploads\\\/2023\\\/06\\\/8787-1.jpg\",\"articleSection\":[\"ACTUALIT\u00c9\",\"FAITS DIVERS\"],\"inLanguage\":\"ar\",\"potentialAction\":[{\"@type\":\"CommentAction\",\"name\":\"Comment\",\"target\":[\"https:\\\/\\\/lequotidien.mr\\\/?p=9151&lang=fr#respond\"]}]},{\"@type\":\"WebPage\",\"@id\":\"https:\\\/\\\/lequotidien.mr\\\/?p=9151&lang=fr\",\"url\":\"https:\\\/\\\/lequotidien.mr\\\/?p=9151&lang=fr\",\"name\":\"Le Premier ministre appelle \u00e0 l\u2019intensification des efforts pour am\u00e9liorer la s\u00e9curit\u00e9 routi\u00e8re - Le Quotidien de Nouakchott\",\"isPartOf\":{\"@id\":\"https:\\\/\\\/lequotidien.mr\\\/#website\"},\"primaryImageOfPage\":{\"@id\":\"https:\\\/\\\/lequotidien.mr\\\/?p=9151&lang=fr#primaryimage\"},\"image\":{\"@id\":\"https:\\\/\\\/lequotidien.mr\\\/?p=9151&lang=fr#primaryimage\"},\"thumbnailUrl\":\"https:\\\/\\\/lequotidien.mr\\\/wp-content\\\/uploads\\\/2023\\\/06\\\/8787-1.jpg\",\"datePublished\":\"2023-06-17T10:40:10+00:00\",\"breadcrumb\":{\"@id\":\"https:\\\/\\\/lequotidien.mr\\\/?p=9151&lang=fr#breadcrumb\"},\"inLanguage\":\"ar\",\"potentialAction\":[{\"@type\":\"ReadAction\",\"target\":[\"https:\\\/\\\/lequotidien.mr\\\/?p=9151&lang=fr\"]}]},{\"@type\":\"ImageObject\",\"inLanguage\":\"ar\",\"@id\":\"https:\\\/\\\/lequotidien.mr\\\/?p=9151&lang=fr#primaryimage\",\"url\":\"https:\\\/\\\/lequotidien.mr\\\/wp-content\\\/uploads\\\/2023\\\/06\\\/8787-1.jpg\",\"contentUrl\":\"https:\\\/\\\/lequotidien.mr\\\/wp-content\\\/uploads\\\/2023\\\/06\\\/8787-1.jpg\",\"width\":789,\"height\":489},{\"@type\":\"BreadcrumbList\",\"@id\":\"https:\\\/\\\/lequotidien.mr\\\/?p=9151&lang=fr#breadcrumb\",\"itemListElement\":[{\"@type\":\"ListItem\",\"position\":1,\"name\":\"Home\",\"item\":\"https:\\\/\\\/lequotidien.mr\\\/\"},{\"@type\":\"ListItem\",\"position\":2,\"name\":\"Le Premier ministre appelle \u00e0 l\u2019intensification des efforts pour am\u00e9liorer la s\u00e9curit\u00e9 routi\u00e8re\"}]},{\"@type\":\"WebSite\",\"@id\":\"https:\\\/\\\/lequotidien.mr\\\/#website\",\"url\":\"https:\\\/\\\/lequotidien.mr\\\/\",\"name\":\"Le Quotidien de Nouakchott\",\"description\":\"\u0625\u062e\u0628\u0627\u0631\u064a\u0629 \u0645\u0633\u062a\u0642\u0644\u0629 \u0644\u0644\u0623\u0646\u0628\u0627\u0621 \u0627\u0644\u0639\u0627\u0645\u0629\",\"publisher\":{\"@id\":\"https:\\\/\\\/lequotidien.mr\\\/#organization\"},\"potentialAction\":[{\"@type\":\"SearchAction\",\"target\":{\"@type\":\"EntryPoint\",\"urlTemplate\":\"https:\\\/\\\/lequotidien.mr\\\/?s={search_term_string}\"},\"query-input\":{\"@type\":\"PropertyValueSpecification\",\"valueRequired\":true,\"valueName\":\"search_term_string\"}}],\"inLanguage\":\"ar\"},{\"@type\":\"Organization\",\"@id\":\"https:\\\/\\\/lequotidien.mr\\\/#organization\",\"name\":\"Le Quotidien de Nouakchott\",\"url\":\"https:\\\/\\\/lequotidien.mr\\\/\",\"logo\":{\"@type\":\"ImageObject\",\"inLanguage\":\"ar\",\"@id\":\"https:\\\/\\\/lequotidien.mr\\\/#\\\/schema\\\/logo\\\/image\\\/\",\"url\":\"https:\\\/\\\/lequotidien.mr\\\/wp-content\\\/uploads\\\/2022\\\/11\\\/logolequotidien.jpg\",\"contentUrl\":\"https:\\\/\\\/lequotidien.mr\\\/wp-content\\\/uploads\\\/2022\\\/11\\\/logolequotidien.jpg\",\"width\":290,\"height\":65,\"caption\":\"Le Quotidien de Nouakchott\"},\"image\":{\"@id\":\"https:\\\/\\\/lequotidien.mr\\\/#\\\/schema\\\/logo\\\/image\\\/\"},\"sameAs\":[\"https:\\\/\\\/web.facebook.com\\\/lequotidienmr\",\"https:\\\/\\\/x.com\\\/lequotidienmr\"]},{\"@type\":\"Person\",\"@id\":\"https:\\\/\\\/lequotidien.mr\\\/#\\\/schema\\\/person\\\/69d1518c74c9137087929a20b1272cb0\",\"name\":\"Alioun M'leiwih\",\"image\":{\"@type\":\"ImageObject\",\"inLanguage\":\"ar\",\"@id\":\"https:\\\/\\\/secure.gravatar.com\\\/avatar\\\/01f9d357222d7d4ca8f71662f4b081718f06d25b11fc45662ecca0622d507e51?s=96&d=mm&r=g\",\"url\":\"https:\\\/\\\/secure.gravatar.com\\\/avatar\\\/01f9d357222d7d4ca8f71662f4b081718f06d25b11fc45662ecca0622d507e51?s=96&d=mm&r=g\",\"contentUrl\":\"https:\\\/\\\/secure.gravatar.com\\\/avatar\\\/01f9d357222d7d4ca8f71662f4b081718f06d25b11fc45662ecca0622d507e51?s=96&d=mm&r=g\",\"caption\":\"Alioun M'leiwih\"},\"sameAs\":[\"https:\\\/\\\/lequotidien.mr\\\/\",\"https:\\\/\\\/web.facebook.com\\\/a.mleiwih\",\"https:\\\/\\\/www.linkedin.com\\\/in\\\/alimlewih\\\/\"],\"url\":\"https:\\\/\\\/lequotidien.mr\\\/?author=3\"}]}<\/script>\n<!-- \/ Yoast SEO plugin. -->","yoast_head_json":{"title":"Le Premier ministre appelle \u00e0 l\u2019intensification des efforts pour am\u00e9liorer la s\u00e9curit\u00e9 routi\u00e8re - Le Quotidien de Nouakchott","robots":{"index":"index","follow":"follow","max-snippet":"max-snippet:-1","max-image-preview":"max-image-preview:large","max-video-preview":"max-video-preview:-1"},"canonical":"https:\/\/lequotidien.mr\/?p=9151&lang=fr","og_locale":"ar_AR","og_type":"article","og_title":"Le Premier ministre appelle \u00e0 l\u2019intensification des efforts pour am\u00e9liorer la s\u00e9curit\u00e9 routi\u00e8re - Le Quotidien de Nouakchott","og_description":"AMI &#8211; Le Comit\u00e9 interminist\u00e9riel charg\u00e9 de la s\u00e9curit\u00e9 routi\u00e8re s\u2019est r\u00e9uni, vendredi \u00e0 Nouakchott, sous la pr\u00e9sidence du Premier ministre, Monsieur Mohamed Bilal Messaoud. Au cours de la r\u00e9union, le Comit\u00e9 interminist\u00e9riel a suivi un expos\u00e9 sur le niveau de mise en \u0153uvre de la strat\u00e9gie nationale de s\u00e9curit\u00e9 routi\u00e8re et de son plan.....","og_url":"https:\/\/lequotidien.mr\/?p=9151&lang=fr","og_site_name":"Le Quotidien de Nouakchott","article_publisher":"https:\/\/web.facebook.com\/lequotidienmr","article_author":"https:\/\/web.facebook.com\/a.mleiwih","article_published_time":"2023-06-17T10:40:10+00:00","og_image":[{"width":789,"height":489,"url":"https:\/\/lequotidien.mr\/wp-content\/uploads\/2023\/06\/8787-1.jpg","type":"image\/jpeg"}],"author":"Alioun M'leiwih","twitter_card":"summary_large_image","twitter_creator":"@lequotidienmr","twitter_site":"@lequotidienmr","twitter_misc":{"\u0643\u064f\u062a\u0628 \u0628\u0648\u0627\u0633\u0637\u0629":"Alioun M'leiwih","\u0648\u0642\u062a \u0627\u0644\u0642\u0631\u0627\u0621\u0629 \u0627\u0644\u0645\u064f\u0642\u062f\u0651\u0631":"\u062f\u0642\u064a\u0642\u0629 \u0648\u0627\u062d\u062f\u0629"},"schema":{"@context":"https:\/\/schema.org","@graph":[{"@type":"Article","@id":"https:\/\/lequotidien.mr\/?p=9151&lang=fr#article","isPartOf":{"@id":"https:\/\/lequotidien.mr\/?p=9151&lang=fr"},"author":{"name":"Alioun M'leiwih","@id":"https:\/\/lequotidien.mr\/#\/schema\/person\/69d1518c74c9137087929a20b1272cb0"},"headline":"Le Premier ministre appelle \u00e0 l\u2019intensification des efforts pour am\u00e9liorer la s\u00e9curit\u00e9 routi\u00e8re","datePublished":"2023-06-17T10:40:10+00:00","mainEntityOfPage":{"@id":"https:\/\/lequotidien.mr\/?p=9151&lang=fr"},"wordCount":284,"commentCount":0,"publisher":{"@id":"https:\/\/lequotidien.mr\/#organization"},"image":{"@id":"https:\/\/lequotidien.mr\/?p=9151&lang=fr#primaryimage"},"thumbnailUrl":"https:\/\/lequotidien.mr\/wp-content\/uploads\/2023\/06\/8787-1.jpg","articleSection":["ACTUALIT\u00c9","FAITS DIVERS"],"inLanguage":"ar","potentialAction":[{"@type":"CommentAction","name":"Comment","target":["https:\/\/lequotidien.mr\/?p=9151&lang=fr#respond"]}]},{"@type":"WebPage","@id":"https:\/\/lequotidien.mr\/?p=9151&lang=fr","url":"https:\/\/lequotidien.mr\/?p=9151&lang=fr","name":"Le Premier ministre appelle \u00e0 l\u2019intensification des efforts pour am\u00e9liorer la s\u00e9curit\u00e9 routi\u00e8re - Le Quotidien de Nouakchott","isPartOf":{"@id":"https:\/\/lequotidien.mr\/#website"},"primaryImageOfPage":{"@id":"https:\/\/lequotidien.mr\/?p=9151&lang=fr#primaryimage"},"image":{"@id":"https:\/\/lequotidien.mr\/?p=9151&lang=fr#primaryimage"},"thumbnailUrl":"https:\/\/lequotidien.mr\/wp-content\/uploads\/2023\/06\/8787-1.jpg","datePublished":"2023-06-17T10:40:10+00:00","breadcrumb":{"@id":"https:\/\/lequotidien.mr\/?p=9151&lang=fr#breadcrumb"},"inLanguage":"ar","potentialAction":[{"@type":"ReadAction","target":["https:\/\/lequotidien.mr\/?p=9151&lang=fr"]}]},{"@type":"ImageObject","inLanguage":"ar","@id":"https:\/\/lequotidien.mr\/?p=9151&lang=fr#primaryimage","url":"https:\/\/lequotidien.mr\/wp-content\/uploads\/2023\/06\/8787-1.jpg","contentUrl":"https:\/\/lequotidien.mr\/wp-content\/uploads\/2023\/06\/8787-1.jpg","width":789,"height":489},{"@type":"BreadcrumbList","@id":"https:\/\/lequotidien.mr\/?p=9151&lang=fr#breadcrumb","itemListElement":[{"@type":"ListItem","position":1,"name":"Home","item":"https:\/\/lequotidien.mr\/"},{"@type":"ListItem","position":2,"name":"Le Premier ministre appelle \u00e0 l\u2019intensification des efforts pour am\u00e9liorer la s\u00e9curit\u00e9 routi\u00e8re"}]},{"@type":"WebSite","@id":"https:\/\/lequotidien.mr\/#website","url":"https:\/\/lequotidien.mr\/","name":"Le Quotidien de Nouakchott","description":"\u0625\u062e\u0628\u0627\u0631\u064a\u0629 \u0645\u0633\u062a\u0642\u0644\u0629 \u0644\u0644\u0623\u0646\u0628\u0627\u0621 \u0627\u0644\u0639\u0627\u0645\u0629","publisher":{"@id":"https:\/\/lequotidien.mr\/#organization"},"potentialAction":[{"@type":"SearchAction","target":{"@type":"EntryPoint","urlTemplate":"https:\/\/lequotidien.mr\/?s={search_term_string}"},"query-input":{"@type":"PropertyValueSpecification","valueRequired":true,"valueName":"search_term_string"}}],"inLanguage":"ar"},{"@type":"Organization","@id":"https:\/\/lequotidien.mr\/#organization","name":"Le Quotidien de Nouakchott","url":"https:\/\/lequotidien.mr\/","logo":{"@type":"ImageObject","inLanguage":"ar","@id":"https:\/\/lequotidien.mr\/#\/schema\/logo\/image\/","url":"https:\/\/lequotidien.mr\/wp-content\/uploads\/2022\/11\/logolequotidien.jpg","contentUrl":"https:\/\/lequotidien.mr\/wp-content\/uploads\/2022\/11\/logolequotidien.jpg","width":290,"height":65,"caption":"Le Quotidien de Nouakchott"},"image":{"@id":"https:\/\/lequotidien.mr\/#\/schema\/logo\/image\/"},"sameAs":["https:\/\/web.facebook.com\/lequotidienmr","https:\/\/x.com\/lequotidienmr"]},{"@type":"Person","@id":"https:\/\/lequotidien.mr\/#\/schema\/person\/69d1518c74c9137087929a20b1272cb0","name":"Alioun M'leiwih","image":{"@type":"ImageObject","inLanguage":"ar","@id":"https:\/\/secure.gravatar.com\/avatar\/01f9d357222d7d4ca8f71662f4b081718f06d25b11fc45662ecca0622d507e51?s=96&d=mm&r=g","url":"https:\/\/secure.gravatar.com\/avatar\/01f9d357222d7d4ca8f71662f4b081718f06d25b11fc45662ecca0622d507e51?s=96&d=mm&r=g","contentUrl":"https:\/\/secure.gravatar.com\/avatar\/01f9d357222d7d4ca8f71662f4b081718f06d25b11fc45662ecca0622d507e51?s=96&d=mm&r=g","caption":"Alioun M'leiwih"},"sameAs":["https:\/\/lequotidien.mr\/","https:\/\/web.facebook.com\/a.mleiwih","https:\/\/www.linkedin.com\/in\/alimlewih\/"],"url":"https:\/\/lequotidien.mr\/?author=3"}]}},"_links":{"self":[{"href":"https:\/\/lequotidien.mr\/index.php?rest_route=\/wp\/v2\/posts\/9151","targetHints":{"allow":["GET"]}}],"collection":[{"href":"https:\/\/lequotidien.mr\/index.php?rest_route=\/wp\/v2\/posts"}],"about":[{"href":"https:\/\/lequotidien.mr\/index.php?rest_route=\/wp\/v2\/types\/post"}],"author":[{"embeddable":true,"href":"https:\/\/lequotidien.mr\/index.php?rest_route=\/wp\/v2\/users\/3"}],"replies":[{"embeddable":true,"href":"https:\/\/lequotidien.mr\/index.php?rest_route=%2Fwp%2Fv2%2Fcomments&post=9151"}],"version-history":[{"count":2,"href":"https:\/\/lequotidien.mr\/index.php?rest_route=\/wp\/v2\/posts\/9151\/revisions"}],"predecessor-version":[{"id":9154,"href":"https:\/\/lequotidien.mr\/index.php?rest_route=\/wp\/v2\/posts\/9151\/revisions\/9154"}],"wp:featuredmedia":[{"embeddable":true,"href":"https:\/\/lequotidien.mr\/index.php?rest_route=\/wp\/v2\/media\/9152"}],"wp:attachment":[{"href":"https:\/\/lequotidien.mr\/index.php?rest_route=%2Fwp%2Fv2%2Fmedia&parent=9151"}],"wp:term":[{"taxonomy":"category","embeddable":true,"href":"https:\/\/lequotidien.mr\/index.php?rest_route=%2Fwp%2Fv2%2Fcategories&post=9151"},{"taxonomy":"post_tag","embeddable":true,"href":"https:\/\/lequotidien.mr\/index.php?rest_route=%2Fwp%2Fv2%2Ftags&post=9151"}],"curies":[{"name":"wp","href":"https:\/\/api.w.org\/{rel}","templated":true}]}}