{"id":9142,"date":"2023-06-17T10:36:37","date_gmt":"2023-06-17T10:36:37","guid":{"rendered":"https:\/\/lequotidien.mr\/?p=9142"},"modified":"2023-06-17T10:36:37","modified_gmt":"2023-06-17T10:36:37","slug":"bouhoubeyni-nous-continuons-a-faire-plus-pour-elever-la-realite-des-droits-de-lhomme-dans-notre-pays","status":"publish","type":"post","link":"https:\/\/lequotidien.mr\/?p=9142&lang=fr","title":{"rendered":"Bouhoubeyni : nous continuons \u00e0 faire plus pour \u00e9lever la r\u00e9alit\u00e9 des droits de l\u2019homme dans notre pays"},"content":{"rendered":"<p><strong>AMI<\/strong> &#8211; Le d\u00e9partement d\u2019\u00c9tat am\u00e9ricain a rendu public son rapport annuel sur la \u201cTraite des personnes pour l\u2019ann\u00e9e 2022\u201d, et a class\u00e9 la Mauritanie dans la liste des \u201cpays de niveau 2 sans surveillance\u201d, ce qui lui permet l\u2019acc\u00e8s aux \u00e9changes commerciaux avec les \u00c9tats-Unis et d\u2019obtenir des financements.<\/p>\n<p>Le pr\u00e9sident de la Commission Nationale des Droits de l\u2019Homme -CNDH), Me Ahmed Salem Ould Bouhoubeini a exprim\u00e9 \u00e0 cette occasion, sa fiert\u00e9 pour ces avanc\u00e9es enregistr\u00e9es par la Mauritanie qui lui permettent de d\u00e9passer des pays faisant l\u2019objet d\u2019une surveillance renforc\u00e9e et figurant sur la liste commun\u00e9ment d\u00e9sign\u00e9e sous le nom de \u00ab liste grise \u00bb, se r\u00e9jouissant de cet exploit,en reconnaissance des efforts d\u00e9ploy\u00e9s par le pays en mati\u00e8re des droits de l\u2019homme.<\/p>\n<p>M.Ould Bouhoubeini a f\u00e9licit\u00e9, \u00e9galement, les autorit\u00e9s mauritaniennes et le peuple mauritanien pour ce grand succ\u00e8s qui, dira-t-il, est une preuve irr\u00e9futable de l\u2019am\u00e9lioration de la situation des droits de l\u2019homme en Mauritanie.<\/p>\n<p>\u201cNous continuons \u00e0 faire plus pour \u00e9lever la r\u00e9alit\u00e9 des droits de l\u2019homme dans notre pays\u201d, a post\u00e9 le pr\u00e9sident de la CNDH sur son compte Facebook, motivant sa visite effectu\u00e9e aux \u00c9tats-Unis depuis pr\u00e8s deux mois, afin d\u2019informer les autorit\u00e9s am\u00e9ricaines des progr\u00e8s r\u00e9alis\u00e9s en Mauritanie dans le domaine des droits de l\u2019homme.<\/p>\n","protected":false},"excerpt":{"rendered":"<p>AMI &#8211; Le d\u00e9partement d\u2019\u00c9tat am\u00e9ricain a rendu public son rapport annuel sur la \u201cTraite des personnes pour l\u2019ann\u00e9e 2022\u201d, et a class\u00e9 la Mauritanie dans la liste des \u201cpays de niveau 2 sans surveillance\u201d, ce qui lui permet l\u2019acc\u00e8s aux \u00e9changes commerciaux avec les \u00c9tats-Unis et d\u2019obtenir des financements. Le pr\u00e9sident de la Commission&#8230;..<\/p>\n","protected":false},"author":3,"featured_media":9143,"comment_status":"open","ping_status":"open","sticky":false,"template":"","format":"standard","meta":{"footnotes":""},"categories":[23,55],"tags":[],"class_list":["post-9142","post","type-post","status-publish","format-standard","has-post-thumbnail","hentry","category-actualite","category-culture"],"yoast_head":"<!-- This site is optimized with the Yoast SEO plugin v27.5 - https:\/\/yoast.com\/product\/yoast-seo-wordpress\/ -->\n<title>Bouhoubeyni : nous continuons \u00e0 faire plus pour \u00e9lever la r\u00e9alit\u00e9 des droits de l\u2019homme dans notre pays - Le Quotidien de Nouakchott<\/title>\n<meta name=\"robots\" content=\"index, follow, max-snippet:-1, max-image-preview:large, max-video-preview:-1\" \/>\n<link rel=\"canonical\" href=\"https:\/\/lequotidien.mr\/?p=9142&lang=fr\" \/>\n<meta property=\"og:locale\" content=\"ar_AR\" \/>\n<meta property=\"og:type\" content=\"article\" \/>\n<meta property=\"og:title\" content=\"Bouhoubeyni : nous continuons \u00e0 faire plus pour \u00e9lever la r\u00e9alit\u00e9 des droits de l\u2019homme dans notre pays - Le Quotidien de Nouakchott\" \/>\n<meta property=\"og:description\" content=\"AMI &#8211; Le d\u00e9partement d\u2019\u00c9tat am\u00e9ricain a rendu public son rapport annuel sur la \u201cTraite des personnes pour l\u2019ann\u00e9e 2022\u201d, et a class\u00e9 la Mauritanie dans la liste des \u201cpays de niveau 2 sans surveillance\u201d, ce qui lui permet l\u2019acc\u00e8s aux \u00e9changes commerciaux avec les \u00c9tats-Unis et d\u2019obtenir des financements. Le pr\u00e9sident de la Commission.....\" \/>\n<meta property=\"og:url\" content=\"https:\/\/lequotidien.mr\/?p=9142&amp;lang=fr\" \/>\n<meta property=\"og:site_name\" content=\"Le Quotidien de Nouakchott\" \/>\n<meta property=\"article:publisher\" content=\"https:\/\/web.facebook.com\/lequotidienmr\" \/>\n<meta property=\"article:author\" content=\"https:\/\/web.facebook.com\/a.mleiwih\" \/>\n<meta property=\"article:published_time\" content=\"2023-06-17T10:36:37+00:00\" \/>\n<meta property=\"og:image\" content=\"https:\/\/lequotidien.mr\/wp-content\/uploads\/2023\/06\/ould_bouhoubeini_a_540.jpg\" \/>\n\t<meta property=\"og:image:width\" content=\"557\" \/>\n\t<meta property=\"og:image:height\" content=\"424\" \/>\n\t<meta property=\"og:image:type\" content=\"image\/jpeg\" \/>\n<meta name=\"author\" content=\"Alioun M&#039;leiwih\" \/>\n<meta name=\"twitter:card\" content=\"summary_large_image\" \/>\n<meta name=\"twitter:creator\" content=\"@lequotidienmr\" \/>\n<meta name=\"twitter:site\" content=\"@lequotidienmr\" \/>\n<meta name=\"twitter:label1\" content=\"\u0643\u064f\u062a\u0628 \u0628\u0648\u0627\u0633\u0637\u0629\" \/>\n\t<meta name=\"twitter:data1\" content=\"Alioun M&#039;leiwih\" \/>\n\t<meta name=\"twitter:label2\" content=\"\u0648\u0642\u062a \u0627\u0644\u0642\u0631\u0627\u0621\u0629 \u0627\u0644\u0645\u064f\u0642\u062f\u0651\u0631\" \/>\n\t<meta name=\"twitter:data2\" content=\"\u062f\u0642\u064a\u0642\u0629 \u0648\u0627\u062d\u062f\u0629\" \/>\n<script type=\"application\/ld+json\" class=\"yoast-schema-graph\">{\"@context\":\"https:\\\/\\\/schema.org\",\"@graph\":[{\"@type\":\"Article\",\"@id\":\"https:\\\/\\\/lequotidien.mr\\\/?p=9142&lang=fr#article\",\"isPartOf\":{\"@id\":\"https:\\\/\\\/lequotidien.mr\\\/?p=9142&lang=fr\"},\"author\":{\"name\":\"Alioun M'leiwih\",\"@id\":\"https:\\\/\\\/lequotidien.mr\\\/#\\\/schema\\\/person\\\/69d1518c74c9137087929a20b1272cb0\"},\"headline\":\"Bouhoubeyni : nous continuons \u00e0 faire plus pour \u00e9lever la r\u00e9alit\u00e9 des droits de l\u2019homme dans notre pays\",\"datePublished\":\"2023-06-17T10:36:37+00:00\",\"mainEntityOfPage\":{\"@id\":\"https:\\\/\\\/lequotidien.mr\\\/?p=9142&lang=fr\"},\"wordCount\":269,\"commentCount\":0,\"publisher\":{\"@id\":\"https:\\\/\\\/lequotidien.mr\\\/#organization\"},\"image\":{\"@id\":\"https:\\\/\\\/lequotidien.mr\\\/?p=9142&lang=fr#primaryimage\"},\"thumbnailUrl\":\"https:\\\/\\\/lequotidien.mr\\\/wp-content\\\/uploads\\\/2023\\\/06\\\/ould_bouhoubeini_a_540.jpg\",\"articleSection\":[\"ACTUALIT\u00c9\",\"Culture\"],\"inLanguage\":\"ar\",\"potentialAction\":[{\"@type\":\"CommentAction\",\"name\":\"Comment\",\"target\":[\"https:\\\/\\\/lequotidien.mr\\\/?p=9142&lang=fr#respond\"]}]},{\"@type\":\"WebPage\",\"@id\":\"https:\\\/\\\/lequotidien.mr\\\/?p=9142&lang=fr\",\"url\":\"https:\\\/\\\/lequotidien.mr\\\/?p=9142&lang=fr\",\"name\":\"Bouhoubeyni : nous continuons \u00e0 faire plus pour \u00e9lever la r\u00e9alit\u00e9 des droits de l\u2019homme dans notre pays - Le Quotidien de Nouakchott\",\"isPartOf\":{\"@id\":\"https:\\\/\\\/lequotidien.mr\\\/#website\"},\"primaryImageOfPage\":{\"@id\":\"https:\\\/\\\/lequotidien.mr\\\/?p=9142&lang=fr#primaryimage\"},\"image\":{\"@id\":\"https:\\\/\\\/lequotidien.mr\\\/?p=9142&lang=fr#primaryimage\"},\"thumbnailUrl\":\"https:\\\/\\\/lequotidien.mr\\\/wp-content\\\/uploads\\\/2023\\\/06\\\/ould_bouhoubeini_a_540.jpg\",\"datePublished\":\"2023-06-17T10:36:37+00:00\",\"breadcrumb\":{\"@id\":\"https:\\\/\\\/lequotidien.mr\\\/?p=9142&lang=fr#breadcrumb\"},\"inLanguage\":\"ar\",\"potentialAction\":[{\"@type\":\"ReadAction\",\"target\":[\"https:\\\/\\\/lequotidien.mr\\\/?p=9142&lang=fr\"]}]},{\"@type\":\"ImageObject\",\"inLanguage\":\"ar\",\"@id\":\"https:\\\/\\\/lequotidien.mr\\\/?p=9142&lang=fr#primaryimage\",\"url\":\"https:\\\/\\\/lequotidien.mr\\\/wp-content\\\/uploads\\\/2023\\\/06\\\/ould_bouhoubeini_a_540.jpg\",\"contentUrl\":\"https:\\\/\\\/lequotidien.mr\\\/wp-content\\\/uploads\\\/2023\\\/06\\\/ould_bouhoubeini_a_540.jpg\",\"width\":557,\"height\":424},{\"@type\":\"BreadcrumbList\",\"@id\":\"https:\\\/\\\/lequotidien.mr\\\/?p=9142&lang=fr#breadcrumb\",\"itemListElement\":[{\"@type\":\"ListItem\",\"position\":1,\"name\":\"Home\",\"item\":\"https:\\\/\\\/lequotidien.mr\\\/\"},{\"@type\":\"ListItem\",\"position\":2,\"name\":\"Bouhoubeyni : nous continuons \u00e0 faire plus pour \u00e9lever la r\u00e9alit\u00e9 des droits de l\u2019homme dans notre pays\"}]},{\"@type\":\"WebSite\",\"@id\":\"https:\\\/\\\/lequotidien.mr\\\/#website\",\"url\":\"https:\\\/\\\/lequotidien.mr\\\/\",\"name\":\"Le Quotidien de Nouakchott\",\"description\":\"\u0625\u062e\u0628\u0627\u0631\u064a\u0629 \u0645\u0633\u062a\u0642\u0644\u0629 \u0644\u0644\u0623\u0646\u0628\u0627\u0621 \u0627\u0644\u0639\u0627\u0645\u0629\",\"publisher\":{\"@id\":\"https:\\\/\\\/lequotidien.mr\\\/#organization\"},\"potentialAction\":[{\"@type\":\"SearchAction\",\"target\":{\"@type\":\"EntryPoint\",\"urlTemplate\":\"https:\\\/\\\/lequotidien.mr\\\/?s={search_term_string}\"},\"query-input\":{\"@type\":\"PropertyValueSpecification\",\"valueRequired\":true,\"valueName\":\"search_term_string\"}}],\"inLanguage\":\"ar\"},{\"@type\":\"Organization\",\"@id\":\"https:\\\/\\\/lequotidien.mr\\\/#organization\",\"name\":\"Le Quotidien de Nouakchott\",\"url\":\"https:\\\/\\\/lequotidien.mr\\\/\",\"logo\":{\"@type\":\"ImageObject\",\"inLanguage\":\"ar\",\"@id\":\"https:\\\/\\\/lequotidien.mr\\\/#\\\/schema\\\/logo\\\/image\\\/\",\"url\":\"https:\\\/\\\/lequotidien.mr\\\/wp-content\\\/uploads\\\/2022\\\/11\\\/logolequotidien.jpg\",\"contentUrl\":\"https:\\\/\\\/lequotidien.mr\\\/wp-content\\\/uploads\\\/2022\\\/11\\\/logolequotidien.jpg\",\"width\":290,\"height\":65,\"caption\":\"Le Quotidien de Nouakchott\"},\"image\":{\"@id\":\"https:\\\/\\\/lequotidien.mr\\\/#\\\/schema\\\/logo\\\/image\\\/\"},\"sameAs\":[\"https:\\\/\\\/web.facebook.com\\\/lequotidienmr\",\"https:\\\/\\\/x.com\\\/lequotidienmr\"]},{\"@type\":\"Person\",\"@id\":\"https:\\\/\\\/lequotidien.mr\\\/#\\\/schema\\\/person\\\/69d1518c74c9137087929a20b1272cb0\",\"name\":\"Alioun M'leiwih\",\"image\":{\"@type\":\"ImageObject\",\"inLanguage\":\"ar\",\"@id\":\"https:\\\/\\\/secure.gravatar.com\\\/avatar\\\/01f9d357222d7d4ca8f71662f4b081718f06d25b11fc45662ecca0622d507e51?s=96&d=mm&r=g\",\"url\":\"https:\\\/\\\/secure.gravatar.com\\\/avatar\\\/01f9d357222d7d4ca8f71662f4b081718f06d25b11fc45662ecca0622d507e51?s=96&d=mm&r=g\",\"contentUrl\":\"https:\\\/\\\/secure.gravatar.com\\\/avatar\\\/01f9d357222d7d4ca8f71662f4b081718f06d25b11fc45662ecca0622d507e51?s=96&d=mm&r=g\",\"caption\":\"Alioun M'leiwih\"},\"sameAs\":[\"https:\\\/\\\/lequotidien.mr\\\/\",\"https:\\\/\\\/web.facebook.com\\\/a.mleiwih\",\"https:\\\/\\\/www.linkedin.com\\\/in\\\/alimlewih\\\/\"],\"url\":\"https:\\\/\\\/lequotidien.mr\\\/?author=3\"}]}<\/script>\n<!-- \/ Yoast SEO plugin. -->","yoast_head_json":{"title":"Bouhoubeyni : nous continuons \u00e0 faire plus pour \u00e9lever la r\u00e9alit\u00e9 des droits de l\u2019homme dans notre pays - Le Quotidien de Nouakchott","robots":{"index":"index","follow":"follow","max-snippet":"max-snippet:-1","max-image-preview":"max-image-preview:large","max-video-preview":"max-video-preview:-1"},"canonical":"https:\/\/lequotidien.mr\/?p=9142&lang=fr","og_locale":"ar_AR","og_type":"article","og_title":"Bouhoubeyni : nous continuons \u00e0 faire plus pour \u00e9lever la r\u00e9alit\u00e9 des droits de l\u2019homme dans notre pays - Le Quotidien de Nouakchott","og_description":"AMI &#8211; Le d\u00e9partement d\u2019\u00c9tat am\u00e9ricain a rendu public son rapport annuel sur la \u201cTraite des personnes pour l\u2019ann\u00e9e 2022\u201d, et a class\u00e9 la Mauritanie dans la liste des \u201cpays de niveau 2 sans surveillance\u201d, ce qui lui permet l\u2019acc\u00e8s aux \u00e9changes commerciaux avec les \u00c9tats-Unis et d\u2019obtenir des financements. Le pr\u00e9sident de la Commission.....","og_url":"https:\/\/lequotidien.mr\/?p=9142&lang=fr","og_site_name":"Le Quotidien de Nouakchott","article_publisher":"https:\/\/web.facebook.com\/lequotidienmr","article_author":"https:\/\/web.facebook.com\/a.mleiwih","article_published_time":"2023-06-17T10:36:37+00:00","og_image":[{"width":557,"height":424,"url":"https:\/\/lequotidien.mr\/wp-content\/uploads\/2023\/06\/ould_bouhoubeini_a_540.jpg","type":"image\/jpeg"}],"author":"Alioun M'leiwih","twitter_card":"summary_large_image","twitter_creator":"@lequotidienmr","twitter_site":"@lequotidienmr","twitter_misc":{"\u0643\u064f\u062a\u0628 \u0628\u0648\u0627\u0633\u0637\u0629":"Alioun M'leiwih","\u0648\u0642\u062a \u0627\u0644\u0642\u0631\u0627\u0621\u0629 \u0627\u0644\u0645\u064f\u0642\u062f\u0651\u0631":"\u062f\u0642\u064a\u0642\u0629 \u0648\u0627\u062d\u062f\u0629"},"schema":{"@context":"https:\/\/schema.org","@graph":[{"@type":"Article","@id":"https:\/\/lequotidien.mr\/?p=9142&lang=fr#article","isPartOf":{"@id":"https:\/\/lequotidien.mr\/?p=9142&lang=fr"},"author":{"name":"Alioun M'leiwih","@id":"https:\/\/lequotidien.mr\/#\/schema\/person\/69d1518c74c9137087929a20b1272cb0"},"headline":"Bouhoubeyni : nous continuons \u00e0 faire plus pour \u00e9lever la r\u00e9alit\u00e9 des droits de l\u2019homme dans notre pays","datePublished":"2023-06-17T10:36:37+00:00","mainEntityOfPage":{"@id":"https:\/\/lequotidien.mr\/?p=9142&lang=fr"},"wordCount":269,"commentCount":0,"publisher":{"@id":"https:\/\/lequotidien.mr\/#organization"},"image":{"@id":"https:\/\/lequotidien.mr\/?p=9142&lang=fr#primaryimage"},"thumbnailUrl":"https:\/\/lequotidien.mr\/wp-content\/uploads\/2023\/06\/ould_bouhoubeini_a_540.jpg","articleSection":["ACTUALIT\u00c9","Culture"],"inLanguage":"ar","potentialAction":[{"@type":"CommentAction","name":"Comment","target":["https:\/\/lequotidien.mr\/?p=9142&lang=fr#respond"]}]},{"@type":"WebPage","@id":"https:\/\/lequotidien.mr\/?p=9142&lang=fr","url":"https:\/\/lequotidien.mr\/?p=9142&lang=fr","name":"Bouhoubeyni : nous continuons \u00e0 faire plus pour \u00e9lever la r\u00e9alit\u00e9 des droits de l\u2019homme dans notre pays - Le Quotidien de Nouakchott","isPartOf":{"@id":"https:\/\/lequotidien.mr\/#website"},"primaryImageOfPage":{"@id":"https:\/\/lequotidien.mr\/?p=9142&lang=fr#primaryimage"},"image":{"@id":"https:\/\/lequotidien.mr\/?p=9142&lang=fr#primaryimage"},"thumbnailUrl":"https:\/\/lequotidien.mr\/wp-content\/uploads\/2023\/06\/ould_bouhoubeini_a_540.jpg","datePublished":"2023-06-17T10:36:37+00:00","breadcrumb":{"@id":"https:\/\/lequotidien.mr\/?p=9142&lang=fr#breadcrumb"},"inLanguage":"ar","potentialAction":[{"@type":"ReadAction","target":["https:\/\/lequotidien.mr\/?p=9142&lang=fr"]}]},{"@type":"ImageObject","inLanguage":"ar","@id":"https:\/\/lequotidien.mr\/?p=9142&lang=fr#primaryimage","url":"https:\/\/lequotidien.mr\/wp-content\/uploads\/2023\/06\/ould_bouhoubeini_a_540.jpg","contentUrl":"https:\/\/lequotidien.mr\/wp-content\/uploads\/2023\/06\/ould_bouhoubeini_a_540.jpg","width":557,"height":424},{"@type":"BreadcrumbList","@id":"https:\/\/lequotidien.mr\/?p=9142&lang=fr#breadcrumb","itemListElement":[{"@type":"ListItem","position":1,"name":"Home","item":"https:\/\/lequotidien.mr\/"},{"@type":"ListItem","position":2,"name":"Bouhoubeyni : nous continuons \u00e0 faire plus pour \u00e9lever la r\u00e9alit\u00e9 des droits de l\u2019homme dans notre pays"}]},{"@type":"WebSite","@id":"https:\/\/lequotidien.mr\/#website","url":"https:\/\/lequotidien.mr\/","name":"Le Quotidien de Nouakchott","description":"\u0625\u062e\u0628\u0627\u0631\u064a\u0629 \u0645\u0633\u062a\u0642\u0644\u0629 \u0644\u0644\u0623\u0646\u0628\u0627\u0621 \u0627\u0644\u0639\u0627\u0645\u0629","publisher":{"@id":"https:\/\/lequotidien.mr\/#organization"},"potentialAction":[{"@type":"SearchAction","target":{"@type":"EntryPoint","urlTemplate":"https:\/\/lequotidien.mr\/?s={search_term_string}"},"query-input":{"@type":"PropertyValueSpecification","valueRequired":true,"valueName":"search_term_string"}}],"inLanguage":"ar"},{"@type":"Organization","@id":"https:\/\/lequotidien.mr\/#organization","name":"Le Quotidien de Nouakchott","url":"https:\/\/lequotidien.mr\/","logo":{"@type":"ImageObject","inLanguage":"ar","@id":"https:\/\/lequotidien.mr\/#\/schema\/logo\/image\/","url":"https:\/\/lequotidien.mr\/wp-content\/uploads\/2022\/11\/logolequotidien.jpg","contentUrl":"https:\/\/lequotidien.mr\/wp-content\/uploads\/2022\/11\/logolequotidien.jpg","width":290,"height":65,"caption":"Le Quotidien de Nouakchott"},"image":{"@id":"https:\/\/lequotidien.mr\/#\/schema\/logo\/image\/"},"sameAs":["https:\/\/web.facebook.com\/lequotidienmr","https:\/\/x.com\/lequotidienmr"]},{"@type":"Person","@id":"https:\/\/lequotidien.mr\/#\/schema\/person\/69d1518c74c9137087929a20b1272cb0","name":"Alioun M'leiwih","image":{"@type":"ImageObject","inLanguage":"ar","@id":"https:\/\/secure.gravatar.com\/avatar\/01f9d357222d7d4ca8f71662f4b081718f06d25b11fc45662ecca0622d507e51?s=96&d=mm&r=g","url":"https:\/\/secure.gravatar.com\/avatar\/01f9d357222d7d4ca8f71662f4b081718f06d25b11fc45662ecca0622d507e51?s=96&d=mm&r=g","contentUrl":"https:\/\/secure.gravatar.com\/avatar\/01f9d357222d7d4ca8f71662f4b081718f06d25b11fc45662ecca0622d507e51?s=96&d=mm&r=g","caption":"Alioun M'leiwih"},"sameAs":["https:\/\/lequotidien.mr\/","https:\/\/web.facebook.com\/a.mleiwih","https:\/\/www.linkedin.com\/in\/alimlewih\/"],"url":"https:\/\/lequotidien.mr\/?author=3"}]}},"_links":{"self":[{"href":"https:\/\/lequotidien.mr\/index.php?rest_route=\/wp\/v2\/posts\/9142","targetHints":{"allow":["GET"]}}],"collection":[{"href":"https:\/\/lequotidien.mr\/index.php?rest_route=\/wp\/v2\/posts"}],"about":[{"href":"https:\/\/lequotidien.mr\/index.php?rest_route=\/wp\/v2\/types\/post"}],"author":[{"embeddable":true,"href":"https:\/\/lequotidien.mr\/index.php?rest_route=\/wp\/v2\/users\/3"}],"replies":[{"embeddable":true,"href":"https:\/\/lequotidien.mr\/index.php?rest_route=%2Fwp%2Fv2%2Fcomments&post=9142"}],"version-history":[{"count":1,"href":"https:\/\/lequotidien.mr\/index.php?rest_route=\/wp\/v2\/posts\/9142\/revisions"}],"predecessor-version":[{"id":9144,"href":"https:\/\/lequotidien.mr\/index.php?rest_route=\/wp\/v2\/posts\/9142\/revisions\/9144"}],"wp:featuredmedia":[{"embeddable":true,"href":"https:\/\/lequotidien.mr\/index.php?rest_route=\/wp\/v2\/media\/9143"}],"wp:attachment":[{"href":"https:\/\/lequotidien.mr\/index.php?rest_route=%2Fwp%2Fv2%2Fmedia&parent=9142"}],"wp:term":[{"taxonomy":"category","embeddable":true,"href":"https:\/\/lequotidien.mr\/index.php?rest_route=%2Fwp%2Fv2%2Fcategories&post=9142"},{"taxonomy":"post_tag","embeddable":true,"href":"https:\/\/lequotidien.mr\/index.php?rest_route=%2Fwp%2Fv2%2Ftags&post=9142"}],"curies":[{"name":"wp","href":"https:\/\/api.w.org\/{rel}","templated":true}]}}