{"id":912,"date":"2022-11-29T18:31:48","date_gmt":"2022-11-29T18:31:48","guid":{"rendered":"https:\/\/lequotidien.mr\/?p=912"},"modified":"2022-11-29T18:31:48","modified_gmt":"2022-11-29T18:31:48","slug":"le-president-de-la-republique-supervise-le-demarrage-dimportants-projets-de-developpement-au-tagant","status":"publish","type":"post","link":"https:\/\/lequotidien.mr\/?p=912&lang=fr","title":{"rendered":"Le Pr\u00e9sident de la R\u00e9publique supervise le d\u00e9marrage d\u2019importants projets de d\u00e9veloppement au Tagant"},"content":{"rendered":"<p>AMI &#8211; Son Excellence le Pr\u00e9sident de la R\u00e9publique, Monsieur Mohamed Ould Cheikh El Ghazouani, a supervis\u00e9, lundi soir, \u00e0 Tidjikja, l\u2019inauguration d\u2019importants projets de d\u00e9veloppement au profit des populations du Tagant.<\/p>\n<p>Ces projets comprennent une centrale \u00e9lectrique d\u2019une capacit\u00e9 de 1500 KW devant couvrir les besoins de la ville de Tidjikja en \u00e9lectricit\u00e9 durant toutes les p\u00e9riodes de l\u2019ann\u00e9e.<\/p>\n<p>Cette centrale fait partie du programme d\u2019urgence destin\u00e9 au renforcement des infrastructures d\u2019\u00e9lectricit\u00e9 dans 50 villes et localit\u00e9s de l\u2019int\u00e9rieur du pays, tout comme elle entre dans le cadre d\u2019une transformation radicale du secteur de l\u2019\u00e9lectricit\u00e9 comprenant la r\u00e9forme de son cadre juridique et institutionnel ainsi que la restructuration de la Soci\u00e9t\u00e9 mauritanienne d\u2019\u00e9lectricit\u00e9 (Somelec) pour le rel\u00e8vement de son rendement technique, financier et commercial, en sus de la pr\u00e9paration d\u2019un Plan strat\u00e9gique et d\u2019un Plan d\u2019action de nature \u00e0 garantir l\u2019acc\u00e8s de tous les Mauritaniens aux services de l\u2019\u00e9lectricit\u00e9 \u00e0 l\u2019horizon 2030.<\/p>\n<p>Les projets supervis\u00e9s par Son Excellence le Pr\u00e9sident de la R\u00e9publique comprennent \u00e9galement le d\u00e9marrage des travaux de la route reliant la ville de Tidjikja \u00e0 Boumdeid ainsi que le r\u00e9seau urbain de la ville de Tidjikja et la r\u00e9alisation du tron\u00e7on inachev\u00e9 de la route Tidjikja-Kiffa-S\u00e9libaby-Gabou long de 156 km.<\/p>\n<p>Son Excellence le Pr\u00e9sident de la R\u00e9publique, Monsieur Mohamed Ould Cheikh El Ghazouani a ainsi proc\u00e9d\u00e9 \u00e0 la pose de la premi\u00e8re pierre et la coupure du ruban symbolique annon\u00e7ant le d\u00e9marrage officiel de ces importants projets.<\/p>\n<p>La route Tijikja-Boumdeid financ\u00e9 par l\u2019Etat mauritanien et le Fonds arabe pour le d\u00e9veloppement \u00e9conomique et social (Fades) \u00e0 hauteur de 4400 millions d\u2019ouguiyas nouvelles et dont les travaux durent 30 jours, constitue un projet vital devant d\u00e9senclaver nombre de localit\u00e9s dont \u00ab Dakhlet Mory \u00bb, \u00ab Neg\u2019a \u00bb, \u00ab Erg Achtouth \u00bb, \u00ab Wadroum Chwalil \u00bb, \u00ab Tachout Essavra \u00bb et \u00ab Meksem Ben Amer \u00bb.<\/p>\n<p>Cet axe routier reliera \u00e9galement l\u2019extr\u00eame nord du pays (la ville de Zouerate) au Sud du pays (la ville de Ghabou). Il permettra de r\u00e9soudre le probl\u00e8me du transport entre le nord du pays et le sud, donnant ainsi une impulsion fondamentale au d\u00e9veloppement des zones o\u00f9 les pr\u00e9cipitations pluviom\u00e9triques sont appr\u00e9ciables et qui constituent un grenier important du pays, car renfermant plus de 200 000 hectares propices pour l\u2019agriculture et plus de 75% des oasis dans les wilayas du Tagant et de l\u2019Assaba et les zones mini\u00e8res dans le nord du pays.<\/p>\n<p>Cette route contribuera en outre \u00e0 la r\u00e9alisation de la compl\u00e9mentarit\u00e9 entre les pays du Maghreb arabe (route Tidjikja-Atar-Zouerate- Tindouf) et l\u2019Afrique (Tindouf-Bamako), ce qui permettra de cr\u00e9er un r\u00e9seau routier international contribuant au d\u00e9veloppement des \u00e9changes des marchandises, au transfert des connaissances et au d\u00e9veloppement des m\u00e9thodes commerciales.<\/p>\n<p>Le projet du r\u00e9seau urbain dans la ville de Tidjikja, long de 6,5 Km, permettra \u00e9galement la fluidit\u00e9 de la circulation \u00e0 l\u2019int\u00e9rieur de la ville et dans les diff\u00e9rents sites d\u2019exploitation.<\/p>\n<p>Le Ministre du p\u00e9trole, des mines et de l\u2019\u00e9nergie, M. Abdesselam Ould Mohamed Saleh, a indiqu\u00e9 dans un mot prononc\u00e9 pour la circonstance que le gouvernement, sur orientation du Pr\u00e9sident de la R\u00e9publique, Monsieur Mohamed Ould Cheikh El Ghazouani, a donn\u00e9 la priorit\u00e9 absolue \u00e0 l\u2019impulsion du niveau d\u2019acc\u00e8s \u00e0 l\u2019\u00e9lectricit\u00e9, pr\u00e9cisant que des programmes sp\u00e9ciaux ont \u00e9t\u00e9 ex\u00e9cut\u00e9s dans toutes les wilayas du pays et que 259 nouveaux villages ont \u00e9t\u00e9 \u00e9lectrifi\u00e9s au cours des trois derni\u00e8res ann\u00e9es faisant passer le taux de l\u2019acc\u00e8s \u00e0 l\u2019\u00e9lectricit\u00e9 de 42% en 2019 \u00e0 53 % actuellement, et ce gr\u00e2ce \u00e0 l\u2019accroissement des subventions budg\u00e9taires orient\u00e9es aux projets \u00e9lectriques.<\/p>\n<p>Il a ajout\u00e9 que l\u2019inauguration de l\u2019extension de la centrale \u00e9lectrique de Tidjikja s\u2019inscrit dans le cadre du programme d\u2019urgence visant \u00e0 renforcer les infrastructures \u00e9lectriques dans 50 villes \u00e0 l\u2019int\u00e9rieur du pays, ce qui permettra de mettre fin aux perturbations r\u00e9p\u00e9t\u00e9es que connaissait le service dans la majeure partie de ces villes, affirmant qu\u2019il a \u00e9t\u00e9 ax\u00e9 sur la qualit\u00e9 du mat\u00e9riel et sa maintenance.<\/p>\n<p>Le ministre a not\u00e9 que ce programme d\u2019urgence comporte plusieurs composantes, au niveau national, comme la r\u00e9habilitation et le renforcement des infrastructures de production de l\u2019\u00e9nergie \u00e9lectrique dans 44 centrales \u00e9lectriques \u00e0 l\u2019int\u00e9rieur du pays, l\u2019extension des centrales de Kiffa, et de N\u00e9ma en y ajoutant la production de 1,5 m\u00e9gawatt provenant de l\u2019\u00e9nergie solaire, en plus de la construction et de l\u2019\u00e9quipement de 90 centrales de transformation et leur connexion au r\u00e9seau existant et la cr\u00e9ation de 140 km de lignes moyenne tension ainsi que la cr\u00e9ation de 400 km de r\u00e9seau de basse tension, le montage de 11500 \u00e9clairages publics et 20 000 de raccordements sociaux au profit des couches vuln\u00e9rables.<\/p>\n<p>Il a pr\u00e9cis\u00e9 que le co\u00fbt global de ce projet dont la dur\u00e9e d\u2019ex\u00e9cution est de 36 mois, est de 28 milliards d\u2019anciennes ouguiyas, sur financement de l\u2019Etat mauritanien.<\/p>\n<p>De son c\u00f4t\u00e9, le ministre de l\u2019Equipement et des Transports, porte-parole du Gouvernement, M. Nani Ould Chrougha, a indiqu\u00e9 pour sa part qu\u2019il s\u2019agit l\u00e0 d\u2019une occasion pour lancer une campagne simultan\u00e9e pour la r\u00e9alisation de projets d\u2019infrastructures importants, notamment routiers. Il s\u2019agit, a-t-il dit, de la route Tidjikja-Kiffa-S\u00e9libabi-Ghabou, en plus du r\u00e9seau routier dans la ville de Tidjikdja.<\/p>\n<p>Il a ajout\u00e9 que le tron\u00e7on routier qui fait l\u2019objet de pose la premi\u00e8re pierre dans le but d\u2019entamer son ex\u00e9cution constitue un nerf de vie longtemps attendu dans des zones de notre pays qui \u00e9tait enclav\u00e9es et qui se distinguent de la pr\u00e9sence de populations appr\u00e9ciables et par un poids \u00e9conomique, soulignant que cette route vient pour relier, sur une distance de 342 kilom\u00e8tres, le centre et le sud du pays \u00e0 travers des zones connues pour leurs pr\u00e9cipitations pluviom\u00e9triques appr\u00e9ciables et constituant le grenier alimentaire du pays, car renfermant plus de 200 000 hectares propices \u00e0 l\u2019agriculture pluviale et plus de 75% de toutes les oasis dans les wilayas de l\u2019Assaba et du Tagant.<\/p>\n<p>Cette zone est consid\u00e9r\u00e9e \u00e9galement, a-t-il dit, parmi les zones les plus enclav\u00e9es, malgr\u00e9 le fait qu\u2019elle est caract\u00e9ris\u00e9e par sa grande diversit\u00e9 environnementale et sociale. En plus de tout cela, a-t-il dit, la nouvelle infrastructure contribuera dans une large mesure \u00e0 d\u00e9velopper la production et \u00e0 ouvrir la zone d\u2019autre part, cela en plus de la r\u00e9alisation d\u2019une compl\u00e9mentarit\u00e9 r\u00e9gionale avec le Maghreb arabe \u00e0 travers l\u2019axe Tidjikja-Atar-Zoueirate -Tindoufet avec l\u2019Afrique \u00e0 travers l\u2019axe S\u00e9libabi-Bamako, ce qui facilite l\u2019\u00e9change des connaissances et le transport des marchandises.<\/p>\n<p>Le ministre a pr\u00e9cis\u00e9 qu\u2019il a \u00e9t\u00e9 tenu compte, dans la conception de cette route, du respect des normes de qualit\u00e9, pr\u00e9cisant que le d\u00e9lai d\u2019ex\u00e9cution a \u00e9t\u00e9 fix\u00e9 \u00e0 30 mois pour un co\u00fbt global de 4 milliards 400 millions de nouvelles ouguiyas, sur financement conjoint de l\u2019Etat mauritanien et du Fonds arabes de d\u00e9veloppement \u00e9conomique et social.<\/p>\n<p>Il a enfin insist\u00e9 sur la priorit\u00e9 accord\u00e9 par le Pr\u00e9sident de la R\u00e9publique depuis son accession au pouvoir aux infrastructures eu \u00e9gard au r\u00f4le qu\u2019elles jouent dans le d\u00e9veloppement des secteurs \u00e9conomiques productifs et dans l\u2019attraction des investissements.<\/p>\n<p>Il a affirm\u00e9 que le d\u00e9partement du transport a travaill\u00e9 sur plusieurs fronts, suivant un plan d\u2019action global dont l\u2019objectif est l\u2019ex\u00e9cution des projets conform\u00e9ment aux d\u00e9lais fix\u00e9s et la recherche de solutions aux projets faillis en soumettant les soci\u00e9t\u00e9s engag\u00e9es dans leur ex\u00e9cution au respect des cahiers de charge.<\/p>\n<p>Le ministre de l\u2019Equipement et des Transports a poursuivi en soulignant l\u2019importance de l\u2019entretien routier, la mobilisation des ressources et la bonne pr\u00e9paration pour le lancement, dans des conditions idoines, des projets pr\u00e9vus dans le parach\u00e8vement des engagements de Son Excellence le Pr\u00e9sident de la R\u00e9publique, Monsieur Mohamed Ould Cheikh El Ghazouani.<\/p>\n<p>Il a ajout\u00e9 que c\u2019est cette strat\u00e9gie qui a permis le parach\u00e8vement de nombre de projets routiers financ\u00e9s sur budget de l\u2019Etat dont on peut citer, la construction de 120 km de la route Nouakchott-Rosso, 81 km de la route de Tamcheket, 51 km de la route Kiffa-Boumdeid, 44 km de la route Basiknou-Fassala, 30 km de la route N\u00e9ma-Achemim et 27 km de la route reliant B\u00e9nichab \u00e0 la Nationale n\u00b01. Le ministre de l\u2019Equipement et des transports a aussi soulign\u00e9 l\u2019importance d\u2019autres projets comme la r\u00e9alisation de 47 km de routes urbaines \u00e0 Nouakchott ou la construction du pont de Rosso reliant notre pays au S\u00e9n\u00e9gal et contribuant au d\u00e9veloppement des \u00e9changes commerciaux entre les deux pays. Il a annonc\u00e9 que les travaux du tron\u00e7on reliant B\u00e9nichab \u00e0 la route Nouakchott-Nouadhibou long de 73 km devraient \u00eatre achev\u00e9s incessamment et que ceux de la route Keur-Mac\u00e8ne \u2013 N\u2019Diago devraient reprendre bient\u00f4t apr\u00e8s avoir \u00e9t\u00e9 interrompus par la saison d\u2019hivernage.<\/p>\n<p>Le ministre de l\u2019Equipement et des transports a \u00e9galement \u00e9voqu\u00e9 les projets cit\u00e9s par Son Excellence le Pr\u00e9sident de la R\u00e9publique dans son adresse \u00e0 la Nation \u00e0 l\u2019occasion de la comm\u00e9moration du 62\u00e8me anniversaire de l\u2019ind\u00e9pendance nationale, soulignant qu\u2019il y a d\u2019autres projets vitaux pour lesquels le D\u00e9partement est \u00e0 l\u2019\u0153uvre pour la mobilisation des financements, tels la route Nouakchott-Nouadhibou, la route Boutilimit-Rkiz-T\u00e9kane, Tintane-Ain Varba-Touil, Bark\u00e9ol-Sawata, Bark\u00e9ol-Mbout, Sawata-Monguel en plus des tron\u00e7ons Akjoujt-Atar, N\u00e9ma-Bangou, Mat Le\u2019akarich-Amour, et la r\u00e9habilitation de Sangrava-Tijikja, Bogh\u00e9-Aleg, Nouakchott-Akjoujt et Ka\u00e9di-S\u00e9libaby.<\/p>\n<p>A son tour, le pr\u00e9sident de la r\u00e9gion du Tagant, M. Zeidane Ould Tfeil Ould Emeyhimid, a d\u00e9clar\u00e9 que la construction de la route Tidjikja-Boumdeid constitue une r\u00e9alisation d\u2019importance longtemps souhait\u00e9e par les habitants de la zone qui ont souffert de l\u2019enclavement rendant difficile le d\u00e9placement entre les localit\u00e9s et la capitale du Tagant.<\/p>\n<p>Le maire de Tidjikja, M. Mohamed Ould Biha, a soulign\u00e9, quant \u00e0 lui, l\u2019importance de ces projets pour la capitale du Tagant am\u00e9liorant nettement la qualit\u00e9 des services offerts aux citoyens et ouvrant de nouvelles perspectives pour le d\u00e9veloppement local, alors qu\u2019elle a longtemps souffert de la marginalisation.<\/p>\n<p>Il a ajout\u00e9 que le lancement de ces projets en ce jour m\u00e9morable comm\u00e9morant l\u2019ind\u00e9pendance du pays et les mesures annonc\u00e9es par Son Excellence le Pr\u00e9sident de la R\u00e9publique dans son discours \u00e0 la Nation d\u00e9notent de son attachement aux citoyens et de sa volont\u00e9 d\u2019\u0153uvrer \u00e0 la recherche de solutions aux probl\u00e8mes qu\u2019ils rencontrent au quotidien.<\/p>\n<p>Le Pr\u00e9sident de la R\u00e9publique et la d\u00e9l\u00e9gation qui l\u2019accompagne \u00e9taient arriv\u00e9s, lundi apr\u00e8s-midi \u00e0 Tidjikja o\u00f9 il a \u00e9t\u00e9 accueilli \u00e0 la passerelle de l\u2019avion par le wali du Tagant, M. Tiyib Ould Mohamed Mahmoud, le colonel Mohamedou Ould Sidi Javaar, commandant de la 7\u00e8me R\u00e9gion militaire, le pr\u00e9sident du Conseil r\u00e9gional du Tagant, M. Zeidane Ould Tfeil Ould Emeyhimid et le maire de Tidjikja, M. Mohamed Ould Biha.<\/p>\n","protected":false},"excerpt":{"rendered":"<p>AMI &#8211; Son Excellence le Pr\u00e9sident de la R\u00e9publique, Monsieur Mohamed Ould Cheikh El Ghazouani, a supervis\u00e9, lundi soir, \u00e0 Tidjikja, l\u2019inauguration d\u2019importants projets de d\u00e9veloppement au profit des populations du Tagant. Ces projets comprennent une centrale \u00e9lectrique d\u2019une capacit\u00e9 de 1500 KW devant couvrir les besoins de la ville de Tidjikja en \u00e9lectricit\u00e9 durant&#8230;..<\/p>\n","protected":false},"author":5,"featured_media":913,"comment_status":"open","ping_status":"open","sticky":false,"template":"","format":"standard","meta":{"footnotes":""},"categories":[23,49],"tags":[],"class_list":["post-912","post","type-post","status-publish","format-standard","has-post-thumbnail","hentry","category-actualite","category-economie"],"yoast_head":"<!-- This site is optimized with the Yoast SEO plugin v27.5 - https:\/\/yoast.com\/product\/yoast-seo-wordpress\/ -->\n<title>Le Pr\u00e9sident de la R\u00e9publique supervise le d\u00e9marrage d\u2019importants projets de d\u00e9veloppement au Tagant - Le Quotidien de Nouakchott<\/title>\n<meta name=\"robots\" content=\"index, follow, max-snippet:-1, max-image-preview:large, max-video-preview:-1\" \/>\n<link rel=\"canonical\" href=\"https:\/\/lequotidien.mr\/?p=912&lang=fr\" \/>\n<meta property=\"og:locale\" content=\"ar_AR\" \/>\n<meta property=\"og:type\" content=\"article\" \/>\n<meta property=\"og:title\" content=\"Le Pr\u00e9sident de la R\u00e9publique supervise le d\u00e9marrage d\u2019importants projets de d\u00e9veloppement au Tagant - Le Quotidien de Nouakchott\" \/>\n<meta property=\"og:description\" content=\"AMI &#8211; Son Excellence le Pr\u00e9sident de la R\u00e9publique, Monsieur Mohamed Ould Cheikh El Ghazouani, a supervis\u00e9, lundi soir, \u00e0 Tidjikja, l\u2019inauguration d\u2019importants projets de d\u00e9veloppement au profit des populations du Tagant. Ces projets comprennent une centrale \u00e9lectrique d\u2019une capacit\u00e9 de 1500 KW devant couvrir les besoins de la ville de Tidjikja en \u00e9lectricit\u00e9 durant.....\" \/>\n<meta property=\"og:url\" content=\"https:\/\/lequotidien.mr\/?p=912&amp;lang=fr\" \/>\n<meta property=\"og:site_name\" content=\"Le Quotidien de Nouakchott\" \/>\n<meta property=\"article:publisher\" content=\"https:\/\/web.facebook.com\/lequotidienmr\" \/>\n<meta property=\"article:published_time\" content=\"2022-11-29T18:31:48+00:00\" \/>\n<meta property=\"og:image\" content=\"https:\/\/lequotidien.mr\/wp-content\/uploads\/2022\/11\/ghazouani_tagant_750x430.jpg\" \/>\n\t<meta property=\"og:image:width\" content=\"750\" \/>\n\t<meta property=\"og:image:height\" content=\"430\" \/>\n\t<meta property=\"og:image:type\" content=\"image\/jpeg\" \/>\n<meta name=\"author\" content=\"Gayi Diawara\" \/>\n<meta name=\"twitter:card\" content=\"summary_large_image\" \/>\n<meta name=\"twitter:creator\" content=\"@lequotidienmr\" \/>\n<meta name=\"twitter:site\" content=\"@lequotidienmr\" \/>\n<meta name=\"twitter:label1\" content=\"\u0643\u064f\u062a\u0628 \u0628\u0648\u0627\u0633\u0637\u0629\" \/>\n\t<meta name=\"twitter:data1\" content=\"Gayi Diawara\" \/>\n\t<meta name=\"twitter:label2\" content=\"\u0648\u0642\u062a \u0627\u0644\u0642\u0631\u0627\u0621\u0629 \u0627\u0644\u0645\u064f\u0642\u062f\u0651\u0631\" \/>\n\t<meta name=\"twitter:data2\" content=\"10 \u062f\u0642\u0627\u0626\u0642\" \/>\n<script type=\"application\/ld+json\" class=\"yoast-schema-graph\">{\"@context\":\"https:\\\/\\\/schema.org\",\"@graph\":[{\"@type\":\"Article\",\"@id\":\"https:\\\/\\\/lequotidien.mr\\\/?p=912&lang=fr#article\",\"isPartOf\":{\"@id\":\"https:\\\/\\\/lequotidien.mr\\\/?p=912&lang=fr\"},\"author\":{\"name\":\"Gayi Diawara\",\"@id\":\"https:\\\/\\\/lequotidien.mr\\\/#\\\/schema\\\/person\\\/1077c8abd5640a6514b909318d271dee\"},\"headline\":\"Le Pr\u00e9sident de la R\u00e9publique supervise le d\u00e9marrage d\u2019importants projets de d\u00e9veloppement au Tagant\",\"datePublished\":\"2022-11-29T18:31:48+00:00\",\"mainEntityOfPage\":{\"@id\":\"https:\\\/\\\/lequotidien.mr\\\/?p=912&lang=fr\"},\"wordCount\":1950,\"commentCount\":0,\"publisher\":{\"@id\":\"https:\\\/\\\/lequotidien.mr\\\/#organization\"},\"image\":{\"@id\":\"https:\\\/\\\/lequotidien.mr\\\/?p=912&lang=fr#primaryimage\"},\"thumbnailUrl\":\"https:\\\/\\\/lequotidien.mr\\\/wp-content\\\/uploads\\\/2022\\\/11\\\/ghazouani_tagant_750x430.jpg\",\"articleSection\":[\"ACTUALIT\u00c9\",\"Economie\"],\"inLanguage\":\"ar\",\"potentialAction\":[{\"@type\":\"CommentAction\",\"name\":\"Comment\",\"target\":[\"https:\\\/\\\/lequotidien.mr\\\/?p=912&lang=fr#respond\"]}]},{\"@type\":\"WebPage\",\"@id\":\"https:\\\/\\\/lequotidien.mr\\\/?p=912&lang=fr\",\"url\":\"https:\\\/\\\/lequotidien.mr\\\/?p=912&lang=fr\",\"name\":\"Le Pr\u00e9sident de la R\u00e9publique supervise le d\u00e9marrage d\u2019importants projets de d\u00e9veloppement au Tagant - Le Quotidien de Nouakchott\",\"isPartOf\":{\"@id\":\"https:\\\/\\\/lequotidien.mr\\\/#website\"},\"primaryImageOfPage\":{\"@id\":\"https:\\\/\\\/lequotidien.mr\\\/?p=912&lang=fr#primaryimage\"},\"image\":{\"@id\":\"https:\\\/\\\/lequotidien.mr\\\/?p=912&lang=fr#primaryimage\"},\"thumbnailUrl\":\"https:\\\/\\\/lequotidien.mr\\\/wp-content\\\/uploads\\\/2022\\\/11\\\/ghazouani_tagant_750x430.jpg\",\"datePublished\":\"2022-11-29T18:31:48+00:00\",\"breadcrumb\":{\"@id\":\"https:\\\/\\\/lequotidien.mr\\\/?p=912&lang=fr#breadcrumb\"},\"inLanguage\":\"ar\",\"potentialAction\":[{\"@type\":\"ReadAction\",\"target\":[\"https:\\\/\\\/lequotidien.mr\\\/?p=912&lang=fr\"]}]},{\"@type\":\"ImageObject\",\"inLanguage\":\"ar\",\"@id\":\"https:\\\/\\\/lequotidien.mr\\\/?p=912&lang=fr#primaryimage\",\"url\":\"https:\\\/\\\/lequotidien.mr\\\/wp-content\\\/uploads\\\/2022\\\/11\\\/ghazouani_tagant_750x430.jpg\",\"contentUrl\":\"https:\\\/\\\/lequotidien.mr\\\/wp-content\\\/uploads\\\/2022\\\/11\\\/ghazouani_tagant_750x430.jpg\",\"width\":750,\"height\":430},{\"@type\":\"BreadcrumbList\",\"@id\":\"https:\\\/\\\/lequotidien.mr\\\/?p=912&lang=fr#breadcrumb\",\"itemListElement\":[{\"@type\":\"ListItem\",\"position\":1,\"name\":\"Home\",\"item\":\"https:\\\/\\\/lequotidien.mr\\\/\"},{\"@type\":\"ListItem\",\"position\":2,\"name\":\"Le Pr\u00e9sident de la R\u00e9publique supervise le d\u00e9marrage d\u2019importants projets de d\u00e9veloppement au Tagant\"}]},{\"@type\":\"WebSite\",\"@id\":\"https:\\\/\\\/lequotidien.mr\\\/#website\",\"url\":\"https:\\\/\\\/lequotidien.mr\\\/\",\"name\":\"Le Quotidien de Nouakchott\",\"description\":\"\u0625\u062e\u0628\u0627\u0631\u064a\u0629 \u0645\u0633\u062a\u0642\u0644\u0629 \u0644\u0644\u0623\u0646\u0628\u0627\u0621 \u0627\u0644\u0639\u0627\u0645\u0629\",\"publisher\":{\"@id\":\"https:\\\/\\\/lequotidien.mr\\\/#organization\"},\"potentialAction\":[{\"@type\":\"SearchAction\",\"target\":{\"@type\":\"EntryPoint\",\"urlTemplate\":\"https:\\\/\\\/lequotidien.mr\\\/?s={search_term_string}\"},\"query-input\":{\"@type\":\"PropertyValueSpecification\",\"valueRequired\":true,\"valueName\":\"search_term_string\"}}],\"inLanguage\":\"ar\"},{\"@type\":\"Organization\",\"@id\":\"https:\\\/\\\/lequotidien.mr\\\/#organization\",\"name\":\"Le Quotidien de Nouakchott\",\"url\":\"https:\\\/\\\/lequotidien.mr\\\/\",\"logo\":{\"@type\":\"ImageObject\",\"inLanguage\":\"ar\",\"@id\":\"https:\\\/\\\/lequotidien.mr\\\/#\\\/schema\\\/logo\\\/image\\\/\",\"url\":\"https:\\\/\\\/lequotidien.mr\\\/wp-content\\\/uploads\\\/2022\\\/11\\\/logolequotidien.jpg\",\"contentUrl\":\"https:\\\/\\\/lequotidien.mr\\\/wp-content\\\/uploads\\\/2022\\\/11\\\/logolequotidien.jpg\",\"width\":290,\"height\":65,\"caption\":\"Le Quotidien de Nouakchott\"},\"image\":{\"@id\":\"https:\\\/\\\/lequotidien.mr\\\/#\\\/schema\\\/logo\\\/image\\\/\"},\"sameAs\":[\"https:\\\/\\\/web.facebook.com\\\/lequotidienmr\",\"https:\\\/\\\/x.com\\\/lequotidienmr\"]},{\"@type\":\"Person\",\"@id\":\"https:\\\/\\\/lequotidien.mr\\\/#\\\/schema\\\/person\\\/1077c8abd5640a6514b909318d271dee\",\"name\":\"Gayi Diawara\",\"image\":{\"@type\":\"ImageObject\",\"inLanguage\":\"ar\",\"@id\":\"https:\\\/\\\/secure.gravatar.com\\\/avatar\\\/63ea8db1e19a6d2d608b24c0f78b5f3a7d6e0bc11959fec273410af333e4d0ac?s=96&d=mm&r=g\",\"url\":\"https:\\\/\\\/secure.gravatar.com\\\/avatar\\\/63ea8db1e19a6d2d608b24c0f78b5f3a7d6e0bc11959fec273410af333e4d0ac?s=96&d=mm&r=g\",\"contentUrl\":\"https:\\\/\\\/secure.gravatar.com\\\/avatar\\\/63ea8db1e19a6d2d608b24c0f78b5f3a7d6e0bc11959fec273410af333e4d0ac?s=96&d=mm&r=g\",\"caption\":\"Gayi Diawara\"},\"sameAs\":[\"http:\\\/\\\/lequotidien.mr\"],\"url\":\"https:\\\/\\\/lequotidien.mr\\\/?author=5\"}]}<\/script>\n<!-- \/ Yoast SEO plugin. -->","yoast_head_json":{"title":"Le Pr\u00e9sident de la R\u00e9publique supervise le d\u00e9marrage d\u2019importants projets de d\u00e9veloppement au Tagant - Le Quotidien de Nouakchott","robots":{"index":"index","follow":"follow","max-snippet":"max-snippet:-1","max-image-preview":"max-image-preview:large","max-video-preview":"max-video-preview:-1"},"canonical":"https:\/\/lequotidien.mr\/?p=912&lang=fr","og_locale":"ar_AR","og_type":"article","og_title":"Le Pr\u00e9sident de la R\u00e9publique supervise le d\u00e9marrage d\u2019importants projets de d\u00e9veloppement au Tagant - Le Quotidien de Nouakchott","og_description":"AMI &#8211; Son Excellence le Pr\u00e9sident de la R\u00e9publique, Monsieur Mohamed Ould Cheikh El Ghazouani, a supervis\u00e9, lundi soir, \u00e0 Tidjikja, l\u2019inauguration d\u2019importants projets de d\u00e9veloppement au profit des populations du Tagant. Ces projets comprennent une centrale \u00e9lectrique d\u2019une capacit\u00e9 de 1500 KW devant couvrir les besoins de la ville de Tidjikja en \u00e9lectricit\u00e9 durant.....","og_url":"https:\/\/lequotidien.mr\/?p=912&lang=fr","og_site_name":"Le Quotidien de Nouakchott","article_publisher":"https:\/\/web.facebook.com\/lequotidienmr","article_published_time":"2022-11-29T18:31:48+00:00","og_image":[{"width":750,"height":430,"url":"https:\/\/lequotidien.mr\/wp-content\/uploads\/2022\/11\/ghazouani_tagant_750x430.jpg","type":"image\/jpeg"}],"author":"Gayi Diawara","twitter_card":"summary_large_image","twitter_creator":"@lequotidienmr","twitter_site":"@lequotidienmr","twitter_misc":{"\u0643\u064f\u062a\u0628 \u0628\u0648\u0627\u0633\u0637\u0629":"Gayi Diawara","\u0648\u0642\u062a \u0627\u0644\u0642\u0631\u0627\u0621\u0629 \u0627\u0644\u0645\u064f\u0642\u062f\u0651\u0631":"10 \u062f\u0642\u0627\u0626\u0642"},"schema":{"@context":"https:\/\/schema.org","@graph":[{"@type":"Article","@id":"https:\/\/lequotidien.mr\/?p=912&lang=fr#article","isPartOf":{"@id":"https:\/\/lequotidien.mr\/?p=912&lang=fr"},"author":{"name":"Gayi Diawara","@id":"https:\/\/lequotidien.mr\/#\/schema\/person\/1077c8abd5640a6514b909318d271dee"},"headline":"Le Pr\u00e9sident de la R\u00e9publique supervise le d\u00e9marrage d\u2019importants projets de d\u00e9veloppement au Tagant","datePublished":"2022-11-29T18:31:48+00:00","mainEntityOfPage":{"@id":"https:\/\/lequotidien.mr\/?p=912&lang=fr"},"wordCount":1950,"commentCount":0,"publisher":{"@id":"https:\/\/lequotidien.mr\/#organization"},"image":{"@id":"https:\/\/lequotidien.mr\/?p=912&lang=fr#primaryimage"},"thumbnailUrl":"https:\/\/lequotidien.mr\/wp-content\/uploads\/2022\/11\/ghazouani_tagant_750x430.jpg","articleSection":["ACTUALIT\u00c9","Economie"],"inLanguage":"ar","potentialAction":[{"@type":"CommentAction","name":"Comment","target":["https:\/\/lequotidien.mr\/?p=912&lang=fr#respond"]}]},{"@type":"WebPage","@id":"https:\/\/lequotidien.mr\/?p=912&lang=fr","url":"https:\/\/lequotidien.mr\/?p=912&lang=fr","name":"Le Pr\u00e9sident de la R\u00e9publique supervise le d\u00e9marrage d\u2019importants projets de d\u00e9veloppement au Tagant - Le Quotidien de Nouakchott","isPartOf":{"@id":"https:\/\/lequotidien.mr\/#website"},"primaryImageOfPage":{"@id":"https:\/\/lequotidien.mr\/?p=912&lang=fr#primaryimage"},"image":{"@id":"https:\/\/lequotidien.mr\/?p=912&lang=fr#primaryimage"},"thumbnailUrl":"https:\/\/lequotidien.mr\/wp-content\/uploads\/2022\/11\/ghazouani_tagant_750x430.jpg","datePublished":"2022-11-29T18:31:48+00:00","breadcrumb":{"@id":"https:\/\/lequotidien.mr\/?p=912&lang=fr#breadcrumb"},"inLanguage":"ar","potentialAction":[{"@type":"ReadAction","target":["https:\/\/lequotidien.mr\/?p=912&lang=fr"]}]},{"@type":"ImageObject","inLanguage":"ar","@id":"https:\/\/lequotidien.mr\/?p=912&lang=fr#primaryimage","url":"https:\/\/lequotidien.mr\/wp-content\/uploads\/2022\/11\/ghazouani_tagant_750x430.jpg","contentUrl":"https:\/\/lequotidien.mr\/wp-content\/uploads\/2022\/11\/ghazouani_tagant_750x430.jpg","width":750,"height":430},{"@type":"BreadcrumbList","@id":"https:\/\/lequotidien.mr\/?p=912&lang=fr#breadcrumb","itemListElement":[{"@type":"ListItem","position":1,"name":"Home","item":"https:\/\/lequotidien.mr\/"},{"@type":"ListItem","position":2,"name":"Le Pr\u00e9sident de la R\u00e9publique supervise le d\u00e9marrage d\u2019importants projets de d\u00e9veloppement au Tagant"}]},{"@type":"WebSite","@id":"https:\/\/lequotidien.mr\/#website","url":"https:\/\/lequotidien.mr\/","name":"Le Quotidien de Nouakchott","description":"\u0625\u062e\u0628\u0627\u0631\u064a\u0629 \u0645\u0633\u062a\u0642\u0644\u0629 \u0644\u0644\u0623\u0646\u0628\u0627\u0621 \u0627\u0644\u0639\u0627\u0645\u0629","publisher":{"@id":"https:\/\/lequotidien.mr\/#organization"},"potentialAction":[{"@type":"SearchAction","target":{"@type":"EntryPoint","urlTemplate":"https:\/\/lequotidien.mr\/?s={search_term_string}"},"query-input":{"@type":"PropertyValueSpecification","valueRequired":true,"valueName":"search_term_string"}}],"inLanguage":"ar"},{"@type":"Organization","@id":"https:\/\/lequotidien.mr\/#organization","name":"Le Quotidien de Nouakchott","url":"https:\/\/lequotidien.mr\/","logo":{"@type":"ImageObject","inLanguage":"ar","@id":"https:\/\/lequotidien.mr\/#\/schema\/logo\/image\/","url":"https:\/\/lequotidien.mr\/wp-content\/uploads\/2022\/11\/logolequotidien.jpg","contentUrl":"https:\/\/lequotidien.mr\/wp-content\/uploads\/2022\/11\/logolequotidien.jpg","width":290,"height":65,"caption":"Le Quotidien de Nouakchott"},"image":{"@id":"https:\/\/lequotidien.mr\/#\/schema\/logo\/image\/"},"sameAs":["https:\/\/web.facebook.com\/lequotidienmr","https:\/\/x.com\/lequotidienmr"]},{"@type":"Person","@id":"https:\/\/lequotidien.mr\/#\/schema\/person\/1077c8abd5640a6514b909318d271dee","name":"Gayi Diawara","image":{"@type":"ImageObject","inLanguage":"ar","@id":"https:\/\/secure.gravatar.com\/avatar\/63ea8db1e19a6d2d608b24c0f78b5f3a7d6e0bc11959fec273410af333e4d0ac?s=96&d=mm&r=g","url":"https:\/\/secure.gravatar.com\/avatar\/63ea8db1e19a6d2d608b24c0f78b5f3a7d6e0bc11959fec273410af333e4d0ac?s=96&d=mm&r=g","contentUrl":"https:\/\/secure.gravatar.com\/avatar\/63ea8db1e19a6d2d608b24c0f78b5f3a7d6e0bc11959fec273410af333e4d0ac?s=96&d=mm&r=g","caption":"Gayi Diawara"},"sameAs":["http:\/\/lequotidien.mr"],"url":"https:\/\/lequotidien.mr\/?author=5"}]}},"_links":{"self":[{"href":"https:\/\/lequotidien.mr\/index.php?rest_route=\/wp\/v2\/posts\/912","targetHints":{"allow":["GET"]}}],"collection":[{"href":"https:\/\/lequotidien.mr\/index.php?rest_route=\/wp\/v2\/posts"}],"about":[{"href":"https:\/\/lequotidien.mr\/index.php?rest_route=\/wp\/v2\/types\/post"}],"author":[{"embeddable":true,"href":"https:\/\/lequotidien.mr\/index.php?rest_route=\/wp\/v2\/users\/5"}],"replies":[{"embeddable":true,"href":"https:\/\/lequotidien.mr\/index.php?rest_route=%2Fwp%2Fv2%2Fcomments&post=912"}],"version-history":[{"count":1,"href":"https:\/\/lequotidien.mr\/index.php?rest_route=\/wp\/v2\/posts\/912\/revisions"}],"predecessor-version":[{"id":914,"href":"https:\/\/lequotidien.mr\/index.php?rest_route=\/wp\/v2\/posts\/912\/revisions\/914"}],"wp:featuredmedia":[{"embeddable":true,"href":"https:\/\/lequotidien.mr\/index.php?rest_route=\/wp\/v2\/media\/913"}],"wp:attachment":[{"href":"https:\/\/lequotidien.mr\/index.php?rest_route=%2Fwp%2Fv2%2Fmedia&parent=912"}],"wp:term":[{"taxonomy":"category","embeddable":true,"href":"https:\/\/lequotidien.mr\/index.php?rest_route=%2Fwp%2Fv2%2Fcategories&post=912"},{"taxonomy":"post_tag","embeddable":true,"href":"https:\/\/lequotidien.mr\/index.php?rest_route=%2Fwp%2Fv2%2Ftags&post=912"}],"curies":[{"name":"wp","href":"https:\/\/api.w.org\/{rel}","templated":true}]}}