{"id":8849,"date":"2023-06-09T02:56:14","date_gmt":"2023-06-09T02:56:14","guid":{"rendered":"https:\/\/lequotidien.mr\/?p=8849"},"modified":"2023-06-09T02:56:14","modified_gmt":"2023-06-09T02:56:14","slug":"ifc-sassocie-a-la-banque-populaire-de-mauritanie-pour-renforcer-le-financement-du-commerce-dans-le-pays","status":"publish","type":"post","link":"https:\/\/lequotidien.mr\/?p=8849&lang=fr","title":{"rendered":"IFC s\u2019associe \u00e0 la Banque Populaire de Mauritanie pour renforcer le financement du commerce dans le pays"},"content":{"rendered":"<p><strong>Nouakchott, Mauritanie, le 2 juin 2023<\/strong>\u00a0\u2013\u00a0Afin d\u2019aider les entreprises mauritaniennes \u00e0 financer l\u2019importation et l\u2019exportation de biens essentiels, notamment des denr\u00e9es alimentaires, des mat\u00e9riaux de construction et des v\u00e9hicules, IFC a annonc\u00e9 aujourd\u2019hui l\u2019octroi d\u2019une facilit\u00e9 de financement du commerce en faveur de la Banque Populaire de Mauritanie (BPM).<\/p>\n<p>Cette facilit\u00e9, d\u2019un montant maximal \u00e9quivalent \u00e0 10\u00a0millions de dollars am\u00e9ricains, aidera la BPM \u00e0 accro\u00eetre ses pr\u00eats aux entreprises importatrices de ciment, de produits p\u00e9troliers, de sucre, de bl\u00e9, d\u2019\u00e9quipements de construction, de v\u00e9hicules et de biens de consommation. Elle permettra \u00e9galement defaciliter l\u2019achat, la transformation, le stockage et le transport des produits de la p\u00eache et de l\u2019exploitation mini\u00e8re destin\u00e9s \u00e0 l\u2019exportation.<\/p>\n<p><span style=\"vertical-align: inherit\">La facilit\u00e9 est accord\u00e9e dans le cadre du <\/span><a href=\"https:\/\/www.ifc.org\/wps\/wcm\/connect\/industry_ext_content\/ifc_external_corporate_site\/financial+institutions\/priorities\/global+trade\/gtfp\"><span style=\"vertical-align: inherit\">Programme de financement du commerce mondial (GTFP)<\/span><\/a><span style=\"vertical-align: inherit\"> d&#8217;IFC et b\u00e9n\u00e9ficie du soutien du Guichet de promotion du secteur priv\u00e9 (PSW) de l&#8217;Association internationale de d\u00e9veloppement (IDA), qui fournit du financement de co -investissements ainsi que des garanties.<\/span><\/p>\n<p><span style=\"vertical-align: inherit\">IFC fournit \u00e9galement des services-conseils \u00e0 la BPM afin de l&#8217;aider \u00e0 renforcer sa gouvernance d&#8217;entreprise et ses capacit\u00e9s en mati\u00e8re de gestion des risques. Cet appui permettra \u00e0 l&#8217;institution financi\u00e8re de mieux r\u00e9pondre aux besoins de ses clients et d&#8217;am\u00e9liorer sa durabilit\u00e9.<\/span><\/p>\n<p>Les \u00e9changes commerciaux sont essentiels \u00e0 l\u2019\u00e9conomie de la Mauritanie, le secteur des exportations repr\u00e9sentant pr\u00e8s de 40\u00a0% de son PIB. Cependant, l\u2019acc\u00e8s au financement du commerce y est limit\u00e9, ce qui entrave le d\u00e9veloppement commercial et \u00e9conomique du pays.Dans ce contexte, le financement d\u2019IFC vise \u00e0 favoriser la circulation des marchandises \u00e0 destination et en provenance de la Mauritanie.<\/p>\n<p><span style=\"vertical-align: inherit\">\u00ab La signature de cet accord qui permet de faire de la BPM la premi\u00e8re banque mauritanienne \u00e0 rejoindre le programme GTFP d&#8217;IFC depuis 2014 est une grande marque de confiance envers notre institution. Cette facilit\u00e9 de financement nous permettra d&#8217;accro\u00eetre davantage le volume de notre offre de financement \u00e0 nos clients importateurs et de mieux r\u00e9pondre \u00e0 leurs besoins. \u00bb a d\u00e9clar\u00e9 <\/span><strong><span style=\"vertical-align: inherit\">LimamEbnou, Pr\u00e9sident du conseil d&#8217;administration de la Banque Populaire de Mauritanie.<\/span><\/strong><\/p>\n<p>\u00ab\u00a0Accroitre l\u2019acc\u00e8s aufinancement du commerce en Mauritanie permettra de soutenir l\u2019activit\u00e9 \u00e9conomique, de promouvoir la cr\u00e9ation d\u2019emplois et de favoriser les \u00e9changes commerciaux dans le pays\u00a0\u00bb, a d\u00e9clar\u00e9 <strong>Josiane\u00a0Kwenda, Country Manager d\u2019IFC pour la Mauritanie<\/strong>. \u00ab\u00a0Il est primordial de soutenir ce secteur pour favoriser la reprise post-pand\u00e9mie et permettre aux entreprises de faire face aux nouveaux d\u00e9fis li\u00e9s \u00e0 l\u2019incertitude \u00e9conomique mondiale.\u00a0\u00bb<\/p>\n<p>La BPM est la premi\u00e8re banque mauritanienne \u00e0 rejoindre le programme GTFP d\u2019IFC depuis\u00a02014. Gr\u00e2ce \u00e0 cette initiative, elle aura acc\u00e8s \u00e0 un r\u00e9seau de banques correspondantes, ce qui lui permettra de mieux r\u00e9pondre aux besoins de financement des petites et moyennes entreprises (PME).<\/p>\n<p><span style=\"vertical-align: inherit\">L&#8217;investissement d&#8217;IFC s&#8217;inscrit dans le cadre du Programme de financement du commerce et des cha\u00eenes d&#8217;approvisionnement en Afrique (ATRI), qui a \u00e9t\u00e9 mis en place pour soutenir le d\u00e9veloppement du commerce r\u00e9gional sur le continent.<\/span><\/p>\n<p><strong><u><span style=\"vertical-align: inherit\">\u00c0 <\/span><\/u><\/strong><strong><u><span style=\"vertical-align: inherit\">propos d&#8217;IFC<\/span><\/u><\/strong><\/p>\n<p><span style=\"vertical-align: inherit\">La Soci\u00e9t\u00e9 financi\u00e8re internationale (IFC) \u2014 membre du Groupe Banque mondiale \u2014 est la plus grande institution mondiale de d\u00e9veloppement s\u00e9curis\u00e9 sur le secteur priv\u00e9 dans les pays \u00e9mergents. IFC travaille dans plus de 100 pays, utilisant son capital, son expertise et son influence pour cr\u00e9er des march\u00e9s et des opportunit\u00e9s dans les pays en d\u00e9veloppement. Au cours de l&#8217;exercice 2022, IFC a engag\u00e9 un montant record de 32,8 milliards de dollars aupr\u00e8s d&#8217;entreprises priv\u00e9es et d&#8217;institutions financi\u00e8res dans les pays en d\u00e9veloppement, tirant parti du pouvoir du secteur priv\u00e9 pour mettre fin \u00e0 l&#8217; extr\u00eame pauvret\u00e9 et favorisant la prosp\u00e9rit\u00e9 partag\u00e9e alors que les \u00e9conomies sont aux prises avec les effets des crises mondiales aggravantes. Pour plus d&#8217;informations, visitez <\/span><a href=\"http:\/\/www.ifc.org\"><span style=\"vertical-align: inherit\">www.ifc.org<\/span><\/a><span style=\"vertical-align: inherit\"> .<\/span><\/p>\n<p><strong><span style=\"vertical-align: inherit\">Restez connect\u00e9s<\/span><\/strong><\/p>\n<p><a href=\"http:\/\/www.facebook.com\/IFCmena\"><span style=\"vertical-align: inherit\">www.facebook.com\/IFCmena<\/span><\/a><\/p>\n<p><a href=\"http:\/\/www.twitter.com\/IFC_mena\"><span style=\"vertical-align: inherit\">www.twitter.com\/IFC_mena<\/span><\/a><\/p>\n<p><a href=\"http:\/\/www.youtube.com\/IFCvideocasts\"><span style=\"vertical-align: inherit\">www.youtube.com\/IFCvideocasts<\/span><\/a><\/p>\n<p><a href=\"http:\/\/www.ifc.org\/SocialMediaIndex\"><span style=\"vertical-align: inherit\">www.ifc.org\/SocialMediaIndex<\/span><\/a><\/p>\n<p><u>\u00a0<\/u><strong><u><span style=\"vertical-align: inherit\">\u00c0 propos du Guichet de promotion du secteur priv\u00e9 (\u00ab PSW \u00bb) de l&#8217;IDA<\/span><\/u><\/strong><\/p>\n<p><span style=\"vertical-align: inherit\">Dans le cadre de la <\/span><sup><span style=\"vertical-align: inherit\">19e<\/span><\/sup><span style=\"vertical-align: inherit\">\u00a0reconstitution des ressources de l&#8217;Association internationale de d\u00e9veloppement (\u00ab IDA \u00bb), le Groupe de la Banque mondiale poursuit le projet du Guichet du secteur priv\u00e9 de l&#8217;IDA, cr\u00e9\u00e9 \u00e0 l&#8217;occasion de l&#8217;IDA 18, afin de catalyser les investissements du secteur priv\u00e9 dans les pays les plus pauvres et les plus fragiles. En pleine conscience du r\u00f4le cl\u00e9 du secteur priv\u00e9 dans la r\u00e9alisation des objectifs de l&#8217;IDA et du double objectif du Groupe de la Banque mondiale, le guichet fournit une source de financement de co-investissements et de garanties pour r\u00e9duire le risque des investissements priv\u00e9s , avec le soutien d&#8217;IFC et de l&#8217;Agence multilat\u00e9rale de garantie des investissements (\u00ab MIGA \u00bb). Le PSW de l&#8217;IDA constitue une option en l&#8217;absence de solution commerciale et lorsque les autres outils et approches du Groupe de la Banque mondiale se sont av\u00e9r\u00e9s insuffisants. Pour plus d&#8217;informations, rendez-vous \u00e0 l&#8217;adresse<\/span><a href=\"https:\/\/ida.banquemondiale.org\/fr\/financing\/guichet-du-secteur-prive-pour-ida-18\"><span style=\"vertical-align: inherit\">https:\/\/ida.banquemondiale.org\/fr\/financing\/guichet-du-secteur-prive-pour-ida-18<\/span><\/a><\/p>\n<p><strong><u><span style=\"vertical-align: inherit\">\u00c0 propos de la Banque Populaire de Mauritanie<\/span><\/u><\/strong><\/p>\n<p><span style=\"vertical-align: inherit\">La Banque Populaire de Mauritanie (BPM) est une institution financi\u00e8re cr\u00e9\u00e9e en 1998, qui a commenc\u00e9 par des activit\u00e9s de cr\u00e9dit-bail et d&#8217;affacturage avant de devenir une banque universelle. Elle exerce ainsi une activit\u00e9 qui, depuis plus de vingt ans, est la seule activit\u00e9 de cr\u00e9dit-bail du pays, avec une part de march\u00e9 de plus de 23% de l&#8217;ensemble des concours financiers \u00e0 moyen et long terme au secteur des PME . La BPM offre aux entreprises, aux professionnels et aux particuliers une gamme innovante de produits et de services, en termes de d\u00e9p\u00f4ts, d&#8217;\u00e9pargne, de pr\u00eats et de facilit\u00e9s de financement du commerce. La BPM dispose d&#8217;un r\u00e9seau de 45 agences couvrant la plupart des grandes villes du pays.<\/span><\/p>\n<p><span style=\"vertical-align: inherit\">En outre, la BPM a offert aux Mauritaniens la premi\u00e8re solution de banque mobile. Bankily est aujourd&#8217;hui le premier service bancaire mobile du pays avec plus de 400 000 clients et 372 points de vente sur l&#8217;ensemble du territoire national.<\/span><\/p>\n<ul>\n<li><a href=\"http:\/\/www.bpm.mr\"><span style=\"vertical-align: inherit\">bpm.mr<\/span><\/a><\/li>\n<li><a href=\"http:\/\/www.bankily.mr\"><span style=\"vertical-align: inherit\">bankily.mr<\/span><\/a><\/li>\n<li><a href=\"https:\/\/www.linkedin.com\/company\/banque-populaire-de-mauritanie-officiel\/\"><span style=\"vertical-align: inherit\">https:\/\/www.linkedin.com\/company\/banque-populaire-de-mauritanie-officiel\/<\/span><\/a><\/li>\n<li><a href=\"http:\/\/www.facebook.com\/bpmauritanie\"><span style=\"vertical-align: inherit\">facebook.com\/bpmauritanie<\/span><\/a><\/li>\n<li><a href=\"https:\/\/www.instagram.com\/banque_populaire_de_mauritanie\/\"><span style=\"vertical-align: inherit\">https:\/\/www.instagram.com\/banque_populaire_de_mauritanie\/<\/span><\/a><\/li>\n<li><a href=\"https:\/\/www.youtube.com\/@banquepopulairedemauritani808\"><span style=\"vertical-align: inherit\">https:\/\/www.youtube.com\/@banquepopulairedemauritani808<\/span><\/a><\/li>\n<\/ul>\n<p><span style=\"vertical-align: inherit\">Abdoul Ma\u00efga<\/span><\/p>\n<p><span style=\"vertical-align: inherit\">T\u00e9l. : + 221 77 638 29 41<\/span><\/p>\n<p><span style=\"vertical-align: inherit\">Courriel : <\/span><a href=\"mailto:amaiga7@ifc.org\" data-cke-saved-href=\"mailto:amaiga7@ifc.org\"><span style=\"vertical-align: inherit\">amaiga7@ifc.org<\/span><\/a><\/p>\n","protected":false},"excerpt":{"rendered":"<p>Nouakchott, Mauritanie, le 2 juin 2023\u00a0\u2013\u00a0Afin d\u2019aider les entreprises mauritaniennes \u00e0 financer l\u2019importation et l\u2019exportation de biens essentiels, notamment des denr\u00e9es alimentaires, des mat\u00e9riaux de construction et des v\u00e9hicules, IFC a annonc\u00e9 aujourd\u2019hui l\u2019octroi d\u2019une facilit\u00e9 de financement du commerce en faveur de la Banque Populaire de Mauritanie (BPM). Cette facilit\u00e9, d\u2019un montant maximal \u00e9quivalent&#8230;..<\/p>\n","protected":false},"author":5,"featured_media":8824,"comment_status":"open","ping_status":"open","sticky":false,"template":"","format":"standard","meta":{"footnotes":""},"categories":[23,49],"tags":[],"class_list":["post-8849","post","type-post","status-publish","format-standard","has-post-thumbnail","hentry","category-actualite","category-economie"],"yoast_head":"<!-- This site is optimized with the Yoast SEO plugin v27.5 - https:\/\/yoast.com\/product\/yoast-seo-wordpress\/ -->\n<title>IFC s\u2019associe \u00e0 la Banque Populaire de Mauritanie pour renforcer le financement du commerce dans le pays - Le Quotidien de Nouakchott<\/title>\n<meta name=\"robots\" content=\"index, follow, max-snippet:-1, max-image-preview:large, max-video-preview:-1\" \/>\n<link rel=\"canonical\" href=\"https:\/\/lequotidien.mr\/?p=8849&lang=fr\" \/>\n<meta property=\"og:locale\" content=\"ar_AR\" \/>\n<meta property=\"og:type\" content=\"article\" \/>\n<meta property=\"og:title\" content=\"IFC s\u2019associe \u00e0 la Banque Populaire de Mauritanie pour renforcer le financement du commerce dans le pays - Le Quotidien de Nouakchott\" \/>\n<meta property=\"og:description\" content=\"Nouakchott, Mauritanie, le 2 juin 2023\u00a0\u2013\u00a0Afin d\u2019aider les entreprises mauritaniennes \u00e0 financer l\u2019importation et l\u2019exportation de biens essentiels, notamment des denr\u00e9es alimentaires, des mat\u00e9riaux de construction et des v\u00e9hicules, IFC a annonc\u00e9 aujourd\u2019hui l\u2019octroi d\u2019une facilit\u00e9 de financement du commerce en faveur de la Banque Populaire de Mauritanie (BPM). Cette facilit\u00e9, d\u2019un montant maximal \u00e9quivalent.....\" \/>\n<meta property=\"og:url\" content=\"https:\/\/lequotidien.mr\/?p=8849&amp;lang=fr\" \/>\n<meta property=\"og:site_name\" content=\"Le Quotidien de Nouakchott\" \/>\n<meta property=\"article:publisher\" content=\"https:\/\/web.facebook.com\/lequotidienmr\" \/>\n<meta property=\"article:published_time\" content=\"2023-06-09T02:56:14+00:00\" \/>\n<meta property=\"og:image\" content=\"https:\/\/lequotidien.mr\/wp-content\/uploads\/2023\/06\/DSC08837.jpg\" \/>\n\t<meta property=\"og:image:width\" content=\"500\" \/>\n\t<meta property=\"og:image:height\" content=\"333\" \/>\n\t<meta property=\"og:image:type\" content=\"image\/jpeg\" \/>\n<meta name=\"author\" content=\"Gayi Diawara\" \/>\n<meta name=\"twitter:card\" content=\"summary_large_image\" \/>\n<meta name=\"twitter:creator\" content=\"@lequotidienmr\" \/>\n<meta name=\"twitter:site\" content=\"@lequotidienmr\" \/>\n<meta name=\"twitter:label1\" content=\"\u0643\u064f\u062a\u0628 \u0628\u0648\u0627\u0633\u0637\u0629\" \/>\n\t<meta name=\"twitter:data1\" content=\"Gayi Diawara\" \/>\n\t<meta name=\"twitter:label2\" content=\"\u0648\u0642\u062a \u0627\u0644\u0642\u0631\u0627\u0621\u0629 \u0627\u0644\u0645\u064f\u0642\u062f\u0651\u0631\" \/>\n\t<meta name=\"twitter:data2\" content=\"5 \u062f\u0642\u0627\u0626\u0642\" \/>\n<script type=\"application\/ld+json\" class=\"yoast-schema-graph\">{\"@context\":\"https:\\\/\\\/schema.org\",\"@graph\":[{\"@type\":\"Article\",\"@id\":\"https:\\\/\\\/lequotidien.mr\\\/?p=8849&lang=fr#article\",\"isPartOf\":{\"@id\":\"https:\\\/\\\/lequotidien.mr\\\/?p=8849&lang=fr\"},\"author\":{\"name\":\"Gayi Diawara\",\"@id\":\"https:\\\/\\\/lequotidien.mr\\\/#\\\/schema\\\/person\\\/1077c8abd5640a6514b909318d271dee\"},\"headline\":\"IFC s\u2019associe \u00e0 la Banque Populaire de Mauritanie pour renforcer le financement du commerce dans le pays\",\"datePublished\":\"2023-06-09T02:56:14+00:00\",\"mainEntityOfPage\":{\"@id\":\"https:\\\/\\\/lequotidien.mr\\\/?p=8849&lang=fr\"},\"wordCount\":1102,\"commentCount\":0,\"publisher\":{\"@id\":\"https:\\\/\\\/lequotidien.mr\\\/#organization\"},\"image\":{\"@id\":\"https:\\\/\\\/lequotidien.mr\\\/?p=8849&lang=fr#primaryimage\"},\"thumbnailUrl\":\"https:\\\/\\\/lequotidien.mr\\\/wp-content\\\/uploads\\\/2023\\\/06\\\/DSC08837.jpg\",\"articleSection\":[\"ACTUALIT\u00c9\",\"Economie\"],\"inLanguage\":\"ar\",\"potentialAction\":[{\"@type\":\"CommentAction\",\"name\":\"Comment\",\"target\":[\"https:\\\/\\\/lequotidien.mr\\\/?p=8849&lang=fr#respond\"]}]},{\"@type\":\"WebPage\",\"@id\":\"https:\\\/\\\/lequotidien.mr\\\/?p=8849&lang=fr\",\"url\":\"https:\\\/\\\/lequotidien.mr\\\/?p=8849&lang=fr\",\"name\":\"IFC s\u2019associe \u00e0 la Banque Populaire de Mauritanie pour renforcer le financement du commerce dans le pays - Le Quotidien de Nouakchott\",\"isPartOf\":{\"@id\":\"https:\\\/\\\/lequotidien.mr\\\/#website\"},\"primaryImageOfPage\":{\"@id\":\"https:\\\/\\\/lequotidien.mr\\\/?p=8849&lang=fr#primaryimage\"},\"image\":{\"@id\":\"https:\\\/\\\/lequotidien.mr\\\/?p=8849&lang=fr#primaryimage\"},\"thumbnailUrl\":\"https:\\\/\\\/lequotidien.mr\\\/wp-content\\\/uploads\\\/2023\\\/06\\\/DSC08837.jpg\",\"datePublished\":\"2023-06-09T02:56:14+00:00\",\"breadcrumb\":{\"@id\":\"https:\\\/\\\/lequotidien.mr\\\/?p=8849&lang=fr#breadcrumb\"},\"inLanguage\":\"ar\",\"potentialAction\":[{\"@type\":\"ReadAction\",\"target\":[\"https:\\\/\\\/lequotidien.mr\\\/?p=8849&lang=fr\"]}]},{\"@type\":\"ImageObject\",\"inLanguage\":\"ar\",\"@id\":\"https:\\\/\\\/lequotidien.mr\\\/?p=8849&lang=fr#primaryimage\",\"url\":\"https:\\\/\\\/lequotidien.mr\\\/wp-content\\\/uploads\\\/2023\\\/06\\\/DSC08837.jpg\",\"contentUrl\":\"https:\\\/\\\/lequotidien.mr\\\/wp-content\\\/uploads\\\/2023\\\/06\\\/DSC08837.jpg\",\"width\":500,\"height\":333},{\"@type\":\"BreadcrumbList\",\"@id\":\"https:\\\/\\\/lequotidien.mr\\\/?p=8849&lang=fr#breadcrumb\",\"itemListElement\":[{\"@type\":\"ListItem\",\"position\":1,\"name\":\"Home\",\"item\":\"https:\\\/\\\/lequotidien.mr\\\/\"},{\"@type\":\"ListItem\",\"position\":2,\"name\":\"IFC s\u2019associe \u00e0 la Banque Populaire de Mauritanie pour renforcer le financement du commerce dans le pays\"}]},{\"@type\":\"WebSite\",\"@id\":\"https:\\\/\\\/lequotidien.mr\\\/#website\",\"url\":\"https:\\\/\\\/lequotidien.mr\\\/\",\"name\":\"Le Quotidien de Nouakchott\",\"description\":\"\u0625\u062e\u0628\u0627\u0631\u064a\u0629 \u0645\u0633\u062a\u0642\u0644\u0629 \u0644\u0644\u0623\u0646\u0628\u0627\u0621 \u0627\u0644\u0639\u0627\u0645\u0629\",\"publisher\":{\"@id\":\"https:\\\/\\\/lequotidien.mr\\\/#organization\"},\"potentialAction\":[{\"@type\":\"SearchAction\",\"target\":{\"@type\":\"EntryPoint\",\"urlTemplate\":\"https:\\\/\\\/lequotidien.mr\\\/?s={search_term_string}\"},\"query-input\":{\"@type\":\"PropertyValueSpecification\",\"valueRequired\":true,\"valueName\":\"search_term_string\"}}],\"inLanguage\":\"ar\"},{\"@type\":\"Organization\",\"@id\":\"https:\\\/\\\/lequotidien.mr\\\/#organization\",\"name\":\"Le Quotidien de Nouakchott\",\"url\":\"https:\\\/\\\/lequotidien.mr\\\/\",\"logo\":{\"@type\":\"ImageObject\",\"inLanguage\":\"ar\",\"@id\":\"https:\\\/\\\/lequotidien.mr\\\/#\\\/schema\\\/logo\\\/image\\\/\",\"url\":\"https:\\\/\\\/lequotidien.mr\\\/wp-content\\\/uploads\\\/2022\\\/11\\\/logolequotidien.jpg\",\"contentUrl\":\"https:\\\/\\\/lequotidien.mr\\\/wp-content\\\/uploads\\\/2022\\\/11\\\/logolequotidien.jpg\",\"width\":290,\"height\":65,\"caption\":\"Le Quotidien de Nouakchott\"},\"image\":{\"@id\":\"https:\\\/\\\/lequotidien.mr\\\/#\\\/schema\\\/logo\\\/image\\\/\"},\"sameAs\":[\"https:\\\/\\\/web.facebook.com\\\/lequotidienmr\",\"https:\\\/\\\/x.com\\\/lequotidienmr\"]},{\"@type\":\"Person\",\"@id\":\"https:\\\/\\\/lequotidien.mr\\\/#\\\/schema\\\/person\\\/1077c8abd5640a6514b909318d271dee\",\"name\":\"Gayi Diawara\",\"image\":{\"@type\":\"ImageObject\",\"inLanguage\":\"ar\",\"@id\":\"https:\\\/\\\/secure.gravatar.com\\\/avatar\\\/63ea8db1e19a6d2d608b24c0f78b5f3a7d6e0bc11959fec273410af333e4d0ac?s=96&d=mm&r=g\",\"url\":\"https:\\\/\\\/secure.gravatar.com\\\/avatar\\\/63ea8db1e19a6d2d608b24c0f78b5f3a7d6e0bc11959fec273410af333e4d0ac?s=96&d=mm&r=g\",\"contentUrl\":\"https:\\\/\\\/secure.gravatar.com\\\/avatar\\\/63ea8db1e19a6d2d608b24c0f78b5f3a7d6e0bc11959fec273410af333e4d0ac?s=96&d=mm&r=g\",\"caption\":\"Gayi Diawara\"},\"sameAs\":[\"http:\\\/\\\/lequotidien.mr\"],\"url\":\"https:\\\/\\\/lequotidien.mr\\\/?author=5\"}]}<\/script>\n<!-- \/ Yoast SEO plugin. -->","yoast_head_json":{"title":"IFC s\u2019associe \u00e0 la Banque Populaire de Mauritanie pour renforcer le financement du commerce dans le pays - Le Quotidien de Nouakchott","robots":{"index":"index","follow":"follow","max-snippet":"max-snippet:-1","max-image-preview":"max-image-preview:large","max-video-preview":"max-video-preview:-1"},"canonical":"https:\/\/lequotidien.mr\/?p=8849&lang=fr","og_locale":"ar_AR","og_type":"article","og_title":"IFC s\u2019associe \u00e0 la Banque Populaire de Mauritanie pour renforcer le financement du commerce dans le pays - Le Quotidien de Nouakchott","og_description":"Nouakchott, Mauritanie, le 2 juin 2023\u00a0\u2013\u00a0Afin d\u2019aider les entreprises mauritaniennes \u00e0 financer l\u2019importation et l\u2019exportation de biens essentiels, notamment des denr\u00e9es alimentaires, des mat\u00e9riaux de construction et des v\u00e9hicules, IFC a annonc\u00e9 aujourd\u2019hui l\u2019octroi d\u2019une facilit\u00e9 de financement du commerce en faveur de la Banque Populaire de Mauritanie (BPM). Cette facilit\u00e9, d\u2019un montant maximal \u00e9quivalent.....","og_url":"https:\/\/lequotidien.mr\/?p=8849&lang=fr","og_site_name":"Le Quotidien de Nouakchott","article_publisher":"https:\/\/web.facebook.com\/lequotidienmr","article_published_time":"2023-06-09T02:56:14+00:00","og_image":[{"width":500,"height":333,"url":"https:\/\/lequotidien.mr\/wp-content\/uploads\/2023\/06\/DSC08837.jpg","type":"image\/jpeg"}],"author":"Gayi Diawara","twitter_card":"summary_large_image","twitter_creator":"@lequotidienmr","twitter_site":"@lequotidienmr","twitter_misc":{"\u0643\u064f\u062a\u0628 \u0628\u0648\u0627\u0633\u0637\u0629":"Gayi Diawara","\u0648\u0642\u062a \u0627\u0644\u0642\u0631\u0627\u0621\u0629 \u0627\u0644\u0645\u064f\u0642\u062f\u0651\u0631":"5 \u062f\u0642\u0627\u0626\u0642"},"schema":{"@context":"https:\/\/schema.org","@graph":[{"@type":"Article","@id":"https:\/\/lequotidien.mr\/?p=8849&lang=fr#article","isPartOf":{"@id":"https:\/\/lequotidien.mr\/?p=8849&lang=fr"},"author":{"name":"Gayi Diawara","@id":"https:\/\/lequotidien.mr\/#\/schema\/person\/1077c8abd5640a6514b909318d271dee"},"headline":"IFC s\u2019associe \u00e0 la Banque Populaire de Mauritanie pour renforcer le financement du commerce dans le pays","datePublished":"2023-06-09T02:56:14+00:00","mainEntityOfPage":{"@id":"https:\/\/lequotidien.mr\/?p=8849&lang=fr"},"wordCount":1102,"commentCount":0,"publisher":{"@id":"https:\/\/lequotidien.mr\/#organization"},"image":{"@id":"https:\/\/lequotidien.mr\/?p=8849&lang=fr#primaryimage"},"thumbnailUrl":"https:\/\/lequotidien.mr\/wp-content\/uploads\/2023\/06\/DSC08837.jpg","articleSection":["ACTUALIT\u00c9","Economie"],"inLanguage":"ar","potentialAction":[{"@type":"CommentAction","name":"Comment","target":["https:\/\/lequotidien.mr\/?p=8849&lang=fr#respond"]}]},{"@type":"WebPage","@id":"https:\/\/lequotidien.mr\/?p=8849&lang=fr","url":"https:\/\/lequotidien.mr\/?p=8849&lang=fr","name":"IFC s\u2019associe \u00e0 la Banque Populaire de Mauritanie pour renforcer le financement du commerce dans le pays - Le Quotidien de Nouakchott","isPartOf":{"@id":"https:\/\/lequotidien.mr\/#website"},"primaryImageOfPage":{"@id":"https:\/\/lequotidien.mr\/?p=8849&lang=fr#primaryimage"},"image":{"@id":"https:\/\/lequotidien.mr\/?p=8849&lang=fr#primaryimage"},"thumbnailUrl":"https:\/\/lequotidien.mr\/wp-content\/uploads\/2023\/06\/DSC08837.jpg","datePublished":"2023-06-09T02:56:14+00:00","breadcrumb":{"@id":"https:\/\/lequotidien.mr\/?p=8849&lang=fr#breadcrumb"},"inLanguage":"ar","potentialAction":[{"@type":"ReadAction","target":["https:\/\/lequotidien.mr\/?p=8849&lang=fr"]}]},{"@type":"ImageObject","inLanguage":"ar","@id":"https:\/\/lequotidien.mr\/?p=8849&lang=fr#primaryimage","url":"https:\/\/lequotidien.mr\/wp-content\/uploads\/2023\/06\/DSC08837.jpg","contentUrl":"https:\/\/lequotidien.mr\/wp-content\/uploads\/2023\/06\/DSC08837.jpg","width":500,"height":333},{"@type":"BreadcrumbList","@id":"https:\/\/lequotidien.mr\/?p=8849&lang=fr#breadcrumb","itemListElement":[{"@type":"ListItem","position":1,"name":"Home","item":"https:\/\/lequotidien.mr\/"},{"@type":"ListItem","position":2,"name":"IFC s\u2019associe \u00e0 la Banque Populaire de Mauritanie pour renforcer le financement du commerce dans le pays"}]},{"@type":"WebSite","@id":"https:\/\/lequotidien.mr\/#website","url":"https:\/\/lequotidien.mr\/","name":"Le Quotidien de Nouakchott","description":"\u0625\u062e\u0628\u0627\u0631\u064a\u0629 \u0645\u0633\u062a\u0642\u0644\u0629 \u0644\u0644\u0623\u0646\u0628\u0627\u0621 \u0627\u0644\u0639\u0627\u0645\u0629","publisher":{"@id":"https:\/\/lequotidien.mr\/#organization"},"potentialAction":[{"@type":"SearchAction","target":{"@type":"EntryPoint","urlTemplate":"https:\/\/lequotidien.mr\/?s={search_term_string}"},"query-input":{"@type":"PropertyValueSpecification","valueRequired":true,"valueName":"search_term_string"}}],"inLanguage":"ar"},{"@type":"Organization","@id":"https:\/\/lequotidien.mr\/#organization","name":"Le Quotidien de Nouakchott","url":"https:\/\/lequotidien.mr\/","logo":{"@type":"ImageObject","inLanguage":"ar","@id":"https:\/\/lequotidien.mr\/#\/schema\/logo\/image\/","url":"https:\/\/lequotidien.mr\/wp-content\/uploads\/2022\/11\/logolequotidien.jpg","contentUrl":"https:\/\/lequotidien.mr\/wp-content\/uploads\/2022\/11\/logolequotidien.jpg","width":290,"height":65,"caption":"Le Quotidien de Nouakchott"},"image":{"@id":"https:\/\/lequotidien.mr\/#\/schema\/logo\/image\/"},"sameAs":["https:\/\/web.facebook.com\/lequotidienmr","https:\/\/x.com\/lequotidienmr"]},{"@type":"Person","@id":"https:\/\/lequotidien.mr\/#\/schema\/person\/1077c8abd5640a6514b909318d271dee","name":"Gayi Diawara","image":{"@type":"ImageObject","inLanguage":"ar","@id":"https:\/\/secure.gravatar.com\/avatar\/63ea8db1e19a6d2d608b24c0f78b5f3a7d6e0bc11959fec273410af333e4d0ac?s=96&d=mm&r=g","url":"https:\/\/secure.gravatar.com\/avatar\/63ea8db1e19a6d2d608b24c0f78b5f3a7d6e0bc11959fec273410af333e4d0ac?s=96&d=mm&r=g","contentUrl":"https:\/\/secure.gravatar.com\/avatar\/63ea8db1e19a6d2d608b24c0f78b5f3a7d6e0bc11959fec273410af333e4d0ac?s=96&d=mm&r=g","caption":"Gayi Diawara"},"sameAs":["http:\/\/lequotidien.mr"],"url":"https:\/\/lequotidien.mr\/?author=5"}]}},"_links":{"self":[{"href":"https:\/\/lequotidien.mr\/index.php?rest_route=\/wp\/v2\/posts\/8849","targetHints":{"allow":["GET"]}}],"collection":[{"href":"https:\/\/lequotidien.mr\/index.php?rest_route=\/wp\/v2\/posts"}],"about":[{"href":"https:\/\/lequotidien.mr\/index.php?rest_route=\/wp\/v2\/types\/post"}],"author":[{"embeddable":true,"href":"https:\/\/lequotidien.mr\/index.php?rest_route=\/wp\/v2\/users\/5"}],"replies":[{"embeddable":true,"href":"https:\/\/lequotidien.mr\/index.php?rest_route=%2Fwp%2Fv2%2Fcomments&post=8849"}],"version-history":[{"count":1,"href":"https:\/\/lequotidien.mr\/index.php?rest_route=\/wp\/v2\/posts\/8849\/revisions"}],"predecessor-version":[{"id":8850,"href":"https:\/\/lequotidien.mr\/index.php?rest_route=\/wp\/v2\/posts\/8849\/revisions\/8850"}],"wp:featuredmedia":[{"embeddable":true,"href":"https:\/\/lequotidien.mr\/index.php?rest_route=\/wp\/v2\/media\/8824"}],"wp:attachment":[{"href":"https:\/\/lequotidien.mr\/index.php?rest_route=%2Fwp%2Fv2%2Fmedia&parent=8849"}],"wp:term":[{"taxonomy":"category","embeddable":true,"href":"https:\/\/lequotidien.mr\/index.php?rest_route=%2Fwp%2Fv2%2Fcategories&post=8849"},{"taxonomy":"post_tag","embeddable":true,"href":"https:\/\/lequotidien.mr\/index.php?rest_route=%2Fwp%2Fv2%2Ftags&post=8849"}],"curies":[{"name":"wp","href":"https:\/\/api.w.org\/{rel}","templated":true}]}}