{"id":8820,"date":"2023-06-08T10:35:49","date_gmt":"2023-06-08T10:35:49","guid":{"rendered":"https:\/\/lequotidien.mr\/?p=8820"},"modified":"2023-06-08T10:35:49","modified_gmt":"2023-06-08T10:35:49","slug":"le-ministre-de-la-peche-signe-une-convention-de-financement-avec-la-kfw-dun-montant-de-19-me","status":"publish","type":"post","link":"https:\/\/lequotidien.mr\/?p=8820&lang=fr","title":{"rendered":"Le ministre de la P\u00eache signe une convention de financement avec la KFW d&#8217;un montant de 19 M\u20ac"},"content":{"rendered":"<p>AMI &#8211; Le ministre de la P\u00eache et de l\u2019Economie maritime, M. Mohamed Ould Abidine Ould Mayif, a sign\u00e9, mercredi, avec une d\u00e9l\u00e9gation de la Banque allemande de D\u00e9veloppement \u201cKFW\u201d conduite par Mme Andrea Moser, actuellement en visite en Mauritanie, une convention de financement du projet de d\u00e9veloppement des chaines de valeur ajout\u00e9e et de cr\u00e9ation d\u2019opportunit\u00e9s d\u2019emplois dans le secteur de la p\u00eache artisanale en Mauritanie.<\/p>\n<p>Ce don financier s\u2019\u00e9l\u00e8ve \u00e0 19 millions d\u2019euros, dont 12 seront destin\u00e9s au financement de projets de p\u00eache artisanale et d\u00e9caiss\u00e9s par l\u2019interm\u00e9diaire de banques locales en tant qu\u2019interm\u00e9diaires entre la banque allemande et les b\u00e9n\u00e9ficiaires du financement.<\/p>\n<p>Le reste du financement sera r\u00e9serv\u00e9 \u00e0 la formation des ressources humaines pour d\u00e9velopper des cha\u00eenes de valeur ajout\u00e9e par le biais d\u2019un bureau d\u2019assistance technique que la partie allemande enverra pour aider le projet \u00e0 d\u00e9velopper l\u2019expertise et les comp\u00e9tences en mati\u00e8re de d\u00e9veloppement des cha\u00eenes de valeur ajout\u00e9e dans le domaine de la p\u00eache artisanale.<\/p>\n<p>La c\u00e9r\u00e9monie de signature a \u00e9t\u00e9 l\u2019occasion pour le ministre de la p\u00eache et de l\u2019\u00e9conomie maritime d\u2019exprimer les remerciements du gouvernement mauritanien au gouvernement allemand pour ce g\u00e9n\u00e9reux soutien li\u00e9 au d\u00e9veloppement des cha\u00eenes de valeur ajout\u00e9e et \u00e0 la cr\u00e9ation d\u2019opportunit\u00e9s d\u2019emplois dans le domaine de la p\u00eache.<\/p>\n<p>Il a \u00e9galement exprim\u00e9 ses remerciements \u00e0 la Banque allemande de d\u00e9veloppement pour cet effort qui contribuera \u00e0 la continuit\u00e9 de la production et au d\u00e9veloppement des ressources marines mauritaniennes et \u00e0 accro\u00eetre leur utilisation dans le domaine de l\u2019emploi et la r\u00e9sorption du ch\u00f4mage.<\/p>\n<p>Il a indiqu\u00e9 que le d\u00e9marrage du financement de ce projet s\u2019inscrit dans le cadre des engagements de Son Excellence le Pr\u00e9sident de la R\u00e9publique, M. Mohamed Ould Cheikh El-Ghazouani, relatifs \u00e0 la mise en place d\u2019une ligne de financement pour valoriser les produits de la p\u00eache artisanale en Mauritanie.<\/p>\n<p>La c\u00e9r\u00e9monie de signature s\u2019est d\u00e9roul\u00e9e en pr\u00e9sence du Conseiller technique du ministre de la P\u00eache et de l\u2019Economie maritime charg\u00e9 de la Communication et de la Formation, M. Mohamed Ould Louli, et du Directeur de la Programmation et de la Coop\u00e9ration au Minist\u00e8re, M. Mohamed Ould Ely Ould Berham, en plus du pr\u00e9sident adjoint de la mission allemande, charg\u00e9 d\u2019affaires de l\u2019ambassade d\u2019Allemagne \u00e0 Nouakchott, le Dr Antje G\u00f6llner-Scholz.<\/p>\n","protected":false},"excerpt":{"rendered":"<p>AMI &#8211; Le ministre de la P\u00eache et de l\u2019Economie maritime, M. Mohamed Ould Abidine Ould Mayif, a sign\u00e9, mercredi, avec une d\u00e9l\u00e9gation de la Banque allemande de D\u00e9veloppement \u201cKFW\u201d conduite par Mme Andrea Moser, actuellement en visite en Mauritanie, une convention de financement du projet de d\u00e9veloppement des chaines de valeur ajout\u00e9e et de&#8230;..<\/p>\n","protected":false},"author":3,"featured_media":8821,"comment_status":"open","ping_status":"open","sticky":false,"template":"","format":"standard","meta":{"footnotes":""},"categories":[23,49],"tags":[],"class_list":["post-8820","post","type-post","status-publish","format-standard","has-post-thumbnail","hentry","category-actualite","category-economie"],"yoast_head":"<!-- This site is optimized with the Yoast SEO plugin v27.5 - https:\/\/yoast.com\/product\/yoast-seo-wordpress\/ -->\n<title>Le ministre de la P\u00eache signe une convention de financement avec la KFW d&#039;un montant de 19 M\u20ac - Le Quotidien de Nouakchott<\/title>\n<meta name=\"robots\" content=\"index, follow, max-snippet:-1, max-image-preview:large, max-video-preview:-1\" \/>\n<link rel=\"canonical\" href=\"https:\/\/lequotidien.mr\/?p=8820&lang=fr\" \/>\n<meta property=\"og:locale\" content=\"ar_AR\" \/>\n<meta property=\"og:type\" content=\"article\" \/>\n<meta property=\"og:title\" content=\"Le ministre de la P\u00eache signe une convention de financement avec la KFW d&#039;un montant de 19 M\u20ac - Le Quotidien de Nouakchott\" \/>\n<meta property=\"og:description\" content=\"AMI &#8211; Le ministre de la P\u00eache et de l\u2019Economie maritime, M. Mohamed Ould Abidine Ould Mayif, a sign\u00e9, mercredi, avec une d\u00e9l\u00e9gation de la Banque allemande de D\u00e9veloppement \u201cKFW\u201d conduite par Mme Andrea Moser, actuellement en visite en Mauritanie, une convention de financement du projet de d\u00e9veloppement des chaines de valeur ajout\u00e9e et de.....\" \/>\n<meta property=\"og:url\" content=\"https:\/\/lequotidien.mr\/?p=8820&amp;lang=fr\" \/>\n<meta property=\"og:site_name\" content=\"Le Quotidien de Nouakchott\" \/>\n<meta property=\"article:publisher\" content=\"https:\/\/web.facebook.com\/lequotidienmr\" \/>\n<meta property=\"article:author\" content=\"https:\/\/web.facebook.com\/a.mleiwih\" \/>\n<meta property=\"article:published_time\" content=\"2023-06-08T10:35:49+00:00\" \/>\n<meta property=\"og:image\" content=\"https:\/\/lequotidien.mr\/wp-content\/uploads\/2023\/06\/19mio_07_06_2023_s003.jpg\" \/>\n\t<meta property=\"og:image:width\" content=\"1058\" \/>\n\t<meta property=\"og:image:height\" content=\"630\" \/>\n\t<meta property=\"og:image:type\" content=\"image\/jpeg\" \/>\n<meta name=\"author\" content=\"Alioun M&#039;leiwih\" \/>\n<meta name=\"twitter:card\" content=\"summary_large_image\" \/>\n<meta name=\"twitter:creator\" content=\"@lequotidienmr\" \/>\n<meta name=\"twitter:site\" content=\"@lequotidienmr\" \/>\n<meta name=\"twitter:label1\" content=\"\u0643\u064f\u062a\u0628 \u0628\u0648\u0627\u0633\u0637\u0629\" \/>\n\t<meta name=\"twitter:data1\" content=\"Alioun M&#039;leiwih\" \/>\n\t<meta name=\"twitter:label2\" content=\"\u0648\u0642\u062a \u0627\u0644\u0642\u0631\u0627\u0621\u0629 \u0627\u0644\u0645\u064f\u0642\u062f\u0651\u0631\" \/>\n\t<meta name=\"twitter:data2\" content=\"\u062f\u0642\u064a\u0642\u062a\u0627\u0646\" \/>\n<script type=\"application\/ld+json\" class=\"yoast-schema-graph\">{\"@context\":\"https:\\\/\\\/schema.org\",\"@graph\":[{\"@type\":\"Article\",\"@id\":\"https:\\\/\\\/lequotidien.mr\\\/?p=8820&lang=fr#article\",\"isPartOf\":{\"@id\":\"https:\\\/\\\/lequotidien.mr\\\/?p=8820&lang=fr\"},\"author\":{\"name\":\"Alioun M'leiwih\",\"@id\":\"https:\\\/\\\/lequotidien.mr\\\/#\\\/schema\\\/person\\\/69d1518c74c9137087929a20b1272cb0\"},\"headline\":\"Le ministre de la P\u00eache signe une convention de financement avec la KFW d&#8217;un montant de 19 M\u20ac\",\"datePublished\":\"2023-06-08T10:35:49+00:00\",\"mainEntityOfPage\":{\"@id\":\"https:\\\/\\\/lequotidien.mr\\\/?p=8820&lang=fr\"},\"wordCount\":467,\"commentCount\":0,\"publisher\":{\"@id\":\"https:\\\/\\\/lequotidien.mr\\\/#organization\"},\"image\":{\"@id\":\"https:\\\/\\\/lequotidien.mr\\\/?p=8820&lang=fr#primaryimage\"},\"thumbnailUrl\":\"https:\\\/\\\/lequotidien.mr\\\/wp-content\\\/uploads\\\/2023\\\/06\\\/19mio_07_06_2023_s003.jpg\",\"articleSection\":[\"ACTUALIT\u00c9\",\"Economie\"],\"inLanguage\":\"ar\",\"potentialAction\":[{\"@type\":\"CommentAction\",\"name\":\"Comment\",\"target\":[\"https:\\\/\\\/lequotidien.mr\\\/?p=8820&lang=fr#respond\"]}]},{\"@type\":\"WebPage\",\"@id\":\"https:\\\/\\\/lequotidien.mr\\\/?p=8820&lang=fr\",\"url\":\"https:\\\/\\\/lequotidien.mr\\\/?p=8820&lang=fr\",\"name\":\"Le ministre de la P\u00eache signe une convention de financement avec la KFW d'un montant de 19 M\u20ac - Le Quotidien de Nouakchott\",\"isPartOf\":{\"@id\":\"https:\\\/\\\/lequotidien.mr\\\/#website\"},\"primaryImageOfPage\":{\"@id\":\"https:\\\/\\\/lequotidien.mr\\\/?p=8820&lang=fr#primaryimage\"},\"image\":{\"@id\":\"https:\\\/\\\/lequotidien.mr\\\/?p=8820&lang=fr#primaryimage\"},\"thumbnailUrl\":\"https:\\\/\\\/lequotidien.mr\\\/wp-content\\\/uploads\\\/2023\\\/06\\\/19mio_07_06_2023_s003.jpg\",\"datePublished\":\"2023-06-08T10:35:49+00:00\",\"breadcrumb\":{\"@id\":\"https:\\\/\\\/lequotidien.mr\\\/?p=8820&lang=fr#breadcrumb\"},\"inLanguage\":\"ar\",\"potentialAction\":[{\"@type\":\"ReadAction\",\"target\":[\"https:\\\/\\\/lequotidien.mr\\\/?p=8820&lang=fr\"]}]},{\"@type\":\"ImageObject\",\"inLanguage\":\"ar\",\"@id\":\"https:\\\/\\\/lequotidien.mr\\\/?p=8820&lang=fr#primaryimage\",\"url\":\"https:\\\/\\\/lequotidien.mr\\\/wp-content\\\/uploads\\\/2023\\\/06\\\/19mio_07_06_2023_s003.jpg\",\"contentUrl\":\"https:\\\/\\\/lequotidien.mr\\\/wp-content\\\/uploads\\\/2023\\\/06\\\/19mio_07_06_2023_s003.jpg\",\"width\":1058,\"height\":630},{\"@type\":\"BreadcrumbList\",\"@id\":\"https:\\\/\\\/lequotidien.mr\\\/?p=8820&lang=fr#breadcrumb\",\"itemListElement\":[{\"@type\":\"ListItem\",\"position\":1,\"name\":\"Home\",\"item\":\"https:\\\/\\\/lequotidien.mr\\\/\"},{\"@type\":\"ListItem\",\"position\":2,\"name\":\"Le ministre de la P\u00eache signe une convention de financement avec la KFW d&#8217;un montant de 19 M\u20ac\"}]},{\"@type\":\"WebSite\",\"@id\":\"https:\\\/\\\/lequotidien.mr\\\/#website\",\"url\":\"https:\\\/\\\/lequotidien.mr\\\/\",\"name\":\"Le Quotidien de Nouakchott\",\"description\":\"\u0625\u062e\u0628\u0627\u0631\u064a\u0629 \u0645\u0633\u062a\u0642\u0644\u0629 \u0644\u0644\u0623\u0646\u0628\u0627\u0621 \u0627\u0644\u0639\u0627\u0645\u0629\",\"publisher\":{\"@id\":\"https:\\\/\\\/lequotidien.mr\\\/#organization\"},\"potentialAction\":[{\"@type\":\"SearchAction\",\"target\":{\"@type\":\"EntryPoint\",\"urlTemplate\":\"https:\\\/\\\/lequotidien.mr\\\/?s={search_term_string}\"},\"query-input\":{\"@type\":\"PropertyValueSpecification\",\"valueRequired\":true,\"valueName\":\"search_term_string\"}}],\"inLanguage\":\"ar\"},{\"@type\":\"Organization\",\"@id\":\"https:\\\/\\\/lequotidien.mr\\\/#organization\",\"name\":\"Le Quotidien de Nouakchott\",\"url\":\"https:\\\/\\\/lequotidien.mr\\\/\",\"logo\":{\"@type\":\"ImageObject\",\"inLanguage\":\"ar\",\"@id\":\"https:\\\/\\\/lequotidien.mr\\\/#\\\/schema\\\/logo\\\/image\\\/\",\"url\":\"https:\\\/\\\/lequotidien.mr\\\/wp-content\\\/uploads\\\/2022\\\/11\\\/logolequotidien.jpg\",\"contentUrl\":\"https:\\\/\\\/lequotidien.mr\\\/wp-content\\\/uploads\\\/2022\\\/11\\\/logolequotidien.jpg\",\"width\":290,\"height\":65,\"caption\":\"Le Quotidien de Nouakchott\"},\"image\":{\"@id\":\"https:\\\/\\\/lequotidien.mr\\\/#\\\/schema\\\/logo\\\/image\\\/\"},\"sameAs\":[\"https:\\\/\\\/web.facebook.com\\\/lequotidienmr\",\"https:\\\/\\\/x.com\\\/lequotidienmr\"]},{\"@type\":\"Person\",\"@id\":\"https:\\\/\\\/lequotidien.mr\\\/#\\\/schema\\\/person\\\/69d1518c74c9137087929a20b1272cb0\",\"name\":\"Alioun M'leiwih\",\"image\":{\"@type\":\"ImageObject\",\"inLanguage\":\"ar\",\"@id\":\"https:\\\/\\\/secure.gravatar.com\\\/avatar\\\/01f9d357222d7d4ca8f71662f4b081718f06d25b11fc45662ecca0622d507e51?s=96&d=mm&r=g\",\"url\":\"https:\\\/\\\/secure.gravatar.com\\\/avatar\\\/01f9d357222d7d4ca8f71662f4b081718f06d25b11fc45662ecca0622d507e51?s=96&d=mm&r=g\",\"contentUrl\":\"https:\\\/\\\/secure.gravatar.com\\\/avatar\\\/01f9d357222d7d4ca8f71662f4b081718f06d25b11fc45662ecca0622d507e51?s=96&d=mm&r=g\",\"caption\":\"Alioun M'leiwih\"},\"sameAs\":[\"https:\\\/\\\/lequotidien.mr\\\/\",\"https:\\\/\\\/web.facebook.com\\\/a.mleiwih\",\"https:\\\/\\\/www.linkedin.com\\\/in\\\/alimlewih\\\/\"],\"url\":\"https:\\\/\\\/lequotidien.mr\\\/?author=3\"}]}<\/script>\n<!-- \/ Yoast SEO plugin. -->","yoast_head_json":{"title":"Le ministre de la P\u00eache signe une convention de financement avec la KFW d'un montant de 19 M\u20ac - Le Quotidien de Nouakchott","robots":{"index":"index","follow":"follow","max-snippet":"max-snippet:-1","max-image-preview":"max-image-preview:large","max-video-preview":"max-video-preview:-1"},"canonical":"https:\/\/lequotidien.mr\/?p=8820&lang=fr","og_locale":"ar_AR","og_type":"article","og_title":"Le ministre de la P\u00eache signe une convention de financement avec la KFW d'un montant de 19 M\u20ac - Le Quotidien de Nouakchott","og_description":"AMI &#8211; Le ministre de la P\u00eache et de l\u2019Economie maritime, M. Mohamed Ould Abidine Ould Mayif, a sign\u00e9, mercredi, avec une d\u00e9l\u00e9gation de la Banque allemande de D\u00e9veloppement \u201cKFW\u201d conduite par Mme Andrea Moser, actuellement en visite en Mauritanie, une convention de financement du projet de d\u00e9veloppement des chaines de valeur ajout\u00e9e et de.....","og_url":"https:\/\/lequotidien.mr\/?p=8820&lang=fr","og_site_name":"Le Quotidien de Nouakchott","article_publisher":"https:\/\/web.facebook.com\/lequotidienmr","article_author":"https:\/\/web.facebook.com\/a.mleiwih","article_published_time":"2023-06-08T10:35:49+00:00","og_image":[{"width":1058,"height":630,"url":"https:\/\/lequotidien.mr\/wp-content\/uploads\/2023\/06\/19mio_07_06_2023_s003.jpg","type":"image\/jpeg"}],"author":"Alioun M'leiwih","twitter_card":"summary_large_image","twitter_creator":"@lequotidienmr","twitter_site":"@lequotidienmr","twitter_misc":{"\u0643\u064f\u062a\u0628 \u0628\u0648\u0627\u0633\u0637\u0629":"Alioun M'leiwih","\u0648\u0642\u062a \u0627\u0644\u0642\u0631\u0627\u0621\u0629 \u0627\u0644\u0645\u064f\u0642\u062f\u0651\u0631":"\u062f\u0642\u064a\u0642\u062a\u0627\u0646"},"schema":{"@context":"https:\/\/schema.org","@graph":[{"@type":"Article","@id":"https:\/\/lequotidien.mr\/?p=8820&lang=fr#article","isPartOf":{"@id":"https:\/\/lequotidien.mr\/?p=8820&lang=fr"},"author":{"name":"Alioun M'leiwih","@id":"https:\/\/lequotidien.mr\/#\/schema\/person\/69d1518c74c9137087929a20b1272cb0"},"headline":"Le ministre de la P\u00eache signe une convention de financement avec la KFW d&#8217;un montant de 19 M\u20ac","datePublished":"2023-06-08T10:35:49+00:00","mainEntityOfPage":{"@id":"https:\/\/lequotidien.mr\/?p=8820&lang=fr"},"wordCount":467,"commentCount":0,"publisher":{"@id":"https:\/\/lequotidien.mr\/#organization"},"image":{"@id":"https:\/\/lequotidien.mr\/?p=8820&lang=fr#primaryimage"},"thumbnailUrl":"https:\/\/lequotidien.mr\/wp-content\/uploads\/2023\/06\/19mio_07_06_2023_s003.jpg","articleSection":["ACTUALIT\u00c9","Economie"],"inLanguage":"ar","potentialAction":[{"@type":"CommentAction","name":"Comment","target":["https:\/\/lequotidien.mr\/?p=8820&lang=fr#respond"]}]},{"@type":"WebPage","@id":"https:\/\/lequotidien.mr\/?p=8820&lang=fr","url":"https:\/\/lequotidien.mr\/?p=8820&lang=fr","name":"Le ministre de la P\u00eache signe une convention de financement avec la KFW d'un montant de 19 M\u20ac - Le Quotidien de Nouakchott","isPartOf":{"@id":"https:\/\/lequotidien.mr\/#website"},"primaryImageOfPage":{"@id":"https:\/\/lequotidien.mr\/?p=8820&lang=fr#primaryimage"},"image":{"@id":"https:\/\/lequotidien.mr\/?p=8820&lang=fr#primaryimage"},"thumbnailUrl":"https:\/\/lequotidien.mr\/wp-content\/uploads\/2023\/06\/19mio_07_06_2023_s003.jpg","datePublished":"2023-06-08T10:35:49+00:00","breadcrumb":{"@id":"https:\/\/lequotidien.mr\/?p=8820&lang=fr#breadcrumb"},"inLanguage":"ar","potentialAction":[{"@type":"ReadAction","target":["https:\/\/lequotidien.mr\/?p=8820&lang=fr"]}]},{"@type":"ImageObject","inLanguage":"ar","@id":"https:\/\/lequotidien.mr\/?p=8820&lang=fr#primaryimage","url":"https:\/\/lequotidien.mr\/wp-content\/uploads\/2023\/06\/19mio_07_06_2023_s003.jpg","contentUrl":"https:\/\/lequotidien.mr\/wp-content\/uploads\/2023\/06\/19mio_07_06_2023_s003.jpg","width":1058,"height":630},{"@type":"BreadcrumbList","@id":"https:\/\/lequotidien.mr\/?p=8820&lang=fr#breadcrumb","itemListElement":[{"@type":"ListItem","position":1,"name":"Home","item":"https:\/\/lequotidien.mr\/"},{"@type":"ListItem","position":2,"name":"Le ministre de la P\u00eache signe une convention de financement avec la KFW d&#8217;un montant de 19 M\u20ac"}]},{"@type":"WebSite","@id":"https:\/\/lequotidien.mr\/#website","url":"https:\/\/lequotidien.mr\/","name":"Le Quotidien de Nouakchott","description":"\u0625\u062e\u0628\u0627\u0631\u064a\u0629 \u0645\u0633\u062a\u0642\u0644\u0629 \u0644\u0644\u0623\u0646\u0628\u0627\u0621 \u0627\u0644\u0639\u0627\u0645\u0629","publisher":{"@id":"https:\/\/lequotidien.mr\/#organization"},"potentialAction":[{"@type":"SearchAction","target":{"@type":"EntryPoint","urlTemplate":"https:\/\/lequotidien.mr\/?s={search_term_string}"},"query-input":{"@type":"PropertyValueSpecification","valueRequired":true,"valueName":"search_term_string"}}],"inLanguage":"ar"},{"@type":"Organization","@id":"https:\/\/lequotidien.mr\/#organization","name":"Le Quotidien de Nouakchott","url":"https:\/\/lequotidien.mr\/","logo":{"@type":"ImageObject","inLanguage":"ar","@id":"https:\/\/lequotidien.mr\/#\/schema\/logo\/image\/","url":"https:\/\/lequotidien.mr\/wp-content\/uploads\/2022\/11\/logolequotidien.jpg","contentUrl":"https:\/\/lequotidien.mr\/wp-content\/uploads\/2022\/11\/logolequotidien.jpg","width":290,"height":65,"caption":"Le Quotidien de Nouakchott"},"image":{"@id":"https:\/\/lequotidien.mr\/#\/schema\/logo\/image\/"},"sameAs":["https:\/\/web.facebook.com\/lequotidienmr","https:\/\/x.com\/lequotidienmr"]},{"@type":"Person","@id":"https:\/\/lequotidien.mr\/#\/schema\/person\/69d1518c74c9137087929a20b1272cb0","name":"Alioun M'leiwih","image":{"@type":"ImageObject","inLanguage":"ar","@id":"https:\/\/secure.gravatar.com\/avatar\/01f9d357222d7d4ca8f71662f4b081718f06d25b11fc45662ecca0622d507e51?s=96&d=mm&r=g","url":"https:\/\/secure.gravatar.com\/avatar\/01f9d357222d7d4ca8f71662f4b081718f06d25b11fc45662ecca0622d507e51?s=96&d=mm&r=g","contentUrl":"https:\/\/secure.gravatar.com\/avatar\/01f9d357222d7d4ca8f71662f4b081718f06d25b11fc45662ecca0622d507e51?s=96&d=mm&r=g","caption":"Alioun M'leiwih"},"sameAs":["https:\/\/lequotidien.mr\/","https:\/\/web.facebook.com\/a.mleiwih","https:\/\/www.linkedin.com\/in\/alimlewih\/"],"url":"https:\/\/lequotidien.mr\/?author=3"}]}},"_links":{"self":[{"href":"https:\/\/lequotidien.mr\/index.php?rest_route=\/wp\/v2\/posts\/8820","targetHints":{"allow":["GET"]}}],"collection":[{"href":"https:\/\/lequotidien.mr\/index.php?rest_route=\/wp\/v2\/posts"}],"about":[{"href":"https:\/\/lequotidien.mr\/index.php?rest_route=\/wp\/v2\/types\/post"}],"author":[{"embeddable":true,"href":"https:\/\/lequotidien.mr\/index.php?rest_route=\/wp\/v2\/users\/3"}],"replies":[{"embeddable":true,"href":"https:\/\/lequotidien.mr\/index.php?rest_route=%2Fwp%2Fv2%2Fcomments&post=8820"}],"version-history":[{"count":1,"href":"https:\/\/lequotidien.mr\/index.php?rest_route=\/wp\/v2\/posts\/8820\/revisions"}],"predecessor-version":[{"id":8822,"href":"https:\/\/lequotidien.mr\/index.php?rest_route=\/wp\/v2\/posts\/8820\/revisions\/8822"}],"wp:featuredmedia":[{"embeddable":true,"href":"https:\/\/lequotidien.mr\/index.php?rest_route=\/wp\/v2\/media\/8821"}],"wp:attachment":[{"href":"https:\/\/lequotidien.mr\/index.php?rest_route=%2Fwp%2Fv2%2Fmedia&parent=8820"}],"wp:term":[{"taxonomy":"category","embeddable":true,"href":"https:\/\/lequotidien.mr\/index.php?rest_route=%2Fwp%2Fv2%2Fcategories&post=8820"},{"taxonomy":"post_tag","embeddable":true,"href":"https:\/\/lequotidien.mr\/index.php?rest_route=%2Fwp%2Fv2%2Ftags&post=8820"}],"curies":[{"name":"wp","href":"https:\/\/api.w.org\/{rel}","templated":true}]}}