{"id":8804,"date":"2023-06-08T08:26:56","date_gmt":"2023-06-08T08:26:56","guid":{"rendered":"https:\/\/lequotidien.mr\/?p=8804"},"modified":"2023-06-08T08:26:56","modified_gmt":"2023-06-08T08:26:56","slug":"groupe-banque-mondiale-communique-de-presse","status":"publish","type":"post","link":"https:\/\/lequotidien.mr\/?p=8804&lang=fr","title":{"rendered":"Groupe Banque mondiale : Communiqu\u00e9 de presse"},"content":{"rendered":"<p><em>La croissance mondiale devrait ralentir \u00e0 2,1\u00a0% en 2023, les risques financiers assombrissant les perspectives<\/em><\/p>\n<p><strong>WASHINGTON, 6\u00a0juin 2023<\/strong> \u2014 Selon les derni\u00e8res <strong><em>Perspectives \u00e9conomiques mondiales<\/em><\/strong> publi\u00e9es par la Banque mondiale, la croissance a nettement ralenti et le risque de tensions financi\u00e8res dans les \u00e9conomies de march\u00e9 \u00e9mergentes et en d\u00e9veloppement s&#8217;intensifie dans un contexte de taux d&#8217;int\u00e9r\u00eat \u00e9lev\u00e9s.<\/p>\n<p>La croissance mondiale devrait marquer le pas en 2023, pour tomber \u00e0 2,1\u00a0%, contre 3,1\u00a0% en 2022. En excluant la Chine, les \u00e9conomies \u00e9mergentes et en d\u00e9veloppement devraient voir leur croissance ralentir \u00e0 2,9\u00a0% cette ann\u00e9e, contre 4,1\u00a0% l&#8217;ann\u00e9e derni\u00e8re. Ces anticipations font \u00e9tat d\u2019une r\u00e9vision \u00e0 la baisse g\u00e9n\u00e9ralis\u00e9e\u00a0: les projections de croissance pour 70\u00a0% des \u00e9conomies \u00e9mergentes et en d\u00e9veloppement et pour la quasi-totalit\u00e9 des \u00e9conomies avanc\u00e9es ont \u00e9t\u00e9 revues \u00e0 la baisse.<\/p>\n<p><em>\u00ab\u00a0Le moyen le plus s\u00fbr de faire reculer la pauvret\u00e9 et de favoriser la prosp\u00e9rit\u00e9 est l&#8217;emploi, et le ralentissement de la croissance rend la cr\u00e9ation d&#8217;emplois beaucoup plus difficile<\/em>, souligne le <strong>pr\u00e9sident du Groupe de la Banque mondiale, Ajay Banga<\/strong>. <em>Il est important de garder \u00e0 l&#8217;esprit que les pr\u00e9visions de croissance ne sont pas une fatalit\u00e9. Nous avons la possibilit\u00e9 d&#8217;inverser la tendance, \u00e0 condition d\u2019y \u0153uvrer tous ensemble.\u00a0\u00bb<\/em><\/p>\n<p>Jusqu&#8217;\u00e0 pr\u00e9sent, la plupart des \u00e9conomies \u00e9mergentes et en d\u00e9veloppement n&#8217;ont \u00e9t\u00e9 que peu affect\u00e9es par les turbulences bancaires r\u00e9centes dans les \u00e9conomies avanc\u00e9es, mais elles \u00e9voluent d\u00e9sormais dans des eaux dangereuses. Avec le durcissement croissant des conditions de cr\u00e9dit au niveau mondial, 25\u00a0% d&#8217;entre elles ne peuvent plus acc\u00e9der aux march\u00e9s obligataires internationaux. La situation est particuli\u00e8rement critique pour celles qui pr\u00e9sentent des vuln\u00e9rabilit\u00e9s sous-jacentes telles qu&#8217;une faible solvabilit\u00e9. Les projections de croissance pour 2023 sont inf\u00e9rieures de moiti\u00e9 \u00e0 celles d&#8217;il y a un an, ce qui rend ces \u00e9conomies tr\u00e8s vuln\u00e9rables \u00e0 de nouveaux chocs.<\/p>\n<p><em>\u00ab\u00a0L&#8217;\u00e9conomie mondiale est dans une position pr\u00e9caire<\/em>, indique <strong>Indermit Gill, \u00e9conomiste en chef et premier vice-pr\u00e9sident du Groupe de la Banque mondiale. <\/strong><em>En dehors de l&#8217;Asie de l&#8217;Est et de l&#8217;Asie du Sud, elle est loin du dynamisme n\u00e9cessaire pour \u00e9liminer la pauvret\u00e9, lutter contre le changement climatique et reconstituer le capital humain. En 2023, le commerce progressera \u00e0 moins d&#8217;un tiers du rythme observ\u00e9 dans les ann\u00e9es pr\u00e9c\u00e9dant la pand\u00e9mie. Dans les march\u00e9s \u00e9mergents et en d\u00e9veloppement, la pression de la dette s&#8217;accro\u00eet sous l&#8217;effet de la hausse des taux d&#8217;int\u00e9r\u00eat. La faiblesse des finances publiques a d\u00e9j\u00e0 fait basculer de nombreux pays \u00e0 faible revenu dans une situation de surendettement. Dans le m\u00eame temps, les financements n\u00e9cessaires pour atteindre les objectifs de d\u00e9veloppement durable d\u00e9passent largement les projections les plus optimistes en mati\u00e8re d&#8217;investissement priv\u00e9.\u00a0\u00bb<\/em><\/p>\n<p>Selon les derni\u00e8res pr\u00e9visions, les chocs simultan\u00e9s caus\u00e9s par la pand\u00e9mie, l&#8217;invasion de l&#8217;Ukraine par la Russie et le ralentissement \u00e9conomique brutal dans un contexte de resserrement des conditions financi\u00e8res mondiales constituent un s\u00e9rieux revers pour le d\u00e9veloppement, qui persistera dans un avenir pr\u00e9visible. D&#8217;ici \u00e0 la fin de 2024, l&#8217;activit\u00e9 \u00e9conomique dans les pays \u00e9mergents et en d\u00e9veloppement devrait en effet \u00eatre inf\u00e9rieure d&#8217;environ 5\u00a0% aux projections \u00e9tablies \u00e0 la veille de la pand\u00e9mie. Dans les pays \u00e0 faible revenu, en particulier les plus pauvres, les d\u00e9g\u00e2ts sont consid\u00e9rables\u00a0: dans plus d&#8217;un tiers de ces pays, le revenu par habitant \u00e0 l\u2019horizon 2024 sera encore inf\u00e9rieur aux niveaux de 2019. La faiblesse de la croissance des revenus aggravera l&#8217;extr\u00eame pauvret\u00e9 dans nombre d\u2019entre eux.<\/p>\n<p><em>\u00ab\u00a0De nombreuses \u00e9conomies en d\u00e9veloppement sont d\u00e9j\u00e0 aux prises avec une croissance faible, \u00e0 la persistance d\u2019une inflation \u00e9lev\u00e9e et \u00e0 des niveaux d&#8217;endettement record. Or de nouveaux risques pourraient encore aggraver leur situation, dont notamment l&#8217;\u00e9ventualit\u00e9 et les r\u00e9percussions plus \u00e9tendues d&#8217;un regain de tensions financi\u00e8res dans les \u00e9conomies avanc\u00e9es<\/em>, explique <strong>AyhanKose, \u00e9conomiste en chef adjoint au Groupe de la Banque mondiale<\/strong>.<em>Les responsables politiques de ces \u00e9conomies doivent agir rapidement pour pr\u00e9venir la contagion financi\u00e8re et r\u00e9duire les vuln\u00e9rabilit\u00e9s int\u00e9rieures \u00e0 court terme.\u00a0\u00bb<\/em><\/p>\n<p><em>\u00a0<\/em>Toujours selon le rapport, dans les \u00e9conomies avanc\u00e9es, la croissance devrait chuter de 2,6\u00a0% en 2022 \u00e0 0,7\u00a0% cette ann\u00e9e, et rester faible en 2024. Apr\u00e8s une croissance de 1,1\u00a0% en 2023, l&#8217;\u00e9conomie des \u00c9tats-Unis devrait ralentir \u00e0 0,8\u00a0% en 2024, principalement sous l\u2019effet de l&#8217;impact persistant de la forte hausse des taux d&#8217;int\u00e9r\u00eat enregistr\u00e9e ces dix-huit derniers mois. Dans la zone euro, la croissance devrait tomber de 3,5\u00a0% en 2022 \u00e0 0,4\u00a0% en 2023, en raison de l&#8217;effet diff\u00e9r\u00e9 du durcissement de la politique mon\u00e9taire et de l&#8217;augmentation des prix de l&#8217;\u00e9nergie.<\/p>\n<p>Le rapport analyse en outre les cons\u00e9quences de l&#8217;augmentation des taux d&#8217;int\u00e9r\u00eat am\u00e9ricains sur les \u00e9conomies \u00e9mergentes et en d\u00e9veloppement. La hausse des rendements des bons du Tr\u00e9sor \u00e0 deux ans depuis un an et demi s&#8217;explique en grande partie par le fait que les investisseurs s&#8217;attendent \u00e0 ce que les \u00c9tats-Unis durcissent leur politique mon\u00e9taire pour juguler l&#8217;inflation. Ce qui se traduit par des effets financiers particuli\u00e8rement n\u00e9fastes dans les \u00e9conomies \u00e9mergentes et en d\u00e9veloppement, avec notamment une probabilit\u00e9 plus \u00e9lev\u00e9e de crise financi\u00e8re. En outre, ces effets sont plus prononc\u00e9s dans les pays plus vuln\u00e9rables sur le plan \u00e9conomique. En particulier, sur les march\u00e9s naissants (caract\u00e9ris\u00e9s par des march\u00e9s financiers moins d\u00e9velopp\u00e9s et un acc\u00e8s plus limit\u00e9 aux capitaux internationaux), les co\u00fbts d&#8217;emprunt ont tendance \u00e0 s&#8217;accro\u00eetre de mani\u00e8re disproportionn\u00e9e. Les \u00e9carts de risque sur les obligations d&#8217;\u00c9tat peuvent ainsi y augmenter plus de trois fois plus que dans les autres \u00e9conomies \u00e9mergentes et en d\u00e9veloppement.<\/p>\n<p>Par ailleurs, le rapport fournit une \u00e9valuation compl\u00e8te des enjeux de politique budg\u00e9taire auxquels sont confront\u00e9es les \u00e9conomies \u00e0 faible revenu. Ces pays sont en grande difficult\u00e9. La hausse des taux d&#8217;int\u00e9r\u00eat a aggrav\u00e9 la d\u00e9t\u00e9rioration de leur situation budg\u00e9taire au cours de la derni\u00e8re d\u00e9cennie. La dette publique y repr\u00e9sente aujourd&#8217;hui en moyenne 70\u00a0% du produit int\u00e9rieur brut (PIB). Les paiements d&#8217;int\u00e9r\u00eats absorbent une part croissante de recettes publiques d\u00e9j\u00e0 limit\u00e9es. Quatorze pays \u00e0 faible revenu sont d\u00e9j\u00e0 surendett\u00e9s ou fortement menac\u00e9s de l\u2019\u00eatre. Les pressions sur les d\u00e9penses s&#8217;accentuent dans ces \u00e9conomies. Les chocs n\u00e9gatifs comme les \u00e9v\u00e8nements climatiques extr\u00eames et les conflits sont plus susceptibles de faire basculer les m\u00e9nages dans la pr\u00e9carit\u00e9 dans les pays \u00e0 faible revenu que partout ailleurs, en raison de l&#8217;insuffisance des filets de protection sociale. En moyenne, ces pays ne consacrent que 3\u00a0% de leur PIB \u00e0 leurs populations les plus vuln\u00e9rables, ce qui est bien inf\u00e9rieur \u00e0 la moyenne de 26\u00a0% pour l\u2019ensemble des \u00e9conomies en d\u00e9veloppement.<\/p>\n<p><strong>T\u00e9l\u00e9charger le rapport\u00a0:<\/strong><a href=\"https:\/\/bit.ly\/GEPJune2023FullEN\"><strong>https:\/\/bit.ly\/GEPJune2023FullEN<\/strong><\/a>(disponible \u00e0 partir du 6\u00a0juin 2023 \u00e0 9h30, heure de Washington).<\/p>\n<p><strong>T\u00e9l\u00e9charger les donn\u00e9es sur la croissance<\/strong>\u00a0: <a href=\"https:\/\/bit.ly\/GEPJune2023Data\"><strong>https:\/\/bit.ly\/GEPJune2023Data<\/strong><\/a><\/p>\n<p><strong>T\u00e9l\u00e9charger les graphiques<\/strong>\u00a0: <a href=\"https:\/\/bit.ly\/GEPJune2023AllCharts\"><strong>https:\/\/bit.ly\/GEPJune2023AllCharts<\/strong><\/a><\/p>\n<p><strong>\u00a0<\/strong><\/p>\n<p><strong>Perspectives r\u00e9gionales\u00a0: <\/strong><\/p>\n<p><strong><em>\u00a0<\/em><\/strong><\/p>\n<p><strong><em>Afrique subsaharienne\u00a0: <\/em><\/strong>La croissance devrait se mod\u00e9rer pour s&#8217;\u00e9tablir \u00e0 3,2\u00a0% en 2023, puis remonter \u00e0 3,9\u00a0% en 2024. Pour en savoir plus, consulter la<a href=\"https:\/\/thedocs.worldbank.org\/en\/doc\/5443e6bba11cd7fa7c0c678a20edd4dd-0350012023\/related\/GEP-June-2023-Regional-Highlights-SSA.pdf\"><strong>synth\u00e8se r\u00e9gionale<\/strong><\/a>.<\/p>\n<p><strong><em>\u00a0<\/em><\/strong><\/p>\n<p><strong><em>Asie de l\u2019Est et Pacifique\u00a0:<\/em><\/strong> La croissance devrait atteindre 5,5\u00a0% en 2023, puis ralentir \u00e0 4,6\u00a0% en 2024. Pour en savoir plus, consulter la<a href=\"https:\/\/thedocs.worldbank.org\/en\/doc\/5443e6bba11cd7fa7c0c678a20edd4dd-0350012023\/related\/GEP-June-2023-Regional-Highlights-EAP.pdf\"><strong>synth\u00e8se r\u00e9gionale<\/strong>.<\/a><\/p>\n<p><strong><em>\u00a0<\/em><\/strong><\/p>\n<p><strong><em>Europe et Asie centrale\u00a0:<\/em><\/strong> La croissance devrait l\u00e9g\u00e8rement augmenter pour atteindre 1,4\u00a0% en 2023, avant de grimper \u00e0 2,7\u00a0% en 2024. Pour en savoir plus, consulter la<a href=\"https:\/\/thedocs.worldbank.org\/en\/doc\/5443e6bba11cd7fa7c0c678a20edd4dd-0350012023\/related\/GEP-June-2023-Regional-Highlights-ECA.pdf\"><strong>synth\u00e8se r\u00e9gionale<\/strong>.<\/a><\/p>\n<p>&nbsp;<\/p>\n<p><strong><em>Am\u00e9rique latine et Cara\u00efbes\u00a0:<\/em><\/strong> La croissance devrait ralentir \u00e0 1,5\u00a0% en 2023 avant de remonter \u00e0 2\u00a0% en 2024. Pour en savoir plus, consulter la<a href=\"https:\/\/thedocs.worldbank.org\/en\/doc\/5443e6bba11cd7fa7c0c678a20edd4dd-0350012023\/related\/GEP-June-2023-Regional-Highlights-LAC.pdf\"><strong>synth\u00e8se r\u00e9gionale<\/strong>.<\/a><\/p>\n<p><strong><em>\u00a0<\/em><\/strong><\/p>\n<p><strong><em>Moyen-Orient et Afrique du Nord\u00a0:<\/em><\/strong> La croissance devrait ralentir \u00e0 2,2\u00a0% en 2023 avant de remonter \u00e0 3,3\u00a0% en 2024. Pour en savoir plus, consulter la<a href=\"https:\/\/thedocs.worldbank.org\/en\/doc\/5443e6bba11cd7fa7c0c678a20edd4dd-0350012023\/related\/GEP-June-2023-Regional-Highlights-MENA.pdf\"><strong>synth\u00e8se r\u00e9gionale<\/strong>.<\/a><\/p>\n<p><strong><em>\u00a0<\/em><\/strong><\/p>\n<p><strong><em>Asie du Sud\u00a0:<\/em><\/strong> La croissance devrait ralentir \u00e0 5,9\u00a0% en 2023, puis \u00e0 5,1\u00a0% en 2024. Pour en savoir plus, consulter la <a href=\"https:\/\/thedocs.worldbank.org\/en\/doc\/5443e6bba11cd7fa7c0c678a20edd4dd-0350012023\/related\/GEP-June-2023-Regional-Highlights-SAR.pdf\"><strong>synth\u00e8se r\u00e9gionale<\/strong><\/a>.<\/p>\n<p>&nbsp;<\/p>\n<p><strong>Contact\u00a0:<\/strong><\/p>\n<p><em>\u00c0 Washington\u00a0:\u00a0\u00a0\u00a0\u00a0\u00a0\u00a0\u00a0\u00a0\u00a0\u00a0\u00a0\u00a0 <\/em>Nandita Roy, (240) 906-4453, <a href=\"mailto:nroy@worldbank.org\">nroy@worldbank.org<\/a><\/p>\n<p>&nbsp;<\/p>\n<p><em>Service audiovisuel\u00a0<\/em>:\u00a0\u00a0\u00a0\u00a0\u00a0 David Young, (202) 250-0395, <a href=\"mailto:dyoung7@worldbankgroup.org\">dyoung7@worldbankgroup.org<\/a><\/p>\n<p>&nbsp;<\/p>\n<p>&nbsp;<\/p>\n<p>&nbsp;<\/p>\n","protected":false},"excerpt":{"rendered":"<p>La croissance mondiale devrait ralentir \u00e0 2,1\u00a0% en 2023, les risques financiers assombrissant les perspectives WASHINGTON, 6\u00a0juin 2023 \u2014 Selon les derni\u00e8res Perspectives \u00e9conomiques mondiales publi\u00e9es par la Banque mondiale, la croissance a nettement ralenti et le risque de tensions financi\u00e8res dans les \u00e9conomies de march\u00e9 \u00e9mergentes et en d\u00e9veloppement s&#8217;intensifie dans un contexte de&#8230;..<\/p>\n","protected":false},"author":5,"featured_media":8805,"comment_status":"open","ping_status":"open","sticky":false,"template":"","format":"standard","meta":{"footnotes":""},"categories":[23,49],"tags":[],"class_list":["post-8804","post","type-post","status-publish","format-standard","has-post-thumbnail","hentry","category-actualite","category-economie"],"yoast_head":"<!-- This site is optimized with the Yoast SEO plugin v27.5 - https:\/\/yoast.com\/product\/yoast-seo-wordpress\/ -->\n<title>Groupe Banque mondiale : Communiqu\u00e9 de presse - Le Quotidien de Nouakchott<\/title>\n<meta name=\"robots\" content=\"index, follow, max-snippet:-1, max-image-preview:large, max-video-preview:-1\" \/>\n<link rel=\"canonical\" href=\"https:\/\/lequotidien.mr\/?p=8804&lang=fr\" \/>\n<meta property=\"og:locale\" content=\"ar_AR\" \/>\n<meta property=\"og:type\" content=\"article\" \/>\n<meta property=\"og:title\" content=\"Groupe Banque mondiale : Communiqu\u00e9 de presse - Le Quotidien de Nouakchott\" \/>\n<meta property=\"og:description\" content=\"La croissance mondiale devrait ralentir \u00e0 2,1\u00a0% en 2023, les risques financiers assombrissant les perspectives WASHINGTON, 6\u00a0juin 2023 \u2014 Selon les derni\u00e8res Perspectives \u00e9conomiques mondiales publi\u00e9es par la Banque mondiale, la croissance a nettement ralenti et le risque de tensions financi\u00e8res dans les \u00e9conomies de march\u00e9 \u00e9mergentes et en d\u00e9veloppement s&#8217;intensifie dans un contexte de.....\" \/>\n<meta property=\"og:url\" content=\"https:\/\/lequotidien.mr\/?p=8804&amp;lang=fr\" \/>\n<meta property=\"og:site_name\" content=\"Le Quotidien de Nouakchott\" \/>\n<meta property=\"article:publisher\" content=\"https:\/\/web.facebook.com\/lequotidienmr\" \/>\n<meta property=\"article:published_time\" content=\"2023-06-08T08:26:56+00:00\" \/>\n<meta property=\"og:image\" content=\"https:\/\/lequotidien.mr\/wp-content\/uploads\/2023\/06\/telechargement.jpg\" \/>\n\t<meta property=\"og:image:width\" content=\"300\" \/>\n\t<meta property=\"og:image:height\" content=\"168\" \/>\n\t<meta property=\"og:image:type\" content=\"image\/jpeg\" \/>\n<meta name=\"author\" content=\"Gayi Diawara\" \/>\n<meta name=\"twitter:card\" content=\"summary_large_image\" \/>\n<meta name=\"twitter:creator\" content=\"@lequotidienmr\" \/>\n<meta name=\"twitter:site\" content=\"@lequotidienmr\" \/>\n<meta name=\"twitter:label1\" content=\"\u0643\u064f\u062a\u0628 \u0628\u0648\u0627\u0633\u0637\u0629\" \/>\n\t<meta name=\"twitter:data1\" content=\"Gayi Diawara\" \/>\n\t<meta name=\"twitter:label2\" content=\"\u0648\u0642\u062a \u0627\u0644\u0642\u0631\u0627\u0621\u0629 \u0627\u0644\u0645\u064f\u0642\u062f\u0651\u0631\" \/>\n\t<meta name=\"twitter:data2\" content=\"6 \u062f\u0642\u0627\u0626\u0642\" \/>\n<script type=\"application\/ld+json\" class=\"yoast-schema-graph\">{\"@context\":\"https:\\\/\\\/schema.org\",\"@graph\":[{\"@type\":\"Article\",\"@id\":\"https:\\\/\\\/lequotidien.mr\\\/?p=8804&lang=fr#article\",\"isPartOf\":{\"@id\":\"https:\\\/\\\/lequotidien.mr\\\/?p=8804&lang=fr\"},\"author\":{\"name\":\"Gayi Diawara\",\"@id\":\"https:\\\/\\\/lequotidien.mr\\\/#\\\/schema\\\/person\\\/1077c8abd5640a6514b909318d271dee\"},\"headline\":\"Groupe Banque mondiale : Communiqu\u00e9 de presse\",\"datePublished\":\"2023-06-08T08:26:56+00:00\",\"mainEntityOfPage\":{\"@id\":\"https:\\\/\\\/lequotidien.mr\\\/?p=8804&lang=fr\"},\"wordCount\":1428,\"commentCount\":0,\"publisher\":{\"@id\":\"https:\\\/\\\/lequotidien.mr\\\/#organization\"},\"image\":{\"@id\":\"https:\\\/\\\/lequotidien.mr\\\/?p=8804&lang=fr#primaryimage\"},\"thumbnailUrl\":\"https:\\\/\\\/lequotidien.mr\\\/wp-content\\\/uploads\\\/2023\\\/06\\\/telechargement.jpg\",\"articleSection\":[\"ACTUALIT\u00c9\",\"Economie\"],\"inLanguage\":\"ar\",\"potentialAction\":[{\"@type\":\"CommentAction\",\"name\":\"Comment\",\"target\":[\"https:\\\/\\\/lequotidien.mr\\\/?p=8804&lang=fr#respond\"]}]},{\"@type\":\"WebPage\",\"@id\":\"https:\\\/\\\/lequotidien.mr\\\/?p=8804&lang=fr\",\"url\":\"https:\\\/\\\/lequotidien.mr\\\/?p=8804&lang=fr\",\"name\":\"Groupe Banque mondiale : Communiqu\u00e9 de presse - Le Quotidien de Nouakchott\",\"isPartOf\":{\"@id\":\"https:\\\/\\\/lequotidien.mr\\\/#website\"},\"primaryImageOfPage\":{\"@id\":\"https:\\\/\\\/lequotidien.mr\\\/?p=8804&lang=fr#primaryimage\"},\"image\":{\"@id\":\"https:\\\/\\\/lequotidien.mr\\\/?p=8804&lang=fr#primaryimage\"},\"thumbnailUrl\":\"https:\\\/\\\/lequotidien.mr\\\/wp-content\\\/uploads\\\/2023\\\/06\\\/telechargement.jpg\",\"datePublished\":\"2023-06-08T08:26:56+00:00\",\"breadcrumb\":{\"@id\":\"https:\\\/\\\/lequotidien.mr\\\/?p=8804&lang=fr#breadcrumb\"},\"inLanguage\":\"ar\",\"potentialAction\":[{\"@type\":\"ReadAction\",\"target\":[\"https:\\\/\\\/lequotidien.mr\\\/?p=8804&lang=fr\"]}]},{\"@type\":\"ImageObject\",\"inLanguage\":\"ar\",\"@id\":\"https:\\\/\\\/lequotidien.mr\\\/?p=8804&lang=fr#primaryimage\",\"url\":\"https:\\\/\\\/lequotidien.mr\\\/wp-content\\\/uploads\\\/2023\\\/06\\\/telechargement.jpg\",\"contentUrl\":\"https:\\\/\\\/lequotidien.mr\\\/wp-content\\\/uploads\\\/2023\\\/06\\\/telechargement.jpg\",\"width\":300,\"height\":168},{\"@type\":\"BreadcrumbList\",\"@id\":\"https:\\\/\\\/lequotidien.mr\\\/?p=8804&lang=fr#breadcrumb\",\"itemListElement\":[{\"@type\":\"ListItem\",\"position\":1,\"name\":\"Home\",\"item\":\"https:\\\/\\\/lequotidien.mr\\\/\"},{\"@type\":\"ListItem\",\"position\":2,\"name\":\"Groupe Banque mondiale : Communiqu\u00e9 de presse\"}]},{\"@type\":\"WebSite\",\"@id\":\"https:\\\/\\\/lequotidien.mr\\\/#website\",\"url\":\"https:\\\/\\\/lequotidien.mr\\\/\",\"name\":\"Le Quotidien de Nouakchott\",\"description\":\"\u0625\u062e\u0628\u0627\u0631\u064a\u0629 \u0645\u0633\u062a\u0642\u0644\u0629 \u0644\u0644\u0623\u0646\u0628\u0627\u0621 \u0627\u0644\u0639\u0627\u0645\u0629\",\"publisher\":{\"@id\":\"https:\\\/\\\/lequotidien.mr\\\/#organization\"},\"potentialAction\":[{\"@type\":\"SearchAction\",\"target\":{\"@type\":\"EntryPoint\",\"urlTemplate\":\"https:\\\/\\\/lequotidien.mr\\\/?s={search_term_string}\"},\"query-input\":{\"@type\":\"PropertyValueSpecification\",\"valueRequired\":true,\"valueName\":\"search_term_string\"}}],\"inLanguage\":\"ar\"},{\"@type\":\"Organization\",\"@id\":\"https:\\\/\\\/lequotidien.mr\\\/#organization\",\"name\":\"Le Quotidien de Nouakchott\",\"url\":\"https:\\\/\\\/lequotidien.mr\\\/\",\"logo\":{\"@type\":\"ImageObject\",\"inLanguage\":\"ar\",\"@id\":\"https:\\\/\\\/lequotidien.mr\\\/#\\\/schema\\\/logo\\\/image\\\/\",\"url\":\"https:\\\/\\\/lequotidien.mr\\\/wp-content\\\/uploads\\\/2022\\\/11\\\/logolequotidien.jpg\",\"contentUrl\":\"https:\\\/\\\/lequotidien.mr\\\/wp-content\\\/uploads\\\/2022\\\/11\\\/logolequotidien.jpg\",\"width\":290,\"height\":65,\"caption\":\"Le Quotidien de Nouakchott\"},\"image\":{\"@id\":\"https:\\\/\\\/lequotidien.mr\\\/#\\\/schema\\\/logo\\\/image\\\/\"},\"sameAs\":[\"https:\\\/\\\/web.facebook.com\\\/lequotidienmr\",\"https:\\\/\\\/x.com\\\/lequotidienmr\"]},{\"@type\":\"Person\",\"@id\":\"https:\\\/\\\/lequotidien.mr\\\/#\\\/schema\\\/person\\\/1077c8abd5640a6514b909318d271dee\",\"name\":\"Gayi Diawara\",\"image\":{\"@type\":\"ImageObject\",\"inLanguage\":\"ar\",\"@id\":\"https:\\\/\\\/secure.gravatar.com\\\/avatar\\\/63ea8db1e19a6d2d608b24c0f78b5f3a7d6e0bc11959fec273410af333e4d0ac?s=96&d=mm&r=g\",\"url\":\"https:\\\/\\\/secure.gravatar.com\\\/avatar\\\/63ea8db1e19a6d2d608b24c0f78b5f3a7d6e0bc11959fec273410af333e4d0ac?s=96&d=mm&r=g\",\"contentUrl\":\"https:\\\/\\\/secure.gravatar.com\\\/avatar\\\/63ea8db1e19a6d2d608b24c0f78b5f3a7d6e0bc11959fec273410af333e4d0ac?s=96&d=mm&r=g\",\"caption\":\"Gayi Diawara\"},\"sameAs\":[\"http:\\\/\\\/lequotidien.mr\"],\"url\":\"https:\\\/\\\/lequotidien.mr\\\/?author=5\"}]}<\/script>\n<!-- \/ Yoast SEO plugin. -->","yoast_head_json":{"title":"Groupe Banque mondiale : Communiqu\u00e9 de presse - Le Quotidien de Nouakchott","robots":{"index":"index","follow":"follow","max-snippet":"max-snippet:-1","max-image-preview":"max-image-preview:large","max-video-preview":"max-video-preview:-1"},"canonical":"https:\/\/lequotidien.mr\/?p=8804&lang=fr","og_locale":"ar_AR","og_type":"article","og_title":"Groupe Banque mondiale : Communiqu\u00e9 de presse - Le Quotidien de Nouakchott","og_description":"La croissance mondiale devrait ralentir \u00e0 2,1\u00a0% en 2023, les risques financiers assombrissant les perspectives WASHINGTON, 6\u00a0juin 2023 \u2014 Selon les derni\u00e8res Perspectives \u00e9conomiques mondiales publi\u00e9es par la Banque mondiale, la croissance a nettement ralenti et le risque de tensions financi\u00e8res dans les \u00e9conomies de march\u00e9 \u00e9mergentes et en d\u00e9veloppement s&#8217;intensifie dans un contexte de.....","og_url":"https:\/\/lequotidien.mr\/?p=8804&lang=fr","og_site_name":"Le Quotidien de Nouakchott","article_publisher":"https:\/\/web.facebook.com\/lequotidienmr","article_published_time":"2023-06-08T08:26:56+00:00","og_image":[{"width":300,"height":168,"url":"https:\/\/lequotidien.mr\/wp-content\/uploads\/2023\/06\/telechargement.jpg","type":"image\/jpeg"}],"author":"Gayi Diawara","twitter_card":"summary_large_image","twitter_creator":"@lequotidienmr","twitter_site":"@lequotidienmr","twitter_misc":{"\u0643\u064f\u062a\u0628 \u0628\u0648\u0627\u0633\u0637\u0629":"Gayi Diawara","\u0648\u0642\u062a \u0627\u0644\u0642\u0631\u0627\u0621\u0629 \u0627\u0644\u0645\u064f\u0642\u062f\u0651\u0631":"6 \u062f\u0642\u0627\u0626\u0642"},"schema":{"@context":"https:\/\/schema.org","@graph":[{"@type":"Article","@id":"https:\/\/lequotidien.mr\/?p=8804&lang=fr#article","isPartOf":{"@id":"https:\/\/lequotidien.mr\/?p=8804&lang=fr"},"author":{"name":"Gayi Diawara","@id":"https:\/\/lequotidien.mr\/#\/schema\/person\/1077c8abd5640a6514b909318d271dee"},"headline":"Groupe Banque mondiale : Communiqu\u00e9 de presse","datePublished":"2023-06-08T08:26:56+00:00","mainEntityOfPage":{"@id":"https:\/\/lequotidien.mr\/?p=8804&lang=fr"},"wordCount":1428,"commentCount":0,"publisher":{"@id":"https:\/\/lequotidien.mr\/#organization"},"image":{"@id":"https:\/\/lequotidien.mr\/?p=8804&lang=fr#primaryimage"},"thumbnailUrl":"https:\/\/lequotidien.mr\/wp-content\/uploads\/2023\/06\/telechargement.jpg","articleSection":["ACTUALIT\u00c9","Economie"],"inLanguage":"ar","potentialAction":[{"@type":"CommentAction","name":"Comment","target":["https:\/\/lequotidien.mr\/?p=8804&lang=fr#respond"]}]},{"@type":"WebPage","@id":"https:\/\/lequotidien.mr\/?p=8804&lang=fr","url":"https:\/\/lequotidien.mr\/?p=8804&lang=fr","name":"Groupe Banque mondiale : Communiqu\u00e9 de presse - Le Quotidien de Nouakchott","isPartOf":{"@id":"https:\/\/lequotidien.mr\/#website"},"primaryImageOfPage":{"@id":"https:\/\/lequotidien.mr\/?p=8804&lang=fr#primaryimage"},"image":{"@id":"https:\/\/lequotidien.mr\/?p=8804&lang=fr#primaryimage"},"thumbnailUrl":"https:\/\/lequotidien.mr\/wp-content\/uploads\/2023\/06\/telechargement.jpg","datePublished":"2023-06-08T08:26:56+00:00","breadcrumb":{"@id":"https:\/\/lequotidien.mr\/?p=8804&lang=fr#breadcrumb"},"inLanguage":"ar","potentialAction":[{"@type":"ReadAction","target":["https:\/\/lequotidien.mr\/?p=8804&lang=fr"]}]},{"@type":"ImageObject","inLanguage":"ar","@id":"https:\/\/lequotidien.mr\/?p=8804&lang=fr#primaryimage","url":"https:\/\/lequotidien.mr\/wp-content\/uploads\/2023\/06\/telechargement.jpg","contentUrl":"https:\/\/lequotidien.mr\/wp-content\/uploads\/2023\/06\/telechargement.jpg","width":300,"height":168},{"@type":"BreadcrumbList","@id":"https:\/\/lequotidien.mr\/?p=8804&lang=fr#breadcrumb","itemListElement":[{"@type":"ListItem","position":1,"name":"Home","item":"https:\/\/lequotidien.mr\/"},{"@type":"ListItem","position":2,"name":"Groupe Banque mondiale : Communiqu\u00e9 de presse"}]},{"@type":"WebSite","@id":"https:\/\/lequotidien.mr\/#website","url":"https:\/\/lequotidien.mr\/","name":"Le Quotidien de Nouakchott","description":"\u0625\u062e\u0628\u0627\u0631\u064a\u0629 \u0645\u0633\u062a\u0642\u0644\u0629 \u0644\u0644\u0623\u0646\u0628\u0627\u0621 \u0627\u0644\u0639\u0627\u0645\u0629","publisher":{"@id":"https:\/\/lequotidien.mr\/#organization"},"potentialAction":[{"@type":"SearchAction","target":{"@type":"EntryPoint","urlTemplate":"https:\/\/lequotidien.mr\/?s={search_term_string}"},"query-input":{"@type":"PropertyValueSpecification","valueRequired":true,"valueName":"search_term_string"}}],"inLanguage":"ar"},{"@type":"Organization","@id":"https:\/\/lequotidien.mr\/#organization","name":"Le Quotidien de Nouakchott","url":"https:\/\/lequotidien.mr\/","logo":{"@type":"ImageObject","inLanguage":"ar","@id":"https:\/\/lequotidien.mr\/#\/schema\/logo\/image\/","url":"https:\/\/lequotidien.mr\/wp-content\/uploads\/2022\/11\/logolequotidien.jpg","contentUrl":"https:\/\/lequotidien.mr\/wp-content\/uploads\/2022\/11\/logolequotidien.jpg","width":290,"height":65,"caption":"Le Quotidien de Nouakchott"},"image":{"@id":"https:\/\/lequotidien.mr\/#\/schema\/logo\/image\/"},"sameAs":["https:\/\/web.facebook.com\/lequotidienmr","https:\/\/x.com\/lequotidienmr"]},{"@type":"Person","@id":"https:\/\/lequotidien.mr\/#\/schema\/person\/1077c8abd5640a6514b909318d271dee","name":"Gayi Diawara","image":{"@type":"ImageObject","inLanguage":"ar","@id":"https:\/\/secure.gravatar.com\/avatar\/63ea8db1e19a6d2d608b24c0f78b5f3a7d6e0bc11959fec273410af333e4d0ac?s=96&d=mm&r=g","url":"https:\/\/secure.gravatar.com\/avatar\/63ea8db1e19a6d2d608b24c0f78b5f3a7d6e0bc11959fec273410af333e4d0ac?s=96&d=mm&r=g","contentUrl":"https:\/\/secure.gravatar.com\/avatar\/63ea8db1e19a6d2d608b24c0f78b5f3a7d6e0bc11959fec273410af333e4d0ac?s=96&d=mm&r=g","caption":"Gayi Diawara"},"sameAs":["http:\/\/lequotidien.mr"],"url":"https:\/\/lequotidien.mr\/?author=5"}]}},"_links":{"self":[{"href":"https:\/\/lequotidien.mr\/index.php?rest_route=\/wp\/v2\/posts\/8804","targetHints":{"allow":["GET"]}}],"collection":[{"href":"https:\/\/lequotidien.mr\/index.php?rest_route=\/wp\/v2\/posts"}],"about":[{"href":"https:\/\/lequotidien.mr\/index.php?rest_route=\/wp\/v2\/types\/post"}],"author":[{"embeddable":true,"href":"https:\/\/lequotidien.mr\/index.php?rest_route=\/wp\/v2\/users\/5"}],"replies":[{"embeddable":true,"href":"https:\/\/lequotidien.mr\/index.php?rest_route=%2Fwp%2Fv2%2Fcomments&post=8804"}],"version-history":[{"count":1,"href":"https:\/\/lequotidien.mr\/index.php?rest_route=\/wp\/v2\/posts\/8804\/revisions"}],"predecessor-version":[{"id":8806,"href":"https:\/\/lequotidien.mr\/index.php?rest_route=\/wp\/v2\/posts\/8804\/revisions\/8806"}],"wp:featuredmedia":[{"embeddable":true,"href":"https:\/\/lequotidien.mr\/index.php?rest_route=\/wp\/v2\/media\/8805"}],"wp:attachment":[{"href":"https:\/\/lequotidien.mr\/index.php?rest_route=%2Fwp%2Fv2%2Fmedia&parent=8804"}],"wp:term":[{"taxonomy":"category","embeddable":true,"href":"https:\/\/lequotidien.mr\/index.php?rest_route=%2Fwp%2Fv2%2Fcategories&post=8804"},{"taxonomy":"post_tag","embeddable":true,"href":"https:\/\/lequotidien.mr\/index.php?rest_route=%2Fwp%2Fv2%2Ftags&post=8804"}],"curies":[{"name":"wp","href":"https:\/\/api.w.org\/{rel}","templated":true}]}}