{"id":8779,"date":"2023-06-07T14:17:01","date_gmt":"2023-06-07T14:17:01","guid":{"rendered":"https:\/\/lequotidien.mr\/?p=8779"},"modified":"2023-06-07T14:17:01","modified_gmt":"2023-06-07T14:17:01","slug":"face-aux-crises-les-hommes-patriotes-et-loyaux","status":"publish","type":"post","link":"https:\/\/lequotidien.mr\/?p=8779&lang=fr","title":{"rendered":"Face aux crises , les hommes patriotes et loyaux!"},"content":{"rendered":"<p>Le cadre, dignitaire et figure nationale, M. Ba Mamadou Abdallahi, l&#8217;actuel pr\u00e9sident de la zone franche , est connu pour ses prises de position patriotiques et son r\u00f4le politique au service du pays et du peuple.<br \/>\nIl se distingue par sa sobri\u00e9t\u00e9 , sa morale religieuse qu&#8217;il a h\u00e9rit\u00e9e de son p\u00e8re, qui \u00e9tait un cheikh, un imam et un chef spirituel qui a laiss\u00e9 des empreintes ind\u00e9l\u00e9biles que sa famille et ses fans entretiennent encore jusqu&#8217;\u00e0 pr\u00e9sent.<\/p>\n<p>Vu ce que vit le pays ces jours-ci, d&#8217;\u00e9meutes et de vandalisme qui ont &#8211; suite \u00e0 l&#8217;affaire de la mort de Omar Diop .- \u00e9branl\u00e9 nos villes int\u00e9rieures apr\u00e9s les deux capitales, Nouakchott et Nouadhibou. La situation devenant incontr\u00f4lable malgr\u00e9 le d\u00e9ploiement des forces de s\u00e9curit\u00e9, notamment des gardes, la gendarmerie, la police et l&#8217;arm\u00e9e<\/p>\n<p>Il fallut que les sages, les loyaux et les gens de consciences vivantes, \u00e0 l&#8217;mage du pr\u00e9sident de l&#8217;Autorit\u00e9 de la zone franche de Nouadhibou ,actuel maire de la ville de Babab\u00e9, M. Ba Mamadou Abdallahi , intervienne pour calmer la situation en envoyant des messages \u00e0 tous les manifestants et \u00e0 toutes les personnes li\u00e9es \u00e0 l&#8217;affaire de Oumar Diop ( qu&#8217;il repose en paix) .<br \/>\nLes appelant \u00e0 faire valoir la logique de la sagesse et de la raison en laissant cette affaire aux autorit\u00e9s comp\u00e9tentes jusqu&#8217;\u00e0 la fin de l&#8217;enqu\u00eate et jusqu&#8217;\u00e0 ce que la justice dise son mot.<br \/>\nL&#8217;unit\u00e9 des citoyens et la s\u00e9curit\u00e9 du pays sont au dessus de toutes les consid\u00e9rations .<br \/>\nLe peuple mauritanien est un seul peuple uni par la religion et la patrie . Il a v\u00e9cu pendant des si\u00e8cles dans l&#8217;unit\u00e9 , l&#8217;harmonie et amour pour ce pays auquel il n&#8217;a pas de rechange.<br \/>\nIl n&#8217;est pas de l&#8217;interet g\u00e9n\u00e9ral de rompre ces liens ni de permettre \u00e0 quiconque de nuire \u00e0 la s\u00e9curit\u00e9 de la nation et \u00e0 son unit\u00e9. C&#8217;est une ligne rouge pour laquelle nos p\u00e8res et nos grands-p\u00e8res se sont sacrifi\u00e9s et l&#8217;ont pr\u00e9serv\u00e9e contre les ennemis et les saboteurs . Pourquoi ne pas la pr\u00e9servons nous ?<br \/>\n,<br \/>\nAvec ces phrases convaincantes qui caract\u00e9risent le sens sinc\u00e8re du patriotisme, M. Ba Mamadou Abdallahi en a fait des messages vocaux et discours pleins de sagesse, de conseils et d&#8217;honn\u00eatet\u00e9 \u00e0 tous, en particulier pour les habitants des zones qui ont \u00e9t\u00e9 t\u00e9moins de manifestations et d&#8217;\u00e9meutes, pour qu&#8217;ils rentrent chez eux et mettent fin \u00e0 ces manifestations et actes de sabotage qui ne servent pas la cause de notre pays.<\/p>\n<blockquote><p><img loading=\"lazy\" decoding=\"async\" class=\"size-medium wp-image-8780 aligncenter\" src=\"https:\/\/lequotidien.mr\/wp-content\/uploads\/2023\/06\/WhatsApp-Image-2023-06-07-a-13.52.36-241x300.jpg\" alt=\"\" width=\"241\" height=\"300\" srcset=\"https:\/\/lequotidien.mr\/wp-content\/uploads\/2023\/06\/WhatsApp-Image-2023-06-07-a-13.52.36-241x300.jpg 241w, https:\/\/lequotidien.mr\/wp-content\/uploads\/2023\/06\/WhatsApp-Image-2023-06-07-a-13.52.36.jpg 283w\" sizes=\"auto, (max-width: 241px) 100vw, 241px\" \/><\/p><\/blockquote>\n<p>Ces messages ont eu un grand impact sur l&#8217;apaisement de la rue, le r\u00e9tablissement de la tranquillit\u00e9 , prouvant qu&#8217;aucune voix n&#8217;est plus forte que la voix des sages en p\u00e9riode de d\u00e9tresse, crise et de conflit.<br \/>\nCette voix qui corrobore la parole d&#8217;llah le Tout Puissant :<br \/>\n&#8220;Alif, Lam, Mim . Est-ce que les gens pensent qu&#8217;on les laissera dire : &#8220;Nous croyons!&#8221; sans les \u00e9prouver? Certes, Nous avons \u00e9prouv\u00e9 ceux qui ont v\u00e9cu avant eux; [Ainsi] Allah conna\u00eet ceux qui disent la v\u00e9rit\u00e9 et ceux qui mentent&#8221;.<\/p>\n<p>Cheikh Yahoufdhou\u00a0Eleyatt<\/p>\n","protected":false},"excerpt":{"rendered":"<p>Le cadre, dignitaire et figure nationale, M. Ba Mamadou Abdallahi, l&#8217;actuel pr\u00e9sident de la zone franche , est connu pour ses prises de position patriotiques et son r\u00f4le politique au service du pays et du peuple. Il se distingue par sa sobri\u00e9t\u00e9 , sa morale religieuse qu&#8217;il a h\u00e9rit\u00e9e de son p\u00e8re, qui \u00e9tait un&#8230;..<\/p>\n","protected":false},"author":3,"featured_media":8778,"comment_status":"open","ping_status":"open","sticky":false,"template":"","format":"standard","meta":{"footnotes":""},"categories":[59],"tags":[],"class_list":["post-8779","post","type-post","status-publish","format-standard","has-post-thumbnail","hentry","category-opinion"],"yoast_head":"<!-- This site is optimized with the Yoast SEO plugin v27.5 - https:\/\/yoast.com\/product\/yoast-seo-wordpress\/ -->\n<title>Face aux crises , les hommes patriotes et loyaux! - Le Quotidien de Nouakchott<\/title>\n<meta name=\"robots\" content=\"index, follow, max-snippet:-1, max-image-preview:large, max-video-preview:-1\" \/>\n<link rel=\"canonical\" href=\"https:\/\/lequotidien.mr\/?p=8779&lang=fr\" \/>\n<meta property=\"og:locale\" content=\"ar_AR\" \/>\n<meta property=\"og:type\" content=\"article\" \/>\n<meta property=\"og:title\" content=\"Face aux crises , les hommes patriotes et loyaux! - Le Quotidien de Nouakchott\" \/>\n<meta property=\"og:description\" content=\"Le cadre, dignitaire et figure nationale, M. Ba Mamadou Abdallahi, l&#8217;actuel pr\u00e9sident de la zone franche , est connu pour ses prises de position patriotiques et son r\u00f4le politique au service du pays et du peuple. Il se distingue par sa sobri\u00e9t\u00e9 , sa morale religieuse qu&#8217;il a h\u00e9rit\u00e9e de son p\u00e8re, qui \u00e9tait un.....\" \/>\n<meta property=\"og:url\" content=\"https:\/\/lequotidien.mr\/?p=8779&amp;lang=fr\" \/>\n<meta property=\"og:site_name\" content=\"Le Quotidien de Nouakchott\" \/>\n<meta property=\"article:publisher\" content=\"https:\/\/web.facebook.com\/lequotidienmr\" \/>\n<meta property=\"article:author\" content=\"https:\/\/web.facebook.com\/a.mleiwih\" \/>\n<meta property=\"article:published_time\" content=\"2023-06-07T14:17:01+00:00\" \/>\n<meta property=\"og:image\" content=\"https:\/\/lequotidien.mr\/wp-content\/uploads\/2023\/06\/85.jpg\" \/>\n\t<meta property=\"og:image:width\" content=\"444\" \/>\n\t<meta property=\"og:image:height\" content=\"671\" \/>\n\t<meta property=\"og:image:type\" content=\"image\/jpeg\" \/>\n<meta name=\"author\" content=\"Alioun M&#039;leiwih\" \/>\n<meta name=\"twitter:card\" content=\"summary_large_image\" \/>\n<meta name=\"twitter:creator\" content=\"@lequotidienmr\" \/>\n<meta name=\"twitter:site\" content=\"@lequotidienmr\" \/>\n<meta name=\"twitter:label1\" content=\"\u0643\u064f\u062a\u0628 \u0628\u0648\u0627\u0633\u0637\u0629\" \/>\n\t<meta name=\"twitter:data1\" content=\"Alioun M&#039;leiwih\" \/>\n\t<meta name=\"twitter:label2\" content=\"\u0648\u0642\u062a \u0627\u0644\u0642\u0631\u0627\u0621\u0629 \u0627\u0644\u0645\u064f\u0642\u062f\u0651\u0631\" \/>\n\t<meta name=\"twitter:data2\" content=\"3 \u062f\u0642\u0627\u0626\u0642\" \/>\n<script type=\"application\/ld+json\" class=\"yoast-schema-graph\">{\"@context\":\"https:\\\/\\\/schema.org\",\"@graph\":[{\"@type\":\"Article\",\"@id\":\"https:\\\/\\\/lequotidien.mr\\\/?p=8779&lang=fr#article\",\"isPartOf\":{\"@id\":\"https:\\\/\\\/lequotidien.mr\\\/?p=8779&lang=fr\"},\"author\":{\"name\":\"Alioun M'leiwih\",\"@id\":\"https:\\\/\\\/lequotidien.mr\\\/#\\\/schema\\\/person\\\/69d1518c74c9137087929a20b1272cb0\"},\"headline\":\"Face aux crises , les hommes patriotes et loyaux!\",\"datePublished\":\"2023-06-07T14:17:01+00:00\",\"mainEntityOfPage\":{\"@id\":\"https:\\\/\\\/lequotidien.mr\\\/?p=8779&lang=fr\"},\"wordCount\":561,\"commentCount\":0,\"publisher\":{\"@id\":\"https:\\\/\\\/lequotidien.mr\\\/#organization\"},\"image\":{\"@id\":\"https:\\\/\\\/lequotidien.mr\\\/?p=8779&lang=fr#primaryimage\"},\"thumbnailUrl\":\"https:\\\/\\\/lequotidien.mr\\\/wp-content\\\/uploads\\\/2023\\\/06\\\/85.jpg\",\"articleSection\":[\"Opinion\"],\"inLanguage\":\"ar\",\"potentialAction\":[{\"@type\":\"CommentAction\",\"name\":\"Comment\",\"target\":[\"https:\\\/\\\/lequotidien.mr\\\/?p=8779&lang=fr#respond\"]}]},{\"@type\":\"WebPage\",\"@id\":\"https:\\\/\\\/lequotidien.mr\\\/?p=8779&lang=fr\",\"url\":\"https:\\\/\\\/lequotidien.mr\\\/?p=8779&lang=fr\",\"name\":\"Face aux crises , les hommes patriotes et loyaux! - Le Quotidien de Nouakchott\",\"isPartOf\":{\"@id\":\"https:\\\/\\\/lequotidien.mr\\\/#website\"},\"primaryImageOfPage\":{\"@id\":\"https:\\\/\\\/lequotidien.mr\\\/?p=8779&lang=fr#primaryimage\"},\"image\":{\"@id\":\"https:\\\/\\\/lequotidien.mr\\\/?p=8779&lang=fr#primaryimage\"},\"thumbnailUrl\":\"https:\\\/\\\/lequotidien.mr\\\/wp-content\\\/uploads\\\/2023\\\/06\\\/85.jpg\",\"datePublished\":\"2023-06-07T14:17:01+00:00\",\"breadcrumb\":{\"@id\":\"https:\\\/\\\/lequotidien.mr\\\/?p=8779&lang=fr#breadcrumb\"},\"inLanguage\":\"ar\",\"potentialAction\":[{\"@type\":\"ReadAction\",\"target\":[\"https:\\\/\\\/lequotidien.mr\\\/?p=8779&lang=fr\"]}]},{\"@type\":\"ImageObject\",\"inLanguage\":\"ar\",\"@id\":\"https:\\\/\\\/lequotidien.mr\\\/?p=8779&lang=fr#primaryimage\",\"url\":\"https:\\\/\\\/lequotidien.mr\\\/wp-content\\\/uploads\\\/2023\\\/06\\\/85.jpg\",\"contentUrl\":\"https:\\\/\\\/lequotidien.mr\\\/wp-content\\\/uploads\\\/2023\\\/06\\\/85.jpg\",\"width\":444,\"height\":671,\"caption\":\"Cheikh Yahoufdhou\u00a0Eleyatt\"},{\"@type\":\"BreadcrumbList\",\"@id\":\"https:\\\/\\\/lequotidien.mr\\\/?p=8779&lang=fr#breadcrumb\",\"itemListElement\":[{\"@type\":\"ListItem\",\"position\":1,\"name\":\"Home\",\"item\":\"https:\\\/\\\/lequotidien.mr\\\/\"},{\"@type\":\"ListItem\",\"position\":2,\"name\":\"Face aux crises , les hommes patriotes et loyaux!\"}]},{\"@type\":\"WebSite\",\"@id\":\"https:\\\/\\\/lequotidien.mr\\\/#website\",\"url\":\"https:\\\/\\\/lequotidien.mr\\\/\",\"name\":\"Le Quotidien de Nouakchott\",\"description\":\"\u0625\u062e\u0628\u0627\u0631\u064a\u0629 \u0645\u0633\u062a\u0642\u0644\u0629 \u0644\u0644\u0623\u0646\u0628\u0627\u0621 \u0627\u0644\u0639\u0627\u0645\u0629\",\"publisher\":{\"@id\":\"https:\\\/\\\/lequotidien.mr\\\/#organization\"},\"potentialAction\":[{\"@type\":\"SearchAction\",\"target\":{\"@type\":\"EntryPoint\",\"urlTemplate\":\"https:\\\/\\\/lequotidien.mr\\\/?s={search_term_string}\"},\"query-input\":{\"@type\":\"PropertyValueSpecification\",\"valueRequired\":true,\"valueName\":\"search_term_string\"}}],\"inLanguage\":\"ar\"},{\"@type\":\"Organization\",\"@id\":\"https:\\\/\\\/lequotidien.mr\\\/#organization\",\"name\":\"Le Quotidien de Nouakchott\",\"url\":\"https:\\\/\\\/lequotidien.mr\\\/\",\"logo\":{\"@type\":\"ImageObject\",\"inLanguage\":\"ar\",\"@id\":\"https:\\\/\\\/lequotidien.mr\\\/#\\\/schema\\\/logo\\\/image\\\/\",\"url\":\"https:\\\/\\\/lequotidien.mr\\\/wp-content\\\/uploads\\\/2022\\\/11\\\/logolequotidien.jpg\",\"contentUrl\":\"https:\\\/\\\/lequotidien.mr\\\/wp-content\\\/uploads\\\/2022\\\/11\\\/logolequotidien.jpg\",\"width\":290,\"height\":65,\"caption\":\"Le Quotidien de Nouakchott\"},\"image\":{\"@id\":\"https:\\\/\\\/lequotidien.mr\\\/#\\\/schema\\\/logo\\\/image\\\/\"},\"sameAs\":[\"https:\\\/\\\/web.facebook.com\\\/lequotidienmr\",\"https:\\\/\\\/x.com\\\/lequotidienmr\"]},{\"@type\":\"Person\",\"@id\":\"https:\\\/\\\/lequotidien.mr\\\/#\\\/schema\\\/person\\\/69d1518c74c9137087929a20b1272cb0\",\"name\":\"Alioun M'leiwih\",\"image\":{\"@type\":\"ImageObject\",\"inLanguage\":\"ar\",\"@id\":\"https:\\\/\\\/secure.gravatar.com\\\/avatar\\\/01f9d357222d7d4ca8f71662f4b081718f06d25b11fc45662ecca0622d507e51?s=96&d=mm&r=g\",\"url\":\"https:\\\/\\\/secure.gravatar.com\\\/avatar\\\/01f9d357222d7d4ca8f71662f4b081718f06d25b11fc45662ecca0622d507e51?s=96&d=mm&r=g\",\"contentUrl\":\"https:\\\/\\\/secure.gravatar.com\\\/avatar\\\/01f9d357222d7d4ca8f71662f4b081718f06d25b11fc45662ecca0622d507e51?s=96&d=mm&r=g\",\"caption\":\"Alioun M'leiwih\"},\"sameAs\":[\"https:\\\/\\\/lequotidien.mr\\\/\",\"https:\\\/\\\/web.facebook.com\\\/a.mleiwih\",\"https:\\\/\\\/www.linkedin.com\\\/in\\\/alimlewih\\\/\"],\"url\":\"https:\\\/\\\/lequotidien.mr\\\/?author=3\"}]}<\/script>\n<!-- \/ Yoast SEO plugin. -->","yoast_head_json":{"title":"Face aux crises , les hommes patriotes et loyaux! - Le Quotidien de Nouakchott","robots":{"index":"index","follow":"follow","max-snippet":"max-snippet:-1","max-image-preview":"max-image-preview:large","max-video-preview":"max-video-preview:-1"},"canonical":"https:\/\/lequotidien.mr\/?p=8779&lang=fr","og_locale":"ar_AR","og_type":"article","og_title":"Face aux crises , les hommes patriotes et loyaux! - Le Quotidien de Nouakchott","og_description":"Le cadre, dignitaire et figure nationale, M. Ba Mamadou Abdallahi, l&#8217;actuel pr\u00e9sident de la zone franche , est connu pour ses prises de position patriotiques et son r\u00f4le politique au service du pays et du peuple. Il se distingue par sa sobri\u00e9t\u00e9 , sa morale religieuse qu&#8217;il a h\u00e9rit\u00e9e de son p\u00e8re, qui \u00e9tait un.....","og_url":"https:\/\/lequotidien.mr\/?p=8779&lang=fr","og_site_name":"Le Quotidien de Nouakchott","article_publisher":"https:\/\/web.facebook.com\/lequotidienmr","article_author":"https:\/\/web.facebook.com\/a.mleiwih","article_published_time":"2023-06-07T14:17:01+00:00","og_image":[{"width":444,"height":671,"url":"https:\/\/lequotidien.mr\/wp-content\/uploads\/2023\/06\/85.jpg","type":"image\/jpeg"}],"author":"Alioun M'leiwih","twitter_card":"summary_large_image","twitter_creator":"@lequotidienmr","twitter_site":"@lequotidienmr","twitter_misc":{"\u0643\u064f\u062a\u0628 \u0628\u0648\u0627\u0633\u0637\u0629":"Alioun M'leiwih","\u0648\u0642\u062a \u0627\u0644\u0642\u0631\u0627\u0621\u0629 \u0627\u0644\u0645\u064f\u0642\u062f\u0651\u0631":"3 \u062f\u0642\u0627\u0626\u0642"},"schema":{"@context":"https:\/\/schema.org","@graph":[{"@type":"Article","@id":"https:\/\/lequotidien.mr\/?p=8779&lang=fr#article","isPartOf":{"@id":"https:\/\/lequotidien.mr\/?p=8779&lang=fr"},"author":{"name":"Alioun M'leiwih","@id":"https:\/\/lequotidien.mr\/#\/schema\/person\/69d1518c74c9137087929a20b1272cb0"},"headline":"Face aux crises , les hommes patriotes et loyaux!","datePublished":"2023-06-07T14:17:01+00:00","mainEntityOfPage":{"@id":"https:\/\/lequotidien.mr\/?p=8779&lang=fr"},"wordCount":561,"commentCount":0,"publisher":{"@id":"https:\/\/lequotidien.mr\/#organization"},"image":{"@id":"https:\/\/lequotidien.mr\/?p=8779&lang=fr#primaryimage"},"thumbnailUrl":"https:\/\/lequotidien.mr\/wp-content\/uploads\/2023\/06\/85.jpg","articleSection":["Opinion"],"inLanguage":"ar","potentialAction":[{"@type":"CommentAction","name":"Comment","target":["https:\/\/lequotidien.mr\/?p=8779&lang=fr#respond"]}]},{"@type":"WebPage","@id":"https:\/\/lequotidien.mr\/?p=8779&lang=fr","url":"https:\/\/lequotidien.mr\/?p=8779&lang=fr","name":"Face aux crises , les hommes patriotes et loyaux! - Le Quotidien de Nouakchott","isPartOf":{"@id":"https:\/\/lequotidien.mr\/#website"},"primaryImageOfPage":{"@id":"https:\/\/lequotidien.mr\/?p=8779&lang=fr#primaryimage"},"image":{"@id":"https:\/\/lequotidien.mr\/?p=8779&lang=fr#primaryimage"},"thumbnailUrl":"https:\/\/lequotidien.mr\/wp-content\/uploads\/2023\/06\/85.jpg","datePublished":"2023-06-07T14:17:01+00:00","breadcrumb":{"@id":"https:\/\/lequotidien.mr\/?p=8779&lang=fr#breadcrumb"},"inLanguage":"ar","potentialAction":[{"@type":"ReadAction","target":["https:\/\/lequotidien.mr\/?p=8779&lang=fr"]}]},{"@type":"ImageObject","inLanguage":"ar","@id":"https:\/\/lequotidien.mr\/?p=8779&lang=fr#primaryimage","url":"https:\/\/lequotidien.mr\/wp-content\/uploads\/2023\/06\/85.jpg","contentUrl":"https:\/\/lequotidien.mr\/wp-content\/uploads\/2023\/06\/85.jpg","width":444,"height":671,"caption":"Cheikh Yahoufdhou\u00a0Eleyatt"},{"@type":"BreadcrumbList","@id":"https:\/\/lequotidien.mr\/?p=8779&lang=fr#breadcrumb","itemListElement":[{"@type":"ListItem","position":1,"name":"Home","item":"https:\/\/lequotidien.mr\/"},{"@type":"ListItem","position":2,"name":"Face aux crises , les hommes patriotes et loyaux!"}]},{"@type":"WebSite","@id":"https:\/\/lequotidien.mr\/#website","url":"https:\/\/lequotidien.mr\/","name":"Le Quotidien de Nouakchott","description":"\u0625\u062e\u0628\u0627\u0631\u064a\u0629 \u0645\u0633\u062a\u0642\u0644\u0629 \u0644\u0644\u0623\u0646\u0628\u0627\u0621 \u0627\u0644\u0639\u0627\u0645\u0629","publisher":{"@id":"https:\/\/lequotidien.mr\/#organization"},"potentialAction":[{"@type":"SearchAction","target":{"@type":"EntryPoint","urlTemplate":"https:\/\/lequotidien.mr\/?s={search_term_string}"},"query-input":{"@type":"PropertyValueSpecification","valueRequired":true,"valueName":"search_term_string"}}],"inLanguage":"ar"},{"@type":"Organization","@id":"https:\/\/lequotidien.mr\/#organization","name":"Le Quotidien de Nouakchott","url":"https:\/\/lequotidien.mr\/","logo":{"@type":"ImageObject","inLanguage":"ar","@id":"https:\/\/lequotidien.mr\/#\/schema\/logo\/image\/","url":"https:\/\/lequotidien.mr\/wp-content\/uploads\/2022\/11\/logolequotidien.jpg","contentUrl":"https:\/\/lequotidien.mr\/wp-content\/uploads\/2022\/11\/logolequotidien.jpg","width":290,"height":65,"caption":"Le Quotidien de Nouakchott"},"image":{"@id":"https:\/\/lequotidien.mr\/#\/schema\/logo\/image\/"},"sameAs":["https:\/\/web.facebook.com\/lequotidienmr","https:\/\/x.com\/lequotidienmr"]},{"@type":"Person","@id":"https:\/\/lequotidien.mr\/#\/schema\/person\/69d1518c74c9137087929a20b1272cb0","name":"Alioun M'leiwih","image":{"@type":"ImageObject","inLanguage":"ar","@id":"https:\/\/secure.gravatar.com\/avatar\/01f9d357222d7d4ca8f71662f4b081718f06d25b11fc45662ecca0622d507e51?s=96&d=mm&r=g","url":"https:\/\/secure.gravatar.com\/avatar\/01f9d357222d7d4ca8f71662f4b081718f06d25b11fc45662ecca0622d507e51?s=96&d=mm&r=g","contentUrl":"https:\/\/secure.gravatar.com\/avatar\/01f9d357222d7d4ca8f71662f4b081718f06d25b11fc45662ecca0622d507e51?s=96&d=mm&r=g","caption":"Alioun M'leiwih"},"sameAs":["https:\/\/lequotidien.mr\/","https:\/\/web.facebook.com\/a.mleiwih","https:\/\/www.linkedin.com\/in\/alimlewih\/"],"url":"https:\/\/lequotidien.mr\/?author=3"}]}},"_links":{"self":[{"href":"https:\/\/lequotidien.mr\/index.php?rest_route=\/wp\/v2\/posts\/8779","targetHints":{"allow":["GET"]}}],"collection":[{"href":"https:\/\/lequotidien.mr\/index.php?rest_route=\/wp\/v2\/posts"}],"about":[{"href":"https:\/\/lequotidien.mr\/index.php?rest_route=\/wp\/v2\/types\/post"}],"author":[{"embeddable":true,"href":"https:\/\/lequotidien.mr\/index.php?rest_route=\/wp\/v2\/users\/3"}],"replies":[{"embeddable":true,"href":"https:\/\/lequotidien.mr\/index.php?rest_route=%2Fwp%2Fv2%2Fcomments&post=8779"}],"version-history":[{"count":1,"href":"https:\/\/lequotidien.mr\/index.php?rest_route=\/wp\/v2\/posts\/8779\/revisions"}],"predecessor-version":[{"id":8781,"href":"https:\/\/lequotidien.mr\/index.php?rest_route=\/wp\/v2\/posts\/8779\/revisions\/8781"}],"wp:featuredmedia":[{"embeddable":true,"href":"https:\/\/lequotidien.mr\/index.php?rest_route=\/wp\/v2\/media\/8778"}],"wp:attachment":[{"href":"https:\/\/lequotidien.mr\/index.php?rest_route=%2Fwp%2Fv2%2Fmedia&parent=8779"}],"wp:term":[{"taxonomy":"category","embeddable":true,"href":"https:\/\/lequotidien.mr\/index.php?rest_route=%2Fwp%2Fv2%2Fcategories&post=8779"},{"taxonomy":"post_tag","embeddable":true,"href":"https:\/\/lequotidien.mr\/index.php?rest_route=%2Fwp%2Fv2%2Ftags&post=8779"}],"curies":[{"name":"wp","href":"https:\/\/api.w.org\/{rel}","templated":true}]}}