{"id":8621,"date":"2023-06-01T13:29:38","date_gmt":"2023-06-01T13:29:38","guid":{"rendered":"https:\/\/lequotidien.mr\/?p=8621"},"modified":"2023-06-01T13:29:38","modified_gmt":"2023-06-01T13:29:38","slug":"un-financement-americain-de-30-millions-de-dollars-pour-lextension-de-la-ferme-de-boghe","status":"publish","type":"post","link":"https:\/\/lequotidien.mr\/?p=8621&lang=fr","title":{"rendered":"Un financement am\u00e9ricain de 30 millions de dollars pour l\u2019extension de la ferme de Bogh\u00e9"},"content":{"rendered":"<p>Signature aujourd\u2019hui, dans les locaux du minist\u00e8re de l\u2019agriculture d\u2019une convention de partenariat tripartite pour l\u2019am\u00e9nagement et l\u2019exploitation de l\u2019extension d\u2019une ferme \u00e0 Bogh\u00e9 couvrant une superficie de deux mille hectares.<\/p>\n<p>L\u2019accord \u00e9 \u00e9t\u00e9 sign\u00e9 pour le gouvernement mauritanien par le ministre de l\u2019agriculture, Yahya O. Ahmed El Wagef, pour le Groupement de Bogh\u00e9 pour le D\u00e9veloppement de l\u2019Agriculture et de l\u2019\u00c9levage, dite \u00ab DYNN \u00bb, par le pr\u00e9sident de son conseil d\u2019administration, N\u2019Gaid\u00e9 Ibrahima Kayou, et au nom de la soci\u00e9t\u00e9 afro-am\u00e9ricaine d\u2019agriculture et de coop\u00e9ration, par Edward Moring, son vice-pr\u00e9sident.<\/p>\n<p>&nbsp;<\/p>\n<p>L\u2019accord stipule que le Groupement Bogh\u00e9 pour le D\u00e9veloppement de l\u2019Agriculture et de l\u2019\u00c9levage accorde des terres agricoles issues de l\u2019agrandissement de sa ferme au profit de l\u2019entreprise am\u00e9ricaine \u00e0 titre temporaire, sur une superficie de deux mille hectares pouvant \u00eatre augment\u00e9e, dont 80% seront exploit\u00e9s par l\u2019entreprise et 20% par les propri\u00e9taires fonciers, sur une dur\u00e9e de 20 ans.<\/p>\n<p>Le ministre mauritanien de l\u2019agriculture a dit que l\u2019\u00e9tat s\u2019engageait \u00e0 d\u00e9fendre l\u2019int\u00e9r\u00eat public du projet de m\u00eame que l\u2019int\u00e9r\u00eat des membres du Groupement de Bogh\u00e9 pour le D\u00e9veloppement de l\u2019Agriculture et de l\u2019\u00c9levage.<\/p>\n<p>Il a ajout\u00e9 que ce partenariat, le premier du genre en Mauritanie, doit r\u00e9aliser un grand succ\u00e8s pour qu\u2019il constitue un exemple pour encourager les agriculteurs et les investisseurs.<\/p>\n<p>&nbsp;<\/p>\n","protected":false},"excerpt":{"rendered":"<p>Signature aujourd\u2019hui, dans les locaux du minist\u00e8re de l\u2019agriculture d\u2019une convention de partenariat tripartite pour l\u2019am\u00e9nagement et l\u2019exploitation de l\u2019extension d\u2019une ferme \u00e0 Bogh\u00e9 couvrant une superficie de deux mille hectares. L\u2019accord \u00e9 \u00e9t\u00e9 sign\u00e9 pour le gouvernement mauritanien par le ministre de l\u2019agriculture, Yahya O. Ahmed El Wagef, pour le Groupement de Bogh\u00e9 pour&#8230;..<\/p>\n","protected":false},"author":3,"featured_media":8622,"comment_status":"open","ping_status":"open","sticky":false,"template":"","format":"standard","meta":{"footnotes":""},"categories":[23,49],"tags":[],"class_list":["post-8621","post","type-post","status-publish","format-standard","has-post-thumbnail","hentry","category-actualite","category-economie"],"yoast_head":"<!-- This site is optimized with the Yoast SEO plugin v27.5 - https:\/\/yoast.com\/product\/yoast-seo-wordpress\/ -->\n<title>Un financement am\u00e9ricain de 30 millions de dollars pour l\u2019extension de la ferme de Bogh\u00e9 - Le Quotidien de Nouakchott<\/title>\n<meta name=\"robots\" content=\"index, follow, max-snippet:-1, max-image-preview:large, max-video-preview:-1\" \/>\n<link rel=\"canonical\" href=\"https:\/\/lequotidien.mr\/?p=8621&lang=fr\" \/>\n<meta property=\"og:locale\" content=\"ar_AR\" \/>\n<meta property=\"og:type\" content=\"article\" \/>\n<meta property=\"og:title\" content=\"Un financement am\u00e9ricain de 30 millions de dollars pour l\u2019extension de la ferme de Bogh\u00e9 - Le Quotidien de Nouakchott\" \/>\n<meta property=\"og:description\" content=\"Signature aujourd\u2019hui, dans les locaux du minist\u00e8re de l\u2019agriculture d\u2019une convention de partenariat tripartite pour l\u2019am\u00e9nagement et l\u2019exploitation de l\u2019extension d\u2019une ferme \u00e0 Bogh\u00e9 couvrant une superficie de deux mille hectares. L\u2019accord \u00e9 \u00e9t\u00e9 sign\u00e9 pour le gouvernement mauritanien par le ministre de l\u2019agriculture, Yahya O. Ahmed El Wagef, pour le Groupement de Bogh\u00e9 pour.....\" \/>\n<meta property=\"og:url\" content=\"https:\/\/lequotidien.mr\/?p=8621&amp;lang=fr\" \/>\n<meta property=\"og:site_name\" content=\"Le Quotidien de Nouakchott\" \/>\n<meta property=\"article:publisher\" content=\"https:\/\/web.facebook.com\/lequotidienmr\" \/>\n<meta property=\"article:author\" content=\"https:\/\/web.facebook.com\/a.mleiwih\" \/>\n<meta property=\"article:published_time\" content=\"2023-06-01T13:29:38+00:00\" \/>\n<meta property=\"og:image\" content=\"https:\/\/lequotidien.mr\/wp-content\/uploads\/2023\/06\/boghe.webp\" \/>\n\t<meta property=\"og:image:width\" content=\"526\" \/>\n\t<meta property=\"og:image:height\" content=\"348\" \/>\n\t<meta property=\"og:image:type\" content=\"image\/webp\" \/>\n<meta name=\"author\" content=\"Alioun M&#039;leiwih\" \/>\n<meta name=\"twitter:card\" content=\"summary_large_image\" \/>\n<meta name=\"twitter:creator\" content=\"@lequotidienmr\" \/>\n<meta name=\"twitter:site\" content=\"@lequotidienmr\" \/>\n<meta name=\"twitter:label1\" content=\"\u0643\u064f\u062a\u0628 \u0628\u0648\u0627\u0633\u0637\u0629\" \/>\n\t<meta name=\"twitter:data1\" content=\"Alioun M&#039;leiwih\" \/>\n\t<meta name=\"twitter:label2\" content=\"\u0648\u0642\u062a \u0627\u0644\u0642\u0631\u0627\u0621\u0629 \u0627\u0644\u0645\u064f\u0642\u062f\u0651\u0631\" \/>\n\t<meta name=\"twitter:data2\" content=\"\u062f\u0642\u064a\u0642\u0629 \u0648\u0627\u062d\u062f\u0629\" \/>\n<script type=\"application\/ld+json\" class=\"yoast-schema-graph\">{\"@context\":\"https:\\\/\\\/schema.org\",\"@graph\":[{\"@type\":\"Article\",\"@id\":\"https:\\\/\\\/lequotidien.mr\\\/?p=8621&lang=fr#article\",\"isPartOf\":{\"@id\":\"https:\\\/\\\/lequotidien.mr\\\/?p=8621&lang=fr\"},\"author\":{\"name\":\"Alioun M'leiwih\",\"@id\":\"https:\\\/\\\/lequotidien.mr\\\/#\\\/schema\\\/person\\\/69d1518c74c9137087929a20b1272cb0\"},\"headline\":\"Un financement am\u00e9ricain de 30 millions de dollars pour l\u2019extension de la ferme de Bogh\u00e9\",\"datePublished\":\"2023-06-01T13:29:38+00:00\",\"mainEntityOfPage\":{\"@id\":\"https:\\\/\\\/lequotidien.mr\\\/?p=8621&lang=fr\"},\"wordCount\":275,\"commentCount\":0,\"publisher\":{\"@id\":\"https:\\\/\\\/lequotidien.mr\\\/#organization\"},\"image\":{\"@id\":\"https:\\\/\\\/lequotidien.mr\\\/?p=8621&lang=fr#primaryimage\"},\"thumbnailUrl\":\"https:\\\/\\\/lequotidien.mr\\\/wp-content\\\/uploads\\\/2023\\\/06\\\/boghe.webp\",\"articleSection\":[\"ACTUALIT\u00c9\",\"Economie\"],\"inLanguage\":\"ar\",\"potentialAction\":[{\"@type\":\"CommentAction\",\"name\":\"Comment\",\"target\":[\"https:\\\/\\\/lequotidien.mr\\\/?p=8621&lang=fr#respond\"]}]},{\"@type\":\"WebPage\",\"@id\":\"https:\\\/\\\/lequotidien.mr\\\/?p=8621&lang=fr\",\"url\":\"https:\\\/\\\/lequotidien.mr\\\/?p=8621&lang=fr\",\"name\":\"Un financement am\u00e9ricain de 30 millions de dollars pour l\u2019extension de la ferme de Bogh\u00e9 - Le Quotidien de Nouakchott\",\"isPartOf\":{\"@id\":\"https:\\\/\\\/lequotidien.mr\\\/#website\"},\"primaryImageOfPage\":{\"@id\":\"https:\\\/\\\/lequotidien.mr\\\/?p=8621&lang=fr#primaryimage\"},\"image\":{\"@id\":\"https:\\\/\\\/lequotidien.mr\\\/?p=8621&lang=fr#primaryimage\"},\"thumbnailUrl\":\"https:\\\/\\\/lequotidien.mr\\\/wp-content\\\/uploads\\\/2023\\\/06\\\/boghe.webp\",\"datePublished\":\"2023-06-01T13:29:38+00:00\",\"breadcrumb\":{\"@id\":\"https:\\\/\\\/lequotidien.mr\\\/?p=8621&lang=fr#breadcrumb\"},\"inLanguage\":\"ar\",\"potentialAction\":[{\"@type\":\"ReadAction\",\"target\":[\"https:\\\/\\\/lequotidien.mr\\\/?p=8621&lang=fr\"]}]},{\"@type\":\"ImageObject\",\"inLanguage\":\"ar\",\"@id\":\"https:\\\/\\\/lequotidien.mr\\\/?p=8621&lang=fr#primaryimage\",\"url\":\"https:\\\/\\\/lequotidien.mr\\\/wp-content\\\/uploads\\\/2023\\\/06\\\/boghe.webp\",\"contentUrl\":\"https:\\\/\\\/lequotidien.mr\\\/wp-content\\\/uploads\\\/2023\\\/06\\\/boghe.webp\",\"width\":526,\"height\":348},{\"@type\":\"BreadcrumbList\",\"@id\":\"https:\\\/\\\/lequotidien.mr\\\/?p=8621&lang=fr#breadcrumb\",\"itemListElement\":[{\"@type\":\"ListItem\",\"position\":1,\"name\":\"Home\",\"item\":\"https:\\\/\\\/lequotidien.mr\\\/\"},{\"@type\":\"ListItem\",\"position\":2,\"name\":\"Un financement am\u00e9ricain de 30 millions de dollars pour l\u2019extension de la ferme de Bogh\u00e9\"}]},{\"@type\":\"WebSite\",\"@id\":\"https:\\\/\\\/lequotidien.mr\\\/#website\",\"url\":\"https:\\\/\\\/lequotidien.mr\\\/\",\"name\":\"Le Quotidien de Nouakchott\",\"description\":\"\u0625\u062e\u0628\u0627\u0631\u064a\u0629 \u0645\u0633\u062a\u0642\u0644\u0629 \u0644\u0644\u0623\u0646\u0628\u0627\u0621 \u0627\u0644\u0639\u0627\u0645\u0629\",\"publisher\":{\"@id\":\"https:\\\/\\\/lequotidien.mr\\\/#organization\"},\"potentialAction\":[{\"@type\":\"SearchAction\",\"target\":{\"@type\":\"EntryPoint\",\"urlTemplate\":\"https:\\\/\\\/lequotidien.mr\\\/?s={search_term_string}\"},\"query-input\":{\"@type\":\"PropertyValueSpecification\",\"valueRequired\":true,\"valueName\":\"search_term_string\"}}],\"inLanguage\":\"ar\"},{\"@type\":\"Organization\",\"@id\":\"https:\\\/\\\/lequotidien.mr\\\/#organization\",\"name\":\"Le Quotidien de Nouakchott\",\"url\":\"https:\\\/\\\/lequotidien.mr\\\/\",\"logo\":{\"@type\":\"ImageObject\",\"inLanguage\":\"ar\",\"@id\":\"https:\\\/\\\/lequotidien.mr\\\/#\\\/schema\\\/logo\\\/image\\\/\",\"url\":\"https:\\\/\\\/lequotidien.mr\\\/wp-content\\\/uploads\\\/2022\\\/11\\\/logolequotidien.jpg\",\"contentUrl\":\"https:\\\/\\\/lequotidien.mr\\\/wp-content\\\/uploads\\\/2022\\\/11\\\/logolequotidien.jpg\",\"width\":290,\"height\":65,\"caption\":\"Le Quotidien de Nouakchott\"},\"image\":{\"@id\":\"https:\\\/\\\/lequotidien.mr\\\/#\\\/schema\\\/logo\\\/image\\\/\"},\"sameAs\":[\"https:\\\/\\\/web.facebook.com\\\/lequotidienmr\",\"https:\\\/\\\/x.com\\\/lequotidienmr\"]},{\"@type\":\"Person\",\"@id\":\"https:\\\/\\\/lequotidien.mr\\\/#\\\/schema\\\/person\\\/69d1518c74c9137087929a20b1272cb0\",\"name\":\"Alioun M'leiwih\",\"image\":{\"@type\":\"ImageObject\",\"inLanguage\":\"ar\",\"@id\":\"https:\\\/\\\/secure.gravatar.com\\\/avatar\\\/01f9d357222d7d4ca8f71662f4b081718f06d25b11fc45662ecca0622d507e51?s=96&d=mm&r=g\",\"url\":\"https:\\\/\\\/secure.gravatar.com\\\/avatar\\\/01f9d357222d7d4ca8f71662f4b081718f06d25b11fc45662ecca0622d507e51?s=96&d=mm&r=g\",\"contentUrl\":\"https:\\\/\\\/secure.gravatar.com\\\/avatar\\\/01f9d357222d7d4ca8f71662f4b081718f06d25b11fc45662ecca0622d507e51?s=96&d=mm&r=g\",\"caption\":\"Alioun M'leiwih\"},\"sameAs\":[\"https:\\\/\\\/lequotidien.mr\\\/\",\"https:\\\/\\\/web.facebook.com\\\/a.mleiwih\",\"https:\\\/\\\/www.linkedin.com\\\/in\\\/alimlewih\\\/\"],\"url\":\"https:\\\/\\\/lequotidien.mr\\\/?author=3\"}]}<\/script>\n<!-- \/ Yoast SEO plugin. -->","yoast_head_json":{"title":"Un financement am\u00e9ricain de 30 millions de dollars pour l\u2019extension de la ferme de Bogh\u00e9 - Le Quotidien de Nouakchott","robots":{"index":"index","follow":"follow","max-snippet":"max-snippet:-1","max-image-preview":"max-image-preview:large","max-video-preview":"max-video-preview:-1"},"canonical":"https:\/\/lequotidien.mr\/?p=8621&lang=fr","og_locale":"ar_AR","og_type":"article","og_title":"Un financement am\u00e9ricain de 30 millions de dollars pour l\u2019extension de la ferme de Bogh\u00e9 - Le Quotidien de Nouakchott","og_description":"Signature aujourd\u2019hui, dans les locaux du minist\u00e8re de l\u2019agriculture d\u2019une convention de partenariat tripartite pour l\u2019am\u00e9nagement et l\u2019exploitation de l\u2019extension d\u2019une ferme \u00e0 Bogh\u00e9 couvrant une superficie de deux mille hectares. L\u2019accord \u00e9 \u00e9t\u00e9 sign\u00e9 pour le gouvernement mauritanien par le ministre de l\u2019agriculture, Yahya O. Ahmed El Wagef, pour le Groupement de Bogh\u00e9 pour.....","og_url":"https:\/\/lequotidien.mr\/?p=8621&lang=fr","og_site_name":"Le Quotidien de Nouakchott","article_publisher":"https:\/\/web.facebook.com\/lequotidienmr","article_author":"https:\/\/web.facebook.com\/a.mleiwih","article_published_time":"2023-06-01T13:29:38+00:00","og_image":[{"width":526,"height":348,"url":"https:\/\/lequotidien.mr\/wp-content\/uploads\/2023\/06\/boghe.webp","type":"image\/webp"}],"author":"Alioun M'leiwih","twitter_card":"summary_large_image","twitter_creator":"@lequotidienmr","twitter_site":"@lequotidienmr","twitter_misc":{"\u0643\u064f\u062a\u0628 \u0628\u0648\u0627\u0633\u0637\u0629":"Alioun M'leiwih","\u0648\u0642\u062a \u0627\u0644\u0642\u0631\u0627\u0621\u0629 \u0627\u0644\u0645\u064f\u0642\u062f\u0651\u0631":"\u062f\u0642\u064a\u0642\u0629 \u0648\u0627\u062d\u062f\u0629"},"schema":{"@context":"https:\/\/schema.org","@graph":[{"@type":"Article","@id":"https:\/\/lequotidien.mr\/?p=8621&lang=fr#article","isPartOf":{"@id":"https:\/\/lequotidien.mr\/?p=8621&lang=fr"},"author":{"name":"Alioun M'leiwih","@id":"https:\/\/lequotidien.mr\/#\/schema\/person\/69d1518c74c9137087929a20b1272cb0"},"headline":"Un financement am\u00e9ricain de 30 millions de dollars pour l\u2019extension de la ferme de Bogh\u00e9","datePublished":"2023-06-01T13:29:38+00:00","mainEntityOfPage":{"@id":"https:\/\/lequotidien.mr\/?p=8621&lang=fr"},"wordCount":275,"commentCount":0,"publisher":{"@id":"https:\/\/lequotidien.mr\/#organization"},"image":{"@id":"https:\/\/lequotidien.mr\/?p=8621&lang=fr#primaryimage"},"thumbnailUrl":"https:\/\/lequotidien.mr\/wp-content\/uploads\/2023\/06\/boghe.webp","articleSection":["ACTUALIT\u00c9","Economie"],"inLanguage":"ar","potentialAction":[{"@type":"CommentAction","name":"Comment","target":["https:\/\/lequotidien.mr\/?p=8621&lang=fr#respond"]}]},{"@type":"WebPage","@id":"https:\/\/lequotidien.mr\/?p=8621&lang=fr","url":"https:\/\/lequotidien.mr\/?p=8621&lang=fr","name":"Un financement am\u00e9ricain de 30 millions de dollars pour l\u2019extension de la ferme de Bogh\u00e9 - Le Quotidien de Nouakchott","isPartOf":{"@id":"https:\/\/lequotidien.mr\/#website"},"primaryImageOfPage":{"@id":"https:\/\/lequotidien.mr\/?p=8621&lang=fr#primaryimage"},"image":{"@id":"https:\/\/lequotidien.mr\/?p=8621&lang=fr#primaryimage"},"thumbnailUrl":"https:\/\/lequotidien.mr\/wp-content\/uploads\/2023\/06\/boghe.webp","datePublished":"2023-06-01T13:29:38+00:00","breadcrumb":{"@id":"https:\/\/lequotidien.mr\/?p=8621&lang=fr#breadcrumb"},"inLanguage":"ar","potentialAction":[{"@type":"ReadAction","target":["https:\/\/lequotidien.mr\/?p=8621&lang=fr"]}]},{"@type":"ImageObject","inLanguage":"ar","@id":"https:\/\/lequotidien.mr\/?p=8621&lang=fr#primaryimage","url":"https:\/\/lequotidien.mr\/wp-content\/uploads\/2023\/06\/boghe.webp","contentUrl":"https:\/\/lequotidien.mr\/wp-content\/uploads\/2023\/06\/boghe.webp","width":526,"height":348},{"@type":"BreadcrumbList","@id":"https:\/\/lequotidien.mr\/?p=8621&lang=fr#breadcrumb","itemListElement":[{"@type":"ListItem","position":1,"name":"Home","item":"https:\/\/lequotidien.mr\/"},{"@type":"ListItem","position":2,"name":"Un financement am\u00e9ricain de 30 millions de dollars pour l\u2019extension de la ferme de Bogh\u00e9"}]},{"@type":"WebSite","@id":"https:\/\/lequotidien.mr\/#website","url":"https:\/\/lequotidien.mr\/","name":"Le Quotidien de Nouakchott","description":"\u0625\u062e\u0628\u0627\u0631\u064a\u0629 \u0645\u0633\u062a\u0642\u0644\u0629 \u0644\u0644\u0623\u0646\u0628\u0627\u0621 \u0627\u0644\u0639\u0627\u0645\u0629","publisher":{"@id":"https:\/\/lequotidien.mr\/#organization"},"potentialAction":[{"@type":"SearchAction","target":{"@type":"EntryPoint","urlTemplate":"https:\/\/lequotidien.mr\/?s={search_term_string}"},"query-input":{"@type":"PropertyValueSpecification","valueRequired":true,"valueName":"search_term_string"}}],"inLanguage":"ar"},{"@type":"Organization","@id":"https:\/\/lequotidien.mr\/#organization","name":"Le Quotidien de Nouakchott","url":"https:\/\/lequotidien.mr\/","logo":{"@type":"ImageObject","inLanguage":"ar","@id":"https:\/\/lequotidien.mr\/#\/schema\/logo\/image\/","url":"https:\/\/lequotidien.mr\/wp-content\/uploads\/2022\/11\/logolequotidien.jpg","contentUrl":"https:\/\/lequotidien.mr\/wp-content\/uploads\/2022\/11\/logolequotidien.jpg","width":290,"height":65,"caption":"Le Quotidien de Nouakchott"},"image":{"@id":"https:\/\/lequotidien.mr\/#\/schema\/logo\/image\/"},"sameAs":["https:\/\/web.facebook.com\/lequotidienmr","https:\/\/x.com\/lequotidienmr"]},{"@type":"Person","@id":"https:\/\/lequotidien.mr\/#\/schema\/person\/69d1518c74c9137087929a20b1272cb0","name":"Alioun M'leiwih","image":{"@type":"ImageObject","inLanguage":"ar","@id":"https:\/\/secure.gravatar.com\/avatar\/01f9d357222d7d4ca8f71662f4b081718f06d25b11fc45662ecca0622d507e51?s=96&d=mm&r=g","url":"https:\/\/secure.gravatar.com\/avatar\/01f9d357222d7d4ca8f71662f4b081718f06d25b11fc45662ecca0622d507e51?s=96&d=mm&r=g","contentUrl":"https:\/\/secure.gravatar.com\/avatar\/01f9d357222d7d4ca8f71662f4b081718f06d25b11fc45662ecca0622d507e51?s=96&d=mm&r=g","caption":"Alioun M'leiwih"},"sameAs":["https:\/\/lequotidien.mr\/","https:\/\/web.facebook.com\/a.mleiwih","https:\/\/www.linkedin.com\/in\/alimlewih\/"],"url":"https:\/\/lequotidien.mr\/?author=3"}]}},"_links":{"self":[{"href":"https:\/\/lequotidien.mr\/index.php?rest_route=\/wp\/v2\/posts\/8621","targetHints":{"allow":["GET"]}}],"collection":[{"href":"https:\/\/lequotidien.mr\/index.php?rest_route=\/wp\/v2\/posts"}],"about":[{"href":"https:\/\/lequotidien.mr\/index.php?rest_route=\/wp\/v2\/types\/post"}],"author":[{"embeddable":true,"href":"https:\/\/lequotidien.mr\/index.php?rest_route=\/wp\/v2\/users\/3"}],"replies":[{"embeddable":true,"href":"https:\/\/lequotidien.mr\/index.php?rest_route=%2Fwp%2Fv2%2Fcomments&post=8621"}],"version-history":[{"count":1,"href":"https:\/\/lequotidien.mr\/index.php?rest_route=\/wp\/v2\/posts\/8621\/revisions"}],"predecessor-version":[{"id":8623,"href":"https:\/\/lequotidien.mr\/index.php?rest_route=\/wp\/v2\/posts\/8621\/revisions\/8623"}],"wp:featuredmedia":[{"embeddable":true,"href":"https:\/\/lequotidien.mr\/index.php?rest_route=\/wp\/v2\/media\/8622"}],"wp:attachment":[{"href":"https:\/\/lequotidien.mr\/index.php?rest_route=%2Fwp%2Fv2%2Fmedia&parent=8621"}],"wp:term":[{"taxonomy":"category","embeddable":true,"href":"https:\/\/lequotidien.mr\/index.php?rest_route=%2Fwp%2Fv2%2Fcategories&post=8621"},{"taxonomy":"post_tag","embeddable":true,"href":"https:\/\/lequotidien.mr\/index.php?rest_route=%2Fwp%2Fv2%2Ftags&post=8621"}],"curies":[{"name":"wp","href":"https:\/\/api.w.org\/{rel}","templated":true}]}}