{"id":8604,"date":"2023-06-01T00:04:45","date_gmt":"2023-06-01T00:04:45","guid":{"rendered":"https:\/\/lequotidien.mr\/?p=8604"},"modified":"2023-06-01T00:04:45","modified_gmt":"2023-06-01T00:04:45","slug":"chronique-entre-nous-par-sneiba-el-kory","status":"publish","type":"post","link":"https:\/\/lequotidien.mr\/?p=8604&lang=fr","title":{"rendered":"Chronique : Entre Nous\/par Sneiba El Kory"},"content":{"rendered":"<p>La Mauritanie est compl\u00e8tement\u00a0boulevers\u00e9e.\u00a0\u00c9lections municipales,\u00a0l\u00e9gislatives ou r\u00e9gionales\u00a0;\u00a0Commission\u00a0nationale \u00e9lectorale ind\u00e9pendante\u00a0;\u00a0partis INSAF, RFD, UFP,\u00a0RFD\u00a0et autres\u00a0dizaines de milliers de\u00a0partillons\u00a0;\u00a0les arm\u00e9es d\u2019\u00e9lecteurs et les bataillons de cosaques envoy\u00e9s au pilori pour superviser ou faire culbuter les \u00e9lections\u00a0:\u00a0tout est sans dessus dessous. Cacophonie totale. Chacun\u00a0va\u00a0de son c\u00f4t\u00e9, les mains sur la t\u00eate,\u00a0criant \u00e0 qui veut l\u2019entendre\u00a0\u00ab\u00a0qu\u2019 Allah b\u00e9nisse El Hajjaj, combien \u00e9tait-il\u00a0juste\u00a0!\u00a0\u00bb.\u00a0Bref,\u00a0un vrai branle-bas o\u00f9 chacun ne sait plus quoi faire ni dire. De Timb\u00e9dra \u00e0 Conakry, les vols r\u00e9guliers sont pleins \u00e0 craquer de passagers pr\u00e9f\u00e9rant allant se jeter dans la mer\u00a0que\u00a0d\u2019essuyer l\u2019affront d\u2019une d\u00e9faite qu\u2019ils n\u2019avaient\u00a0su\u00a0calculer\u00a0ni vu venir ! Jamais,\u00a0de m\u00e9moire de mauritanien, autant de bruits et de r\u00e9clamations ne furent ou\u00efs ni\u00a0observ\u00e9s. M\u00eame le parti du pouvoir, malmen\u00e9\u00a0ici et l\u00e0 malgr\u00e9\u00a0des scores in\u00e9dits \u00e0 Nouakchott o\u00f9 il rafle toute la mise municipale et r\u00e9gionale, m\u00eame ce parti crie, revendique, rousp\u00e8te et redemande \u00e0 refaire,\u00a0\u00e0 d\u00e9faut\u00a0des \u00e9lections,\u00a0au moins les comptes. Ce qui est s\u00fbr, c\u2019est que la Mauritanie aura son parlement du rire\u00a0avec de\u00a0tout : des d\u00e9put\u00e9s hommes, femmes, jeunes venus de tous les horizons,\u00a0probablement un v\u00e9ritable arche de No\u00e9\u00a0\u00e0\u00a0bord de laquelle\u00a0on\u00a0comptera\u00a0une paire\u00a0de\u00a0chacun d\u2019eux\u00a0! Quand tu ne laisses pas la politique, la politique te laisse ! Imaginez quelqu\u2019un l\u00e0 depuis plus de trente ans \u00e0 parler,\u00a0revendiquer,\u00a0refuser,\u00a0accepter,\u00a0vendre,\u00a0acheter,\u00a0n\u00e9gocier,\u00a0se compromettre,\u00a0promettre,\u00a0placer,\u00a0d\u00e9placer,<\/p>\n<p>faire\u00a0et\u00a0d\u00e9faire ! Plus de trente ans \u00e0 ne rien \u00e9couter,\u00a0\u00e0 tout vouloir avoir. Accaparement total. Autocratie totale. Totalitarisme total. Eywe ! Rien ne sert maintenant\u00a0de\u00a0crier\u00a0alors que\u00a0les z\u00e9ros se sont align\u00e9s sur toute la ligne. Municipales\u00a0:\u00a00. L\u00e9gislatives\u00a0:\u00a00. R\u00e9gionales\u00a0:\u00a00. Deuxi\u00e8me tour\u00a0:\u00a00. Commission Electorale nationale Ind\u00e9pendante\u00a0:\u00a00. Minist\u00e8re de l\u2019Int\u00e9rieur et de la D\u00e9centralisation\u00a0:\u00a00. Opposition\u00a0:\u00a00. Majorit\u00e9\u00a0:\u00a00. Parti au pouvoir\u00a0:\u00a00.\u00a0\u00c9lecteurs\u00a0:\u00a00.\u00a0\u00c9lus confondus\u00a0:\u00a00. Sages de la CENI\u00a0:\u00a00. Directeurs centraux et ing\u00e9nieurs\u00a0:\u00a00. Pr\u00e9sidents des bureaux de vote et assesseurs\u00a0:0. Seul le pr\u00e9sident de la\u00a0R\u00e9publique n\u2019est pas 0,\u00a0prot\u00e9g\u00e9\u00a0qu\u2019il est par la loi sur les symboles de l\u2019\u00c9tat. Anciens grands opposants historiques rattrap\u00e9s par leur pass\u00e9 et\u00a0par\u00a0de tr\u00e8s mauvais r\u00e9sultats : c\u2019est pas z\u00e9ro, mais c\u2019est tout comme. Chez les Be\u00efdanes (Nida El Watan) l\u2019anti RAG,\u00a0on dit qu\u2019\u00ab\u00a0il a honte,\u00a0celui qui\u00a0a\u00a0vieilli ou grandi\u00a0\u00bb. Alors,\u00a0bonjour la retraite et vivement la pr\u00e9sidentielle\u00a0!\u00a0Avec bien s\u00fbr la m\u00eame CENI de cet ancien ministre de l\u2019Int\u00e9rieur retrait\u00e9\u00a0comme\u00a0les autres.<\/p>\n<p>Salut!<\/p>\n","protected":false},"excerpt":{"rendered":"<p>La Mauritanie est compl\u00e8tement\u00a0boulevers\u00e9e.\u00a0\u00c9lections municipales,\u00a0l\u00e9gislatives ou r\u00e9gionales\u00a0;\u00a0Commission\u00a0nationale \u00e9lectorale ind\u00e9pendante\u00a0;\u00a0partis INSAF, RFD, UFP,\u00a0RFD\u00a0et autres\u00a0dizaines de milliers de\u00a0partillons\u00a0;\u00a0les arm\u00e9es d\u2019\u00e9lecteurs et les bataillons de cosaques envoy\u00e9s au pilori pour superviser ou faire culbuter les \u00e9lections\u00a0:\u00a0tout est sans dessus dessous. Cacophonie totale. Chacun\u00a0va\u00a0de son c\u00f4t\u00e9, les mains sur la t\u00eate,\u00a0criant \u00e0 qui veut l\u2019entendre\u00a0\u00ab\u00a0qu\u2019 Allah b\u00e9nisse El Hajjaj,&#8230;..<\/p>\n","protected":false},"author":3,"featured_media":8605,"comment_status":"open","ping_status":"open","sticky":false,"template":"","format":"standard","meta":{"footnotes":""},"categories":[59],"tags":[],"class_list":["post-8604","post","type-post","status-publish","format-standard","has-post-thumbnail","hentry","category-opinion"],"yoast_head":"<!-- This site is optimized with the Yoast SEO plugin v27.5 - https:\/\/yoast.com\/product\/yoast-seo-wordpress\/ -->\n<title>Chronique : Entre Nous\/par Sneiba El Kory - Le Quotidien de Nouakchott<\/title>\n<meta name=\"robots\" content=\"index, follow, max-snippet:-1, max-image-preview:large, max-video-preview:-1\" \/>\n<link rel=\"canonical\" href=\"https:\/\/lequotidien.mr\/?p=8604&lang=fr\" \/>\n<meta property=\"og:locale\" content=\"ar_AR\" \/>\n<meta property=\"og:type\" content=\"article\" \/>\n<meta property=\"og:title\" content=\"Chronique : Entre Nous\/par Sneiba El Kory - Le Quotidien de Nouakchott\" \/>\n<meta property=\"og:description\" content=\"La Mauritanie est compl\u00e8tement\u00a0boulevers\u00e9e.\u00a0\u00c9lections municipales,\u00a0l\u00e9gislatives ou r\u00e9gionales\u00a0;\u00a0Commission\u00a0nationale \u00e9lectorale ind\u00e9pendante\u00a0;\u00a0partis INSAF, RFD, UFP,\u00a0RFD\u00a0et autres\u00a0dizaines de milliers de\u00a0partillons\u00a0;\u00a0les arm\u00e9es d\u2019\u00e9lecteurs et les bataillons de cosaques envoy\u00e9s au pilori pour superviser ou faire culbuter les \u00e9lections\u00a0:\u00a0tout est sans dessus dessous. Cacophonie totale. Chacun\u00a0va\u00a0de son c\u00f4t\u00e9, les mains sur la t\u00eate,\u00a0criant \u00e0 qui veut l\u2019entendre\u00a0\u00ab\u00a0qu\u2019 Allah b\u00e9nisse El Hajjaj,.....\" \/>\n<meta property=\"og:url\" content=\"https:\/\/lequotidien.mr\/?p=8604&amp;lang=fr\" \/>\n<meta property=\"og:site_name\" content=\"Le Quotidien de Nouakchott\" \/>\n<meta property=\"article:publisher\" content=\"https:\/\/web.facebook.com\/lequotidienmr\" \/>\n<meta property=\"article:author\" content=\"https:\/\/web.facebook.com\/a.mleiwih\" \/>\n<meta property=\"article:published_time\" content=\"2023-06-01T00:04:45+00:00\" \/>\n<meta property=\"og:image\" content=\"https:\/\/lequotidien.mr\/wp-content\/uploads\/2023\/06\/Sneiba-kory3_n_24_28.jpg\" \/>\n\t<meta property=\"og:image:width\" content=\"446\" \/>\n\t<meta property=\"og:image:height\" content=\"434\" \/>\n\t<meta property=\"og:image:type\" content=\"image\/jpeg\" \/>\n<meta name=\"author\" content=\"Alioun M&#039;leiwih\" \/>\n<meta name=\"twitter:card\" content=\"summary_large_image\" \/>\n<meta name=\"twitter:creator\" content=\"@lequotidienmr\" \/>\n<meta name=\"twitter:site\" content=\"@lequotidienmr\" \/>\n<meta name=\"twitter:label1\" content=\"\u0643\u064f\u062a\u0628 \u0628\u0648\u0627\u0633\u0637\u0629\" \/>\n\t<meta name=\"twitter:data1\" content=\"Alioun M&#039;leiwih\" \/>\n\t<meta name=\"twitter:label2\" content=\"\u0648\u0642\u062a \u0627\u0644\u0642\u0631\u0627\u0621\u0629 \u0627\u0644\u0645\u064f\u0642\u062f\u0651\u0631\" \/>\n\t<meta name=\"twitter:data2\" content=\"\u062f\u0642\u064a\u0642\u062a\u0627\u0646\" \/>\n<script type=\"application\/ld+json\" class=\"yoast-schema-graph\">{\"@context\":\"https:\\\/\\\/schema.org\",\"@graph\":[{\"@type\":\"Article\",\"@id\":\"https:\\\/\\\/lequotidien.mr\\\/?p=8604&lang=fr#article\",\"isPartOf\":{\"@id\":\"https:\\\/\\\/lequotidien.mr\\\/?p=8604&lang=fr\"},\"author\":{\"name\":\"Alioun M'leiwih\",\"@id\":\"https:\\\/\\\/lequotidien.mr\\\/#\\\/schema\\\/person\\\/69d1518c74c9137087929a20b1272cb0\"},\"headline\":\"Chronique : Entre Nous\\\/par Sneiba El Kory\",\"datePublished\":\"2023-06-01T00:04:45+00:00\",\"mainEntityOfPage\":{\"@id\":\"https:\\\/\\\/lequotidien.mr\\\/?p=8604&lang=fr\"},\"wordCount\":485,\"commentCount\":0,\"publisher\":{\"@id\":\"https:\\\/\\\/lequotidien.mr\\\/#organization\"},\"image\":{\"@id\":\"https:\\\/\\\/lequotidien.mr\\\/?p=8604&lang=fr#primaryimage\"},\"thumbnailUrl\":\"https:\\\/\\\/lequotidien.mr\\\/wp-content\\\/uploads\\\/2023\\\/06\\\/Sneiba-kory3_n_24_28.jpg\",\"articleSection\":[\"Opinion\"],\"inLanguage\":\"ar\",\"potentialAction\":[{\"@type\":\"CommentAction\",\"name\":\"Comment\",\"target\":[\"https:\\\/\\\/lequotidien.mr\\\/?p=8604&lang=fr#respond\"]}]},{\"@type\":\"WebPage\",\"@id\":\"https:\\\/\\\/lequotidien.mr\\\/?p=8604&lang=fr\",\"url\":\"https:\\\/\\\/lequotidien.mr\\\/?p=8604&lang=fr\",\"name\":\"Chronique : Entre Nous\\\/par Sneiba El Kory - Le Quotidien de Nouakchott\",\"isPartOf\":{\"@id\":\"https:\\\/\\\/lequotidien.mr\\\/#website\"},\"primaryImageOfPage\":{\"@id\":\"https:\\\/\\\/lequotidien.mr\\\/?p=8604&lang=fr#primaryimage\"},\"image\":{\"@id\":\"https:\\\/\\\/lequotidien.mr\\\/?p=8604&lang=fr#primaryimage\"},\"thumbnailUrl\":\"https:\\\/\\\/lequotidien.mr\\\/wp-content\\\/uploads\\\/2023\\\/06\\\/Sneiba-kory3_n_24_28.jpg\",\"datePublished\":\"2023-06-01T00:04:45+00:00\",\"breadcrumb\":{\"@id\":\"https:\\\/\\\/lequotidien.mr\\\/?p=8604&lang=fr#breadcrumb\"},\"inLanguage\":\"ar\",\"potentialAction\":[{\"@type\":\"ReadAction\",\"target\":[\"https:\\\/\\\/lequotidien.mr\\\/?p=8604&lang=fr\"]}]},{\"@type\":\"ImageObject\",\"inLanguage\":\"ar\",\"@id\":\"https:\\\/\\\/lequotidien.mr\\\/?p=8604&lang=fr#primaryimage\",\"url\":\"https:\\\/\\\/lequotidien.mr\\\/wp-content\\\/uploads\\\/2023\\\/06\\\/Sneiba-kory3_n_24_28.jpg\",\"contentUrl\":\"https:\\\/\\\/lequotidien.mr\\\/wp-content\\\/uploads\\\/2023\\\/06\\\/Sneiba-kory3_n_24_28.jpg\",\"width\":446,\"height\":434,\"caption\":\"Sneiba El Kory\"},{\"@type\":\"BreadcrumbList\",\"@id\":\"https:\\\/\\\/lequotidien.mr\\\/?p=8604&lang=fr#breadcrumb\",\"itemListElement\":[{\"@type\":\"ListItem\",\"position\":1,\"name\":\"Home\",\"item\":\"https:\\\/\\\/lequotidien.mr\\\/\"},{\"@type\":\"ListItem\",\"position\":2,\"name\":\"Chronique : Entre Nous\\\/par Sneiba El Kory\"}]},{\"@type\":\"WebSite\",\"@id\":\"https:\\\/\\\/lequotidien.mr\\\/#website\",\"url\":\"https:\\\/\\\/lequotidien.mr\\\/\",\"name\":\"Le Quotidien de Nouakchott\",\"description\":\"\u0625\u062e\u0628\u0627\u0631\u064a\u0629 \u0645\u0633\u062a\u0642\u0644\u0629 \u0644\u0644\u0623\u0646\u0628\u0627\u0621 \u0627\u0644\u0639\u0627\u0645\u0629\",\"publisher\":{\"@id\":\"https:\\\/\\\/lequotidien.mr\\\/#organization\"},\"potentialAction\":[{\"@type\":\"SearchAction\",\"target\":{\"@type\":\"EntryPoint\",\"urlTemplate\":\"https:\\\/\\\/lequotidien.mr\\\/?s={search_term_string}\"},\"query-input\":{\"@type\":\"PropertyValueSpecification\",\"valueRequired\":true,\"valueName\":\"search_term_string\"}}],\"inLanguage\":\"ar\"},{\"@type\":\"Organization\",\"@id\":\"https:\\\/\\\/lequotidien.mr\\\/#organization\",\"name\":\"Le Quotidien de Nouakchott\",\"url\":\"https:\\\/\\\/lequotidien.mr\\\/\",\"logo\":{\"@type\":\"ImageObject\",\"inLanguage\":\"ar\",\"@id\":\"https:\\\/\\\/lequotidien.mr\\\/#\\\/schema\\\/logo\\\/image\\\/\",\"url\":\"https:\\\/\\\/lequotidien.mr\\\/wp-content\\\/uploads\\\/2022\\\/11\\\/logolequotidien.jpg\",\"contentUrl\":\"https:\\\/\\\/lequotidien.mr\\\/wp-content\\\/uploads\\\/2022\\\/11\\\/logolequotidien.jpg\",\"width\":290,\"height\":65,\"caption\":\"Le Quotidien de Nouakchott\"},\"image\":{\"@id\":\"https:\\\/\\\/lequotidien.mr\\\/#\\\/schema\\\/logo\\\/image\\\/\"},\"sameAs\":[\"https:\\\/\\\/web.facebook.com\\\/lequotidienmr\",\"https:\\\/\\\/x.com\\\/lequotidienmr\"]},{\"@type\":\"Person\",\"@id\":\"https:\\\/\\\/lequotidien.mr\\\/#\\\/schema\\\/person\\\/69d1518c74c9137087929a20b1272cb0\",\"name\":\"Alioun M'leiwih\",\"image\":{\"@type\":\"ImageObject\",\"inLanguage\":\"ar\",\"@id\":\"https:\\\/\\\/secure.gravatar.com\\\/avatar\\\/01f9d357222d7d4ca8f71662f4b081718f06d25b11fc45662ecca0622d507e51?s=96&d=mm&r=g\",\"url\":\"https:\\\/\\\/secure.gravatar.com\\\/avatar\\\/01f9d357222d7d4ca8f71662f4b081718f06d25b11fc45662ecca0622d507e51?s=96&d=mm&r=g\",\"contentUrl\":\"https:\\\/\\\/secure.gravatar.com\\\/avatar\\\/01f9d357222d7d4ca8f71662f4b081718f06d25b11fc45662ecca0622d507e51?s=96&d=mm&r=g\",\"caption\":\"Alioun M'leiwih\"},\"sameAs\":[\"https:\\\/\\\/lequotidien.mr\\\/\",\"https:\\\/\\\/web.facebook.com\\\/a.mleiwih\",\"https:\\\/\\\/www.linkedin.com\\\/in\\\/alimlewih\\\/\"],\"url\":\"https:\\\/\\\/lequotidien.mr\\\/?author=3\"}]}<\/script>\n<!-- \/ Yoast SEO plugin. -->","yoast_head_json":{"title":"Chronique : Entre Nous\/par Sneiba El Kory - Le Quotidien de Nouakchott","robots":{"index":"index","follow":"follow","max-snippet":"max-snippet:-1","max-image-preview":"max-image-preview:large","max-video-preview":"max-video-preview:-1"},"canonical":"https:\/\/lequotidien.mr\/?p=8604&lang=fr","og_locale":"ar_AR","og_type":"article","og_title":"Chronique : Entre Nous\/par Sneiba El Kory - Le Quotidien de Nouakchott","og_description":"La Mauritanie est compl\u00e8tement\u00a0boulevers\u00e9e.\u00a0\u00c9lections municipales,\u00a0l\u00e9gislatives ou r\u00e9gionales\u00a0;\u00a0Commission\u00a0nationale \u00e9lectorale ind\u00e9pendante\u00a0;\u00a0partis INSAF, RFD, UFP,\u00a0RFD\u00a0et autres\u00a0dizaines de milliers de\u00a0partillons\u00a0;\u00a0les arm\u00e9es d\u2019\u00e9lecteurs et les bataillons de cosaques envoy\u00e9s au pilori pour superviser ou faire culbuter les \u00e9lections\u00a0:\u00a0tout est sans dessus dessous. Cacophonie totale. Chacun\u00a0va\u00a0de son c\u00f4t\u00e9, les mains sur la t\u00eate,\u00a0criant \u00e0 qui veut l\u2019entendre\u00a0\u00ab\u00a0qu\u2019 Allah b\u00e9nisse El Hajjaj,.....","og_url":"https:\/\/lequotidien.mr\/?p=8604&lang=fr","og_site_name":"Le Quotidien de Nouakchott","article_publisher":"https:\/\/web.facebook.com\/lequotidienmr","article_author":"https:\/\/web.facebook.com\/a.mleiwih","article_published_time":"2023-06-01T00:04:45+00:00","og_image":[{"width":446,"height":434,"url":"https:\/\/lequotidien.mr\/wp-content\/uploads\/2023\/06\/Sneiba-kory3_n_24_28.jpg","type":"image\/jpeg"}],"author":"Alioun M'leiwih","twitter_card":"summary_large_image","twitter_creator":"@lequotidienmr","twitter_site":"@lequotidienmr","twitter_misc":{"\u0643\u064f\u062a\u0628 \u0628\u0648\u0627\u0633\u0637\u0629":"Alioun M'leiwih","\u0648\u0642\u062a \u0627\u0644\u0642\u0631\u0627\u0621\u0629 \u0627\u0644\u0645\u064f\u0642\u062f\u0651\u0631":"\u062f\u0642\u064a\u0642\u062a\u0627\u0646"},"schema":{"@context":"https:\/\/schema.org","@graph":[{"@type":"Article","@id":"https:\/\/lequotidien.mr\/?p=8604&lang=fr#article","isPartOf":{"@id":"https:\/\/lequotidien.mr\/?p=8604&lang=fr"},"author":{"name":"Alioun M'leiwih","@id":"https:\/\/lequotidien.mr\/#\/schema\/person\/69d1518c74c9137087929a20b1272cb0"},"headline":"Chronique : Entre Nous\/par Sneiba El Kory","datePublished":"2023-06-01T00:04:45+00:00","mainEntityOfPage":{"@id":"https:\/\/lequotidien.mr\/?p=8604&lang=fr"},"wordCount":485,"commentCount":0,"publisher":{"@id":"https:\/\/lequotidien.mr\/#organization"},"image":{"@id":"https:\/\/lequotidien.mr\/?p=8604&lang=fr#primaryimage"},"thumbnailUrl":"https:\/\/lequotidien.mr\/wp-content\/uploads\/2023\/06\/Sneiba-kory3_n_24_28.jpg","articleSection":["Opinion"],"inLanguage":"ar","potentialAction":[{"@type":"CommentAction","name":"Comment","target":["https:\/\/lequotidien.mr\/?p=8604&lang=fr#respond"]}]},{"@type":"WebPage","@id":"https:\/\/lequotidien.mr\/?p=8604&lang=fr","url":"https:\/\/lequotidien.mr\/?p=8604&lang=fr","name":"Chronique : Entre Nous\/par Sneiba El Kory - Le Quotidien de Nouakchott","isPartOf":{"@id":"https:\/\/lequotidien.mr\/#website"},"primaryImageOfPage":{"@id":"https:\/\/lequotidien.mr\/?p=8604&lang=fr#primaryimage"},"image":{"@id":"https:\/\/lequotidien.mr\/?p=8604&lang=fr#primaryimage"},"thumbnailUrl":"https:\/\/lequotidien.mr\/wp-content\/uploads\/2023\/06\/Sneiba-kory3_n_24_28.jpg","datePublished":"2023-06-01T00:04:45+00:00","breadcrumb":{"@id":"https:\/\/lequotidien.mr\/?p=8604&lang=fr#breadcrumb"},"inLanguage":"ar","potentialAction":[{"@type":"ReadAction","target":["https:\/\/lequotidien.mr\/?p=8604&lang=fr"]}]},{"@type":"ImageObject","inLanguage":"ar","@id":"https:\/\/lequotidien.mr\/?p=8604&lang=fr#primaryimage","url":"https:\/\/lequotidien.mr\/wp-content\/uploads\/2023\/06\/Sneiba-kory3_n_24_28.jpg","contentUrl":"https:\/\/lequotidien.mr\/wp-content\/uploads\/2023\/06\/Sneiba-kory3_n_24_28.jpg","width":446,"height":434,"caption":"Sneiba El Kory"},{"@type":"BreadcrumbList","@id":"https:\/\/lequotidien.mr\/?p=8604&lang=fr#breadcrumb","itemListElement":[{"@type":"ListItem","position":1,"name":"Home","item":"https:\/\/lequotidien.mr\/"},{"@type":"ListItem","position":2,"name":"Chronique : Entre Nous\/par Sneiba El Kory"}]},{"@type":"WebSite","@id":"https:\/\/lequotidien.mr\/#website","url":"https:\/\/lequotidien.mr\/","name":"Le Quotidien de Nouakchott","description":"\u0625\u062e\u0628\u0627\u0631\u064a\u0629 \u0645\u0633\u062a\u0642\u0644\u0629 \u0644\u0644\u0623\u0646\u0628\u0627\u0621 \u0627\u0644\u0639\u0627\u0645\u0629","publisher":{"@id":"https:\/\/lequotidien.mr\/#organization"},"potentialAction":[{"@type":"SearchAction","target":{"@type":"EntryPoint","urlTemplate":"https:\/\/lequotidien.mr\/?s={search_term_string}"},"query-input":{"@type":"PropertyValueSpecification","valueRequired":true,"valueName":"search_term_string"}}],"inLanguage":"ar"},{"@type":"Organization","@id":"https:\/\/lequotidien.mr\/#organization","name":"Le Quotidien de Nouakchott","url":"https:\/\/lequotidien.mr\/","logo":{"@type":"ImageObject","inLanguage":"ar","@id":"https:\/\/lequotidien.mr\/#\/schema\/logo\/image\/","url":"https:\/\/lequotidien.mr\/wp-content\/uploads\/2022\/11\/logolequotidien.jpg","contentUrl":"https:\/\/lequotidien.mr\/wp-content\/uploads\/2022\/11\/logolequotidien.jpg","width":290,"height":65,"caption":"Le Quotidien de Nouakchott"},"image":{"@id":"https:\/\/lequotidien.mr\/#\/schema\/logo\/image\/"},"sameAs":["https:\/\/web.facebook.com\/lequotidienmr","https:\/\/x.com\/lequotidienmr"]},{"@type":"Person","@id":"https:\/\/lequotidien.mr\/#\/schema\/person\/69d1518c74c9137087929a20b1272cb0","name":"Alioun M'leiwih","image":{"@type":"ImageObject","inLanguage":"ar","@id":"https:\/\/secure.gravatar.com\/avatar\/01f9d357222d7d4ca8f71662f4b081718f06d25b11fc45662ecca0622d507e51?s=96&d=mm&r=g","url":"https:\/\/secure.gravatar.com\/avatar\/01f9d357222d7d4ca8f71662f4b081718f06d25b11fc45662ecca0622d507e51?s=96&d=mm&r=g","contentUrl":"https:\/\/secure.gravatar.com\/avatar\/01f9d357222d7d4ca8f71662f4b081718f06d25b11fc45662ecca0622d507e51?s=96&d=mm&r=g","caption":"Alioun M'leiwih"},"sameAs":["https:\/\/lequotidien.mr\/","https:\/\/web.facebook.com\/a.mleiwih","https:\/\/www.linkedin.com\/in\/alimlewih\/"],"url":"https:\/\/lequotidien.mr\/?author=3"}]}},"_links":{"self":[{"href":"https:\/\/lequotidien.mr\/index.php?rest_route=\/wp\/v2\/posts\/8604","targetHints":{"allow":["GET"]}}],"collection":[{"href":"https:\/\/lequotidien.mr\/index.php?rest_route=\/wp\/v2\/posts"}],"about":[{"href":"https:\/\/lequotidien.mr\/index.php?rest_route=\/wp\/v2\/types\/post"}],"author":[{"embeddable":true,"href":"https:\/\/lequotidien.mr\/index.php?rest_route=\/wp\/v2\/users\/3"}],"replies":[{"embeddable":true,"href":"https:\/\/lequotidien.mr\/index.php?rest_route=%2Fwp%2Fv2%2Fcomments&post=8604"}],"version-history":[{"count":1,"href":"https:\/\/lequotidien.mr\/index.php?rest_route=\/wp\/v2\/posts\/8604\/revisions"}],"predecessor-version":[{"id":8606,"href":"https:\/\/lequotidien.mr\/index.php?rest_route=\/wp\/v2\/posts\/8604\/revisions\/8606"}],"wp:featuredmedia":[{"embeddable":true,"href":"https:\/\/lequotidien.mr\/index.php?rest_route=\/wp\/v2\/media\/8605"}],"wp:attachment":[{"href":"https:\/\/lequotidien.mr\/index.php?rest_route=%2Fwp%2Fv2%2Fmedia&parent=8604"}],"wp:term":[{"taxonomy":"category","embeddable":true,"href":"https:\/\/lequotidien.mr\/index.php?rest_route=%2Fwp%2Fv2%2Fcategories&post=8604"},{"taxonomy":"post_tag","embeddable":true,"href":"https:\/\/lequotidien.mr\/index.php?rest_route=%2Fwp%2Fv2%2Ftags&post=8604"}],"curies":[{"name":"wp","href":"https:\/\/api.w.org\/{rel}","templated":true}]}}