{"id":8543,"date":"2023-05-30T12:57:50","date_gmt":"2023-05-30T12:57:50","guid":{"rendered":"https:\/\/lequotidien.mr\/?p=8543"},"modified":"2023-05-30T12:57:50","modified_gmt":"2023-05-30T12:57:50","slug":"le-ministere-du-commerce-offre-5-millions-mru-aux-victimes-de-lincendie-du-marche-de-lartisanat","status":"publish","type":"post","link":"https:\/\/lequotidien.mr\/?p=8543&lang=fr","title":{"rendered":"Le minist\u00e8re du Commerce offre 5 millions MRU aux victimes de l\u2019incendie du march\u00e9 de l\u2019artisanat"},"content":{"rendered":"<p>AMI &#8211; Le ministre du Commerce, de l\u2019Artisanat et du Tourisme, M. Lemrabott Ould Bennahi, s\u2019est r\u00e9uni, lundi apr\u00e8s-midi dans son bureau \u00e0 Nouakchott avec les artisans propri\u00e9taires des boutiques incendi\u00e9es, vendredi dernier \u00e0 la foire nationale.<\/p>\n<p>A l\u2019ouverture de la rencontre, le ministre a rappel\u00e9 l\u2019int\u00e9r\u00eat que Son Excellence le Pr\u00e9sident de la R\u00e9publique, M. Mohamed Ould Cheikh El-Ghazouani, attache \u00e0 l\u2019artisanat et aux artisans, qu\u2019il a exprim\u00e9 dans son allocution au Festival des villes du patrimoine \u00e0 Ouadane, sa &#8220;profonde tristesse face \u00e0 l\u2019injustice et aux pr\u00e9jug\u00e9s auxquels cette frange de la soci\u00e9t\u00e9 fait face, bien qu\u2019elle devrait \u00eatre au sommet de la pyramide sociale, car elle est r\u00e9ellement \u00e0 l\u2019avant-garde des b\u00e2tisseurs de la civilisation, de l\u2019innovation et de la production&#8221;, fin de citation.<\/p>\n<p>La rencontre s\u2019inscrit dans le cadre de l\u2019accompagnement des propri\u00e9taires des commerces endommag\u00e9s et de leur soutien pour surmonter les effets de l\u2019incendie, apr\u00e8s que les \u00e9quipes du minist\u00e8re aient inspect\u00e9 et \u00e9valu\u00e9 les d\u00e9g\u00e2ts.<\/p>\n<p>Le minist\u00e8re a d\u00e9cid\u00e9 d\u2019accorder un montant de 5 millions MRU aux propri\u00e9taires des commerces endommag\u00e9s \u00e0 titre d\u2019aide d\u2019urgente.<\/p>\n<p>Lors de la m\u00eame r\u00e9union, le ministre a \u00e9galement appel\u00e9 \u00e0 la formation d\u2019un comit\u00e9 d\u2019urgence conjoint entre le minist\u00e8re et les artisans concern\u00e9s afin d\u2019assurer l\u2019\u00e9valuation et le suivi des d\u00e9g\u00e2ts.<\/p>\n<p>Il a confirm\u00e9 que le minist\u00e8re avait auparavant propos\u00e9 aux artisans de louer des boutiques \u00e0 la capitale, mais qu\u2019ils ont pr\u00e9f\u00e9r\u00e9 utiliser les baraques en attendant l\u2019ach\u00e8vement des travaux de construction du march\u00e9 de l\u2019artisanat.<\/p>\n<p>De leur c\u00f4t\u00e9, les propri\u00e9taires des commerces endommag\u00e9s ont appr\u00e9ci\u00e9 la r\u00e9action rapide du minist\u00e8re et son empressement \u00e0 les indemniser pour les pertes qu\u2019ils ont subies \u00e0 la suite de l\u2019incendie.<\/p>\n<p>La rencontre s\u2019est d\u00e9roul\u00e9e en pr\u00e9sence de M. Boubacar Ould Mohamed Baba, par int\u00e9rim secr\u00e9taire g\u00e9n\u00e9ral du minist\u00e8re et d\u2019autres hauts responsables du minist\u00e8re.<\/p>\n","protected":false},"excerpt":{"rendered":"<p>AMI &#8211; Le ministre du Commerce, de l\u2019Artisanat et du Tourisme, M. Lemrabott Ould Bennahi, s\u2019est r\u00e9uni, lundi apr\u00e8s-midi dans son bureau \u00e0 Nouakchott avec les artisans propri\u00e9taires des boutiques incendi\u00e9es, vendredi dernier \u00e0 la foire nationale. A l\u2019ouverture de la rencontre, le ministre a rappel\u00e9 l\u2019int\u00e9r\u00eat que Son Excellence le Pr\u00e9sident de la R\u00e9publique,&#8230;..<\/p>\n","protected":false},"author":3,"featured_media":8544,"comment_status":"open","ping_status":"open","sticky":false,"template":"","format":"standard","meta":{"footnotes":""},"categories":[23,49],"tags":[],"class_list":["post-8543","post","type-post","status-publish","format-standard","has-post-thumbnail","hentry","category-actualite","category-economie"],"yoast_head":"<!-- This site is optimized with the Yoast SEO plugin v27.5 - https:\/\/yoast.com\/product\/yoast-seo-wordpress\/ -->\n<title>Le minist\u00e8re du Commerce offre 5 millions MRU aux victimes de l\u2019incendie du march\u00e9 de l\u2019artisanat - Le Quotidien de Nouakchott<\/title>\n<meta name=\"robots\" content=\"index, follow, max-snippet:-1, max-image-preview:large, max-video-preview:-1\" \/>\n<link rel=\"canonical\" href=\"https:\/\/lequotidien.mr\/?p=8543&lang=fr\" \/>\n<meta property=\"og:locale\" content=\"ar_AR\" \/>\n<meta property=\"og:type\" content=\"article\" \/>\n<meta property=\"og:title\" content=\"Le minist\u00e8re du Commerce offre 5 millions MRU aux victimes de l\u2019incendie du march\u00e9 de l\u2019artisanat - Le Quotidien de Nouakchott\" \/>\n<meta property=\"og:description\" content=\"AMI &#8211; Le ministre du Commerce, de l\u2019Artisanat et du Tourisme, M. Lemrabott Ould Bennahi, s\u2019est r\u00e9uni, lundi apr\u00e8s-midi dans son bureau \u00e0 Nouakchott avec les artisans propri\u00e9taires des boutiques incendi\u00e9es, vendredi dernier \u00e0 la foire nationale. A l\u2019ouverture de la rencontre, le ministre a rappel\u00e9 l\u2019int\u00e9r\u00eat que Son Excellence le Pr\u00e9sident de la R\u00e9publique,.....\" \/>\n<meta property=\"og:url\" content=\"https:\/\/lequotidien.mr\/?p=8543&amp;lang=fr\" \/>\n<meta property=\"og:site_name\" content=\"Le Quotidien de Nouakchott\" \/>\n<meta property=\"article:publisher\" content=\"https:\/\/web.facebook.com\/lequotidienmr\" \/>\n<meta property=\"article:author\" content=\"https:\/\/web.facebook.com\/a.mleiwih\" \/>\n<meta property=\"article:published_time\" content=\"2023-05-30T12:57:50+00:00\" \/>\n<meta property=\"og:image\" content=\"https:\/\/lequotidien.mr\/wp-content\/uploads\/2023\/05\/minist_commer_29_05_2023_s006.jpg\" \/>\n\t<meta property=\"og:image:width\" content=\"1333\" \/>\n\t<meta property=\"og:image:height\" content=\"630\" \/>\n\t<meta property=\"og:image:type\" content=\"image\/jpeg\" \/>\n<meta name=\"author\" content=\"Alioun M&#039;leiwih\" \/>\n<meta name=\"twitter:card\" content=\"summary_large_image\" \/>\n<meta name=\"twitter:creator\" content=\"@lequotidienmr\" \/>\n<meta name=\"twitter:site\" content=\"@lequotidienmr\" \/>\n<meta name=\"twitter:label1\" content=\"\u0643\u064f\u062a\u0628 \u0628\u0648\u0627\u0633\u0637\u0629\" \/>\n\t<meta name=\"twitter:data1\" content=\"Alioun M&#039;leiwih\" \/>\n\t<meta name=\"twitter:label2\" content=\"\u0648\u0642\u062a \u0627\u0644\u0642\u0631\u0627\u0621\u0629 \u0627\u0644\u0645\u064f\u0642\u062f\u0651\u0631\" \/>\n\t<meta name=\"twitter:data2\" content=\"\u062f\u0642\u064a\u0642\u062a\u0627\u0646\" \/>\n<script type=\"application\/ld+json\" class=\"yoast-schema-graph\">{\"@context\":\"https:\\\/\\\/schema.org\",\"@graph\":[{\"@type\":\"Article\",\"@id\":\"https:\\\/\\\/lequotidien.mr\\\/?p=8543&lang=fr#article\",\"isPartOf\":{\"@id\":\"https:\\\/\\\/lequotidien.mr\\\/?p=8543&lang=fr\"},\"author\":{\"name\":\"Alioun M'leiwih\",\"@id\":\"https:\\\/\\\/lequotidien.mr\\\/#\\\/schema\\\/person\\\/69d1518c74c9137087929a20b1272cb0\"},\"headline\":\"Le minist\u00e8re du Commerce offre 5 millions MRU aux victimes de l\u2019incendie du march\u00e9 de l\u2019artisanat\",\"datePublished\":\"2023-05-30T12:57:50+00:00\",\"mainEntityOfPage\":{\"@id\":\"https:\\\/\\\/lequotidien.mr\\\/?p=8543&lang=fr\"},\"wordCount\":387,\"commentCount\":0,\"publisher\":{\"@id\":\"https:\\\/\\\/lequotidien.mr\\\/#organization\"},\"image\":{\"@id\":\"https:\\\/\\\/lequotidien.mr\\\/?p=8543&lang=fr#primaryimage\"},\"thumbnailUrl\":\"https:\\\/\\\/lequotidien.mr\\\/wp-content\\\/uploads\\\/2023\\\/05\\\/minist_commer_29_05_2023_s006.jpg\",\"articleSection\":[\"ACTUALIT\u00c9\",\"Economie\"],\"inLanguage\":\"ar\",\"potentialAction\":[{\"@type\":\"CommentAction\",\"name\":\"Comment\",\"target\":[\"https:\\\/\\\/lequotidien.mr\\\/?p=8543&lang=fr#respond\"]}]},{\"@type\":\"WebPage\",\"@id\":\"https:\\\/\\\/lequotidien.mr\\\/?p=8543&lang=fr\",\"url\":\"https:\\\/\\\/lequotidien.mr\\\/?p=8543&lang=fr\",\"name\":\"Le minist\u00e8re du Commerce offre 5 millions MRU aux victimes de l\u2019incendie du march\u00e9 de l\u2019artisanat - Le Quotidien de Nouakchott\",\"isPartOf\":{\"@id\":\"https:\\\/\\\/lequotidien.mr\\\/#website\"},\"primaryImageOfPage\":{\"@id\":\"https:\\\/\\\/lequotidien.mr\\\/?p=8543&lang=fr#primaryimage\"},\"image\":{\"@id\":\"https:\\\/\\\/lequotidien.mr\\\/?p=8543&lang=fr#primaryimage\"},\"thumbnailUrl\":\"https:\\\/\\\/lequotidien.mr\\\/wp-content\\\/uploads\\\/2023\\\/05\\\/minist_commer_29_05_2023_s006.jpg\",\"datePublished\":\"2023-05-30T12:57:50+00:00\",\"breadcrumb\":{\"@id\":\"https:\\\/\\\/lequotidien.mr\\\/?p=8543&lang=fr#breadcrumb\"},\"inLanguage\":\"ar\",\"potentialAction\":[{\"@type\":\"ReadAction\",\"target\":[\"https:\\\/\\\/lequotidien.mr\\\/?p=8543&lang=fr\"]}]},{\"@type\":\"ImageObject\",\"inLanguage\":\"ar\",\"@id\":\"https:\\\/\\\/lequotidien.mr\\\/?p=8543&lang=fr#primaryimage\",\"url\":\"https:\\\/\\\/lequotidien.mr\\\/wp-content\\\/uploads\\\/2023\\\/05\\\/minist_commer_29_05_2023_s006.jpg\",\"contentUrl\":\"https:\\\/\\\/lequotidien.mr\\\/wp-content\\\/uploads\\\/2023\\\/05\\\/minist_commer_29_05_2023_s006.jpg\",\"width\":1333,\"height\":630},{\"@type\":\"BreadcrumbList\",\"@id\":\"https:\\\/\\\/lequotidien.mr\\\/?p=8543&lang=fr#breadcrumb\",\"itemListElement\":[{\"@type\":\"ListItem\",\"position\":1,\"name\":\"Home\",\"item\":\"https:\\\/\\\/lequotidien.mr\\\/\"},{\"@type\":\"ListItem\",\"position\":2,\"name\":\"Le minist\u00e8re du Commerce offre 5 millions MRU aux victimes de l\u2019incendie du march\u00e9 de l\u2019artisanat\"}]},{\"@type\":\"WebSite\",\"@id\":\"https:\\\/\\\/lequotidien.mr\\\/#website\",\"url\":\"https:\\\/\\\/lequotidien.mr\\\/\",\"name\":\"Le Quotidien de Nouakchott\",\"description\":\"\u0625\u062e\u0628\u0627\u0631\u064a\u0629 \u0645\u0633\u062a\u0642\u0644\u0629 \u0644\u0644\u0623\u0646\u0628\u0627\u0621 \u0627\u0644\u0639\u0627\u0645\u0629\",\"publisher\":{\"@id\":\"https:\\\/\\\/lequotidien.mr\\\/#organization\"},\"potentialAction\":[{\"@type\":\"SearchAction\",\"target\":{\"@type\":\"EntryPoint\",\"urlTemplate\":\"https:\\\/\\\/lequotidien.mr\\\/?s={search_term_string}\"},\"query-input\":{\"@type\":\"PropertyValueSpecification\",\"valueRequired\":true,\"valueName\":\"search_term_string\"}}],\"inLanguage\":\"ar\"},{\"@type\":\"Organization\",\"@id\":\"https:\\\/\\\/lequotidien.mr\\\/#organization\",\"name\":\"Le Quotidien de Nouakchott\",\"url\":\"https:\\\/\\\/lequotidien.mr\\\/\",\"logo\":{\"@type\":\"ImageObject\",\"inLanguage\":\"ar\",\"@id\":\"https:\\\/\\\/lequotidien.mr\\\/#\\\/schema\\\/logo\\\/image\\\/\",\"url\":\"https:\\\/\\\/lequotidien.mr\\\/wp-content\\\/uploads\\\/2022\\\/11\\\/logolequotidien.jpg\",\"contentUrl\":\"https:\\\/\\\/lequotidien.mr\\\/wp-content\\\/uploads\\\/2022\\\/11\\\/logolequotidien.jpg\",\"width\":290,\"height\":65,\"caption\":\"Le Quotidien de Nouakchott\"},\"image\":{\"@id\":\"https:\\\/\\\/lequotidien.mr\\\/#\\\/schema\\\/logo\\\/image\\\/\"},\"sameAs\":[\"https:\\\/\\\/web.facebook.com\\\/lequotidienmr\",\"https:\\\/\\\/x.com\\\/lequotidienmr\"]},{\"@type\":\"Person\",\"@id\":\"https:\\\/\\\/lequotidien.mr\\\/#\\\/schema\\\/person\\\/69d1518c74c9137087929a20b1272cb0\",\"name\":\"Alioun M'leiwih\",\"image\":{\"@type\":\"ImageObject\",\"inLanguage\":\"ar\",\"@id\":\"https:\\\/\\\/secure.gravatar.com\\\/avatar\\\/01f9d357222d7d4ca8f71662f4b081718f06d25b11fc45662ecca0622d507e51?s=96&d=mm&r=g\",\"url\":\"https:\\\/\\\/secure.gravatar.com\\\/avatar\\\/01f9d357222d7d4ca8f71662f4b081718f06d25b11fc45662ecca0622d507e51?s=96&d=mm&r=g\",\"contentUrl\":\"https:\\\/\\\/secure.gravatar.com\\\/avatar\\\/01f9d357222d7d4ca8f71662f4b081718f06d25b11fc45662ecca0622d507e51?s=96&d=mm&r=g\",\"caption\":\"Alioun M'leiwih\"},\"sameAs\":[\"https:\\\/\\\/lequotidien.mr\\\/\",\"https:\\\/\\\/web.facebook.com\\\/a.mleiwih\",\"https:\\\/\\\/www.linkedin.com\\\/in\\\/alimlewih\\\/\"],\"url\":\"https:\\\/\\\/lequotidien.mr\\\/?author=3\"}]}<\/script>\n<!-- \/ Yoast SEO plugin. -->","yoast_head_json":{"title":"Le minist\u00e8re du Commerce offre 5 millions MRU aux victimes de l\u2019incendie du march\u00e9 de l\u2019artisanat - Le Quotidien de Nouakchott","robots":{"index":"index","follow":"follow","max-snippet":"max-snippet:-1","max-image-preview":"max-image-preview:large","max-video-preview":"max-video-preview:-1"},"canonical":"https:\/\/lequotidien.mr\/?p=8543&lang=fr","og_locale":"ar_AR","og_type":"article","og_title":"Le minist\u00e8re du Commerce offre 5 millions MRU aux victimes de l\u2019incendie du march\u00e9 de l\u2019artisanat - Le Quotidien de Nouakchott","og_description":"AMI &#8211; Le ministre du Commerce, de l\u2019Artisanat et du Tourisme, M. Lemrabott Ould Bennahi, s\u2019est r\u00e9uni, lundi apr\u00e8s-midi dans son bureau \u00e0 Nouakchott avec les artisans propri\u00e9taires des boutiques incendi\u00e9es, vendredi dernier \u00e0 la foire nationale. A l\u2019ouverture de la rencontre, le ministre a rappel\u00e9 l\u2019int\u00e9r\u00eat que Son Excellence le Pr\u00e9sident de la R\u00e9publique,.....","og_url":"https:\/\/lequotidien.mr\/?p=8543&lang=fr","og_site_name":"Le Quotidien de Nouakchott","article_publisher":"https:\/\/web.facebook.com\/lequotidienmr","article_author":"https:\/\/web.facebook.com\/a.mleiwih","article_published_time":"2023-05-30T12:57:50+00:00","og_image":[{"width":1333,"height":630,"url":"https:\/\/lequotidien.mr\/wp-content\/uploads\/2023\/05\/minist_commer_29_05_2023_s006.jpg","type":"image\/jpeg"}],"author":"Alioun M'leiwih","twitter_card":"summary_large_image","twitter_creator":"@lequotidienmr","twitter_site":"@lequotidienmr","twitter_misc":{"\u0643\u064f\u062a\u0628 \u0628\u0648\u0627\u0633\u0637\u0629":"Alioun M'leiwih","\u0648\u0642\u062a \u0627\u0644\u0642\u0631\u0627\u0621\u0629 \u0627\u0644\u0645\u064f\u0642\u062f\u0651\u0631":"\u062f\u0642\u064a\u0642\u062a\u0627\u0646"},"schema":{"@context":"https:\/\/schema.org","@graph":[{"@type":"Article","@id":"https:\/\/lequotidien.mr\/?p=8543&lang=fr#article","isPartOf":{"@id":"https:\/\/lequotidien.mr\/?p=8543&lang=fr"},"author":{"name":"Alioun M'leiwih","@id":"https:\/\/lequotidien.mr\/#\/schema\/person\/69d1518c74c9137087929a20b1272cb0"},"headline":"Le minist\u00e8re du Commerce offre 5 millions MRU aux victimes de l\u2019incendie du march\u00e9 de l\u2019artisanat","datePublished":"2023-05-30T12:57:50+00:00","mainEntityOfPage":{"@id":"https:\/\/lequotidien.mr\/?p=8543&lang=fr"},"wordCount":387,"commentCount":0,"publisher":{"@id":"https:\/\/lequotidien.mr\/#organization"},"image":{"@id":"https:\/\/lequotidien.mr\/?p=8543&lang=fr#primaryimage"},"thumbnailUrl":"https:\/\/lequotidien.mr\/wp-content\/uploads\/2023\/05\/minist_commer_29_05_2023_s006.jpg","articleSection":["ACTUALIT\u00c9","Economie"],"inLanguage":"ar","potentialAction":[{"@type":"CommentAction","name":"Comment","target":["https:\/\/lequotidien.mr\/?p=8543&lang=fr#respond"]}]},{"@type":"WebPage","@id":"https:\/\/lequotidien.mr\/?p=8543&lang=fr","url":"https:\/\/lequotidien.mr\/?p=8543&lang=fr","name":"Le minist\u00e8re du Commerce offre 5 millions MRU aux victimes de l\u2019incendie du march\u00e9 de l\u2019artisanat - Le Quotidien de Nouakchott","isPartOf":{"@id":"https:\/\/lequotidien.mr\/#website"},"primaryImageOfPage":{"@id":"https:\/\/lequotidien.mr\/?p=8543&lang=fr#primaryimage"},"image":{"@id":"https:\/\/lequotidien.mr\/?p=8543&lang=fr#primaryimage"},"thumbnailUrl":"https:\/\/lequotidien.mr\/wp-content\/uploads\/2023\/05\/minist_commer_29_05_2023_s006.jpg","datePublished":"2023-05-30T12:57:50+00:00","breadcrumb":{"@id":"https:\/\/lequotidien.mr\/?p=8543&lang=fr#breadcrumb"},"inLanguage":"ar","potentialAction":[{"@type":"ReadAction","target":["https:\/\/lequotidien.mr\/?p=8543&lang=fr"]}]},{"@type":"ImageObject","inLanguage":"ar","@id":"https:\/\/lequotidien.mr\/?p=8543&lang=fr#primaryimage","url":"https:\/\/lequotidien.mr\/wp-content\/uploads\/2023\/05\/minist_commer_29_05_2023_s006.jpg","contentUrl":"https:\/\/lequotidien.mr\/wp-content\/uploads\/2023\/05\/minist_commer_29_05_2023_s006.jpg","width":1333,"height":630},{"@type":"BreadcrumbList","@id":"https:\/\/lequotidien.mr\/?p=8543&lang=fr#breadcrumb","itemListElement":[{"@type":"ListItem","position":1,"name":"Home","item":"https:\/\/lequotidien.mr\/"},{"@type":"ListItem","position":2,"name":"Le minist\u00e8re du Commerce offre 5 millions MRU aux victimes de l\u2019incendie du march\u00e9 de l\u2019artisanat"}]},{"@type":"WebSite","@id":"https:\/\/lequotidien.mr\/#website","url":"https:\/\/lequotidien.mr\/","name":"Le Quotidien de Nouakchott","description":"\u0625\u062e\u0628\u0627\u0631\u064a\u0629 \u0645\u0633\u062a\u0642\u0644\u0629 \u0644\u0644\u0623\u0646\u0628\u0627\u0621 \u0627\u0644\u0639\u0627\u0645\u0629","publisher":{"@id":"https:\/\/lequotidien.mr\/#organization"},"potentialAction":[{"@type":"SearchAction","target":{"@type":"EntryPoint","urlTemplate":"https:\/\/lequotidien.mr\/?s={search_term_string}"},"query-input":{"@type":"PropertyValueSpecification","valueRequired":true,"valueName":"search_term_string"}}],"inLanguage":"ar"},{"@type":"Organization","@id":"https:\/\/lequotidien.mr\/#organization","name":"Le Quotidien de Nouakchott","url":"https:\/\/lequotidien.mr\/","logo":{"@type":"ImageObject","inLanguage":"ar","@id":"https:\/\/lequotidien.mr\/#\/schema\/logo\/image\/","url":"https:\/\/lequotidien.mr\/wp-content\/uploads\/2022\/11\/logolequotidien.jpg","contentUrl":"https:\/\/lequotidien.mr\/wp-content\/uploads\/2022\/11\/logolequotidien.jpg","width":290,"height":65,"caption":"Le Quotidien de Nouakchott"},"image":{"@id":"https:\/\/lequotidien.mr\/#\/schema\/logo\/image\/"},"sameAs":["https:\/\/web.facebook.com\/lequotidienmr","https:\/\/x.com\/lequotidienmr"]},{"@type":"Person","@id":"https:\/\/lequotidien.mr\/#\/schema\/person\/69d1518c74c9137087929a20b1272cb0","name":"Alioun M'leiwih","image":{"@type":"ImageObject","inLanguage":"ar","@id":"https:\/\/secure.gravatar.com\/avatar\/01f9d357222d7d4ca8f71662f4b081718f06d25b11fc45662ecca0622d507e51?s=96&d=mm&r=g","url":"https:\/\/secure.gravatar.com\/avatar\/01f9d357222d7d4ca8f71662f4b081718f06d25b11fc45662ecca0622d507e51?s=96&d=mm&r=g","contentUrl":"https:\/\/secure.gravatar.com\/avatar\/01f9d357222d7d4ca8f71662f4b081718f06d25b11fc45662ecca0622d507e51?s=96&d=mm&r=g","caption":"Alioun M'leiwih"},"sameAs":["https:\/\/lequotidien.mr\/","https:\/\/web.facebook.com\/a.mleiwih","https:\/\/www.linkedin.com\/in\/alimlewih\/"],"url":"https:\/\/lequotidien.mr\/?author=3"}]}},"_links":{"self":[{"href":"https:\/\/lequotidien.mr\/index.php?rest_route=\/wp\/v2\/posts\/8543","targetHints":{"allow":["GET"]}}],"collection":[{"href":"https:\/\/lequotidien.mr\/index.php?rest_route=\/wp\/v2\/posts"}],"about":[{"href":"https:\/\/lequotidien.mr\/index.php?rest_route=\/wp\/v2\/types\/post"}],"author":[{"embeddable":true,"href":"https:\/\/lequotidien.mr\/index.php?rest_route=\/wp\/v2\/users\/3"}],"replies":[{"embeddable":true,"href":"https:\/\/lequotidien.mr\/index.php?rest_route=%2Fwp%2Fv2%2Fcomments&post=8543"}],"version-history":[{"count":1,"href":"https:\/\/lequotidien.mr\/index.php?rest_route=\/wp\/v2\/posts\/8543\/revisions"}],"predecessor-version":[{"id":8545,"href":"https:\/\/lequotidien.mr\/index.php?rest_route=\/wp\/v2\/posts\/8543\/revisions\/8545"}],"wp:featuredmedia":[{"embeddable":true,"href":"https:\/\/lequotidien.mr\/index.php?rest_route=\/wp\/v2\/media\/8544"}],"wp:attachment":[{"href":"https:\/\/lequotidien.mr\/index.php?rest_route=%2Fwp%2Fv2%2Fmedia&parent=8543"}],"wp:term":[{"taxonomy":"category","embeddable":true,"href":"https:\/\/lequotidien.mr\/index.php?rest_route=%2Fwp%2Fv2%2Fcategories&post=8543"},{"taxonomy":"post_tag","embeddable":true,"href":"https:\/\/lequotidien.mr\/index.php?rest_route=%2Fwp%2Fv2%2Ftags&post=8543"}],"curies":[{"name":"wp","href":"https:\/\/api.w.org\/{rel}","templated":true}]}}