{"id":8533,"date":"2023-05-30T12:54:16","date_gmt":"2023-05-30T12:54:16","guid":{"rendered":"https:\/\/lequotidien.mr\/?p=8533"},"modified":"2023-05-30T12:54:16","modified_gmt":"2023-05-30T12:54:16","slug":"le-ministere-de-la-sante-a-depeche-une-equipe-medicale-au-hodh-chargui-pour-faire-face-a-la-maladie-de-la-rage","status":"publish","type":"post","link":"https:\/\/lequotidien.mr\/?p=8533&lang=fr","title":{"rendered":"Le minist\u00e8re de la sant\u00e9 a d\u00e9p\u00each\u00e9 une \u00e9quipe m\u00e9dicale au Hodh Chargui pour faire face \u00e0 la maladie de la rage"},"content":{"rendered":"<p><strong>Sahara M\u00e9dias<\/strong> &#8211; Le minist\u00e8re mauritanien de la sant\u00e9 a d\u00e9p\u00each\u00e9 une \u00e9quipe m\u00e9dicale au Hodh Chargui afin de renforcer ses capacit\u00e9s \u00e0 faire face \u00e0 la maladie de la rage dont des cas avaient \u00e9t\u00e9 enregistr\u00e9s la semaine derni\u00e8re dans cette wilaya.<\/p>\n<p>Dans une d\u00e9claration qu\u2019il a faite le chef du service de la surveillance \u00e9pid\u00e9miologique au minist\u00e8re mauritanien de la sant\u00e9, Mokhtar Abbad, a dit que l\u2019\u00e9quipe compte des cadres du minist\u00e8re de l\u2019\u00e9levage et du minist\u00e8re de la sant\u00e9, et vise \u00e0 se d\u00e9barrasser des chiens errants de mani\u00e8re s\u00fbre, et \u00e0 vacciner les chiens domestiques.<\/p>\n<p>Il a ajout\u00e9 que la mission participera \u00e9galement \u00e0 la vulgarisation et la sensibilisation sur les dangers de cette maladie.<\/p>\n<p>Il a pr\u00e9cis\u00e9 que le minist\u00e8re a exp\u00e9di\u00e9 une importante quantit\u00e9 de vaccins vers cette wilaya ce qui est de nature \u00e0 aider l\u2019h\u00f4pital r\u00e9gional et les centres de sant\u00e9 \u00e0 prendre en charge les cas qui s\u2019y trouvent.<\/p>\n<p>Le syndicat des v\u00e9t\u00e9rinaires avait d\u00e9j\u00e0 exprim\u00e9 son inqui\u00e9tude sur le nombre croissant des morsures de chiens enregistr\u00e9es r\u00e9cemment dans la wilaya du Hodh Chargui.<\/p>\n<p>Dans un communiqu\u00e9 qu\u2019il a publi\u00e9, le syndicat a exprim\u00e9 son inqui\u00e9tude \u00e0 propos du nombre d\u2019attaques de chiens contre les personnes et les animaux, ce qui constitue un v\u00e9ritable danger pour la vie des populations et leurs b\u00e9tails, avant d\u2019appeler les parties concern\u00e9es \u00e0 limiter la propagation de la rage, une maladie particuli\u00e8rement mortelle.<\/p>\n","protected":false},"excerpt":{"rendered":"<p>Sahara M\u00e9dias &#8211; Le minist\u00e8re mauritanien de la sant\u00e9 a d\u00e9p\u00each\u00e9 une \u00e9quipe m\u00e9dicale au Hodh Chargui afin de renforcer ses capacit\u00e9s \u00e0 faire face \u00e0 la maladie de la rage dont des cas avaient \u00e9t\u00e9 enregistr\u00e9s la semaine derni\u00e8re dans cette wilaya. Dans une d\u00e9claration qu\u2019il a faite le chef du service de la&#8230;..<\/p>\n","protected":false},"author":3,"featured_media":8534,"comment_status":"open","ping_status":"open","sticky":false,"template":"","format":"standard","meta":{"footnotes":""},"categories":[23,53],"tags":[],"class_list":["post-8533","post","type-post","status-publish","format-standard","has-post-thumbnail","hentry","category-actualite","category-faits-divers"],"yoast_head":"<!-- This site is optimized with the Yoast SEO plugin v27.5 - https:\/\/yoast.com\/product\/yoast-seo-wordpress\/ -->\n<title>Le minist\u00e8re de la sant\u00e9 a d\u00e9p\u00each\u00e9 une \u00e9quipe m\u00e9dicale au Hodh Chargui pour faire face \u00e0 la maladie de la rage - Le Quotidien de Nouakchott<\/title>\n<meta name=\"robots\" content=\"index, follow, max-snippet:-1, max-image-preview:large, max-video-preview:-1\" \/>\n<link rel=\"canonical\" href=\"https:\/\/lequotidien.mr\/?p=8533&lang=fr\" \/>\n<meta property=\"og:locale\" content=\"ar_AR\" \/>\n<meta property=\"og:type\" content=\"article\" \/>\n<meta property=\"og:title\" content=\"Le minist\u00e8re de la sant\u00e9 a d\u00e9p\u00each\u00e9 une \u00e9quipe m\u00e9dicale au Hodh Chargui pour faire face \u00e0 la maladie de la rage - Le Quotidien de Nouakchott\" \/>\n<meta property=\"og:description\" content=\"Sahara M\u00e9dias &#8211; Le minist\u00e8re mauritanien de la sant\u00e9 a d\u00e9p\u00each\u00e9 une \u00e9quipe m\u00e9dicale au Hodh Chargui afin de renforcer ses capacit\u00e9s \u00e0 faire face \u00e0 la maladie de la rage dont des cas avaient \u00e9t\u00e9 enregistr\u00e9s la semaine derni\u00e8re dans cette wilaya. Dans une d\u00e9claration qu\u2019il a faite le chef du service de la.....\" \/>\n<meta property=\"og:url\" content=\"https:\/\/lequotidien.mr\/?p=8533&amp;lang=fr\" \/>\n<meta property=\"og:site_name\" content=\"Le Quotidien de Nouakchott\" \/>\n<meta property=\"article:publisher\" content=\"https:\/\/web.facebook.com\/lequotidienmr\" \/>\n<meta property=\"article:author\" content=\"https:\/\/web.facebook.com\/a.mleiwih\" \/>\n<meta property=\"article:published_time\" content=\"2023-05-30T12:54:16+00:00\" \/>\n<meta property=\"og:image\" content=\"https:\/\/lequotidien.mr\/wp-content\/uploads\/2023\/05\/equipe_medicale_84_5o.jpg\" \/>\n\t<meta property=\"og:image:width\" content=\"482\" \/>\n\t<meta property=\"og:image:height\" content=\"329\" \/>\n\t<meta property=\"og:image:type\" content=\"image\/jpeg\" \/>\n<meta name=\"author\" content=\"Alioun M&#039;leiwih\" \/>\n<meta name=\"twitter:card\" content=\"summary_large_image\" \/>\n<meta name=\"twitter:creator\" content=\"@lequotidienmr\" \/>\n<meta name=\"twitter:site\" content=\"@lequotidienmr\" \/>\n<meta name=\"twitter:label1\" content=\"\u0643\u064f\u062a\u0628 \u0628\u0648\u0627\u0633\u0637\u0629\" \/>\n\t<meta name=\"twitter:data1\" content=\"Alioun M&#039;leiwih\" \/>\n\t<meta name=\"twitter:label2\" content=\"\u0648\u0642\u062a \u0627\u0644\u0642\u0631\u0627\u0621\u0629 \u0627\u0644\u0645\u064f\u0642\u062f\u0651\u0631\" \/>\n\t<meta name=\"twitter:data2\" content=\"\u062f\u0642\u064a\u0642\u062a\u0627\u0646\" \/>\n<script type=\"application\/ld+json\" class=\"yoast-schema-graph\">{\"@context\":\"https:\\\/\\\/schema.org\",\"@graph\":[{\"@type\":\"Article\",\"@id\":\"https:\\\/\\\/lequotidien.mr\\\/?p=8533&lang=fr#article\",\"isPartOf\":{\"@id\":\"https:\\\/\\\/lequotidien.mr\\\/?p=8533&lang=fr\"},\"author\":{\"name\":\"Alioun M'leiwih\",\"@id\":\"https:\\\/\\\/lequotidien.mr\\\/#\\\/schema\\\/person\\\/69d1518c74c9137087929a20b1272cb0\"},\"headline\":\"Le minist\u00e8re de la sant\u00e9 a d\u00e9p\u00each\u00e9 une \u00e9quipe m\u00e9dicale au Hodh Chargui pour faire face \u00e0 la maladie de la rage\",\"datePublished\":\"2023-05-30T12:54:16+00:00\",\"mainEntityOfPage\":{\"@id\":\"https:\\\/\\\/lequotidien.mr\\\/?p=8533&lang=fr\"},\"wordCount\":294,\"commentCount\":0,\"publisher\":{\"@id\":\"https:\\\/\\\/lequotidien.mr\\\/#organization\"},\"image\":{\"@id\":\"https:\\\/\\\/lequotidien.mr\\\/?p=8533&lang=fr#primaryimage\"},\"thumbnailUrl\":\"https:\\\/\\\/lequotidien.mr\\\/wp-content\\\/uploads\\\/2023\\\/05\\\/equipe_medicale_84_5o.jpg\",\"articleSection\":[\"ACTUALIT\u00c9\",\"FAITS DIVERS\"],\"inLanguage\":\"ar\",\"potentialAction\":[{\"@type\":\"CommentAction\",\"name\":\"Comment\",\"target\":[\"https:\\\/\\\/lequotidien.mr\\\/?p=8533&lang=fr#respond\"]}]},{\"@type\":\"WebPage\",\"@id\":\"https:\\\/\\\/lequotidien.mr\\\/?p=8533&lang=fr\",\"url\":\"https:\\\/\\\/lequotidien.mr\\\/?p=8533&lang=fr\",\"name\":\"Le minist\u00e8re de la sant\u00e9 a d\u00e9p\u00each\u00e9 une \u00e9quipe m\u00e9dicale au Hodh Chargui pour faire face \u00e0 la maladie de la rage - Le Quotidien de Nouakchott\",\"isPartOf\":{\"@id\":\"https:\\\/\\\/lequotidien.mr\\\/#website\"},\"primaryImageOfPage\":{\"@id\":\"https:\\\/\\\/lequotidien.mr\\\/?p=8533&lang=fr#primaryimage\"},\"image\":{\"@id\":\"https:\\\/\\\/lequotidien.mr\\\/?p=8533&lang=fr#primaryimage\"},\"thumbnailUrl\":\"https:\\\/\\\/lequotidien.mr\\\/wp-content\\\/uploads\\\/2023\\\/05\\\/equipe_medicale_84_5o.jpg\",\"datePublished\":\"2023-05-30T12:54:16+00:00\",\"breadcrumb\":{\"@id\":\"https:\\\/\\\/lequotidien.mr\\\/?p=8533&lang=fr#breadcrumb\"},\"inLanguage\":\"ar\",\"potentialAction\":[{\"@type\":\"ReadAction\",\"target\":[\"https:\\\/\\\/lequotidien.mr\\\/?p=8533&lang=fr\"]}]},{\"@type\":\"ImageObject\",\"inLanguage\":\"ar\",\"@id\":\"https:\\\/\\\/lequotidien.mr\\\/?p=8533&lang=fr#primaryimage\",\"url\":\"https:\\\/\\\/lequotidien.mr\\\/wp-content\\\/uploads\\\/2023\\\/05\\\/equipe_medicale_84_5o.jpg\",\"contentUrl\":\"https:\\\/\\\/lequotidien.mr\\\/wp-content\\\/uploads\\\/2023\\\/05\\\/equipe_medicale_84_5o.jpg\",\"width\":482,\"height\":329},{\"@type\":\"BreadcrumbList\",\"@id\":\"https:\\\/\\\/lequotidien.mr\\\/?p=8533&lang=fr#breadcrumb\",\"itemListElement\":[{\"@type\":\"ListItem\",\"position\":1,\"name\":\"Home\",\"item\":\"https:\\\/\\\/lequotidien.mr\\\/\"},{\"@type\":\"ListItem\",\"position\":2,\"name\":\"Le minist\u00e8re de la sant\u00e9 a d\u00e9p\u00each\u00e9 une \u00e9quipe m\u00e9dicale au Hodh Chargui pour faire face \u00e0 la maladie de la rage\"}]},{\"@type\":\"WebSite\",\"@id\":\"https:\\\/\\\/lequotidien.mr\\\/#website\",\"url\":\"https:\\\/\\\/lequotidien.mr\\\/\",\"name\":\"Le Quotidien de Nouakchott\",\"description\":\"\u0625\u062e\u0628\u0627\u0631\u064a\u0629 \u0645\u0633\u062a\u0642\u0644\u0629 \u0644\u0644\u0623\u0646\u0628\u0627\u0621 \u0627\u0644\u0639\u0627\u0645\u0629\",\"publisher\":{\"@id\":\"https:\\\/\\\/lequotidien.mr\\\/#organization\"},\"potentialAction\":[{\"@type\":\"SearchAction\",\"target\":{\"@type\":\"EntryPoint\",\"urlTemplate\":\"https:\\\/\\\/lequotidien.mr\\\/?s={search_term_string}\"},\"query-input\":{\"@type\":\"PropertyValueSpecification\",\"valueRequired\":true,\"valueName\":\"search_term_string\"}}],\"inLanguage\":\"ar\"},{\"@type\":\"Organization\",\"@id\":\"https:\\\/\\\/lequotidien.mr\\\/#organization\",\"name\":\"Le Quotidien de Nouakchott\",\"url\":\"https:\\\/\\\/lequotidien.mr\\\/\",\"logo\":{\"@type\":\"ImageObject\",\"inLanguage\":\"ar\",\"@id\":\"https:\\\/\\\/lequotidien.mr\\\/#\\\/schema\\\/logo\\\/image\\\/\",\"url\":\"https:\\\/\\\/lequotidien.mr\\\/wp-content\\\/uploads\\\/2022\\\/11\\\/logolequotidien.jpg\",\"contentUrl\":\"https:\\\/\\\/lequotidien.mr\\\/wp-content\\\/uploads\\\/2022\\\/11\\\/logolequotidien.jpg\",\"width\":290,\"height\":65,\"caption\":\"Le Quotidien de Nouakchott\"},\"image\":{\"@id\":\"https:\\\/\\\/lequotidien.mr\\\/#\\\/schema\\\/logo\\\/image\\\/\"},\"sameAs\":[\"https:\\\/\\\/web.facebook.com\\\/lequotidienmr\",\"https:\\\/\\\/x.com\\\/lequotidienmr\"]},{\"@type\":\"Person\",\"@id\":\"https:\\\/\\\/lequotidien.mr\\\/#\\\/schema\\\/person\\\/69d1518c74c9137087929a20b1272cb0\",\"name\":\"Alioun M'leiwih\",\"image\":{\"@type\":\"ImageObject\",\"inLanguage\":\"ar\",\"@id\":\"https:\\\/\\\/secure.gravatar.com\\\/avatar\\\/01f9d357222d7d4ca8f71662f4b081718f06d25b11fc45662ecca0622d507e51?s=96&d=mm&r=g\",\"url\":\"https:\\\/\\\/secure.gravatar.com\\\/avatar\\\/01f9d357222d7d4ca8f71662f4b081718f06d25b11fc45662ecca0622d507e51?s=96&d=mm&r=g\",\"contentUrl\":\"https:\\\/\\\/secure.gravatar.com\\\/avatar\\\/01f9d357222d7d4ca8f71662f4b081718f06d25b11fc45662ecca0622d507e51?s=96&d=mm&r=g\",\"caption\":\"Alioun M'leiwih\"},\"sameAs\":[\"https:\\\/\\\/lequotidien.mr\\\/\",\"https:\\\/\\\/web.facebook.com\\\/a.mleiwih\",\"https:\\\/\\\/www.linkedin.com\\\/in\\\/alimlewih\\\/\"],\"url\":\"https:\\\/\\\/lequotidien.mr\\\/?author=3\"}]}<\/script>\n<!-- \/ Yoast SEO plugin. -->","yoast_head_json":{"title":"Le minist\u00e8re de la sant\u00e9 a d\u00e9p\u00each\u00e9 une \u00e9quipe m\u00e9dicale au Hodh Chargui pour faire face \u00e0 la maladie de la rage - Le Quotidien de Nouakchott","robots":{"index":"index","follow":"follow","max-snippet":"max-snippet:-1","max-image-preview":"max-image-preview:large","max-video-preview":"max-video-preview:-1"},"canonical":"https:\/\/lequotidien.mr\/?p=8533&lang=fr","og_locale":"ar_AR","og_type":"article","og_title":"Le minist\u00e8re de la sant\u00e9 a d\u00e9p\u00each\u00e9 une \u00e9quipe m\u00e9dicale au Hodh Chargui pour faire face \u00e0 la maladie de la rage - Le Quotidien de Nouakchott","og_description":"Sahara M\u00e9dias &#8211; Le minist\u00e8re mauritanien de la sant\u00e9 a d\u00e9p\u00each\u00e9 une \u00e9quipe m\u00e9dicale au Hodh Chargui afin de renforcer ses capacit\u00e9s \u00e0 faire face \u00e0 la maladie de la rage dont des cas avaient \u00e9t\u00e9 enregistr\u00e9s la semaine derni\u00e8re dans cette wilaya. Dans une d\u00e9claration qu\u2019il a faite le chef du service de la.....","og_url":"https:\/\/lequotidien.mr\/?p=8533&lang=fr","og_site_name":"Le Quotidien de Nouakchott","article_publisher":"https:\/\/web.facebook.com\/lequotidienmr","article_author":"https:\/\/web.facebook.com\/a.mleiwih","article_published_time":"2023-05-30T12:54:16+00:00","og_image":[{"width":482,"height":329,"url":"https:\/\/lequotidien.mr\/wp-content\/uploads\/2023\/05\/equipe_medicale_84_5o.jpg","type":"image\/jpeg"}],"author":"Alioun M'leiwih","twitter_card":"summary_large_image","twitter_creator":"@lequotidienmr","twitter_site":"@lequotidienmr","twitter_misc":{"\u0643\u064f\u062a\u0628 \u0628\u0648\u0627\u0633\u0637\u0629":"Alioun M'leiwih","\u0648\u0642\u062a \u0627\u0644\u0642\u0631\u0627\u0621\u0629 \u0627\u0644\u0645\u064f\u0642\u062f\u0651\u0631":"\u062f\u0642\u064a\u0642\u062a\u0627\u0646"},"schema":{"@context":"https:\/\/schema.org","@graph":[{"@type":"Article","@id":"https:\/\/lequotidien.mr\/?p=8533&lang=fr#article","isPartOf":{"@id":"https:\/\/lequotidien.mr\/?p=8533&lang=fr"},"author":{"name":"Alioun M'leiwih","@id":"https:\/\/lequotidien.mr\/#\/schema\/person\/69d1518c74c9137087929a20b1272cb0"},"headline":"Le minist\u00e8re de la sant\u00e9 a d\u00e9p\u00each\u00e9 une \u00e9quipe m\u00e9dicale au Hodh Chargui pour faire face \u00e0 la maladie de la rage","datePublished":"2023-05-30T12:54:16+00:00","mainEntityOfPage":{"@id":"https:\/\/lequotidien.mr\/?p=8533&lang=fr"},"wordCount":294,"commentCount":0,"publisher":{"@id":"https:\/\/lequotidien.mr\/#organization"},"image":{"@id":"https:\/\/lequotidien.mr\/?p=8533&lang=fr#primaryimage"},"thumbnailUrl":"https:\/\/lequotidien.mr\/wp-content\/uploads\/2023\/05\/equipe_medicale_84_5o.jpg","articleSection":["ACTUALIT\u00c9","FAITS DIVERS"],"inLanguage":"ar","potentialAction":[{"@type":"CommentAction","name":"Comment","target":["https:\/\/lequotidien.mr\/?p=8533&lang=fr#respond"]}]},{"@type":"WebPage","@id":"https:\/\/lequotidien.mr\/?p=8533&lang=fr","url":"https:\/\/lequotidien.mr\/?p=8533&lang=fr","name":"Le minist\u00e8re de la sant\u00e9 a d\u00e9p\u00each\u00e9 une \u00e9quipe m\u00e9dicale au Hodh Chargui pour faire face \u00e0 la maladie de la rage - Le Quotidien de Nouakchott","isPartOf":{"@id":"https:\/\/lequotidien.mr\/#website"},"primaryImageOfPage":{"@id":"https:\/\/lequotidien.mr\/?p=8533&lang=fr#primaryimage"},"image":{"@id":"https:\/\/lequotidien.mr\/?p=8533&lang=fr#primaryimage"},"thumbnailUrl":"https:\/\/lequotidien.mr\/wp-content\/uploads\/2023\/05\/equipe_medicale_84_5o.jpg","datePublished":"2023-05-30T12:54:16+00:00","breadcrumb":{"@id":"https:\/\/lequotidien.mr\/?p=8533&lang=fr#breadcrumb"},"inLanguage":"ar","potentialAction":[{"@type":"ReadAction","target":["https:\/\/lequotidien.mr\/?p=8533&lang=fr"]}]},{"@type":"ImageObject","inLanguage":"ar","@id":"https:\/\/lequotidien.mr\/?p=8533&lang=fr#primaryimage","url":"https:\/\/lequotidien.mr\/wp-content\/uploads\/2023\/05\/equipe_medicale_84_5o.jpg","contentUrl":"https:\/\/lequotidien.mr\/wp-content\/uploads\/2023\/05\/equipe_medicale_84_5o.jpg","width":482,"height":329},{"@type":"BreadcrumbList","@id":"https:\/\/lequotidien.mr\/?p=8533&lang=fr#breadcrumb","itemListElement":[{"@type":"ListItem","position":1,"name":"Home","item":"https:\/\/lequotidien.mr\/"},{"@type":"ListItem","position":2,"name":"Le minist\u00e8re de la sant\u00e9 a d\u00e9p\u00each\u00e9 une \u00e9quipe m\u00e9dicale au Hodh Chargui pour faire face \u00e0 la maladie de la rage"}]},{"@type":"WebSite","@id":"https:\/\/lequotidien.mr\/#website","url":"https:\/\/lequotidien.mr\/","name":"Le Quotidien de Nouakchott","description":"\u0625\u062e\u0628\u0627\u0631\u064a\u0629 \u0645\u0633\u062a\u0642\u0644\u0629 \u0644\u0644\u0623\u0646\u0628\u0627\u0621 \u0627\u0644\u0639\u0627\u0645\u0629","publisher":{"@id":"https:\/\/lequotidien.mr\/#organization"},"potentialAction":[{"@type":"SearchAction","target":{"@type":"EntryPoint","urlTemplate":"https:\/\/lequotidien.mr\/?s={search_term_string}"},"query-input":{"@type":"PropertyValueSpecification","valueRequired":true,"valueName":"search_term_string"}}],"inLanguage":"ar"},{"@type":"Organization","@id":"https:\/\/lequotidien.mr\/#organization","name":"Le Quotidien de Nouakchott","url":"https:\/\/lequotidien.mr\/","logo":{"@type":"ImageObject","inLanguage":"ar","@id":"https:\/\/lequotidien.mr\/#\/schema\/logo\/image\/","url":"https:\/\/lequotidien.mr\/wp-content\/uploads\/2022\/11\/logolequotidien.jpg","contentUrl":"https:\/\/lequotidien.mr\/wp-content\/uploads\/2022\/11\/logolequotidien.jpg","width":290,"height":65,"caption":"Le Quotidien de Nouakchott"},"image":{"@id":"https:\/\/lequotidien.mr\/#\/schema\/logo\/image\/"},"sameAs":["https:\/\/web.facebook.com\/lequotidienmr","https:\/\/x.com\/lequotidienmr"]},{"@type":"Person","@id":"https:\/\/lequotidien.mr\/#\/schema\/person\/69d1518c74c9137087929a20b1272cb0","name":"Alioun M'leiwih","image":{"@type":"ImageObject","inLanguage":"ar","@id":"https:\/\/secure.gravatar.com\/avatar\/01f9d357222d7d4ca8f71662f4b081718f06d25b11fc45662ecca0622d507e51?s=96&d=mm&r=g","url":"https:\/\/secure.gravatar.com\/avatar\/01f9d357222d7d4ca8f71662f4b081718f06d25b11fc45662ecca0622d507e51?s=96&d=mm&r=g","contentUrl":"https:\/\/secure.gravatar.com\/avatar\/01f9d357222d7d4ca8f71662f4b081718f06d25b11fc45662ecca0622d507e51?s=96&d=mm&r=g","caption":"Alioun M'leiwih"},"sameAs":["https:\/\/lequotidien.mr\/","https:\/\/web.facebook.com\/a.mleiwih","https:\/\/www.linkedin.com\/in\/alimlewih\/"],"url":"https:\/\/lequotidien.mr\/?author=3"}]}},"_links":{"self":[{"href":"https:\/\/lequotidien.mr\/index.php?rest_route=\/wp\/v2\/posts\/8533","targetHints":{"allow":["GET"]}}],"collection":[{"href":"https:\/\/lequotidien.mr\/index.php?rest_route=\/wp\/v2\/posts"}],"about":[{"href":"https:\/\/lequotidien.mr\/index.php?rest_route=\/wp\/v2\/types\/post"}],"author":[{"embeddable":true,"href":"https:\/\/lequotidien.mr\/index.php?rest_route=\/wp\/v2\/users\/3"}],"replies":[{"embeddable":true,"href":"https:\/\/lequotidien.mr\/index.php?rest_route=%2Fwp%2Fv2%2Fcomments&post=8533"}],"version-history":[{"count":2,"href":"https:\/\/lequotidien.mr\/index.php?rest_route=\/wp\/v2\/posts\/8533\/revisions"}],"predecessor-version":[{"id":8536,"href":"https:\/\/lequotidien.mr\/index.php?rest_route=\/wp\/v2\/posts\/8533\/revisions\/8536"}],"wp:featuredmedia":[{"embeddable":true,"href":"https:\/\/lequotidien.mr\/index.php?rest_route=\/wp\/v2\/media\/8534"}],"wp:attachment":[{"href":"https:\/\/lequotidien.mr\/index.php?rest_route=%2Fwp%2Fv2%2Fmedia&parent=8533"}],"wp:term":[{"taxonomy":"category","embeddable":true,"href":"https:\/\/lequotidien.mr\/index.php?rest_route=%2Fwp%2Fv2%2Fcategories&post=8533"},{"taxonomy":"post_tag","embeddable":true,"href":"https:\/\/lequotidien.mr\/index.php?rest_route=%2Fwp%2Fv2%2Ftags&post=8533"}],"curies":[{"name":"wp","href":"https:\/\/api.w.org\/{rel}","templated":true}]}}