{"id":8047,"date":"2023-05-11T16:25:25","date_gmt":"2023-05-11T16:25:25","guid":{"rendered":"https:\/\/lequotidien.mr\/?p=8047"},"modified":"2023-05-12T10:11:18","modified_gmt":"2023-05-12T10:11:18","slug":"editorial-le-proces-de-la-decennie-un-manque-de-conviction-face-a-des-preuves-indeniables","status":"publish","type":"post","link":"https:\/\/lequotidien.mr\/?p=8047&lang=fr","title":{"rendered":"\u00c9ditorial \/ Le Proc\u00e8s de la d\u00e9cennie : Un manque de conviction face \u00e0 des preuves ind\u00e9niables"},"content":{"rendered":"<p>Dans le proc\u00e8s qui tient en haleine les mauritaniens depuis plus de trois mois, l&#8217;ancien pr\u00e9sident mauritanien, Mohamed Abdel Aziz, comparait au banc des accus\u00e9s pour r\u00e9pondre d\u2019actes commis pendant son magist\u00e8re. Ce proc\u00e8s, sans pr\u00e9c\u00e9dent dans l&#8217;histoire du pays, a mis en lumi\u00e8re de nombreux faits inqui\u00e9tants et a soulev\u00e9 des questions auxquelles jusqu\u2019ici, l\u2019int\u00e9ress\u00e9 \u00a0n&#8217;a pas su r\u00e9pondre de mani\u00e8re convaincante.<\/p>\n<p>L&#8217;un des faits les plus marquants concerne les travaux r\u00e9alis\u00e9s par ATTM sur une propri\u00e9t\u00e9 d&#8217;Aziz situ\u00e9e \u00e0 70 km de Nouakchott. Lorsqu&#8217;on lui a demand\u00e9 des explications, l&#8217;ancien pr\u00e9sident a pr\u00e9tendu ne pas \u00eatre au courant de ces travaux. Une telle affirmation soul\u00e8ve imm\u00e9diatement des questions sur la cr\u00e9dibilit\u00e9 de sa d\u00e9fense. Comment est-il possible que des travaux d&#8217;une telle envergure aient \u00e9t\u00e9 r\u00e9alis\u00e9s sans que le propri\u00e9taire des lieux en soit inform\u00e9? Et comme pour se d\u00e9fausser il demande une enqu\u00eate pour savoir qui a ordonn\u00e9 les travaux et qui en a b\u00e9n\u00e9fici\u00e9. La piscine est l\u00e0, le ch\u00e2teau d\u2019eau est l\u00e0, les abreuvoirs pour les animaux sont l\u00e0 et on imagine mal le directeur de la fondation de la SNIM son ADG ou le directeurg\u00e9n\u00e9ral d\u2019ATTM d\u00e9cider de leur propre chef d\u2019effectuer des travaux dans une propri\u00e9t\u00e9 du pr\u00e9sident gard\u00e9e par le BASEP et facturant les travaux sur les chantiers du soixanti\u00e8me anniversaire de l\u2019ind\u00e9pendance.<\/p>\n<p>Cette r\u00e9ponse ne fut pas la seule \u00e0 susciter le scepticisme. Lorsqu&#8217;il a \u00e9t\u00e9 interrog\u00e9 sur le recrutement de son beau-fils \u00e0 la Soci\u00e9t\u00e9 Nationale Industrielle et Mini\u00e8re (SNIM), Aziz a d&#8217;abord ni\u00e9 en avoir parl\u00e9 \u00e0 qui que ce soit. En affirmant de mani\u00e8re p\u00e9remptoire qu\u2019aucun directeur n\u2019oserait l\u2019affirmer devant lui. \u00a0Cependant, face au t\u00e9moignage de OuldOudaa, ancien directeur de la SNIM, qui affirmait le contraire, Aziz a fini par admettre qu&#8217;il avait en effet discut\u00e9 de cette question avec lui. Ce revirement soudain de position a non seulement sap\u00e9 sa cr\u00e9dibilit\u00e9, mais a \u00e9galement renforc\u00e9 l&#8217;image d&#8217;un homme qui, en d\u00e9pit de ses d\u00e9n\u00e9gations, semble avoir manipul\u00e9 les institutions de son pays \u00e0 son avantage personnel.<\/p>\n<p>Sur la question des march\u00e9s obtenus par son fils \u00e0 la SOMELEC ses r\u00e9ponses restent \u00e9vasives essayant m\u00eame de faire un amalgame avant de rejeter la responsabilit\u00e9 de la d\u00e9rogation accord\u00e9e \u00e0 Joysolar pour avoir une avance de 30 % du march\u00e9 pour se justifier l\u2019ancien pr\u00e9sident affirme que de toutes les fa\u00e7ons les lampadaires ont \u00e9t\u00e9 fournis et mont\u00e9s. Mais l\u2019ont-ils \u00e9t\u00e9 tous et \u00e0 quel prix\u00a0? Lorsqu\u2019une soci\u00e9t\u00e9 \u00e9trang\u00e8re b\u00e9n\u00e9ficie d\u2019autant de privil\u00e8ges qui peut la contr\u00f4ler\u00a0?<\/p>\n<p>Concernant l\u2019acquisition de ses enfants de terrains de l\u2019\u00e9cole de police du stade olympique et du march\u00e9 capital Ould Abdel Aziz affirme que ce sont des citoyens mauritaniens adultes et qu\u2019ils ont le droit d\u2019exercer des activit\u00e9s commerciales comme tout le monde. Seulement, il feint d\u2019ignorer qu\u2019ils n\u2019ont pas le droit de se porter acqu\u00e9reurs de biens de l\u2019Etat, le conflit d\u2019int\u00e9r\u00eat manifeste et \u00e9vident.<\/p>\n<p>A propos de l\u2019\u00e9viction des partenaires de KALPATARU dans le march\u00e9 de la ligne de haute tension Nouakchott- Nouadhibou, Ould Abdel Aziz a affirm\u00e9 qu\u2019il fait diminuer le prix de 35 millions de dollars en \u00e9liminant des interm\u00e9diaires mais en omettant de dire qu\u2019ils ont \u00e9t\u00e9 remplac\u00e9s par sa propre famille.<\/p>\n<p>Il est clair que le proc\u00e8s de l&#8217;ancien pr\u00e9sident Aziz a \u00e9t\u00e9 marqu\u00e9 par des r\u00e9ponses insatisfaisantes et un manque de coh\u00e9rence flagrant. Les faits pr\u00e9sent\u00e9s lors de ce proc\u00e8s montrent un leader qui, loin d&#8217;\u00eatre ignorant des actions men\u00e9es en son nom, semble avoir \u00e9t\u00e9 au c\u0153ur d&#8217;un syst\u00e8me de favoritisme et de corruption.<\/p>\n<p>Le peuple mauritanien m\u00e9rite des r\u00e9ponses claires et honn\u00eates, pas des d\u00e9clarations qui s&#8217;effritent sous le poids de la preuve. Il m\u00e9rite que justice soit faite. L&#8217;heure est venue pour l&#8217;ancien pr\u00e9sident de faire face aux cons\u00e9quences de ses actes et de r\u00e9pondre de mani\u00e8re convaincante aux accusations port\u00e9es contre lui.<\/p>\n<p>C&#8217;est une situation d\u00e9plorable qui met en lumi\u00e8re le besoin criant de r\u00e9formes institutionnelles en Mauritanie, afin de garantir que les abus de pouvoir et la corruption ne restent pas impunis. La lutte contre la corruption doit \u00eatre une priorit\u00e9 pour la Mauritanie et son peuple, car elle freine le d\u00e9veloppement \u00e9conomique et social du pays.<\/p>\n<p>Mohamed Abdel Aziz, comme tout citoyen, a droit \u00e0 un proc\u00e8s \u00e9quitable. Cependant, la justice doit \u00eatre rendue de mani\u00e8re transparente, et chaque accusation doit \u00eatre soigneusement examin\u00e9e. La v\u00e9rit\u00e9 doit \u00eatre d\u00e9voil\u00e9e, pour que le peuple mauritanien puisse tourner la page de cette p\u00e9riode sombre de son histoire.<\/p>\n<p>Le proc\u00e8s de l&#8217;ancien pr\u00e9sident soul\u00e8ve \u00e9galement la question cruciale de l&#8217;impunit\u00e9 des dirigeants. Il est essentiel que les dirigeants soient tenus responsables de leurs actes, qu&#8217;ils soient en fonction ou non. L&#8217;immunit\u00e9 ne doit pas \u00eatre un bouclier pour se prot\u00e9ger de la justice. Une telle d\u00e9marche serait un pas important vers l&#8217;\u00e9tablissement d&#8217;un \u00e9tat de droit fort en Mauritanie.<\/p>\n<p>Enfin, la justice n&#8217;est pas seulement une affaire de verdicts. Elle concerne \u00e9galement la reconstruction de la confiance du public dans ses institutions. La Mauritanie a besoin d&#8217;un processus transparent et \u00e9quitable pour montrer que personne n&#8217;est au-dessus de la loi, et que m\u00eame les plus hauts responsables du pays peuvent \u00eatre tenus responsables de leurs actes. Ce n&#8217;est qu&#8217;ainsi que la Mauritanie pourra avancer vers un avenir plus juste et plus \u00e9quitable.<\/p>\n<p>La justice doit \u00eatre rendue pour le peuple mauritanien, qui m\u00e9rite des institutions fortes, transparentes et responsables.<\/p>\n<p>&nbsp;<\/p>\n","protected":false},"excerpt":{"rendered":"<p>Dans le proc\u00e8s qui tient en haleine les mauritaniens depuis plus de trois mois, l&#8217;ancien pr\u00e9sident mauritanien, Mohamed Abdel Aziz, comparait au banc des accus\u00e9s pour r\u00e9pondre d\u2019actes commis pendant son magist\u00e8re. Ce proc\u00e8s, sans pr\u00e9c\u00e9dent dans l&#8217;histoire du pays, a mis en lumi\u00e8re de nombreux faits inqui\u00e9tants et a soulev\u00e9 des questions auxquelles jusqu\u2019ici,&#8230;..<\/p>\n","protected":false},"author":5,"featured_media":8050,"comment_status":"open","ping_status":"open","sticky":false,"template":"","format":"standard","meta":{"footnotes":""},"categories":[23,49,59],"tags":[],"class_list":["post-8047","post","type-post","status-publish","format-standard","has-post-thumbnail","hentry","category-actualite","category-economie","category-opinion"],"yoast_head":"<!-- This site is optimized with the Yoast SEO plugin v27.5 - https:\/\/yoast.com\/product\/yoast-seo-wordpress\/ -->\n<title>\u00c9ditorial \/ Le Proc\u00e8s de la d\u00e9cennie : Un manque de conviction face \u00e0 des preuves ind\u00e9niables - Le Quotidien de Nouakchott<\/title>\n<meta name=\"robots\" content=\"index, follow, max-snippet:-1, max-image-preview:large, max-video-preview:-1\" \/>\n<link rel=\"canonical\" href=\"https:\/\/lequotidien.mr\/?p=8047&lang=fr\" \/>\n<meta property=\"og:locale\" content=\"ar_AR\" \/>\n<meta property=\"og:type\" content=\"article\" \/>\n<meta property=\"og:title\" content=\"\u00c9ditorial \/ Le Proc\u00e8s de la d\u00e9cennie : Un manque de conviction face \u00e0 des preuves ind\u00e9niables - Le Quotidien de Nouakchott\" \/>\n<meta property=\"og:description\" content=\"Dans le proc\u00e8s qui tient en haleine les mauritaniens depuis plus de trois mois, l&#8217;ancien pr\u00e9sident mauritanien, Mohamed Abdel Aziz, comparait au banc des accus\u00e9s pour r\u00e9pondre d\u2019actes commis pendant son magist\u00e8re. Ce proc\u00e8s, sans pr\u00e9c\u00e9dent dans l&#8217;histoire du pays, a mis en lumi\u00e8re de nombreux faits inqui\u00e9tants et a soulev\u00e9 des questions auxquelles jusqu\u2019ici,.....\" \/>\n<meta property=\"og:url\" content=\"https:\/\/lequotidien.mr\/?p=8047&amp;lang=fr\" \/>\n<meta property=\"og:site_name\" content=\"Le Quotidien de Nouakchott\" \/>\n<meta property=\"article:publisher\" content=\"https:\/\/web.facebook.com\/lequotidienmr\" \/>\n<meta property=\"article:published_time\" content=\"2023-05-11T16:25:25+00:00\" \/>\n<meta property=\"article:modified_time\" content=\"2023-05-12T10:11:18+00:00\" \/>\n<meta property=\"og:image\" content=\"https:\/\/lequotidien.mr\/wp-content\/uploads\/2023\/05\/WhatsApp-Image-2023-05-12-at-10.10.22.jpeg\" \/>\n\t<meta property=\"og:image:width\" content=\"1280\" \/>\n\t<meta property=\"og:image:height\" content=\"960\" \/>\n\t<meta property=\"og:image:type\" content=\"image\/jpeg\" \/>\n<meta name=\"author\" content=\"Gayi Diawara\" \/>\n<meta name=\"twitter:card\" content=\"summary_large_image\" \/>\n<meta name=\"twitter:creator\" content=\"@lequotidienmr\" \/>\n<meta name=\"twitter:site\" content=\"@lequotidienmr\" \/>\n<meta name=\"twitter:label1\" content=\"\u0643\u064f\u062a\u0628 \u0628\u0648\u0627\u0633\u0637\u0629\" \/>\n\t<meta name=\"twitter:data1\" content=\"Gayi Diawara\" \/>\n\t<meta name=\"twitter:label2\" content=\"\u0648\u0642\u062a \u0627\u0644\u0642\u0631\u0627\u0621\u0629 \u0627\u0644\u0645\u064f\u0642\u062f\u0651\u0631\" \/>\n\t<meta name=\"twitter:data2\" content=\"4 \u062f\u0642\u0627\u0626\u0642\" \/>\n<script type=\"application\/ld+json\" class=\"yoast-schema-graph\">{\"@context\":\"https:\\\/\\\/schema.org\",\"@graph\":[{\"@type\":\"Article\",\"@id\":\"https:\\\/\\\/lequotidien.mr\\\/?p=8047&lang=fr#article\",\"isPartOf\":{\"@id\":\"https:\\\/\\\/lequotidien.mr\\\/?p=8047&lang=fr\"},\"author\":{\"name\":\"Gayi Diawara\",\"@id\":\"https:\\\/\\\/lequotidien.mr\\\/#\\\/schema\\\/person\\\/1077c8abd5640a6514b909318d271dee\"},\"headline\":\"\u00c9ditorial \\\/ Le Proc\u00e8s de la d\u00e9cennie : Un manque de conviction face \u00e0 des preuves ind\u00e9niables\",\"datePublished\":\"2023-05-11T16:25:25+00:00\",\"dateModified\":\"2023-05-12T10:11:18+00:00\",\"mainEntityOfPage\":{\"@id\":\"https:\\\/\\\/lequotidien.mr\\\/?p=8047&lang=fr\"},\"wordCount\":1065,\"commentCount\":0,\"publisher\":{\"@id\":\"https:\\\/\\\/lequotidien.mr\\\/#organization\"},\"image\":{\"@id\":\"https:\\\/\\\/lequotidien.mr\\\/?p=8047&lang=fr#primaryimage\"},\"thumbnailUrl\":\"https:\\\/\\\/lequotidien.mr\\\/wp-content\\\/uploads\\\/2023\\\/05\\\/WhatsApp-Image-2023-05-12-at-10.10.22.jpeg\",\"articleSection\":[\"ACTUALIT\u00c9\",\"Economie\",\"Opinion\"],\"inLanguage\":\"ar\",\"potentialAction\":[{\"@type\":\"CommentAction\",\"name\":\"Comment\",\"target\":[\"https:\\\/\\\/lequotidien.mr\\\/?p=8047&lang=fr#respond\"]}]},{\"@type\":\"WebPage\",\"@id\":\"https:\\\/\\\/lequotidien.mr\\\/?p=8047&lang=fr\",\"url\":\"https:\\\/\\\/lequotidien.mr\\\/?p=8047&lang=fr\",\"name\":\"\u00c9ditorial \\\/ Le Proc\u00e8s de la d\u00e9cennie : Un manque de conviction face \u00e0 des preuves ind\u00e9niables - Le Quotidien de Nouakchott\",\"isPartOf\":{\"@id\":\"https:\\\/\\\/lequotidien.mr\\\/#website\"},\"primaryImageOfPage\":{\"@id\":\"https:\\\/\\\/lequotidien.mr\\\/?p=8047&lang=fr#primaryimage\"},\"image\":{\"@id\":\"https:\\\/\\\/lequotidien.mr\\\/?p=8047&lang=fr#primaryimage\"},\"thumbnailUrl\":\"https:\\\/\\\/lequotidien.mr\\\/wp-content\\\/uploads\\\/2023\\\/05\\\/WhatsApp-Image-2023-05-12-at-10.10.22.jpeg\",\"datePublished\":\"2023-05-11T16:25:25+00:00\",\"dateModified\":\"2023-05-12T10:11:18+00:00\",\"breadcrumb\":{\"@id\":\"https:\\\/\\\/lequotidien.mr\\\/?p=8047&lang=fr#breadcrumb\"},\"inLanguage\":\"ar\",\"potentialAction\":[{\"@type\":\"ReadAction\",\"target\":[\"https:\\\/\\\/lequotidien.mr\\\/?p=8047&lang=fr\"]}]},{\"@type\":\"ImageObject\",\"inLanguage\":\"ar\",\"@id\":\"https:\\\/\\\/lequotidien.mr\\\/?p=8047&lang=fr#primaryimage\",\"url\":\"https:\\\/\\\/lequotidien.mr\\\/wp-content\\\/uploads\\\/2023\\\/05\\\/WhatsApp-Image-2023-05-12-at-10.10.22.jpeg\",\"contentUrl\":\"https:\\\/\\\/lequotidien.mr\\\/wp-content\\\/uploads\\\/2023\\\/05\\\/WhatsApp-Image-2023-05-12-at-10.10.22.jpeg\",\"width\":1280,\"height\":960,\"caption\":\"Moussa Samba Sy\"},{\"@type\":\"BreadcrumbList\",\"@id\":\"https:\\\/\\\/lequotidien.mr\\\/?p=8047&lang=fr#breadcrumb\",\"itemListElement\":[{\"@type\":\"ListItem\",\"position\":1,\"name\":\"Home\",\"item\":\"https:\\\/\\\/lequotidien.mr\\\/\"},{\"@type\":\"ListItem\",\"position\":2,\"name\":\"\u00c9ditorial \\\/ Le Proc\u00e8s de la d\u00e9cennie : Un manque de conviction face \u00e0 des preuves ind\u00e9niables\"}]},{\"@type\":\"WebSite\",\"@id\":\"https:\\\/\\\/lequotidien.mr\\\/#website\",\"url\":\"https:\\\/\\\/lequotidien.mr\\\/\",\"name\":\"Le Quotidien de Nouakchott\",\"description\":\"\u0625\u062e\u0628\u0627\u0631\u064a\u0629 \u0645\u0633\u062a\u0642\u0644\u0629 \u0644\u0644\u0623\u0646\u0628\u0627\u0621 \u0627\u0644\u0639\u0627\u0645\u0629\",\"publisher\":{\"@id\":\"https:\\\/\\\/lequotidien.mr\\\/#organization\"},\"potentialAction\":[{\"@type\":\"SearchAction\",\"target\":{\"@type\":\"EntryPoint\",\"urlTemplate\":\"https:\\\/\\\/lequotidien.mr\\\/?s={search_term_string}\"},\"query-input\":{\"@type\":\"PropertyValueSpecification\",\"valueRequired\":true,\"valueName\":\"search_term_string\"}}],\"inLanguage\":\"ar\"},{\"@type\":\"Organization\",\"@id\":\"https:\\\/\\\/lequotidien.mr\\\/#organization\",\"name\":\"Le Quotidien de Nouakchott\",\"url\":\"https:\\\/\\\/lequotidien.mr\\\/\",\"logo\":{\"@type\":\"ImageObject\",\"inLanguage\":\"ar\",\"@id\":\"https:\\\/\\\/lequotidien.mr\\\/#\\\/schema\\\/logo\\\/image\\\/\",\"url\":\"https:\\\/\\\/lequotidien.mr\\\/wp-content\\\/uploads\\\/2022\\\/11\\\/logolequotidien.jpg\",\"contentUrl\":\"https:\\\/\\\/lequotidien.mr\\\/wp-content\\\/uploads\\\/2022\\\/11\\\/logolequotidien.jpg\",\"width\":290,\"height\":65,\"caption\":\"Le Quotidien de Nouakchott\"},\"image\":{\"@id\":\"https:\\\/\\\/lequotidien.mr\\\/#\\\/schema\\\/logo\\\/image\\\/\"},\"sameAs\":[\"https:\\\/\\\/web.facebook.com\\\/lequotidienmr\",\"https:\\\/\\\/x.com\\\/lequotidienmr\"]},{\"@type\":\"Person\",\"@id\":\"https:\\\/\\\/lequotidien.mr\\\/#\\\/schema\\\/person\\\/1077c8abd5640a6514b909318d271dee\",\"name\":\"Gayi Diawara\",\"image\":{\"@type\":\"ImageObject\",\"inLanguage\":\"ar\",\"@id\":\"https:\\\/\\\/secure.gravatar.com\\\/avatar\\\/63ea8db1e19a6d2d608b24c0f78b5f3a7d6e0bc11959fec273410af333e4d0ac?s=96&d=mm&r=g\",\"url\":\"https:\\\/\\\/secure.gravatar.com\\\/avatar\\\/63ea8db1e19a6d2d608b24c0f78b5f3a7d6e0bc11959fec273410af333e4d0ac?s=96&d=mm&r=g\",\"contentUrl\":\"https:\\\/\\\/secure.gravatar.com\\\/avatar\\\/63ea8db1e19a6d2d608b24c0f78b5f3a7d6e0bc11959fec273410af333e4d0ac?s=96&d=mm&r=g\",\"caption\":\"Gayi Diawara\"},\"sameAs\":[\"http:\\\/\\\/lequotidien.mr\"],\"url\":\"https:\\\/\\\/lequotidien.mr\\\/?author=5\"}]}<\/script>\n<!-- \/ Yoast SEO plugin. -->","yoast_head_json":{"title":"\u00c9ditorial \/ Le Proc\u00e8s de la d\u00e9cennie : Un manque de conviction face \u00e0 des preuves ind\u00e9niables - Le Quotidien de Nouakchott","robots":{"index":"index","follow":"follow","max-snippet":"max-snippet:-1","max-image-preview":"max-image-preview:large","max-video-preview":"max-video-preview:-1"},"canonical":"https:\/\/lequotidien.mr\/?p=8047&lang=fr","og_locale":"ar_AR","og_type":"article","og_title":"\u00c9ditorial \/ Le Proc\u00e8s de la d\u00e9cennie : Un manque de conviction face \u00e0 des preuves ind\u00e9niables - Le Quotidien de Nouakchott","og_description":"Dans le proc\u00e8s qui tient en haleine les mauritaniens depuis plus de trois mois, l&#8217;ancien pr\u00e9sident mauritanien, Mohamed Abdel Aziz, comparait au banc des accus\u00e9s pour r\u00e9pondre d\u2019actes commis pendant son magist\u00e8re. Ce proc\u00e8s, sans pr\u00e9c\u00e9dent dans l&#8217;histoire du pays, a mis en lumi\u00e8re de nombreux faits inqui\u00e9tants et a soulev\u00e9 des questions auxquelles jusqu\u2019ici,.....","og_url":"https:\/\/lequotidien.mr\/?p=8047&lang=fr","og_site_name":"Le Quotidien de Nouakchott","article_publisher":"https:\/\/web.facebook.com\/lequotidienmr","article_published_time":"2023-05-11T16:25:25+00:00","article_modified_time":"2023-05-12T10:11:18+00:00","og_image":[{"width":1280,"height":960,"url":"https:\/\/lequotidien.mr\/wp-content\/uploads\/2023\/05\/WhatsApp-Image-2023-05-12-at-10.10.22.jpeg","type":"image\/jpeg"}],"author":"Gayi Diawara","twitter_card":"summary_large_image","twitter_creator":"@lequotidienmr","twitter_site":"@lequotidienmr","twitter_misc":{"\u0643\u064f\u062a\u0628 \u0628\u0648\u0627\u0633\u0637\u0629":"Gayi Diawara","\u0648\u0642\u062a \u0627\u0644\u0642\u0631\u0627\u0621\u0629 \u0627\u0644\u0645\u064f\u0642\u062f\u0651\u0631":"4 \u062f\u0642\u0627\u0626\u0642"},"schema":{"@context":"https:\/\/schema.org","@graph":[{"@type":"Article","@id":"https:\/\/lequotidien.mr\/?p=8047&lang=fr#article","isPartOf":{"@id":"https:\/\/lequotidien.mr\/?p=8047&lang=fr"},"author":{"name":"Gayi Diawara","@id":"https:\/\/lequotidien.mr\/#\/schema\/person\/1077c8abd5640a6514b909318d271dee"},"headline":"\u00c9ditorial \/ Le Proc\u00e8s de la d\u00e9cennie : Un manque de conviction face \u00e0 des preuves ind\u00e9niables","datePublished":"2023-05-11T16:25:25+00:00","dateModified":"2023-05-12T10:11:18+00:00","mainEntityOfPage":{"@id":"https:\/\/lequotidien.mr\/?p=8047&lang=fr"},"wordCount":1065,"commentCount":0,"publisher":{"@id":"https:\/\/lequotidien.mr\/#organization"},"image":{"@id":"https:\/\/lequotidien.mr\/?p=8047&lang=fr#primaryimage"},"thumbnailUrl":"https:\/\/lequotidien.mr\/wp-content\/uploads\/2023\/05\/WhatsApp-Image-2023-05-12-at-10.10.22.jpeg","articleSection":["ACTUALIT\u00c9","Economie","Opinion"],"inLanguage":"ar","potentialAction":[{"@type":"CommentAction","name":"Comment","target":["https:\/\/lequotidien.mr\/?p=8047&lang=fr#respond"]}]},{"@type":"WebPage","@id":"https:\/\/lequotidien.mr\/?p=8047&lang=fr","url":"https:\/\/lequotidien.mr\/?p=8047&lang=fr","name":"\u00c9ditorial \/ Le Proc\u00e8s de la d\u00e9cennie : Un manque de conviction face \u00e0 des preuves ind\u00e9niables - Le Quotidien de Nouakchott","isPartOf":{"@id":"https:\/\/lequotidien.mr\/#website"},"primaryImageOfPage":{"@id":"https:\/\/lequotidien.mr\/?p=8047&lang=fr#primaryimage"},"image":{"@id":"https:\/\/lequotidien.mr\/?p=8047&lang=fr#primaryimage"},"thumbnailUrl":"https:\/\/lequotidien.mr\/wp-content\/uploads\/2023\/05\/WhatsApp-Image-2023-05-12-at-10.10.22.jpeg","datePublished":"2023-05-11T16:25:25+00:00","dateModified":"2023-05-12T10:11:18+00:00","breadcrumb":{"@id":"https:\/\/lequotidien.mr\/?p=8047&lang=fr#breadcrumb"},"inLanguage":"ar","potentialAction":[{"@type":"ReadAction","target":["https:\/\/lequotidien.mr\/?p=8047&lang=fr"]}]},{"@type":"ImageObject","inLanguage":"ar","@id":"https:\/\/lequotidien.mr\/?p=8047&lang=fr#primaryimage","url":"https:\/\/lequotidien.mr\/wp-content\/uploads\/2023\/05\/WhatsApp-Image-2023-05-12-at-10.10.22.jpeg","contentUrl":"https:\/\/lequotidien.mr\/wp-content\/uploads\/2023\/05\/WhatsApp-Image-2023-05-12-at-10.10.22.jpeg","width":1280,"height":960,"caption":"Moussa Samba Sy"},{"@type":"BreadcrumbList","@id":"https:\/\/lequotidien.mr\/?p=8047&lang=fr#breadcrumb","itemListElement":[{"@type":"ListItem","position":1,"name":"Home","item":"https:\/\/lequotidien.mr\/"},{"@type":"ListItem","position":2,"name":"\u00c9ditorial \/ Le Proc\u00e8s de la d\u00e9cennie : Un manque de conviction face \u00e0 des preuves ind\u00e9niables"}]},{"@type":"WebSite","@id":"https:\/\/lequotidien.mr\/#website","url":"https:\/\/lequotidien.mr\/","name":"Le Quotidien de Nouakchott","description":"\u0625\u062e\u0628\u0627\u0631\u064a\u0629 \u0645\u0633\u062a\u0642\u0644\u0629 \u0644\u0644\u0623\u0646\u0628\u0627\u0621 \u0627\u0644\u0639\u0627\u0645\u0629","publisher":{"@id":"https:\/\/lequotidien.mr\/#organization"},"potentialAction":[{"@type":"SearchAction","target":{"@type":"EntryPoint","urlTemplate":"https:\/\/lequotidien.mr\/?s={search_term_string}"},"query-input":{"@type":"PropertyValueSpecification","valueRequired":true,"valueName":"search_term_string"}}],"inLanguage":"ar"},{"@type":"Organization","@id":"https:\/\/lequotidien.mr\/#organization","name":"Le Quotidien de Nouakchott","url":"https:\/\/lequotidien.mr\/","logo":{"@type":"ImageObject","inLanguage":"ar","@id":"https:\/\/lequotidien.mr\/#\/schema\/logo\/image\/","url":"https:\/\/lequotidien.mr\/wp-content\/uploads\/2022\/11\/logolequotidien.jpg","contentUrl":"https:\/\/lequotidien.mr\/wp-content\/uploads\/2022\/11\/logolequotidien.jpg","width":290,"height":65,"caption":"Le Quotidien de Nouakchott"},"image":{"@id":"https:\/\/lequotidien.mr\/#\/schema\/logo\/image\/"},"sameAs":["https:\/\/web.facebook.com\/lequotidienmr","https:\/\/x.com\/lequotidienmr"]},{"@type":"Person","@id":"https:\/\/lequotidien.mr\/#\/schema\/person\/1077c8abd5640a6514b909318d271dee","name":"Gayi Diawara","image":{"@type":"ImageObject","inLanguage":"ar","@id":"https:\/\/secure.gravatar.com\/avatar\/63ea8db1e19a6d2d608b24c0f78b5f3a7d6e0bc11959fec273410af333e4d0ac?s=96&d=mm&r=g","url":"https:\/\/secure.gravatar.com\/avatar\/63ea8db1e19a6d2d608b24c0f78b5f3a7d6e0bc11959fec273410af333e4d0ac?s=96&d=mm&r=g","contentUrl":"https:\/\/secure.gravatar.com\/avatar\/63ea8db1e19a6d2d608b24c0f78b5f3a7d6e0bc11959fec273410af333e4d0ac?s=96&d=mm&r=g","caption":"Gayi Diawara"},"sameAs":["http:\/\/lequotidien.mr"],"url":"https:\/\/lequotidien.mr\/?author=5"}]}},"_links":{"self":[{"href":"https:\/\/lequotidien.mr\/index.php?rest_route=\/wp\/v2\/posts\/8047","targetHints":{"allow":["GET"]}}],"collection":[{"href":"https:\/\/lequotidien.mr\/index.php?rest_route=\/wp\/v2\/posts"}],"about":[{"href":"https:\/\/lequotidien.mr\/index.php?rest_route=\/wp\/v2\/types\/post"}],"author":[{"embeddable":true,"href":"https:\/\/lequotidien.mr\/index.php?rest_route=\/wp\/v2\/users\/5"}],"replies":[{"embeddable":true,"href":"https:\/\/lequotidien.mr\/index.php?rest_route=%2Fwp%2Fv2%2Fcomments&post=8047"}],"version-history":[{"count":1,"href":"https:\/\/lequotidien.mr\/index.php?rest_route=\/wp\/v2\/posts\/8047\/revisions"}],"predecessor-version":[{"id":8049,"href":"https:\/\/lequotidien.mr\/index.php?rest_route=\/wp\/v2\/posts\/8047\/revisions\/8049"}],"wp:featuredmedia":[{"embeddable":true,"href":"https:\/\/lequotidien.mr\/index.php?rest_route=\/wp\/v2\/media\/8050"}],"wp:attachment":[{"href":"https:\/\/lequotidien.mr\/index.php?rest_route=%2Fwp%2Fv2%2Fmedia&parent=8047"}],"wp:term":[{"taxonomy":"category","embeddable":true,"href":"https:\/\/lequotidien.mr\/index.php?rest_route=%2Fwp%2Fv2%2Fcategories&post=8047"},{"taxonomy":"post_tag","embeddable":true,"href":"https:\/\/lequotidien.mr\/index.php?rest_route=%2Fwp%2Fv2%2Ftags&post=8047"}],"curies":[{"name":"wp","href":"https:\/\/api.w.org\/{rel}","templated":true}]}}