{"id":7986,"date":"2023-05-10T10:41:12","date_gmt":"2023-05-10T10:41:12","guid":{"rendered":"https:\/\/lequotidien.mr\/?p=7986"},"modified":"2023-05-10T10:41:12","modified_gmt":"2023-05-10T10:41:12","slug":"probable-constitution-dune-nouvelle-partie-civile-dans-le-dossier-de-la-decennie","status":"publish","type":"post","link":"https:\/\/lequotidien.mr\/?p=7986&lang=fr","title":{"rendered":"Probable constitution d\u2019une nouvelle partie civile dans le \u00ab dossier de la d\u00e9cennie \u00bb"},"content":{"rendered":"<p>Taqadomy &#8211; Une avocate \u00e9trang\u00e8re a comparu aujourd\u2019hui mardi \u00e0 l\u2019audience du proc\u00e8s des pr\u00e9venus du \u00ab dossier de la d\u00e9cennie \u00bb.<\/p>\n<p>Elle a d\u00e9clar\u00e9 \u00eatre mandat\u00e9e par une soci\u00e9t\u00e9 immobili\u00e8re kowe\u00eftienne et veut porter plainte contre l\u2019ancien pr\u00e9sident mauritanien Mohamed Ould Abdel Aziz, devant la justice mauritanienne.<\/p>\n<p>Le pr\u00e9sident du Tribunal anti-corruption, le juge Amar Ould Mohamed Lemine, a dit \u00e0 l\u2019avocate, dont le nom n\u2019a pas \u00e9t\u00e9 divulgu\u00e9, de venir demain, mercredi, munie de tous les documents n\u00e9cessaires, en plus d\u2019un traducteur agr\u00e9\u00e9, pour traduire ses plaidoiries vers l\u2019arabe.<\/p>\n<p>Le Tribunal d\u00e9cidera s\u2019il consent ou pas \u00e0 sa requ\u00eate de constitution de partie civile.<\/p>\n<p>L\u2019avocate, qui semble, selon ses traits, \u00eatre originaire d\u2019un pays d\u2019Asie de l\u2019Est et qui parle parle fran\u00e7ais, a d\u00e9clar\u00e9 avoir \u00e9t\u00e9 mandat\u00e9e par des Kowe\u00eftiens pour intenter une action en justice contre l\u2019ancien pr\u00e9sident, concernant un financement qu\u2019ils avaient fourni en 2006, d\u2019une valeur de 5 millions $, pour mettre en place plusieurs projets, sans plus de d\u00e9tails.<\/p>\n<p>&nbsp;<\/p>\n","protected":false},"excerpt":{"rendered":"<p>Taqadomy &#8211; Une avocate \u00e9trang\u00e8re a comparu aujourd\u2019hui mardi \u00e0 l\u2019audience du proc\u00e8s des pr\u00e9venus du \u00ab dossier de la d\u00e9cennie \u00bb. Elle a d\u00e9clar\u00e9 \u00eatre mandat\u00e9e par une soci\u00e9t\u00e9 immobili\u00e8re kowe\u00eftienne et veut porter plainte contre l\u2019ancien pr\u00e9sident mauritanien Mohamed Ould Abdel Aziz, devant la justice mauritanienne. Le pr\u00e9sident du Tribunal anti-corruption, le juge&#8230;..<\/p>\n","protected":false},"author":3,"featured_media":7987,"comment_status":"open","ping_status":"open","sticky":false,"template":"","format":"standard","meta":{"footnotes":""},"categories":[23,57],"tags":[],"class_list":["post-7986","post","type-post","status-publish","format-standard","has-post-thumbnail","hentry","category-actualite","category-couverture-specilale"],"yoast_head":"<!-- This site is optimized with the Yoast SEO plugin v27.5 - https:\/\/yoast.com\/product\/yoast-seo-wordpress\/ -->\n<title>Probable constitution d\u2019une nouvelle partie civile dans le \u00ab dossier de la d\u00e9cennie \u00bb - Le Quotidien de Nouakchott<\/title>\n<meta name=\"robots\" content=\"index, follow, max-snippet:-1, max-image-preview:large, max-video-preview:-1\" \/>\n<link rel=\"canonical\" href=\"https:\/\/lequotidien.mr\/?p=7986&lang=fr\" \/>\n<meta property=\"og:locale\" content=\"ar_AR\" \/>\n<meta property=\"og:type\" content=\"article\" \/>\n<meta property=\"og:title\" content=\"Probable constitution d\u2019une nouvelle partie civile dans le \u00ab dossier de la d\u00e9cennie \u00bb - Le Quotidien de Nouakchott\" \/>\n<meta property=\"og:description\" content=\"Taqadomy &#8211; Une avocate \u00e9trang\u00e8re a comparu aujourd\u2019hui mardi \u00e0 l\u2019audience du proc\u00e8s des pr\u00e9venus du \u00ab dossier de la d\u00e9cennie \u00bb. Elle a d\u00e9clar\u00e9 \u00eatre mandat\u00e9e par une soci\u00e9t\u00e9 immobili\u00e8re kowe\u00eftienne et veut porter plainte contre l\u2019ancien pr\u00e9sident mauritanien Mohamed Ould Abdel Aziz, devant la justice mauritanienne. Le pr\u00e9sident du Tribunal anti-corruption, le juge.....\" \/>\n<meta property=\"og:url\" content=\"https:\/\/lequotidien.mr\/?p=7986&amp;lang=fr\" \/>\n<meta property=\"og:site_name\" content=\"Le Quotidien de Nouakchott\" \/>\n<meta property=\"article:publisher\" content=\"https:\/\/web.facebook.com\/lequotidienmr\" \/>\n<meta property=\"article:author\" content=\"https:\/\/web.facebook.com\/a.mleiwih\" \/>\n<meta property=\"article:published_time\" content=\"2023-05-10T10:41:12+00:00\" \/>\n<meta property=\"og:image\" content=\"https:\/\/lequotidien.mr\/wp-content\/uploads\/2023\/05\/aziz_cy10_cw92_w1023_r1_s.jpg\" \/>\n\t<meta property=\"og:image:width\" content=\"1023\" \/>\n\t<meta property=\"og:image:height\" content=\"575\" \/>\n\t<meta property=\"og:image:type\" content=\"image\/jpeg\" \/>\n<meta name=\"author\" content=\"Alioun M&#039;leiwih\" \/>\n<meta name=\"twitter:card\" content=\"summary_large_image\" \/>\n<meta name=\"twitter:creator\" content=\"@lequotidienmr\" \/>\n<meta name=\"twitter:site\" content=\"@lequotidienmr\" \/>\n<meta name=\"twitter:label1\" content=\"\u0643\u064f\u062a\u0628 \u0628\u0648\u0627\u0633\u0637\u0629\" \/>\n\t<meta name=\"twitter:data1\" content=\"Alioun M&#039;leiwih\" \/>\n\t<meta name=\"twitter:label2\" content=\"\u0648\u0642\u062a \u0627\u0644\u0642\u0631\u0627\u0621\u0629 \u0627\u0644\u0645\u064f\u0642\u062f\u0651\u0631\" \/>\n\t<meta name=\"twitter:data2\" content=\"\u062f\u0642\u064a\u0642\u0629 \u0648\u0627\u062d\u062f\u0629\" \/>\n<script type=\"application\/ld+json\" class=\"yoast-schema-graph\">{\"@context\":\"https:\\\/\\\/schema.org\",\"@graph\":[{\"@type\":\"Article\",\"@id\":\"https:\\\/\\\/lequotidien.mr\\\/?p=7986&lang=fr#article\",\"isPartOf\":{\"@id\":\"https:\\\/\\\/lequotidien.mr\\\/?p=7986&lang=fr\"},\"author\":{\"name\":\"Alioun M'leiwih\",\"@id\":\"https:\\\/\\\/lequotidien.mr\\\/#\\\/schema\\\/person\\\/69d1518c74c9137087929a20b1272cb0\"},\"headline\":\"Probable constitution d\u2019une nouvelle partie civile dans le \u00ab dossier de la d\u00e9cennie \u00bb\",\"datePublished\":\"2023-05-10T10:41:12+00:00\",\"mainEntityOfPage\":{\"@id\":\"https:\\\/\\\/lequotidien.mr\\\/?p=7986&lang=fr\"},\"wordCount\":207,\"commentCount\":0,\"publisher\":{\"@id\":\"https:\\\/\\\/lequotidien.mr\\\/#organization\"},\"image\":{\"@id\":\"https:\\\/\\\/lequotidien.mr\\\/?p=7986&lang=fr#primaryimage\"},\"thumbnailUrl\":\"https:\\\/\\\/lequotidien.mr\\\/wp-content\\\/uploads\\\/2023\\\/05\\\/aziz_cy10_cw92_w1023_r1_s.jpg\",\"articleSection\":[\"ACTUALIT\u00c9\",\"Couverture sp\u00e9cilale\"],\"inLanguage\":\"ar\",\"potentialAction\":[{\"@type\":\"CommentAction\",\"name\":\"Comment\",\"target\":[\"https:\\\/\\\/lequotidien.mr\\\/?p=7986&lang=fr#respond\"]}]},{\"@type\":\"WebPage\",\"@id\":\"https:\\\/\\\/lequotidien.mr\\\/?p=7986&lang=fr\",\"url\":\"https:\\\/\\\/lequotidien.mr\\\/?p=7986&lang=fr\",\"name\":\"Probable constitution d\u2019une nouvelle partie civile dans le \u00ab dossier de la d\u00e9cennie \u00bb - Le Quotidien de Nouakchott\",\"isPartOf\":{\"@id\":\"https:\\\/\\\/lequotidien.mr\\\/#website\"},\"primaryImageOfPage\":{\"@id\":\"https:\\\/\\\/lequotidien.mr\\\/?p=7986&lang=fr#primaryimage\"},\"image\":{\"@id\":\"https:\\\/\\\/lequotidien.mr\\\/?p=7986&lang=fr#primaryimage\"},\"thumbnailUrl\":\"https:\\\/\\\/lequotidien.mr\\\/wp-content\\\/uploads\\\/2023\\\/05\\\/aziz_cy10_cw92_w1023_r1_s.jpg\",\"datePublished\":\"2023-05-10T10:41:12+00:00\",\"breadcrumb\":{\"@id\":\"https:\\\/\\\/lequotidien.mr\\\/?p=7986&lang=fr#breadcrumb\"},\"inLanguage\":\"ar\",\"potentialAction\":[{\"@type\":\"ReadAction\",\"target\":[\"https:\\\/\\\/lequotidien.mr\\\/?p=7986&lang=fr\"]}]},{\"@type\":\"ImageObject\",\"inLanguage\":\"ar\",\"@id\":\"https:\\\/\\\/lequotidien.mr\\\/?p=7986&lang=fr#primaryimage\",\"url\":\"https:\\\/\\\/lequotidien.mr\\\/wp-content\\\/uploads\\\/2023\\\/05\\\/aziz_cy10_cw92_w1023_r1_s.jpg\",\"contentUrl\":\"https:\\\/\\\/lequotidien.mr\\\/wp-content\\\/uploads\\\/2023\\\/05\\\/aziz_cy10_cw92_w1023_r1_s.jpg\",\"width\":1023,\"height\":575,\"caption\":\"l\u2019ancien pr\u00e9sident mauritanien Mohamed Ould Abdel Aziz\"},{\"@type\":\"BreadcrumbList\",\"@id\":\"https:\\\/\\\/lequotidien.mr\\\/?p=7986&lang=fr#breadcrumb\",\"itemListElement\":[{\"@type\":\"ListItem\",\"position\":1,\"name\":\"Home\",\"item\":\"https:\\\/\\\/lequotidien.mr\\\/\"},{\"@type\":\"ListItem\",\"position\":2,\"name\":\"Probable constitution d\u2019une nouvelle partie civile dans le \u00ab dossier de la d\u00e9cennie \u00bb\"}]},{\"@type\":\"WebSite\",\"@id\":\"https:\\\/\\\/lequotidien.mr\\\/#website\",\"url\":\"https:\\\/\\\/lequotidien.mr\\\/\",\"name\":\"Le Quotidien de Nouakchott\",\"description\":\"\u0625\u062e\u0628\u0627\u0631\u064a\u0629 \u0645\u0633\u062a\u0642\u0644\u0629 \u0644\u0644\u0623\u0646\u0628\u0627\u0621 \u0627\u0644\u0639\u0627\u0645\u0629\",\"publisher\":{\"@id\":\"https:\\\/\\\/lequotidien.mr\\\/#organization\"},\"potentialAction\":[{\"@type\":\"SearchAction\",\"target\":{\"@type\":\"EntryPoint\",\"urlTemplate\":\"https:\\\/\\\/lequotidien.mr\\\/?s={search_term_string}\"},\"query-input\":{\"@type\":\"PropertyValueSpecification\",\"valueRequired\":true,\"valueName\":\"search_term_string\"}}],\"inLanguage\":\"ar\"},{\"@type\":\"Organization\",\"@id\":\"https:\\\/\\\/lequotidien.mr\\\/#organization\",\"name\":\"Le Quotidien de Nouakchott\",\"url\":\"https:\\\/\\\/lequotidien.mr\\\/\",\"logo\":{\"@type\":\"ImageObject\",\"inLanguage\":\"ar\",\"@id\":\"https:\\\/\\\/lequotidien.mr\\\/#\\\/schema\\\/logo\\\/image\\\/\",\"url\":\"https:\\\/\\\/lequotidien.mr\\\/wp-content\\\/uploads\\\/2022\\\/11\\\/logolequotidien.jpg\",\"contentUrl\":\"https:\\\/\\\/lequotidien.mr\\\/wp-content\\\/uploads\\\/2022\\\/11\\\/logolequotidien.jpg\",\"width\":290,\"height\":65,\"caption\":\"Le Quotidien de Nouakchott\"},\"image\":{\"@id\":\"https:\\\/\\\/lequotidien.mr\\\/#\\\/schema\\\/logo\\\/image\\\/\"},\"sameAs\":[\"https:\\\/\\\/web.facebook.com\\\/lequotidienmr\",\"https:\\\/\\\/x.com\\\/lequotidienmr\"]},{\"@type\":\"Person\",\"@id\":\"https:\\\/\\\/lequotidien.mr\\\/#\\\/schema\\\/person\\\/69d1518c74c9137087929a20b1272cb0\",\"name\":\"Alioun M'leiwih\",\"image\":{\"@type\":\"ImageObject\",\"inLanguage\":\"ar\",\"@id\":\"https:\\\/\\\/secure.gravatar.com\\\/avatar\\\/01f9d357222d7d4ca8f71662f4b081718f06d25b11fc45662ecca0622d507e51?s=96&d=mm&r=g\",\"url\":\"https:\\\/\\\/secure.gravatar.com\\\/avatar\\\/01f9d357222d7d4ca8f71662f4b081718f06d25b11fc45662ecca0622d507e51?s=96&d=mm&r=g\",\"contentUrl\":\"https:\\\/\\\/secure.gravatar.com\\\/avatar\\\/01f9d357222d7d4ca8f71662f4b081718f06d25b11fc45662ecca0622d507e51?s=96&d=mm&r=g\",\"caption\":\"Alioun M'leiwih\"},\"sameAs\":[\"https:\\\/\\\/lequotidien.mr\\\/\",\"https:\\\/\\\/web.facebook.com\\\/a.mleiwih\",\"https:\\\/\\\/www.linkedin.com\\\/in\\\/alimlewih\\\/\"],\"url\":\"https:\\\/\\\/lequotidien.mr\\\/?author=3\"}]}<\/script>\n<!-- \/ Yoast SEO plugin. -->","yoast_head_json":{"title":"Probable constitution d\u2019une nouvelle partie civile dans le \u00ab dossier de la d\u00e9cennie \u00bb - Le Quotidien de Nouakchott","robots":{"index":"index","follow":"follow","max-snippet":"max-snippet:-1","max-image-preview":"max-image-preview:large","max-video-preview":"max-video-preview:-1"},"canonical":"https:\/\/lequotidien.mr\/?p=7986&lang=fr","og_locale":"ar_AR","og_type":"article","og_title":"Probable constitution d\u2019une nouvelle partie civile dans le \u00ab dossier de la d\u00e9cennie \u00bb - Le Quotidien de Nouakchott","og_description":"Taqadomy &#8211; Une avocate \u00e9trang\u00e8re a comparu aujourd\u2019hui mardi \u00e0 l\u2019audience du proc\u00e8s des pr\u00e9venus du \u00ab dossier de la d\u00e9cennie \u00bb. Elle a d\u00e9clar\u00e9 \u00eatre mandat\u00e9e par une soci\u00e9t\u00e9 immobili\u00e8re kowe\u00eftienne et veut porter plainte contre l\u2019ancien pr\u00e9sident mauritanien Mohamed Ould Abdel Aziz, devant la justice mauritanienne. Le pr\u00e9sident du Tribunal anti-corruption, le juge.....","og_url":"https:\/\/lequotidien.mr\/?p=7986&lang=fr","og_site_name":"Le Quotidien de Nouakchott","article_publisher":"https:\/\/web.facebook.com\/lequotidienmr","article_author":"https:\/\/web.facebook.com\/a.mleiwih","article_published_time":"2023-05-10T10:41:12+00:00","og_image":[{"width":1023,"height":575,"url":"https:\/\/lequotidien.mr\/wp-content\/uploads\/2023\/05\/aziz_cy10_cw92_w1023_r1_s.jpg","type":"image\/jpeg"}],"author":"Alioun M'leiwih","twitter_card":"summary_large_image","twitter_creator":"@lequotidienmr","twitter_site":"@lequotidienmr","twitter_misc":{"\u0643\u064f\u062a\u0628 \u0628\u0648\u0627\u0633\u0637\u0629":"Alioun M'leiwih","\u0648\u0642\u062a \u0627\u0644\u0642\u0631\u0627\u0621\u0629 \u0627\u0644\u0645\u064f\u0642\u062f\u0651\u0631":"\u062f\u0642\u064a\u0642\u0629 \u0648\u0627\u062d\u062f\u0629"},"schema":{"@context":"https:\/\/schema.org","@graph":[{"@type":"Article","@id":"https:\/\/lequotidien.mr\/?p=7986&lang=fr#article","isPartOf":{"@id":"https:\/\/lequotidien.mr\/?p=7986&lang=fr"},"author":{"name":"Alioun M'leiwih","@id":"https:\/\/lequotidien.mr\/#\/schema\/person\/69d1518c74c9137087929a20b1272cb0"},"headline":"Probable constitution d\u2019une nouvelle partie civile dans le \u00ab dossier de la d\u00e9cennie \u00bb","datePublished":"2023-05-10T10:41:12+00:00","mainEntityOfPage":{"@id":"https:\/\/lequotidien.mr\/?p=7986&lang=fr"},"wordCount":207,"commentCount":0,"publisher":{"@id":"https:\/\/lequotidien.mr\/#organization"},"image":{"@id":"https:\/\/lequotidien.mr\/?p=7986&lang=fr#primaryimage"},"thumbnailUrl":"https:\/\/lequotidien.mr\/wp-content\/uploads\/2023\/05\/aziz_cy10_cw92_w1023_r1_s.jpg","articleSection":["ACTUALIT\u00c9","Couverture sp\u00e9cilale"],"inLanguage":"ar","potentialAction":[{"@type":"CommentAction","name":"Comment","target":["https:\/\/lequotidien.mr\/?p=7986&lang=fr#respond"]}]},{"@type":"WebPage","@id":"https:\/\/lequotidien.mr\/?p=7986&lang=fr","url":"https:\/\/lequotidien.mr\/?p=7986&lang=fr","name":"Probable constitution d\u2019une nouvelle partie civile dans le \u00ab dossier de la d\u00e9cennie \u00bb - Le Quotidien de Nouakchott","isPartOf":{"@id":"https:\/\/lequotidien.mr\/#website"},"primaryImageOfPage":{"@id":"https:\/\/lequotidien.mr\/?p=7986&lang=fr#primaryimage"},"image":{"@id":"https:\/\/lequotidien.mr\/?p=7986&lang=fr#primaryimage"},"thumbnailUrl":"https:\/\/lequotidien.mr\/wp-content\/uploads\/2023\/05\/aziz_cy10_cw92_w1023_r1_s.jpg","datePublished":"2023-05-10T10:41:12+00:00","breadcrumb":{"@id":"https:\/\/lequotidien.mr\/?p=7986&lang=fr#breadcrumb"},"inLanguage":"ar","potentialAction":[{"@type":"ReadAction","target":["https:\/\/lequotidien.mr\/?p=7986&lang=fr"]}]},{"@type":"ImageObject","inLanguage":"ar","@id":"https:\/\/lequotidien.mr\/?p=7986&lang=fr#primaryimage","url":"https:\/\/lequotidien.mr\/wp-content\/uploads\/2023\/05\/aziz_cy10_cw92_w1023_r1_s.jpg","contentUrl":"https:\/\/lequotidien.mr\/wp-content\/uploads\/2023\/05\/aziz_cy10_cw92_w1023_r1_s.jpg","width":1023,"height":575,"caption":"l\u2019ancien pr\u00e9sident mauritanien Mohamed Ould Abdel Aziz"},{"@type":"BreadcrumbList","@id":"https:\/\/lequotidien.mr\/?p=7986&lang=fr#breadcrumb","itemListElement":[{"@type":"ListItem","position":1,"name":"Home","item":"https:\/\/lequotidien.mr\/"},{"@type":"ListItem","position":2,"name":"Probable constitution d\u2019une nouvelle partie civile dans le \u00ab dossier de la d\u00e9cennie \u00bb"}]},{"@type":"WebSite","@id":"https:\/\/lequotidien.mr\/#website","url":"https:\/\/lequotidien.mr\/","name":"Le Quotidien de Nouakchott","description":"\u0625\u062e\u0628\u0627\u0631\u064a\u0629 \u0645\u0633\u062a\u0642\u0644\u0629 \u0644\u0644\u0623\u0646\u0628\u0627\u0621 \u0627\u0644\u0639\u0627\u0645\u0629","publisher":{"@id":"https:\/\/lequotidien.mr\/#organization"},"potentialAction":[{"@type":"SearchAction","target":{"@type":"EntryPoint","urlTemplate":"https:\/\/lequotidien.mr\/?s={search_term_string}"},"query-input":{"@type":"PropertyValueSpecification","valueRequired":true,"valueName":"search_term_string"}}],"inLanguage":"ar"},{"@type":"Organization","@id":"https:\/\/lequotidien.mr\/#organization","name":"Le Quotidien de Nouakchott","url":"https:\/\/lequotidien.mr\/","logo":{"@type":"ImageObject","inLanguage":"ar","@id":"https:\/\/lequotidien.mr\/#\/schema\/logo\/image\/","url":"https:\/\/lequotidien.mr\/wp-content\/uploads\/2022\/11\/logolequotidien.jpg","contentUrl":"https:\/\/lequotidien.mr\/wp-content\/uploads\/2022\/11\/logolequotidien.jpg","width":290,"height":65,"caption":"Le Quotidien de Nouakchott"},"image":{"@id":"https:\/\/lequotidien.mr\/#\/schema\/logo\/image\/"},"sameAs":["https:\/\/web.facebook.com\/lequotidienmr","https:\/\/x.com\/lequotidienmr"]},{"@type":"Person","@id":"https:\/\/lequotidien.mr\/#\/schema\/person\/69d1518c74c9137087929a20b1272cb0","name":"Alioun M'leiwih","image":{"@type":"ImageObject","inLanguage":"ar","@id":"https:\/\/secure.gravatar.com\/avatar\/01f9d357222d7d4ca8f71662f4b081718f06d25b11fc45662ecca0622d507e51?s=96&d=mm&r=g","url":"https:\/\/secure.gravatar.com\/avatar\/01f9d357222d7d4ca8f71662f4b081718f06d25b11fc45662ecca0622d507e51?s=96&d=mm&r=g","contentUrl":"https:\/\/secure.gravatar.com\/avatar\/01f9d357222d7d4ca8f71662f4b081718f06d25b11fc45662ecca0622d507e51?s=96&d=mm&r=g","caption":"Alioun M'leiwih"},"sameAs":["https:\/\/lequotidien.mr\/","https:\/\/web.facebook.com\/a.mleiwih","https:\/\/www.linkedin.com\/in\/alimlewih\/"],"url":"https:\/\/lequotidien.mr\/?author=3"}]}},"_links":{"self":[{"href":"https:\/\/lequotidien.mr\/index.php?rest_route=\/wp\/v2\/posts\/7986","targetHints":{"allow":["GET"]}}],"collection":[{"href":"https:\/\/lequotidien.mr\/index.php?rest_route=\/wp\/v2\/posts"}],"about":[{"href":"https:\/\/lequotidien.mr\/index.php?rest_route=\/wp\/v2\/types\/post"}],"author":[{"embeddable":true,"href":"https:\/\/lequotidien.mr\/index.php?rest_route=\/wp\/v2\/users\/3"}],"replies":[{"embeddable":true,"href":"https:\/\/lequotidien.mr\/index.php?rest_route=%2Fwp%2Fv2%2Fcomments&post=7986"}],"version-history":[{"count":1,"href":"https:\/\/lequotidien.mr\/index.php?rest_route=\/wp\/v2\/posts\/7986\/revisions"}],"predecessor-version":[{"id":7988,"href":"https:\/\/lequotidien.mr\/index.php?rest_route=\/wp\/v2\/posts\/7986\/revisions\/7988"}],"wp:featuredmedia":[{"embeddable":true,"href":"https:\/\/lequotidien.mr\/index.php?rest_route=\/wp\/v2\/media\/7987"}],"wp:attachment":[{"href":"https:\/\/lequotidien.mr\/index.php?rest_route=%2Fwp%2Fv2%2Fmedia&parent=7986"}],"wp:term":[{"taxonomy":"category","embeddable":true,"href":"https:\/\/lequotidien.mr\/index.php?rest_route=%2Fwp%2Fv2%2Fcategories&post=7986"},{"taxonomy":"post_tag","embeddable":true,"href":"https:\/\/lequotidien.mr\/index.php?rest_route=%2Fwp%2Fv2%2Ftags&post=7986"}],"curies":[{"name":"wp","href":"https:\/\/api.w.org\/{rel}","templated":true}]}}