{"id":7977,"date":"2023-05-10T10:33:09","date_gmt":"2023-05-10T10:33:09","guid":{"rendered":"https:\/\/lequotidien.mr\/?p=7977"},"modified":"2023-05-10T10:33:09","modified_gmt":"2023-05-10T10:33:09","slug":"la-mauritanie-et-les-emirats-arabes-unis-signent-un-memorandum-dentente-sur-la-securite-civile","status":"publish","type":"post","link":"https:\/\/lequotidien.mr\/?p=7977&lang=fr","title":{"rendered":"La Mauritanie et les \u00c9mirats arabes unis signent un m\u00e9morandum d\u2019entente sur la s\u00e9curit\u00e9 civile"},"content":{"rendered":"<p>La d\u00e9l\u00e9gation g\u00e9n\u00e9rale de la s\u00e9curit\u00e9 civile et de la gestion des catastrophes mauritanienne et la direction g\u00e9n\u00e9rale de la structure nationale de la direction des catastrophes et des crises des \u00c9mirats arabes unis ont sign\u00e9, mardi \u00e0 Abu Dhabi, un m\u00e9morandum d\u2019entente sur la s\u00e9curit\u00e9 civile, en marge des travaux du Sommet d\u2019Abu Dhabi sur la gestion des urgences et des crises 2023.<\/p>\n<p>Le m\u00e9morandum a \u00e9t\u00e9 sign\u00e9 le g\u00e9n\u00e9ral Khatar Ould Mohamed M\u2019barek, d\u00e9l\u00e9gu\u00e9 g\u00e9n\u00e9ral de la s\u00e9curit\u00e9 civile et de la gestion des catastrophes de Mauritanie et M. Rached Neyadi, directeur g\u00e9n\u00e9ral de la structure nationale et de la direction des catastrophes et des crises des \u00c9mirats arabes unis.<\/p>\n<p>Ce m\u00e9morandum contribuera de mani\u00e8re significative au renforcement de la coop\u00e9ration entre les deux pays dans tous les domaines concern\u00e9s par la s\u00e9curit\u00e9 civile et \u00e0 la gestion des crises.<\/p>\n<p>Sous le th\u00e8me \u201cAbu Dhabi 2023\u201d, ce sommet, de deux jours, r\u00e9unit d\u2019\u00e9minents experts et responsables d\u2019entit\u00e9s nationales, r\u00e9gionales et mondiales concern\u00e9es par la gestion des urgences et des crises pour discuter des d\u00e9fis importants auxquels le terrain est confront\u00e9, adopter les tendances mondiales et appliquer les normes et pratiques internationales.<\/p>\n<p>L\u2019ordre du jour principal du sommet comprend des discussions sur la gestion non traditionnelle des urgences et des crises, la pr\u00e9paration aux crises inattendues, la pr\u00e9paration de la prochaine g\u00e9n\u00e9ration de dirigeants, la mondialisation de la pr\u00e9paration et de la r\u00e9ponse, et le partenariat communautaire dans la gestion des urgences et des crises. Au cours de six sessions, des sous-th\u00e8mes tels que la pr\u00e9vision de l\u2019avenir des urgences et des crises, les changements de comportement et leur impact sur la pr\u00e9paration de la communaut\u00e9, et la culture du volontariat pendant les urgences seront discut\u00e9s.<\/p>\n<p>La rencontre vise la cr\u00e9ation d\u2019une plate-forme mondiale pour renforcer les partenariats et la coop\u00e9ration internationale, partager les exp\u00e9riences en mati\u00e8re de gestion des urgences, des crises et des catastrophes, et discuter des d\u00e9fis et tendances mondiaux critiques, la consolidation de la r\u00e9silience en mettant en \u00e9vidence les meilleures pratiques mondiales en mati\u00e8re de gestion des urgences, des crises et des catastrophes et la pr\u00e9voyance et l\u2019\u00e9valuation des risques futurs possibles.<\/p>\n<p>Il permet \u00e9galement de passer en revue les d\u00e9veloppements possibles pour renforcer la pr\u00e9paration et la r\u00e9ponse mondiales aux crises et urgences transfrontali\u00e8res gr\u00e2ce \u00e0 une approche de coop\u00e9ration internationale synchronis\u00e9e et coordonn\u00e9e.<\/p>\n","protected":false},"excerpt":{"rendered":"<p>La d\u00e9l\u00e9gation g\u00e9n\u00e9rale de la s\u00e9curit\u00e9 civile et de la gestion des catastrophes mauritanienne et la direction g\u00e9n\u00e9rale de la structure nationale de la direction des catastrophes et des crises des \u00c9mirats arabes unis ont sign\u00e9, mardi \u00e0 Abu Dhabi, un m\u00e9morandum d\u2019entente sur la s\u00e9curit\u00e9 civile, en marge des travaux du Sommet d\u2019Abu Dhabi&#8230;..<\/p>\n","protected":false},"author":3,"featured_media":7978,"comment_status":"open","ping_status":"open","sticky":false,"template":"","format":"standard","meta":{"footnotes":""},"categories":[23,55],"tags":[],"class_list":["post-7977","post","type-post","status-publish","format-standard","has-post-thumbnail","hentry","category-actualite","category-culture"],"yoast_head":"<!-- This site is optimized with the Yoast SEO plugin v27.5 - https:\/\/yoast.com\/product\/yoast-seo-wordpress\/ -->\n<title>La Mauritanie et les \u00c9mirats arabes unis signent un m\u00e9morandum d\u2019entente sur la s\u00e9curit\u00e9 civile - Le Quotidien de Nouakchott<\/title>\n<meta name=\"robots\" content=\"index, follow, max-snippet:-1, max-image-preview:large, max-video-preview:-1\" \/>\n<link rel=\"canonical\" href=\"https:\/\/lequotidien.mr\/?p=7977&lang=fr\" \/>\n<meta property=\"og:locale\" content=\"ar_AR\" \/>\n<meta property=\"og:type\" content=\"article\" \/>\n<meta property=\"og:title\" content=\"La Mauritanie et les \u00c9mirats arabes unis signent un m\u00e9morandum d\u2019entente sur la s\u00e9curit\u00e9 civile - Le Quotidien de Nouakchott\" \/>\n<meta property=\"og:description\" content=\"La d\u00e9l\u00e9gation g\u00e9n\u00e9rale de la s\u00e9curit\u00e9 civile et de la gestion des catastrophes mauritanienne et la direction g\u00e9n\u00e9rale de la structure nationale de la direction des catastrophes et des crises des \u00c9mirats arabes unis ont sign\u00e9, mardi \u00e0 Abu Dhabi, un m\u00e9morandum d\u2019entente sur la s\u00e9curit\u00e9 civile, en marge des travaux du Sommet d\u2019Abu Dhabi.....\" \/>\n<meta property=\"og:url\" content=\"https:\/\/lequotidien.mr\/?p=7977&amp;lang=fr\" \/>\n<meta property=\"og:site_name\" content=\"Le Quotidien de Nouakchott\" \/>\n<meta property=\"article:publisher\" content=\"https:\/\/web.facebook.com\/lequotidienmr\" \/>\n<meta property=\"article:author\" content=\"https:\/\/web.facebook.com\/a.mleiwih\" \/>\n<meta property=\"article:published_time\" content=\"2023-05-10T10:33:09+00:00\" \/>\n<meta property=\"og:image\" content=\"https:\/\/lequotidien.mr\/wp-content\/uploads\/2023\/05\/secu_civile_0006_750x430.jpg\" \/>\n\t<meta property=\"og:image:width\" content=\"570\" \/>\n\t<meta property=\"og:image:height\" content=\"430\" \/>\n\t<meta property=\"og:image:type\" content=\"image\/jpeg\" \/>\n<meta name=\"author\" content=\"Alioun M&#039;leiwih\" \/>\n<meta name=\"twitter:card\" content=\"summary_large_image\" \/>\n<meta name=\"twitter:creator\" content=\"@lequotidienmr\" \/>\n<meta name=\"twitter:site\" content=\"@lequotidienmr\" \/>\n<meta name=\"twitter:label1\" content=\"\u0643\u064f\u062a\u0628 \u0628\u0648\u0627\u0633\u0637\u0629\" \/>\n\t<meta name=\"twitter:data1\" content=\"Alioun M&#039;leiwih\" \/>\n\t<meta name=\"twitter:label2\" content=\"\u0648\u0642\u062a \u0627\u0644\u0642\u0631\u0627\u0621\u0629 \u0627\u0644\u0645\u064f\u0642\u062f\u0651\u0631\" \/>\n\t<meta name=\"twitter:data2\" content=\"\u062f\u0642\u064a\u0642\u062a\u0627\u0646\" \/>\n<script type=\"application\/ld+json\" class=\"yoast-schema-graph\">{\"@context\":\"https:\\\/\\\/schema.org\",\"@graph\":[{\"@type\":\"Article\",\"@id\":\"https:\\\/\\\/lequotidien.mr\\\/?p=7977&lang=fr#article\",\"isPartOf\":{\"@id\":\"https:\\\/\\\/lequotidien.mr\\\/?p=7977&lang=fr\"},\"author\":{\"name\":\"Alioun M'leiwih\",\"@id\":\"https:\\\/\\\/lequotidien.mr\\\/#\\\/schema\\\/person\\\/69d1518c74c9137087929a20b1272cb0\"},\"headline\":\"La Mauritanie et les \u00c9mirats arabes unis signent un m\u00e9morandum d\u2019entente sur la s\u00e9curit\u00e9 civile\",\"datePublished\":\"2023-05-10T10:33:09+00:00\",\"mainEntityOfPage\":{\"@id\":\"https:\\\/\\\/lequotidien.mr\\\/?p=7977&lang=fr\"},\"wordCount\":469,\"commentCount\":0,\"publisher\":{\"@id\":\"https:\\\/\\\/lequotidien.mr\\\/#organization\"},\"image\":{\"@id\":\"https:\\\/\\\/lequotidien.mr\\\/?p=7977&lang=fr#primaryimage\"},\"thumbnailUrl\":\"https:\\\/\\\/lequotidien.mr\\\/wp-content\\\/uploads\\\/2023\\\/05\\\/secu_civile_0006_750x430.jpg\",\"articleSection\":[\"ACTUALIT\u00c9\",\"Culture\"],\"inLanguage\":\"ar\",\"potentialAction\":[{\"@type\":\"CommentAction\",\"name\":\"Comment\",\"target\":[\"https:\\\/\\\/lequotidien.mr\\\/?p=7977&lang=fr#respond\"]}]},{\"@type\":\"WebPage\",\"@id\":\"https:\\\/\\\/lequotidien.mr\\\/?p=7977&lang=fr\",\"url\":\"https:\\\/\\\/lequotidien.mr\\\/?p=7977&lang=fr\",\"name\":\"La Mauritanie et les \u00c9mirats arabes unis signent un m\u00e9morandum d\u2019entente sur la s\u00e9curit\u00e9 civile - Le Quotidien de Nouakchott\",\"isPartOf\":{\"@id\":\"https:\\\/\\\/lequotidien.mr\\\/#website\"},\"primaryImageOfPage\":{\"@id\":\"https:\\\/\\\/lequotidien.mr\\\/?p=7977&lang=fr#primaryimage\"},\"image\":{\"@id\":\"https:\\\/\\\/lequotidien.mr\\\/?p=7977&lang=fr#primaryimage\"},\"thumbnailUrl\":\"https:\\\/\\\/lequotidien.mr\\\/wp-content\\\/uploads\\\/2023\\\/05\\\/secu_civile_0006_750x430.jpg\",\"datePublished\":\"2023-05-10T10:33:09+00:00\",\"breadcrumb\":{\"@id\":\"https:\\\/\\\/lequotidien.mr\\\/?p=7977&lang=fr#breadcrumb\"},\"inLanguage\":\"ar\",\"potentialAction\":[{\"@type\":\"ReadAction\",\"target\":[\"https:\\\/\\\/lequotidien.mr\\\/?p=7977&lang=fr\"]}]},{\"@type\":\"ImageObject\",\"inLanguage\":\"ar\",\"@id\":\"https:\\\/\\\/lequotidien.mr\\\/?p=7977&lang=fr#primaryimage\",\"url\":\"https:\\\/\\\/lequotidien.mr\\\/wp-content\\\/uploads\\\/2023\\\/05\\\/secu_civile_0006_750x430.jpg\",\"contentUrl\":\"https:\\\/\\\/lequotidien.mr\\\/wp-content\\\/uploads\\\/2023\\\/05\\\/secu_civile_0006_750x430.jpg\",\"width\":570,\"height\":430},{\"@type\":\"BreadcrumbList\",\"@id\":\"https:\\\/\\\/lequotidien.mr\\\/?p=7977&lang=fr#breadcrumb\",\"itemListElement\":[{\"@type\":\"ListItem\",\"position\":1,\"name\":\"Home\",\"item\":\"https:\\\/\\\/lequotidien.mr\\\/\"},{\"@type\":\"ListItem\",\"position\":2,\"name\":\"La Mauritanie et les \u00c9mirats arabes unis signent un m\u00e9morandum d\u2019entente sur la s\u00e9curit\u00e9 civile\"}]},{\"@type\":\"WebSite\",\"@id\":\"https:\\\/\\\/lequotidien.mr\\\/#website\",\"url\":\"https:\\\/\\\/lequotidien.mr\\\/\",\"name\":\"Le Quotidien de Nouakchott\",\"description\":\"\u0625\u062e\u0628\u0627\u0631\u064a\u0629 \u0645\u0633\u062a\u0642\u0644\u0629 \u0644\u0644\u0623\u0646\u0628\u0627\u0621 \u0627\u0644\u0639\u0627\u0645\u0629\",\"publisher\":{\"@id\":\"https:\\\/\\\/lequotidien.mr\\\/#organization\"},\"potentialAction\":[{\"@type\":\"SearchAction\",\"target\":{\"@type\":\"EntryPoint\",\"urlTemplate\":\"https:\\\/\\\/lequotidien.mr\\\/?s={search_term_string}\"},\"query-input\":{\"@type\":\"PropertyValueSpecification\",\"valueRequired\":true,\"valueName\":\"search_term_string\"}}],\"inLanguage\":\"ar\"},{\"@type\":\"Organization\",\"@id\":\"https:\\\/\\\/lequotidien.mr\\\/#organization\",\"name\":\"Le Quotidien de Nouakchott\",\"url\":\"https:\\\/\\\/lequotidien.mr\\\/\",\"logo\":{\"@type\":\"ImageObject\",\"inLanguage\":\"ar\",\"@id\":\"https:\\\/\\\/lequotidien.mr\\\/#\\\/schema\\\/logo\\\/image\\\/\",\"url\":\"https:\\\/\\\/lequotidien.mr\\\/wp-content\\\/uploads\\\/2022\\\/11\\\/logolequotidien.jpg\",\"contentUrl\":\"https:\\\/\\\/lequotidien.mr\\\/wp-content\\\/uploads\\\/2022\\\/11\\\/logolequotidien.jpg\",\"width\":290,\"height\":65,\"caption\":\"Le Quotidien de Nouakchott\"},\"image\":{\"@id\":\"https:\\\/\\\/lequotidien.mr\\\/#\\\/schema\\\/logo\\\/image\\\/\"},\"sameAs\":[\"https:\\\/\\\/web.facebook.com\\\/lequotidienmr\",\"https:\\\/\\\/x.com\\\/lequotidienmr\"]},{\"@type\":\"Person\",\"@id\":\"https:\\\/\\\/lequotidien.mr\\\/#\\\/schema\\\/person\\\/69d1518c74c9137087929a20b1272cb0\",\"name\":\"Alioun M'leiwih\",\"image\":{\"@type\":\"ImageObject\",\"inLanguage\":\"ar\",\"@id\":\"https:\\\/\\\/secure.gravatar.com\\\/avatar\\\/01f9d357222d7d4ca8f71662f4b081718f06d25b11fc45662ecca0622d507e51?s=96&d=mm&r=g\",\"url\":\"https:\\\/\\\/secure.gravatar.com\\\/avatar\\\/01f9d357222d7d4ca8f71662f4b081718f06d25b11fc45662ecca0622d507e51?s=96&d=mm&r=g\",\"contentUrl\":\"https:\\\/\\\/secure.gravatar.com\\\/avatar\\\/01f9d357222d7d4ca8f71662f4b081718f06d25b11fc45662ecca0622d507e51?s=96&d=mm&r=g\",\"caption\":\"Alioun M'leiwih\"},\"sameAs\":[\"https:\\\/\\\/lequotidien.mr\\\/\",\"https:\\\/\\\/web.facebook.com\\\/a.mleiwih\",\"https:\\\/\\\/www.linkedin.com\\\/in\\\/alimlewih\\\/\"],\"url\":\"https:\\\/\\\/lequotidien.mr\\\/?author=3\"}]}<\/script>\n<!-- \/ Yoast SEO plugin. -->","yoast_head_json":{"title":"La Mauritanie et les \u00c9mirats arabes unis signent un m\u00e9morandum d\u2019entente sur la s\u00e9curit\u00e9 civile - Le Quotidien de Nouakchott","robots":{"index":"index","follow":"follow","max-snippet":"max-snippet:-1","max-image-preview":"max-image-preview:large","max-video-preview":"max-video-preview:-1"},"canonical":"https:\/\/lequotidien.mr\/?p=7977&lang=fr","og_locale":"ar_AR","og_type":"article","og_title":"La Mauritanie et les \u00c9mirats arabes unis signent un m\u00e9morandum d\u2019entente sur la s\u00e9curit\u00e9 civile - Le Quotidien de Nouakchott","og_description":"La d\u00e9l\u00e9gation g\u00e9n\u00e9rale de la s\u00e9curit\u00e9 civile et de la gestion des catastrophes mauritanienne et la direction g\u00e9n\u00e9rale de la structure nationale de la direction des catastrophes et des crises des \u00c9mirats arabes unis ont sign\u00e9, mardi \u00e0 Abu Dhabi, un m\u00e9morandum d\u2019entente sur la s\u00e9curit\u00e9 civile, en marge des travaux du Sommet d\u2019Abu Dhabi.....","og_url":"https:\/\/lequotidien.mr\/?p=7977&lang=fr","og_site_name":"Le Quotidien de Nouakchott","article_publisher":"https:\/\/web.facebook.com\/lequotidienmr","article_author":"https:\/\/web.facebook.com\/a.mleiwih","article_published_time":"2023-05-10T10:33:09+00:00","og_image":[{"width":570,"height":430,"url":"https:\/\/lequotidien.mr\/wp-content\/uploads\/2023\/05\/secu_civile_0006_750x430.jpg","type":"image\/jpeg"}],"author":"Alioun M'leiwih","twitter_card":"summary_large_image","twitter_creator":"@lequotidienmr","twitter_site":"@lequotidienmr","twitter_misc":{"\u0643\u064f\u062a\u0628 \u0628\u0648\u0627\u0633\u0637\u0629":"Alioun M'leiwih","\u0648\u0642\u062a \u0627\u0644\u0642\u0631\u0627\u0621\u0629 \u0627\u0644\u0645\u064f\u0642\u062f\u0651\u0631":"\u062f\u0642\u064a\u0642\u062a\u0627\u0646"},"schema":{"@context":"https:\/\/schema.org","@graph":[{"@type":"Article","@id":"https:\/\/lequotidien.mr\/?p=7977&lang=fr#article","isPartOf":{"@id":"https:\/\/lequotidien.mr\/?p=7977&lang=fr"},"author":{"name":"Alioun M'leiwih","@id":"https:\/\/lequotidien.mr\/#\/schema\/person\/69d1518c74c9137087929a20b1272cb0"},"headline":"La Mauritanie et les \u00c9mirats arabes unis signent un m\u00e9morandum d\u2019entente sur la s\u00e9curit\u00e9 civile","datePublished":"2023-05-10T10:33:09+00:00","mainEntityOfPage":{"@id":"https:\/\/lequotidien.mr\/?p=7977&lang=fr"},"wordCount":469,"commentCount":0,"publisher":{"@id":"https:\/\/lequotidien.mr\/#organization"},"image":{"@id":"https:\/\/lequotidien.mr\/?p=7977&lang=fr#primaryimage"},"thumbnailUrl":"https:\/\/lequotidien.mr\/wp-content\/uploads\/2023\/05\/secu_civile_0006_750x430.jpg","articleSection":["ACTUALIT\u00c9","Culture"],"inLanguage":"ar","potentialAction":[{"@type":"CommentAction","name":"Comment","target":["https:\/\/lequotidien.mr\/?p=7977&lang=fr#respond"]}]},{"@type":"WebPage","@id":"https:\/\/lequotidien.mr\/?p=7977&lang=fr","url":"https:\/\/lequotidien.mr\/?p=7977&lang=fr","name":"La Mauritanie et les \u00c9mirats arabes unis signent un m\u00e9morandum d\u2019entente sur la s\u00e9curit\u00e9 civile - Le Quotidien de Nouakchott","isPartOf":{"@id":"https:\/\/lequotidien.mr\/#website"},"primaryImageOfPage":{"@id":"https:\/\/lequotidien.mr\/?p=7977&lang=fr#primaryimage"},"image":{"@id":"https:\/\/lequotidien.mr\/?p=7977&lang=fr#primaryimage"},"thumbnailUrl":"https:\/\/lequotidien.mr\/wp-content\/uploads\/2023\/05\/secu_civile_0006_750x430.jpg","datePublished":"2023-05-10T10:33:09+00:00","breadcrumb":{"@id":"https:\/\/lequotidien.mr\/?p=7977&lang=fr#breadcrumb"},"inLanguage":"ar","potentialAction":[{"@type":"ReadAction","target":["https:\/\/lequotidien.mr\/?p=7977&lang=fr"]}]},{"@type":"ImageObject","inLanguage":"ar","@id":"https:\/\/lequotidien.mr\/?p=7977&lang=fr#primaryimage","url":"https:\/\/lequotidien.mr\/wp-content\/uploads\/2023\/05\/secu_civile_0006_750x430.jpg","contentUrl":"https:\/\/lequotidien.mr\/wp-content\/uploads\/2023\/05\/secu_civile_0006_750x430.jpg","width":570,"height":430},{"@type":"BreadcrumbList","@id":"https:\/\/lequotidien.mr\/?p=7977&lang=fr#breadcrumb","itemListElement":[{"@type":"ListItem","position":1,"name":"Home","item":"https:\/\/lequotidien.mr\/"},{"@type":"ListItem","position":2,"name":"La Mauritanie et les \u00c9mirats arabes unis signent un m\u00e9morandum d\u2019entente sur la s\u00e9curit\u00e9 civile"}]},{"@type":"WebSite","@id":"https:\/\/lequotidien.mr\/#website","url":"https:\/\/lequotidien.mr\/","name":"Le Quotidien de Nouakchott","description":"\u0625\u062e\u0628\u0627\u0631\u064a\u0629 \u0645\u0633\u062a\u0642\u0644\u0629 \u0644\u0644\u0623\u0646\u0628\u0627\u0621 \u0627\u0644\u0639\u0627\u0645\u0629","publisher":{"@id":"https:\/\/lequotidien.mr\/#organization"},"potentialAction":[{"@type":"SearchAction","target":{"@type":"EntryPoint","urlTemplate":"https:\/\/lequotidien.mr\/?s={search_term_string}"},"query-input":{"@type":"PropertyValueSpecification","valueRequired":true,"valueName":"search_term_string"}}],"inLanguage":"ar"},{"@type":"Organization","@id":"https:\/\/lequotidien.mr\/#organization","name":"Le Quotidien de Nouakchott","url":"https:\/\/lequotidien.mr\/","logo":{"@type":"ImageObject","inLanguage":"ar","@id":"https:\/\/lequotidien.mr\/#\/schema\/logo\/image\/","url":"https:\/\/lequotidien.mr\/wp-content\/uploads\/2022\/11\/logolequotidien.jpg","contentUrl":"https:\/\/lequotidien.mr\/wp-content\/uploads\/2022\/11\/logolequotidien.jpg","width":290,"height":65,"caption":"Le Quotidien de Nouakchott"},"image":{"@id":"https:\/\/lequotidien.mr\/#\/schema\/logo\/image\/"},"sameAs":["https:\/\/web.facebook.com\/lequotidienmr","https:\/\/x.com\/lequotidienmr"]},{"@type":"Person","@id":"https:\/\/lequotidien.mr\/#\/schema\/person\/69d1518c74c9137087929a20b1272cb0","name":"Alioun M'leiwih","image":{"@type":"ImageObject","inLanguage":"ar","@id":"https:\/\/secure.gravatar.com\/avatar\/01f9d357222d7d4ca8f71662f4b081718f06d25b11fc45662ecca0622d507e51?s=96&d=mm&r=g","url":"https:\/\/secure.gravatar.com\/avatar\/01f9d357222d7d4ca8f71662f4b081718f06d25b11fc45662ecca0622d507e51?s=96&d=mm&r=g","contentUrl":"https:\/\/secure.gravatar.com\/avatar\/01f9d357222d7d4ca8f71662f4b081718f06d25b11fc45662ecca0622d507e51?s=96&d=mm&r=g","caption":"Alioun M'leiwih"},"sameAs":["https:\/\/lequotidien.mr\/","https:\/\/web.facebook.com\/a.mleiwih","https:\/\/www.linkedin.com\/in\/alimlewih\/"],"url":"https:\/\/lequotidien.mr\/?author=3"}]}},"_links":{"self":[{"href":"https:\/\/lequotidien.mr\/index.php?rest_route=\/wp\/v2\/posts\/7977","targetHints":{"allow":["GET"]}}],"collection":[{"href":"https:\/\/lequotidien.mr\/index.php?rest_route=\/wp\/v2\/posts"}],"about":[{"href":"https:\/\/lequotidien.mr\/index.php?rest_route=\/wp\/v2\/types\/post"}],"author":[{"embeddable":true,"href":"https:\/\/lequotidien.mr\/index.php?rest_route=\/wp\/v2\/users\/3"}],"replies":[{"embeddable":true,"href":"https:\/\/lequotidien.mr\/index.php?rest_route=%2Fwp%2Fv2%2Fcomments&post=7977"}],"version-history":[{"count":1,"href":"https:\/\/lequotidien.mr\/index.php?rest_route=\/wp\/v2\/posts\/7977\/revisions"}],"predecessor-version":[{"id":7979,"href":"https:\/\/lequotidien.mr\/index.php?rest_route=\/wp\/v2\/posts\/7977\/revisions\/7979"}],"wp:featuredmedia":[{"embeddable":true,"href":"https:\/\/lequotidien.mr\/index.php?rest_route=\/wp\/v2\/media\/7978"}],"wp:attachment":[{"href":"https:\/\/lequotidien.mr\/index.php?rest_route=%2Fwp%2Fv2%2Fmedia&parent=7977"}],"wp:term":[{"taxonomy":"category","embeddable":true,"href":"https:\/\/lequotidien.mr\/index.php?rest_route=%2Fwp%2Fv2%2Fcategories&post=7977"},{"taxonomy":"post_tag","embeddable":true,"href":"https:\/\/lequotidien.mr\/index.php?rest_route=%2Fwp%2Fv2%2Ftags&post=7977"}],"curies":[{"name":"wp","href":"https:\/\/api.w.org\/{rel}","templated":true}]}}