{"id":7920,"date":"2023-05-08T15:19:02","date_gmt":"2023-05-08T15:19:02","guid":{"rendered":"https:\/\/lequotidien.mr\/?p=7920"},"modified":"2023-05-08T15:19:02","modified_gmt":"2023-05-08T15:19:02","slug":"zine-et-sidi-mohamed-ahmed-baba-raflent-les-contrats-de-fourniture-du-ministere-de-linterieur-349-millions-mro","status":"publish","type":"post","link":"https:\/\/lequotidien.mr\/?p=7920&lang=fr","title":{"rendered":"Zine et Sidi Mohamed Ahmed Baba raflent les contrats de fourniture du minist\u00e8re de l\u2019Int\u00e9rieur (349 millions mro)"},"content":{"rendered":"<div class=\"field field-name-body field-type-text-with-summary field-label-hidden\">\n<div class=\"field-items\">\n<div class=\"field-item even\">\n<p>Pour le pr\u00e9sident du patronat mauritanien les juteux contrats de g\u00e9nie civil et les petits march\u00e9s de fournitures se valent.<\/p>\n<p>Mohamed Zine El Abidine Cheikh Ahmed propri\u00e9taire du g\u00e9ant local de g\u00e9nie civil Bis Tp, patron de patrons mauritaniens,\u00a0 qui contr\u00f4le aussi le groupe Raja vient en effet de soumissionner et de rafler le contrat de fourniture des pins, \u00e9charpes pilot\u00e9 par le puissant ministre de l\u2019Int\u00e9rieur en l\u2019occurrence Mohamed Ahmed Mohamed L\u00e9mine.<\/p>\n<p>Le groupe Raja va fournir des pins et \u00e9charpes destin\u00e9s aux pr\u00e9sidents de conseils r\u00e9gionaux, maires et conseillers.<\/p>\n<p>Il dispose d\u2019un d\u00e9lai d\u2019un mois pour honorer ses engagements en contrepartie de 200\u00a0221\u00a0800 ouguiya ancienne.<\/p>\n<p>L\u2019\u00e9tablissement \u00e9ponyme Sidi Mohamed Ould \u00a0Ahmed Baba (Smab) est la seconde entit\u00e9 gagnante de march\u00e9s attribu\u00e9s par le minist\u00e8re de l\u2019Int\u00e9rieur le 2 mai dernier.<\/p>\n<p>En effet Smab discret mais efficace \u00e9tablissement souvent vainqueur de contrats publics surtout sur le plan alimentaire gagne le march\u00e9 de fourniture de mat\u00e9riel de bureaux pour 26 circonscriptions nouvelles.<\/p>\n<p>L\u2019\u00e9tablissement dont le si\u00e8ge social se trouve au Carrefour Madrid \u00e0 Nouakchott encaisse 148\u00a0990\u00a0400 ouguiya ancienne.<\/p>\n<p>Smab va devoir honorer son contrat dans un d\u00e9lai d\u2019un mois.<\/p>\n<\/div>\n<\/div>\n<\/div>\n<div class=\"sharethis-buttons\"><\/div>\n","protected":false},"excerpt":{"rendered":"<p>Pour le pr\u00e9sident du patronat mauritanien les juteux contrats de g\u00e9nie civil et les petits march\u00e9s de fournitures se valent. Mohamed Zine El Abidine Cheikh Ahmed propri\u00e9taire du g\u00e9ant local de g\u00e9nie civil Bis Tp, patron de patrons mauritaniens,\u00a0 qui contr\u00f4le aussi le groupe Raja vient en effet de soumissionner et de rafler le contrat&#8230;..<\/p>\n","protected":false},"author":5,"featured_media":7655,"comment_status":"open","ping_status":"open","sticky":false,"template":"","format":"standard","meta":{"footnotes":""},"categories":[23,49],"tags":[],"class_list":["post-7920","post","type-post","status-publish","format-standard","has-post-thumbnail","hentry","category-actualite","category-economie"],"yoast_head":"<!-- This site is optimized with the Yoast SEO plugin v27.5 - https:\/\/yoast.com\/product\/yoast-seo-wordpress\/ -->\n<title>Zine et Sidi Mohamed Ahmed Baba raflent les contrats de fourniture du minist\u00e8re de l\u2019Int\u00e9rieur (349 millions mro) - Le Quotidien de Nouakchott<\/title>\n<meta name=\"robots\" content=\"index, follow, max-snippet:-1, max-image-preview:large, max-video-preview:-1\" \/>\n<link rel=\"canonical\" href=\"https:\/\/lequotidien.mr\/?p=7920&lang=fr\" \/>\n<meta property=\"og:locale\" content=\"ar_AR\" \/>\n<meta property=\"og:type\" content=\"article\" \/>\n<meta property=\"og:title\" content=\"Zine et Sidi Mohamed Ahmed Baba raflent les contrats de fourniture du minist\u00e8re de l\u2019Int\u00e9rieur (349 millions mro) - Le Quotidien de Nouakchott\" \/>\n<meta property=\"og:description\" content=\"Pour le pr\u00e9sident du patronat mauritanien les juteux contrats de g\u00e9nie civil et les petits march\u00e9s de fournitures se valent. Mohamed Zine El Abidine Cheikh Ahmed propri\u00e9taire du g\u00e9ant local de g\u00e9nie civil Bis Tp, patron de patrons mauritaniens,\u00a0 qui contr\u00f4le aussi le groupe Raja vient en effet de soumissionner et de rafler le contrat.....\" \/>\n<meta property=\"og:url\" content=\"https:\/\/lequotidien.mr\/?p=7920&amp;lang=fr\" \/>\n<meta property=\"og:site_name\" content=\"Le Quotidien de Nouakchott\" \/>\n<meta property=\"article:publisher\" content=\"https:\/\/web.facebook.com\/lequotidienmr\" \/>\n<meta property=\"article:published_time\" content=\"2023-05-08T15:19:02+00:00\" \/>\n<meta property=\"og:image\" content=\"https:\/\/lequotidien.mr\/wp-content\/uploads\/2023\/04\/patron_des_patrons_zein_al_abidine_0c0a9961_0.jpeg\" \/>\n\t<meta property=\"og:image:width\" content=\"300\" \/>\n\t<meta property=\"og:image:height\" content=\"200\" \/>\n\t<meta property=\"og:image:type\" content=\"image\/jpeg\" \/>\n<meta name=\"author\" content=\"Gayi Diawara\" \/>\n<meta name=\"twitter:card\" content=\"summary_large_image\" \/>\n<meta name=\"twitter:creator\" content=\"@lequotidienmr\" \/>\n<meta name=\"twitter:site\" content=\"@lequotidienmr\" \/>\n<meta name=\"twitter:label1\" content=\"\u0643\u064f\u062a\u0628 \u0628\u0648\u0627\u0633\u0637\u0629\" \/>\n\t<meta name=\"twitter:data1\" content=\"Gayi Diawara\" \/>\n\t<meta name=\"twitter:label2\" content=\"\u0648\u0642\u062a \u0627\u0644\u0642\u0631\u0627\u0621\u0629 \u0627\u0644\u0645\u064f\u0642\u062f\u0651\u0631\" \/>\n\t<meta name=\"twitter:data2\" content=\"\u062f\u0642\u064a\u0642\u0629 \u0648\u0627\u062d\u062f\u0629\" \/>\n<script type=\"application\/ld+json\" class=\"yoast-schema-graph\">{\"@context\":\"https:\\\/\\\/schema.org\",\"@graph\":[{\"@type\":\"Article\",\"@id\":\"https:\\\/\\\/lequotidien.mr\\\/?p=7920&lang=fr#article\",\"isPartOf\":{\"@id\":\"https:\\\/\\\/lequotidien.mr\\\/?p=7920&lang=fr\"},\"author\":{\"name\":\"Gayi Diawara\",\"@id\":\"https:\\\/\\\/lequotidien.mr\\\/#\\\/schema\\\/person\\\/1077c8abd5640a6514b909318d271dee\"},\"headline\":\"Zine et Sidi Mohamed Ahmed Baba raflent les contrats de fourniture du minist\u00e8re de l\u2019Int\u00e9rieur (349 millions mro)\",\"datePublished\":\"2023-05-08T15:19:02+00:00\",\"mainEntityOfPage\":{\"@id\":\"https:\\\/\\\/lequotidien.mr\\\/?p=7920&lang=fr\"},\"wordCount\":232,\"commentCount\":0,\"publisher\":{\"@id\":\"https:\\\/\\\/lequotidien.mr\\\/#organization\"},\"image\":{\"@id\":\"https:\\\/\\\/lequotidien.mr\\\/?p=7920&lang=fr#primaryimage\"},\"thumbnailUrl\":\"https:\\\/\\\/lequotidien.mr\\\/wp-content\\\/uploads\\\/2023\\\/04\\\/patron_des_patrons_zein_al_abidine_0c0a9961_0.jpeg\",\"articleSection\":[\"ACTUALIT\u00c9\",\"Economie\"],\"inLanguage\":\"ar\",\"potentialAction\":[{\"@type\":\"CommentAction\",\"name\":\"Comment\",\"target\":[\"https:\\\/\\\/lequotidien.mr\\\/?p=7920&lang=fr#respond\"]}]},{\"@type\":\"WebPage\",\"@id\":\"https:\\\/\\\/lequotidien.mr\\\/?p=7920&lang=fr\",\"url\":\"https:\\\/\\\/lequotidien.mr\\\/?p=7920&lang=fr\",\"name\":\"Zine et Sidi Mohamed Ahmed Baba raflent les contrats de fourniture du minist\u00e8re de l\u2019Int\u00e9rieur (349 millions mro) - Le Quotidien de Nouakchott\",\"isPartOf\":{\"@id\":\"https:\\\/\\\/lequotidien.mr\\\/#website\"},\"primaryImageOfPage\":{\"@id\":\"https:\\\/\\\/lequotidien.mr\\\/?p=7920&lang=fr#primaryimage\"},\"image\":{\"@id\":\"https:\\\/\\\/lequotidien.mr\\\/?p=7920&lang=fr#primaryimage\"},\"thumbnailUrl\":\"https:\\\/\\\/lequotidien.mr\\\/wp-content\\\/uploads\\\/2023\\\/04\\\/patron_des_patrons_zein_al_abidine_0c0a9961_0.jpeg\",\"datePublished\":\"2023-05-08T15:19:02+00:00\",\"breadcrumb\":{\"@id\":\"https:\\\/\\\/lequotidien.mr\\\/?p=7920&lang=fr#breadcrumb\"},\"inLanguage\":\"ar\",\"potentialAction\":[{\"@type\":\"ReadAction\",\"target\":[\"https:\\\/\\\/lequotidien.mr\\\/?p=7920&lang=fr\"]}]},{\"@type\":\"ImageObject\",\"inLanguage\":\"ar\",\"@id\":\"https:\\\/\\\/lequotidien.mr\\\/?p=7920&lang=fr#primaryimage\",\"url\":\"https:\\\/\\\/lequotidien.mr\\\/wp-content\\\/uploads\\\/2023\\\/04\\\/patron_des_patrons_zein_al_abidine_0c0a9961_0.jpeg\",\"contentUrl\":\"https:\\\/\\\/lequotidien.mr\\\/wp-content\\\/uploads\\\/2023\\\/04\\\/patron_des_patrons_zein_al_abidine_0c0a9961_0.jpeg\",\"width\":300,\"height\":200},{\"@type\":\"BreadcrumbList\",\"@id\":\"https:\\\/\\\/lequotidien.mr\\\/?p=7920&lang=fr#breadcrumb\",\"itemListElement\":[{\"@type\":\"ListItem\",\"position\":1,\"name\":\"Home\",\"item\":\"https:\\\/\\\/lequotidien.mr\\\/\"},{\"@type\":\"ListItem\",\"position\":2,\"name\":\"Zine et Sidi Mohamed Ahmed Baba raflent les contrats de fourniture du minist\u00e8re de l\u2019Int\u00e9rieur (349 millions mro)\"}]},{\"@type\":\"WebSite\",\"@id\":\"https:\\\/\\\/lequotidien.mr\\\/#website\",\"url\":\"https:\\\/\\\/lequotidien.mr\\\/\",\"name\":\"Le Quotidien de Nouakchott\",\"description\":\"\u0625\u062e\u0628\u0627\u0631\u064a\u0629 \u0645\u0633\u062a\u0642\u0644\u0629 \u0644\u0644\u0623\u0646\u0628\u0627\u0621 \u0627\u0644\u0639\u0627\u0645\u0629\",\"publisher\":{\"@id\":\"https:\\\/\\\/lequotidien.mr\\\/#organization\"},\"potentialAction\":[{\"@type\":\"SearchAction\",\"target\":{\"@type\":\"EntryPoint\",\"urlTemplate\":\"https:\\\/\\\/lequotidien.mr\\\/?s={search_term_string}\"},\"query-input\":{\"@type\":\"PropertyValueSpecification\",\"valueRequired\":true,\"valueName\":\"search_term_string\"}}],\"inLanguage\":\"ar\"},{\"@type\":\"Organization\",\"@id\":\"https:\\\/\\\/lequotidien.mr\\\/#organization\",\"name\":\"Le Quotidien de Nouakchott\",\"url\":\"https:\\\/\\\/lequotidien.mr\\\/\",\"logo\":{\"@type\":\"ImageObject\",\"inLanguage\":\"ar\",\"@id\":\"https:\\\/\\\/lequotidien.mr\\\/#\\\/schema\\\/logo\\\/image\\\/\",\"url\":\"https:\\\/\\\/lequotidien.mr\\\/wp-content\\\/uploads\\\/2022\\\/11\\\/logolequotidien.jpg\",\"contentUrl\":\"https:\\\/\\\/lequotidien.mr\\\/wp-content\\\/uploads\\\/2022\\\/11\\\/logolequotidien.jpg\",\"width\":290,\"height\":65,\"caption\":\"Le Quotidien de Nouakchott\"},\"image\":{\"@id\":\"https:\\\/\\\/lequotidien.mr\\\/#\\\/schema\\\/logo\\\/image\\\/\"},\"sameAs\":[\"https:\\\/\\\/web.facebook.com\\\/lequotidienmr\",\"https:\\\/\\\/x.com\\\/lequotidienmr\"]},{\"@type\":\"Person\",\"@id\":\"https:\\\/\\\/lequotidien.mr\\\/#\\\/schema\\\/person\\\/1077c8abd5640a6514b909318d271dee\",\"name\":\"Gayi Diawara\",\"image\":{\"@type\":\"ImageObject\",\"inLanguage\":\"ar\",\"@id\":\"https:\\\/\\\/secure.gravatar.com\\\/avatar\\\/63ea8db1e19a6d2d608b24c0f78b5f3a7d6e0bc11959fec273410af333e4d0ac?s=96&d=mm&r=g\",\"url\":\"https:\\\/\\\/secure.gravatar.com\\\/avatar\\\/63ea8db1e19a6d2d608b24c0f78b5f3a7d6e0bc11959fec273410af333e4d0ac?s=96&d=mm&r=g\",\"contentUrl\":\"https:\\\/\\\/secure.gravatar.com\\\/avatar\\\/63ea8db1e19a6d2d608b24c0f78b5f3a7d6e0bc11959fec273410af333e4d0ac?s=96&d=mm&r=g\",\"caption\":\"Gayi Diawara\"},\"sameAs\":[\"http:\\\/\\\/lequotidien.mr\"],\"url\":\"https:\\\/\\\/lequotidien.mr\\\/?author=5\"}]}<\/script>\n<!-- \/ Yoast SEO plugin. -->","yoast_head_json":{"title":"Zine et Sidi Mohamed Ahmed Baba raflent les contrats de fourniture du minist\u00e8re de l\u2019Int\u00e9rieur (349 millions mro) - Le Quotidien de Nouakchott","robots":{"index":"index","follow":"follow","max-snippet":"max-snippet:-1","max-image-preview":"max-image-preview:large","max-video-preview":"max-video-preview:-1"},"canonical":"https:\/\/lequotidien.mr\/?p=7920&lang=fr","og_locale":"ar_AR","og_type":"article","og_title":"Zine et Sidi Mohamed Ahmed Baba raflent les contrats de fourniture du minist\u00e8re de l\u2019Int\u00e9rieur (349 millions mro) - Le Quotidien de Nouakchott","og_description":"Pour le pr\u00e9sident du patronat mauritanien les juteux contrats de g\u00e9nie civil et les petits march\u00e9s de fournitures se valent. Mohamed Zine El Abidine Cheikh Ahmed propri\u00e9taire du g\u00e9ant local de g\u00e9nie civil Bis Tp, patron de patrons mauritaniens,\u00a0 qui contr\u00f4le aussi le groupe Raja vient en effet de soumissionner et de rafler le contrat.....","og_url":"https:\/\/lequotidien.mr\/?p=7920&lang=fr","og_site_name":"Le Quotidien de Nouakchott","article_publisher":"https:\/\/web.facebook.com\/lequotidienmr","article_published_time":"2023-05-08T15:19:02+00:00","og_image":[{"width":300,"height":200,"url":"https:\/\/lequotidien.mr\/wp-content\/uploads\/2023\/04\/patron_des_patrons_zein_al_abidine_0c0a9961_0.jpeg","type":"image\/jpeg"}],"author":"Gayi Diawara","twitter_card":"summary_large_image","twitter_creator":"@lequotidienmr","twitter_site":"@lequotidienmr","twitter_misc":{"\u0643\u064f\u062a\u0628 \u0628\u0648\u0627\u0633\u0637\u0629":"Gayi Diawara","\u0648\u0642\u062a \u0627\u0644\u0642\u0631\u0627\u0621\u0629 \u0627\u0644\u0645\u064f\u0642\u062f\u0651\u0631":"\u062f\u0642\u064a\u0642\u0629 \u0648\u0627\u062d\u062f\u0629"},"schema":{"@context":"https:\/\/schema.org","@graph":[{"@type":"Article","@id":"https:\/\/lequotidien.mr\/?p=7920&lang=fr#article","isPartOf":{"@id":"https:\/\/lequotidien.mr\/?p=7920&lang=fr"},"author":{"name":"Gayi Diawara","@id":"https:\/\/lequotidien.mr\/#\/schema\/person\/1077c8abd5640a6514b909318d271dee"},"headline":"Zine et Sidi Mohamed Ahmed Baba raflent les contrats de fourniture du minist\u00e8re de l\u2019Int\u00e9rieur (349 millions mro)","datePublished":"2023-05-08T15:19:02+00:00","mainEntityOfPage":{"@id":"https:\/\/lequotidien.mr\/?p=7920&lang=fr"},"wordCount":232,"commentCount":0,"publisher":{"@id":"https:\/\/lequotidien.mr\/#organization"},"image":{"@id":"https:\/\/lequotidien.mr\/?p=7920&lang=fr#primaryimage"},"thumbnailUrl":"https:\/\/lequotidien.mr\/wp-content\/uploads\/2023\/04\/patron_des_patrons_zein_al_abidine_0c0a9961_0.jpeg","articleSection":["ACTUALIT\u00c9","Economie"],"inLanguage":"ar","potentialAction":[{"@type":"CommentAction","name":"Comment","target":["https:\/\/lequotidien.mr\/?p=7920&lang=fr#respond"]}]},{"@type":"WebPage","@id":"https:\/\/lequotidien.mr\/?p=7920&lang=fr","url":"https:\/\/lequotidien.mr\/?p=7920&lang=fr","name":"Zine et Sidi Mohamed Ahmed Baba raflent les contrats de fourniture du minist\u00e8re de l\u2019Int\u00e9rieur (349 millions mro) - Le Quotidien de Nouakchott","isPartOf":{"@id":"https:\/\/lequotidien.mr\/#website"},"primaryImageOfPage":{"@id":"https:\/\/lequotidien.mr\/?p=7920&lang=fr#primaryimage"},"image":{"@id":"https:\/\/lequotidien.mr\/?p=7920&lang=fr#primaryimage"},"thumbnailUrl":"https:\/\/lequotidien.mr\/wp-content\/uploads\/2023\/04\/patron_des_patrons_zein_al_abidine_0c0a9961_0.jpeg","datePublished":"2023-05-08T15:19:02+00:00","breadcrumb":{"@id":"https:\/\/lequotidien.mr\/?p=7920&lang=fr#breadcrumb"},"inLanguage":"ar","potentialAction":[{"@type":"ReadAction","target":["https:\/\/lequotidien.mr\/?p=7920&lang=fr"]}]},{"@type":"ImageObject","inLanguage":"ar","@id":"https:\/\/lequotidien.mr\/?p=7920&lang=fr#primaryimage","url":"https:\/\/lequotidien.mr\/wp-content\/uploads\/2023\/04\/patron_des_patrons_zein_al_abidine_0c0a9961_0.jpeg","contentUrl":"https:\/\/lequotidien.mr\/wp-content\/uploads\/2023\/04\/patron_des_patrons_zein_al_abidine_0c0a9961_0.jpeg","width":300,"height":200},{"@type":"BreadcrumbList","@id":"https:\/\/lequotidien.mr\/?p=7920&lang=fr#breadcrumb","itemListElement":[{"@type":"ListItem","position":1,"name":"Home","item":"https:\/\/lequotidien.mr\/"},{"@type":"ListItem","position":2,"name":"Zine et Sidi Mohamed Ahmed Baba raflent les contrats de fourniture du minist\u00e8re de l\u2019Int\u00e9rieur (349 millions mro)"}]},{"@type":"WebSite","@id":"https:\/\/lequotidien.mr\/#website","url":"https:\/\/lequotidien.mr\/","name":"Le Quotidien de Nouakchott","description":"\u0625\u062e\u0628\u0627\u0631\u064a\u0629 \u0645\u0633\u062a\u0642\u0644\u0629 \u0644\u0644\u0623\u0646\u0628\u0627\u0621 \u0627\u0644\u0639\u0627\u0645\u0629","publisher":{"@id":"https:\/\/lequotidien.mr\/#organization"},"potentialAction":[{"@type":"SearchAction","target":{"@type":"EntryPoint","urlTemplate":"https:\/\/lequotidien.mr\/?s={search_term_string}"},"query-input":{"@type":"PropertyValueSpecification","valueRequired":true,"valueName":"search_term_string"}}],"inLanguage":"ar"},{"@type":"Organization","@id":"https:\/\/lequotidien.mr\/#organization","name":"Le Quotidien de Nouakchott","url":"https:\/\/lequotidien.mr\/","logo":{"@type":"ImageObject","inLanguage":"ar","@id":"https:\/\/lequotidien.mr\/#\/schema\/logo\/image\/","url":"https:\/\/lequotidien.mr\/wp-content\/uploads\/2022\/11\/logolequotidien.jpg","contentUrl":"https:\/\/lequotidien.mr\/wp-content\/uploads\/2022\/11\/logolequotidien.jpg","width":290,"height":65,"caption":"Le Quotidien de Nouakchott"},"image":{"@id":"https:\/\/lequotidien.mr\/#\/schema\/logo\/image\/"},"sameAs":["https:\/\/web.facebook.com\/lequotidienmr","https:\/\/x.com\/lequotidienmr"]},{"@type":"Person","@id":"https:\/\/lequotidien.mr\/#\/schema\/person\/1077c8abd5640a6514b909318d271dee","name":"Gayi Diawara","image":{"@type":"ImageObject","inLanguage":"ar","@id":"https:\/\/secure.gravatar.com\/avatar\/63ea8db1e19a6d2d608b24c0f78b5f3a7d6e0bc11959fec273410af333e4d0ac?s=96&d=mm&r=g","url":"https:\/\/secure.gravatar.com\/avatar\/63ea8db1e19a6d2d608b24c0f78b5f3a7d6e0bc11959fec273410af333e4d0ac?s=96&d=mm&r=g","contentUrl":"https:\/\/secure.gravatar.com\/avatar\/63ea8db1e19a6d2d608b24c0f78b5f3a7d6e0bc11959fec273410af333e4d0ac?s=96&d=mm&r=g","caption":"Gayi Diawara"},"sameAs":["http:\/\/lequotidien.mr"],"url":"https:\/\/lequotidien.mr\/?author=5"}]}},"_links":{"self":[{"href":"https:\/\/lequotidien.mr\/index.php?rest_route=\/wp\/v2\/posts\/7920","targetHints":{"allow":["GET"]}}],"collection":[{"href":"https:\/\/lequotidien.mr\/index.php?rest_route=\/wp\/v2\/posts"}],"about":[{"href":"https:\/\/lequotidien.mr\/index.php?rest_route=\/wp\/v2\/types\/post"}],"author":[{"embeddable":true,"href":"https:\/\/lequotidien.mr\/index.php?rest_route=\/wp\/v2\/users\/5"}],"replies":[{"embeddable":true,"href":"https:\/\/lequotidien.mr\/index.php?rest_route=%2Fwp%2Fv2%2Fcomments&post=7920"}],"version-history":[{"count":1,"href":"https:\/\/lequotidien.mr\/index.php?rest_route=\/wp\/v2\/posts\/7920\/revisions"}],"predecessor-version":[{"id":7921,"href":"https:\/\/lequotidien.mr\/index.php?rest_route=\/wp\/v2\/posts\/7920\/revisions\/7921"}],"wp:featuredmedia":[{"embeddable":true,"href":"https:\/\/lequotidien.mr\/index.php?rest_route=\/wp\/v2\/media\/7655"}],"wp:attachment":[{"href":"https:\/\/lequotidien.mr\/index.php?rest_route=%2Fwp%2Fv2%2Fmedia&parent=7920"}],"wp:term":[{"taxonomy":"category","embeddable":true,"href":"https:\/\/lequotidien.mr\/index.php?rest_route=%2Fwp%2Fv2%2Fcategories&post=7920"},{"taxonomy":"post_tag","embeddable":true,"href":"https:\/\/lequotidien.mr\/index.php?rest_route=%2Fwp%2Fv2%2Ftags&post=7920"}],"curies":[{"name":"wp","href":"https:\/\/api.w.org\/{rel}","templated":true}]}}