{"id":7594,"date":"2023-04-25T18:07:22","date_gmt":"2023-04-25T18:07:22","guid":{"rendered":"https:\/\/lequotidien.mr\/?p=7594"},"modified":"2023-04-25T18:07:22","modified_gmt":"2023-04-25T18:07:22","slug":"locde-classe-la-mauritanie-comme-un-pays-fragile","status":"publish","type":"post","link":"https:\/\/lequotidien.mr\/?p=7594&lang=fr","title":{"rendered":"L&#8217;OCDE classe la Mauritanie comme un pays \u00ab fragile \u00bb"},"content":{"rendered":"<p><strong>Adrar.info<\/strong>\u00a0&#8211; La Mauritanie est devenue un \u00c9tat \u00abfragile\u00bb, selon les conclusions d&#8217;une \u00e9tude r\u00e9cente incluse dans le rapport de l&#8217;Organisation de coop\u00e9ration et de d\u00e9veloppement \u00e9conomiques (OCDE) pour l&#8217;ann\u00e9e 2022.<\/p>\n<p>L&#8217;\u00e9tude s&#8217;appuie sur la d\u00e9finition de la strat\u00e9gie am\u00e9ricaine de la \u00ab fragilit\u00e9 \u00bb. C&#8217;est une situation dans laquelle un pays est expos\u00e9 \u00e0 un conflit arm\u00e9, \u00e0 une violence g\u00e9n\u00e9ralis\u00e9e ou \u00e0 une autre instabilit\u00e9, y compris l&#8217;incapacit\u00e9 \u00e0 g\u00e9rer les menaces transnationales, ou \u00e0 d&#8217;autres chocs importants.<\/p>\n<p>Cette strat\u00e9gie d\u00e9finit en outre la \u00ab fragilit\u00e9 \u00bb comme le r\u00e9sultat d&#8217;une gouvernance inefficace ou irresponsable, en plus d&#8217;une faible coh\u00e9sion sociale, de la corruption des institutions ou des dirigeants et du manque de respect des droits de l&#8217;homme.<\/p>\n<p>Et selon la strat\u00e9gie du Groupe de la Banque mondiale pour faire face aux situations de fragilit\u00e9 \u00e0 l&#8217;horizon 2025, les conflits et la violence sont devenus la nouvelle menace des efforts de d\u00e9veloppement.<\/p>\n<p>D&#8217;ici 2030, au moins la moiti\u00e9 des pauvres du monde vivront dans des environnements fragiles , touch\u00e9s par des conflits.<\/p>\n<p>L&#8217;impact de la fragilit\u00e9, des conflits et de la violence est grave sur les personnes et les communaut\u00e9s les plus vuln\u00e9rables, dont les moyens de subsistance et les opportunit\u00e9s \u00e9conomiques sont menac\u00e9s.<\/p>\n<p>La situation de fragilit\u00e9 s&#8217;est fortement d\u00e9t\u00e9rior\u00e9e dans le monde, car des conflits violents ont \u00e9clat\u00e9 au cours des trente derni\u00e8res ann\u00e9es , provoquant la plus grande crise de d\u00e9placement forc\u00e9 depuis la Seconde Guerre mondiale.<\/p>\n<p>Les niveaux de violence interpersonnelle et de gangs ont augment\u00e9 et les conflits sont la cause de 80 % de tous les besoins humanitaires.<\/p>\n<p>Selon le rapport de l&#8217;Organisation de coop\u00e9ration et de d\u00e9veloppement \u00e9conomiques (OCDE), sur la fragilit\u00e9 pour l&#8217;ann\u00e9e 2022, la Mauritanie est devenue le neuvi\u00e8me pays arabe pouvant \u00eatre qualifi\u00e9 de &#8220;fragile&#8221;.<\/p>\n<p>A cette fragilit\u00e9 &#8211; selon le rapport &#8211; s&#8217;ajoutent : le Y\u00e9men, la Syrie, le Soudan, l&#8217;Irak, la Libye, Djibouti, la Somalie, les territoires palestiniens occup\u00e9s, et 15 pays d&#8217;Afrique (Tchad, Cameroun, Niger, Mali, Ouganda, Mozambique, Guin\u00e9e, Nigeria, Guin\u00e9e-Bissau, Burkina Faso, Sierra Leone, Togo, B\u00e9nin, C\u00f4te d&#8217;Ivoire et Gambie), et 6 pays d&#8217;Asie (Afghanistan, Tadjikistan, Turkm\u00e9nistan, Pakistan, Iran et Bangladesh), soit un total de 30 pays.<\/p>\n<p>Ce qui signifie que la moiti\u00e9 des pays qui souffrent de fragilit\u00e9 &#8211; selon l&#8217;Organisation de coop\u00e9ration et de d\u00e9veloppement \u00e9conomiques &#8211; sont des pays arabes et islamiques.<\/p>\n<p>Source : https:\/\/anbaa.info\/?p=79861<\/p>\n<p>Traduit par adrar.info<\/p>\n","protected":false},"excerpt":{"rendered":"<p>Adrar.info\u00a0&#8211; La Mauritanie est devenue un \u00c9tat \u00abfragile\u00bb, selon les conclusions d&#8217;une \u00e9tude r\u00e9cente incluse dans le rapport de l&#8217;Organisation de coop\u00e9ration et de d\u00e9veloppement \u00e9conomiques (OCDE) pour l&#8217;ann\u00e9e 2022. L&#8217;\u00e9tude s&#8217;appuie sur la d\u00e9finition de la strat\u00e9gie am\u00e9ricaine de la \u00ab fragilit\u00e9 \u00bb. C&#8217;est une situation dans laquelle un pays est expos\u00e9 \u00e0 un&#8230;..<\/p>\n","protected":false},"author":5,"featured_media":7595,"comment_status":"open","ping_status":"open","sticky":false,"template":"","format":"standard","meta":{"footnotes":""},"categories":[23,49],"tags":[],"class_list":["post-7594","post","type-post","status-publish","format-standard","has-post-thumbnail","hentry","category-actualite","category-economie"],"yoast_head":"<!-- This site is optimized with the Yoast SEO plugin v27.5 - https:\/\/yoast.com\/product\/yoast-seo-wordpress\/ -->\n<title>L&#039;OCDE classe la Mauritanie comme un pays \u00ab fragile \u00bb - Le Quotidien de Nouakchott<\/title>\n<meta name=\"robots\" content=\"index, follow, max-snippet:-1, max-image-preview:large, max-video-preview:-1\" \/>\n<link rel=\"canonical\" href=\"https:\/\/lequotidien.mr\/?p=7594&lang=fr\" \/>\n<meta property=\"og:locale\" content=\"ar_AR\" \/>\n<meta property=\"og:type\" content=\"article\" \/>\n<meta property=\"og:title\" content=\"L&#039;OCDE classe la Mauritanie comme un pays \u00ab fragile \u00bb - Le Quotidien de Nouakchott\" \/>\n<meta property=\"og:description\" content=\"Adrar.info\u00a0&#8211; La Mauritanie est devenue un \u00c9tat \u00abfragile\u00bb, selon les conclusions d&#8217;une \u00e9tude r\u00e9cente incluse dans le rapport de l&#8217;Organisation de coop\u00e9ration et de d\u00e9veloppement \u00e9conomiques (OCDE) pour l&#8217;ann\u00e9e 2022. L&#8217;\u00e9tude s&#8217;appuie sur la d\u00e9finition de la strat\u00e9gie am\u00e9ricaine de la \u00ab fragilit\u00e9 \u00bb. C&#8217;est une situation dans laquelle un pays est expos\u00e9 \u00e0 un.....\" \/>\n<meta property=\"og:url\" content=\"https:\/\/lequotidien.mr\/?p=7594&amp;lang=fr\" \/>\n<meta property=\"og:site_name\" content=\"Le Quotidien de Nouakchott\" \/>\n<meta property=\"article:publisher\" content=\"https:\/\/web.facebook.com\/lequotidienmr\" \/>\n<meta property=\"article:published_time\" content=\"2023-04-25T18:07:22+00:00\" \/>\n<meta property=\"og:image\" content=\"https:\/\/lequotidien.mr\/wp-content\/uploads\/2023\/04\/a2_1_port_de_nouakchott.jpg\" \/>\n\t<meta property=\"og:image:width\" content=\"632\" \/>\n\t<meta property=\"og:image:height\" content=\"492\" \/>\n\t<meta property=\"og:image:type\" content=\"image\/jpeg\" \/>\n<meta name=\"author\" content=\"Gayi Diawara\" \/>\n<meta name=\"twitter:card\" content=\"summary_large_image\" \/>\n<meta name=\"twitter:creator\" content=\"@lequotidienmr\" \/>\n<meta name=\"twitter:site\" content=\"@lequotidienmr\" \/>\n<meta name=\"twitter:label1\" content=\"\u0643\u064f\u062a\u0628 \u0628\u0648\u0627\u0633\u0637\u0629\" \/>\n\t<meta name=\"twitter:data1\" content=\"Gayi Diawara\" \/>\n\t<meta name=\"twitter:label2\" content=\"\u0648\u0642\u062a \u0627\u0644\u0642\u0631\u0627\u0621\u0629 \u0627\u0644\u0645\u064f\u0642\u062f\u0651\u0631\" \/>\n\t<meta name=\"twitter:data2\" content=\"\u062f\u0642\u064a\u0642\u062a\u0627\u0646\" \/>\n<script type=\"application\/ld+json\" class=\"yoast-schema-graph\">{\"@context\":\"https:\\\/\\\/schema.org\",\"@graph\":[{\"@type\":\"Article\",\"@id\":\"https:\\\/\\\/lequotidien.mr\\\/?p=7594&lang=fr#article\",\"isPartOf\":{\"@id\":\"https:\\\/\\\/lequotidien.mr\\\/?p=7594&lang=fr\"},\"author\":{\"name\":\"Gayi Diawara\",\"@id\":\"https:\\\/\\\/lequotidien.mr\\\/#\\\/schema\\\/person\\\/1077c8abd5640a6514b909318d271dee\"},\"headline\":\"L&#8217;OCDE classe la Mauritanie comme un pays \u00ab fragile \u00bb\",\"datePublished\":\"2023-04-25T18:07:22+00:00\",\"mainEntityOfPage\":{\"@id\":\"https:\\\/\\\/lequotidien.mr\\\/?p=7594&lang=fr\"},\"wordCount\":452,\"commentCount\":0,\"publisher\":{\"@id\":\"https:\\\/\\\/lequotidien.mr\\\/#organization\"},\"image\":{\"@id\":\"https:\\\/\\\/lequotidien.mr\\\/?p=7594&lang=fr#primaryimage\"},\"thumbnailUrl\":\"https:\\\/\\\/lequotidien.mr\\\/wp-content\\\/uploads\\\/2023\\\/04\\\/a2_1_port_de_nouakchott.jpg\",\"articleSection\":[\"ACTUALIT\u00c9\",\"Economie\"],\"inLanguage\":\"ar\",\"potentialAction\":[{\"@type\":\"CommentAction\",\"name\":\"Comment\",\"target\":[\"https:\\\/\\\/lequotidien.mr\\\/?p=7594&lang=fr#respond\"]}]},{\"@type\":\"WebPage\",\"@id\":\"https:\\\/\\\/lequotidien.mr\\\/?p=7594&lang=fr\",\"url\":\"https:\\\/\\\/lequotidien.mr\\\/?p=7594&lang=fr\",\"name\":\"L'OCDE classe la Mauritanie comme un pays \u00ab fragile \u00bb - Le Quotidien de Nouakchott\",\"isPartOf\":{\"@id\":\"https:\\\/\\\/lequotidien.mr\\\/#website\"},\"primaryImageOfPage\":{\"@id\":\"https:\\\/\\\/lequotidien.mr\\\/?p=7594&lang=fr#primaryimage\"},\"image\":{\"@id\":\"https:\\\/\\\/lequotidien.mr\\\/?p=7594&lang=fr#primaryimage\"},\"thumbnailUrl\":\"https:\\\/\\\/lequotidien.mr\\\/wp-content\\\/uploads\\\/2023\\\/04\\\/a2_1_port_de_nouakchott.jpg\",\"datePublished\":\"2023-04-25T18:07:22+00:00\",\"breadcrumb\":{\"@id\":\"https:\\\/\\\/lequotidien.mr\\\/?p=7594&lang=fr#breadcrumb\"},\"inLanguage\":\"ar\",\"potentialAction\":[{\"@type\":\"ReadAction\",\"target\":[\"https:\\\/\\\/lequotidien.mr\\\/?p=7594&lang=fr\"]}]},{\"@type\":\"ImageObject\",\"inLanguage\":\"ar\",\"@id\":\"https:\\\/\\\/lequotidien.mr\\\/?p=7594&lang=fr#primaryimage\",\"url\":\"https:\\\/\\\/lequotidien.mr\\\/wp-content\\\/uploads\\\/2023\\\/04\\\/a2_1_port_de_nouakchott.jpg\",\"contentUrl\":\"https:\\\/\\\/lequotidien.mr\\\/wp-content\\\/uploads\\\/2023\\\/04\\\/a2_1_port_de_nouakchott.jpg\",\"width\":632,\"height\":492},{\"@type\":\"BreadcrumbList\",\"@id\":\"https:\\\/\\\/lequotidien.mr\\\/?p=7594&lang=fr#breadcrumb\",\"itemListElement\":[{\"@type\":\"ListItem\",\"position\":1,\"name\":\"Home\",\"item\":\"https:\\\/\\\/lequotidien.mr\\\/\"},{\"@type\":\"ListItem\",\"position\":2,\"name\":\"L&#8217;OCDE classe la Mauritanie comme un pays \u00ab fragile \u00bb\"}]},{\"@type\":\"WebSite\",\"@id\":\"https:\\\/\\\/lequotidien.mr\\\/#website\",\"url\":\"https:\\\/\\\/lequotidien.mr\\\/\",\"name\":\"Le Quotidien de Nouakchott\",\"description\":\"\u0625\u062e\u0628\u0627\u0631\u064a\u0629 \u0645\u0633\u062a\u0642\u0644\u0629 \u0644\u0644\u0623\u0646\u0628\u0627\u0621 \u0627\u0644\u0639\u0627\u0645\u0629\",\"publisher\":{\"@id\":\"https:\\\/\\\/lequotidien.mr\\\/#organization\"},\"potentialAction\":[{\"@type\":\"SearchAction\",\"target\":{\"@type\":\"EntryPoint\",\"urlTemplate\":\"https:\\\/\\\/lequotidien.mr\\\/?s={search_term_string}\"},\"query-input\":{\"@type\":\"PropertyValueSpecification\",\"valueRequired\":true,\"valueName\":\"search_term_string\"}}],\"inLanguage\":\"ar\"},{\"@type\":\"Organization\",\"@id\":\"https:\\\/\\\/lequotidien.mr\\\/#organization\",\"name\":\"Le Quotidien de Nouakchott\",\"url\":\"https:\\\/\\\/lequotidien.mr\\\/\",\"logo\":{\"@type\":\"ImageObject\",\"inLanguage\":\"ar\",\"@id\":\"https:\\\/\\\/lequotidien.mr\\\/#\\\/schema\\\/logo\\\/image\\\/\",\"url\":\"https:\\\/\\\/lequotidien.mr\\\/wp-content\\\/uploads\\\/2022\\\/11\\\/logolequotidien.jpg\",\"contentUrl\":\"https:\\\/\\\/lequotidien.mr\\\/wp-content\\\/uploads\\\/2022\\\/11\\\/logolequotidien.jpg\",\"width\":290,\"height\":65,\"caption\":\"Le Quotidien de Nouakchott\"},\"image\":{\"@id\":\"https:\\\/\\\/lequotidien.mr\\\/#\\\/schema\\\/logo\\\/image\\\/\"},\"sameAs\":[\"https:\\\/\\\/web.facebook.com\\\/lequotidienmr\",\"https:\\\/\\\/x.com\\\/lequotidienmr\"]},{\"@type\":\"Person\",\"@id\":\"https:\\\/\\\/lequotidien.mr\\\/#\\\/schema\\\/person\\\/1077c8abd5640a6514b909318d271dee\",\"name\":\"Gayi Diawara\",\"image\":{\"@type\":\"ImageObject\",\"inLanguage\":\"ar\",\"@id\":\"https:\\\/\\\/secure.gravatar.com\\\/avatar\\\/63ea8db1e19a6d2d608b24c0f78b5f3a7d6e0bc11959fec273410af333e4d0ac?s=96&d=mm&r=g\",\"url\":\"https:\\\/\\\/secure.gravatar.com\\\/avatar\\\/63ea8db1e19a6d2d608b24c0f78b5f3a7d6e0bc11959fec273410af333e4d0ac?s=96&d=mm&r=g\",\"contentUrl\":\"https:\\\/\\\/secure.gravatar.com\\\/avatar\\\/63ea8db1e19a6d2d608b24c0f78b5f3a7d6e0bc11959fec273410af333e4d0ac?s=96&d=mm&r=g\",\"caption\":\"Gayi Diawara\"},\"sameAs\":[\"http:\\\/\\\/lequotidien.mr\"],\"url\":\"https:\\\/\\\/lequotidien.mr\\\/?author=5\"}]}<\/script>\n<!-- \/ Yoast SEO plugin. -->","yoast_head_json":{"title":"L'OCDE classe la Mauritanie comme un pays \u00ab fragile \u00bb - Le Quotidien de Nouakchott","robots":{"index":"index","follow":"follow","max-snippet":"max-snippet:-1","max-image-preview":"max-image-preview:large","max-video-preview":"max-video-preview:-1"},"canonical":"https:\/\/lequotidien.mr\/?p=7594&lang=fr","og_locale":"ar_AR","og_type":"article","og_title":"L'OCDE classe la Mauritanie comme un pays \u00ab fragile \u00bb - Le Quotidien de Nouakchott","og_description":"Adrar.info\u00a0&#8211; La Mauritanie est devenue un \u00c9tat \u00abfragile\u00bb, selon les conclusions d&#8217;une \u00e9tude r\u00e9cente incluse dans le rapport de l&#8217;Organisation de coop\u00e9ration et de d\u00e9veloppement \u00e9conomiques (OCDE) pour l&#8217;ann\u00e9e 2022. L&#8217;\u00e9tude s&#8217;appuie sur la d\u00e9finition de la strat\u00e9gie am\u00e9ricaine de la \u00ab fragilit\u00e9 \u00bb. C&#8217;est une situation dans laquelle un pays est expos\u00e9 \u00e0 un.....","og_url":"https:\/\/lequotidien.mr\/?p=7594&lang=fr","og_site_name":"Le Quotidien de Nouakchott","article_publisher":"https:\/\/web.facebook.com\/lequotidienmr","article_published_time":"2023-04-25T18:07:22+00:00","og_image":[{"width":632,"height":492,"url":"https:\/\/lequotidien.mr\/wp-content\/uploads\/2023\/04\/a2_1_port_de_nouakchott.jpg","type":"image\/jpeg"}],"author":"Gayi Diawara","twitter_card":"summary_large_image","twitter_creator":"@lequotidienmr","twitter_site":"@lequotidienmr","twitter_misc":{"\u0643\u064f\u062a\u0628 \u0628\u0648\u0627\u0633\u0637\u0629":"Gayi Diawara","\u0648\u0642\u062a \u0627\u0644\u0642\u0631\u0627\u0621\u0629 \u0627\u0644\u0645\u064f\u0642\u062f\u0651\u0631":"\u062f\u0642\u064a\u0642\u062a\u0627\u0646"},"schema":{"@context":"https:\/\/schema.org","@graph":[{"@type":"Article","@id":"https:\/\/lequotidien.mr\/?p=7594&lang=fr#article","isPartOf":{"@id":"https:\/\/lequotidien.mr\/?p=7594&lang=fr"},"author":{"name":"Gayi Diawara","@id":"https:\/\/lequotidien.mr\/#\/schema\/person\/1077c8abd5640a6514b909318d271dee"},"headline":"L&#8217;OCDE classe la Mauritanie comme un pays \u00ab fragile \u00bb","datePublished":"2023-04-25T18:07:22+00:00","mainEntityOfPage":{"@id":"https:\/\/lequotidien.mr\/?p=7594&lang=fr"},"wordCount":452,"commentCount":0,"publisher":{"@id":"https:\/\/lequotidien.mr\/#organization"},"image":{"@id":"https:\/\/lequotidien.mr\/?p=7594&lang=fr#primaryimage"},"thumbnailUrl":"https:\/\/lequotidien.mr\/wp-content\/uploads\/2023\/04\/a2_1_port_de_nouakchott.jpg","articleSection":["ACTUALIT\u00c9","Economie"],"inLanguage":"ar","potentialAction":[{"@type":"CommentAction","name":"Comment","target":["https:\/\/lequotidien.mr\/?p=7594&lang=fr#respond"]}]},{"@type":"WebPage","@id":"https:\/\/lequotidien.mr\/?p=7594&lang=fr","url":"https:\/\/lequotidien.mr\/?p=7594&lang=fr","name":"L'OCDE classe la Mauritanie comme un pays \u00ab fragile \u00bb - Le Quotidien de Nouakchott","isPartOf":{"@id":"https:\/\/lequotidien.mr\/#website"},"primaryImageOfPage":{"@id":"https:\/\/lequotidien.mr\/?p=7594&lang=fr#primaryimage"},"image":{"@id":"https:\/\/lequotidien.mr\/?p=7594&lang=fr#primaryimage"},"thumbnailUrl":"https:\/\/lequotidien.mr\/wp-content\/uploads\/2023\/04\/a2_1_port_de_nouakchott.jpg","datePublished":"2023-04-25T18:07:22+00:00","breadcrumb":{"@id":"https:\/\/lequotidien.mr\/?p=7594&lang=fr#breadcrumb"},"inLanguage":"ar","potentialAction":[{"@type":"ReadAction","target":["https:\/\/lequotidien.mr\/?p=7594&lang=fr"]}]},{"@type":"ImageObject","inLanguage":"ar","@id":"https:\/\/lequotidien.mr\/?p=7594&lang=fr#primaryimage","url":"https:\/\/lequotidien.mr\/wp-content\/uploads\/2023\/04\/a2_1_port_de_nouakchott.jpg","contentUrl":"https:\/\/lequotidien.mr\/wp-content\/uploads\/2023\/04\/a2_1_port_de_nouakchott.jpg","width":632,"height":492},{"@type":"BreadcrumbList","@id":"https:\/\/lequotidien.mr\/?p=7594&lang=fr#breadcrumb","itemListElement":[{"@type":"ListItem","position":1,"name":"Home","item":"https:\/\/lequotidien.mr\/"},{"@type":"ListItem","position":2,"name":"L&#8217;OCDE classe la Mauritanie comme un pays \u00ab fragile \u00bb"}]},{"@type":"WebSite","@id":"https:\/\/lequotidien.mr\/#website","url":"https:\/\/lequotidien.mr\/","name":"Le Quotidien de Nouakchott","description":"\u0625\u062e\u0628\u0627\u0631\u064a\u0629 \u0645\u0633\u062a\u0642\u0644\u0629 \u0644\u0644\u0623\u0646\u0628\u0627\u0621 \u0627\u0644\u0639\u0627\u0645\u0629","publisher":{"@id":"https:\/\/lequotidien.mr\/#organization"},"potentialAction":[{"@type":"SearchAction","target":{"@type":"EntryPoint","urlTemplate":"https:\/\/lequotidien.mr\/?s={search_term_string}"},"query-input":{"@type":"PropertyValueSpecification","valueRequired":true,"valueName":"search_term_string"}}],"inLanguage":"ar"},{"@type":"Organization","@id":"https:\/\/lequotidien.mr\/#organization","name":"Le Quotidien de Nouakchott","url":"https:\/\/lequotidien.mr\/","logo":{"@type":"ImageObject","inLanguage":"ar","@id":"https:\/\/lequotidien.mr\/#\/schema\/logo\/image\/","url":"https:\/\/lequotidien.mr\/wp-content\/uploads\/2022\/11\/logolequotidien.jpg","contentUrl":"https:\/\/lequotidien.mr\/wp-content\/uploads\/2022\/11\/logolequotidien.jpg","width":290,"height":65,"caption":"Le Quotidien de Nouakchott"},"image":{"@id":"https:\/\/lequotidien.mr\/#\/schema\/logo\/image\/"},"sameAs":["https:\/\/web.facebook.com\/lequotidienmr","https:\/\/x.com\/lequotidienmr"]},{"@type":"Person","@id":"https:\/\/lequotidien.mr\/#\/schema\/person\/1077c8abd5640a6514b909318d271dee","name":"Gayi Diawara","image":{"@type":"ImageObject","inLanguage":"ar","@id":"https:\/\/secure.gravatar.com\/avatar\/63ea8db1e19a6d2d608b24c0f78b5f3a7d6e0bc11959fec273410af333e4d0ac?s=96&d=mm&r=g","url":"https:\/\/secure.gravatar.com\/avatar\/63ea8db1e19a6d2d608b24c0f78b5f3a7d6e0bc11959fec273410af333e4d0ac?s=96&d=mm&r=g","contentUrl":"https:\/\/secure.gravatar.com\/avatar\/63ea8db1e19a6d2d608b24c0f78b5f3a7d6e0bc11959fec273410af333e4d0ac?s=96&d=mm&r=g","caption":"Gayi Diawara"},"sameAs":["http:\/\/lequotidien.mr"],"url":"https:\/\/lequotidien.mr\/?author=5"}]}},"_links":{"self":[{"href":"https:\/\/lequotidien.mr\/index.php?rest_route=\/wp\/v2\/posts\/7594","targetHints":{"allow":["GET"]}}],"collection":[{"href":"https:\/\/lequotidien.mr\/index.php?rest_route=\/wp\/v2\/posts"}],"about":[{"href":"https:\/\/lequotidien.mr\/index.php?rest_route=\/wp\/v2\/types\/post"}],"author":[{"embeddable":true,"href":"https:\/\/lequotidien.mr\/index.php?rest_route=\/wp\/v2\/users\/5"}],"replies":[{"embeddable":true,"href":"https:\/\/lequotidien.mr\/index.php?rest_route=%2Fwp%2Fv2%2Fcomments&post=7594"}],"version-history":[{"count":1,"href":"https:\/\/lequotidien.mr\/index.php?rest_route=\/wp\/v2\/posts\/7594\/revisions"}],"predecessor-version":[{"id":7596,"href":"https:\/\/lequotidien.mr\/index.php?rest_route=\/wp\/v2\/posts\/7594\/revisions\/7596"}],"wp:featuredmedia":[{"embeddable":true,"href":"https:\/\/lequotidien.mr\/index.php?rest_route=\/wp\/v2\/media\/7595"}],"wp:attachment":[{"href":"https:\/\/lequotidien.mr\/index.php?rest_route=%2Fwp%2Fv2%2Fmedia&parent=7594"}],"wp:term":[{"taxonomy":"category","embeddable":true,"href":"https:\/\/lequotidien.mr\/index.php?rest_route=%2Fwp%2Fv2%2Fcategories&post=7594"},{"taxonomy":"post_tag","embeddable":true,"href":"https:\/\/lequotidien.mr\/index.php?rest_route=%2Fwp%2Fv2%2Ftags&post=7594"}],"curies":[{"name":"wp","href":"https:\/\/api.w.org\/{rel}","templated":true}]}}