{"id":7437,"date":"2023-04-16T20:44:28","date_gmt":"2023-04-16T20:44:28","guid":{"rendered":"https:\/\/lequotidien.mr\/?p=7437"},"modified":"2023-04-16T20:44:28","modified_gmt":"2023-04-16T20:44:28","slug":"la-mauritanie-et-le-portugal-decident-de-renforcer-leur-cooperation-dans-differents-domaines","status":"publish","type":"post","link":"https:\/\/lequotidien.mr\/?p=7437&lang=fr","title":{"rendered":"La Mauritanie et le Portugal d\u00e9cident de renforcer leur coop\u00e9ration dans diff\u00e9rents domaines"},"content":{"rendered":"<p>AMI &#8211; La Mauritanie et le Portugal ont d\u00e9cid\u00e9, au terme de la visite que vient d\u2019effectuer le ministre portugais des affaires \u00e9trang\u00e8res en Mauritanie, de renforcer leur coop\u00e9ration dans les domaines politique, \u00e9conomique et commercial, conform\u00e9ment \u00e0 la volont\u00e9 politique des deux gouvernement, afin de hisser les relations entre les deux pays au niveau attendu.<\/p>\n<p>C\u2019est ce qu\u2019indique un communiqu\u00e9 rendu public, samedi soir \u00e0 Nouakchott, \u00e0 l\u2019issue de la visite que vient d\u2019effectuer en Mauritanie le ministre ministre portugais des Affaires \u00e9trang\u00e8res, M. Jo\u00e3o Gomes Cravinho. Voici le texte int\u00e9gral de ce communiqu\u00e9:<\/p>\n<p>\u201c1. SEM Jo\u00e3o Gomes Cravinho, Ministre des Affaires Etrang\u00e8res de la R\u00e9publique Portugaise, a effectu\u00e9 une visite de travail en R\u00e9publique Islamique de Mauritanie le 15 avril 2023, accompagn\u00e9 d\u2019une importante d\u00e9l\u00e9gation ;<\/p>\n<p>2. Le chef de la diplomatie portugaise a \u00e9t\u00e9 re\u00e7u et accompagn\u00e9 lors de cette visite pat SEM Mohamed Salem MERZOUG, Ministre des Affaires Etrang\u00e8res, de la Coop\u00e9ration et des Mauritaniens de l\u2019Ext\u00e9rieur ;<\/p>\n<p>3. Il a tenu avec son homologue mauritanien, SEM Mohamed Salem MERZOUG, Ministre des Affaires Etrang\u00e8res, de la Coop\u00e9ration et des Mauritaniens de l\u2019Ext\u00e9rieur un entretien en t\u00eate-\u00e0-t\u00eate \u00e9largi par la suite aux membres des deux d\u00e9l\u00e9gations ;<\/p>\n<p>4. Les \u00e9changes entre les deux parties se sont d\u00e9roul\u00e9s dans une atmosph\u00e8re amicale, ouverte et constructive et ont port\u00e9 sur les sujets de coop\u00e9ration bilat\u00e9rale et sur les questions r\u00e9gionales et internationales d\u2019int\u00e9r\u00eat commun ;<\/p>\n<p>5. Sur le plan bilat\u00e9ral, les deux chefs de la diplomatie ont convenu de :<\/p>\n<p>\u2013 Renforcer la coop\u00e9ration entre les deux pays dans les domaines politique, \u00e9conomique, commercial, conform\u00e9ment \u00e0 la volont\u00e9 politique des deux Gouvernements, afin de hisser les relations entre les deux pays au niveau attendu ;<\/p>\n<p>\u2013 R\u00e9activer et \u00e9largir la commission mixte instaur\u00e9e par l\u2019accord-cadre signer le 19 d\u00e9cembre 1998 afin d\u2019inclure des secteurs prioritaires y compris l\u2019\u00e9nergie renouvelable et l\u2019\u00e9conomie bleue ;<\/p>\n<p>\u2013 Relancer les consultations politiques, objet du m\u00e9morandum d\u2019entente sign\u00e9 le 15 juin 2010, pour d\u00e9velopper et approfondir la coop\u00e9ration aux niveaux bilat\u00e9ral et multilat\u00e9ral ;<\/p>\n<p>\u2013 Encourager les \u00e9changes de visites officielles dans l\u2019optique de raffermir d\u2019avantage les relations entre les deux pays.<\/p>\n<p>6. Au niveau Multilat\u00e9ral, les deux parties ont r\u00e9affirm\u00e9 ;<\/p>\n<p>\u2013 La n\u00e9cessit\u00e9 de renforcer l\u2019engagement de la communaut\u00e9 internationale aux c\u00f4t\u00e9s du G5 Sahel pour permettre \u00e0 cette organisation r\u00e9gionale de relever les d\u00e9fis qui entravent la r\u00e9alisation de sa mission strat\u00e9gique en faveur de la paix, de la s\u00e9curit\u00e9 et du d\u00e9veloppement dans la sous-r\u00e9gion ;<\/p>\n<p>\u2013 L\u2019importance du maintien de la paix et de la s\u00e9curit\u00e9 au niveau mondial, ainsi que du r\u00e8glement des diff\u00e9rends par les moyens diplomatiques, dans le respect de la charte des Nations Unies, du droit international et des principes de souverainet\u00e9, d\u2019ind\u00e9pendance et d\u2019int\u00e9grit\u00e9 territoriale des Etats ;<\/p>\n<p>7. Lors de cette visite le Secr\u00e9taire d\u2019Etat de la Mer et la Secr\u00e9taire d\u2019Etat des P\u00eaches ont \u00e9t\u00e9 re\u00e7us par le Ministre des P\u00eaches et de l\u2019\u00c9conomie Maritime, M. Mohamed Abidine MAYIF ; leurs entretiens ont port\u00e9 sur les perspectives de coop\u00e9ration et d\u2019investissement entre la Mauritanie et le Portugal dans les domaines li\u00e9s au d\u00e9partement de la p\u00eache et \u00e0 l\u2019\u00e9conomie maritime.<\/p>\n<p>Fait \u00e0 Nouakchott, le 15\/04\/2023\u201d<\/p>\n","protected":false},"excerpt":{"rendered":"<p>AMI &#8211; La Mauritanie et le Portugal ont d\u00e9cid\u00e9, au terme de la visite que vient d\u2019effectuer le ministre portugais des affaires \u00e9trang\u00e8res en Mauritanie, de renforcer leur coop\u00e9ration dans les domaines politique, \u00e9conomique et commercial, conform\u00e9ment \u00e0 la volont\u00e9 politique des deux gouvernement, afin de hisser les relations entre les deux pays au niveau&#8230;..<\/p>\n","protected":false},"author":5,"featured_media":0,"comment_status":"open","ping_status":"open","sticky":false,"template":"","format":"standard","meta":{"footnotes":""},"categories":[23,49],"tags":[],"class_list":["post-7437","post","type-post","status-publish","format-standard","hentry","category-actualite","category-economie"],"yoast_head":"<!-- This site is optimized with the Yoast SEO plugin v27.5 - https:\/\/yoast.com\/product\/yoast-seo-wordpress\/ -->\n<title>La Mauritanie et le Portugal d\u00e9cident de renforcer leur coop\u00e9ration dans diff\u00e9rents domaines - Le Quotidien de Nouakchott<\/title>\n<meta name=\"robots\" content=\"index, follow, max-snippet:-1, max-image-preview:large, max-video-preview:-1\" \/>\n<link rel=\"canonical\" href=\"https:\/\/lequotidien.mr\/?p=7437&lang=fr\" \/>\n<meta property=\"og:locale\" content=\"ar_AR\" \/>\n<meta property=\"og:type\" content=\"article\" \/>\n<meta property=\"og:title\" content=\"La Mauritanie et le Portugal d\u00e9cident de renforcer leur coop\u00e9ration dans diff\u00e9rents domaines - Le Quotidien de Nouakchott\" \/>\n<meta property=\"og:description\" content=\"AMI &#8211; La Mauritanie et le Portugal ont d\u00e9cid\u00e9, au terme de la visite que vient d\u2019effectuer le ministre portugais des affaires \u00e9trang\u00e8res en Mauritanie, de renforcer leur coop\u00e9ration dans les domaines politique, \u00e9conomique et commercial, conform\u00e9ment \u00e0 la volont\u00e9 politique des deux gouvernement, afin de hisser les relations entre les deux pays au niveau.....\" \/>\n<meta property=\"og:url\" content=\"https:\/\/lequotidien.mr\/?p=7437&amp;lang=fr\" \/>\n<meta property=\"og:site_name\" content=\"Le Quotidien de Nouakchott\" \/>\n<meta property=\"article:publisher\" content=\"https:\/\/web.facebook.com\/lequotidienmr\" \/>\n<meta property=\"article:published_time\" content=\"2023-04-16T20:44:28+00:00\" \/>\n<meta name=\"author\" content=\"Gayi Diawara\" \/>\n<meta name=\"twitter:card\" content=\"summary_large_image\" \/>\n<meta name=\"twitter:creator\" content=\"@lequotidienmr\" \/>\n<meta name=\"twitter:site\" content=\"@lequotidienmr\" \/>\n<meta name=\"twitter:label1\" content=\"\u0643\u064f\u062a\u0628 \u0628\u0648\u0627\u0633\u0637\u0629\" \/>\n\t<meta name=\"twitter:data1\" content=\"Gayi Diawara\" \/>\n\t<meta name=\"twitter:label2\" content=\"\u0648\u0642\u062a \u0627\u0644\u0642\u0631\u0627\u0621\u0629 \u0627\u0644\u0645\u064f\u0642\u062f\u0651\u0631\" \/>\n\t<meta name=\"twitter:data2\" content=\"3 \u062f\u0642\u0627\u0626\u0642\" \/>\n<script type=\"application\/ld+json\" class=\"yoast-schema-graph\">{\"@context\":\"https:\\\/\\\/schema.org\",\"@graph\":[{\"@type\":\"Article\",\"@id\":\"https:\\\/\\\/lequotidien.mr\\\/?p=7437&lang=fr#article\",\"isPartOf\":{\"@id\":\"https:\\\/\\\/lequotidien.mr\\\/?p=7437&lang=fr\"},\"author\":{\"name\":\"Gayi Diawara\",\"@id\":\"https:\\\/\\\/lequotidien.mr\\\/#\\\/schema\\\/person\\\/1077c8abd5640a6514b909318d271dee\"},\"headline\":\"La Mauritanie et le Portugal d\u00e9cident de renforcer leur coop\u00e9ration dans diff\u00e9rents domaines\",\"datePublished\":\"2023-04-16T20:44:28+00:00\",\"mainEntityOfPage\":{\"@id\":\"https:\\\/\\\/lequotidien.mr\\\/?p=7437&lang=fr\"},\"wordCount\":605,\"commentCount\":0,\"publisher\":{\"@id\":\"https:\\\/\\\/lequotidien.mr\\\/#organization\"},\"articleSection\":[\"ACTUALIT\u00c9\",\"Economie\"],\"inLanguage\":\"ar\",\"potentialAction\":[{\"@type\":\"CommentAction\",\"name\":\"Comment\",\"target\":[\"https:\\\/\\\/lequotidien.mr\\\/?p=7437&lang=fr#respond\"]}]},{\"@type\":\"WebPage\",\"@id\":\"https:\\\/\\\/lequotidien.mr\\\/?p=7437&lang=fr\",\"url\":\"https:\\\/\\\/lequotidien.mr\\\/?p=7437&lang=fr\",\"name\":\"La Mauritanie et le Portugal d\u00e9cident de renforcer leur coop\u00e9ration dans diff\u00e9rents domaines - Le Quotidien de Nouakchott\",\"isPartOf\":{\"@id\":\"https:\\\/\\\/lequotidien.mr\\\/#website\"},\"datePublished\":\"2023-04-16T20:44:28+00:00\",\"breadcrumb\":{\"@id\":\"https:\\\/\\\/lequotidien.mr\\\/?p=7437&lang=fr#breadcrumb\"},\"inLanguage\":\"ar\",\"potentialAction\":[{\"@type\":\"ReadAction\",\"target\":[\"https:\\\/\\\/lequotidien.mr\\\/?p=7437&lang=fr\"]}]},{\"@type\":\"BreadcrumbList\",\"@id\":\"https:\\\/\\\/lequotidien.mr\\\/?p=7437&lang=fr#breadcrumb\",\"itemListElement\":[{\"@type\":\"ListItem\",\"position\":1,\"name\":\"Home\",\"item\":\"https:\\\/\\\/lequotidien.mr\\\/\"},{\"@type\":\"ListItem\",\"position\":2,\"name\":\"La Mauritanie et le Portugal d\u00e9cident de renforcer leur coop\u00e9ration dans diff\u00e9rents domaines\"}]},{\"@type\":\"WebSite\",\"@id\":\"https:\\\/\\\/lequotidien.mr\\\/#website\",\"url\":\"https:\\\/\\\/lequotidien.mr\\\/\",\"name\":\"Le Quotidien de Nouakchott\",\"description\":\"\u0625\u062e\u0628\u0627\u0631\u064a\u0629 \u0645\u0633\u062a\u0642\u0644\u0629 \u0644\u0644\u0623\u0646\u0628\u0627\u0621 \u0627\u0644\u0639\u0627\u0645\u0629\",\"publisher\":{\"@id\":\"https:\\\/\\\/lequotidien.mr\\\/#organization\"},\"potentialAction\":[{\"@type\":\"SearchAction\",\"target\":{\"@type\":\"EntryPoint\",\"urlTemplate\":\"https:\\\/\\\/lequotidien.mr\\\/?s={search_term_string}\"},\"query-input\":{\"@type\":\"PropertyValueSpecification\",\"valueRequired\":true,\"valueName\":\"search_term_string\"}}],\"inLanguage\":\"ar\"},{\"@type\":\"Organization\",\"@id\":\"https:\\\/\\\/lequotidien.mr\\\/#organization\",\"name\":\"Le Quotidien de Nouakchott\",\"url\":\"https:\\\/\\\/lequotidien.mr\\\/\",\"logo\":{\"@type\":\"ImageObject\",\"inLanguage\":\"ar\",\"@id\":\"https:\\\/\\\/lequotidien.mr\\\/#\\\/schema\\\/logo\\\/image\\\/\",\"url\":\"https:\\\/\\\/lequotidien.mr\\\/wp-content\\\/uploads\\\/2022\\\/11\\\/logolequotidien.jpg\",\"contentUrl\":\"https:\\\/\\\/lequotidien.mr\\\/wp-content\\\/uploads\\\/2022\\\/11\\\/logolequotidien.jpg\",\"width\":290,\"height\":65,\"caption\":\"Le Quotidien de Nouakchott\"},\"image\":{\"@id\":\"https:\\\/\\\/lequotidien.mr\\\/#\\\/schema\\\/logo\\\/image\\\/\"},\"sameAs\":[\"https:\\\/\\\/web.facebook.com\\\/lequotidienmr\",\"https:\\\/\\\/x.com\\\/lequotidienmr\"]},{\"@type\":\"Person\",\"@id\":\"https:\\\/\\\/lequotidien.mr\\\/#\\\/schema\\\/person\\\/1077c8abd5640a6514b909318d271dee\",\"name\":\"Gayi Diawara\",\"image\":{\"@type\":\"ImageObject\",\"inLanguage\":\"ar\",\"@id\":\"https:\\\/\\\/secure.gravatar.com\\\/avatar\\\/63ea8db1e19a6d2d608b24c0f78b5f3a7d6e0bc11959fec273410af333e4d0ac?s=96&d=mm&r=g\",\"url\":\"https:\\\/\\\/secure.gravatar.com\\\/avatar\\\/63ea8db1e19a6d2d608b24c0f78b5f3a7d6e0bc11959fec273410af333e4d0ac?s=96&d=mm&r=g\",\"contentUrl\":\"https:\\\/\\\/secure.gravatar.com\\\/avatar\\\/63ea8db1e19a6d2d608b24c0f78b5f3a7d6e0bc11959fec273410af333e4d0ac?s=96&d=mm&r=g\",\"caption\":\"Gayi Diawara\"},\"sameAs\":[\"http:\\\/\\\/lequotidien.mr\"],\"url\":\"https:\\\/\\\/lequotidien.mr\\\/?author=5\"}]}<\/script>\n<!-- \/ Yoast SEO plugin. -->","yoast_head_json":{"title":"La Mauritanie et le Portugal d\u00e9cident de renforcer leur coop\u00e9ration dans diff\u00e9rents domaines - Le Quotidien de Nouakchott","robots":{"index":"index","follow":"follow","max-snippet":"max-snippet:-1","max-image-preview":"max-image-preview:large","max-video-preview":"max-video-preview:-1"},"canonical":"https:\/\/lequotidien.mr\/?p=7437&lang=fr","og_locale":"ar_AR","og_type":"article","og_title":"La Mauritanie et le Portugal d\u00e9cident de renforcer leur coop\u00e9ration dans diff\u00e9rents domaines - Le Quotidien de Nouakchott","og_description":"AMI &#8211; La Mauritanie et le Portugal ont d\u00e9cid\u00e9, au terme de la visite que vient d\u2019effectuer le ministre portugais des affaires \u00e9trang\u00e8res en Mauritanie, de renforcer leur coop\u00e9ration dans les domaines politique, \u00e9conomique et commercial, conform\u00e9ment \u00e0 la volont\u00e9 politique des deux gouvernement, afin de hisser les relations entre les deux pays au niveau.....","og_url":"https:\/\/lequotidien.mr\/?p=7437&lang=fr","og_site_name":"Le Quotidien de Nouakchott","article_publisher":"https:\/\/web.facebook.com\/lequotidienmr","article_published_time":"2023-04-16T20:44:28+00:00","author":"Gayi Diawara","twitter_card":"summary_large_image","twitter_creator":"@lequotidienmr","twitter_site":"@lequotidienmr","twitter_misc":{"\u0643\u064f\u062a\u0628 \u0628\u0648\u0627\u0633\u0637\u0629":"Gayi Diawara","\u0648\u0642\u062a \u0627\u0644\u0642\u0631\u0627\u0621\u0629 \u0627\u0644\u0645\u064f\u0642\u062f\u0651\u0631":"3 \u062f\u0642\u0627\u0626\u0642"},"schema":{"@context":"https:\/\/schema.org","@graph":[{"@type":"Article","@id":"https:\/\/lequotidien.mr\/?p=7437&lang=fr#article","isPartOf":{"@id":"https:\/\/lequotidien.mr\/?p=7437&lang=fr"},"author":{"name":"Gayi Diawara","@id":"https:\/\/lequotidien.mr\/#\/schema\/person\/1077c8abd5640a6514b909318d271dee"},"headline":"La Mauritanie et le Portugal d\u00e9cident de renforcer leur coop\u00e9ration dans diff\u00e9rents domaines","datePublished":"2023-04-16T20:44:28+00:00","mainEntityOfPage":{"@id":"https:\/\/lequotidien.mr\/?p=7437&lang=fr"},"wordCount":605,"commentCount":0,"publisher":{"@id":"https:\/\/lequotidien.mr\/#organization"},"articleSection":["ACTUALIT\u00c9","Economie"],"inLanguage":"ar","potentialAction":[{"@type":"CommentAction","name":"Comment","target":["https:\/\/lequotidien.mr\/?p=7437&lang=fr#respond"]}]},{"@type":"WebPage","@id":"https:\/\/lequotidien.mr\/?p=7437&lang=fr","url":"https:\/\/lequotidien.mr\/?p=7437&lang=fr","name":"La Mauritanie et le Portugal d\u00e9cident de renforcer leur coop\u00e9ration dans diff\u00e9rents domaines - Le Quotidien de Nouakchott","isPartOf":{"@id":"https:\/\/lequotidien.mr\/#website"},"datePublished":"2023-04-16T20:44:28+00:00","breadcrumb":{"@id":"https:\/\/lequotidien.mr\/?p=7437&lang=fr#breadcrumb"},"inLanguage":"ar","potentialAction":[{"@type":"ReadAction","target":["https:\/\/lequotidien.mr\/?p=7437&lang=fr"]}]},{"@type":"BreadcrumbList","@id":"https:\/\/lequotidien.mr\/?p=7437&lang=fr#breadcrumb","itemListElement":[{"@type":"ListItem","position":1,"name":"Home","item":"https:\/\/lequotidien.mr\/"},{"@type":"ListItem","position":2,"name":"La Mauritanie et le Portugal d\u00e9cident de renforcer leur coop\u00e9ration dans diff\u00e9rents domaines"}]},{"@type":"WebSite","@id":"https:\/\/lequotidien.mr\/#website","url":"https:\/\/lequotidien.mr\/","name":"Le Quotidien de Nouakchott","description":"\u0625\u062e\u0628\u0627\u0631\u064a\u0629 \u0645\u0633\u062a\u0642\u0644\u0629 \u0644\u0644\u0623\u0646\u0628\u0627\u0621 \u0627\u0644\u0639\u0627\u0645\u0629","publisher":{"@id":"https:\/\/lequotidien.mr\/#organization"},"potentialAction":[{"@type":"SearchAction","target":{"@type":"EntryPoint","urlTemplate":"https:\/\/lequotidien.mr\/?s={search_term_string}"},"query-input":{"@type":"PropertyValueSpecification","valueRequired":true,"valueName":"search_term_string"}}],"inLanguage":"ar"},{"@type":"Organization","@id":"https:\/\/lequotidien.mr\/#organization","name":"Le Quotidien de Nouakchott","url":"https:\/\/lequotidien.mr\/","logo":{"@type":"ImageObject","inLanguage":"ar","@id":"https:\/\/lequotidien.mr\/#\/schema\/logo\/image\/","url":"https:\/\/lequotidien.mr\/wp-content\/uploads\/2022\/11\/logolequotidien.jpg","contentUrl":"https:\/\/lequotidien.mr\/wp-content\/uploads\/2022\/11\/logolequotidien.jpg","width":290,"height":65,"caption":"Le Quotidien de Nouakchott"},"image":{"@id":"https:\/\/lequotidien.mr\/#\/schema\/logo\/image\/"},"sameAs":["https:\/\/web.facebook.com\/lequotidienmr","https:\/\/x.com\/lequotidienmr"]},{"@type":"Person","@id":"https:\/\/lequotidien.mr\/#\/schema\/person\/1077c8abd5640a6514b909318d271dee","name":"Gayi Diawara","image":{"@type":"ImageObject","inLanguage":"ar","@id":"https:\/\/secure.gravatar.com\/avatar\/63ea8db1e19a6d2d608b24c0f78b5f3a7d6e0bc11959fec273410af333e4d0ac?s=96&d=mm&r=g","url":"https:\/\/secure.gravatar.com\/avatar\/63ea8db1e19a6d2d608b24c0f78b5f3a7d6e0bc11959fec273410af333e4d0ac?s=96&d=mm&r=g","contentUrl":"https:\/\/secure.gravatar.com\/avatar\/63ea8db1e19a6d2d608b24c0f78b5f3a7d6e0bc11959fec273410af333e4d0ac?s=96&d=mm&r=g","caption":"Gayi Diawara"},"sameAs":["http:\/\/lequotidien.mr"],"url":"https:\/\/lequotidien.mr\/?author=5"}]}},"_links":{"self":[{"href":"https:\/\/lequotidien.mr\/index.php?rest_route=\/wp\/v2\/posts\/7437","targetHints":{"allow":["GET"]}}],"collection":[{"href":"https:\/\/lequotidien.mr\/index.php?rest_route=\/wp\/v2\/posts"}],"about":[{"href":"https:\/\/lequotidien.mr\/index.php?rest_route=\/wp\/v2\/types\/post"}],"author":[{"embeddable":true,"href":"https:\/\/lequotidien.mr\/index.php?rest_route=\/wp\/v2\/users\/5"}],"replies":[{"embeddable":true,"href":"https:\/\/lequotidien.mr\/index.php?rest_route=%2Fwp%2Fv2%2Fcomments&post=7437"}],"version-history":[{"count":1,"href":"https:\/\/lequotidien.mr\/index.php?rest_route=\/wp\/v2\/posts\/7437\/revisions"}],"predecessor-version":[{"id":7439,"href":"https:\/\/lequotidien.mr\/index.php?rest_route=\/wp\/v2\/posts\/7437\/revisions\/7439"}],"wp:attachment":[{"href":"https:\/\/lequotidien.mr\/index.php?rest_route=%2Fwp%2Fv2%2Fmedia&parent=7437"}],"wp:term":[{"taxonomy":"category","embeddable":true,"href":"https:\/\/lequotidien.mr\/index.php?rest_route=%2Fwp%2Fv2%2Fcategories&post=7437"},{"taxonomy":"post_tag","embeddable":true,"href":"https:\/\/lequotidien.mr\/index.php?rest_route=%2Fwp%2Fv2%2Ftags&post=7437"}],"curies":[{"name":"wp","href":"https:\/\/api.w.org\/{rel}","templated":true}]}}