{"id":736,"date":"2022-11-25T17:25:30","date_gmt":"2022-11-25T17:25:30","guid":{"rendered":"https:\/\/lequotidien.mr\/?p=736"},"modified":"2022-11-25T17:25:30","modified_gmt":"2022-11-25T17:25:30","slug":"a-niamey-le-g5-sahel-tient-un-atelier-pour-elaborer-son-nouveau-programme-dinvestissements-prioritaires-pip-2023-2025","status":"publish","type":"post","link":"https:\/\/lequotidien.mr\/?p=736&lang=fr","title":{"rendered":"A Niamey, le G5 Sahel tient un atelier pour \u00e9laborer son nouveau Programme d&#8217;Investissements Prioritaires (PIP) 2023-2025"},"content":{"rendered":"<p>ANP &#8211; Les experts du G5 Sahel et leurs partenaires travaillent, depuis ce mercredi 23 Novembre 2022 \u00e0 l\u2019H\u00f4tel T\u00e9n\u00e9r\u00e9 de Niamey, pour \u00e9laborer le nouveau &#8220;Programme d&#8217;Investissements Prioritaires (PIP)&#8221; de l\u2019organisation devant s\u2019\u00e9taler de 2023 \u00e0 2025.<\/p>\n<p>L\u2019ouverture officielle des travaux a \u00e9t\u00e9 marqu\u00e9e par le discours du Chef de d\u00e9partement infrastructures, M. Magawata Abdou repr\u00e9sentant le Secr\u00e9taire Ex\u00e9cutif de l\u2019organisation, M. Eric Yemdaogo TIARE.<\/p>\n<p>Cet atelier de travail, note-t-on, s&#8217;inscrit dans la suite de la r\u00e9vision de la Strat\u00e9gie pour le D\u00e9veloppement et la S\u00e9curit\u00e9 (SDS) du G5 Sahel.<\/p>\n<p>\u00ab\u00a0Le processus [d\u2019\u00e9laboration, ndlr] intervient dans un contexte de grande vuln\u00e9rabilit\u00e9 des zones frontali\u00e8res, de crise s\u00e9curitaire aggravant les faibles conditions de vie des populations de l&#8217;espace du G5 Sahel.\u00a0Pour cela, en compl\u00e9mentarit\u00e9 avec les efforts d\u00e9ploy\u00e9s par l&#8217;ensemble des acteurs intervenant aux c\u00f4t\u00e9s des \u00c9tats, le PIP met l&#8217;accent sur les priorit\u00e9s majeures \u00e0 r\u00e9soudre durant la p\u00e9riode 2023 \u00e0 2025.\u00bb, a d\u00e9clar\u00e9, dans son discours, M. Magawata.<\/p>\n<p>Poursuivant son speech, le responsable de l\u2019organisation sah\u00e9lienne a rappel\u00e9 les priorit\u00e9s identifi\u00e9es dans la SDS du G5 Sahel r\u00e9vis\u00e9e en 2022.<\/p>\n<p>Selon lui, ces priorit\u00e9s sont principalement de trois (3) ordres.<\/p>\n<p>La premi\u00e8re est, selon lui, \u00ab\u00a0La poursuite et le renforcement de la lutte contre l&#8217;ins\u00e9curit\u00e9 en s&#8217;appuyant sur les outils d\u00e9j\u00e0 cr\u00e9\u00e9s qu&#8217;il faut consolider et en renfor\u00e7ant la dimension holistique de l&#8217;ins\u00e9curit\u00e9 pour tenir compte de son \u00e9volution et de sa complexit\u00e9\u00a0\u00bb.<\/p>\n<p>La seconde priorit\u00e9, a-t-il rench\u00e9ri, est \u00ab\u00a0La recherche de solutions viables et durables aux causes de l&#8217;ins\u00e9curit\u00e9 \u00e0 travers des actions de d\u00e9veloppement cibl\u00e9es pour cr\u00e9er des niches de d\u00e9veloppement, soutenir l&#8217;action des \u00c9tats, des Collectivit\u00e9s territoriales et des partenaires au d\u00e9veloppement\u00a0\u00bb.<\/p>\n<p>Cette derni\u00e8re priorit\u00e9 passe, selon lui, par des actions dans le domaine de\u00a0: la gouvernance en termes d&#8217;am\u00e9lioration des cadres, la gouvernance en institutionnels, la lutte contre la radicalisation et la prise en compte de la question de la jeunesse et des femmes.<\/p>\n<p>Cette seconde priorit\u00e9 se traduit aussi, selon Magawata, par les infrastructures \u00e0 travers les facteurs de soutien \u00e0 l&#8217;\u00e9conomie comme dans le domaine du d\u00e9senclavement terrestre, a\u00e9rien et institutionnel d&#8217;am\u00e9nagement et de d\u00e9veloppement du num\u00e9rique, de l&#8217;\u00e9nergie, de l&#8217;hydraulique et via des outils territoriaux.<\/p>\n<p>Elle passe aussi, a-t-il continu\u00e9, par la r\u00e9silience en travaillant davantage sur les capacit\u00e9s des acteurs \u00e0 faire face aux crises et aux changements structurels notamment les changements climatiques avec les cons\u00e9quences en termes de crises alimentaires et humanitaires.<\/p>\n<p>Enfin, la troisi\u00e8me (3) priorit\u00e9 cit\u00e9e par le responsable de l\u2019organisation sous r\u00e9gionale est \u00ab\u00a0la prise en compte des effets de l&#8217;ins\u00e9curit\u00e9 \u00e0 travers des actions de r\u00e9solution et de transformation des conflits mais aussi l&#8217;appui aux efforts des Etats dans la prise en charge des personnes d\u00e9plac\u00e9es internes et des r\u00e9fugi\u00e9s\u00a0\u00bb.<\/p>\n<p>Selon la m\u00eame source, \u00ab\u00a0l&#8217;axe transversal de partenariat et communication ne donne pas lieu \u00e0 des programmes\u00a0\u00bb, notant que \u00ab\u00a0Les actions dans ce cadre visent \u00e0 atteindre l&#8217;objectif d\u00e9fini dans la SDS \u00e0 travers l&#8217;am\u00e9lioration du cadre, des moyens et des ressources ainsi que des outils d&#8217;intervention\u00a0\u00bb.<\/p>\n<p>Cette rencontre de Niamey, a soulign\u00e9 le Chef de d\u00e9partement infrastructures du G5 Sahel, sera l&#8217;occasion de pr\u00e9senter aux participants la nouvelle monture du PIP 2023-2025, de renforcer la planification, d&#8217;examiner la budg\u00e9tisation et d&#8217;assurer la coordination des projets du PIP avec ceux des Etats.<\/p>\n<p>Elle sera aussi l&#8217;occasion, a-t-il inform\u00e9, de valider les orientations de la SDS revue; d\u2019assurer la coh\u00e9rence entre les projets du PIP et la prise en compte des priorit\u00e9s des Etats, de planifier les projets du PIP au niveau national; d\u2019examiner le budget et la capacit\u00e9 \u00e0 mobiliser les fonds y relatifs; de proposer des orientations sur le m\u00e9canisme de financement, de suivi- \u00e9valuation et de coordination de la mise en \u0153uvre du PIP entre le Secr\u00e9tariat Ex\u00e9cutif, les \u00c9tats et les partenaires.<\/p>\n<p>Au terme de son intervention, M. Magawata Abdou a r\u00e9it\u00e9r\u00e9 ses remerciements \u00ab\u00a0aux plus hautes autorit\u00e9s nig\u00e9riennes pour avoir accept\u00e9 d&#8217;abriter cette rencontre\u00a0\u00bb, ainsi qu\u2019\u00e0 la Fondation KONRAD Adenauer \u00ab\u00a0pour son accompagnement financier mais aussi technique qui a permis d&#8217;organiser cette rencontre\u00a0\u00bb.<\/p>\n<p>Il a aussi adress\u00e9 une mention sp\u00e9ciale \u00ab au projet PAGS II pour l&#8217;appui et l&#8217;accompagnement dans le processus de r\u00e9vision de nos documents\u00a0\u00bb.<\/p>\n<p>Le Programme d&#8217;Investissements Prioritaires (PIP), note-t-on, est un instrument de mise en \u0153uvre de la Strat\u00e9gie de D\u00e9veloppement et de S\u00e9curit\u00e9 du G5 Sahel. Le PIP initial \u00e9labor\u00e9 et adopt\u00e9 par le Conseil des Ministres en juin 2014 \u00e0 Niamey au Niger comprenait 120 projets.<\/p>\n<p>MSB\/AS\/ANP 0163 Novembre 2022<\/p>\n","protected":false},"excerpt":{"rendered":"<p>ANP &#8211; Les experts du G5 Sahel et leurs partenaires travaillent, depuis ce mercredi 23 Novembre 2022 \u00e0 l\u2019H\u00f4tel T\u00e9n\u00e9r\u00e9 de Niamey, pour \u00e9laborer le nouveau &#8220;Programme d&#8217;Investissements Prioritaires (PIP)&#8221; de l\u2019organisation devant s\u2019\u00e9taler de 2023 \u00e0 2025. L\u2019ouverture officielle des travaux a \u00e9t\u00e9 marqu\u00e9e par le discours du Chef de d\u00e9partement infrastructures, M. Magawata&#8230;..<\/p>\n","protected":false},"author":5,"featured_media":737,"comment_status":"open","ping_status":"open","sticky":false,"template":"","format":"standard","meta":{"footnotes":""},"categories":[23,49],"tags":[],"class_list":["post-736","post","type-post","status-publish","format-standard","has-post-thumbnail","hentry","category-actualite","category-economie"],"yoast_head":"<!-- This site is optimized with the Yoast SEO plugin v27.5 - https:\/\/yoast.com\/product\/yoast-seo-wordpress\/ -->\n<title>A Niamey, le G5 Sahel tient un atelier pour \u00e9laborer son nouveau Programme d&#039;Investissements Prioritaires (PIP) 2023-2025 - Le Quotidien de Nouakchott<\/title>\n<meta name=\"robots\" content=\"index, follow, max-snippet:-1, max-image-preview:large, max-video-preview:-1\" \/>\n<link rel=\"canonical\" href=\"https:\/\/lequotidien.mr\/?p=736&lang=fr\" \/>\n<meta property=\"og:locale\" content=\"ar_AR\" \/>\n<meta property=\"og:type\" content=\"article\" \/>\n<meta property=\"og:title\" content=\"A Niamey, le G5 Sahel tient un atelier pour \u00e9laborer son nouveau Programme d&#039;Investissements Prioritaires (PIP) 2023-2025 - Le Quotidien de Nouakchott\" \/>\n<meta property=\"og:description\" content=\"ANP &#8211; Les experts du G5 Sahel et leurs partenaires travaillent, depuis ce mercredi 23 Novembre 2022 \u00e0 l\u2019H\u00f4tel T\u00e9n\u00e9r\u00e9 de Niamey, pour \u00e9laborer le nouveau &#8220;Programme d&#8217;Investissements Prioritaires (PIP)&#8221; de l\u2019organisation devant s\u2019\u00e9taler de 2023 \u00e0 2025. L\u2019ouverture officielle des travaux a \u00e9t\u00e9 marqu\u00e9e par le discours du Chef de d\u00e9partement infrastructures, M. Magawata.....\" \/>\n<meta property=\"og:url\" content=\"https:\/\/lequotidien.mr\/?p=736&amp;lang=fr\" \/>\n<meta property=\"og:site_name\" content=\"Le Quotidien de Nouakchott\" \/>\n<meta property=\"article:publisher\" content=\"https:\/\/web.facebook.com\/lequotidienmr\" \/>\n<meta property=\"article:published_time\" content=\"2022-11-25T17:25:30+00:00\" \/>\n<meta property=\"og:image\" content=\"https:\/\/lequotidien.mr\/wp-content\/uploads\/2022\/11\/g5_sahel_1_pip.jpg\" \/>\n\t<meta property=\"og:image:width\" content=\"1080\" \/>\n\t<meta property=\"og:image:height\" content=\"809\" \/>\n\t<meta property=\"og:image:type\" content=\"image\/jpeg\" \/>\n<meta name=\"author\" content=\"Gayi Diawara\" \/>\n<meta name=\"twitter:card\" content=\"summary_large_image\" \/>\n<meta name=\"twitter:creator\" content=\"@lequotidienmr\" \/>\n<meta name=\"twitter:site\" content=\"@lequotidienmr\" \/>\n<meta name=\"twitter:label1\" content=\"\u0643\u064f\u062a\u0628 \u0628\u0648\u0627\u0633\u0637\u0629\" \/>\n\t<meta name=\"twitter:data1\" content=\"Gayi Diawara\" \/>\n\t<meta name=\"twitter:label2\" content=\"\u0648\u0642\u062a \u0627\u0644\u0642\u0631\u0627\u0621\u0629 \u0627\u0644\u0645\u064f\u0642\u062f\u0651\u0631\" \/>\n\t<meta name=\"twitter:data2\" content=\"4 \u062f\u0642\u0627\u0626\u0642\" \/>\n<script type=\"application\/ld+json\" class=\"yoast-schema-graph\">{\"@context\":\"https:\\\/\\\/schema.org\",\"@graph\":[{\"@type\":\"Article\",\"@id\":\"https:\\\/\\\/lequotidien.mr\\\/?p=736&lang=fr#article\",\"isPartOf\":{\"@id\":\"https:\\\/\\\/lequotidien.mr\\\/?p=736&lang=fr\"},\"author\":{\"name\":\"Gayi Diawara\",\"@id\":\"https:\\\/\\\/lequotidien.mr\\\/#\\\/schema\\\/person\\\/1077c8abd5640a6514b909318d271dee\"},\"headline\":\"A Niamey, le G5 Sahel tient un atelier pour \u00e9laborer son nouveau Programme d&#8217;Investissements Prioritaires (PIP) 2023-2025\",\"datePublished\":\"2022-11-25T17:25:30+00:00\",\"mainEntityOfPage\":{\"@id\":\"https:\\\/\\\/lequotidien.mr\\\/?p=736&lang=fr\"},\"wordCount\":862,\"commentCount\":0,\"publisher\":{\"@id\":\"https:\\\/\\\/lequotidien.mr\\\/#organization\"},\"image\":{\"@id\":\"https:\\\/\\\/lequotidien.mr\\\/?p=736&lang=fr#primaryimage\"},\"thumbnailUrl\":\"https:\\\/\\\/lequotidien.mr\\\/wp-content\\\/uploads\\\/2022\\\/11\\\/g5_sahel_1_pip.jpg\",\"articleSection\":[\"ACTUALIT\u00c9\",\"Economie\"],\"inLanguage\":\"ar\",\"potentialAction\":[{\"@type\":\"CommentAction\",\"name\":\"Comment\",\"target\":[\"https:\\\/\\\/lequotidien.mr\\\/?p=736&lang=fr#respond\"]}]},{\"@type\":\"WebPage\",\"@id\":\"https:\\\/\\\/lequotidien.mr\\\/?p=736&lang=fr\",\"url\":\"https:\\\/\\\/lequotidien.mr\\\/?p=736&lang=fr\",\"name\":\"A Niamey, le G5 Sahel tient un atelier pour \u00e9laborer son nouveau Programme d'Investissements Prioritaires (PIP) 2023-2025 - Le Quotidien de Nouakchott\",\"isPartOf\":{\"@id\":\"https:\\\/\\\/lequotidien.mr\\\/#website\"},\"primaryImageOfPage\":{\"@id\":\"https:\\\/\\\/lequotidien.mr\\\/?p=736&lang=fr#primaryimage\"},\"image\":{\"@id\":\"https:\\\/\\\/lequotidien.mr\\\/?p=736&lang=fr#primaryimage\"},\"thumbnailUrl\":\"https:\\\/\\\/lequotidien.mr\\\/wp-content\\\/uploads\\\/2022\\\/11\\\/g5_sahel_1_pip.jpg\",\"datePublished\":\"2022-11-25T17:25:30+00:00\",\"breadcrumb\":{\"@id\":\"https:\\\/\\\/lequotidien.mr\\\/?p=736&lang=fr#breadcrumb\"},\"inLanguage\":\"ar\",\"potentialAction\":[{\"@type\":\"ReadAction\",\"target\":[\"https:\\\/\\\/lequotidien.mr\\\/?p=736&lang=fr\"]}]},{\"@type\":\"ImageObject\",\"inLanguage\":\"ar\",\"@id\":\"https:\\\/\\\/lequotidien.mr\\\/?p=736&lang=fr#primaryimage\",\"url\":\"https:\\\/\\\/lequotidien.mr\\\/wp-content\\\/uploads\\\/2022\\\/11\\\/g5_sahel_1_pip.jpg\",\"contentUrl\":\"https:\\\/\\\/lequotidien.mr\\\/wp-content\\\/uploads\\\/2022\\\/11\\\/g5_sahel_1_pip.jpg\",\"width\":1080,\"height\":809},{\"@type\":\"BreadcrumbList\",\"@id\":\"https:\\\/\\\/lequotidien.mr\\\/?p=736&lang=fr#breadcrumb\",\"itemListElement\":[{\"@type\":\"ListItem\",\"position\":1,\"name\":\"Home\",\"item\":\"https:\\\/\\\/lequotidien.mr\\\/\"},{\"@type\":\"ListItem\",\"position\":2,\"name\":\"A Niamey, le G5 Sahel tient un atelier pour \u00e9laborer son nouveau Programme d&#8217;Investissements Prioritaires (PIP) 2023-2025\"}]},{\"@type\":\"WebSite\",\"@id\":\"https:\\\/\\\/lequotidien.mr\\\/#website\",\"url\":\"https:\\\/\\\/lequotidien.mr\\\/\",\"name\":\"Le Quotidien de Nouakchott\",\"description\":\"\u0625\u062e\u0628\u0627\u0631\u064a\u0629 \u0645\u0633\u062a\u0642\u0644\u0629 \u0644\u0644\u0623\u0646\u0628\u0627\u0621 \u0627\u0644\u0639\u0627\u0645\u0629\",\"publisher\":{\"@id\":\"https:\\\/\\\/lequotidien.mr\\\/#organization\"},\"potentialAction\":[{\"@type\":\"SearchAction\",\"target\":{\"@type\":\"EntryPoint\",\"urlTemplate\":\"https:\\\/\\\/lequotidien.mr\\\/?s={search_term_string}\"},\"query-input\":{\"@type\":\"PropertyValueSpecification\",\"valueRequired\":true,\"valueName\":\"search_term_string\"}}],\"inLanguage\":\"ar\"},{\"@type\":\"Organization\",\"@id\":\"https:\\\/\\\/lequotidien.mr\\\/#organization\",\"name\":\"Le Quotidien de Nouakchott\",\"url\":\"https:\\\/\\\/lequotidien.mr\\\/\",\"logo\":{\"@type\":\"ImageObject\",\"inLanguage\":\"ar\",\"@id\":\"https:\\\/\\\/lequotidien.mr\\\/#\\\/schema\\\/logo\\\/image\\\/\",\"url\":\"https:\\\/\\\/lequotidien.mr\\\/wp-content\\\/uploads\\\/2022\\\/11\\\/logolequotidien.jpg\",\"contentUrl\":\"https:\\\/\\\/lequotidien.mr\\\/wp-content\\\/uploads\\\/2022\\\/11\\\/logolequotidien.jpg\",\"width\":290,\"height\":65,\"caption\":\"Le Quotidien de Nouakchott\"},\"image\":{\"@id\":\"https:\\\/\\\/lequotidien.mr\\\/#\\\/schema\\\/logo\\\/image\\\/\"},\"sameAs\":[\"https:\\\/\\\/web.facebook.com\\\/lequotidienmr\",\"https:\\\/\\\/x.com\\\/lequotidienmr\"]},{\"@type\":\"Person\",\"@id\":\"https:\\\/\\\/lequotidien.mr\\\/#\\\/schema\\\/person\\\/1077c8abd5640a6514b909318d271dee\",\"name\":\"Gayi Diawara\",\"image\":{\"@type\":\"ImageObject\",\"inLanguage\":\"ar\",\"@id\":\"https:\\\/\\\/secure.gravatar.com\\\/avatar\\\/63ea8db1e19a6d2d608b24c0f78b5f3a7d6e0bc11959fec273410af333e4d0ac?s=96&d=mm&r=g\",\"url\":\"https:\\\/\\\/secure.gravatar.com\\\/avatar\\\/63ea8db1e19a6d2d608b24c0f78b5f3a7d6e0bc11959fec273410af333e4d0ac?s=96&d=mm&r=g\",\"contentUrl\":\"https:\\\/\\\/secure.gravatar.com\\\/avatar\\\/63ea8db1e19a6d2d608b24c0f78b5f3a7d6e0bc11959fec273410af333e4d0ac?s=96&d=mm&r=g\",\"caption\":\"Gayi Diawara\"},\"sameAs\":[\"http:\\\/\\\/lequotidien.mr\"],\"url\":\"https:\\\/\\\/lequotidien.mr\\\/?author=5\"}]}<\/script>\n<!-- \/ Yoast SEO plugin. -->","yoast_head_json":{"title":"A Niamey, le G5 Sahel tient un atelier pour \u00e9laborer son nouveau Programme d'Investissements Prioritaires (PIP) 2023-2025 - Le Quotidien de Nouakchott","robots":{"index":"index","follow":"follow","max-snippet":"max-snippet:-1","max-image-preview":"max-image-preview:large","max-video-preview":"max-video-preview:-1"},"canonical":"https:\/\/lequotidien.mr\/?p=736&lang=fr","og_locale":"ar_AR","og_type":"article","og_title":"A Niamey, le G5 Sahel tient un atelier pour \u00e9laborer son nouveau Programme d'Investissements Prioritaires (PIP) 2023-2025 - Le Quotidien de Nouakchott","og_description":"ANP &#8211; Les experts du G5 Sahel et leurs partenaires travaillent, depuis ce mercredi 23 Novembre 2022 \u00e0 l\u2019H\u00f4tel T\u00e9n\u00e9r\u00e9 de Niamey, pour \u00e9laborer le nouveau &#8220;Programme d&#8217;Investissements Prioritaires (PIP)&#8221; de l\u2019organisation devant s\u2019\u00e9taler de 2023 \u00e0 2025. L\u2019ouverture officielle des travaux a \u00e9t\u00e9 marqu\u00e9e par le discours du Chef de d\u00e9partement infrastructures, M. Magawata.....","og_url":"https:\/\/lequotidien.mr\/?p=736&lang=fr","og_site_name":"Le Quotidien de Nouakchott","article_publisher":"https:\/\/web.facebook.com\/lequotidienmr","article_published_time":"2022-11-25T17:25:30+00:00","og_image":[{"width":1080,"height":809,"url":"https:\/\/lequotidien.mr\/wp-content\/uploads\/2022\/11\/g5_sahel_1_pip.jpg","type":"image\/jpeg"}],"author":"Gayi Diawara","twitter_card":"summary_large_image","twitter_creator":"@lequotidienmr","twitter_site":"@lequotidienmr","twitter_misc":{"\u0643\u064f\u062a\u0628 \u0628\u0648\u0627\u0633\u0637\u0629":"Gayi Diawara","\u0648\u0642\u062a \u0627\u0644\u0642\u0631\u0627\u0621\u0629 \u0627\u0644\u0645\u064f\u0642\u062f\u0651\u0631":"4 \u062f\u0642\u0627\u0626\u0642"},"schema":{"@context":"https:\/\/schema.org","@graph":[{"@type":"Article","@id":"https:\/\/lequotidien.mr\/?p=736&lang=fr#article","isPartOf":{"@id":"https:\/\/lequotidien.mr\/?p=736&lang=fr"},"author":{"name":"Gayi Diawara","@id":"https:\/\/lequotidien.mr\/#\/schema\/person\/1077c8abd5640a6514b909318d271dee"},"headline":"A Niamey, le G5 Sahel tient un atelier pour \u00e9laborer son nouveau Programme d&#8217;Investissements Prioritaires (PIP) 2023-2025","datePublished":"2022-11-25T17:25:30+00:00","mainEntityOfPage":{"@id":"https:\/\/lequotidien.mr\/?p=736&lang=fr"},"wordCount":862,"commentCount":0,"publisher":{"@id":"https:\/\/lequotidien.mr\/#organization"},"image":{"@id":"https:\/\/lequotidien.mr\/?p=736&lang=fr#primaryimage"},"thumbnailUrl":"https:\/\/lequotidien.mr\/wp-content\/uploads\/2022\/11\/g5_sahel_1_pip.jpg","articleSection":["ACTUALIT\u00c9","Economie"],"inLanguage":"ar","potentialAction":[{"@type":"CommentAction","name":"Comment","target":["https:\/\/lequotidien.mr\/?p=736&lang=fr#respond"]}]},{"@type":"WebPage","@id":"https:\/\/lequotidien.mr\/?p=736&lang=fr","url":"https:\/\/lequotidien.mr\/?p=736&lang=fr","name":"A Niamey, le G5 Sahel tient un atelier pour \u00e9laborer son nouveau Programme d'Investissements Prioritaires (PIP) 2023-2025 - Le Quotidien de Nouakchott","isPartOf":{"@id":"https:\/\/lequotidien.mr\/#website"},"primaryImageOfPage":{"@id":"https:\/\/lequotidien.mr\/?p=736&lang=fr#primaryimage"},"image":{"@id":"https:\/\/lequotidien.mr\/?p=736&lang=fr#primaryimage"},"thumbnailUrl":"https:\/\/lequotidien.mr\/wp-content\/uploads\/2022\/11\/g5_sahel_1_pip.jpg","datePublished":"2022-11-25T17:25:30+00:00","breadcrumb":{"@id":"https:\/\/lequotidien.mr\/?p=736&lang=fr#breadcrumb"},"inLanguage":"ar","potentialAction":[{"@type":"ReadAction","target":["https:\/\/lequotidien.mr\/?p=736&lang=fr"]}]},{"@type":"ImageObject","inLanguage":"ar","@id":"https:\/\/lequotidien.mr\/?p=736&lang=fr#primaryimage","url":"https:\/\/lequotidien.mr\/wp-content\/uploads\/2022\/11\/g5_sahel_1_pip.jpg","contentUrl":"https:\/\/lequotidien.mr\/wp-content\/uploads\/2022\/11\/g5_sahel_1_pip.jpg","width":1080,"height":809},{"@type":"BreadcrumbList","@id":"https:\/\/lequotidien.mr\/?p=736&lang=fr#breadcrumb","itemListElement":[{"@type":"ListItem","position":1,"name":"Home","item":"https:\/\/lequotidien.mr\/"},{"@type":"ListItem","position":2,"name":"A Niamey, le G5 Sahel tient un atelier pour \u00e9laborer son nouveau Programme d&#8217;Investissements Prioritaires (PIP) 2023-2025"}]},{"@type":"WebSite","@id":"https:\/\/lequotidien.mr\/#website","url":"https:\/\/lequotidien.mr\/","name":"Le Quotidien de Nouakchott","description":"\u0625\u062e\u0628\u0627\u0631\u064a\u0629 \u0645\u0633\u062a\u0642\u0644\u0629 \u0644\u0644\u0623\u0646\u0628\u0627\u0621 \u0627\u0644\u0639\u0627\u0645\u0629","publisher":{"@id":"https:\/\/lequotidien.mr\/#organization"},"potentialAction":[{"@type":"SearchAction","target":{"@type":"EntryPoint","urlTemplate":"https:\/\/lequotidien.mr\/?s={search_term_string}"},"query-input":{"@type":"PropertyValueSpecification","valueRequired":true,"valueName":"search_term_string"}}],"inLanguage":"ar"},{"@type":"Organization","@id":"https:\/\/lequotidien.mr\/#organization","name":"Le Quotidien de Nouakchott","url":"https:\/\/lequotidien.mr\/","logo":{"@type":"ImageObject","inLanguage":"ar","@id":"https:\/\/lequotidien.mr\/#\/schema\/logo\/image\/","url":"https:\/\/lequotidien.mr\/wp-content\/uploads\/2022\/11\/logolequotidien.jpg","contentUrl":"https:\/\/lequotidien.mr\/wp-content\/uploads\/2022\/11\/logolequotidien.jpg","width":290,"height":65,"caption":"Le Quotidien de Nouakchott"},"image":{"@id":"https:\/\/lequotidien.mr\/#\/schema\/logo\/image\/"},"sameAs":["https:\/\/web.facebook.com\/lequotidienmr","https:\/\/x.com\/lequotidienmr"]},{"@type":"Person","@id":"https:\/\/lequotidien.mr\/#\/schema\/person\/1077c8abd5640a6514b909318d271dee","name":"Gayi Diawara","image":{"@type":"ImageObject","inLanguage":"ar","@id":"https:\/\/secure.gravatar.com\/avatar\/63ea8db1e19a6d2d608b24c0f78b5f3a7d6e0bc11959fec273410af333e4d0ac?s=96&d=mm&r=g","url":"https:\/\/secure.gravatar.com\/avatar\/63ea8db1e19a6d2d608b24c0f78b5f3a7d6e0bc11959fec273410af333e4d0ac?s=96&d=mm&r=g","contentUrl":"https:\/\/secure.gravatar.com\/avatar\/63ea8db1e19a6d2d608b24c0f78b5f3a7d6e0bc11959fec273410af333e4d0ac?s=96&d=mm&r=g","caption":"Gayi Diawara"},"sameAs":["http:\/\/lequotidien.mr"],"url":"https:\/\/lequotidien.mr\/?author=5"}]}},"_links":{"self":[{"href":"https:\/\/lequotidien.mr\/index.php?rest_route=\/wp\/v2\/posts\/736","targetHints":{"allow":["GET"]}}],"collection":[{"href":"https:\/\/lequotidien.mr\/index.php?rest_route=\/wp\/v2\/posts"}],"about":[{"href":"https:\/\/lequotidien.mr\/index.php?rest_route=\/wp\/v2\/types\/post"}],"author":[{"embeddable":true,"href":"https:\/\/lequotidien.mr\/index.php?rest_route=\/wp\/v2\/users\/5"}],"replies":[{"embeddable":true,"href":"https:\/\/lequotidien.mr\/index.php?rest_route=%2Fwp%2Fv2%2Fcomments&post=736"}],"version-history":[{"count":1,"href":"https:\/\/lequotidien.mr\/index.php?rest_route=\/wp\/v2\/posts\/736\/revisions"}],"predecessor-version":[{"id":738,"href":"https:\/\/lequotidien.mr\/index.php?rest_route=\/wp\/v2\/posts\/736\/revisions\/738"}],"wp:featuredmedia":[{"embeddable":true,"href":"https:\/\/lequotidien.mr\/index.php?rest_route=\/wp\/v2\/media\/737"}],"wp:attachment":[{"href":"https:\/\/lequotidien.mr\/index.php?rest_route=%2Fwp%2Fv2%2Fmedia&parent=736"}],"wp:term":[{"taxonomy":"category","embeddable":true,"href":"https:\/\/lequotidien.mr\/index.php?rest_route=%2Fwp%2Fv2%2Fcategories&post=736"},{"taxonomy":"post_tag","embeddable":true,"href":"https:\/\/lequotidien.mr\/index.php?rest_route=%2Fwp%2Fv2%2Ftags&post=736"}],"curies":[{"name":"wp","href":"https:\/\/api.w.org\/{rel}","templated":true}]}}