{"id":7317,"date":"2023-04-12T22:59:24","date_gmt":"2023-04-12T22:59:24","guid":{"rendered":"https:\/\/lequotidien.mr\/?p=7317"},"modified":"2023-04-12T23:00:15","modified_gmt":"2023-04-12T23:00:15","slug":"conseil-des-ministres-point-de-presse-du-porte-parole-du-gouvernement-12-avril-2023","status":"publish","type":"post","link":"https:\/\/lequotidien.mr\/?p=7317&lang=fr","title":{"rendered":"Conseil des Ministres &#8211; Point de presse du porte-parole du Gouvernement &#8211; 12 avril 2023"},"content":{"rendered":"<p>AMI &#8211; Le ministre de l\u2019\u00c9quipement et des Transports, porte-parole du gouvernement, M. Nany Ould Chrougha, a comment\u00e9, jeudi apr\u00e8s-midi, les r\u00e9sultats du conseil des ministres qui s\u2019est d\u00e9roul\u00e9 plus t\u00f4t dans la matin\u00e9e. En conf\u00e9rence de presse, il a r\u00e9pondu \u00e0 diverses questions relatives \u00e0 l\u2019action gouvernementale et \u00e0 l\u2019actualit\u00e9 nationale.<\/p>\n<p>Le porte-parole a indiqu\u00e9 que le conseil a examin\u00e9 et adopt\u00e9 des projets de d\u00e9crets, dont celui relatif \u00e0 l\u2019octroi de deux permis d\u2019exploitation du sable noir (substances du groupe 2), au profit de la soci\u00e9t\u00e9 Haitian Mining Mauritanie, pour une dur\u00e9e de 30 ans. L\u2019activit\u00e9 de cette entreprise sera localis\u00e9e \u00e0 Tiguimatine, dans la wilaya du Trarza. Il est pr\u00e9vu que la soci\u00e9t\u00e9 cr\u00e9\u00e9e 630 emplois directs, d\u00e8s le d\u00e9marrage de ses activit\u00e9s.<\/p>\n<p>Interpell\u00e9 sur les all\u00e9gations selon lesquelles l\u2019eau min\u00e9rale en Mauritanie ne serait pas potable, le porte-parole du gouvernement, a dit \u00eatre en phase avec le communiqu\u00e9 du minist\u00e8re de l\u2019Hydraulique \u00e0 ce propos.<\/p>\n<p>Il a affirm\u00e9 que l\u2019eau, aussi bien min\u00e9rale et que celle distribu\u00e9e par la soci\u00e9t\u00e9 nationale d\u2019eau et l\u2019office national des services de l\u2019eau en milieu rural, sont conformes aux crit\u00e8res de qualit\u00e9, \u00e9dict\u00e9s par l\u2019Organisation Mondiale de la Sant\u00e9.<\/p>\n<p>Le porte-parole a profit\u00e9 de l\u2019occasion, pour inviter les populations \u00e0 \u00eatre vigilantes face aux fausses informations, appelant \u00e9galement les m\u00e9dias \u00e0 faire preuve de responsabilit\u00e9 pour ne pas contribuer \u00e0 la prolif\u00e9ration de la d\u00e9sinformation.<\/p>\n<p>Concernant le secteur des p\u00eaches, le ministre a r\u00e9agi aux affirmations d\u2019une personne r\u00e9sidente en Turquie sur la gestion des ressources halieutiques en Mauritanie. M. Nany Ould Chrougha a tenu \u00e0 rappeler que l\u2019individu en question, op\u00e9rait en Mauritanie, \u00e0 travers divers navires, avant que son activit\u00e9 ne soit arr\u00eat\u00e9e, pour diverses raisons. Il estime que c\u2019est un op\u00e9rateur qui est bien connu dans la sous-r\u00e9gion, pour son manque de professionnalisme, entre autres.<\/p>\n<p>Pour ce qui est de la P\u00eache ill\u00e9gale, le porte-parole du gouvernement relativise. Selon lui, partout dans le monde, certaines personnes enfreignent les lois et r\u00e8glements, raison pour laquelle des m\u00e9canismes de contr\u00f4le, sont mis en place, notamment \u00e0 travers les gardes c\u00f4tes. Le plus important, c\u2019est que tout soit mis en \u0153uvre pour mettre la main sur les fraudeurs d\u2019une part et les soumettre aux sanctions pr\u00e9vues par la loi, d\u2019autre part. Il est arriv\u00e9 dit-il, que de lourdes amendes soient distribu\u00e9es et que des navires soient m\u00eame saisis pour diverses infractions au large de la Mauritanie.<\/p>\n<p>Toujours en rapport avec le secteur des P\u00eaches, citant l\u2019Institut mauritanien de Recherches Oc\u00e9anographiques et des P\u00eaches, le porte-parole du gouvernement a indiqu\u00e9 que le ph\u00e9nom\u00e8ne d\u2019\u00e9chouage de poissons sur les c\u00f4tes mauritaniennes, n\u2019est pas caus\u00e9 par des produits chimiques, ni par le fait que ces poissons ont \u00e9t\u00e9 p\u00each\u00e9s puis revers\u00e9s \u00e0 la mer. Les circonstances doivent encore \u00eatre \u00e9lucid\u00e9es a-t-il d\u00e9clar\u00e9, annon\u00e7ant par ailleurs qu\u2019un \u00e9chantillon a \u00e9t\u00e9 envoy\u00e9 pour analyse, dans un laboratoire sp\u00e9cialis\u00e9, en Allemagne. En attendant les r\u00e9sultats des analyses dudit \u00e9chantillon, les investigations vont se poursuivre en Mauritanie, a pr\u00e9cis\u00e9 le ministre.<\/p>\n<p>En outre, le porte-parole du gouvernement a \u00e9t\u00e9 questionn\u00e9 sur les prix des denr\u00e9es alimentaires, durant le mois du ramadan. Pour lui, le Pr\u00e9sident de la R\u00e9publique a donn\u00e9 des instructions au comit\u00e9 interminist\u00e9riel, charg\u00e9 d\u2019approvisionner le march\u00e9 durant le ramadan. Il a soulign\u00e9 avoir constat\u00e9 que la mission a \u00e9t\u00e9 effectu\u00e9e comme demand\u00e9e, notant que les prix sont abordables. Il a mentionn\u00e9 le fait que le minist\u00e8re des P\u00eaches a distribu\u00e9 des quantit\u00e9s de poissons gratuites, en plus de la mise en place de points vente \u00e0 des prix subventionn\u00e9s. Il est en de m\u00eame pour le bl\u00e9, mis \u00e0 disposition par le Commissariat \u00e0 la S\u00e9curit\u00e9 Alimentaire.<\/p>\n<p>Justement par rapport au bl\u00e9, le porte-parole gouvernement, M. Nany Chrougha, a en r\u00e9f\u00e9rence \u00e0 l\u2019incident de Temchakett, d\u00e9clar\u00e9 qu\u2019il \u00e9tait courant de trouver un sac pourri sur un tas de 50 mille tonnes entrepos\u00e9es quelque part. Le plus important, c\u2019est qu\u2019un grain de bl\u00e9 impropre \u00e0 la consommation ne soit pas commercialis\u00e9, encore moins consomm\u00e9. Ainsi, il a rappel\u00e9 qu\u2019\u00e0 Temchakett, plus de 25.000 tonnes avaient \u00e9t\u00e9 vendus, sans qu\u2019aucun sac ne pr\u00e9sente des risques pour la sant\u00e9. Les quantit\u00e9s suspect\u00e9es, ont \u00e9t\u00e9 mises de c\u00f4t\u00e9 et renvoy\u00e9es suivant les proc\u00e9dures.<\/p>\n<p>Enfin, le porte-parole du gouvernement a d\u00e9clar\u00e9 que la rupture du je\u00fbne du Pr\u00e9sident de la R\u00e9publique, SEM Mohamed Ould Cheikh El Ghazouani avec les soldats post\u00e9s aux fronti\u00e8res, est un geste fort. Il s\u2019agit selon lui d\u2019un moment de partage et de communion, entre le chef supr\u00eame des arm\u00e9es et ses valeureux hommes. Il a estim\u00e9 que c\u2019est un geste de nature \u00e0 booster le moral des troupes et leur t\u00e9moigner sa reconnaissance pour les sacrifices consentis.<\/p>\n","protected":false},"excerpt":{"rendered":"<p>AMI &#8211; Le ministre de l\u2019\u00c9quipement et des Transports, porte-parole du gouvernement, M. Nany Ould Chrougha, a comment\u00e9, jeudi apr\u00e8s-midi, les r\u00e9sultats du conseil des ministres qui s\u2019est d\u00e9roul\u00e9 plus t\u00f4t dans la matin\u00e9e. En conf\u00e9rence de presse, il a r\u00e9pondu \u00e0 diverses questions relatives \u00e0 l\u2019action gouvernementale et \u00e0 l\u2019actualit\u00e9 nationale. Le porte-parole a&#8230;..<\/p>\n","protected":false},"author":5,"featured_media":7318,"comment_status":"open","ping_status":"open","sticky":false,"template":"","format":"standard","meta":{"footnotes":""},"categories":[23,49],"tags":[],"class_list":["post-7317","post","type-post","status-publish","format-standard","has-post-thumbnail","hentry","category-actualite","category-economie"],"yoast_head":"<!-- This site is optimized with the Yoast SEO plugin v27.5 - https:\/\/yoast.com\/product\/yoast-seo-wordpress\/ -->\n<title>Conseil des Ministres - Point de presse du porte-parole du Gouvernement - 12 avril 2023 - Le Quotidien de Nouakchott<\/title>\n<meta name=\"robots\" content=\"index, follow, max-snippet:-1, max-image-preview:large, max-video-preview:-1\" \/>\n<link rel=\"canonical\" href=\"https:\/\/lequotidien.mr\/?p=7317&lang=fr\" \/>\n<meta property=\"og:locale\" content=\"ar_AR\" \/>\n<meta property=\"og:type\" content=\"article\" \/>\n<meta property=\"og:title\" content=\"Conseil des Ministres - Point de presse du porte-parole du Gouvernement - 12 avril 2023 - Le Quotidien de Nouakchott\" \/>\n<meta property=\"og:description\" content=\"AMI &#8211; Le ministre de l\u2019\u00c9quipement et des Transports, porte-parole du gouvernement, M. Nany Ould Chrougha, a comment\u00e9, jeudi apr\u00e8s-midi, les r\u00e9sultats du conseil des ministres qui s\u2019est d\u00e9roul\u00e9 plus t\u00f4t dans la matin\u00e9e. En conf\u00e9rence de presse, il a r\u00e9pondu \u00e0 diverses questions relatives \u00e0 l\u2019action gouvernementale et \u00e0 l\u2019actualit\u00e9 nationale. Le porte-parole a.....\" \/>\n<meta property=\"og:url\" content=\"https:\/\/lequotidien.mr\/?p=7317&amp;lang=fr\" \/>\n<meta property=\"og:site_name\" content=\"Le Quotidien de Nouakchott\" \/>\n<meta property=\"article:publisher\" content=\"https:\/\/web.facebook.com\/lequotidienmr\" \/>\n<meta property=\"article:published_time\" content=\"2023-04-12T22:59:24+00:00\" \/>\n<meta property=\"article:modified_time\" content=\"2023-04-12T23:00:15+00:00\" \/>\n<meta property=\"og:image\" content=\"https:\/\/lequotidien.mr\/wp-content\/uploads\/2023\/04\/nany_12_04_et_750x430.jpg\" \/>\n\t<meta property=\"og:image:width\" content=\"643\" \/>\n\t<meta property=\"og:image:height\" content=\"430\" \/>\n\t<meta property=\"og:image:type\" content=\"image\/jpeg\" \/>\n<meta name=\"author\" content=\"Gayi Diawara\" \/>\n<meta name=\"twitter:card\" content=\"summary_large_image\" \/>\n<meta name=\"twitter:creator\" content=\"@lequotidienmr\" \/>\n<meta name=\"twitter:site\" content=\"@lequotidienmr\" \/>\n<meta name=\"twitter:label1\" content=\"\u0643\u064f\u062a\u0628 \u0628\u0648\u0627\u0633\u0637\u0629\" \/>\n\t<meta name=\"twitter:data1\" content=\"Gayi Diawara\" \/>\n\t<meta name=\"twitter:label2\" content=\"\u0648\u0642\u062a \u0627\u0644\u0642\u0631\u0627\u0621\u0629 \u0627\u0644\u0645\u064f\u0642\u062f\u0651\u0631\" \/>\n\t<meta name=\"twitter:data2\" content=\"4 \u062f\u0642\u0627\u0626\u0642\" \/>\n<script type=\"application\/ld+json\" class=\"yoast-schema-graph\">{\"@context\":\"https:\\\/\\\/schema.org\",\"@graph\":[{\"@type\":\"Article\",\"@id\":\"https:\\\/\\\/lequotidien.mr\\\/?p=7317&lang=fr#article\",\"isPartOf\":{\"@id\":\"https:\\\/\\\/lequotidien.mr\\\/?p=7317&lang=fr\"},\"author\":{\"name\":\"Gayi Diawara\",\"@id\":\"https:\\\/\\\/lequotidien.mr\\\/#\\\/schema\\\/person\\\/1077c8abd5640a6514b909318d271dee\"},\"headline\":\"Conseil des Ministres &#8211; Point de presse du porte-parole du Gouvernement &#8211; 12 avril 2023\",\"datePublished\":\"2023-04-12T22:59:24+00:00\",\"dateModified\":\"2023-04-12T23:00:15+00:00\",\"mainEntityOfPage\":{\"@id\":\"https:\\\/\\\/lequotidien.mr\\\/?p=7317&lang=fr\"},\"wordCount\":897,\"commentCount\":0,\"publisher\":{\"@id\":\"https:\\\/\\\/lequotidien.mr\\\/#organization\"},\"image\":{\"@id\":\"https:\\\/\\\/lequotidien.mr\\\/?p=7317&lang=fr#primaryimage\"},\"thumbnailUrl\":\"https:\\\/\\\/lequotidien.mr\\\/wp-content\\\/uploads\\\/2023\\\/04\\\/nany_12_04_et_750x430.jpg\",\"articleSection\":[\"ACTUALIT\u00c9\",\"Economie\"],\"inLanguage\":\"ar\",\"potentialAction\":[{\"@type\":\"CommentAction\",\"name\":\"Comment\",\"target\":[\"https:\\\/\\\/lequotidien.mr\\\/?p=7317&lang=fr#respond\"]}]},{\"@type\":\"WebPage\",\"@id\":\"https:\\\/\\\/lequotidien.mr\\\/?p=7317&lang=fr\",\"url\":\"https:\\\/\\\/lequotidien.mr\\\/?p=7317&lang=fr\",\"name\":\"Conseil des Ministres - Point de presse du porte-parole du Gouvernement - 12 avril 2023 - Le Quotidien de Nouakchott\",\"isPartOf\":{\"@id\":\"https:\\\/\\\/lequotidien.mr\\\/#website\"},\"primaryImageOfPage\":{\"@id\":\"https:\\\/\\\/lequotidien.mr\\\/?p=7317&lang=fr#primaryimage\"},\"image\":{\"@id\":\"https:\\\/\\\/lequotidien.mr\\\/?p=7317&lang=fr#primaryimage\"},\"thumbnailUrl\":\"https:\\\/\\\/lequotidien.mr\\\/wp-content\\\/uploads\\\/2023\\\/04\\\/nany_12_04_et_750x430.jpg\",\"datePublished\":\"2023-04-12T22:59:24+00:00\",\"dateModified\":\"2023-04-12T23:00:15+00:00\",\"breadcrumb\":{\"@id\":\"https:\\\/\\\/lequotidien.mr\\\/?p=7317&lang=fr#breadcrumb\"},\"inLanguage\":\"ar\",\"potentialAction\":[{\"@type\":\"ReadAction\",\"target\":[\"https:\\\/\\\/lequotidien.mr\\\/?p=7317&lang=fr\"]}]},{\"@type\":\"ImageObject\",\"inLanguage\":\"ar\",\"@id\":\"https:\\\/\\\/lequotidien.mr\\\/?p=7317&lang=fr#primaryimage\",\"url\":\"https:\\\/\\\/lequotidien.mr\\\/wp-content\\\/uploads\\\/2023\\\/04\\\/nany_12_04_et_750x430.jpg\",\"contentUrl\":\"https:\\\/\\\/lequotidien.mr\\\/wp-content\\\/uploads\\\/2023\\\/04\\\/nany_12_04_et_750x430.jpg\",\"width\":643,\"height\":430},{\"@type\":\"BreadcrumbList\",\"@id\":\"https:\\\/\\\/lequotidien.mr\\\/?p=7317&lang=fr#breadcrumb\",\"itemListElement\":[{\"@type\":\"ListItem\",\"position\":1,\"name\":\"Home\",\"item\":\"https:\\\/\\\/lequotidien.mr\\\/\"},{\"@type\":\"ListItem\",\"position\":2,\"name\":\"Conseil des Ministres &#8211; Point de presse du porte-parole du Gouvernement &#8211; 12 avril 2023\"}]},{\"@type\":\"WebSite\",\"@id\":\"https:\\\/\\\/lequotidien.mr\\\/#website\",\"url\":\"https:\\\/\\\/lequotidien.mr\\\/\",\"name\":\"Le Quotidien de Nouakchott\",\"description\":\"\u0625\u062e\u0628\u0627\u0631\u064a\u0629 \u0645\u0633\u062a\u0642\u0644\u0629 \u0644\u0644\u0623\u0646\u0628\u0627\u0621 \u0627\u0644\u0639\u0627\u0645\u0629\",\"publisher\":{\"@id\":\"https:\\\/\\\/lequotidien.mr\\\/#organization\"},\"potentialAction\":[{\"@type\":\"SearchAction\",\"target\":{\"@type\":\"EntryPoint\",\"urlTemplate\":\"https:\\\/\\\/lequotidien.mr\\\/?s={search_term_string}\"},\"query-input\":{\"@type\":\"PropertyValueSpecification\",\"valueRequired\":true,\"valueName\":\"search_term_string\"}}],\"inLanguage\":\"ar\"},{\"@type\":\"Organization\",\"@id\":\"https:\\\/\\\/lequotidien.mr\\\/#organization\",\"name\":\"Le Quotidien de Nouakchott\",\"url\":\"https:\\\/\\\/lequotidien.mr\\\/\",\"logo\":{\"@type\":\"ImageObject\",\"inLanguage\":\"ar\",\"@id\":\"https:\\\/\\\/lequotidien.mr\\\/#\\\/schema\\\/logo\\\/image\\\/\",\"url\":\"https:\\\/\\\/lequotidien.mr\\\/wp-content\\\/uploads\\\/2022\\\/11\\\/logolequotidien.jpg\",\"contentUrl\":\"https:\\\/\\\/lequotidien.mr\\\/wp-content\\\/uploads\\\/2022\\\/11\\\/logolequotidien.jpg\",\"width\":290,\"height\":65,\"caption\":\"Le Quotidien de Nouakchott\"},\"image\":{\"@id\":\"https:\\\/\\\/lequotidien.mr\\\/#\\\/schema\\\/logo\\\/image\\\/\"},\"sameAs\":[\"https:\\\/\\\/web.facebook.com\\\/lequotidienmr\",\"https:\\\/\\\/x.com\\\/lequotidienmr\"]},{\"@type\":\"Person\",\"@id\":\"https:\\\/\\\/lequotidien.mr\\\/#\\\/schema\\\/person\\\/1077c8abd5640a6514b909318d271dee\",\"name\":\"Gayi Diawara\",\"image\":{\"@type\":\"ImageObject\",\"inLanguage\":\"ar\",\"@id\":\"https:\\\/\\\/secure.gravatar.com\\\/avatar\\\/63ea8db1e19a6d2d608b24c0f78b5f3a7d6e0bc11959fec273410af333e4d0ac?s=96&d=mm&r=g\",\"url\":\"https:\\\/\\\/secure.gravatar.com\\\/avatar\\\/63ea8db1e19a6d2d608b24c0f78b5f3a7d6e0bc11959fec273410af333e4d0ac?s=96&d=mm&r=g\",\"contentUrl\":\"https:\\\/\\\/secure.gravatar.com\\\/avatar\\\/63ea8db1e19a6d2d608b24c0f78b5f3a7d6e0bc11959fec273410af333e4d0ac?s=96&d=mm&r=g\",\"caption\":\"Gayi Diawara\"},\"sameAs\":[\"http:\\\/\\\/lequotidien.mr\"],\"url\":\"https:\\\/\\\/lequotidien.mr\\\/?author=5\"}]}<\/script>\n<!-- \/ Yoast SEO plugin. -->","yoast_head_json":{"title":"Conseil des Ministres - Point de presse du porte-parole du Gouvernement - 12 avril 2023 - Le Quotidien de Nouakchott","robots":{"index":"index","follow":"follow","max-snippet":"max-snippet:-1","max-image-preview":"max-image-preview:large","max-video-preview":"max-video-preview:-1"},"canonical":"https:\/\/lequotidien.mr\/?p=7317&lang=fr","og_locale":"ar_AR","og_type":"article","og_title":"Conseil des Ministres - Point de presse du porte-parole du Gouvernement - 12 avril 2023 - Le Quotidien de Nouakchott","og_description":"AMI &#8211; Le ministre de l\u2019\u00c9quipement et des Transports, porte-parole du gouvernement, M. Nany Ould Chrougha, a comment\u00e9, jeudi apr\u00e8s-midi, les r\u00e9sultats du conseil des ministres qui s\u2019est d\u00e9roul\u00e9 plus t\u00f4t dans la matin\u00e9e. En conf\u00e9rence de presse, il a r\u00e9pondu \u00e0 diverses questions relatives \u00e0 l\u2019action gouvernementale et \u00e0 l\u2019actualit\u00e9 nationale. Le porte-parole a.....","og_url":"https:\/\/lequotidien.mr\/?p=7317&lang=fr","og_site_name":"Le Quotidien de Nouakchott","article_publisher":"https:\/\/web.facebook.com\/lequotidienmr","article_published_time":"2023-04-12T22:59:24+00:00","article_modified_time":"2023-04-12T23:00:15+00:00","og_image":[{"width":643,"height":430,"url":"https:\/\/lequotidien.mr\/wp-content\/uploads\/2023\/04\/nany_12_04_et_750x430.jpg","type":"image\/jpeg"}],"author":"Gayi Diawara","twitter_card":"summary_large_image","twitter_creator":"@lequotidienmr","twitter_site":"@lequotidienmr","twitter_misc":{"\u0643\u064f\u062a\u0628 \u0628\u0648\u0627\u0633\u0637\u0629":"Gayi Diawara","\u0648\u0642\u062a \u0627\u0644\u0642\u0631\u0627\u0621\u0629 \u0627\u0644\u0645\u064f\u0642\u062f\u0651\u0631":"4 \u062f\u0642\u0627\u0626\u0642"},"schema":{"@context":"https:\/\/schema.org","@graph":[{"@type":"Article","@id":"https:\/\/lequotidien.mr\/?p=7317&lang=fr#article","isPartOf":{"@id":"https:\/\/lequotidien.mr\/?p=7317&lang=fr"},"author":{"name":"Gayi Diawara","@id":"https:\/\/lequotidien.mr\/#\/schema\/person\/1077c8abd5640a6514b909318d271dee"},"headline":"Conseil des Ministres &#8211; Point de presse du porte-parole du Gouvernement &#8211; 12 avril 2023","datePublished":"2023-04-12T22:59:24+00:00","dateModified":"2023-04-12T23:00:15+00:00","mainEntityOfPage":{"@id":"https:\/\/lequotidien.mr\/?p=7317&lang=fr"},"wordCount":897,"commentCount":0,"publisher":{"@id":"https:\/\/lequotidien.mr\/#organization"},"image":{"@id":"https:\/\/lequotidien.mr\/?p=7317&lang=fr#primaryimage"},"thumbnailUrl":"https:\/\/lequotidien.mr\/wp-content\/uploads\/2023\/04\/nany_12_04_et_750x430.jpg","articleSection":["ACTUALIT\u00c9","Economie"],"inLanguage":"ar","potentialAction":[{"@type":"CommentAction","name":"Comment","target":["https:\/\/lequotidien.mr\/?p=7317&lang=fr#respond"]}]},{"@type":"WebPage","@id":"https:\/\/lequotidien.mr\/?p=7317&lang=fr","url":"https:\/\/lequotidien.mr\/?p=7317&lang=fr","name":"Conseil des Ministres - Point de presse du porte-parole du Gouvernement - 12 avril 2023 - Le Quotidien de Nouakchott","isPartOf":{"@id":"https:\/\/lequotidien.mr\/#website"},"primaryImageOfPage":{"@id":"https:\/\/lequotidien.mr\/?p=7317&lang=fr#primaryimage"},"image":{"@id":"https:\/\/lequotidien.mr\/?p=7317&lang=fr#primaryimage"},"thumbnailUrl":"https:\/\/lequotidien.mr\/wp-content\/uploads\/2023\/04\/nany_12_04_et_750x430.jpg","datePublished":"2023-04-12T22:59:24+00:00","dateModified":"2023-04-12T23:00:15+00:00","breadcrumb":{"@id":"https:\/\/lequotidien.mr\/?p=7317&lang=fr#breadcrumb"},"inLanguage":"ar","potentialAction":[{"@type":"ReadAction","target":["https:\/\/lequotidien.mr\/?p=7317&lang=fr"]}]},{"@type":"ImageObject","inLanguage":"ar","@id":"https:\/\/lequotidien.mr\/?p=7317&lang=fr#primaryimage","url":"https:\/\/lequotidien.mr\/wp-content\/uploads\/2023\/04\/nany_12_04_et_750x430.jpg","contentUrl":"https:\/\/lequotidien.mr\/wp-content\/uploads\/2023\/04\/nany_12_04_et_750x430.jpg","width":643,"height":430},{"@type":"BreadcrumbList","@id":"https:\/\/lequotidien.mr\/?p=7317&lang=fr#breadcrumb","itemListElement":[{"@type":"ListItem","position":1,"name":"Home","item":"https:\/\/lequotidien.mr\/"},{"@type":"ListItem","position":2,"name":"Conseil des Ministres &#8211; Point de presse du porte-parole du Gouvernement &#8211; 12 avril 2023"}]},{"@type":"WebSite","@id":"https:\/\/lequotidien.mr\/#website","url":"https:\/\/lequotidien.mr\/","name":"Le Quotidien de Nouakchott","description":"\u0625\u062e\u0628\u0627\u0631\u064a\u0629 \u0645\u0633\u062a\u0642\u0644\u0629 \u0644\u0644\u0623\u0646\u0628\u0627\u0621 \u0627\u0644\u0639\u0627\u0645\u0629","publisher":{"@id":"https:\/\/lequotidien.mr\/#organization"},"potentialAction":[{"@type":"SearchAction","target":{"@type":"EntryPoint","urlTemplate":"https:\/\/lequotidien.mr\/?s={search_term_string}"},"query-input":{"@type":"PropertyValueSpecification","valueRequired":true,"valueName":"search_term_string"}}],"inLanguage":"ar"},{"@type":"Organization","@id":"https:\/\/lequotidien.mr\/#organization","name":"Le Quotidien de Nouakchott","url":"https:\/\/lequotidien.mr\/","logo":{"@type":"ImageObject","inLanguage":"ar","@id":"https:\/\/lequotidien.mr\/#\/schema\/logo\/image\/","url":"https:\/\/lequotidien.mr\/wp-content\/uploads\/2022\/11\/logolequotidien.jpg","contentUrl":"https:\/\/lequotidien.mr\/wp-content\/uploads\/2022\/11\/logolequotidien.jpg","width":290,"height":65,"caption":"Le Quotidien de Nouakchott"},"image":{"@id":"https:\/\/lequotidien.mr\/#\/schema\/logo\/image\/"},"sameAs":["https:\/\/web.facebook.com\/lequotidienmr","https:\/\/x.com\/lequotidienmr"]},{"@type":"Person","@id":"https:\/\/lequotidien.mr\/#\/schema\/person\/1077c8abd5640a6514b909318d271dee","name":"Gayi Diawara","image":{"@type":"ImageObject","inLanguage":"ar","@id":"https:\/\/secure.gravatar.com\/avatar\/63ea8db1e19a6d2d608b24c0f78b5f3a7d6e0bc11959fec273410af333e4d0ac?s=96&d=mm&r=g","url":"https:\/\/secure.gravatar.com\/avatar\/63ea8db1e19a6d2d608b24c0f78b5f3a7d6e0bc11959fec273410af333e4d0ac?s=96&d=mm&r=g","contentUrl":"https:\/\/secure.gravatar.com\/avatar\/63ea8db1e19a6d2d608b24c0f78b5f3a7d6e0bc11959fec273410af333e4d0ac?s=96&d=mm&r=g","caption":"Gayi Diawara"},"sameAs":["http:\/\/lequotidien.mr"],"url":"https:\/\/lequotidien.mr\/?author=5"}]}},"_links":{"self":[{"href":"https:\/\/lequotidien.mr\/index.php?rest_route=\/wp\/v2\/posts\/7317","targetHints":{"allow":["GET"]}}],"collection":[{"href":"https:\/\/lequotidien.mr\/index.php?rest_route=\/wp\/v2\/posts"}],"about":[{"href":"https:\/\/lequotidien.mr\/index.php?rest_route=\/wp\/v2\/types\/post"}],"author":[{"embeddable":true,"href":"https:\/\/lequotidien.mr\/index.php?rest_route=\/wp\/v2\/users\/5"}],"replies":[{"embeddable":true,"href":"https:\/\/lequotidien.mr\/index.php?rest_route=%2Fwp%2Fv2%2Fcomments&post=7317"}],"version-history":[{"count":1,"href":"https:\/\/lequotidien.mr\/index.php?rest_route=\/wp\/v2\/posts\/7317\/revisions"}],"predecessor-version":[{"id":7319,"href":"https:\/\/lequotidien.mr\/index.php?rest_route=\/wp\/v2\/posts\/7317\/revisions\/7319"}],"wp:featuredmedia":[{"embeddable":true,"href":"https:\/\/lequotidien.mr\/index.php?rest_route=\/wp\/v2\/media\/7318"}],"wp:attachment":[{"href":"https:\/\/lequotidien.mr\/index.php?rest_route=%2Fwp%2Fv2%2Fmedia&parent=7317"}],"wp:term":[{"taxonomy":"category","embeddable":true,"href":"https:\/\/lequotidien.mr\/index.php?rest_route=%2Fwp%2Fv2%2Fcategories&post=7317"},{"taxonomy":"post_tag","embeddable":true,"href":"https:\/\/lequotidien.mr\/index.php?rest_route=%2Fwp%2Fv2%2Ftags&post=7317"}],"curies":[{"name":"wp","href":"https:\/\/api.w.org\/{rel}","templated":true}]}}