{"id":7230,"date":"2023-04-10T22:14:53","date_gmt":"2023-04-10T22:14:53","guid":{"rendered":"https:\/\/lequotidien.mr\/?p=7230"},"modified":"2023-04-10T22:14:53","modified_gmt":"2023-04-10T22:14:53","slug":"bradage-de-lecole-de-police-lex-general-ould-bekrine-temoigne","status":"publish","type":"post","link":"https:\/\/lequotidien.mr\/?p=7230&lang=fr","title":{"rendered":"Bradage de l\u2019Ecole de police : L\u2019ex G\u00e9n\u00e9ral Ould B\u00e9krine t\u00e9moigne \u2026"},"content":{"rendered":"<p>Le tribunal p\u00e9nal sp\u00e9cialis\u00e9 dans les crimes de corruption a entendu lors de sa s\u00e9ance de ce lundi matin 10 avril courant, le t\u00e9moignage de l&#8217;ancien directeur g\u00e9n\u00e9ral de la suret\u00e9 nationale (DGSN), le g\u00e9n\u00e9ral \u00e0 la retraite Ahmed Ould B\u00e9krine, concernant le bradage des terrains d\u00e9coup\u00e9es de l\u2019Ecole de police de Nouakchott.<\/p>\n<p>J\u2019ai transmis les ordres de l&#8217;ancien pr\u00e9sident Mohamed Ould Abdel Aziz au directeur de l&#8217;\u00e9cole, consid\u00e9rant que la responsabilit\u00e9 de la l\u00e9galit\u00e9 de ces instructions rel\u00e8ve du premier ordre.<\/p>\n<p>Le t\u00e9moignage de Ould B\u00e9krine a commenc\u00e9, comme c\u2019est de r\u00e8gle, par la c\u00e9r\u00e9monie de pr\u00eater serment, \u00e0 se pr\u00e9senter \u00e0 la Cour. N\u00e9 en 1954 dans la Moughataa de Boutlimit relevant de la wilaya du Trarza, Ould B\u00e9krine a affirm\u00e9 n\u2019avoir aucune relation particuli\u00e8re avec Ould Abdel Aziz et qu&#8217;il n&#8217;a pas servi avec lui malgr\u00e9 sa camaraderie dans la profession en tant qu\u2019officiers militaires.<\/p>\n<p>Questions du pr\u00e9sident du tribunal :<\/p>\n<p>Question : Nous vous demandons de t\u00e9moigner sur la vente d&#8217;une partie de l&#8217;\u00e9cole de police, au moment o\u00f9 vous \u00e9tiez \u00e0 cette \u00e9poque le directeur de la s\u00fbret\u00e9 ?<\/p>\n<p>R\u00e9ponse : L&#8217;ancien pr\u00e9sident Mohamed Ould Abdel Aziz m&#8217;a appel\u00e9 et m&#8217;a dit qu&#8217;un fonctionnaire du minist\u00e8re de l\u2019habitat allait nous rendre visite et qu\u2019il nous demande de faciliter l&#8217;acc\u00e8s \u00e0 l&#8217;Ecole de police \u00e0 des fins de d\u00e9coupage de sa partie sud.<\/p>\n<p>Le fonctionnaire est arriv\u00e9 avec des particuliers. J&#8217;ai contact\u00e9 le directeur de l&#8217;\u00e9cole et je l&#8217;ai inform\u00e9 qu&#8217;ils se rendraient \u00e0 l\u2019Ecole de police et qu&#8217;il devait g\u00e9rer le sujet, lui posant comme condition, la construction d\u2019un mur entre la partie d\u00e9coup\u00e9e et l\u2019Ecole de police. Ce qu\u2019il a fait de la part du D\u00e9partement, lequel s\u2019est engag\u00e9 de cet aspect. Ils m\u2019ont appel\u00e9 de nouveau pour me signifier qu\u2019ils ont ex\u00e9cut\u00e9 \u00e0 la lettre ledit engagement. Ce qui s\u2019est pass\u00e9 par la suite ne me concerne pas.<\/p>\n<p>Question : Pensez-vous que la partie d\u00e9coup\u00e9e a \u00e9t\u00e9 retir\u00e9e du domaine public avant cela ?<\/p>\n<p>R\u00e9ponse : Non, cela ne l\u2019a pas \u00e9t\u00e9 fait.<\/p>\n<p>Question : Pensez-vous que cette affaire est normale, selon votre point de vue ?<\/p>\n<p>Objection du membre du collectif de la d\u00e9fense de Ould Abdel Aziz Taleb Khyar, qualifiant : cette question est adress\u00e9e au au t\u00e9moin.<\/p>\n<p>Pr\u00e9sident de la Cour : La cour pose des questions \u00e0 qui elle veut.<\/p>\n<p>Ould B\u00e9krine : (rires), nous avons appris l\u2019affaire comme vous l\u2019avez m\u00eame apprise.<\/p>\n<p>Parquet g\u00e9n\u00e9ral\/Procureur de la R\u00e9publique : la DGSN a-t-elle re\u00e7u une lettre lui demandant de se dessaisir d&#8217;une partie de l&#8217;Ecole de Police ?<\/p>\n<p>Me Taleb Khyar : Ce n&#8217;est pas une question !<\/p>\n<p>L&#8217;accusation proteste :<\/p>\n<p>Agitation dans la salle<\/p>\n<p>Le pr\u00e9sident du tribunal demande \u00e0 Me Taleb Khyar de retirer sa question ; ce \u00e0 quoi il se plie.<\/p>\n<p>Parquet g\u00e9n\u00e9ral\/Procureur de la R\u00e9publique : Je comprends votre situation psychologique aujourd&#8217;hui ! D&#8217;un point de vue l\u00e9gal, on a le droit de demander directement sans passer par le tribunal, et c&#8217;est l&#8217;interrogateur qui d\u00e9termine la formulation de ses questions.<\/p>\n<p>Parquet g\u00e9n\u00e9ral\/Procureur G\u00e9n\u00e9ral r\u00e9p\u00e8te la question : La DGSN a-t-elle re\u00e7u une lettre lui demandant de se dessaisir d&#8217;une partie de l&#8217;Ecole de Police ?<\/p>\n<p>Ould B\u00e9krine : Non, nous n&#8217;avons re\u00e7u aucun message \u00e9crit.<\/p>\n<p>Question : Quelle est l\u2019\u00e9cart entre l&#8217;heure d\u2019appel et celle d&#8217;arriv\u00e9e des personnes susmentionn\u00e9es ?<\/p>\n<p>Ould B\u00e9krine : tr\u00e8s court. Je ne sais pas exactement.<\/p>\n<p>Question : Cela a-t-il eu lieu le m\u00eame jour ?<\/p>\n<p>R\u00e9ponse : Oui, ils sont arriv\u00e9s apr\u00e8s le contact.<\/p>\n<p>Question : Aziz vous a-t-il appel\u00e9 plus tard pour v\u00e9rifier les ordres qu&#8217;il vous a donn\u00e9s ?<\/p>\n<p>R\u00e9ponse : Non, il ne nous a pas appel\u00e9 apr\u00e8s.<\/p>\n<p>Questions de la d\u00e9fense d\u2019Aziz:<\/p>\n<p>Jaavar Ebiye : Vous avez dit qu&#8217;Aziz vous a appel\u00e9 par t\u00e9l\u00e9phone, avez-vous la preuve de ce contact ou un document \u00e9crit ?<\/p>\n<p>Ould B\u00e9krine : Je n&#8217;ai pas de document, mais l&#8217;appel a eu lieu en pr\u00e9sence de deux directeurs centraux du D\u00e9partement de la s\u00fbret\u00e9.<\/p>\n<p>Une voix de la partie civile s\u2019\u00e9l\u00e8ve : l&#8217;ancien directeur adjoint de la suret\u00e9 le commissaire r\u00e9gional, Mohamed Abdallahi Ould Adde \u00e9tait pr\u00e9sent et avait publi\u00e9 un posting sur le sujet sur sur Facebook.<\/p>\n<p>Jaafar : Il a dit dans le proc\u00e8s-verbal que c&#8217;est le commissaire r\u00e9gional, Mohamed Lemine Ould Ahmed et non Ould Adde. vous n&#8217;avez pas lu le dossier. Votre ordre donn\u00e9 au directeur de l\u2019Ecole de recevoir la d\u00e9l\u00e9gation de l\u2019habitat et d\u2019ex\u00e9cuter ses ordres \u00e9tait-il l\u00e9gal ou un d\u00e9lit ?<\/p>\n<p>Ould B\u00e9krine : C&#8217;est normal. J\u2019ai donn\u00e9 des ordres pour ex\u00e9cuter ceux du Pr\u00e9sident, qu&#8217;ils soient l\u00e9gaux ou non, les instructions concernent le premier qui a donn\u00e9 l\u2019ordre, qui est le Pr\u00e9sident.<\/p>\n<p>Taleb Khyar : cette mesure est-elle courante au sein de la suret\u00e9 ?<\/p>\n<p>La partie civile proteste contre la question.<\/p>\n<p>Agitation dans la salle.<\/p>\n<p>Le Pr\u00e9sident de la Cour : Vous me fatiguez, disputez \u00e0 votre guise, l&#8217;affaire ne me concerne plus&#8230;<\/p>\n<p>Une fois le calme revenu dans la salle, Ould B\u00e9krine r\u00e9pond : C&#8217;est normal, ce n&#8217;est pas la premi\u00e8re fois que des terrains sont vendus.<\/p>\n<p>Taleb Khyar: Le t\u00e9moignage que vous avez pr\u00e9sent\u00e9 lors de l&#8217;enqu\u00eate, qui vous l\u2019a demand\u00e9? Ou bien vous l\u2019avez pr\u00e9sent\u00e9 de votre plein gr\u00e9?<\/p>\n<p>Ould B\u00e9krine : j\u2019ai \u00e9t\u00e9 convoqu\u00e9 par le Parquet.<\/p>\n<p>Le parquet pr\u00e9cise : Nous l&#8217;avons amen\u00e9 \u00e0 convoquer le tribunal&#8230;<\/p>\n<p>Le Parquet pr\u00e9cise :nous lui avons fait parvenir le communiqu\u00e9 du tribunal.<\/p>\n<p>Me Bah Ould M\u2019bareck : Le parquet est venu pr\u00eat \u00e0 poser des questions au t\u00e9moin, alors que nous ne savions pas qui \u00e9tait le t\u00e9moin aujourd&#8217;hui, ce qui contredit l&#8217;\u00e9galit\u00e9 entre les parties.<\/p>\n<p>Pr\u00e9sident de la Cour : Sur le plan de la proc\u00e9dure, rien n&#8217;oblige la cour \u00e0 informer les parties de l&#8217;heure de l&#8217;intervention des t\u00e9moins, nous convoquons les t\u00e9moins par l&#8217;interm\u00e9diaire du minist\u00e8re public, ce qui peut lui permettre de les conna\u00eetre. Et s&#8217;il y a un texte qui permet de convoquer \u00e0 travers la d\u00e9fense, alors pr\u00e9sentez-le nous !<\/p>\n<p>Me Cheikh Hamdi : L&#8217;appel que vous avez re\u00e7u de l&#8217;ancien pr\u00e9sident \u00e9tait-il une menace ou une tentation ?<\/p>\n<p>Ould B\u00e9krine : Non, il n\u2019est assorti de rien.<\/p>\n<p>Question : Le d\u00e9coupage a-t-il affect\u00e9 les performances de l\u2019Ecole ?<\/p>\n<p>R\u00e9ponse : A mon avis, cela a eu un impact.<\/p>\n<p>Question : Avez-vous envoy\u00e9 un message sur cet impact n\u00e9gatif \u00e0 des parties ?<\/p>\n<p>R\u00e9ponse : cela ne m&#8217;a pas \u00e9t\u00e9 demand\u00e9 comme on ne pas requis mon avis et le premier a m\u2019interroger sur cet impact, c\u2019est toi maintenant.<\/p>\n<p>Question : L&#8217;\u00e9cole de police a-t-elle obtenu des terrains sur la route de la R\u00e9sistance ?<\/p>\n<p>R\u00e9ponse : Non, elle n&#8217;a pas obtenu de terrains, et si on comptait lui en donn\u00e9, elle n\u2019a pas re\u00e7u son terrain. L&#8217;\u00e9cole de police n&#8217;a pas demand\u00e9 de terrain en \u00e9change du sien.<\/p>\n<p>Question : Quelles activit\u00e9s exercez-vous actuellement ?<\/p>\n<p>Pr\u00e9sident de la Cour: Nous lui avons d\u00e9j\u00e0 pos\u00e9 cette question, et il a r\u00e9pondu qu&#8217;il est un g\u00e9n\u00e9ral \u00e0 la retraite.<\/p>\n<p>Mohamed Ould Ichedou : Je n&#8217;ai pas de questions car nous sommes devant un homme de loi : un g\u00e9n\u00e9ral, un avocat militaire et un ancien procureur militaire, et il sait que ce n&#8217;est pas un t\u00e9moignage !<\/p>\n<p>Me Sandrella Merhej : En tant qu&#8217;ancien directeur de la sur\u00eat\u00e9, vous informez-vous sur les communiqu\u00e9s du Conseil des ministres ?<\/p>\n<p>Ould B\u00e9krine : je m\u2019informe sur ces communiqu\u00e9s sur sites locaux d&#8217;actualit\u00e9.<\/p>\n<p>Question : Les communiqu\u00e9s du Conseil des ministres parvenaient-ils \u00e0 la DGSN sous une forme \u00e9crite officielle ?<\/p>\n<p>R\u00e9ponse : Non, mais notre travail nous oblige de les consulter.<\/p>\n<p>Question : relevez-vous du Minist\u00e8re de l&#8217;Int\u00e9rieur ?<\/p>\n<p>R\u00e9ponse : Oui.<\/p>\n<p>Question : Savez-vous que le cabinet du minist\u00e8re dispose de documents concernant la vente de l&#8217;\u00e9cole de police ?<\/p>\n<p>R\u00e9ponse : Je n&#8217;ai aucune information et je n&#8217;ai pas demand\u00e9 \u00e0 ce sujet.<\/p>\n<p>Question : Quelles \u00e9taient les personnes priv\u00e9es qui, selon vous, accompagnaient le fonctionnaire du Minist\u00e8re de l\u2019habitat ?<\/p>\n<p>R\u00e9ponse : Je ne les connais pas et je n&#8217;ai pas pos\u00e9 de questions \u00e0 leur sujet et on m&#8217;a dit que ce sont des personnes qui prendront la terre.<\/p>\n<p>Question : Qui vous a dit \u00e7a?<\/p>\n<p>R\u00e9ponse : j&#8217;ai d\u00e9j\u00e0 r\u00e9pondu \u00e0 cette question.<\/p>\n<p>Question : Y a-t-il eu des contacts p\u00e9riodiques entre vous et l&#8217;ancien pr\u00e9sident de la R\u00e9publique ?<\/p>\n<p>R\u00e9ponse : Il \u00e9tait pr\u00e9sident et j&#8217;\u00e9tais directeur de la suret\u00e9, et bien s\u00fbr nous avions des contacts.<\/p>\n<p>Question : Avez-vous \u00e9t\u00e9 menac\u00e9 par Aziz ?<\/p>\n<p>R\u00e9ponse : J&#8217;ai r\u00e9pondu \u00e0 cette question. Tu \u00e9tais peut \u00eatre absente d\u2019ici.<\/p>\n<p>Me Bechir : puisque vous avez occup\u00e9 plusieurs poste, y-a-t-il eu des ventes similaires?<\/p>\n<p>Ould B\u00e9krine : j&#8217;ai d\u00e9j\u00e0 r\u00e9pondu \u00e0 cette question.<\/p>\n<p>Question : \u00cates-vous au courant des terres qui ont \u00e9t\u00e9 donn\u00e9es \u00e0 la police sur la route de la R\u00e9sistance?<\/p>\n<p>R\u00e9ponse : Non, cela la peut-\u00eatre \u00e9t\u00e9 apr\u00e8s moi.<\/p>\n<p>Questions de la partie civile :<\/p>\n<p>Me Diabira Maroufa : Vous avez dit que l&#8217;ancien pr\u00e9sident vous a appel\u00e9 et vous a envoy\u00e9 un groupe pour lui faciliter la t\u00e2che relative \u00e0 la vente d\u2019un terrain de l&#8217;\u00e9cole de police. Les avez-vous convoqu\u00e9s ou sont-ils venus d&#8217;eux-m\u00eames ? Et qui les a re\u00e7us, vous ou certains de vos collaborateurs ?<\/p>\n<p>R\u00e9ponse : J&#8217;ai d\u00e9j\u00e0 r\u00e9pondu \u00e0 la premi\u00e8re partie de cette question, et quant \u00e0 l&#8217;accueil, je les ai re\u00e7us dans mon bureau.<\/p>\n<p>Question : Le directeur de l&#8217;\u00e9cole vous a-t-il inform\u00e9 de ce qui s&#8217;est pass\u00e9 entre lui et la d\u00e9l\u00e9gation de l\u2019habitat ?<\/p>\n<p>R\u00e9ponse : En effet, m\u2019assurant du respect du minist\u00e8re de la condition que j&#8217;ai demand\u00e9e.<\/p>\n<p>Question : A qui profite la vente ?<\/p>\n<p>R\u00e9ponse : Je ne le connais pas, je n&#8217;ai pas demand\u00e9 qui c\u2019est. Cela ne signifie rien pour moi.<\/p>\n<p>Me Lo Gourmo Abdoul : Vous relevez du Ministre de l&#8217;Int\u00e9rieur dont vous \u00eates sous sa tutelle ?<\/p>\n<p>R\u00e9ponse : Oui, c\u2019est \u00e9vident.<\/p>\n<p>Question : pourquoi l&#8217;ancien pr\u00e9sident vous a-t-il contact\u00e9 et non le ministre ?<\/p>\n<p>R\u00e9ponse : Je suis membre des Forces Arm\u00e9es dirig\u00e9es par le Pr\u00e9sident de la R\u00e9publique.<\/p>\n<p>Question : L&#8217;une des parties dont vous relevez, a-t-elle jou\u00e9 un r\u00f4le dans la vente ?<\/p>\n<p>R\u00e9ponse : Non, je ne suis pas au courant de \u00e7a.<\/p>\n<p>Question : Des justifications s\u00e9curitaires ont-elles \u00e9t\u00e9 \u00e9labor\u00e9es pour la vente d&#8217;une partie du terrain de l&#8217;\u00e9cole de police ?<\/p>\n<p>R\u00e9ponse : nous avons appris cette affaire seulement par t\u00e9l\u00e9phone comme je vous l\u2019ai dit.<\/p>\n<p>Question : Je m&#8217;adresse maintenant \u00e0 un directeur de la s\u00fbret\u00e9 qui dirigeait une \u00e9difice fondamental de l&#8217;\u00c9tat. Le voisinage des magasins commerciaux constitue-t-il une source de nuisance \u00e0 la s\u00e9curit\u00e9 de l&#8217;\u00e9cole de police ?<\/p>\n<p>R\u00e9ponse : En effet, la s\u00e9curit\u00e9 de l&#8217;\u00e9cole a \u00e9t\u00e9 mise \u00e0 mal, car elle n&#8217;a plus acc\u00e8s \u00e0 la rue du c\u00f4t\u00e9 sud, lui permettant d&#8217;intervenir et de se d\u00e9placer. Les immeubles qui la surplombent pourraient aussi avoir de la nuisance sur la s\u00e9curit\u00e9.<\/p>\n<p>Me Abdallahi Ould Gah : Avez-vous des informations sur les financements allemands pour transformer l&#8217;\u00e9cole de police en acad\u00e9mie ?<\/p>\n<p>Ould B\u00e9krine : Il n&#8217;y a rien d&#8217;officiel \u00e0 ce sujet. Il y a des fonctionnaires de police qui ont parl\u00e9 aux Allemands \u00e0 ce sujet, mais rien n&#8217;a \u00e9t\u00e9 d\u00e9cid\u00e9 \u00e0 ce sujet.<\/p>\n<p>Question : Le d\u00e9coupage nuit-il \u00e0 ce projet ?<\/p>\n<p>R\u00e9ponse : aucune mesure formelle n\u2019a \u00e9t\u00e9 engag\u00e9e dans ce projet.<\/p>\n<p>Question : Avez-vous visit\u00e9 l&#8217;\u00e9cole apr\u00e8s la d\u00e9coupage ?<\/p>\n<p>R\u00e9ponse :Oui, je l&#8217;ai visit\u00e9e.<\/p>\n<p>Question : Vous \u00eates-vous assur\u00e9 des nuisances cons\u00e9cutives au d\u00e9coupage et \u00e0 la vente ?<\/p>\n<p>R\u00e9ponse : Oui, et j&#8217;ai d\u00e9j\u00e0 r\u00e9pondu \u00e0 cette question. Le site permettait autrefois \u00e0 l&#8217;\u00e9cole d&#8217;avoir plusieurs points d\u2019acc\u00e8s sur la rue principale, ce qui n\u2019\u00e9tait plus possible. A cela s\u2019ajoute le fait que les b\u00e2timents commerciaux \u00e9lev\u00e9s \u00e0 sa proximit\u00e9 \u00e9taient inappropri\u00e9s.<\/p>\n<p>Me Nema Ould Ahmed Zeidane : Aurait-il \u00e9t\u00e9 pr\u00e9f\u00e9rable de d\u00e9placer l&#8217;\u00e9cole et de laisser sa place aux commerces ?<\/p>\n<p>Ould B\u00e9krine : A mon avis c&#8217;\u00e9tait mieux.<\/p>\n<p>Question : \u00cates-vous d&#8217;accord avec moi sur les propos d&#8217;Ibn Khaldoun sur la n\u00e9cessit\u00e9 de s\u00e9parer le commerce et l\u2019\u00c9mirat ?<\/p>\n<p>R\u00e9ponse : Je n&#8217;ai pas de r\u00e9ponse \u00e0 cette question.<\/p>\n<p>Me Ould Abdi : la DGSN est-elle sous la tutelle du minist\u00e8re de l&#8217;Int\u00e9rieur ?<\/p>\n<p>Ould B\u00e9krine : naturellement.<\/p>\n<p>Question : Pourquoi l&#8217;affaire n&#8217;est-elle pas pass\u00e9e par le minist\u00e8re de l&#8217;Int\u00e9rieur ?<\/p>\n<p>R\u00e9ponse : Il s&#8217;agit d&#8217;une proc\u00e9dure normale, et le minist\u00e8re de l&#8217;Int\u00e9rieur m&#8217;a contact\u00e9 \u00e0 cet \u00e9gard.<\/p>\n<p>Question : les b\u00e2timents surplombant l&#8217;\u00e9cole constituent-ils, \u00e0 la lumi\u00e8re de la vague terroriste, une menace pour celle-ci?<\/p>\n<p>R\u00e9ponse : J&#8217;en ai parl\u00e9. La pr\u00e9sence de b\u00e2timents \u00e9lev\u00e9s autour de l&#8217;\u00e9cole de police peut \u00eatre dangereuse, car elle sert tout ennemi qui veut recueillir des informations ou utiliser des armes contre l&#8217;\u00e9cole.<\/p>\n<p>Me Ould Kharchi : Existe-t-il une \u00e9tude de s\u00e9curit\u00e9 de la situation de l&#8217;\u00e9cole de police avant la vente ?<\/p>\n<p>R\u00e9ponse : Je suppose que oui, mais je ne l&#8217;ai pas vu et j&#8217;\u00e9tais au courant de la vente par t\u00e9l\u00e9phone.<\/p>\n<p>Me Abdallahi Hbib : quel est le meilleur de mieux maintenant : reprendre le terrain de l&#8217;\u00e9cole ou le d\u00e9localiser ?<\/p>\n<p>R\u00e9ponse : Il vaut mieux le d\u00e9placer car les terrains ont \u00e9t\u00e9 vendus \u00e0 d&#8217;autres qui y ont \u00e9rig\u00e9 des constructions.<\/p>\n<p>Me Brahim Ebetty : Que s&#8217;est-il pass\u00e9 entre vous et le Monsieur de l\u2019habitat et les particuliers ?<\/p>\n<p>Ould B\u00e9krine : J&#8217;ai parl\u00e9 avec l\u2019\u00e9missaire de l\u2019habitat que j\u2019ai recommand\u00e9 au directeur au directeur de l&#8217;\u00e9cole voir les choses directement.<\/p>\n<p>Question : Vous ont-ils dit que l&#8217;ancien pr\u00e9sident qui les avaient envoy\u00e9s ?<\/p>\n<p>R\u00e9ponse : Ils sont venus \u00e0 mon bureau apr\u00e8s l\u2019appel et je suis au courant d\u2019eux. Confirmer leur arriv\u00e9e ne requiert pas d\u2019appel de sa part.<\/p>\n<p>Question :: En votre qualit\u00e9 d&#8217;ancien directeur de la suret\u00e9, avez-vous vu dans le monde des boutiques dans une \u00e9cole de police ?<\/p>\n<p>R\u00e9ponse : non, je n\u2019ai pas connaissance de cela.<\/p>\n<p>Question : Le projet Palm Hotel (H\u00f4tel Kadhafi) a \u00e9t\u00e9 rejet\u00e9 car il \u00e9tait proche de l\u2019Etat-major. Il devait \u00eatre plus \u00e9lev\u00e9 que les b\u00e2timents surplombant l\u2019\u00e9cole de police. Pourquoi le d\u00e9coupage de l&#8217;Ecole de police pour la construction de b\u00e2timents a-t-il \u00e9t\u00e9 accept\u00e9 ?<\/p>\n<p>R\u00e9ponse : Nous n&#8217;avons pas d\u00e9cid\u00e9 sa vente pour connaitre cela.<\/p>\n<p>Le pr\u00e9sident du tribunal l\u00e8ve la s\u00e9ance pour la pri\u00e8re, avant l\u2019audition d\u2019un deuxi\u00e8me t\u00e9moin apr\u00e8s la reprise sa reprise.<\/p>\n<p>Traduit par Mohamed Ould Mohamed Lemine<\/p>\n<p>mdhademine@yahoo.fr<\/p>\n<p>https:\/\/alakhbar.info\/?q=node\/46866<\/p>\n","protected":false},"excerpt":{"rendered":"<p>Le tribunal p\u00e9nal sp\u00e9cialis\u00e9 dans les crimes de corruption a entendu lors de sa s\u00e9ance de ce lundi matin 10 avril courant, le t\u00e9moignage de l&#8217;ancien directeur g\u00e9n\u00e9ral de la suret\u00e9 nationale (DGSN), le g\u00e9n\u00e9ral \u00e0 la retraite Ahmed Ould B\u00e9krine, concernant le bradage des terrains d\u00e9coup\u00e9es de l\u2019Ecole de police de Nouakchott. J\u2019ai transmis&#8230;..<\/p>\n","protected":false},"author":5,"featured_media":7231,"comment_status":"open","ping_status":"open","sticky":false,"template":"","format":"standard","meta":{"footnotes":""},"categories":[23,49],"tags":[],"class_list":["post-7230","post","type-post","status-publish","format-standard","has-post-thumbnail","hentry","category-actualite","category-economie"],"yoast_head":"<!-- This site is optimized with the Yoast SEO plugin v27.5 - https:\/\/yoast.com\/product\/yoast-seo-wordpress\/ -->\n<title>Bradage de l\u2019Ecole de police : L\u2019ex G\u00e9n\u00e9ral Ould B\u00e9krine t\u00e9moigne \u2026 - Le Quotidien de Nouakchott<\/title>\n<meta name=\"robots\" content=\"index, follow, max-snippet:-1, max-image-preview:large, max-video-preview:-1\" \/>\n<link rel=\"canonical\" href=\"https:\/\/lequotidien.mr\/?p=7230&lang=fr\" \/>\n<meta property=\"og:locale\" content=\"ar_AR\" \/>\n<meta property=\"og:type\" content=\"article\" \/>\n<meta property=\"og:title\" content=\"Bradage de l\u2019Ecole de police : L\u2019ex G\u00e9n\u00e9ral Ould B\u00e9krine t\u00e9moigne \u2026 - Le Quotidien de Nouakchott\" \/>\n<meta property=\"og:description\" content=\"Le tribunal p\u00e9nal sp\u00e9cialis\u00e9 dans les crimes de corruption a entendu lors de sa s\u00e9ance de ce lundi matin 10 avril courant, le t\u00e9moignage de l&#8217;ancien directeur g\u00e9n\u00e9ral de la suret\u00e9 nationale (DGSN), le g\u00e9n\u00e9ral \u00e0 la retraite Ahmed Ould B\u00e9krine, concernant le bradage des terrains d\u00e9coup\u00e9es de l\u2019Ecole de police de Nouakchott. J\u2019ai transmis.....\" \/>\n<meta property=\"og:url\" content=\"https:\/\/lequotidien.mr\/?p=7230&amp;lang=fr\" \/>\n<meta property=\"og:site_name\" content=\"Le Quotidien de Nouakchott\" \/>\n<meta property=\"article:publisher\" content=\"https:\/\/web.facebook.com\/lequotidienmr\" \/>\n<meta property=\"article:published_time\" content=\"2023-04-10T22:14:53+00:00\" \/>\n<meta property=\"og:image\" content=\"https:\/\/lequotidien.mr\/wp-content\/uploads\/2023\/04\/ould_bekrine_45_e.jpg\" \/>\n\t<meta property=\"og:image:width\" content=\"352\" \/>\n\t<meta property=\"og:image:height\" content=\"256\" \/>\n\t<meta property=\"og:image:type\" content=\"image\/jpeg\" \/>\n<meta name=\"author\" content=\"Gayi Diawara\" \/>\n<meta name=\"twitter:card\" content=\"summary_large_image\" \/>\n<meta name=\"twitter:creator\" content=\"@lequotidienmr\" \/>\n<meta name=\"twitter:site\" content=\"@lequotidienmr\" \/>\n<meta name=\"twitter:label1\" content=\"\u0643\u064f\u062a\u0628 \u0628\u0648\u0627\u0633\u0637\u0629\" \/>\n\t<meta name=\"twitter:data1\" content=\"Gayi Diawara\" \/>\n\t<meta name=\"twitter:label2\" content=\"\u0648\u0642\u062a \u0627\u0644\u0642\u0631\u0627\u0621\u0629 \u0627\u0644\u0645\u064f\u0642\u062f\u0651\u0631\" \/>\n\t<meta name=\"twitter:data2\" content=\"10 \u062f\u0642\u0627\u0626\u0642\" \/>\n<script type=\"application\/ld+json\" class=\"yoast-schema-graph\">{\"@context\":\"https:\\\/\\\/schema.org\",\"@graph\":[{\"@type\":\"Article\",\"@id\":\"https:\\\/\\\/lequotidien.mr\\\/?p=7230&lang=fr#article\",\"isPartOf\":{\"@id\":\"https:\\\/\\\/lequotidien.mr\\\/?p=7230&lang=fr\"},\"author\":{\"name\":\"Gayi Diawara\",\"@id\":\"https:\\\/\\\/lequotidien.mr\\\/#\\\/schema\\\/person\\\/1077c8abd5640a6514b909318d271dee\"},\"headline\":\"Bradage de l\u2019Ecole de police : L\u2019ex G\u00e9n\u00e9ral Ould B\u00e9krine t\u00e9moigne \u2026\",\"datePublished\":\"2023-04-10T22:14:53+00:00\",\"mainEntityOfPage\":{\"@id\":\"https:\\\/\\\/lequotidien.mr\\\/?p=7230&lang=fr\"},\"wordCount\":2700,\"commentCount\":0,\"publisher\":{\"@id\":\"https:\\\/\\\/lequotidien.mr\\\/#organization\"},\"image\":{\"@id\":\"https:\\\/\\\/lequotidien.mr\\\/?p=7230&lang=fr#primaryimage\"},\"thumbnailUrl\":\"https:\\\/\\\/lequotidien.mr\\\/wp-content\\\/uploads\\\/2023\\\/04\\\/ould_bekrine_45_e.jpg\",\"articleSection\":[\"ACTUALIT\u00c9\",\"Economie\"],\"inLanguage\":\"ar\",\"potentialAction\":[{\"@type\":\"CommentAction\",\"name\":\"Comment\",\"target\":[\"https:\\\/\\\/lequotidien.mr\\\/?p=7230&lang=fr#respond\"]}]},{\"@type\":\"WebPage\",\"@id\":\"https:\\\/\\\/lequotidien.mr\\\/?p=7230&lang=fr\",\"url\":\"https:\\\/\\\/lequotidien.mr\\\/?p=7230&lang=fr\",\"name\":\"Bradage de l\u2019Ecole de police : L\u2019ex G\u00e9n\u00e9ral Ould B\u00e9krine t\u00e9moigne \u2026 - Le Quotidien de Nouakchott\",\"isPartOf\":{\"@id\":\"https:\\\/\\\/lequotidien.mr\\\/#website\"},\"primaryImageOfPage\":{\"@id\":\"https:\\\/\\\/lequotidien.mr\\\/?p=7230&lang=fr#primaryimage\"},\"image\":{\"@id\":\"https:\\\/\\\/lequotidien.mr\\\/?p=7230&lang=fr#primaryimage\"},\"thumbnailUrl\":\"https:\\\/\\\/lequotidien.mr\\\/wp-content\\\/uploads\\\/2023\\\/04\\\/ould_bekrine_45_e.jpg\",\"datePublished\":\"2023-04-10T22:14:53+00:00\",\"breadcrumb\":{\"@id\":\"https:\\\/\\\/lequotidien.mr\\\/?p=7230&lang=fr#breadcrumb\"},\"inLanguage\":\"ar\",\"potentialAction\":[{\"@type\":\"ReadAction\",\"target\":[\"https:\\\/\\\/lequotidien.mr\\\/?p=7230&lang=fr\"]}]},{\"@type\":\"ImageObject\",\"inLanguage\":\"ar\",\"@id\":\"https:\\\/\\\/lequotidien.mr\\\/?p=7230&lang=fr#primaryimage\",\"url\":\"https:\\\/\\\/lequotidien.mr\\\/wp-content\\\/uploads\\\/2023\\\/04\\\/ould_bekrine_45_e.jpg\",\"contentUrl\":\"https:\\\/\\\/lequotidien.mr\\\/wp-content\\\/uploads\\\/2023\\\/04\\\/ould_bekrine_45_e.jpg\",\"width\":352,\"height\":256},{\"@type\":\"BreadcrumbList\",\"@id\":\"https:\\\/\\\/lequotidien.mr\\\/?p=7230&lang=fr#breadcrumb\",\"itemListElement\":[{\"@type\":\"ListItem\",\"position\":1,\"name\":\"Home\",\"item\":\"https:\\\/\\\/lequotidien.mr\\\/\"},{\"@type\":\"ListItem\",\"position\":2,\"name\":\"Bradage de l\u2019Ecole de police : L\u2019ex G\u00e9n\u00e9ral Ould B\u00e9krine t\u00e9moigne \u2026\"}]},{\"@type\":\"WebSite\",\"@id\":\"https:\\\/\\\/lequotidien.mr\\\/#website\",\"url\":\"https:\\\/\\\/lequotidien.mr\\\/\",\"name\":\"Le Quotidien de Nouakchott\",\"description\":\"\u0625\u062e\u0628\u0627\u0631\u064a\u0629 \u0645\u0633\u062a\u0642\u0644\u0629 \u0644\u0644\u0623\u0646\u0628\u0627\u0621 \u0627\u0644\u0639\u0627\u0645\u0629\",\"publisher\":{\"@id\":\"https:\\\/\\\/lequotidien.mr\\\/#organization\"},\"potentialAction\":[{\"@type\":\"SearchAction\",\"target\":{\"@type\":\"EntryPoint\",\"urlTemplate\":\"https:\\\/\\\/lequotidien.mr\\\/?s={search_term_string}\"},\"query-input\":{\"@type\":\"PropertyValueSpecification\",\"valueRequired\":true,\"valueName\":\"search_term_string\"}}],\"inLanguage\":\"ar\"},{\"@type\":\"Organization\",\"@id\":\"https:\\\/\\\/lequotidien.mr\\\/#organization\",\"name\":\"Le Quotidien de Nouakchott\",\"url\":\"https:\\\/\\\/lequotidien.mr\\\/\",\"logo\":{\"@type\":\"ImageObject\",\"inLanguage\":\"ar\",\"@id\":\"https:\\\/\\\/lequotidien.mr\\\/#\\\/schema\\\/logo\\\/image\\\/\",\"url\":\"https:\\\/\\\/lequotidien.mr\\\/wp-content\\\/uploads\\\/2022\\\/11\\\/logolequotidien.jpg\",\"contentUrl\":\"https:\\\/\\\/lequotidien.mr\\\/wp-content\\\/uploads\\\/2022\\\/11\\\/logolequotidien.jpg\",\"width\":290,\"height\":65,\"caption\":\"Le Quotidien de Nouakchott\"},\"image\":{\"@id\":\"https:\\\/\\\/lequotidien.mr\\\/#\\\/schema\\\/logo\\\/image\\\/\"},\"sameAs\":[\"https:\\\/\\\/web.facebook.com\\\/lequotidienmr\",\"https:\\\/\\\/x.com\\\/lequotidienmr\"]},{\"@type\":\"Person\",\"@id\":\"https:\\\/\\\/lequotidien.mr\\\/#\\\/schema\\\/person\\\/1077c8abd5640a6514b909318d271dee\",\"name\":\"Gayi Diawara\",\"image\":{\"@type\":\"ImageObject\",\"inLanguage\":\"ar\",\"@id\":\"https:\\\/\\\/secure.gravatar.com\\\/avatar\\\/63ea8db1e19a6d2d608b24c0f78b5f3a7d6e0bc11959fec273410af333e4d0ac?s=96&d=mm&r=g\",\"url\":\"https:\\\/\\\/secure.gravatar.com\\\/avatar\\\/63ea8db1e19a6d2d608b24c0f78b5f3a7d6e0bc11959fec273410af333e4d0ac?s=96&d=mm&r=g\",\"contentUrl\":\"https:\\\/\\\/secure.gravatar.com\\\/avatar\\\/63ea8db1e19a6d2d608b24c0f78b5f3a7d6e0bc11959fec273410af333e4d0ac?s=96&d=mm&r=g\",\"caption\":\"Gayi Diawara\"},\"sameAs\":[\"http:\\\/\\\/lequotidien.mr\"],\"url\":\"https:\\\/\\\/lequotidien.mr\\\/?author=5\"}]}<\/script>\n<!-- \/ Yoast SEO plugin. -->","yoast_head_json":{"title":"Bradage de l\u2019Ecole de police : L\u2019ex G\u00e9n\u00e9ral Ould B\u00e9krine t\u00e9moigne \u2026 - Le Quotidien de Nouakchott","robots":{"index":"index","follow":"follow","max-snippet":"max-snippet:-1","max-image-preview":"max-image-preview:large","max-video-preview":"max-video-preview:-1"},"canonical":"https:\/\/lequotidien.mr\/?p=7230&lang=fr","og_locale":"ar_AR","og_type":"article","og_title":"Bradage de l\u2019Ecole de police : L\u2019ex G\u00e9n\u00e9ral Ould B\u00e9krine t\u00e9moigne \u2026 - Le Quotidien de Nouakchott","og_description":"Le tribunal p\u00e9nal sp\u00e9cialis\u00e9 dans les crimes de corruption a entendu lors de sa s\u00e9ance de ce lundi matin 10 avril courant, le t\u00e9moignage de l&#8217;ancien directeur g\u00e9n\u00e9ral de la suret\u00e9 nationale (DGSN), le g\u00e9n\u00e9ral \u00e0 la retraite Ahmed Ould B\u00e9krine, concernant le bradage des terrains d\u00e9coup\u00e9es de l\u2019Ecole de police de Nouakchott. J\u2019ai transmis.....","og_url":"https:\/\/lequotidien.mr\/?p=7230&lang=fr","og_site_name":"Le Quotidien de Nouakchott","article_publisher":"https:\/\/web.facebook.com\/lequotidienmr","article_published_time":"2023-04-10T22:14:53+00:00","og_image":[{"width":352,"height":256,"url":"https:\/\/lequotidien.mr\/wp-content\/uploads\/2023\/04\/ould_bekrine_45_e.jpg","type":"image\/jpeg"}],"author":"Gayi Diawara","twitter_card":"summary_large_image","twitter_creator":"@lequotidienmr","twitter_site":"@lequotidienmr","twitter_misc":{"\u0643\u064f\u062a\u0628 \u0628\u0648\u0627\u0633\u0637\u0629":"Gayi Diawara","\u0648\u0642\u062a \u0627\u0644\u0642\u0631\u0627\u0621\u0629 \u0627\u0644\u0645\u064f\u0642\u062f\u0651\u0631":"10 \u062f\u0642\u0627\u0626\u0642"},"schema":{"@context":"https:\/\/schema.org","@graph":[{"@type":"Article","@id":"https:\/\/lequotidien.mr\/?p=7230&lang=fr#article","isPartOf":{"@id":"https:\/\/lequotidien.mr\/?p=7230&lang=fr"},"author":{"name":"Gayi Diawara","@id":"https:\/\/lequotidien.mr\/#\/schema\/person\/1077c8abd5640a6514b909318d271dee"},"headline":"Bradage de l\u2019Ecole de police : L\u2019ex G\u00e9n\u00e9ral Ould B\u00e9krine t\u00e9moigne \u2026","datePublished":"2023-04-10T22:14:53+00:00","mainEntityOfPage":{"@id":"https:\/\/lequotidien.mr\/?p=7230&lang=fr"},"wordCount":2700,"commentCount":0,"publisher":{"@id":"https:\/\/lequotidien.mr\/#organization"},"image":{"@id":"https:\/\/lequotidien.mr\/?p=7230&lang=fr#primaryimage"},"thumbnailUrl":"https:\/\/lequotidien.mr\/wp-content\/uploads\/2023\/04\/ould_bekrine_45_e.jpg","articleSection":["ACTUALIT\u00c9","Economie"],"inLanguage":"ar","potentialAction":[{"@type":"CommentAction","name":"Comment","target":["https:\/\/lequotidien.mr\/?p=7230&lang=fr#respond"]}]},{"@type":"WebPage","@id":"https:\/\/lequotidien.mr\/?p=7230&lang=fr","url":"https:\/\/lequotidien.mr\/?p=7230&lang=fr","name":"Bradage de l\u2019Ecole de police : L\u2019ex G\u00e9n\u00e9ral Ould B\u00e9krine t\u00e9moigne \u2026 - Le Quotidien de Nouakchott","isPartOf":{"@id":"https:\/\/lequotidien.mr\/#website"},"primaryImageOfPage":{"@id":"https:\/\/lequotidien.mr\/?p=7230&lang=fr#primaryimage"},"image":{"@id":"https:\/\/lequotidien.mr\/?p=7230&lang=fr#primaryimage"},"thumbnailUrl":"https:\/\/lequotidien.mr\/wp-content\/uploads\/2023\/04\/ould_bekrine_45_e.jpg","datePublished":"2023-04-10T22:14:53+00:00","breadcrumb":{"@id":"https:\/\/lequotidien.mr\/?p=7230&lang=fr#breadcrumb"},"inLanguage":"ar","potentialAction":[{"@type":"ReadAction","target":["https:\/\/lequotidien.mr\/?p=7230&lang=fr"]}]},{"@type":"ImageObject","inLanguage":"ar","@id":"https:\/\/lequotidien.mr\/?p=7230&lang=fr#primaryimage","url":"https:\/\/lequotidien.mr\/wp-content\/uploads\/2023\/04\/ould_bekrine_45_e.jpg","contentUrl":"https:\/\/lequotidien.mr\/wp-content\/uploads\/2023\/04\/ould_bekrine_45_e.jpg","width":352,"height":256},{"@type":"BreadcrumbList","@id":"https:\/\/lequotidien.mr\/?p=7230&lang=fr#breadcrumb","itemListElement":[{"@type":"ListItem","position":1,"name":"Home","item":"https:\/\/lequotidien.mr\/"},{"@type":"ListItem","position":2,"name":"Bradage de l\u2019Ecole de police : L\u2019ex G\u00e9n\u00e9ral Ould B\u00e9krine t\u00e9moigne \u2026"}]},{"@type":"WebSite","@id":"https:\/\/lequotidien.mr\/#website","url":"https:\/\/lequotidien.mr\/","name":"Le Quotidien de Nouakchott","description":"\u0625\u062e\u0628\u0627\u0631\u064a\u0629 \u0645\u0633\u062a\u0642\u0644\u0629 \u0644\u0644\u0623\u0646\u0628\u0627\u0621 \u0627\u0644\u0639\u0627\u0645\u0629","publisher":{"@id":"https:\/\/lequotidien.mr\/#organization"},"potentialAction":[{"@type":"SearchAction","target":{"@type":"EntryPoint","urlTemplate":"https:\/\/lequotidien.mr\/?s={search_term_string}"},"query-input":{"@type":"PropertyValueSpecification","valueRequired":true,"valueName":"search_term_string"}}],"inLanguage":"ar"},{"@type":"Organization","@id":"https:\/\/lequotidien.mr\/#organization","name":"Le Quotidien de Nouakchott","url":"https:\/\/lequotidien.mr\/","logo":{"@type":"ImageObject","inLanguage":"ar","@id":"https:\/\/lequotidien.mr\/#\/schema\/logo\/image\/","url":"https:\/\/lequotidien.mr\/wp-content\/uploads\/2022\/11\/logolequotidien.jpg","contentUrl":"https:\/\/lequotidien.mr\/wp-content\/uploads\/2022\/11\/logolequotidien.jpg","width":290,"height":65,"caption":"Le Quotidien de Nouakchott"},"image":{"@id":"https:\/\/lequotidien.mr\/#\/schema\/logo\/image\/"},"sameAs":["https:\/\/web.facebook.com\/lequotidienmr","https:\/\/x.com\/lequotidienmr"]},{"@type":"Person","@id":"https:\/\/lequotidien.mr\/#\/schema\/person\/1077c8abd5640a6514b909318d271dee","name":"Gayi Diawara","image":{"@type":"ImageObject","inLanguage":"ar","@id":"https:\/\/secure.gravatar.com\/avatar\/63ea8db1e19a6d2d608b24c0f78b5f3a7d6e0bc11959fec273410af333e4d0ac?s=96&d=mm&r=g","url":"https:\/\/secure.gravatar.com\/avatar\/63ea8db1e19a6d2d608b24c0f78b5f3a7d6e0bc11959fec273410af333e4d0ac?s=96&d=mm&r=g","contentUrl":"https:\/\/secure.gravatar.com\/avatar\/63ea8db1e19a6d2d608b24c0f78b5f3a7d6e0bc11959fec273410af333e4d0ac?s=96&d=mm&r=g","caption":"Gayi Diawara"},"sameAs":["http:\/\/lequotidien.mr"],"url":"https:\/\/lequotidien.mr\/?author=5"}]}},"_links":{"self":[{"href":"https:\/\/lequotidien.mr\/index.php?rest_route=\/wp\/v2\/posts\/7230","targetHints":{"allow":["GET"]}}],"collection":[{"href":"https:\/\/lequotidien.mr\/index.php?rest_route=\/wp\/v2\/posts"}],"about":[{"href":"https:\/\/lequotidien.mr\/index.php?rest_route=\/wp\/v2\/types\/post"}],"author":[{"embeddable":true,"href":"https:\/\/lequotidien.mr\/index.php?rest_route=\/wp\/v2\/users\/5"}],"replies":[{"embeddable":true,"href":"https:\/\/lequotidien.mr\/index.php?rest_route=%2Fwp%2Fv2%2Fcomments&post=7230"}],"version-history":[{"count":1,"href":"https:\/\/lequotidien.mr\/index.php?rest_route=\/wp\/v2\/posts\/7230\/revisions"}],"predecessor-version":[{"id":7232,"href":"https:\/\/lequotidien.mr\/index.php?rest_route=\/wp\/v2\/posts\/7230\/revisions\/7232"}],"wp:featuredmedia":[{"embeddable":true,"href":"https:\/\/lequotidien.mr\/index.php?rest_route=\/wp\/v2\/media\/7231"}],"wp:attachment":[{"href":"https:\/\/lequotidien.mr\/index.php?rest_route=%2Fwp%2Fv2%2Fmedia&parent=7230"}],"wp:term":[{"taxonomy":"category","embeddable":true,"href":"https:\/\/lequotidien.mr\/index.php?rest_route=%2Fwp%2Fv2%2Fcategories&post=7230"},{"taxonomy":"post_tag","embeddable":true,"href":"https:\/\/lequotidien.mr\/index.php?rest_route=%2Fwp%2Fv2%2Ftags&post=7230"}],"curies":[{"name":"wp","href":"https:\/\/api.w.org\/{rel}","templated":true}]}}