{"id":7227,"date":"2023-04-10T22:11:07","date_gmt":"2023-04-10T22:11:07","guid":{"rendered":"https:\/\/lequotidien.mr\/?p=7227"},"modified":"2023-04-10T22:11:07","modified_gmt":"2023-04-10T22:11:07","slug":"lhomme-daffaires-brahim-o-gadda-jai-recu-de-mohamed-o-abdel-aziz-7-milliards-a-majorite-de-leuro-et-de-dollar","status":"publish","type":"post","link":"https:\/\/lequotidien.mr\/?p=7227&lang=fr","title":{"rendered":"L\u2019homme d\u2019affaires Brahim O. Gadda : \u00ab j\u2019ai re\u00e7u de Mohamed O. Abdel Aziz 7 milliards \u00e0 majorit\u00e9 de l\u2019euro et de dollar \u00bb"},"content":{"rendered":"<p>Sahara M\u00e9dias &#8211; L\u2019homme d\u2019affaires mauritanien Brahim O. Gadda dit Bahay a d\u00e9clar\u00e9 que les fonds que lui a confi\u00e9 l\u2019ancien pr\u00e9sident, Mohamed O. Abdel Aziz pendant ses ann\u00e9es de pouvoir, ont d\u00e9pass\u00e9 les 7 milliards, constitu\u00e9s pour l\u2019essentiel de devises (l\u2019euro et le dollar).<\/p>\n<p>Ould Gadda t\u00e9moignait lundi devant le tribunal charg\u00e9 de juger l\u2019ancien pr\u00e9sident et certains de ses plus proches collaborateurs dans le cadre du dossier de la d\u00e9cennie, accus\u00e9 de corruption, du trafic d\u2019influence, le blanchiment d\u2019argent et l\u2019enrichissement illicite.<\/p>\n<p>Ould Gadda t\u00e9moignait dans le cadre d\u2019une coupe effectu\u00e9e sur l\u2019espace du stade olympique sur lequel a \u00e9t\u00e9 \u00e9difi\u00e9 un b\u00e2timent devant abriter une clinique m\u00e9dicale.<\/p>\n<p>Il a \u00e9galement t\u00e9moign\u00e9 \u00e0 propos des fonds que lui a confi\u00e9s ould Abdel Aziz.<\/p>\n<p>Ould Gadda a d\u2019abord d\u00e9clar\u00e9 qu\u2019il reste engag\u00e9 par ses d\u00e9clarations faites devant la police charg\u00e9e des crimes \u00e9conomiques et devant la justice, ajoutant que ses relations avec ould Abdel Aziz date des ann\u00e9es 90 avant de se d\u00e9velopper sensiblement en 2005 quand il avait commenc\u00e9 \u00e0 lui confier des fonds importants.<\/p>\n<p>Il a pr\u00e9cis\u00e9 qu\u2019il ne pouvait pas d\u00e9terminer avec pr\u00e9cision les montants qu\u2019il a re\u00e7us d\u2019ould Abdel Aziz mais qu\u2019il les estimait \u00e0 des millions de dollars, ajoutant que ces montants lui \u00e9taient remis par l\u2019un des proches de l\u2019ancien pr\u00e9sident et parfois directement.<\/p>\n<p>En r\u00e9ponse \u00e0 une question du parquet g\u00e9n\u00e9ral, ould Gadda a pr\u00e9cis\u00e9 que les fonds qu\u2019il a gard\u00e9s pour ould Abdel Aziz, depuis 2009, date de sa premi\u00e8re \u00e9lection est de 7.100.000.000 d\u2019ouguiyas et qu\u2019entre 2017 et 2020 tous les montants re\u00e7us de lui \u00e9taient en euros et en dollars.<\/p>\n<p>Les derniers fonds confi\u00e9s l\u2019ont \u00e9t\u00e9 dans les premier mois de 2019 en plus d\u2019un montant re\u00e7u en janvier 2020 avant que ne d\u00e9bute l\u2019enqu\u00eate et que tout s\u2019arr\u00eate.<\/p>\n<p>A propos de la clinique construite sur le terrain coup\u00e9 du stade olympique, Ould Gadda a dit qu\u2019ould Abdel Aziz lui avait dit qu\u2019il cherchait un financement pour cette clinique et qu\u2019en l\u2019absence de ce financement il avait d\u00e9cid\u00e9 lui-m\u00eame de la financer.<\/p>\n<p>Il l\u2019avait mis en relation avec un certain \u00ab ould Cherouk \u00bb charg\u00e9 de la construction de la clinique auquel il a remis 1.800.000.000 MRO enti\u00e8rement d\u00e9pens\u00e9s pour les travaux.<\/p>\n<p>Apr\u00e8s ce montant d\u00e9bloqu\u00e9 pour la construction de la clinique, il restait \u00e0 sa disposition, pour le compte d\u2019ould Abdel Aziz, 4.800.000.000 MRO.<\/p>\n<p>Brahim O. Gadda a ajout\u00e9 que quand la police charg\u00e9e des crimes \u00e9conomiques l\u2019avait contact\u00e9, il lui avait demand\u00e9 une d\u00e9cision judiciaire pour lui remettre les montants ce qu\u2019il a fait par la suite par la voie qu\u2019il a jug\u00e9 appropri\u00e9e, ajoutant que ce montant, sur instruction de la police, a \u00e9t\u00e9 vers\u00e9 dans un compte appartenant \u00e0 la caisse de d\u00e9p\u00f4ts et de d\u00e9veloppement (CDD).<\/p>\n<p>Il a ni\u00e9 avoir b\u00e9n\u00e9fici\u00e9 de march\u00e9s sous le r\u00e9gime d\u2019ould Abdel Aziz, pr\u00e9cisant que son groupe s\u2019adonne au commerce depuis les ann\u00e9es 90 et qu\u2019il est fortement impliqu\u00e9 dans l\u2019\u00e9conomie du pays, notamment dans le secteur de l\u2019importation des produits alimentaires et qu\u2019il a collabor\u00e9 avec tous les r\u00e9gimes qui se sont succ\u00e9d\u00e9s.<\/p>\n<p>Ould Gadda a d\u2019ailleurs pr\u00e9cis\u00e9 que sous le r\u00e9gime d\u2019ould Abdel Aziz, son groupe a \u00e9t\u00e9 victime de deux injustices, la premi\u00e8re quand il avait import\u00e9 27.000 tonnes de bl\u00e9 pour le compte de la SONIMEX lors de la derni\u00e8re p\u00e9riode du pouvoir du d\u00e9funt Sidi O. Cheikh Abdallahi.<\/p>\n<p>Apr\u00e8s le coup d\u2019\u00e9tat la SONIMEX a d\u00e9nonc\u00e9 le march\u00e9 et le probl\u00e8me est toujours en instance au niveau de la justice.<\/p>\n<p>A l\u2019adresse du tribunal, Brahim O. Gadda a dit : \u00ab vous devez demander \u00e0 deux des anciens premiers ministres et des ministres des finances qui se sont succ\u00e9d\u00e9s, Moctar O. Djay, O. Ra\u00efss, Thiam Diombar et le ministre des mines si le groupe d\u2019Ehel Gadda a b\u00e9n\u00e9fici\u00e9 de quoi que ce soit pendant le pouvoir d\u2019ould Abdel Aziz.<\/p>\n<p>Dans ce cadre il a rejet\u00e9 ce qu\u2019il a appel\u00e9 la surench\u00e8re \u00e0 propos du groupe Ehel Gadda qui est a-t-il dit, un groupe \u00e9conomique efficient qui contribue grandement \u00e0 la disponibilisation des produits alimentaires dans le pays.<\/p>\n<p>Le parquet g\u00e9n\u00e9ral a alors fait une mise au point, pr\u00e9cisant que les questions sont adress\u00e9es \u00e0 la personne de Brahim O. Gadda et non pas au groupe Ehel Gadda.<\/p>\n<p>Apr\u00e8s cette audition, le pr\u00e9sident du tribunal a suspendu l\u2019audience qui rependra lundi prochain, justifiant sa d\u00e9cision par le d\u00e9but de la derni\u00e8re d\u00e9cade du mois b\u00e9ni du Ramadan.<\/p>\n","protected":false},"excerpt":{"rendered":"<p>Sahara M\u00e9dias &#8211; L\u2019homme d\u2019affaires mauritanien Brahim O. Gadda dit Bahay a d\u00e9clar\u00e9 que les fonds que lui a confi\u00e9 l\u2019ancien pr\u00e9sident, Mohamed O. Abdel Aziz pendant ses ann\u00e9es de pouvoir, ont d\u00e9pass\u00e9 les 7 milliards, constitu\u00e9s pour l\u2019essentiel de devises (l\u2019euro et le dollar). Ould Gadda t\u00e9moignait lundi devant le tribunal charg\u00e9 de juger&#8230;..<\/p>\n","protected":false},"author":5,"featured_media":7228,"comment_status":"open","ping_status":"open","sticky":false,"template":"","format":"standard","meta":{"footnotes":""},"categories":[23,49],"tags":[],"class_list":["post-7227","post","type-post","status-publish","format-standard","has-post-thumbnail","hentry","category-actualite","category-economie"],"yoast_head":"<!-- This site is optimized with the Yoast SEO plugin v27.5 - https:\/\/yoast.com\/product\/yoast-seo-wordpress\/ -->\n<title>L\u2019homme d\u2019affaires Brahim O. Gadda : \u00ab j\u2019ai re\u00e7u de Mohamed O. Abdel Aziz 7 milliards \u00e0 majorit\u00e9 de l\u2019euro et de dollar \u00bb - Le Quotidien de Nouakchott<\/title>\n<meta name=\"robots\" content=\"index, follow, max-snippet:-1, max-image-preview:large, max-video-preview:-1\" \/>\n<link rel=\"canonical\" href=\"https:\/\/lequotidien.mr\/?p=7227&lang=fr\" \/>\n<meta property=\"og:locale\" content=\"ar_AR\" \/>\n<meta property=\"og:type\" content=\"article\" \/>\n<meta property=\"og:title\" content=\"L\u2019homme d\u2019affaires Brahim O. Gadda : \u00ab j\u2019ai re\u00e7u de Mohamed O. Abdel Aziz 7 milliards \u00e0 majorit\u00e9 de l\u2019euro et de dollar \u00bb - Le Quotidien de Nouakchott\" \/>\n<meta property=\"og:description\" content=\"Sahara M\u00e9dias &#8211; L\u2019homme d\u2019affaires mauritanien Brahim O. Gadda dit Bahay a d\u00e9clar\u00e9 que les fonds que lui a confi\u00e9 l\u2019ancien pr\u00e9sident, Mohamed O. Abdel Aziz pendant ses ann\u00e9es de pouvoir, ont d\u00e9pass\u00e9 les 7 milliards, constitu\u00e9s pour l\u2019essentiel de devises (l\u2019euro et le dollar). Ould Gadda t\u00e9moignait lundi devant le tribunal charg\u00e9 de juger.....\" \/>\n<meta property=\"og:url\" content=\"https:\/\/lequotidien.mr\/?p=7227&amp;lang=fr\" \/>\n<meta property=\"og:site_name\" content=\"Le Quotidien de Nouakchott\" \/>\n<meta property=\"article:publisher\" content=\"https:\/\/web.facebook.com\/lequotidienmr\" \/>\n<meta property=\"article:published_time\" content=\"2023-04-10T22:11:07+00:00\" \/>\n<meta property=\"og:image\" content=\"https:\/\/lequotidien.mr\/wp-content\/uploads\/2023\/04\/Bahaye_Ould_Ghadda_0000.jpg\" \/>\n\t<meta property=\"og:image:width\" content=\"300\" \/>\n\t<meta property=\"og:image:height\" content=\"200\" \/>\n\t<meta property=\"og:image:type\" content=\"image\/jpeg\" \/>\n<meta name=\"author\" content=\"Gayi Diawara\" \/>\n<meta name=\"twitter:card\" content=\"summary_large_image\" \/>\n<meta name=\"twitter:creator\" content=\"@lequotidienmr\" \/>\n<meta name=\"twitter:site\" content=\"@lequotidienmr\" \/>\n<meta name=\"twitter:label1\" content=\"\u0643\u064f\u062a\u0628 \u0628\u0648\u0627\u0633\u0637\u0629\" \/>\n\t<meta name=\"twitter:data1\" content=\"Gayi Diawara\" \/>\n\t<meta name=\"twitter:label2\" content=\"\u0648\u0642\u062a \u0627\u0644\u0642\u0631\u0627\u0621\u0629 \u0627\u0644\u0645\u064f\u0642\u062f\u0651\u0631\" \/>\n\t<meta name=\"twitter:data2\" content=\"4 \u062f\u0642\u0627\u0626\u0642\" \/>\n<script type=\"application\/ld+json\" class=\"yoast-schema-graph\">{\"@context\":\"https:\\\/\\\/schema.org\",\"@graph\":[{\"@type\":\"Article\",\"@id\":\"https:\\\/\\\/lequotidien.mr\\\/?p=7227&lang=fr#article\",\"isPartOf\":{\"@id\":\"https:\\\/\\\/lequotidien.mr\\\/?p=7227&lang=fr\"},\"author\":{\"name\":\"Gayi Diawara\",\"@id\":\"https:\\\/\\\/lequotidien.mr\\\/#\\\/schema\\\/person\\\/1077c8abd5640a6514b909318d271dee\"},\"headline\":\"L\u2019homme d\u2019affaires Brahim O. Gadda : \u00ab j\u2019ai re\u00e7u de Mohamed O. Abdel Aziz 7 milliards \u00e0 majorit\u00e9 de l\u2019euro et de dollar \u00bb\",\"datePublished\":\"2023-04-10T22:11:07+00:00\",\"mainEntityOfPage\":{\"@id\":\"https:\\\/\\\/lequotidien.mr\\\/?p=7227&lang=fr\"},\"wordCount\":874,\"commentCount\":0,\"publisher\":{\"@id\":\"https:\\\/\\\/lequotidien.mr\\\/#organization\"},\"image\":{\"@id\":\"https:\\\/\\\/lequotidien.mr\\\/?p=7227&lang=fr#primaryimage\"},\"thumbnailUrl\":\"https:\\\/\\\/lequotidien.mr\\\/wp-content\\\/uploads\\\/2023\\\/04\\\/Bahaye_Ould_Ghadda_0000.jpg\",\"articleSection\":[\"ACTUALIT\u00c9\",\"Economie\"],\"inLanguage\":\"ar\",\"potentialAction\":[{\"@type\":\"CommentAction\",\"name\":\"Comment\",\"target\":[\"https:\\\/\\\/lequotidien.mr\\\/?p=7227&lang=fr#respond\"]}]},{\"@type\":\"WebPage\",\"@id\":\"https:\\\/\\\/lequotidien.mr\\\/?p=7227&lang=fr\",\"url\":\"https:\\\/\\\/lequotidien.mr\\\/?p=7227&lang=fr\",\"name\":\"L\u2019homme d\u2019affaires Brahim O. Gadda : \u00ab j\u2019ai re\u00e7u de Mohamed O. Abdel Aziz 7 milliards \u00e0 majorit\u00e9 de l\u2019euro et de dollar \u00bb - Le Quotidien de Nouakchott\",\"isPartOf\":{\"@id\":\"https:\\\/\\\/lequotidien.mr\\\/#website\"},\"primaryImageOfPage\":{\"@id\":\"https:\\\/\\\/lequotidien.mr\\\/?p=7227&lang=fr#primaryimage\"},\"image\":{\"@id\":\"https:\\\/\\\/lequotidien.mr\\\/?p=7227&lang=fr#primaryimage\"},\"thumbnailUrl\":\"https:\\\/\\\/lequotidien.mr\\\/wp-content\\\/uploads\\\/2023\\\/04\\\/Bahaye_Ould_Ghadda_0000.jpg\",\"datePublished\":\"2023-04-10T22:11:07+00:00\",\"breadcrumb\":{\"@id\":\"https:\\\/\\\/lequotidien.mr\\\/?p=7227&lang=fr#breadcrumb\"},\"inLanguage\":\"ar\",\"potentialAction\":[{\"@type\":\"ReadAction\",\"target\":[\"https:\\\/\\\/lequotidien.mr\\\/?p=7227&lang=fr\"]}]},{\"@type\":\"ImageObject\",\"inLanguage\":\"ar\",\"@id\":\"https:\\\/\\\/lequotidien.mr\\\/?p=7227&lang=fr#primaryimage\",\"url\":\"https:\\\/\\\/lequotidien.mr\\\/wp-content\\\/uploads\\\/2023\\\/04\\\/Bahaye_Ould_Ghadda_0000.jpg\",\"contentUrl\":\"https:\\\/\\\/lequotidien.mr\\\/wp-content\\\/uploads\\\/2023\\\/04\\\/Bahaye_Ould_Ghadda_0000.jpg\",\"width\":300,\"height\":200},{\"@type\":\"BreadcrumbList\",\"@id\":\"https:\\\/\\\/lequotidien.mr\\\/?p=7227&lang=fr#breadcrumb\",\"itemListElement\":[{\"@type\":\"ListItem\",\"position\":1,\"name\":\"Home\",\"item\":\"https:\\\/\\\/lequotidien.mr\\\/\"},{\"@type\":\"ListItem\",\"position\":2,\"name\":\"L\u2019homme d\u2019affaires Brahim O. Gadda : \u00ab j\u2019ai re\u00e7u de Mohamed O. Abdel Aziz 7 milliards \u00e0 majorit\u00e9 de l\u2019euro et de dollar \u00bb\"}]},{\"@type\":\"WebSite\",\"@id\":\"https:\\\/\\\/lequotidien.mr\\\/#website\",\"url\":\"https:\\\/\\\/lequotidien.mr\\\/\",\"name\":\"Le Quotidien de Nouakchott\",\"description\":\"\u0625\u062e\u0628\u0627\u0631\u064a\u0629 \u0645\u0633\u062a\u0642\u0644\u0629 \u0644\u0644\u0623\u0646\u0628\u0627\u0621 \u0627\u0644\u0639\u0627\u0645\u0629\",\"publisher\":{\"@id\":\"https:\\\/\\\/lequotidien.mr\\\/#organization\"},\"potentialAction\":[{\"@type\":\"SearchAction\",\"target\":{\"@type\":\"EntryPoint\",\"urlTemplate\":\"https:\\\/\\\/lequotidien.mr\\\/?s={search_term_string}\"},\"query-input\":{\"@type\":\"PropertyValueSpecification\",\"valueRequired\":true,\"valueName\":\"search_term_string\"}}],\"inLanguage\":\"ar\"},{\"@type\":\"Organization\",\"@id\":\"https:\\\/\\\/lequotidien.mr\\\/#organization\",\"name\":\"Le Quotidien de Nouakchott\",\"url\":\"https:\\\/\\\/lequotidien.mr\\\/\",\"logo\":{\"@type\":\"ImageObject\",\"inLanguage\":\"ar\",\"@id\":\"https:\\\/\\\/lequotidien.mr\\\/#\\\/schema\\\/logo\\\/image\\\/\",\"url\":\"https:\\\/\\\/lequotidien.mr\\\/wp-content\\\/uploads\\\/2022\\\/11\\\/logolequotidien.jpg\",\"contentUrl\":\"https:\\\/\\\/lequotidien.mr\\\/wp-content\\\/uploads\\\/2022\\\/11\\\/logolequotidien.jpg\",\"width\":290,\"height\":65,\"caption\":\"Le Quotidien de Nouakchott\"},\"image\":{\"@id\":\"https:\\\/\\\/lequotidien.mr\\\/#\\\/schema\\\/logo\\\/image\\\/\"},\"sameAs\":[\"https:\\\/\\\/web.facebook.com\\\/lequotidienmr\",\"https:\\\/\\\/x.com\\\/lequotidienmr\"]},{\"@type\":\"Person\",\"@id\":\"https:\\\/\\\/lequotidien.mr\\\/#\\\/schema\\\/person\\\/1077c8abd5640a6514b909318d271dee\",\"name\":\"Gayi Diawara\",\"image\":{\"@type\":\"ImageObject\",\"inLanguage\":\"ar\",\"@id\":\"https:\\\/\\\/secure.gravatar.com\\\/avatar\\\/63ea8db1e19a6d2d608b24c0f78b5f3a7d6e0bc11959fec273410af333e4d0ac?s=96&d=mm&r=g\",\"url\":\"https:\\\/\\\/secure.gravatar.com\\\/avatar\\\/63ea8db1e19a6d2d608b24c0f78b5f3a7d6e0bc11959fec273410af333e4d0ac?s=96&d=mm&r=g\",\"contentUrl\":\"https:\\\/\\\/secure.gravatar.com\\\/avatar\\\/63ea8db1e19a6d2d608b24c0f78b5f3a7d6e0bc11959fec273410af333e4d0ac?s=96&d=mm&r=g\",\"caption\":\"Gayi Diawara\"},\"sameAs\":[\"http:\\\/\\\/lequotidien.mr\"],\"url\":\"https:\\\/\\\/lequotidien.mr\\\/?author=5\"}]}<\/script>\n<!-- \/ Yoast SEO plugin. -->","yoast_head_json":{"title":"L\u2019homme d\u2019affaires Brahim O. Gadda : \u00ab j\u2019ai re\u00e7u de Mohamed O. Abdel Aziz 7 milliards \u00e0 majorit\u00e9 de l\u2019euro et de dollar \u00bb - Le Quotidien de Nouakchott","robots":{"index":"index","follow":"follow","max-snippet":"max-snippet:-1","max-image-preview":"max-image-preview:large","max-video-preview":"max-video-preview:-1"},"canonical":"https:\/\/lequotidien.mr\/?p=7227&lang=fr","og_locale":"ar_AR","og_type":"article","og_title":"L\u2019homme d\u2019affaires Brahim O. Gadda : \u00ab j\u2019ai re\u00e7u de Mohamed O. Abdel Aziz 7 milliards \u00e0 majorit\u00e9 de l\u2019euro et de dollar \u00bb - Le Quotidien de Nouakchott","og_description":"Sahara M\u00e9dias &#8211; L\u2019homme d\u2019affaires mauritanien Brahim O. Gadda dit Bahay a d\u00e9clar\u00e9 que les fonds que lui a confi\u00e9 l\u2019ancien pr\u00e9sident, Mohamed O. Abdel Aziz pendant ses ann\u00e9es de pouvoir, ont d\u00e9pass\u00e9 les 7 milliards, constitu\u00e9s pour l\u2019essentiel de devises (l\u2019euro et le dollar). Ould Gadda t\u00e9moignait lundi devant le tribunal charg\u00e9 de juger.....","og_url":"https:\/\/lequotidien.mr\/?p=7227&lang=fr","og_site_name":"Le Quotidien de Nouakchott","article_publisher":"https:\/\/web.facebook.com\/lequotidienmr","article_published_time":"2023-04-10T22:11:07+00:00","og_image":[{"width":300,"height":200,"url":"https:\/\/lequotidien.mr\/wp-content\/uploads\/2023\/04\/Bahaye_Ould_Ghadda_0000.jpg","type":"image\/jpeg"}],"author":"Gayi Diawara","twitter_card":"summary_large_image","twitter_creator":"@lequotidienmr","twitter_site":"@lequotidienmr","twitter_misc":{"\u0643\u064f\u062a\u0628 \u0628\u0648\u0627\u0633\u0637\u0629":"Gayi Diawara","\u0648\u0642\u062a \u0627\u0644\u0642\u0631\u0627\u0621\u0629 \u0627\u0644\u0645\u064f\u0642\u062f\u0651\u0631":"4 \u062f\u0642\u0627\u0626\u0642"},"schema":{"@context":"https:\/\/schema.org","@graph":[{"@type":"Article","@id":"https:\/\/lequotidien.mr\/?p=7227&lang=fr#article","isPartOf":{"@id":"https:\/\/lequotidien.mr\/?p=7227&lang=fr"},"author":{"name":"Gayi Diawara","@id":"https:\/\/lequotidien.mr\/#\/schema\/person\/1077c8abd5640a6514b909318d271dee"},"headline":"L\u2019homme d\u2019affaires Brahim O. Gadda : \u00ab j\u2019ai re\u00e7u de Mohamed O. Abdel Aziz 7 milliards \u00e0 majorit\u00e9 de l\u2019euro et de dollar \u00bb","datePublished":"2023-04-10T22:11:07+00:00","mainEntityOfPage":{"@id":"https:\/\/lequotidien.mr\/?p=7227&lang=fr"},"wordCount":874,"commentCount":0,"publisher":{"@id":"https:\/\/lequotidien.mr\/#organization"},"image":{"@id":"https:\/\/lequotidien.mr\/?p=7227&lang=fr#primaryimage"},"thumbnailUrl":"https:\/\/lequotidien.mr\/wp-content\/uploads\/2023\/04\/Bahaye_Ould_Ghadda_0000.jpg","articleSection":["ACTUALIT\u00c9","Economie"],"inLanguage":"ar","potentialAction":[{"@type":"CommentAction","name":"Comment","target":["https:\/\/lequotidien.mr\/?p=7227&lang=fr#respond"]}]},{"@type":"WebPage","@id":"https:\/\/lequotidien.mr\/?p=7227&lang=fr","url":"https:\/\/lequotidien.mr\/?p=7227&lang=fr","name":"L\u2019homme d\u2019affaires Brahim O. Gadda : \u00ab j\u2019ai re\u00e7u de Mohamed O. Abdel Aziz 7 milliards \u00e0 majorit\u00e9 de l\u2019euro et de dollar \u00bb - Le Quotidien de Nouakchott","isPartOf":{"@id":"https:\/\/lequotidien.mr\/#website"},"primaryImageOfPage":{"@id":"https:\/\/lequotidien.mr\/?p=7227&lang=fr#primaryimage"},"image":{"@id":"https:\/\/lequotidien.mr\/?p=7227&lang=fr#primaryimage"},"thumbnailUrl":"https:\/\/lequotidien.mr\/wp-content\/uploads\/2023\/04\/Bahaye_Ould_Ghadda_0000.jpg","datePublished":"2023-04-10T22:11:07+00:00","breadcrumb":{"@id":"https:\/\/lequotidien.mr\/?p=7227&lang=fr#breadcrumb"},"inLanguage":"ar","potentialAction":[{"@type":"ReadAction","target":["https:\/\/lequotidien.mr\/?p=7227&lang=fr"]}]},{"@type":"ImageObject","inLanguage":"ar","@id":"https:\/\/lequotidien.mr\/?p=7227&lang=fr#primaryimage","url":"https:\/\/lequotidien.mr\/wp-content\/uploads\/2023\/04\/Bahaye_Ould_Ghadda_0000.jpg","contentUrl":"https:\/\/lequotidien.mr\/wp-content\/uploads\/2023\/04\/Bahaye_Ould_Ghadda_0000.jpg","width":300,"height":200},{"@type":"BreadcrumbList","@id":"https:\/\/lequotidien.mr\/?p=7227&lang=fr#breadcrumb","itemListElement":[{"@type":"ListItem","position":1,"name":"Home","item":"https:\/\/lequotidien.mr\/"},{"@type":"ListItem","position":2,"name":"L\u2019homme d\u2019affaires Brahim O. Gadda : \u00ab j\u2019ai re\u00e7u de Mohamed O. Abdel Aziz 7 milliards \u00e0 majorit\u00e9 de l\u2019euro et de dollar \u00bb"}]},{"@type":"WebSite","@id":"https:\/\/lequotidien.mr\/#website","url":"https:\/\/lequotidien.mr\/","name":"Le Quotidien de Nouakchott","description":"\u0625\u062e\u0628\u0627\u0631\u064a\u0629 \u0645\u0633\u062a\u0642\u0644\u0629 \u0644\u0644\u0623\u0646\u0628\u0627\u0621 \u0627\u0644\u0639\u0627\u0645\u0629","publisher":{"@id":"https:\/\/lequotidien.mr\/#organization"},"potentialAction":[{"@type":"SearchAction","target":{"@type":"EntryPoint","urlTemplate":"https:\/\/lequotidien.mr\/?s={search_term_string}"},"query-input":{"@type":"PropertyValueSpecification","valueRequired":true,"valueName":"search_term_string"}}],"inLanguage":"ar"},{"@type":"Organization","@id":"https:\/\/lequotidien.mr\/#organization","name":"Le Quotidien de Nouakchott","url":"https:\/\/lequotidien.mr\/","logo":{"@type":"ImageObject","inLanguage":"ar","@id":"https:\/\/lequotidien.mr\/#\/schema\/logo\/image\/","url":"https:\/\/lequotidien.mr\/wp-content\/uploads\/2022\/11\/logolequotidien.jpg","contentUrl":"https:\/\/lequotidien.mr\/wp-content\/uploads\/2022\/11\/logolequotidien.jpg","width":290,"height":65,"caption":"Le Quotidien de Nouakchott"},"image":{"@id":"https:\/\/lequotidien.mr\/#\/schema\/logo\/image\/"},"sameAs":["https:\/\/web.facebook.com\/lequotidienmr","https:\/\/x.com\/lequotidienmr"]},{"@type":"Person","@id":"https:\/\/lequotidien.mr\/#\/schema\/person\/1077c8abd5640a6514b909318d271dee","name":"Gayi Diawara","image":{"@type":"ImageObject","inLanguage":"ar","@id":"https:\/\/secure.gravatar.com\/avatar\/63ea8db1e19a6d2d608b24c0f78b5f3a7d6e0bc11959fec273410af333e4d0ac?s=96&d=mm&r=g","url":"https:\/\/secure.gravatar.com\/avatar\/63ea8db1e19a6d2d608b24c0f78b5f3a7d6e0bc11959fec273410af333e4d0ac?s=96&d=mm&r=g","contentUrl":"https:\/\/secure.gravatar.com\/avatar\/63ea8db1e19a6d2d608b24c0f78b5f3a7d6e0bc11959fec273410af333e4d0ac?s=96&d=mm&r=g","caption":"Gayi Diawara"},"sameAs":["http:\/\/lequotidien.mr"],"url":"https:\/\/lequotidien.mr\/?author=5"}]}},"_links":{"self":[{"href":"https:\/\/lequotidien.mr\/index.php?rest_route=\/wp\/v2\/posts\/7227","targetHints":{"allow":["GET"]}}],"collection":[{"href":"https:\/\/lequotidien.mr\/index.php?rest_route=\/wp\/v2\/posts"}],"about":[{"href":"https:\/\/lequotidien.mr\/index.php?rest_route=\/wp\/v2\/types\/post"}],"author":[{"embeddable":true,"href":"https:\/\/lequotidien.mr\/index.php?rest_route=\/wp\/v2\/users\/5"}],"replies":[{"embeddable":true,"href":"https:\/\/lequotidien.mr\/index.php?rest_route=%2Fwp%2Fv2%2Fcomments&post=7227"}],"version-history":[{"count":1,"href":"https:\/\/lequotidien.mr\/index.php?rest_route=\/wp\/v2\/posts\/7227\/revisions"}],"predecessor-version":[{"id":7229,"href":"https:\/\/lequotidien.mr\/index.php?rest_route=\/wp\/v2\/posts\/7227\/revisions\/7229"}],"wp:featuredmedia":[{"embeddable":true,"href":"https:\/\/lequotidien.mr\/index.php?rest_route=\/wp\/v2\/media\/7228"}],"wp:attachment":[{"href":"https:\/\/lequotidien.mr\/index.php?rest_route=%2Fwp%2Fv2%2Fmedia&parent=7227"}],"wp:term":[{"taxonomy":"category","embeddable":true,"href":"https:\/\/lequotidien.mr\/index.php?rest_route=%2Fwp%2Fv2%2Fcategories&post=7227"},{"taxonomy":"post_tag","embeddable":true,"href":"https:\/\/lequotidien.mr\/index.php?rest_route=%2Fwp%2Fv2%2Ftags&post=7227"}],"curies":[{"name":"wp","href":"https:\/\/api.w.org\/{rel}","templated":true}]}}