{"id":7012,"date":"2023-04-05T23:42:16","date_gmt":"2023-04-05T23:42:16","guid":{"rendered":"https:\/\/lequotidien.mr\/?p=7012"},"modified":"2023-04-05T23:42:16","modified_gmt":"2023-04-05T23:42:16","slug":"pose-de-la-premiere-pierre-de-4-gares-routieres-et-de-5-centres-de-pesage-de-camions","status":"publish","type":"post","link":"https:\/\/lequotidien.mr\/?p=7012&lang=fr","title":{"rendered":"Pose de la premi\u00e8re pierre de 4 gares routi\u00e8res et de 5 centres de pesage de camions"},"content":{"rendered":"<p>AMI &#8211; Le ministre de l\u2019\u00c9quipement et des Transports, Porte-parole du Gouvernement, M. Nany Ould Chrougha, a supervis\u00e9 mardi \u00e0 Nouakchott, en compagnie du ministre du Commerce, de l\u2019Industrie, de l\u2019Artisanat et du Tourisme, M. Lemrabott Ould Bennahi, une c\u00e9r\u00e9monie organis\u00e9e par l\u2019Autorit\u00e9 de R\u00e9gulation des Transports \u00e0 l\u2019occasion de la pose de la premi\u00e8re pierre de construction de quatre gares routi\u00e8res et de cinq centres de pesage de camions.<\/p>\n<p>Ce projet, dont la r\u00e9alisation co\u00fbtera 65 millions de nouvelles ouguiyas environ, vise \u00e0 r\u00e9duire les embouteillages cons\u00e9cutifs au trafic dans le centre de la capitale en \u00e9largissant les espaces r\u00e9serv\u00e9s \u00e0 la circulation des personnes et des marchandises dans toutes les directions avec un flux confortable, tout en pr\u00e9servant le r\u00e9seau routier, consid\u00e9r\u00e9 comme \u00e9tant une importante richesse nationale.<\/p>\n<p>La pose de la premi\u00e8re pierre marque aujourd\u2019hui le lancement des travaux au niveau de quatre gares routi\u00e8res, dont trois aux entr\u00e9es de la capitale et la quatri\u00e8me dans la ville de Zouerate, en plus de la construction de cinq centres de pesage de camions r\u00e9pondant aux normes techniques en vigueur au plan international, en concr\u00e9tisation des engagements de Son Excellence le Pr\u00e9sident de la R\u00e9publique, M. Mohamed Ould Cheikh El Ghazouani, visant \u00e0 hisser en permanence le niveau du secteur du transport routier, en dotant la ville de Nouakchott et les capitales des wilayas \u00e0 l\u2019int\u00e9rieur d\u2019une infrastructure \u00e0 la mesure du r\u00f4le pivot jou\u00e9 par le secteur dans le d\u00e9veloppement \u00e9conomique et social, a affirm\u00e9 \u00e0 cette occasion, le pr\u00e9sident de l\u2019Autorit\u00e9 de r\u00e9gulation des transports, M. El Hacen Ould Awane.<\/p>\n<p>Il sera proc\u00e9d\u00e9, dans un avenir proche, et en coordination avec les parties de tutelle et sp\u00e9cialis\u00e9es, \u00e0 la mise en place d\u2019un m\u00e9canisme destin\u00e9 \u00e0 r\u00e9duire la vitesse afin de limiter les accidents de la circulation et de pr\u00e9server les vies et les biens, a -t- il ajout\u00e9, annon\u00e7ant dans le cadre du plan annuel de l\u2019Autorit\u00e9 pour l\u2019ann\u00e9e \u00e9coul\u00e9e, l\u2019acquisition de quatre balances suppl\u00e9mentaires qui seront install\u00e9es au niveau des acc\u00e8s de Rosso, Zouerate et Vassala, afin de s\u00e9curiser le r\u00e9seau routier dans les entr\u00e9es et sorties du pays.<\/p>\n<p>Le pr\u00e9sident de la F\u00e9d\u00e9ration nationale des transports, M. Mohamedou Ould Sidi, a salu\u00e9 pour sa part cette d\u00e9marche, disant que le secteur des transports requiert davantage pour atteindre l\u2019objectif souhait\u00e9, mettant aussi en exergue la n\u00e9cessit\u00e9 et l\u2019urgence d\u2019acqu\u00e9rir les moyens permettant de pr\u00e9server le r\u00e9seau routier.<\/p>\n<p>Le secr\u00e9taire g\u00e9n\u00e9ral du minist\u00e8re de l\u2019\u00c9quipement et des Transports, le wali de Nouakchott Ouest, la pr\u00e9sidente de la R\u00e9gion de Nouakchott et le commandant du Groupement G\u00e9n\u00e9ral de la S\u00e9curit\u00e9 Routi\u00e8re ont assist\u00e9 \u00e0 cette c\u00e9r\u00e9monie.<\/p>\n<p>&nbsp;<\/p>\n","protected":false},"excerpt":{"rendered":"<p>AMI &#8211; Le ministre de l\u2019\u00c9quipement et des Transports, Porte-parole du Gouvernement, M. Nany Ould Chrougha, a supervis\u00e9 mardi \u00e0 Nouakchott, en compagnie du ministre du Commerce, de l\u2019Industrie, de l\u2019Artisanat et du Tourisme, M. Lemrabott Ould Bennahi, une c\u00e9r\u00e9monie organis\u00e9e par l\u2019Autorit\u00e9 de R\u00e9gulation des Transports \u00e0 l\u2019occasion de la pose de la premi\u00e8re&#8230;..<\/p>\n","protected":false},"author":5,"featured_media":7013,"comment_status":"open","ping_status":"open","sticky":false,"template":"","format":"standard","meta":{"footnotes":""},"categories":[23,49],"tags":[],"class_list":["post-7012","post","type-post","status-publish","format-standard","has-post-thumbnail","hentry","category-actualite","category-economie"],"yoast_head":"<!-- This site is optimized with the Yoast SEO plugin v27.5 - https:\/\/yoast.com\/product\/yoast-seo-wordpress\/ -->\n<title>Pose de la premi\u00e8re pierre de 4 gares routi\u00e8res et de 5 centres de pesage de camions - Le Quotidien de Nouakchott<\/title>\n<meta name=\"robots\" content=\"index, follow, max-snippet:-1, max-image-preview:large, max-video-preview:-1\" \/>\n<link rel=\"canonical\" href=\"https:\/\/lequotidien.mr\/?p=7012&lang=fr\" \/>\n<meta property=\"og:locale\" content=\"ar_AR\" \/>\n<meta property=\"og:type\" content=\"article\" \/>\n<meta property=\"og:title\" content=\"Pose de la premi\u00e8re pierre de 4 gares routi\u00e8res et de 5 centres de pesage de camions - Le Quotidien de Nouakchott\" \/>\n<meta property=\"og:description\" content=\"AMI &#8211; Le ministre de l\u2019\u00c9quipement et des Transports, Porte-parole du Gouvernement, M. Nany Ould Chrougha, a supervis\u00e9 mardi \u00e0 Nouakchott, en compagnie du ministre du Commerce, de l\u2019Industrie, de l\u2019Artisanat et du Tourisme, M. Lemrabott Ould Bennahi, une c\u00e9r\u00e9monie organis\u00e9e par l\u2019Autorit\u00e9 de R\u00e9gulation des Transports \u00e0 l\u2019occasion de la pose de la premi\u00e8re.....\" \/>\n<meta property=\"og:url\" content=\"https:\/\/lequotidien.mr\/?p=7012&amp;lang=fr\" \/>\n<meta property=\"og:site_name\" content=\"Le Quotidien de Nouakchott\" \/>\n<meta property=\"article:publisher\" content=\"https:\/\/web.facebook.com\/lequotidienmr\" \/>\n<meta property=\"article:published_time\" content=\"2023-04-05T23:42:16+00:00\" \/>\n<meta property=\"og:image\" content=\"https:\/\/lequotidien.mr\/wp-content\/uploads\/2023\/04\/pose_garage_04_04_2023_s0070.jpg\" \/>\n\t<meta property=\"og:image:width\" content=\"643\" \/>\n\t<meta property=\"og:image:height\" content=\"430\" \/>\n\t<meta property=\"og:image:type\" content=\"image\/jpeg\" \/>\n<meta name=\"author\" content=\"Gayi Diawara\" \/>\n<meta name=\"twitter:card\" content=\"summary_large_image\" \/>\n<meta name=\"twitter:creator\" content=\"@lequotidienmr\" \/>\n<meta name=\"twitter:site\" content=\"@lequotidienmr\" \/>\n<meta name=\"twitter:label1\" content=\"\u0643\u064f\u062a\u0628 \u0628\u0648\u0627\u0633\u0637\u0629\" \/>\n\t<meta name=\"twitter:data1\" content=\"Gayi Diawara\" \/>\n\t<meta name=\"twitter:label2\" content=\"\u0648\u0642\u062a \u0627\u0644\u0642\u0631\u0627\u0621\u0629 \u0627\u0644\u0645\u064f\u0642\u062f\u0651\u0631\" \/>\n\t<meta name=\"twitter:data2\" content=\"\u062f\u0642\u064a\u0642\u062a\u0627\u0646\" \/>\n<script type=\"application\/ld+json\" class=\"yoast-schema-graph\">{\"@context\":\"https:\\\/\\\/schema.org\",\"@graph\":[{\"@type\":\"Article\",\"@id\":\"https:\\\/\\\/lequotidien.mr\\\/?p=7012&lang=fr#article\",\"isPartOf\":{\"@id\":\"https:\\\/\\\/lequotidien.mr\\\/?p=7012&lang=fr\"},\"author\":{\"name\":\"Gayi Diawara\",\"@id\":\"https:\\\/\\\/lequotidien.mr\\\/#\\\/schema\\\/person\\\/1077c8abd5640a6514b909318d271dee\"},\"headline\":\"Pose de la premi\u00e8re pierre de 4 gares routi\u00e8res et de 5 centres de pesage de camions\",\"datePublished\":\"2023-04-05T23:42:16+00:00\",\"mainEntityOfPage\":{\"@id\":\"https:\\\/\\\/lequotidien.mr\\\/?p=7012&lang=fr\"},\"wordCount\":525,\"commentCount\":0,\"publisher\":{\"@id\":\"https:\\\/\\\/lequotidien.mr\\\/#organization\"},\"image\":{\"@id\":\"https:\\\/\\\/lequotidien.mr\\\/?p=7012&lang=fr#primaryimage\"},\"thumbnailUrl\":\"https:\\\/\\\/lequotidien.mr\\\/wp-content\\\/uploads\\\/2023\\\/04\\\/pose_garage_04_04_2023_s0070.jpg\",\"articleSection\":[\"ACTUALIT\u00c9\",\"Economie\"],\"inLanguage\":\"ar\",\"potentialAction\":[{\"@type\":\"CommentAction\",\"name\":\"Comment\",\"target\":[\"https:\\\/\\\/lequotidien.mr\\\/?p=7012&lang=fr#respond\"]}]},{\"@type\":\"WebPage\",\"@id\":\"https:\\\/\\\/lequotidien.mr\\\/?p=7012&lang=fr\",\"url\":\"https:\\\/\\\/lequotidien.mr\\\/?p=7012&lang=fr\",\"name\":\"Pose de la premi\u00e8re pierre de 4 gares routi\u00e8res et de 5 centres de pesage de camions - Le Quotidien de Nouakchott\",\"isPartOf\":{\"@id\":\"https:\\\/\\\/lequotidien.mr\\\/#website\"},\"primaryImageOfPage\":{\"@id\":\"https:\\\/\\\/lequotidien.mr\\\/?p=7012&lang=fr#primaryimage\"},\"image\":{\"@id\":\"https:\\\/\\\/lequotidien.mr\\\/?p=7012&lang=fr#primaryimage\"},\"thumbnailUrl\":\"https:\\\/\\\/lequotidien.mr\\\/wp-content\\\/uploads\\\/2023\\\/04\\\/pose_garage_04_04_2023_s0070.jpg\",\"datePublished\":\"2023-04-05T23:42:16+00:00\",\"breadcrumb\":{\"@id\":\"https:\\\/\\\/lequotidien.mr\\\/?p=7012&lang=fr#breadcrumb\"},\"inLanguage\":\"ar\",\"potentialAction\":[{\"@type\":\"ReadAction\",\"target\":[\"https:\\\/\\\/lequotidien.mr\\\/?p=7012&lang=fr\"]}]},{\"@type\":\"ImageObject\",\"inLanguage\":\"ar\",\"@id\":\"https:\\\/\\\/lequotidien.mr\\\/?p=7012&lang=fr#primaryimage\",\"url\":\"https:\\\/\\\/lequotidien.mr\\\/wp-content\\\/uploads\\\/2023\\\/04\\\/pose_garage_04_04_2023_s0070.jpg\",\"contentUrl\":\"https:\\\/\\\/lequotidien.mr\\\/wp-content\\\/uploads\\\/2023\\\/04\\\/pose_garage_04_04_2023_s0070.jpg\",\"width\":643,\"height\":430},{\"@type\":\"BreadcrumbList\",\"@id\":\"https:\\\/\\\/lequotidien.mr\\\/?p=7012&lang=fr#breadcrumb\",\"itemListElement\":[{\"@type\":\"ListItem\",\"position\":1,\"name\":\"Home\",\"item\":\"https:\\\/\\\/lequotidien.mr\\\/\"},{\"@type\":\"ListItem\",\"position\":2,\"name\":\"Pose de la premi\u00e8re pierre de 4 gares routi\u00e8res et de 5 centres de pesage de camions\"}]},{\"@type\":\"WebSite\",\"@id\":\"https:\\\/\\\/lequotidien.mr\\\/#website\",\"url\":\"https:\\\/\\\/lequotidien.mr\\\/\",\"name\":\"Le Quotidien de Nouakchott\",\"description\":\"\u0625\u062e\u0628\u0627\u0631\u064a\u0629 \u0645\u0633\u062a\u0642\u0644\u0629 \u0644\u0644\u0623\u0646\u0628\u0627\u0621 \u0627\u0644\u0639\u0627\u0645\u0629\",\"publisher\":{\"@id\":\"https:\\\/\\\/lequotidien.mr\\\/#organization\"},\"potentialAction\":[{\"@type\":\"SearchAction\",\"target\":{\"@type\":\"EntryPoint\",\"urlTemplate\":\"https:\\\/\\\/lequotidien.mr\\\/?s={search_term_string}\"},\"query-input\":{\"@type\":\"PropertyValueSpecification\",\"valueRequired\":true,\"valueName\":\"search_term_string\"}}],\"inLanguage\":\"ar\"},{\"@type\":\"Organization\",\"@id\":\"https:\\\/\\\/lequotidien.mr\\\/#organization\",\"name\":\"Le Quotidien de Nouakchott\",\"url\":\"https:\\\/\\\/lequotidien.mr\\\/\",\"logo\":{\"@type\":\"ImageObject\",\"inLanguage\":\"ar\",\"@id\":\"https:\\\/\\\/lequotidien.mr\\\/#\\\/schema\\\/logo\\\/image\\\/\",\"url\":\"https:\\\/\\\/lequotidien.mr\\\/wp-content\\\/uploads\\\/2022\\\/11\\\/logolequotidien.jpg\",\"contentUrl\":\"https:\\\/\\\/lequotidien.mr\\\/wp-content\\\/uploads\\\/2022\\\/11\\\/logolequotidien.jpg\",\"width\":290,\"height\":65,\"caption\":\"Le Quotidien de Nouakchott\"},\"image\":{\"@id\":\"https:\\\/\\\/lequotidien.mr\\\/#\\\/schema\\\/logo\\\/image\\\/\"},\"sameAs\":[\"https:\\\/\\\/web.facebook.com\\\/lequotidienmr\",\"https:\\\/\\\/x.com\\\/lequotidienmr\"]},{\"@type\":\"Person\",\"@id\":\"https:\\\/\\\/lequotidien.mr\\\/#\\\/schema\\\/person\\\/1077c8abd5640a6514b909318d271dee\",\"name\":\"Gayi Diawara\",\"image\":{\"@type\":\"ImageObject\",\"inLanguage\":\"ar\",\"@id\":\"https:\\\/\\\/secure.gravatar.com\\\/avatar\\\/63ea8db1e19a6d2d608b24c0f78b5f3a7d6e0bc11959fec273410af333e4d0ac?s=96&d=mm&r=g\",\"url\":\"https:\\\/\\\/secure.gravatar.com\\\/avatar\\\/63ea8db1e19a6d2d608b24c0f78b5f3a7d6e0bc11959fec273410af333e4d0ac?s=96&d=mm&r=g\",\"contentUrl\":\"https:\\\/\\\/secure.gravatar.com\\\/avatar\\\/63ea8db1e19a6d2d608b24c0f78b5f3a7d6e0bc11959fec273410af333e4d0ac?s=96&d=mm&r=g\",\"caption\":\"Gayi Diawara\"},\"sameAs\":[\"http:\\\/\\\/lequotidien.mr\"],\"url\":\"https:\\\/\\\/lequotidien.mr\\\/?author=5\"}]}<\/script>\n<!-- \/ Yoast SEO plugin. -->","yoast_head_json":{"title":"Pose de la premi\u00e8re pierre de 4 gares routi\u00e8res et de 5 centres de pesage de camions - Le Quotidien de Nouakchott","robots":{"index":"index","follow":"follow","max-snippet":"max-snippet:-1","max-image-preview":"max-image-preview:large","max-video-preview":"max-video-preview:-1"},"canonical":"https:\/\/lequotidien.mr\/?p=7012&lang=fr","og_locale":"ar_AR","og_type":"article","og_title":"Pose de la premi\u00e8re pierre de 4 gares routi\u00e8res et de 5 centres de pesage de camions - Le Quotidien de Nouakchott","og_description":"AMI &#8211; Le ministre de l\u2019\u00c9quipement et des Transports, Porte-parole du Gouvernement, M. Nany Ould Chrougha, a supervis\u00e9 mardi \u00e0 Nouakchott, en compagnie du ministre du Commerce, de l\u2019Industrie, de l\u2019Artisanat et du Tourisme, M. Lemrabott Ould Bennahi, une c\u00e9r\u00e9monie organis\u00e9e par l\u2019Autorit\u00e9 de R\u00e9gulation des Transports \u00e0 l\u2019occasion de la pose de la premi\u00e8re.....","og_url":"https:\/\/lequotidien.mr\/?p=7012&lang=fr","og_site_name":"Le Quotidien de Nouakchott","article_publisher":"https:\/\/web.facebook.com\/lequotidienmr","article_published_time":"2023-04-05T23:42:16+00:00","og_image":[{"width":643,"height":430,"url":"https:\/\/lequotidien.mr\/wp-content\/uploads\/2023\/04\/pose_garage_04_04_2023_s0070.jpg","type":"image\/jpeg"}],"author":"Gayi Diawara","twitter_card":"summary_large_image","twitter_creator":"@lequotidienmr","twitter_site":"@lequotidienmr","twitter_misc":{"\u0643\u064f\u062a\u0628 \u0628\u0648\u0627\u0633\u0637\u0629":"Gayi Diawara","\u0648\u0642\u062a \u0627\u0644\u0642\u0631\u0627\u0621\u0629 \u0627\u0644\u0645\u064f\u0642\u062f\u0651\u0631":"\u062f\u0642\u064a\u0642\u062a\u0627\u0646"},"schema":{"@context":"https:\/\/schema.org","@graph":[{"@type":"Article","@id":"https:\/\/lequotidien.mr\/?p=7012&lang=fr#article","isPartOf":{"@id":"https:\/\/lequotidien.mr\/?p=7012&lang=fr"},"author":{"name":"Gayi Diawara","@id":"https:\/\/lequotidien.mr\/#\/schema\/person\/1077c8abd5640a6514b909318d271dee"},"headline":"Pose de la premi\u00e8re pierre de 4 gares routi\u00e8res et de 5 centres de pesage de camions","datePublished":"2023-04-05T23:42:16+00:00","mainEntityOfPage":{"@id":"https:\/\/lequotidien.mr\/?p=7012&lang=fr"},"wordCount":525,"commentCount":0,"publisher":{"@id":"https:\/\/lequotidien.mr\/#organization"},"image":{"@id":"https:\/\/lequotidien.mr\/?p=7012&lang=fr#primaryimage"},"thumbnailUrl":"https:\/\/lequotidien.mr\/wp-content\/uploads\/2023\/04\/pose_garage_04_04_2023_s0070.jpg","articleSection":["ACTUALIT\u00c9","Economie"],"inLanguage":"ar","potentialAction":[{"@type":"CommentAction","name":"Comment","target":["https:\/\/lequotidien.mr\/?p=7012&lang=fr#respond"]}]},{"@type":"WebPage","@id":"https:\/\/lequotidien.mr\/?p=7012&lang=fr","url":"https:\/\/lequotidien.mr\/?p=7012&lang=fr","name":"Pose de la premi\u00e8re pierre de 4 gares routi\u00e8res et de 5 centres de pesage de camions - Le Quotidien de Nouakchott","isPartOf":{"@id":"https:\/\/lequotidien.mr\/#website"},"primaryImageOfPage":{"@id":"https:\/\/lequotidien.mr\/?p=7012&lang=fr#primaryimage"},"image":{"@id":"https:\/\/lequotidien.mr\/?p=7012&lang=fr#primaryimage"},"thumbnailUrl":"https:\/\/lequotidien.mr\/wp-content\/uploads\/2023\/04\/pose_garage_04_04_2023_s0070.jpg","datePublished":"2023-04-05T23:42:16+00:00","breadcrumb":{"@id":"https:\/\/lequotidien.mr\/?p=7012&lang=fr#breadcrumb"},"inLanguage":"ar","potentialAction":[{"@type":"ReadAction","target":["https:\/\/lequotidien.mr\/?p=7012&lang=fr"]}]},{"@type":"ImageObject","inLanguage":"ar","@id":"https:\/\/lequotidien.mr\/?p=7012&lang=fr#primaryimage","url":"https:\/\/lequotidien.mr\/wp-content\/uploads\/2023\/04\/pose_garage_04_04_2023_s0070.jpg","contentUrl":"https:\/\/lequotidien.mr\/wp-content\/uploads\/2023\/04\/pose_garage_04_04_2023_s0070.jpg","width":643,"height":430},{"@type":"BreadcrumbList","@id":"https:\/\/lequotidien.mr\/?p=7012&lang=fr#breadcrumb","itemListElement":[{"@type":"ListItem","position":1,"name":"Home","item":"https:\/\/lequotidien.mr\/"},{"@type":"ListItem","position":2,"name":"Pose de la premi\u00e8re pierre de 4 gares routi\u00e8res et de 5 centres de pesage de camions"}]},{"@type":"WebSite","@id":"https:\/\/lequotidien.mr\/#website","url":"https:\/\/lequotidien.mr\/","name":"Le Quotidien de Nouakchott","description":"\u0625\u062e\u0628\u0627\u0631\u064a\u0629 \u0645\u0633\u062a\u0642\u0644\u0629 \u0644\u0644\u0623\u0646\u0628\u0627\u0621 \u0627\u0644\u0639\u0627\u0645\u0629","publisher":{"@id":"https:\/\/lequotidien.mr\/#organization"},"potentialAction":[{"@type":"SearchAction","target":{"@type":"EntryPoint","urlTemplate":"https:\/\/lequotidien.mr\/?s={search_term_string}"},"query-input":{"@type":"PropertyValueSpecification","valueRequired":true,"valueName":"search_term_string"}}],"inLanguage":"ar"},{"@type":"Organization","@id":"https:\/\/lequotidien.mr\/#organization","name":"Le Quotidien de Nouakchott","url":"https:\/\/lequotidien.mr\/","logo":{"@type":"ImageObject","inLanguage":"ar","@id":"https:\/\/lequotidien.mr\/#\/schema\/logo\/image\/","url":"https:\/\/lequotidien.mr\/wp-content\/uploads\/2022\/11\/logolequotidien.jpg","contentUrl":"https:\/\/lequotidien.mr\/wp-content\/uploads\/2022\/11\/logolequotidien.jpg","width":290,"height":65,"caption":"Le Quotidien de Nouakchott"},"image":{"@id":"https:\/\/lequotidien.mr\/#\/schema\/logo\/image\/"},"sameAs":["https:\/\/web.facebook.com\/lequotidienmr","https:\/\/x.com\/lequotidienmr"]},{"@type":"Person","@id":"https:\/\/lequotidien.mr\/#\/schema\/person\/1077c8abd5640a6514b909318d271dee","name":"Gayi Diawara","image":{"@type":"ImageObject","inLanguage":"ar","@id":"https:\/\/secure.gravatar.com\/avatar\/63ea8db1e19a6d2d608b24c0f78b5f3a7d6e0bc11959fec273410af333e4d0ac?s=96&d=mm&r=g","url":"https:\/\/secure.gravatar.com\/avatar\/63ea8db1e19a6d2d608b24c0f78b5f3a7d6e0bc11959fec273410af333e4d0ac?s=96&d=mm&r=g","contentUrl":"https:\/\/secure.gravatar.com\/avatar\/63ea8db1e19a6d2d608b24c0f78b5f3a7d6e0bc11959fec273410af333e4d0ac?s=96&d=mm&r=g","caption":"Gayi Diawara"},"sameAs":["http:\/\/lequotidien.mr"],"url":"https:\/\/lequotidien.mr\/?author=5"}]}},"_links":{"self":[{"href":"https:\/\/lequotidien.mr\/index.php?rest_route=\/wp\/v2\/posts\/7012","targetHints":{"allow":["GET"]}}],"collection":[{"href":"https:\/\/lequotidien.mr\/index.php?rest_route=\/wp\/v2\/posts"}],"about":[{"href":"https:\/\/lequotidien.mr\/index.php?rest_route=\/wp\/v2\/types\/post"}],"author":[{"embeddable":true,"href":"https:\/\/lequotidien.mr\/index.php?rest_route=\/wp\/v2\/users\/5"}],"replies":[{"embeddable":true,"href":"https:\/\/lequotidien.mr\/index.php?rest_route=%2Fwp%2Fv2%2Fcomments&post=7012"}],"version-history":[{"count":1,"href":"https:\/\/lequotidien.mr\/index.php?rest_route=\/wp\/v2\/posts\/7012\/revisions"}],"predecessor-version":[{"id":7014,"href":"https:\/\/lequotidien.mr\/index.php?rest_route=\/wp\/v2\/posts\/7012\/revisions\/7014"}],"wp:featuredmedia":[{"embeddable":true,"href":"https:\/\/lequotidien.mr\/index.php?rest_route=\/wp\/v2\/media\/7013"}],"wp:attachment":[{"href":"https:\/\/lequotidien.mr\/index.php?rest_route=%2Fwp%2Fv2%2Fmedia&parent=7012"}],"wp:term":[{"taxonomy":"category","embeddable":true,"href":"https:\/\/lequotidien.mr\/index.php?rest_route=%2Fwp%2Fv2%2Fcategories&post=7012"},{"taxonomy":"post_tag","embeddable":true,"href":"https:\/\/lequotidien.mr\/index.php?rest_route=%2Fwp%2Fv2%2Ftags&post=7012"}],"curies":[{"name":"wp","href":"https:\/\/api.w.org\/{rel}","templated":true}]}}