{"id":6895,"date":"2023-04-02T20:48:32","date_gmt":"2023-04-02T20:48:32","guid":{"rendered":"https:\/\/lequotidien.mr\/?p=6895"},"modified":"2023-04-02T20:48:32","modified_gmt":"2023-04-02T20:48:32","slug":"mauritanie-france-lafd-va-reprendre-ses-financements-interrompus-depuis-2015","status":"publish","type":"post","link":"https:\/\/lequotidien.mr\/?p=6895&lang=fr","title":{"rendered":"Mauritanie-France : l\u2019AFD va reprendre ses financements interrompus depuis 2015"},"content":{"rendered":"<p>Sahara M\u00e9dias &#8211; Le directeur g\u00e9n\u00e9ral de l\u2019agence fran\u00e7aise de d\u00e9veloppement, R\u00e9my Rioux, a d\u00e9clar\u00e9 jeudi que la France va reprendre ses financements interrompus en 2015, \u00e0 travers l\u2019agence fran\u00e7aise de d\u00e9veloppement.<\/p>\n<p>R\u00e9my Rioux qui s\u2019exprimait \u00e0 l\u2019issue d\u2019une audience avec le pr\u00e9sident mauritanien Mohamed O. Cheikh El Ghazouani, a ajout\u00e9 que cette reprise \u00ab va permettre de doubler ces financements \u00bb avant d\u2019ajouter \u00ab nous avons demand\u00e9 quelles \u00e9taient les grandes priorit\u00e9s du pays, dans le cadre de sa politique de d\u00e9veloppement, vers lesquelles orienter ces investissements. \u00bb<\/p>\n<p>Le directeur g\u00e9n\u00e9ral de l\u2019AFD a dit que sa rencontre avec le pr\u00e9sident Ghazouani avait \u00e9t\u00e9 une occasion d\u2019\u00e9voquer l\u2019ensemble des domaines de coop\u00e9ration entre les deux pays, pr\u00e9cisant que le portefeuille de son institution en Mauritanie, est plus de 200 millions dans diff\u00e9rents domaines comme l\u2019eau, l\u2019entreprenariat, l\u2019\u00e9ducation, l\u2019\u00e9nergie, et la sant\u00e9.<\/p>\n<p>R\u00e9my Rioux a encore dit qu\u2019il avait \u00e9voqu\u00e9 avec le pr\u00e9sident mauritanien la situation dans la sous-r\u00e9gion au moment o\u00f9 la Mauritanie a accept\u00e9 de reprendre la pr\u00e9sidence du G5 Sahel, confirmer notre engagement, celui de l\u2019AFD, pour les questions de d\u00e9veloppement dans l\u2019ensemble du Sahel.<\/p>\n<p>Il a rappel\u00e9 que l\u2019AFD est \u00ab membre de l\u2019Alliance Sahel avec 27 autres membres internationaux et qui se r\u00e9unira prochainement \u00e0 Nouakchott pour marquer son soutien, faire le point des tr\u00e8s nombreux investissements qui sont en cours de r\u00e9alisation dans toute la r\u00e9gion, et imaginer la feuille de route trac\u00e9e par le pr\u00e9sident et les autorit\u00e9s de la r\u00e9gion et la nouvelle \u00e9tape en mati\u00e8re de d\u00e9veloppement pour le Sahel. \u00bb<\/p>\n","protected":false},"excerpt":{"rendered":"<p>Sahara M\u00e9dias &#8211; Le directeur g\u00e9n\u00e9ral de l\u2019agence fran\u00e7aise de d\u00e9veloppement, R\u00e9my Rioux, a d\u00e9clar\u00e9 jeudi que la France va reprendre ses financements interrompus en 2015, \u00e0 travers l\u2019agence fran\u00e7aise de d\u00e9veloppement. R\u00e9my Rioux qui s\u2019exprimait \u00e0 l\u2019issue d\u2019une audience avec le pr\u00e9sident mauritanien Mohamed O. Cheikh El Ghazouani, a ajout\u00e9 que cette reprise \u00ab&#8230;..<\/p>\n","protected":false},"author":5,"featured_media":0,"comment_status":"open","ping_status":"open","sticky":false,"template":"","format":"standard","meta":{"footnotes":""},"categories":[23,49],"tags":[],"class_list":["post-6895","post","type-post","status-publish","format-standard","hentry","category-actualite","category-economie"],"yoast_head":"<!-- This site is optimized with the Yoast SEO plugin v27.5 - https:\/\/yoast.com\/product\/yoast-seo-wordpress\/ -->\n<title>Mauritanie-France : l\u2019AFD va reprendre ses financements interrompus depuis 2015 - Le Quotidien de Nouakchott<\/title>\n<meta name=\"robots\" content=\"index, follow, max-snippet:-1, max-image-preview:large, max-video-preview:-1\" \/>\n<link rel=\"canonical\" href=\"https:\/\/lequotidien.mr\/?p=6895&lang=fr\" \/>\n<meta property=\"og:locale\" content=\"ar_AR\" \/>\n<meta property=\"og:type\" content=\"article\" \/>\n<meta property=\"og:title\" content=\"Mauritanie-France : l\u2019AFD va reprendre ses financements interrompus depuis 2015 - Le Quotidien de Nouakchott\" \/>\n<meta property=\"og:description\" content=\"Sahara M\u00e9dias &#8211; Le directeur g\u00e9n\u00e9ral de l\u2019agence fran\u00e7aise de d\u00e9veloppement, R\u00e9my Rioux, a d\u00e9clar\u00e9 jeudi que la France va reprendre ses financements interrompus en 2015, \u00e0 travers l\u2019agence fran\u00e7aise de d\u00e9veloppement. R\u00e9my Rioux qui s\u2019exprimait \u00e0 l\u2019issue d\u2019une audience avec le pr\u00e9sident mauritanien Mohamed O. Cheikh El Ghazouani, a ajout\u00e9 que cette reprise \u00ab.....\" \/>\n<meta property=\"og:url\" content=\"https:\/\/lequotidien.mr\/?p=6895&amp;lang=fr\" \/>\n<meta property=\"og:site_name\" content=\"Le Quotidien de Nouakchott\" \/>\n<meta property=\"article:publisher\" content=\"https:\/\/web.facebook.com\/lequotidienmr\" \/>\n<meta property=\"article:published_time\" content=\"2023-04-02T20:48:32+00:00\" \/>\n<meta name=\"author\" content=\"Gayi Diawara\" \/>\n<meta name=\"twitter:card\" content=\"summary_large_image\" \/>\n<meta name=\"twitter:creator\" content=\"@lequotidienmr\" \/>\n<meta name=\"twitter:site\" content=\"@lequotidienmr\" \/>\n<meta name=\"twitter:label1\" content=\"\u0643\u064f\u062a\u0628 \u0628\u0648\u0627\u0633\u0637\u0629\" \/>\n\t<meta name=\"twitter:data1\" content=\"Gayi Diawara\" \/>\n\t<meta name=\"twitter:label2\" content=\"\u0648\u0642\u062a \u0627\u0644\u0642\u0631\u0627\u0621\u0629 \u0627\u0644\u0645\u064f\u0642\u062f\u0651\u0631\" \/>\n\t<meta name=\"twitter:data2\" content=\"\u062f\u0642\u064a\u0642\u062a\u0627\u0646\" \/>\n<script type=\"application\/ld+json\" class=\"yoast-schema-graph\">{\"@context\":\"https:\\\/\\\/schema.org\",\"@graph\":[{\"@type\":\"Article\",\"@id\":\"https:\\\/\\\/lequotidien.mr\\\/?p=6895&lang=fr#article\",\"isPartOf\":{\"@id\":\"https:\\\/\\\/lequotidien.mr\\\/?p=6895&lang=fr\"},\"author\":{\"name\":\"Gayi Diawara\",\"@id\":\"https:\\\/\\\/lequotidien.mr\\\/#\\\/schema\\\/person\\\/1077c8abd5640a6514b909318d271dee\"},\"headline\":\"Mauritanie-France : l\u2019AFD va reprendre ses financements interrompus depuis 2015\",\"datePublished\":\"2023-04-02T20:48:32+00:00\",\"mainEntityOfPage\":{\"@id\":\"https:\\\/\\\/lequotidien.mr\\\/?p=6895&lang=fr\"},\"wordCount\":309,\"commentCount\":0,\"publisher\":{\"@id\":\"https:\\\/\\\/lequotidien.mr\\\/#organization\"},\"articleSection\":[\"ACTUALIT\u00c9\",\"Economie\"],\"inLanguage\":\"ar\",\"potentialAction\":[{\"@type\":\"CommentAction\",\"name\":\"Comment\",\"target\":[\"https:\\\/\\\/lequotidien.mr\\\/?p=6895&lang=fr#respond\"]}]},{\"@type\":\"WebPage\",\"@id\":\"https:\\\/\\\/lequotidien.mr\\\/?p=6895&lang=fr\",\"url\":\"https:\\\/\\\/lequotidien.mr\\\/?p=6895&lang=fr\",\"name\":\"Mauritanie-France : l\u2019AFD va reprendre ses financements interrompus depuis 2015 - Le Quotidien de Nouakchott\",\"isPartOf\":{\"@id\":\"https:\\\/\\\/lequotidien.mr\\\/#website\"},\"datePublished\":\"2023-04-02T20:48:32+00:00\",\"breadcrumb\":{\"@id\":\"https:\\\/\\\/lequotidien.mr\\\/?p=6895&lang=fr#breadcrumb\"},\"inLanguage\":\"ar\",\"potentialAction\":[{\"@type\":\"ReadAction\",\"target\":[\"https:\\\/\\\/lequotidien.mr\\\/?p=6895&lang=fr\"]}]},{\"@type\":\"BreadcrumbList\",\"@id\":\"https:\\\/\\\/lequotidien.mr\\\/?p=6895&lang=fr#breadcrumb\",\"itemListElement\":[{\"@type\":\"ListItem\",\"position\":1,\"name\":\"Home\",\"item\":\"https:\\\/\\\/lequotidien.mr\\\/\"},{\"@type\":\"ListItem\",\"position\":2,\"name\":\"Mauritanie-France : l\u2019AFD va reprendre ses financements interrompus depuis 2015\"}]},{\"@type\":\"WebSite\",\"@id\":\"https:\\\/\\\/lequotidien.mr\\\/#website\",\"url\":\"https:\\\/\\\/lequotidien.mr\\\/\",\"name\":\"Le Quotidien de Nouakchott\",\"description\":\"\u0625\u062e\u0628\u0627\u0631\u064a\u0629 \u0645\u0633\u062a\u0642\u0644\u0629 \u0644\u0644\u0623\u0646\u0628\u0627\u0621 \u0627\u0644\u0639\u0627\u0645\u0629\",\"publisher\":{\"@id\":\"https:\\\/\\\/lequotidien.mr\\\/#organization\"},\"potentialAction\":[{\"@type\":\"SearchAction\",\"target\":{\"@type\":\"EntryPoint\",\"urlTemplate\":\"https:\\\/\\\/lequotidien.mr\\\/?s={search_term_string}\"},\"query-input\":{\"@type\":\"PropertyValueSpecification\",\"valueRequired\":true,\"valueName\":\"search_term_string\"}}],\"inLanguage\":\"ar\"},{\"@type\":\"Organization\",\"@id\":\"https:\\\/\\\/lequotidien.mr\\\/#organization\",\"name\":\"Le Quotidien de Nouakchott\",\"url\":\"https:\\\/\\\/lequotidien.mr\\\/\",\"logo\":{\"@type\":\"ImageObject\",\"inLanguage\":\"ar\",\"@id\":\"https:\\\/\\\/lequotidien.mr\\\/#\\\/schema\\\/logo\\\/image\\\/\",\"url\":\"https:\\\/\\\/lequotidien.mr\\\/wp-content\\\/uploads\\\/2022\\\/11\\\/logolequotidien.jpg\",\"contentUrl\":\"https:\\\/\\\/lequotidien.mr\\\/wp-content\\\/uploads\\\/2022\\\/11\\\/logolequotidien.jpg\",\"width\":290,\"height\":65,\"caption\":\"Le Quotidien de Nouakchott\"},\"image\":{\"@id\":\"https:\\\/\\\/lequotidien.mr\\\/#\\\/schema\\\/logo\\\/image\\\/\"},\"sameAs\":[\"https:\\\/\\\/web.facebook.com\\\/lequotidienmr\",\"https:\\\/\\\/x.com\\\/lequotidienmr\"]},{\"@type\":\"Person\",\"@id\":\"https:\\\/\\\/lequotidien.mr\\\/#\\\/schema\\\/person\\\/1077c8abd5640a6514b909318d271dee\",\"name\":\"Gayi Diawara\",\"image\":{\"@type\":\"ImageObject\",\"inLanguage\":\"ar\",\"@id\":\"https:\\\/\\\/secure.gravatar.com\\\/avatar\\\/63ea8db1e19a6d2d608b24c0f78b5f3a7d6e0bc11959fec273410af333e4d0ac?s=96&d=mm&r=g\",\"url\":\"https:\\\/\\\/secure.gravatar.com\\\/avatar\\\/63ea8db1e19a6d2d608b24c0f78b5f3a7d6e0bc11959fec273410af333e4d0ac?s=96&d=mm&r=g\",\"contentUrl\":\"https:\\\/\\\/secure.gravatar.com\\\/avatar\\\/63ea8db1e19a6d2d608b24c0f78b5f3a7d6e0bc11959fec273410af333e4d0ac?s=96&d=mm&r=g\",\"caption\":\"Gayi Diawara\"},\"sameAs\":[\"http:\\\/\\\/lequotidien.mr\"],\"url\":\"https:\\\/\\\/lequotidien.mr\\\/?author=5\"}]}<\/script>\n<!-- \/ Yoast SEO plugin. -->","yoast_head_json":{"title":"Mauritanie-France : l\u2019AFD va reprendre ses financements interrompus depuis 2015 - Le Quotidien de Nouakchott","robots":{"index":"index","follow":"follow","max-snippet":"max-snippet:-1","max-image-preview":"max-image-preview:large","max-video-preview":"max-video-preview:-1"},"canonical":"https:\/\/lequotidien.mr\/?p=6895&lang=fr","og_locale":"ar_AR","og_type":"article","og_title":"Mauritanie-France : l\u2019AFD va reprendre ses financements interrompus depuis 2015 - Le Quotidien de Nouakchott","og_description":"Sahara M\u00e9dias &#8211; Le directeur g\u00e9n\u00e9ral de l\u2019agence fran\u00e7aise de d\u00e9veloppement, R\u00e9my Rioux, a d\u00e9clar\u00e9 jeudi que la France va reprendre ses financements interrompus en 2015, \u00e0 travers l\u2019agence fran\u00e7aise de d\u00e9veloppement. R\u00e9my Rioux qui s\u2019exprimait \u00e0 l\u2019issue d\u2019une audience avec le pr\u00e9sident mauritanien Mohamed O. Cheikh El Ghazouani, a ajout\u00e9 que cette reprise \u00ab.....","og_url":"https:\/\/lequotidien.mr\/?p=6895&lang=fr","og_site_name":"Le Quotidien de Nouakchott","article_publisher":"https:\/\/web.facebook.com\/lequotidienmr","article_published_time":"2023-04-02T20:48:32+00:00","author":"Gayi Diawara","twitter_card":"summary_large_image","twitter_creator":"@lequotidienmr","twitter_site":"@lequotidienmr","twitter_misc":{"\u0643\u064f\u062a\u0628 \u0628\u0648\u0627\u0633\u0637\u0629":"Gayi Diawara","\u0648\u0642\u062a \u0627\u0644\u0642\u0631\u0627\u0621\u0629 \u0627\u0644\u0645\u064f\u0642\u062f\u0651\u0631":"\u062f\u0642\u064a\u0642\u062a\u0627\u0646"},"schema":{"@context":"https:\/\/schema.org","@graph":[{"@type":"Article","@id":"https:\/\/lequotidien.mr\/?p=6895&lang=fr#article","isPartOf":{"@id":"https:\/\/lequotidien.mr\/?p=6895&lang=fr"},"author":{"name":"Gayi Diawara","@id":"https:\/\/lequotidien.mr\/#\/schema\/person\/1077c8abd5640a6514b909318d271dee"},"headline":"Mauritanie-France : l\u2019AFD va reprendre ses financements interrompus depuis 2015","datePublished":"2023-04-02T20:48:32+00:00","mainEntityOfPage":{"@id":"https:\/\/lequotidien.mr\/?p=6895&lang=fr"},"wordCount":309,"commentCount":0,"publisher":{"@id":"https:\/\/lequotidien.mr\/#organization"},"articleSection":["ACTUALIT\u00c9","Economie"],"inLanguage":"ar","potentialAction":[{"@type":"CommentAction","name":"Comment","target":["https:\/\/lequotidien.mr\/?p=6895&lang=fr#respond"]}]},{"@type":"WebPage","@id":"https:\/\/lequotidien.mr\/?p=6895&lang=fr","url":"https:\/\/lequotidien.mr\/?p=6895&lang=fr","name":"Mauritanie-France : l\u2019AFD va reprendre ses financements interrompus depuis 2015 - Le Quotidien de Nouakchott","isPartOf":{"@id":"https:\/\/lequotidien.mr\/#website"},"datePublished":"2023-04-02T20:48:32+00:00","breadcrumb":{"@id":"https:\/\/lequotidien.mr\/?p=6895&lang=fr#breadcrumb"},"inLanguage":"ar","potentialAction":[{"@type":"ReadAction","target":["https:\/\/lequotidien.mr\/?p=6895&lang=fr"]}]},{"@type":"BreadcrumbList","@id":"https:\/\/lequotidien.mr\/?p=6895&lang=fr#breadcrumb","itemListElement":[{"@type":"ListItem","position":1,"name":"Home","item":"https:\/\/lequotidien.mr\/"},{"@type":"ListItem","position":2,"name":"Mauritanie-France : l\u2019AFD va reprendre ses financements interrompus depuis 2015"}]},{"@type":"WebSite","@id":"https:\/\/lequotidien.mr\/#website","url":"https:\/\/lequotidien.mr\/","name":"Le Quotidien de Nouakchott","description":"\u0625\u062e\u0628\u0627\u0631\u064a\u0629 \u0645\u0633\u062a\u0642\u0644\u0629 \u0644\u0644\u0623\u0646\u0628\u0627\u0621 \u0627\u0644\u0639\u0627\u0645\u0629","publisher":{"@id":"https:\/\/lequotidien.mr\/#organization"},"potentialAction":[{"@type":"SearchAction","target":{"@type":"EntryPoint","urlTemplate":"https:\/\/lequotidien.mr\/?s={search_term_string}"},"query-input":{"@type":"PropertyValueSpecification","valueRequired":true,"valueName":"search_term_string"}}],"inLanguage":"ar"},{"@type":"Organization","@id":"https:\/\/lequotidien.mr\/#organization","name":"Le Quotidien de Nouakchott","url":"https:\/\/lequotidien.mr\/","logo":{"@type":"ImageObject","inLanguage":"ar","@id":"https:\/\/lequotidien.mr\/#\/schema\/logo\/image\/","url":"https:\/\/lequotidien.mr\/wp-content\/uploads\/2022\/11\/logolequotidien.jpg","contentUrl":"https:\/\/lequotidien.mr\/wp-content\/uploads\/2022\/11\/logolequotidien.jpg","width":290,"height":65,"caption":"Le Quotidien de Nouakchott"},"image":{"@id":"https:\/\/lequotidien.mr\/#\/schema\/logo\/image\/"},"sameAs":["https:\/\/web.facebook.com\/lequotidienmr","https:\/\/x.com\/lequotidienmr"]},{"@type":"Person","@id":"https:\/\/lequotidien.mr\/#\/schema\/person\/1077c8abd5640a6514b909318d271dee","name":"Gayi Diawara","image":{"@type":"ImageObject","inLanguage":"ar","@id":"https:\/\/secure.gravatar.com\/avatar\/63ea8db1e19a6d2d608b24c0f78b5f3a7d6e0bc11959fec273410af333e4d0ac?s=96&d=mm&r=g","url":"https:\/\/secure.gravatar.com\/avatar\/63ea8db1e19a6d2d608b24c0f78b5f3a7d6e0bc11959fec273410af333e4d0ac?s=96&d=mm&r=g","contentUrl":"https:\/\/secure.gravatar.com\/avatar\/63ea8db1e19a6d2d608b24c0f78b5f3a7d6e0bc11959fec273410af333e4d0ac?s=96&d=mm&r=g","caption":"Gayi Diawara"},"sameAs":["http:\/\/lequotidien.mr"],"url":"https:\/\/lequotidien.mr\/?author=5"}]}},"_links":{"self":[{"href":"https:\/\/lequotidien.mr\/index.php?rest_route=\/wp\/v2\/posts\/6895","targetHints":{"allow":["GET"]}}],"collection":[{"href":"https:\/\/lequotidien.mr\/index.php?rest_route=\/wp\/v2\/posts"}],"about":[{"href":"https:\/\/lequotidien.mr\/index.php?rest_route=\/wp\/v2\/types\/post"}],"author":[{"embeddable":true,"href":"https:\/\/lequotidien.mr\/index.php?rest_route=\/wp\/v2\/users\/5"}],"replies":[{"embeddable":true,"href":"https:\/\/lequotidien.mr\/index.php?rest_route=%2Fwp%2Fv2%2Fcomments&post=6895"}],"version-history":[{"count":1,"href":"https:\/\/lequotidien.mr\/index.php?rest_route=\/wp\/v2\/posts\/6895\/revisions"}],"predecessor-version":[{"id":6897,"href":"https:\/\/lequotidien.mr\/index.php?rest_route=\/wp\/v2\/posts\/6895\/revisions\/6897"}],"wp:attachment":[{"href":"https:\/\/lequotidien.mr\/index.php?rest_route=%2Fwp%2Fv2%2Fmedia&parent=6895"}],"wp:term":[{"taxonomy":"category","embeddable":true,"href":"https:\/\/lequotidien.mr\/index.php?rest_route=%2Fwp%2Fv2%2Fcategories&post=6895"},{"taxonomy":"post_tag","embeddable":true,"href":"https:\/\/lequotidien.mr\/index.php?rest_route=%2Fwp%2Fv2%2Ftags&post=6895"}],"curies":[{"name":"wp","href":"https:\/\/api.w.org\/{rel}","templated":true}]}}