{"id":6793,"date":"2023-03-30T22:39:02","date_gmt":"2023-03-30T22:39:02","guid":{"rendered":"https:\/\/lequotidien.mr\/?p=6793"},"modified":"2023-03-30T22:39:02","modified_gmt":"2023-03-30T22:39:02","slug":"atar-somelec-accueille-le-ramadan-avec-des-coupures-intempestives-de-courant-dans-tous-les-quartiers","status":"publish","type":"post","link":"https:\/\/lequotidien.mr\/?p=6793&lang=fr","title":{"rendered":"Atar : Somelec accueille le Ramadan avec des coupures intempestives de courant dans tous les quartiers"},"content":{"rendered":"<p>Adrar Info &#8211; Faisant fi des d\u00e9sagr\u00e9ments et d\u00e9g\u00e2ts qu&#8217;ils font subir aux citoyens, les responsables de la soci\u00e9t\u00e9 Somelec au niveau de la ville d&#8217;Atar reprennent leur mauvaise habitude, consistant \u00e0 op\u00e9rer des coupures de courant quotidiennes &#8211; \u00e0 tour de r\u00f4le -dans tous les quartiers.<\/p>\n<p>En ce d\u00e9but du mois b\u00e9ni de Ramadan , ces responsables n&#8217;ont pas trouv\u00e9 meilleure offrande aux citoyens que : d\u00e9dain, m\u00e9pris, honte et incomp\u00e9tence. Des autorit\u00e9s publiques, les responsables de Somelec s&#8217;en moquent \u00e9perdument.<\/p>\n<p>En guise de preuve, le Wali- \u00e0 la veille du Ramadan &#8211; les a convoqu\u00e9 en r\u00e9union, en pr\u00e9sence des chefs de services administratifs, des commer\u00e7ants, bouchers et activistes de la soci\u00e9t\u00e9 civile.<\/p>\n<p>Il leur a clairement et fermement demand\u00e9 de pallier aux d\u00e9faillances et dysfonctionnements pouvant provoquer les coupures d&#8217;\u00e9lectricit\u00e9 dans les quartiers de la ville, quitte \u00e0 se ravitailler en carburant, \u00e0 partir des stations service de la ville.<\/p>\n<p>Deux jours \u00e0 peine apr\u00e8s cette r\u00e9union et comme pour humilier le principal responsable de la r\u00e9gion, et lui signifier leur imp\u00e9n\u00e9trabilit\u00e9 quant \u00e0 ses instructions, les coupures quotidiennes reprennent dans tous les quartiers.<\/p>\n<p>La r\u00e9daction Adrar info alerte les autorit\u00e9s r\u00e9gionales et nationales sur ce sujet depuis plus de 20 ans sur ce sujet vital.<\/p>\n<p>En voici certains liens parus dans la presse :<\/p>\n<p>https:\/\/cridem.org\/C_Info.php?article=758276<\/p>\n<p>https:\/\/www.mauritaniacom.info\/&#8230;\/atar-sans-electricite<\/p>\n<p>https:\/\/cridem.org\/C_Info.php?article=760353<\/p>\n<p>https:\/\/www.bing.com\/search?q=adrar.info+%3a+atar+%3a+coupure+electrique+&amp;qs=n&amp;sp=-1&amp;lq=0&amp;pq=adrar.info+%3a+atar+%3a+coupure+electrique+&amp;sc=0- 39&amp;sk=&amp;cvid=2D99A0FC55214AA6B2E071CA6048B69B&amp;ghsh=0&amp;ghacc=0&amp;ghpl=&amp;first=11&amp;FORM=PERE<\/p>\n<p>https:\/\/cridem.org\/C_Info.php?article=760353<\/p>\n","protected":false},"excerpt":{"rendered":"<p>Adrar Info &#8211; Faisant fi des d\u00e9sagr\u00e9ments et d\u00e9g\u00e2ts qu&#8217;ils font subir aux citoyens, les responsables de la soci\u00e9t\u00e9 Somelec au niveau de la ville d&#8217;Atar reprennent leur mauvaise habitude, consistant \u00e0 op\u00e9rer des coupures de courant quotidiennes &#8211; \u00e0 tour de r\u00f4le -dans tous les quartiers. En ce d\u00e9but du mois b\u00e9ni de Ramadan&#8230;..<\/p>\n","protected":false},"author":5,"featured_media":6794,"comment_status":"open","ping_status":"open","sticky":false,"template":"","format":"standard","meta":{"footnotes":""},"categories":[23,49],"tags":[],"class_list":["post-6793","post","type-post","status-publish","format-standard","has-post-thumbnail","hentry","category-actualite","category-economie"],"yoast_head":"<!-- This site is optimized with the Yoast SEO plugin v27.5 - https:\/\/yoast.com\/product\/yoast-seo-wordpress\/ -->\n<title>Atar : Somelec accueille le Ramadan avec des coupures intempestives de courant dans tous les quartiers - Le Quotidien de Nouakchott<\/title>\n<meta name=\"robots\" content=\"index, follow, max-snippet:-1, max-image-preview:large, max-video-preview:-1\" \/>\n<link rel=\"canonical\" href=\"https:\/\/lequotidien.mr\/?p=6793&lang=fr\" \/>\n<meta property=\"og:locale\" content=\"ar_AR\" \/>\n<meta property=\"og:type\" content=\"article\" \/>\n<meta property=\"og:title\" content=\"Atar : Somelec accueille le Ramadan avec des coupures intempestives de courant dans tous les quartiers - Le Quotidien de Nouakchott\" \/>\n<meta property=\"og:description\" content=\"Adrar Info &#8211; Faisant fi des d\u00e9sagr\u00e9ments et d\u00e9g\u00e2ts qu&#8217;ils font subir aux citoyens, les responsables de la soci\u00e9t\u00e9 Somelec au niveau de la ville d&#8217;Atar reprennent leur mauvaise habitude, consistant \u00e0 op\u00e9rer des coupures de courant quotidiennes &#8211; \u00e0 tour de r\u00f4le -dans tous les quartiers. En ce d\u00e9but du mois b\u00e9ni de Ramadan.....\" \/>\n<meta property=\"og:url\" content=\"https:\/\/lequotidien.mr\/?p=6793&amp;lang=fr\" \/>\n<meta property=\"og:site_name\" content=\"Le Quotidien de Nouakchott\" \/>\n<meta property=\"article:publisher\" content=\"https:\/\/web.facebook.com\/lequotidienmr\" \/>\n<meta property=\"article:published_time\" content=\"2023-03-30T22:39:02+00:00\" \/>\n<meta property=\"og:image\" content=\"https:\/\/lequotidien.mr\/wp-content\/uploads\/2023\/03\/somelec_siege_ct_00.jpg\" \/>\n\t<meta property=\"og:image:width\" content=\"420\" \/>\n\t<meta property=\"og:image:height\" content=\"285\" \/>\n\t<meta property=\"og:image:type\" content=\"image\/jpeg\" \/>\n<meta name=\"author\" content=\"Gayi Diawara\" \/>\n<meta name=\"twitter:card\" content=\"summary_large_image\" \/>\n<meta name=\"twitter:creator\" content=\"@lequotidienmr\" \/>\n<meta name=\"twitter:site\" content=\"@lequotidienmr\" \/>\n<meta name=\"twitter:label1\" content=\"\u0643\u064f\u062a\u0628 \u0628\u0648\u0627\u0633\u0637\u0629\" \/>\n\t<meta name=\"twitter:data1\" content=\"Gayi Diawara\" \/>\n\t<meta name=\"twitter:label2\" content=\"\u0648\u0642\u062a \u0627\u0644\u0642\u0631\u0627\u0621\u0629 \u0627\u0644\u0645\u064f\u0642\u062f\u0651\u0631\" \/>\n\t<meta name=\"twitter:data2\" content=\"\u062f\u0642\u064a\u0642\u0629 \u0648\u0627\u062d\u062f\u0629\" \/>\n<script type=\"application\/ld+json\" class=\"yoast-schema-graph\">{\"@context\":\"https:\\\/\\\/schema.org\",\"@graph\":[{\"@type\":\"Article\",\"@id\":\"https:\\\/\\\/lequotidien.mr\\\/?p=6793&lang=fr#article\",\"isPartOf\":{\"@id\":\"https:\\\/\\\/lequotidien.mr\\\/?p=6793&lang=fr\"},\"author\":{\"name\":\"Gayi Diawara\",\"@id\":\"https:\\\/\\\/lequotidien.mr\\\/#\\\/schema\\\/person\\\/1077c8abd5640a6514b909318d271dee\"},\"headline\":\"Atar : Somelec accueille le Ramadan avec des coupures intempestives de courant dans tous les quartiers\",\"datePublished\":\"2023-03-30T22:39:02+00:00\",\"mainEntityOfPage\":{\"@id\":\"https:\\\/\\\/lequotidien.mr\\\/?p=6793&lang=fr\"},\"wordCount\":336,\"commentCount\":0,\"publisher\":{\"@id\":\"https:\\\/\\\/lequotidien.mr\\\/#organization\"},\"image\":{\"@id\":\"https:\\\/\\\/lequotidien.mr\\\/?p=6793&lang=fr#primaryimage\"},\"thumbnailUrl\":\"https:\\\/\\\/lequotidien.mr\\\/wp-content\\\/uploads\\\/2023\\\/03\\\/somelec_siege_ct_00.jpg\",\"articleSection\":[\"ACTUALIT\u00c9\",\"Economie\"],\"inLanguage\":\"ar\",\"potentialAction\":[{\"@type\":\"CommentAction\",\"name\":\"Comment\",\"target\":[\"https:\\\/\\\/lequotidien.mr\\\/?p=6793&lang=fr#respond\"]}]},{\"@type\":\"WebPage\",\"@id\":\"https:\\\/\\\/lequotidien.mr\\\/?p=6793&lang=fr\",\"url\":\"https:\\\/\\\/lequotidien.mr\\\/?p=6793&lang=fr\",\"name\":\"Atar : Somelec accueille le Ramadan avec des coupures intempestives de courant dans tous les quartiers - Le Quotidien de Nouakchott\",\"isPartOf\":{\"@id\":\"https:\\\/\\\/lequotidien.mr\\\/#website\"},\"primaryImageOfPage\":{\"@id\":\"https:\\\/\\\/lequotidien.mr\\\/?p=6793&lang=fr#primaryimage\"},\"image\":{\"@id\":\"https:\\\/\\\/lequotidien.mr\\\/?p=6793&lang=fr#primaryimage\"},\"thumbnailUrl\":\"https:\\\/\\\/lequotidien.mr\\\/wp-content\\\/uploads\\\/2023\\\/03\\\/somelec_siege_ct_00.jpg\",\"datePublished\":\"2023-03-30T22:39:02+00:00\",\"breadcrumb\":{\"@id\":\"https:\\\/\\\/lequotidien.mr\\\/?p=6793&lang=fr#breadcrumb\"},\"inLanguage\":\"ar\",\"potentialAction\":[{\"@type\":\"ReadAction\",\"target\":[\"https:\\\/\\\/lequotidien.mr\\\/?p=6793&lang=fr\"]}]},{\"@type\":\"ImageObject\",\"inLanguage\":\"ar\",\"@id\":\"https:\\\/\\\/lequotidien.mr\\\/?p=6793&lang=fr#primaryimage\",\"url\":\"https:\\\/\\\/lequotidien.mr\\\/wp-content\\\/uploads\\\/2023\\\/03\\\/somelec_siege_ct_00.jpg\",\"contentUrl\":\"https:\\\/\\\/lequotidien.mr\\\/wp-content\\\/uploads\\\/2023\\\/03\\\/somelec_siege_ct_00.jpg\",\"width\":420,\"height\":285},{\"@type\":\"BreadcrumbList\",\"@id\":\"https:\\\/\\\/lequotidien.mr\\\/?p=6793&lang=fr#breadcrumb\",\"itemListElement\":[{\"@type\":\"ListItem\",\"position\":1,\"name\":\"Home\",\"item\":\"https:\\\/\\\/lequotidien.mr\\\/\"},{\"@type\":\"ListItem\",\"position\":2,\"name\":\"Atar : Somelec accueille le Ramadan avec des coupures intempestives de courant dans tous les quartiers\"}]},{\"@type\":\"WebSite\",\"@id\":\"https:\\\/\\\/lequotidien.mr\\\/#website\",\"url\":\"https:\\\/\\\/lequotidien.mr\\\/\",\"name\":\"Le Quotidien de Nouakchott\",\"description\":\"\u0625\u062e\u0628\u0627\u0631\u064a\u0629 \u0645\u0633\u062a\u0642\u0644\u0629 \u0644\u0644\u0623\u0646\u0628\u0627\u0621 \u0627\u0644\u0639\u0627\u0645\u0629\",\"publisher\":{\"@id\":\"https:\\\/\\\/lequotidien.mr\\\/#organization\"},\"potentialAction\":[{\"@type\":\"SearchAction\",\"target\":{\"@type\":\"EntryPoint\",\"urlTemplate\":\"https:\\\/\\\/lequotidien.mr\\\/?s={search_term_string}\"},\"query-input\":{\"@type\":\"PropertyValueSpecification\",\"valueRequired\":true,\"valueName\":\"search_term_string\"}}],\"inLanguage\":\"ar\"},{\"@type\":\"Organization\",\"@id\":\"https:\\\/\\\/lequotidien.mr\\\/#organization\",\"name\":\"Le Quotidien de Nouakchott\",\"url\":\"https:\\\/\\\/lequotidien.mr\\\/\",\"logo\":{\"@type\":\"ImageObject\",\"inLanguage\":\"ar\",\"@id\":\"https:\\\/\\\/lequotidien.mr\\\/#\\\/schema\\\/logo\\\/image\\\/\",\"url\":\"https:\\\/\\\/lequotidien.mr\\\/wp-content\\\/uploads\\\/2022\\\/11\\\/logolequotidien.jpg\",\"contentUrl\":\"https:\\\/\\\/lequotidien.mr\\\/wp-content\\\/uploads\\\/2022\\\/11\\\/logolequotidien.jpg\",\"width\":290,\"height\":65,\"caption\":\"Le Quotidien de Nouakchott\"},\"image\":{\"@id\":\"https:\\\/\\\/lequotidien.mr\\\/#\\\/schema\\\/logo\\\/image\\\/\"},\"sameAs\":[\"https:\\\/\\\/web.facebook.com\\\/lequotidienmr\",\"https:\\\/\\\/x.com\\\/lequotidienmr\"]},{\"@type\":\"Person\",\"@id\":\"https:\\\/\\\/lequotidien.mr\\\/#\\\/schema\\\/person\\\/1077c8abd5640a6514b909318d271dee\",\"name\":\"Gayi Diawara\",\"image\":{\"@type\":\"ImageObject\",\"inLanguage\":\"ar\",\"@id\":\"https:\\\/\\\/secure.gravatar.com\\\/avatar\\\/63ea8db1e19a6d2d608b24c0f78b5f3a7d6e0bc11959fec273410af333e4d0ac?s=96&d=mm&r=g\",\"url\":\"https:\\\/\\\/secure.gravatar.com\\\/avatar\\\/63ea8db1e19a6d2d608b24c0f78b5f3a7d6e0bc11959fec273410af333e4d0ac?s=96&d=mm&r=g\",\"contentUrl\":\"https:\\\/\\\/secure.gravatar.com\\\/avatar\\\/63ea8db1e19a6d2d608b24c0f78b5f3a7d6e0bc11959fec273410af333e4d0ac?s=96&d=mm&r=g\",\"caption\":\"Gayi Diawara\"},\"sameAs\":[\"http:\\\/\\\/lequotidien.mr\"],\"url\":\"https:\\\/\\\/lequotidien.mr\\\/?author=5\"}]}<\/script>\n<!-- \/ Yoast SEO plugin. -->","yoast_head_json":{"title":"Atar : Somelec accueille le Ramadan avec des coupures intempestives de courant dans tous les quartiers - Le Quotidien de Nouakchott","robots":{"index":"index","follow":"follow","max-snippet":"max-snippet:-1","max-image-preview":"max-image-preview:large","max-video-preview":"max-video-preview:-1"},"canonical":"https:\/\/lequotidien.mr\/?p=6793&lang=fr","og_locale":"ar_AR","og_type":"article","og_title":"Atar : Somelec accueille le Ramadan avec des coupures intempestives de courant dans tous les quartiers - Le Quotidien de Nouakchott","og_description":"Adrar Info &#8211; Faisant fi des d\u00e9sagr\u00e9ments et d\u00e9g\u00e2ts qu&#8217;ils font subir aux citoyens, les responsables de la soci\u00e9t\u00e9 Somelec au niveau de la ville d&#8217;Atar reprennent leur mauvaise habitude, consistant \u00e0 op\u00e9rer des coupures de courant quotidiennes &#8211; \u00e0 tour de r\u00f4le -dans tous les quartiers. En ce d\u00e9but du mois b\u00e9ni de Ramadan.....","og_url":"https:\/\/lequotidien.mr\/?p=6793&lang=fr","og_site_name":"Le Quotidien de Nouakchott","article_publisher":"https:\/\/web.facebook.com\/lequotidienmr","article_published_time":"2023-03-30T22:39:02+00:00","og_image":[{"width":420,"height":285,"url":"https:\/\/lequotidien.mr\/wp-content\/uploads\/2023\/03\/somelec_siege_ct_00.jpg","type":"image\/jpeg"}],"author":"Gayi Diawara","twitter_card":"summary_large_image","twitter_creator":"@lequotidienmr","twitter_site":"@lequotidienmr","twitter_misc":{"\u0643\u064f\u062a\u0628 \u0628\u0648\u0627\u0633\u0637\u0629":"Gayi Diawara","\u0648\u0642\u062a \u0627\u0644\u0642\u0631\u0627\u0621\u0629 \u0627\u0644\u0645\u064f\u0642\u062f\u0651\u0631":"\u062f\u0642\u064a\u0642\u0629 \u0648\u0627\u062d\u062f\u0629"},"schema":{"@context":"https:\/\/schema.org","@graph":[{"@type":"Article","@id":"https:\/\/lequotidien.mr\/?p=6793&lang=fr#article","isPartOf":{"@id":"https:\/\/lequotidien.mr\/?p=6793&lang=fr"},"author":{"name":"Gayi Diawara","@id":"https:\/\/lequotidien.mr\/#\/schema\/person\/1077c8abd5640a6514b909318d271dee"},"headline":"Atar : Somelec accueille le Ramadan avec des coupures intempestives de courant dans tous les quartiers","datePublished":"2023-03-30T22:39:02+00:00","mainEntityOfPage":{"@id":"https:\/\/lequotidien.mr\/?p=6793&lang=fr"},"wordCount":336,"commentCount":0,"publisher":{"@id":"https:\/\/lequotidien.mr\/#organization"},"image":{"@id":"https:\/\/lequotidien.mr\/?p=6793&lang=fr#primaryimage"},"thumbnailUrl":"https:\/\/lequotidien.mr\/wp-content\/uploads\/2023\/03\/somelec_siege_ct_00.jpg","articleSection":["ACTUALIT\u00c9","Economie"],"inLanguage":"ar","potentialAction":[{"@type":"CommentAction","name":"Comment","target":["https:\/\/lequotidien.mr\/?p=6793&lang=fr#respond"]}]},{"@type":"WebPage","@id":"https:\/\/lequotidien.mr\/?p=6793&lang=fr","url":"https:\/\/lequotidien.mr\/?p=6793&lang=fr","name":"Atar : Somelec accueille le Ramadan avec des coupures intempestives de courant dans tous les quartiers - Le Quotidien de Nouakchott","isPartOf":{"@id":"https:\/\/lequotidien.mr\/#website"},"primaryImageOfPage":{"@id":"https:\/\/lequotidien.mr\/?p=6793&lang=fr#primaryimage"},"image":{"@id":"https:\/\/lequotidien.mr\/?p=6793&lang=fr#primaryimage"},"thumbnailUrl":"https:\/\/lequotidien.mr\/wp-content\/uploads\/2023\/03\/somelec_siege_ct_00.jpg","datePublished":"2023-03-30T22:39:02+00:00","breadcrumb":{"@id":"https:\/\/lequotidien.mr\/?p=6793&lang=fr#breadcrumb"},"inLanguage":"ar","potentialAction":[{"@type":"ReadAction","target":["https:\/\/lequotidien.mr\/?p=6793&lang=fr"]}]},{"@type":"ImageObject","inLanguage":"ar","@id":"https:\/\/lequotidien.mr\/?p=6793&lang=fr#primaryimage","url":"https:\/\/lequotidien.mr\/wp-content\/uploads\/2023\/03\/somelec_siege_ct_00.jpg","contentUrl":"https:\/\/lequotidien.mr\/wp-content\/uploads\/2023\/03\/somelec_siege_ct_00.jpg","width":420,"height":285},{"@type":"BreadcrumbList","@id":"https:\/\/lequotidien.mr\/?p=6793&lang=fr#breadcrumb","itemListElement":[{"@type":"ListItem","position":1,"name":"Home","item":"https:\/\/lequotidien.mr\/"},{"@type":"ListItem","position":2,"name":"Atar : Somelec accueille le Ramadan avec des coupures intempestives de courant dans tous les quartiers"}]},{"@type":"WebSite","@id":"https:\/\/lequotidien.mr\/#website","url":"https:\/\/lequotidien.mr\/","name":"Le Quotidien de Nouakchott","description":"\u0625\u062e\u0628\u0627\u0631\u064a\u0629 \u0645\u0633\u062a\u0642\u0644\u0629 \u0644\u0644\u0623\u0646\u0628\u0627\u0621 \u0627\u0644\u0639\u0627\u0645\u0629","publisher":{"@id":"https:\/\/lequotidien.mr\/#organization"},"potentialAction":[{"@type":"SearchAction","target":{"@type":"EntryPoint","urlTemplate":"https:\/\/lequotidien.mr\/?s={search_term_string}"},"query-input":{"@type":"PropertyValueSpecification","valueRequired":true,"valueName":"search_term_string"}}],"inLanguage":"ar"},{"@type":"Organization","@id":"https:\/\/lequotidien.mr\/#organization","name":"Le Quotidien de Nouakchott","url":"https:\/\/lequotidien.mr\/","logo":{"@type":"ImageObject","inLanguage":"ar","@id":"https:\/\/lequotidien.mr\/#\/schema\/logo\/image\/","url":"https:\/\/lequotidien.mr\/wp-content\/uploads\/2022\/11\/logolequotidien.jpg","contentUrl":"https:\/\/lequotidien.mr\/wp-content\/uploads\/2022\/11\/logolequotidien.jpg","width":290,"height":65,"caption":"Le Quotidien de Nouakchott"},"image":{"@id":"https:\/\/lequotidien.mr\/#\/schema\/logo\/image\/"},"sameAs":["https:\/\/web.facebook.com\/lequotidienmr","https:\/\/x.com\/lequotidienmr"]},{"@type":"Person","@id":"https:\/\/lequotidien.mr\/#\/schema\/person\/1077c8abd5640a6514b909318d271dee","name":"Gayi Diawara","image":{"@type":"ImageObject","inLanguage":"ar","@id":"https:\/\/secure.gravatar.com\/avatar\/63ea8db1e19a6d2d608b24c0f78b5f3a7d6e0bc11959fec273410af333e4d0ac?s=96&d=mm&r=g","url":"https:\/\/secure.gravatar.com\/avatar\/63ea8db1e19a6d2d608b24c0f78b5f3a7d6e0bc11959fec273410af333e4d0ac?s=96&d=mm&r=g","contentUrl":"https:\/\/secure.gravatar.com\/avatar\/63ea8db1e19a6d2d608b24c0f78b5f3a7d6e0bc11959fec273410af333e4d0ac?s=96&d=mm&r=g","caption":"Gayi Diawara"},"sameAs":["http:\/\/lequotidien.mr"],"url":"https:\/\/lequotidien.mr\/?author=5"}]}},"_links":{"self":[{"href":"https:\/\/lequotidien.mr\/index.php?rest_route=\/wp\/v2\/posts\/6793","targetHints":{"allow":["GET"]}}],"collection":[{"href":"https:\/\/lequotidien.mr\/index.php?rest_route=\/wp\/v2\/posts"}],"about":[{"href":"https:\/\/lequotidien.mr\/index.php?rest_route=\/wp\/v2\/types\/post"}],"author":[{"embeddable":true,"href":"https:\/\/lequotidien.mr\/index.php?rest_route=\/wp\/v2\/users\/5"}],"replies":[{"embeddable":true,"href":"https:\/\/lequotidien.mr\/index.php?rest_route=%2Fwp%2Fv2%2Fcomments&post=6793"}],"version-history":[{"count":2,"href":"https:\/\/lequotidien.mr\/index.php?rest_route=\/wp\/v2\/posts\/6793\/revisions"}],"predecessor-version":[{"id":6796,"href":"https:\/\/lequotidien.mr\/index.php?rest_route=\/wp\/v2\/posts\/6793\/revisions\/6796"}],"wp:featuredmedia":[{"embeddable":true,"href":"https:\/\/lequotidien.mr\/index.php?rest_route=\/wp\/v2\/media\/6794"}],"wp:attachment":[{"href":"https:\/\/lequotidien.mr\/index.php?rest_route=%2Fwp%2Fv2%2Fmedia&parent=6793"}],"wp:term":[{"taxonomy":"category","embeddable":true,"href":"https:\/\/lequotidien.mr\/index.php?rest_route=%2Fwp%2Fv2%2Fcategories&post=6793"},{"taxonomy":"post_tag","embeddable":true,"href":"https:\/\/lequotidien.mr\/index.php?rest_route=%2Fwp%2Fv2%2Ftags&post=6793"}],"curies":[{"name":"wp","href":"https:\/\/api.w.org\/{rel}","templated":true}]}}