{"id":6790,"date":"2023-03-30T22:11:31","date_gmt":"2023-03-30T22:11:31","guid":{"rendered":"https:\/\/lequotidien.mr\/?p=6790"},"modified":"2023-03-30T22:11:31","modified_gmt":"2023-03-30T22:11:31","slug":"proparco-et-la-banque-populaire-de-mauritanie-signent-une-garantie-doperations-trade-finance-de-15-musd","status":"publish","type":"post","link":"https:\/\/lequotidien.mr\/?p=6790&lang=fr","title":{"rendered":"Proparco et la Banque Populaire de Mauritanie signent une garantie d\u2019op\u00e9rations Trade Finance de 15 MUSD"},"content":{"rendered":"<p>Ambassade de France &#8211; L\u2019enveloppe de garanties octroy\u00e9e par Proparco porte sur un montant de 15 millions de dollars. Elle permettra \u00e0 la Banque Populaire de Mauritanie de renforcer son activit\u00e9 de financement des importations en Mauritanie et d\u2019accro\u00eetre sa contribution \u00e0 l\u2019approvisionnement du pays.<\/p>\n<p>Ce partenariat conclu entre Proparco et la BPM permet d\u2019accompagner la croissance de la banque mauritanienne en renfor\u00e7ant son programme de Trade Finance, lequel jouit d\u00e9j\u00e0 d\u2019une bonne r\u00e9putation aupr\u00e8s des nombreuses banques correspondantes partenaires de l\u2019institution.<\/p>\n<p>En garantissant \u00e0 hauteur de 15 MUSD les instruments de trade finance \u00e9mis par la BPM, Proparco permet \u00e0 la banque d\u2019accro\u00eetre cette activit\u00e9 et favorise ainsi l&#8217;importation de biens essentiels \u00e0 l\u2019\u00e9conomie du pays, notamment des denr\u00e9es alimentaires agricoles, des mat\u00e9riaux de construction et des \u00e9quipements industriels et m\u00e9dicaux.<\/p>\n<p>\u00ab Cette op\u00e9ration permet d\u2019accompagner la Banque Populaire de Mauritanie sur l\u2019un de ses leviers de croissance significatifs : le trade finance. C\u2019est aussi une activit\u00e9 essentielle pour le pays, puisqu\u2019elle permet d\u2019accroitre le financement des importations dans un contexte de hausse importante des prix des mati\u00e8res premi\u00e8res. \u00bb, indique Sadio Dicko, directeur r\u00e9gional de Proparco en Afrique de l\u2019Ouest.<\/p>\n<p>Pour le directeur international de la BPM, Mohamed Lemine Hamony, \u00ab Cette ligne de garantie va permettre \u00e0 la banque d\u2019accro\u00eetre le volume des financements qu\u2019elle consent \u00e0 sa client\u00e8le d\u2019importateurs, notamment ceux intervenant dans les mati\u00e8res premi\u00e8res et les produits alimentaires, et lui faciliter l\u2019acc\u00e8s \u00e0 de nouveaux correspondants aupr\u00e8s desquels elle n\u2019avait jusqu\u2019ici pas obtenu de lignes de confirmation \u00bb.<\/p>\n<p>Contact presse : Franklin Saint-Yves &#8211; presse@proparco.fr<\/p>\n<p><strong>\u00c0 propos de Proparco<\/strong><\/p>\n<p>Filiale du groupe Agence fran\u00e7aise de d\u00e9veloppement (Groupe AFD) d\u00e9di\u00e9e au secteur priv\u00e9, Proparco intervient depuis plus de 40 ans pour promouvoir un d\u00e9veloppement durable en mati\u00e8re \u00e9conomique, sociale et environnementale. Proparco participe au financement et \u00e0 l\u2019accompagnement d\u2019entreprises et d\u2019\u00e9tablissements financiers en Afrique, en Asie, en Am\u00e9rique latine ou encore au Moyen-Orient. Son action se concentre sur les secteurs cl\u00e9s du d\u00e9veloppement : les infrastructures avec un focus sur les \u00e9nergies renouvelables, l\u2019agro-industrie, les institutions financi\u00e8res, la sant\u00e9, l\u2019\u00e9ducation&#8230;<\/p>\n<p>Ses interventions visent \u00e0 renforcer la contribution des acteurs priv\u00e9s \u00e0 la r\u00e9alisation des Objectifs de d\u00e9veloppement durable (ODD), adopt\u00e9s par la communaut\u00e9 internationale en 2015. Dans ce but, Proparco finance des soci\u00e9t\u00e9s dont l\u2019activit\u00e9 participe \u00e0 la cr\u00e9ation d\u2019emplois et de revenus d\u00e9cents, \u00e0 la fourniture de biens et de services essentiels, ainsi qu\u2019\u00e0 la lutte contre le changement climatique. Pour un monde en commun.<\/p>\n<p>Plus d\u2019informations : www.proparco.fr et @Proparco<\/p>\n<p><strong>\u00c0 propos de la BPM<\/strong><\/p>\n<p>Etablissement financier cr\u00e9\u00e9 en 1998, et transform\u00e9 en banque universelle en 2012, la Banque Populaire de Mauritanie (BPM) est l\u2019une des premi\u00e8res banques, en termes de taille bilancielle et d\u2019effectif de la client\u00e8le. Elle est pr\u00e9sente sur le financement des importations du pays et int\u00e8gre cette activit\u00e9 au c\u0153ur de sa strat\u00e9gie de d\u00e9veloppement.<\/p>\n<p>La BPM poursuit des objectifs parfaitement align\u00e9s \u00e0 cet \u00e9gard sur ceux de PROPARCO et tient une place historiquement importante dans le d\u00e9veloppement des PME, de la digitalisation et de la promotion de l\u2019emploi durable des jeunes en Mauritanie.<\/p>\n","protected":false},"excerpt":{"rendered":"<p>Ambassade de France &#8211; L\u2019enveloppe de garanties octroy\u00e9e par Proparco porte sur un montant de 15 millions de dollars. Elle permettra \u00e0 la Banque Populaire de Mauritanie de renforcer son activit\u00e9 de financement des importations en Mauritanie et d\u2019accro\u00eetre sa contribution \u00e0 l\u2019approvisionnement du pays. Ce partenariat conclu entre Proparco et la BPM permet d\u2019accompagner&#8230;..<\/p>\n","protected":false},"author":5,"featured_media":6791,"comment_status":"open","ping_status":"open","sticky":false,"template":"","format":"standard","meta":{"footnotes":""},"categories":[23,49],"tags":[],"class_list":["post-6790","post","type-post","status-publish","format-standard","has-post-thumbnail","hentry","category-actualite","category-economie"],"yoast_head":"<!-- This site is optimized with the Yoast SEO plugin v27.5 - https:\/\/yoast.com\/product\/yoast-seo-wordpress\/ -->\n<title>Proparco et la Banque Populaire de Mauritanie signent une garantie d\u2019op\u00e9rations Trade Finance de 15 MUSD - Le Quotidien de Nouakchott<\/title>\n<meta name=\"robots\" content=\"index, follow, max-snippet:-1, max-image-preview:large, max-video-preview:-1\" \/>\n<link rel=\"canonical\" href=\"https:\/\/lequotidien.mr\/?p=6790&lang=fr\" \/>\n<meta property=\"og:locale\" content=\"ar_AR\" \/>\n<meta property=\"og:type\" content=\"article\" \/>\n<meta property=\"og:title\" content=\"Proparco et la Banque Populaire de Mauritanie signent une garantie d\u2019op\u00e9rations Trade Finance de 15 MUSD - Le Quotidien de Nouakchott\" \/>\n<meta property=\"og:description\" content=\"Ambassade de France &#8211; L\u2019enveloppe de garanties octroy\u00e9e par Proparco porte sur un montant de 15 millions de dollars. Elle permettra \u00e0 la Banque Populaire de Mauritanie de renforcer son activit\u00e9 de financement des importations en Mauritanie et d\u2019accro\u00eetre sa contribution \u00e0 l\u2019approvisionnement du pays. Ce partenariat conclu entre Proparco et la BPM permet d\u2019accompagner.....\" \/>\n<meta property=\"og:url\" content=\"https:\/\/lequotidien.mr\/?p=6790&amp;lang=fr\" \/>\n<meta property=\"og:site_name\" content=\"Le Quotidien de Nouakchott\" \/>\n<meta property=\"article:publisher\" content=\"https:\/\/web.facebook.com\/lequotidienmr\" \/>\n<meta property=\"article:published_time\" content=\"2023-03-30T22:11:31+00:00\" \/>\n<meta property=\"og:image\" content=\"https:\/\/lequotidien.mr\/wp-content\/uploads\/2023\/03\/5231028225451955343.jpg\" \/>\n\t<meta property=\"og:image:width\" content=\"680\" \/>\n\t<meta property=\"og:image:height\" content=\"454\" \/>\n\t<meta property=\"og:image:type\" content=\"image\/jpeg\" \/>\n<meta name=\"author\" content=\"Gayi Diawara\" \/>\n<meta name=\"twitter:card\" content=\"summary_large_image\" \/>\n<meta name=\"twitter:creator\" content=\"@lequotidienmr\" \/>\n<meta name=\"twitter:site\" content=\"@lequotidienmr\" \/>\n<meta name=\"twitter:label1\" content=\"\u0643\u064f\u062a\u0628 \u0628\u0648\u0627\u0633\u0637\u0629\" \/>\n\t<meta name=\"twitter:data1\" content=\"Gayi Diawara\" \/>\n\t<meta name=\"twitter:label2\" content=\"\u0648\u0642\u062a \u0627\u0644\u0642\u0631\u0627\u0621\u0629 \u0627\u0644\u0645\u064f\u0642\u062f\u0651\u0631\" \/>\n\t<meta name=\"twitter:data2\" content=\"3 \u062f\u0642\u0627\u0626\u0642\" \/>\n<script type=\"application\/ld+json\" class=\"yoast-schema-graph\">{\"@context\":\"https:\\\/\\\/schema.org\",\"@graph\":[{\"@type\":\"Article\",\"@id\":\"https:\\\/\\\/lequotidien.mr\\\/?p=6790&lang=fr#article\",\"isPartOf\":{\"@id\":\"https:\\\/\\\/lequotidien.mr\\\/?p=6790&lang=fr\"},\"author\":{\"name\":\"Gayi Diawara\",\"@id\":\"https:\\\/\\\/lequotidien.mr\\\/#\\\/schema\\\/person\\\/1077c8abd5640a6514b909318d271dee\"},\"headline\":\"Proparco et la Banque Populaire de Mauritanie signent une garantie d\u2019op\u00e9rations Trade Finance de 15 MUSD\",\"datePublished\":\"2023-03-30T22:11:31+00:00\",\"mainEntityOfPage\":{\"@id\":\"https:\\\/\\\/lequotidien.mr\\\/?p=6790&lang=fr\"},\"wordCount\":585,\"commentCount\":0,\"publisher\":{\"@id\":\"https:\\\/\\\/lequotidien.mr\\\/#organization\"},\"image\":{\"@id\":\"https:\\\/\\\/lequotidien.mr\\\/?p=6790&lang=fr#primaryimage\"},\"thumbnailUrl\":\"https:\\\/\\\/lequotidien.mr\\\/wp-content\\\/uploads\\\/2023\\\/03\\\/5231028225451955343.jpg\",\"articleSection\":[\"ACTUALIT\u00c9\",\"Economie\"],\"inLanguage\":\"ar\",\"potentialAction\":[{\"@type\":\"CommentAction\",\"name\":\"Comment\",\"target\":[\"https:\\\/\\\/lequotidien.mr\\\/?p=6790&lang=fr#respond\"]}]},{\"@type\":\"WebPage\",\"@id\":\"https:\\\/\\\/lequotidien.mr\\\/?p=6790&lang=fr\",\"url\":\"https:\\\/\\\/lequotidien.mr\\\/?p=6790&lang=fr\",\"name\":\"Proparco et la Banque Populaire de Mauritanie signent une garantie d\u2019op\u00e9rations Trade Finance de 15 MUSD - Le Quotidien de Nouakchott\",\"isPartOf\":{\"@id\":\"https:\\\/\\\/lequotidien.mr\\\/#website\"},\"primaryImageOfPage\":{\"@id\":\"https:\\\/\\\/lequotidien.mr\\\/?p=6790&lang=fr#primaryimage\"},\"image\":{\"@id\":\"https:\\\/\\\/lequotidien.mr\\\/?p=6790&lang=fr#primaryimage\"},\"thumbnailUrl\":\"https:\\\/\\\/lequotidien.mr\\\/wp-content\\\/uploads\\\/2023\\\/03\\\/5231028225451955343.jpg\",\"datePublished\":\"2023-03-30T22:11:31+00:00\",\"breadcrumb\":{\"@id\":\"https:\\\/\\\/lequotidien.mr\\\/?p=6790&lang=fr#breadcrumb\"},\"inLanguage\":\"ar\",\"potentialAction\":[{\"@type\":\"ReadAction\",\"target\":[\"https:\\\/\\\/lequotidien.mr\\\/?p=6790&lang=fr\"]}]},{\"@type\":\"ImageObject\",\"inLanguage\":\"ar\",\"@id\":\"https:\\\/\\\/lequotidien.mr\\\/?p=6790&lang=fr#primaryimage\",\"url\":\"https:\\\/\\\/lequotidien.mr\\\/wp-content\\\/uploads\\\/2023\\\/03\\\/5231028225451955343.jpg\",\"contentUrl\":\"https:\\\/\\\/lequotidien.mr\\\/wp-content\\\/uploads\\\/2023\\\/03\\\/5231028225451955343.jpg\",\"width\":680,\"height\":454},{\"@type\":\"BreadcrumbList\",\"@id\":\"https:\\\/\\\/lequotidien.mr\\\/?p=6790&lang=fr#breadcrumb\",\"itemListElement\":[{\"@type\":\"ListItem\",\"position\":1,\"name\":\"Home\",\"item\":\"https:\\\/\\\/lequotidien.mr\\\/\"},{\"@type\":\"ListItem\",\"position\":2,\"name\":\"Proparco et la Banque Populaire de Mauritanie signent une garantie d\u2019op\u00e9rations Trade Finance de 15 MUSD\"}]},{\"@type\":\"WebSite\",\"@id\":\"https:\\\/\\\/lequotidien.mr\\\/#website\",\"url\":\"https:\\\/\\\/lequotidien.mr\\\/\",\"name\":\"Le Quotidien de Nouakchott\",\"description\":\"\u0625\u062e\u0628\u0627\u0631\u064a\u0629 \u0645\u0633\u062a\u0642\u0644\u0629 \u0644\u0644\u0623\u0646\u0628\u0627\u0621 \u0627\u0644\u0639\u0627\u0645\u0629\",\"publisher\":{\"@id\":\"https:\\\/\\\/lequotidien.mr\\\/#organization\"},\"potentialAction\":[{\"@type\":\"SearchAction\",\"target\":{\"@type\":\"EntryPoint\",\"urlTemplate\":\"https:\\\/\\\/lequotidien.mr\\\/?s={search_term_string}\"},\"query-input\":{\"@type\":\"PropertyValueSpecification\",\"valueRequired\":true,\"valueName\":\"search_term_string\"}}],\"inLanguage\":\"ar\"},{\"@type\":\"Organization\",\"@id\":\"https:\\\/\\\/lequotidien.mr\\\/#organization\",\"name\":\"Le Quotidien de Nouakchott\",\"url\":\"https:\\\/\\\/lequotidien.mr\\\/\",\"logo\":{\"@type\":\"ImageObject\",\"inLanguage\":\"ar\",\"@id\":\"https:\\\/\\\/lequotidien.mr\\\/#\\\/schema\\\/logo\\\/image\\\/\",\"url\":\"https:\\\/\\\/lequotidien.mr\\\/wp-content\\\/uploads\\\/2022\\\/11\\\/logolequotidien.jpg\",\"contentUrl\":\"https:\\\/\\\/lequotidien.mr\\\/wp-content\\\/uploads\\\/2022\\\/11\\\/logolequotidien.jpg\",\"width\":290,\"height\":65,\"caption\":\"Le Quotidien de Nouakchott\"},\"image\":{\"@id\":\"https:\\\/\\\/lequotidien.mr\\\/#\\\/schema\\\/logo\\\/image\\\/\"},\"sameAs\":[\"https:\\\/\\\/web.facebook.com\\\/lequotidienmr\",\"https:\\\/\\\/x.com\\\/lequotidienmr\"]},{\"@type\":\"Person\",\"@id\":\"https:\\\/\\\/lequotidien.mr\\\/#\\\/schema\\\/person\\\/1077c8abd5640a6514b909318d271dee\",\"name\":\"Gayi Diawara\",\"image\":{\"@type\":\"ImageObject\",\"inLanguage\":\"ar\",\"@id\":\"https:\\\/\\\/secure.gravatar.com\\\/avatar\\\/63ea8db1e19a6d2d608b24c0f78b5f3a7d6e0bc11959fec273410af333e4d0ac?s=96&d=mm&r=g\",\"url\":\"https:\\\/\\\/secure.gravatar.com\\\/avatar\\\/63ea8db1e19a6d2d608b24c0f78b5f3a7d6e0bc11959fec273410af333e4d0ac?s=96&d=mm&r=g\",\"contentUrl\":\"https:\\\/\\\/secure.gravatar.com\\\/avatar\\\/63ea8db1e19a6d2d608b24c0f78b5f3a7d6e0bc11959fec273410af333e4d0ac?s=96&d=mm&r=g\",\"caption\":\"Gayi Diawara\"},\"sameAs\":[\"http:\\\/\\\/lequotidien.mr\"],\"url\":\"https:\\\/\\\/lequotidien.mr\\\/?author=5\"}]}<\/script>\n<!-- \/ Yoast SEO plugin. -->","yoast_head_json":{"title":"Proparco et la Banque Populaire de Mauritanie signent une garantie d\u2019op\u00e9rations Trade Finance de 15 MUSD - Le Quotidien de Nouakchott","robots":{"index":"index","follow":"follow","max-snippet":"max-snippet:-1","max-image-preview":"max-image-preview:large","max-video-preview":"max-video-preview:-1"},"canonical":"https:\/\/lequotidien.mr\/?p=6790&lang=fr","og_locale":"ar_AR","og_type":"article","og_title":"Proparco et la Banque Populaire de Mauritanie signent une garantie d\u2019op\u00e9rations Trade Finance de 15 MUSD - Le Quotidien de Nouakchott","og_description":"Ambassade de France &#8211; L\u2019enveloppe de garanties octroy\u00e9e par Proparco porte sur un montant de 15 millions de dollars. Elle permettra \u00e0 la Banque Populaire de Mauritanie de renforcer son activit\u00e9 de financement des importations en Mauritanie et d\u2019accro\u00eetre sa contribution \u00e0 l\u2019approvisionnement du pays. Ce partenariat conclu entre Proparco et la BPM permet d\u2019accompagner.....","og_url":"https:\/\/lequotidien.mr\/?p=6790&lang=fr","og_site_name":"Le Quotidien de Nouakchott","article_publisher":"https:\/\/web.facebook.com\/lequotidienmr","article_published_time":"2023-03-30T22:11:31+00:00","og_image":[{"width":680,"height":454,"url":"https:\/\/lequotidien.mr\/wp-content\/uploads\/2023\/03\/5231028225451955343.jpg","type":"image\/jpeg"}],"author":"Gayi Diawara","twitter_card":"summary_large_image","twitter_creator":"@lequotidienmr","twitter_site":"@lequotidienmr","twitter_misc":{"\u0643\u064f\u062a\u0628 \u0628\u0648\u0627\u0633\u0637\u0629":"Gayi Diawara","\u0648\u0642\u062a \u0627\u0644\u0642\u0631\u0627\u0621\u0629 \u0627\u0644\u0645\u064f\u0642\u062f\u0651\u0631":"3 \u062f\u0642\u0627\u0626\u0642"},"schema":{"@context":"https:\/\/schema.org","@graph":[{"@type":"Article","@id":"https:\/\/lequotidien.mr\/?p=6790&lang=fr#article","isPartOf":{"@id":"https:\/\/lequotidien.mr\/?p=6790&lang=fr"},"author":{"name":"Gayi Diawara","@id":"https:\/\/lequotidien.mr\/#\/schema\/person\/1077c8abd5640a6514b909318d271dee"},"headline":"Proparco et la Banque Populaire de Mauritanie signent une garantie d\u2019op\u00e9rations Trade Finance de 15 MUSD","datePublished":"2023-03-30T22:11:31+00:00","mainEntityOfPage":{"@id":"https:\/\/lequotidien.mr\/?p=6790&lang=fr"},"wordCount":585,"commentCount":0,"publisher":{"@id":"https:\/\/lequotidien.mr\/#organization"},"image":{"@id":"https:\/\/lequotidien.mr\/?p=6790&lang=fr#primaryimage"},"thumbnailUrl":"https:\/\/lequotidien.mr\/wp-content\/uploads\/2023\/03\/5231028225451955343.jpg","articleSection":["ACTUALIT\u00c9","Economie"],"inLanguage":"ar","potentialAction":[{"@type":"CommentAction","name":"Comment","target":["https:\/\/lequotidien.mr\/?p=6790&lang=fr#respond"]}]},{"@type":"WebPage","@id":"https:\/\/lequotidien.mr\/?p=6790&lang=fr","url":"https:\/\/lequotidien.mr\/?p=6790&lang=fr","name":"Proparco et la Banque Populaire de Mauritanie signent une garantie d\u2019op\u00e9rations Trade Finance de 15 MUSD - Le Quotidien de Nouakchott","isPartOf":{"@id":"https:\/\/lequotidien.mr\/#website"},"primaryImageOfPage":{"@id":"https:\/\/lequotidien.mr\/?p=6790&lang=fr#primaryimage"},"image":{"@id":"https:\/\/lequotidien.mr\/?p=6790&lang=fr#primaryimage"},"thumbnailUrl":"https:\/\/lequotidien.mr\/wp-content\/uploads\/2023\/03\/5231028225451955343.jpg","datePublished":"2023-03-30T22:11:31+00:00","breadcrumb":{"@id":"https:\/\/lequotidien.mr\/?p=6790&lang=fr#breadcrumb"},"inLanguage":"ar","potentialAction":[{"@type":"ReadAction","target":["https:\/\/lequotidien.mr\/?p=6790&lang=fr"]}]},{"@type":"ImageObject","inLanguage":"ar","@id":"https:\/\/lequotidien.mr\/?p=6790&lang=fr#primaryimage","url":"https:\/\/lequotidien.mr\/wp-content\/uploads\/2023\/03\/5231028225451955343.jpg","contentUrl":"https:\/\/lequotidien.mr\/wp-content\/uploads\/2023\/03\/5231028225451955343.jpg","width":680,"height":454},{"@type":"BreadcrumbList","@id":"https:\/\/lequotidien.mr\/?p=6790&lang=fr#breadcrumb","itemListElement":[{"@type":"ListItem","position":1,"name":"Home","item":"https:\/\/lequotidien.mr\/"},{"@type":"ListItem","position":2,"name":"Proparco et la Banque Populaire de Mauritanie signent une garantie d\u2019op\u00e9rations Trade Finance de 15 MUSD"}]},{"@type":"WebSite","@id":"https:\/\/lequotidien.mr\/#website","url":"https:\/\/lequotidien.mr\/","name":"Le Quotidien de Nouakchott","description":"\u0625\u062e\u0628\u0627\u0631\u064a\u0629 \u0645\u0633\u062a\u0642\u0644\u0629 \u0644\u0644\u0623\u0646\u0628\u0627\u0621 \u0627\u0644\u0639\u0627\u0645\u0629","publisher":{"@id":"https:\/\/lequotidien.mr\/#organization"},"potentialAction":[{"@type":"SearchAction","target":{"@type":"EntryPoint","urlTemplate":"https:\/\/lequotidien.mr\/?s={search_term_string}"},"query-input":{"@type":"PropertyValueSpecification","valueRequired":true,"valueName":"search_term_string"}}],"inLanguage":"ar"},{"@type":"Organization","@id":"https:\/\/lequotidien.mr\/#organization","name":"Le Quotidien de Nouakchott","url":"https:\/\/lequotidien.mr\/","logo":{"@type":"ImageObject","inLanguage":"ar","@id":"https:\/\/lequotidien.mr\/#\/schema\/logo\/image\/","url":"https:\/\/lequotidien.mr\/wp-content\/uploads\/2022\/11\/logolequotidien.jpg","contentUrl":"https:\/\/lequotidien.mr\/wp-content\/uploads\/2022\/11\/logolequotidien.jpg","width":290,"height":65,"caption":"Le Quotidien de Nouakchott"},"image":{"@id":"https:\/\/lequotidien.mr\/#\/schema\/logo\/image\/"},"sameAs":["https:\/\/web.facebook.com\/lequotidienmr","https:\/\/x.com\/lequotidienmr"]},{"@type":"Person","@id":"https:\/\/lequotidien.mr\/#\/schema\/person\/1077c8abd5640a6514b909318d271dee","name":"Gayi Diawara","image":{"@type":"ImageObject","inLanguage":"ar","@id":"https:\/\/secure.gravatar.com\/avatar\/63ea8db1e19a6d2d608b24c0f78b5f3a7d6e0bc11959fec273410af333e4d0ac?s=96&d=mm&r=g","url":"https:\/\/secure.gravatar.com\/avatar\/63ea8db1e19a6d2d608b24c0f78b5f3a7d6e0bc11959fec273410af333e4d0ac?s=96&d=mm&r=g","contentUrl":"https:\/\/secure.gravatar.com\/avatar\/63ea8db1e19a6d2d608b24c0f78b5f3a7d6e0bc11959fec273410af333e4d0ac?s=96&d=mm&r=g","caption":"Gayi Diawara"},"sameAs":["http:\/\/lequotidien.mr"],"url":"https:\/\/lequotidien.mr\/?author=5"}]}},"_links":{"self":[{"href":"https:\/\/lequotidien.mr\/index.php?rest_route=\/wp\/v2\/posts\/6790","targetHints":{"allow":["GET"]}}],"collection":[{"href":"https:\/\/lequotidien.mr\/index.php?rest_route=\/wp\/v2\/posts"}],"about":[{"href":"https:\/\/lequotidien.mr\/index.php?rest_route=\/wp\/v2\/types\/post"}],"author":[{"embeddable":true,"href":"https:\/\/lequotidien.mr\/index.php?rest_route=\/wp\/v2\/users\/5"}],"replies":[{"embeddable":true,"href":"https:\/\/lequotidien.mr\/index.php?rest_route=%2Fwp%2Fv2%2Fcomments&post=6790"}],"version-history":[{"count":1,"href":"https:\/\/lequotidien.mr\/index.php?rest_route=\/wp\/v2\/posts\/6790\/revisions"}],"predecessor-version":[{"id":6792,"href":"https:\/\/lequotidien.mr\/index.php?rest_route=\/wp\/v2\/posts\/6790\/revisions\/6792"}],"wp:featuredmedia":[{"embeddable":true,"href":"https:\/\/lequotidien.mr\/index.php?rest_route=\/wp\/v2\/media\/6791"}],"wp:attachment":[{"href":"https:\/\/lequotidien.mr\/index.php?rest_route=%2Fwp%2Fv2%2Fmedia&parent=6790"}],"wp:term":[{"taxonomy":"category","embeddable":true,"href":"https:\/\/lequotidien.mr\/index.php?rest_route=%2Fwp%2Fv2%2Fcategories&post=6790"},{"taxonomy":"post_tag","embeddable":true,"href":"https:\/\/lequotidien.mr\/index.php?rest_route=%2Fwp%2Fv2%2Ftags&post=6790"}],"curies":[{"name":"wp","href":"https:\/\/api.w.org\/{rel}","templated":true}]}}