{"id":6747,"date":"2023-03-29T23:48:40","date_gmt":"2023-03-29T23:48:40","guid":{"rendered":"https:\/\/lequotidien.mr\/?p=6747"},"modified":"2023-03-29T23:48:40","modified_gmt":"2023-03-29T23:48:40","slug":"le-president-du-patronat-mauritanien-sentretient-avec-le-premier-ministre-marocain","status":"publish","type":"post","link":"https:\/\/lequotidien.mr\/?p=6747&lang=fr","title":{"rendered":"Le pr\u00e9sident du Patronat mauritanien s\u2019entretient avec le Premier ministre marocain"},"content":{"rendered":"<p>AMI &#8211; Le Pr\u00e9sident de l\u2019Union, Nationale du Patronat Mauritanien (UNPM), M. Mohamed Zeine El Abidine Cheikh Ahmed, s\u2019est entretenu mercredi, \u00e0 Casablanca au Maroc, avec le Premier marocain M. Aziz Akhannouch.<\/p>\n<p>Les \u00e9changes entre les deux hommes interviennent, dans le cadre de la pr\u00e9sence du Pr\u00e9sident du Patronat en tant qu\u2019invit\u00e9 d\u2019honneur des manifestations de la premi\u00e8re \u00e9dition de la Journ\u00e9e Nationale de l\u2019Industrie au Maroc, organis\u00e9e sous la tutelle du Souverain marocain Sa Majest\u00e9 le Roi Mohamed VI, dont les travaux ont d\u00e9but\u00e9 aujourd\u2019hui.<\/p>\n<p>La rencontre a \u00e9t\u00e9 l\u2019occasion d\u2019informer le chef du gouvernement marocain de la solidit\u00e9 des relations existantes entre les secteurs priv\u00e9s mauritanien et marocain, et sur l\u2019importance du renforcement des transactions commerciales et des \u00e9changes de visites entre les acteurs \u00e9conomiques priv\u00e9s des deux pays.<\/p>\n<p>Ces discussions ont \u00e9galement abord\u00e9 certains des obstacles rencontr\u00e9s par les investisseurs mauritaniens au Maroc.<\/p>\n<p>Le Premier ministre marocain a assur\u00e9 \u00e0 ce propos, qu\u2019il \u0153uvrera \u00e0 trouver des solutions appropri\u00e9es \u00e0 tous les probl\u00e8mes soulev\u00e9s qui entravent la fluidit\u00e9 des relations commerciales et des \u00e9changes entre les secteurs priv\u00e9s des deux pays fr\u00e8res.<\/p>\n<p>M. Ould Cheikh Ahmed a rencontr\u00e9 aussi le ministre marocain de l\u2019Industrie et du Commerce, M. Riad Mazour avec lequel il s\u2019est concert\u00e9 sur les liens commerciaux et les \u00e9changes entre les acteurs \u00e9conomiques des deux pays et les moyens de les renforcer.<\/p>\n<p>Le pr\u00e9sident de l\u2019UNPM a particip\u00e9 aux c\u00f4t\u00e9s du pr\u00e9sident de la Conf\u00e9d\u00e9ration g\u00e9n\u00e9rale des entreprises du Maroc (CGEM) aux activit\u00e9s de cette journ\u00e9e, en tant qu\u2019invit\u00e9 d\u2019honneur, \u00e0 l\u2019invitation du Pr\u00e9sident de la Conf\u00e9d\u00e9ration.<\/p>\n<p>Cette journ\u00e9e, supervis\u00e9e par le Premier ministre marocain, M. Aziz Akhannouch, a \u00e9t\u00e9 marqu\u00e9e par la participation de nombreux secteurs gouvernementaux, institutions, f\u00e9d\u00e9rations professionnelles et acteurs \u00e9conomiques priv\u00e9s.<\/p>\n","protected":false},"excerpt":{"rendered":"<p>AMI &#8211; Le Pr\u00e9sident de l\u2019Union, Nationale du Patronat Mauritanien (UNPM), M. Mohamed Zeine El Abidine Cheikh Ahmed, s\u2019est entretenu mercredi, \u00e0 Casablanca au Maroc, avec le Premier marocain M. Aziz Akhannouch. Les \u00e9changes entre les deux hommes interviennent, dans le cadre de la pr\u00e9sence du Pr\u00e9sident du Patronat en tant qu\u2019invit\u00e9 d\u2019honneur des manifestations&#8230;..<\/p>\n","protected":false},"author":5,"featured_media":6748,"comment_status":"open","ping_status":"open","sticky":false,"template":"","format":"standard","meta":{"footnotes":""},"categories":[23,49],"tags":[],"class_list":["post-6747","post","type-post","status-publish","format-standard","has-post-thumbnail","hentry","category-actualite","category-economie"],"yoast_head":"<!-- This site is optimized with the Yoast SEO plugin v27.5 - https:\/\/yoast.com\/product\/yoast-seo-wordpress\/ -->\n<title>Le pr\u00e9sident du Patronat mauritanien s\u2019entretient avec le Premier ministre marocain - Le Quotidien de Nouakchott<\/title>\n<meta name=\"robots\" content=\"index, follow, max-snippet:-1, max-image-preview:large, max-video-preview:-1\" \/>\n<link rel=\"canonical\" href=\"https:\/\/lequotidien.mr\/?p=6747&lang=fr\" \/>\n<meta property=\"og:locale\" content=\"ar_AR\" \/>\n<meta property=\"og:type\" content=\"article\" \/>\n<meta property=\"og:title\" content=\"Le pr\u00e9sident du Patronat mauritanien s\u2019entretient avec le Premier ministre marocain - Le Quotidien de Nouakchott\" \/>\n<meta property=\"og:description\" content=\"AMI &#8211; Le Pr\u00e9sident de l\u2019Union, Nationale du Patronat Mauritanien (UNPM), M. Mohamed Zeine El Abidine Cheikh Ahmed, s\u2019est entretenu mercredi, \u00e0 Casablanca au Maroc, avec le Premier marocain M. Aziz Akhannouch. Les \u00e9changes entre les deux hommes interviennent, dans le cadre de la pr\u00e9sence du Pr\u00e9sident du Patronat en tant qu\u2019invit\u00e9 d\u2019honneur des manifestations.....\" \/>\n<meta property=\"og:url\" content=\"https:\/\/lequotidien.mr\/?p=6747&amp;lang=fr\" \/>\n<meta property=\"og:site_name\" content=\"Le Quotidien de Nouakchott\" \/>\n<meta property=\"article:publisher\" content=\"https:\/\/web.facebook.com\/lequotidienmr\" \/>\n<meta property=\"article:published_time\" content=\"2023-03-29T23:48:40+00:00\" \/>\n<meta property=\"og:image\" content=\"https:\/\/lequotidien.mr\/wp-content\/uploads\/2023\/03\/zeine_abidine_akhanouch0.jpg\" \/>\n\t<meta property=\"og:image:width\" content=\"572\" \/>\n\t<meta property=\"og:image:height\" content=\"430\" \/>\n\t<meta property=\"og:image:type\" content=\"image\/jpeg\" \/>\n<meta name=\"author\" content=\"Gayi Diawara\" \/>\n<meta name=\"twitter:card\" content=\"summary_large_image\" \/>\n<meta name=\"twitter:creator\" content=\"@lequotidienmr\" \/>\n<meta name=\"twitter:site\" content=\"@lequotidienmr\" \/>\n<meta name=\"twitter:label1\" content=\"\u0643\u064f\u062a\u0628 \u0628\u0648\u0627\u0633\u0637\u0629\" \/>\n\t<meta name=\"twitter:data1\" content=\"Gayi Diawara\" \/>\n\t<meta name=\"twitter:label2\" content=\"\u0648\u0642\u062a \u0627\u0644\u0642\u0631\u0627\u0621\u0629 \u0627\u0644\u0645\u064f\u0642\u062f\u0651\u0631\" \/>\n\t<meta name=\"twitter:data2\" content=\"\u062f\u0642\u064a\u0642\u062a\u0627\u0646\" \/>\n<script type=\"application\/ld+json\" class=\"yoast-schema-graph\">{\"@context\":\"https:\\\/\\\/schema.org\",\"@graph\":[{\"@type\":\"Article\",\"@id\":\"https:\\\/\\\/lequotidien.mr\\\/?p=6747&lang=fr#article\",\"isPartOf\":{\"@id\":\"https:\\\/\\\/lequotidien.mr\\\/?p=6747&lang=fr\"},\"author\":{\"name\":\"Gayi Diawara\",\"@id\":\"https:\\\/\\\/lequotidien.mr\\\/#\\\/schema\\\/person\\\/1077c8abd5640a6514b909318d271dee\"},\"headline\":\"Le pr\u00e9sident du Patronat mauritanien s\u2019entretient avec le Premier ministre marocain\",\"datePublished\":\"2023-03-29T23:48:40+00:00\",\"mainEntityOfPage\":{\"@id\":\"https:\\\/\\\/lequotidien.mr\\\/?p=6747&lang=fr\"},\"wordCount\":349,\"commentCount\":0,\"publisher\":{\"@id\":\"https:\\\/\\\/lequotidien.mr\\\/#organization\"},\"image\":{\"@id\":\"https:\\\/\\\/lequotidien.mr\\\/?p=6747&lang=fr#primaryimage\"},\"thumbnailUrl\":\"https:\\\/\\\/lequotidien.mr\\\/wp-content\\\/uploads\\\/2023\\\/03\\\/zeine_abidine_akhanouch0.jpg\",\"articleSection\":[\"ACTUALIT\u00c9\",\"Economie\"],\"inLanguage\":\"ar\",\"potentialAction\":[{\"@type\":\"CommentAction\",\"name\":\"Comment\",\"target\":[\"https:\\\/\\\/lequotidien.mr\\\/?p=6747&lang=fr#respond\"]}]},{\"@type\":\"WebPage\",\"@id\":\"https:\\\/\\\/lequotidien.mr\\\/?p=6747&lang=fr\",\"url\":\"https:\\\/\\\/lequotidien.mr\\\/?p=6747&lang=fr\",\"name\":\"Le pr\u00e9sident du Patronat mauritanien s\u2019entretient avec le Premier ministre marocain - Le Quotidien de Nouakchott\",\"isPartOf\":{\"@id\":\"https:\\\/\\\/lequotidien.mr\\\/#website\"},\"primaryImageOfPage\":{\"@id\":\"https:\\\/\\\/lequotidien.mr\\\/?p=6747&lang=fr#primaryimage\"},\"image\":{\"@id\":\"https:\\\/\\\/lequotidien.mr\\\/?p=6747&lang=fr#primaryimage\"},\"thumbnailUrl\":\"https:\\\/\\\/lequotidien.mr\\\/wp-content\\\/uploads\\\/2023\\\/03\\\/zeine_abidine_akhanouch0.jpg\",\"datePublished\":\"2023-03-29T23:48:40+00:00\",\"breadcrumb\":{\"@id\":\"https:\\\/\\\/lequotidien.mr\\\/?p=6747&lang=fr#breadcrumb\"},\"inLanguage\":\"ar\",\"potentialAction\":[{\"@type\":\"ReadAction\",\"target\":[\"https:\\\/\\\/lequotidien.mr\\\/?p=6747&lang=fr\"]}]},{\"@type\":\"ImageObject\",\"inLanguage\":\"ar\",\"@id\":\"https:\\\/\\\/lequotidien.mr\\\/?p=6747&lang=fr#primaryimage\",\"url\":\"https:\\\/\\\/lequotidien.mr\\\/wp-content\\\/uploads\\\/2023\\\/03\\\/zeine_abidine_akhanouch0.jpg\",\"contentUrl\":\"https:\\\/\\\/lequotidien.mr\\\/wp-content\\\/uploads\\\/2023\\\/03\\\/zeine_abidine_akhanouch0.jpg\",\"width\":572,\"height\":430},{\"@type\":\"BreadcrumbList\",\"@id\":\"https:\\\/\\\/lequotidien.mr\\\/?p=6747&lang=fr#breadcrumb\",\"itemListElement\":[{\"@type\":\"ListItem\",\"position\":1,\"name\":\"Home\",\"item\":\"https:\\\/\\\/lequotidien.mr\\\/\"},{\"@type\":\"ListItem\",\"position\":2,\"name\":\"Le pr\u00e9sident du Patronat mauritanien s\u2019entretient avec le Premier ministre marocain\"}]},{\"@type\":\"WebSite\",\"@id\":\"https:\\\/\\\/lequotidien.mr\\\/#website\",\"url\":\"https:\\\/\\\/lequotidien.mr\\\/\",\"name\":\"Le Quotidien de Nouakchott\",\"description\":\"\u0625\u062e\u0628\u0627\u0631\u064a\u0629 \u0645\u0633\u062a\u0642\u0644\u0629 \u0644\u0644\u0623\u0646\u0628\u0627\u0621 \u0627\u0644\u0639\u0627\u0645\u0629\",\"publisher\":{\"@id\":\"https:\\\/\\\/lequotidien.mr\\\/#organization\"},\"potentialAction\":[{\"@type\":\"SearchAction\",\"target\":{\"@type\":\"EntryPoint\",\"urlTemplate\":\"https:\\\/\\\/lequotidien.mr\\\/?s={search_term_string}\"},\"query-input\":{\"@type\":\"PropertyValueSpecification\",\"valueRequired\":true,\"valueName\":\"search_term_string\"}}],\"inLanguage\":\"ar\"},{\"@type\":\"Organization\",\"@id\":\"https:\\\/\\\/lequotidien.mr\\\/#organization\",\"name\":\"Le Quotidien de Nouakchott\",\"url\":\"https:\\\/\\\/lequotidien.mr\\\/\",\"logo\":{\"@type\":\"ImageObject\",\"inLanguage\":\"ar\",\"@id\":\"https:\\\/\\\/lequotidien.mr\\\/#\\\/schema\\\/logo\\\/image\\\/\",\"url\":\"https:\\\/\\\/lequotidien.mr\\\/wp-content\\\/uploads\\\/2022\\\/11\\\/logolequotidien.jpg\",\"contentUrl\":\"https:\\\/\\\/lequotidien.mr\\\/wp-content\\\/uploads\\\/2022\\\/11\\\/logolequotidien.jpg\",\"width\":290,\"height\":65,\"caption\":\"Le Quotidien de Nouakchott\"},\"image\":{\"@id\":\"https:\\\/\\\/lequotidien.mr\\\/#\\\/schema\\\/logo\\\/image\\\/\"},\"sameAs\":[\"https:\\\/\\\/web.facebook.com\\\/lequotidienmr\",\"https:\\\/\\\/x.com\\\/lequotidienmr\"]},{\"@type\":\"Person\",\"@id\":\"https:\\\/\\\/lequotidien.mr\\\/#\\\/schema\\\/person\\\/1077c8abd5640a6514b909318d271dee\",\"name\":\"Gayi Diawara\",\"image\":{\"@type\":\"ImageObject\",\"inLanguage\":\"ar\",\"@id\":\"https:\\\/\\\/secure.gravatar.com\\\/avatar\\\/63ea8db1e19a6d2d608b24c0f78b5f3a7d6e0bc11959fec273410af333e4d0ac?s=96&d=mm&r=g\",\"url\":\"https:\\\/\\\/secure.gravatar.com\\\/avatar\\\/63ea8db1e19a6d2d608b24c0f78b5f3a7d6e0bc11959fec273410af333e4d0ac?s=96&d=mm&r=g\",\"contentUrl\":\"https:\\\/\\\/secure.gravatar.com\\\/avatar\\\/63ea8db1e19a6d2d608b24c0f78b5f3a7d6e0bc11959fec273410af333e4d0ac?s=96&d=mm&r=g\",\"caption\":\"Gayi Diawara\"},\"sameAs\":[\"http:\\\/\\\/lequotidien.mr\"],\"url\":\"https:\\\/\\\/lequotidien.mr\\\/?author=5\"}]}<\/script>\n<!-- \/ Yoast SEO plugin. -->","yoast_head_json":{"title":"Le pr\u00e9sident du Patronat mauritanien s\u2019entretient avec le Premier ministre marocain - Le Quotidien de Nouakchott","robots":{"index":"index","follow":"follow","max-snippet":"max-snippet:-1","max-image-preview":"max-image-preview:large","max-video-preview":"max-video-preview:-1"},"canonical":"https:\/\/lequotidien.mr\/?p=6747&lang=fr","og_locale":"ar_AR","og_type":"article","og_title":"Le pr\u00e9sident du Patronat mauritanien s\u2019entretient avec le Premier ministre marocain - Le Quotidien de Nouakchott","og_description":"AMI &#8211; Le Pr\u00e9sident de l\u2019Union, Nationale du Patronat Mauritanien (UNPM), M. Mohamed Zeine El Abidine Cheikh Ahmed, s\u2019est entretenu mercredi, \u00e0 Casablanca au Maroc, avec le Premier marocain M. Aziz Akhannouch. Les \u00e9changes entre les deux hommes interviennent, dans le cadre de la pr\u00e9sence du Pr\u00e9sident du Patronat en tant qu\u2019invit\u00e9 d\u2019honneur des manifestations.....","og_url":"https:\/\/lequotidien.mr\/?p=6747&lang=fr","og_site_name":"Le Quotidien de Nouakchott","article_publisher":"https:\/\/web.facebook.com\/lequotidienmr","article_published_time":"2023-03-29T23:48:40+00:00","og_image":[{"width":572,"height":430,"url":"https:\/\/lequotidien.mr\/wp-content\/uploads\/2023\/03\/zeine_abidine_akhanouch0.jpg","type":"image\/jpeg"}],"author":"Gayi Diawara","twitter_card":"summary_large_image","twitter_creator":"@lequotidienmr","twitter_site":"@lequotidienmr","twitter_misc":{"\u0643\u064f\u062a\u0628 \u0628\u0648\u0627\u0633\u0637\u0629":"Gayi Diawara","\u0648\u0642\u062a \u0627\u0644\u0642\u0631\u0627\u0621\u0629 \u0627\u0644\u0645\u064f\u0642\u062f\u0651\u0631":"\u062f\u0642\u064a\u0642\u062a\u0627\u0646"},"schema":{"@context":"https:\/\/schema.org","@graph":[{"@type":"Article","@id":"https:\/\/lequotidien.mr\/?p=6747&lang=fr#article","isPartOf":{"@id":"https:\/\/lequotidien.mr\/?p=6747&lang=fr"},"author":{"name":"Gayi Diawara","@id":"https:\/\/lequotidien.mr\/#\/schema\/person\/1077c8abd5640a6514b909318d271dee"},"headline":"Le pr\u00e9sident du Patronat mauritanien s\u2019entretient avec le Premier ministre marocain","datePublished":"2023-03-29T23:48:40+00:00","mainEntityOfPage":{"@id":"https:\/\/lequotidien.mr\/?p=6747&lang=fr"},"wordCount":349,"commentCount":0,"publisher":{"@id":"https:\/\/lequotidien.mr\/#organization"},"image":{"@id":"https:\/\/lequotidien.mr\/?p=6747&lang=fr#primaryimage"},"thumbnailUrl":"https:\/\/lequotidien.mr\/wp-content\/uploads\/2023\/03\/zeine_abidine_akhanouch0.jpg","articleSection":["ACTUALIT\u00c9","Economie"],"inLanguage":"ar","potentialAction":[{"@type":"CommentAction","name":"Comment","target":["https:\/\/lequotidien.mr\/?p=6747&lang=fr#respond"]}]},{"@type":"WebPage","@id":"https:\/\/lequotidien.mr\/?p=6747&lang=fr","url":"https:\/\/lequotidien.mr\/?p=6747&lang=fr","name":"Le pr\u00e9sident du Patronat mauritanien s\u2019entretient avec le Premier ministre marocain - Le Quotidien de Nouakchott","isPartOf":{"@id":"https:\/\/lequotidien.mr\/#website"},"primaryImageOfPage":{"@id":"https:\/\/lequotidien.mr\/?p=6747&lang=fr#primaryimage"},"image":{"@id":"https:\/\/lequotidien.mr\/?p=6747&lang=fr#primaryimage"},"thumbnailUrl":"https:\/\/lequotidien.mr\/wp-content\/uploads\/2023\/03\/zeine_abidine_akhanouch0.jpg","datePublished":"2023-03-29T23:48:40+00:00","breadcrumb":{"@id":"https:\/\/lequotidien.mr\/?p=6747&lang=fr#breadcrumb"},"inLanguage":"ar","potentialAction":[{"@type":"ReadAction","target":["https:\/\/lequotidien.mr\/?p=6747&lang=fr"]}]},{"@type":"ImageObject","inLanguage":"ar","@id":"https:\/\/lequotidien.mr\/?p=6747&lang=fr#primaryimage","url":"https:\/\/lequotidien.mr\/wp-content\/uploads\/2023\/03\/zeine_abidine_akhanouch0.jpg","contentUrl":"https:\/\/lequotidien.mr\/wp-content\/uploads\/2023\/03\/zeine_abidine_akhanouch0.jpg","width":572,"height":430},{"@type":"BreadcrumbList","@id":"https:\/\/lequotidien.mr\/?p=6747&lang=fr#breadcrumb","itemListElement":[{"@type":"ListItem","position":1,"name":"Home","item":"https:\/\/lequotidien.mr\/"},{"@type":"ListItem","position":2,"name":"Le pr\u00e9sident du Patronat mauritanien s\u2019entretient avec le Premier ministre marocain"}]},{"@type":"WebSite","@id":"https:\/\/lequotidien.mr\/#website","url":"https:\/\/lequotidien.mr\/","name":"Le Quotidien de Nouakchott","description":"\u0625\u062e\u0628\u0627\u0631\u064a\u0629 \u0645\u0633\u062a\u0642\u0644\u0629 \u0644\u0644\u0623\u0646\u0628\u0627\u0621 \u0627\u0644\u0639\u0627\u0645\u0629","publisher":{"@id":"https:\/\/lequotidien.mr\/#organization"},"potentialAction":[{"@type":"SearchAction","target":{"@type":"EntryPoint","urlTemplate":"https:\/\/lequotidien.mr\/?s={search_term_string}"},"query-input":{"@type":"PropertyValueSpecification","valueRequired":true,"valueName":"search_term_string"}}],"inLanguage":"ar"},{"@type":"Organization","@id":"https:\/\/lequotidien.mr\/#organization","name":"Le Quotidien de Nouakchott","url":"https:\/\/lequotidien.mr\/","logo":{"@type":"ImageObject","inLanguage":"ar","@id":"https:\/\/lequotidien.mr\/#\/schema\/logo\/image\/","url":"https:\/\/lequotidien.mr\/wp-content\/uploads\/2022\/11\/logolequotidien.jpg","contentUrl":"https:\/\/lequotidien.mr\/wp-content\/uploads\/2022\/11\/logolequotidien.jpg","width":290,"height":65,"caption":"Le Quotidien de Nouakchott"},"image":{"@id":"https:\/\/lequotidien.mr\/#\/schema\/logo\/image\/"},"sameAs":["https:\/\/web.facebook.com\/lequotidienmr","https:\/\/x.com\/lequotidienmr"]},{"@type":"Person","@id":"https:\/\/lequotidien.mr\/#\/schema\/person\/1077c8abd5640a6514b909318d271dee","name":"Gayi Diawara","image":{"@type":"ImageObject","inLanguage":"ar","@id":"https:\/\/secure.gravatar.com\/avatar\/63ea8db1e19a6d2d608b24c0f78b5f3a7d6e0bc11959fec273410af333e4d0ac?s=96&d=mm&r=g","url":"https:\/\/secure.gravatar.com\/avatar\/63ea8db1e19a6d2d608b24c0f78b5f3a7d6e0bc11959fec273410af333e4d0ac?s=96&d=mm&r=g","contentUrl":"https:\/\/secure.gravatar.com\/avatar\/63ea8db1e19a6d2d608b24c0f78b5f3a7d6e0bc11959fec273410af333e4d0ac?s=96&d=mm&r=g","caption":"Gayi Diawara"},"sameAs":["http:\/\/lequotidien.mr"],"url":"https:\/\/lequotidien.mr\/?author=5"}]}},"_links":{"self":[{"href":"https:\/\/lequotidien.mr\/index.php?rest_route=\/wp\/v2\/posts\/6747","targetHints":{"allow":["GET"]}}],"collection":[{"href":"https:\/\/lequotidien.mr\/index.php?rest_route=\/wp\/v2\/posts"}],"about":[{"href":"https:\/\/lequotidien.mr\/index.php?rest_route=\/wp\/v2\/types\/post"}],"author":[{"embeddable":true,"href":"https:\/\/lequotidien.mr\/index.php?rest_route=\/wp\/v2\/users\/5"}],"replies":[{"embeddable":true,"href":"https:\/\/lequotidien.mr\/index.php?rest_route=%2Fwp%2Fv2%2Fcomments&post=6747"}],"version-history":[{"count":1,"href":"https:\/\/lequotidien.mr\/index.php?rest_route=\/wp\/v2\/posts\/6747\/revisions"}],"predecessor-version":[{"id":6749,"href":"https:\/\/lequotidien.mr\/index.php?rest_route=\/wp\/v2\/posts\/6747\/revisions\/6749"}],"wp:featuredmedia":[{"embeddable":true,"href":"https:\/\/lequotidien.mr\/index.php?rest_route=\/wp\/v2\/media\/6748"}],"wp:attachment":[{"href":"https:\/\/lequotidien.mr\/index.php?rest_route=%2Fwp%2Fv2%2Fmedia&parent=6747"}],"wp:term":[{"taxonomy":"category","embeddable":true,"href":"https:\/\/lequotidien.mr\/index.php?rest_route=%2Fwp%2Fv2%2Fcategories&post=6747"},{"taxonomy":"post_tag","embeddable":true,"href":"https:\/\/lequotidien.mr\/index.php?rest_route=%2Fwp%2Fv2%2Ftags&post=6747"}],"curies":[{"name":"wp","href":"https:\/\/api.w.org\/{rel}","templated":true}]}}