{"id":6580,"date":"2023-03-25T20:17:57","date_gmt":"2023-03-25T20:17:57","guid":{"rendered":"https:\/\/lequotidien.mr\/?p=6580"},"modified":"2023-03-25T20:17:57","modified_gmt":"2023-03-25T20:17:57","slug":"greve-tres-largement-suivie-par-les-personnels-enseignants-et-administratifs-de-lesmt","status":"publish","type":"post","link":"https:\/\/lequotidien.mr\/?p=6580&lang=fr","title":{"rendered":"Gr\u00e8ve tr\u00e8s largement suivie par les personnels enseignants et administratifs de l\u2019ESMT"},"content":{"rendered":"<p>Nous, Personnels de l\u2019Ecole Sup\u00e9rieure Multinationale des T\u00e9l\u00e9communications r\u00e9unis en association du personnel de l\u2019ESMT avons observ\u00e9 2 jours de gr\u00e8ve, ces 22 et 23 mars 2023, pour nous opposer \u00e0 toute tentative politique de reconduction du mandat des dirigeants, alors que les conclusions du rapport d\u2019\u00e9valuations des performances recommandent formellement le non-renouvellement de leur mandat.<\/p>\n<p>Ce mouvement de gr\u00e8ve a \u00e9t\u00e9 tr\u00e8s largement suivi par les personnels enseignants et administratifs et aucun enseignement ne s\u2019est d\u00e9roul\u00e9 durant ces deux jours de gr\u00e8ve. C\u2019est une r\u00e9ussite totale !<\/p>\n<p>L\u2019Association du Personnel et la section syndicale ESMT du Syndicat Unitaire et D\u00e9mocratique des Enseignants du S\u00e9n\u00e9gal\/Enseignement Sup\u00e9rieur et Recherche (SUDES\/ESR) f\u00e9licitent tous les coll\u00e8gues pour la forte mobilisation et les appellent \u00e0 d\u2019autres actions de gr\u00e8ve.<\/p>\n<p>Pour rappel, nos revendications \u00e0 l\u2019endroit du Conseil des Ministres de l\u2019ESMT sont les suivantes :<\/p>\n<p>&#8211; De mettre fin \u00e0 la prolongation du mandat des dirigeants actuels ;<\/p>\n<p>&#8211; De ne pas les reconduire ;<\/p>\n<p>&#8211; De mettre en place une \u00e9quipe de transition pendant toute la p\u00e9riode de recrutement et de nomination de nouveaux dirigeants ;<\/p>\n<p>&#8211; D\u2019exiger dor\u00e9navant des dirigeants \u00e9lus, des r\u00e9sultats performants sur le plan de la gestion p\u00e9dagogique, administrative et financi\u00e8re de l\u2019\u00e9cole.<\/p>\n<p><u>Pour les Personnels de l\u2019ESMT,<\/u><\/p>\n<p>Le Pr\u00e9sident de l\u2019Association du Personnel<\/p>\n<p><u>Contact :<\/u><\/p>\n<p>&#8211; M. Oumar NDIAYE, Pr\u00e9sident de l\u2019Association du Personnel de l\u2019ESMT, +221 70 637 03 17<\/p>\n<p>&#8211; M. Jean-Marie PREIRA, Secr\u00e9taire G\u00e9n\u00e9ral de la section syndicale SUDES\/ESR de l\u2019ESMT, + 221 70 637 03 15<\/p>\n<p><u>A propos de l\u2019ESMT<\/u><\/p>\n<p>L\u2019Ecole Sup\u00e9rieure Multinationale des T\u00e9l\u00e9communications, situ\u00e9e \u00e0 Dakar, a \u00e9t\u00e9 cr\u00e9\u00e9e en 1981 \u00e0 l\u2019initiative de sept pays d\u2019Afrique de l\u2019Ouest (B\u00e9nin, Burkina Faso, Mali, Mauritanie, Niger, S\u00e9n\u00e9gal, Togo), dans le cadre d\u2019un projet du Programme des Nations Unies pour le d\u00e9veloppement (PNUD), avec le soutien de l\u2019UIT, et de la coop\u00e9ration fran\u00e7aise, canadienne et suisse.<\/p>\n<p>La Guin\u00e9e Conakry a rejoint les membres fondateurs en 1998. Depuis 1986, un Accord de si\u00e8ge avec le Gouvernement du S\u00e9n\u00e9gal lui donne un statut d\u2019institution diplomatique. L\u2019ESMT est une institution multinationale qui a pour vocation de former des dipl\u00f4m\u00e9s (Techniciens sup\u00e9rieurs, Licences Professionnelles, Ing\u00e9nieurs, Masters, Mast\u00e8res sp\u00e9cialis\u00e9s) dans les domaines techniques et manag\u00e9riaux des t\u00e9l\u00e9communications\/TIC.<\/p>\n<p>Elle accueille en formation initiale ou continue des stagiaires qui proviennent de l\u2019ensemble des pays francophones d\u2019Afrique, recrut\u00e9s au niveau des \u00e9coles, des universit\u00e9s ou directement chez les op\u00e9rateurs de t\u00e9l\u00e9communications.<\/p>\n","protected":false},"excerpt":{"rendered":"<p>Nous, Personnels de l\u2019Ecole Sup\u00e9rieure Multinationale des T\u00e9l\u00e9communications r\u00e9unis en association du personnel de l\u2019ESMT avons observ\u00e9 2 jours de gr\u00e8ve, ces 22 et 23 mars 2023, pour nous opposer \u00e0 toute tentative politique de reconduction du mandat des dirigeants, alors que les conclusions du rapport d\u2019\u00e9valuations des performances recommandent formellement le non-renouvellement de leur&#8230;..<\/p>\n","protected":false},"author":5,"featured_media":6581,"comment_status":"open","ping_status":"open","sticky":false,"template":"","format":"standard","meta":{"footnotes":""},"categories":[23,49],"tags":[],"class_list":["post-6580","post","type-post","status-publish","format-standard","has-post-thumbnail","hentry","category-actualite","category-economie"],"yoast_head":"<!-- This site is optimized with the Yoast SEO plugin v27.5 - https:\/\/yoast.com\/product\/yoast-seo-wordpress\/ -->\n<title>Gr\u00e8ve tr\u00e8s largement suivie par les personnels enseignants et administratifs de l\u2019ESMT - Le Quotidien de Nouakchott<\/title>\n<meta name=\"robots\" content=\"index, follow, max-snippet:-1, max-image-preview:large, max-video-preview:-1\" \/>\n<link rel=\"canonical\" href=\"https:\/\/lequotidien.mr\/?p=6580&lang=fr\" \/>\n<meta property=\"og:locale\" content=\"ar_AR\" \/>\n<meta property=\"og:type\" content=\"article\" \/>\n<meta property=\"og:title\" content=\"Gr\u00e8ve tr\u00e8s largement suivie par les personnels enseignants et administratifs de l\u2019ESMT - Le Quotidien de Nouakchott\" \/>\n<meta property=\"og:description\" content=\"Nous, Personnels de l\u2019Ecole Sup\u00e9rieure Multinationale des T\u00e9l\u00e9communications r\u00e9unis en association du personnel de l\u2019ESMT avons observ\u00e9 2 jours de gr\u00e8ve, ces 22 et 23 mars 2023, pour nous opposer \u00e0 toute tentative politique de reconduction du mandat des dirigeants, alors que les conclusions du rapport d\u2019\u00e9valuations des performances recommandent formellement le non-renouvellement de leur.....\" \/>\n<meta property=\"og:url\" content=\"https:\/\/lequotidien.mr\/?p=6580&amp;lang=fr\" \/>\n<meta property=\"og:site_name\" content=\"Le Quotidien de Nouakchott\" \/>\n<meta property=\"article:publisher\" content=\"https:\/\/web.facebook.com\/lequotidienmr\" \/>\n<meta property=\"article:published_time\" content=\"2023-03-25T20:17:57+00:00\" \/>\n<meta property=\"og:image\" content=\"https:\/\/lequotidien.mr\/wp-content\/uploads\/2023\/03\/ESMT_2021_10_22.jpg\" \/>\n\t<meta property=\"og:image:width\" content=\"1360\" \/>\n\t<meta property=\"og:image:height\" content=\"1020\" \/>\n\t<meta property=\"og:image:type\" content=\"image\/jpeg\" \/>\n<meta name=\"author\" content=\"Gayi Diawara\" \/>\n<meta name=\"twitter:card\" content=\"summary_large_image\" \/>\n<meta name=\"twitter:creator\" content=\"@lequotidienmr\" \/>\n<meta name=\"twitter:site\" content=\"@lequotidienmr\" \/>\n<meta name=\"twitter:label1\" content=\"\u0643\u064f\u062a\u0628 \u0628\u0648\u0627\u0633\u0637\u0629\" \/>\n\t<meta name=\"twitter:data1\" content=\"Gayi Diawara\" \/>\n\t<meta name=\"twitter:label2\" content=\"\u0648\u0642\u062a \u0627\u0644\u0642\u0631\u0627\u0621\u0629 \u0627\u0644\u0645\u064f\u0642\u062f\u0651\u0631\" \/>\n\t<meta name=\"twitter:data2\" content=\"\u062f\u0642\u064a\u0642\u062a\u0627\u0646\" \/>\n<script type=\"application\/ld+json\" class=\"yoast-schema-graph\">{\"@context\":\"https:\\\/\\\/schema.org\",\"@graph\":[{\"@type\":\"Article\",\"@id\":\"https:\\\/\\\/lequotidien.mr\\\/?p=6580&lang=fr#article\",\"isPartOf\":{\"@id\":\"https:\\\/\\\/lequotidien.mr\\\/?p=6580&lang=fr\"},\"author\":{\"name\":\"Gayi Diawara\",\"@id\":\"https:\\\/\\\/lequotidien.mr\\\/#\\\/schema\\\/person\\\/1077c8abd5640a6514b909318d271dee\"},\"headline\":\"Gr\u00e8ve tr\u00e8s largement suivie par les personnels enseignants et administratifs de l\u2019ESMT\",\"datePublished\":\"2023-03-25T20:17:57+00:00\",\"mainEntityOfPage\":{\"@id\":\"https:\\\/\\\/lequotidien.mr\\\/?p=6580&lang=fr\"},\"wordCount\":472,\"commentCount\":0,\"publisher\":{\"@id\":\"https:\\\/\\\/lequotidien.mr\\\/#organization\"},\"image\":{\"@id\":\"https:\\\/\\\/lequotidien.mr\\\/?p=6580&lang=fr#primaryimage\"},\"thumbnailUrl\":\"https:\\\/\\\/lequotidien.mr\\\/wp-content\\\/uploads\\\/2023\\\/03\\\/ESMT_2021_10_22.jpg\",\"articleSection\":[\"ACTUALIT\u00c9\",\"Economie\"],\"inLanguage\":\"ar\",\"potentialAction\":[{\"@type\":\"CommentAction\",\"name\":\"Comment\",\"target\":[\"https:\\\/\\\/lequotidien.mr\\\/?p=6580&lang=fr#respond\"]}]},{\"@type\":\"WebPage\",\"@id\":\"https:\\\/\\\/lequotidien.mr\\\/?p=6580&lang=fr\",\"url\":\"https:\\\/\\\/lequotidien.mr\\\/?p=6580&lang=fr\",\"name\":\"Gr\u00e8ve tr\u00e8s largement suivie par les personnels enseignants et administratifs de l\u2019ESMT - Le Quotidien de Nouakchott\",\"isPartOf\":{\"@id\":\"https:\\\/\\\/lequotidien.mr\\\/#website\"},\"primaryImageOfPage\":{\"@id\":\"https:\\\/\\\/lequotidien.mr\\\/?p=6580&lang=fr#primaryimage\"},\"image\":{\"@id\":\"https:\\\/\\\/lequotidien.mr\\\/?p=6580&lang=fr#primaryimage\"},\"thumbnailUrl\":\"https:\\\/\\\/lequotidien.mr\\\/wp-content\\\/uploads\\\/2023\\\/03\\\/ESMT_2021_10_22.jpg\",\"datePublished\":\"2023-03-25T20:17:57+00:00\",\"breadcrumb\":{\"@id\":\"https:\\\/\\\/lequotidien.mr\\\/?p=6580&lang=fr#breadcrumb\"},\"inLanguage\":\"ar\",\"potentialAction\":[{\"@type\":\"ReadAction\",\"target\":[\"https:\\\/\\\/lequotidien.mr\\\/?p=6580&lang=fr\"]}]},{\"@type\":\"ImageObject\",\"inLanguage\":\"ar\",\"@id\":\"https:\\\/\\\/lequotidien.mr\\\/?p=6580&lang=fr#primaryimage\",\"url\":\"https:\\\/\\\/lequotidien.mr\\\/wp-content\\\/uploads\\\/2023\\\/03\\\/ESMT_2021_10_22.jpg\",\"contentUrl\":\"https:\\\/\\\/lequotidien.mr\\\/wp-content\\\/uploads\\\/2023\\\/03\\\/ESMT_2021_10_22.jpg\",\"width\":1360,\"height\":1020},{\"@type\":\"BreadcrumbList\",\"@id\":\"https:\\\/\\\/lequotidien.mr\\\/?p=6580&lang=fr#breadcrumb\",\"itemListElement\":[{\"@type\":\"ListItem\",\"position\":1,\"name\":\"Home\",\"item\":\"https:\\\/\\\/lequotidien.mr\\\/\"},{\"@type\":\"ListItem\",\"position\":2,\"name\":\"Gr\u00e8ve tr\u00e8s largement suivie par les personnels enseignants et administratifs de l\u2019ESMT\"}]},{\"@type\":\"WebSite\",\"@id\":\"https:\\\/\\\/lequotidien.mr\\\/#website\",\"url\":\"https:\\\/\\\/lequotidien.mr\\\/\",\"name\":\"Le Quotidien de Nouakchott\",\"description\":\"\u0625\u062e\u0628\u0627\u0631\u064a\u0629 \u0645\u0633\u062a\u0642\u0644\u0629 \u0644\u0644\u0623\u0646\u0628\u0627\u0621 \u0627\u0644\u0639\u0627\u0645\u0629\",\"publisher\":{\"@id\":\"https:\\\/\\\/lequotidien.mr\\\/#organization\"},\"potentialAction\":[{\"@type\":\"SearchAction\",\"target\":{\"@type\":\"EntryPoint\",\"urlTemplate\":\"https:\\\/\\\/lequotidien.mr\\\/?s={search_term_string}\"},\"query-input\":{\"@type\":\"PropertyValueSpecification\",\"valueRequired\":true,\"valueName\":\"search_term_string\"}}],\"inLanguage\":\"ar\"},{\"@type\":\"Organization\",\"@id\":\"https:\\\/\\\/lequotidien.mr\\\/#organization\",\"name\":\"Le Quotidien de Nouakchott\",\"url\":\"https:\\\/\\\/lequotidien.mr\\\/\",\"logo\":{\"@type\":\"ImageObject\",\"inLanguage\":\"ar\",\"@id\":\"https:\\\/\\\/lequotidien.mr\\\/#\\\/schema\\\/logo\\\/image\\\/\",\"url\":\"https:\\\/\\\/lequotidien.mr\\\/wp-content\\\/uploads\\\/2022\\\/11\\\/logolequotidien.jpg\",\"contentUrl\":\"https:\\\/\\\/lequotidien.mr\\\/wp-content\\\/uploads\\\/2022\\\/11\\\/logolequotidien.jpg\",\"width\":290,\"height\":65,\"caption\":\"Le Quotidien de Nouakchott\"},\"image\":{\"@id\":\"https:\\\/\\\/lequotidien.mr\\\/#\\\/schema\\\/logo\\\/image\\\/\"},\"sameAs\":[\"https:\\\/\\\/web.facebook.com\\\/lequotidienmr\",\"https:\\\/\\\/x.com\\\/lequotidienmr\"]},{\"@type\":\"Person\",\"@id\":\"https:\\\/\\\/lequotidien.mr\\\/#\\\/schema\\\/person\\\/1077c8abd5640a6514b909318d271dee\",\"name\":\"Gayi Diawara\",\"image\":{\"@type\":\"ImageObject\",\"inLanguage\":\"ar\",\"@id\":\"https:\\\/\\\/secure.gravatar.com\\\/avatar\\\/63ea8db1e19a6d2d608b24c0f78b5f3a7d6e0bc11959fec273410af333e4d0ac?s=96&d=mm&r=g\",\"url\":\"https:\\\/\\\/secure.gravatar.com\\\/avatar\\\/63ea8db1e19a6d2d608b24c0f78b5f3a7d6e0bc11959fec273410af333e4d0ac?s=96&d=mm&r=g\",\"contentUrl\":\"https:\\\/\\\/secure.gravatar.com\\\/avatar\\\/63ea8db1e19a6d2d608b24c0f78b5f3a7d6e0bc11959fec273410af333e4d0ac?s=96&d=mm&r=g\",\"caption\":\"Gayi Diawara\"},\"sameAs\":[\"http:\\\/\\\/lequotidien.mr\"],\"url\":\"https:\\\/\\\/lequotidien.mr\\\/?author=5\"}]}<\/script>\n<!-- \/ Yoast SEO plugin. -->","yoast_head_json":{"title":"Gr\u00e8ve tr\u00e8s largement suivie par les personnels enseignants et administratifs de l\u2019ESMT - Le Quotidien de Nouakchott","robots":{"index":"index","follow":"follow","max-snippet":"max-snippet:-1","max-image-preview":"max-image-preview:large","max-video-preview":"max-video-preview:-1"},"canonical":"https:\/\/lequotidien.mr\/?p=6580&lang=fr","og_locale":"ar_AR","og_type":"article","og_title":"Gr\u00e8ve tr\u00e8s largement suivie par les personnels enseignants et administratifs de l\u2019ESMT - Le Quotidien de Nouakchott","og_description":"Nous, Personnels de l\u2019Ecole Sup\u00e9rieure Multinationale des T\u00e9l\u00e9communications r\u00e9unis en association du personnel de l\u2019ESMT avons observ\u00e9 2 jours de gr\u00e8ve, ces 22 et 23 mars 2023, pour nous opposer \u00e0 toute tentative politique de reconduction du mandat des dirigeants, alors que les conclusions du rapport d\u2019\u00e9valuations des performances recommandent formellement le non-renouvellement de leur.....","og_url":"https:\/\/lequotidien.mr\/?p=6580&lang=fr","og_site_name":"Le Quotidien de Nouakchott","article_publisher":"https:\/\/web.facebook.com\/lequotidienmr","article_published_time":"2023-03-25T20:17:57+00:00","og_image":[{"width":1360,"height":1020,"url":"https:\/\/lequotidien.mr\/wp-content\/uploads\/2023\/03\/ESMT_2021_10_22.jpg","type":"image\/jpeg"}],"author":"Gayi Diawara","twitter_card":"summary_large_image","twitter_creator":"@lequotidienmr","twitter_site":"@lequotidienmr","twitter_misc":{"\u0643\u064f\u062a\u0628 \u0628\u0648\u0627\u0633\u0637\u0629":"Gayi Diawara","\u0648\u0642\u062a \u0627\u0644\u0642\u0631\u0627\u0621\u0629 \u0627\u0644\u0645\u064f\u0642\u062f\u0651\u0631":"\u062f\u0642\u064a\u0642\u062a\u0627\u0646"},"schema":{"@context":"https:\/\/schema.org","@graph":[{"@type":"Article","@id":"https:\/\/lequotidien.mr\/?p=6580&lang=fr#article","isPartOf":{"@id":"https:\/\/lequotidien.mr\/?p=6580&lang=fr"},"author":{"name":"Gayi Diawara","@id":"https:\/\/lequotidien.mr\/#\/schema\/person\/1077c8abd5640a6514b909318d271dee"},"headline":"Gr\u00e8ve tr\u00e8s largement suivie par les personnels enseignants et administratifs de l\u2019ESMT","datePublished":"2023-03-25T20:17:57+00:00","mainEntityOfPage":{"@id":"https:\/\/lequotidien.mr\/?p=6580&lang=fr"},"wordCount":472,"commentCount":0,"publisher":{"@id":"https:\/\/lequotidien.mr\/#organization"},"image":{"@id":"https:\/\/lequotidien.mr\/?p=6580&lang=fr#primaryimage"},"thumbnailUrl":"https:\/\/lequotidien.mr\/wp-content\/uploads\/2023\/03\/ESMT_2021_10_22.jpg","articleSection":["ACTUALIT\u00c9","Economie"],"inLanguage":"ar","potentialAction":[{"@type":"CommentAction","name":"Comment","target":["https:\/\/lequotidien.mr\/?p=6580&lang=fr#respond"]}]},{"@type":"WebPage","@id":"https:\/\/lequotidien.mr\/?p=6580&lang=fr","url":"https:\/\/lequotidien.mr\/?p=6580&lang=fr","name":"Gr\u00e8ve tr\u00e8s largement suivie par les personnels enseignants et administratifs de l\u2019ESMT - Le Quotidien de Nouakchott","isPartOf":{"@id":"https:\/\/lequotidien.mr\/#website"},"primaryImageOfPage":{"@id":"https:\/\/lequotidien.mr\/?p=6580&lang=fr#primaryimage"},"image":{"@id":"https:\/\/lequotidien.mr\/?p=6580&lang=fr#primaryimage"},"thumbnailUrl":"https:\/\/lequotidien.mr\/wp-content\/uploads\/2023\/03\/ESMT_2021_10_22.jpg","datePublished":"2023-03-25T20:17:57+00:00","breadcrumb":{"@id":"https:\/\/lequotidien.mr\/?p=6580&lang=fr#breadcrumb"},"inLanguage":"ar","potentialAction":[{"@type":"ReadAction","target":["https:\/\/lequotidien.mr\/?p=6580&lang=fr"]}]},{"@type":"ImageObject","inLanguage":"ar","@id":"https:\/\/lequotidien.mr\/?p=6580&lang=fr#primaryimage","url":"https:\/\/lequotidien.mr\/wp-content\/uploads\/2023\/03\/ESMT_2021_10_22.jpg","contentUrl":"https:\/\/lequotidien.mr\/wp-content\/uploads\/2023\/03\/ESMT_2021_10_22.jpg","width":1360,"height":1020},{"@type":"BreadcrumbList","@id":"https:\/\/lequotidien.mr\/?p=6580&lang=fr#breadcrumb","itemListElement":[{"@type":"ListItem","position":1,"name":"Home","item":"https:\/\/lequotidien.mr\/"},{"@type":"ListItem","position":2,"name":"Gr\u00e8ve tr\u00e8s largement suivie par les personnels enseignants et administratifs de l\u2019ESMT"}]},{"@type":"WebSite","@id":"https:\/\/lequotidien.mr\/#website","url":"https:\/\/lequotidien.mr\/","name":"Le Quotidien de Nouakchott","description":"\u0625\u062e\u0628\u0627\u0631\u064a\u0629 \u0645\u0633\u062a\u0642\u0644\u0629 \u0644\u0644\u0623\u0646\u0628\u0627\u0621 \u0627\u0644\u0639\u0627\u0645\u0629","publisher":{"@id":"https:\/\/lequotidien.mr\/#organization"},"potentialAction":[{"@type":"SearchAction","target":{"@type":"EntryPoint","urlTemplate":"https:\/\/lequotidien.mr\/?s={search_term_string}"},"query-input":{"@type":"PropertyValueSpecification","valueRequired":true,"valueName":"search_term_string"}}],"inLanguage":"ar"},{"@type":"Organization","@id":"https:\/\/lequotidien.mr\/#organization","name":"Le Quotidien de Nouakchott","url":"https:\/\/lequotidien.mr\/","logo":{"@type":"ImageObject","inLanguage":"ar","@id":"https:\/\/lequotidien.mr\/#\/schema\/logo\/image\/","url":"https:\/\/lequotidien.mr\/wp-content\/uploads\/2022\/11\/logolequotidien.jpg","contentUrl":"https:\/\/lequotidien.mr\/wp-content\/uploads\/2022\/11\/logolequotidien.jpg","width":290,"height":65,"caption":"Le Quotidien de Nouakchott"},"image":{"@id":"https:\/\/lequotidien.mr\/#\/schema\/logo\/image\/"},"sameAs":["https:\/\/web.facebook.com\/lequotidienmr","https:\/\/x.com\/lequotidienmr"]},{"@type":"Person","@id":"https:\/\/lequotidien.mr\/#\/schema\/person\/1077c8abd5640a6514b909318d271dee","name":"Gayi Diawara","image":{"@type":"ImageObject","inLanguage":"ar","@id":"https:\/\/secure.gravatar.com\/avatar\/63ea8db1e19a6d2d608b24c0f78b5f3a7d6e0bc11959fec273410af333e4d0ac?s=96&d=mm&r=g","url":"https:\/\/secure.gravatar.com\/avatar\/63ea8db1e19a6d2d608b24c0f78b5f3a7d6e0bc11959fec273410af333e4d0ac?s=96&d=mm&r=g","contentUrl":"https:\/\/secure.gravatar.com\/avatar\/63ea8db1e19a6d2d608b24c0f78b5f3a7d6e0bc11959fec273410af333e4d0ac?s=96&d=mm&r=g","caption":"Gayi Diawara"},"sameAs":["http:\/\/lequotidien.mr"],"url":"https:\/\/lequotidien.mr\/?author=5"}]}},"_links":{"self":[{"href":"https:\/\/lequotidien.mr\/index.php?rest_route=\/wp\/v2\/posts\/6580","targetHints":{"allow":["GET"]}}],"collection":[{"href":"https:\/\/lequotidien.mr\/index.php?rest_route=\/wp\/v2\/posts"}],"about":[{"href":"https:\/\/lequotidien.mr\/index.php?rest_route=\/wp\/v2\/types\/post"}],"author":[{"embeddable":true,"href":"https:\/\/lequotidien.mr\/index.php?rest_route=\/wp\/v2\/users\/5"}],"replies":[{"embeddable":true,"href":"https:\/\/lequotidien.mr\/index.php?rest_route=%2Fwp%2Fv2%2Fcomments&post=6580"}],"version-history":[{"count":1,"href":"https:\/\/lequotidien.mr\/index.php?rest_route=\/wp\/v2\/posts\/6580\/revisions"}],"predecessor-version":[{"id":6582,"href":"https:\/\/lequotidien.mr\/index.php?rest_route=\/wp\/v2\/posts\/6580\/revisions\/6582"}],"wp:featuredmedia":[{"embeddable":true,"href":"https:\/\/lequotidien.mr\/index.php?rest_route=\/wp\/v2\/media\/6581"}],"wp:attachment":[{"href":"https:\/\/lequotidien.mr\/index.php?rest_route=%2Fwp%2Fv2%2Fmedia&parent=6580"}],"wp:term":[{"taxonomy":"category","embeddable":true,"href":"https:\/\/lequotidien.mr\/index.php?rest_route=%2Fwp%2Fv2%2Fcategories&post=6580"},{"taxonomy":"post_tag","embeddable":true,"href":"https:\/\/lequotidien.mr\/index.php?rest_route=%2Fwp%2Fv2%2Ftags&post=6580"}],"curies":[{"name":"wp","href":"https:\/\/api.w.org\/{rel}","templated":true}]}}