{"id":647,"date":"2022-11-22T15:43:39","date_gmt":"2022-11-22T15:43:39","guid":{"rendered":"https:\/\/lequotidien.mr\/?p=647"},"modified":"2022-11-22T15:43:39","modified_gmt":"2022-11-22T15:43:39","slug":"le-president-mohamed-ould-ghazouani-invite-au-sommet-etats-unis-afrique-en-decembre-a-washington","status":"publish","type":"post","link":"https:\/\/lequotidien.mr\/?p=647&lang=fr","title":{"rendered":"Le pr\u00e9sident Mohamed Ould Ghazouani invit\u00e9 au sommet Etats-Unis-Afrique en d\u00e9cembre \u00e0 Washington"},"content":{"rendered":"<p>Plusieurs dirigeants africains, dont le pr\u00e9sident Mohamed Ould Ghazouani, vont participer \u00e0 un sommet entre les Etats-Unis et l\u2019Afrique en d\u00e9cembre prochain \u00e0 Washington pour discuter de d\u00e9fis allant de la s\u00e9curit\u00e9 alimentaire au changement climatique.<\/p>\n<p>\u00abLe pr\u00e9sident Mohamed Ould Ghazouani souhaite profiter de plusieurs rendez-vous internationaux pour promouvoir les opportunit\u00e9s \u00e9conomiques dans le pays. Il doit ainsi organiser un \u00e9v\u00e9nement \u00e0 Washington en marge du sommet Etats-Unis-Afrique de d\u00e9cembre\u00bb, indique le m\u00e9dia Africa Intelligence.<\/p>\n<p>Pour rappel, le pr\u00e9sident am\u00e9ricain Joe Biden accueille des dirigeants de l\u2019ensemble du continent africain \u00e0 Washington, du 13 au 15 d\u00e9cembre 2022, \u00e0 l\u2019occasion du sommet des dirigeants \u00c9tats-Unis\u2013Afrique.<\/p>\n<p>\u00ab Le sommet d\u00e9montrera l\u2019engagement durable des \u00c9tats-Unis envers l\u2019Afrique et soulignera l\u2019importance des relations entre les \u00c9tats-Unis et l\u2019Afrique, ainsi qu\u2019une coop\u00e9ration plus \u00e9troite sur les priorit\u00e9s mondiales communes\u00bb, avait indiqu\u00e9 le 20 juillet dernier, le pr\u00e9sident am\u00e9ricain, \u00e0 propos du sommet des dirigeants \u00c9tats-Unis\u2013Afrique.<\/p>\n<p>Par La r\u00e9daction de Cridem<\/p>\n<p>&#8212;-<\/p>\n","protected":false},"excerpt":{"rendered":"<p>Plusieurs dirigeants africains, dont le pr\u00e9sident Mohamed Ould Ghazouani, vont participer \u00e0 un sommet entre les Etats-Unis et l\u2019Afrique en d\u00e9cembre prochain \u00e0 Washington pour discuter de d\u00e9fis allant de la s\u00e9curit\u00e9 alimentaire au changement climatique. \u00abLe pr\u00e9sident Mohamed Ould Ghazouani souhaite profiter de plusieurs rendez-vous internationaux pour promouvoir les opportunit\u00e9s \u00e9conomiques dans le pays&#8230;&#8230;<\/p>\n","protected":false},"author":5,"featured_media":648,"comment_status":"open","ping_status":"open","sticky":false,"template":"","format":"standard","meta":{"footnotes":""},"categories":[23,49],"tags":[],"class_list":["post-647","post","type-post","status-publish","format-standard","has-post-thumbnail","hentry","category-actualite","category-economie"],"yoast_head":"<!-- This site is optimized with the Yoast SEO plugin v27.5 - https:\/\/yoast.com\/product\/yoast-seo-wordpress\/ -->\n<title>Le pr\u00e9sident Mohamed Ould Ghazouani invit\u00e9 au sommet Etats-Unis-Afrique en d\u00e9cembre \u00e0 Washington - Le Quotidien de Nouakchott<\/title>\n<meta name=\"robots\" content=\"index, follow, max-snippet:-1, max-image-preview:large, max-video-preview:-1\" \/>\n<link rel=\"canonical\" href=\"https:\/\/lequotidien.mr\/?p=647&lang=fr\" \/>\n<meta property=\"og:locale\" content=\"ar_AR\" \/>\n<meta property=\"og:type\" content=\"article\" \/>\n<meta property=\"og:title\" content=\"Le pr\u00e9sident Mohamed Ould Ghazouani invit\u00e9 au sommet Etats-Unis-Afrique en d\u00e9cembre \u00e0 Washington - Le Quotidien de Nouakchott\" \/>\n<meta property=\"og:description\" content=\"Plusieurs dirigeants africains, dont le pr\u00e9sident Mohamed Ould Ghazouani, vont participer \u00e0 un sommet entre les Etats-Unis et l\u2019Afrique en d\u00e9cembre prochain \u00e0 Washington pour discuter de d\u00e9fis allant de la s\u00e9curit\u00e9 alimentaire au changement climatique. \u00abLe pr\u00e9sident Mohamed Ould Ghazouani souhaite profiter de plusieurs rendez-vous internationaux pour promouvoir les opportunit\u00e9s \u00e9conomiques dans le pays......\" \/>\n<meta property=\"og:url\" content=\"https:\/\/lequotidien.mr\/?p=647&amp;lang=fr\" \/>\n<meta property=\"og:site_name\" content=\"Le Quotidien de Nouakchott\" \/>\n<meta property=\"article:publisher\" content=\"https:\/\/web.facebook.com\/lequotidienmr\" \/>\n<meta property=\"article:published_time\" content=\"2022-11-22T15:43:39+00:00\" \/>\n<meta property=\"og:image\" content=\"https:\/\/lequotidien.mr\/wp-content\/uploads\/2022\/11\/ghazouani_8965247.jpeg\" \/>\n\t<meta property=\"og:image:width\" content=\"1600\" \/>\n\t<meta property=\"og:image:height\" content=\"1346\" \/>\n\t<meta property=\"og:image:type\" content=\"image\/jpeg\" \/>\n<meta name=\"author\" content=\"Gayi Diawara\" \/>\n<meta name=\"twitter:card\" content=\"summary_large_image\" \/>\n<meta name=\"twitter:creator\" content=\"@lequotidienmr\" \/>\n<meta name=\"twitter:site\" content=\"@lequotidienmr\" \/>\n<meta name=\"twitter:label1\" content=\"\u0643\u064f\u062a\u0628 \u0628\u0648\u0627\u0633\u0637\u0629\" \/>\n\t<meta name=\"twitter:data1\" content=\"Gayi Diawara\" \/>\n\t<meta name=\"twitter:label2\" content=\"\u0648\u0642\u062a \u0627\u0644\u0642\u0631\u0627\u0621\u0629 \u0627\u0644\u0645\u064f\u0642\u062f\u0651\u0631\" \/>\n\t<meta name=\"twitter:data2\" content=\"\u062f\u0642\u064a\u0642\u0629 \u0648\u0627\u062d\u062f\u0629\" \/>\n<script type=\"application\/ld+json\" class=\"yoast-schema-graph\">{\"@context\":\"https:\\\/\\\/schema.org\",\"@graph\":[{\"@type\":\"Article\",\"@id\":\"https:\\\/\\\/lequotidien.mr\\\/?p=647&lang=fr#article\",\"isPartOf\":{\"@id\":\"https:\\\/\\\/lequotidien.mr\\\/?p=647&lang=fr\"},\"author\":{\"name\":\"Gayi Diawara\",\"@id\":\"https:\\\/\\\/lequotidien.mr\\\/#\\\/schema\\\/person\\\/1077c8abd5640a6514b909318d271dee\"},\"headline\":\"Le pr\u00e9sident Mohamed Ould Ghazouani invit\u00e9 au sommet Etats-Unis-Afrique en d\u00e9cembre \u00e0 Washington\",\"datePublished\":\"2022-11-22T15:43:39+00:00\",\"mainEntityOfPage\":{\"@id\":\"https:\\\/\\\/lequotidien.mr\\\/?p=647&lang=fr\"},\"wordCount\":188,\"commentCount\":0,\"publisher\":{\"@id\":\"https:\\\/\\\/lequotidien.mr\\\/#organization\"},\"image\":{\"@id\":\"https:\\\/\\\/lequotidien.mr\\\/?p=647&lang=fr#primaryimage\"},\"thumbnailUrl\":\"https:\\\/\\\/lequotidien.mr\\\/wp-content\\\/uploads\\\/2022\\\/11\\\/ghazouani_8965247.jpeg\",\"articleSection\":[\"ACTUALIT\u00c9\",\"Economie\"],\"inLanguage\":\"ar\",\"potentialAction\":[{\"@type\":\"CommentAction\",\"name\":\"Comment\",\"target\":[\"https:\\\/\\\/lequotidien.mr\\\/?p=647&lang=fr#respond\"]}]},{\"@type\":\"WebPage\",\"@id\":\"https:\\\/\\\/lequotidien.mr\\\/?p=647&lang=fr\",\"url\":\"https:\\\/\\\/lequotidien.mr\\\/?p=647&lang=fr\",\"name\":\"Le pr\u00e9sident Mohamed Ould Ghazouani invit\u00e9 au sommet Etats-Unis-Afrique en d\u00e9cembre \u00e0 Washington - Le Quotidien de Nouakchott\",\"isPartOf\":{\"@id\":\"https:\\\/\\\/lequotidien.mr\\\/#website\"},\"primaryImageOfPage\":{\"@id\":\"https:\\\/\\\/lequotidien.mr\\\/?p=647&lang=fr#primaryimage\"},\"image\":{\"@id\":\"https:\\\/\\\/lequotidien.mr\\\/?p=647&lang=fr#primaryimage\"},\"thumbnailUrl\":\"https:\\\/\\\/lequotidien.mr\\\/wp-content\\\/uploads\\\/2022\\\/11\\\/ghazouani_8965247.jpeg\",\"datePublished\":\"2022-11-22T15:43:39+00:00\",\"breadcrumb\":{\"@id\":\"https:\\\/\\\/lequotidien.mr\\\/?p=647&lang=fr#breadcrumb\"},\"inLanguage\":\"ar\",\"potentialAction\":[{\"@type\":\"ReadAction\",\"target\":[\"https:\\\/\\\/lequotidien.mr\\\/?p=647&lang=fr\"]}]},{\"@type\":\"ImageObject\",\"inLanguage\":\"ar\",\"@id\":\"https:\\\/\\\/lequotidien.mr\\\/?p=647&lang=fr#primaryimage\",\"url\":\"https:\\\/\\\/lequotidien.mr\\\/wp-content\\\/uploads\\\/2022\\\/11\\\/ghazouani_8965247.jpeg\",\"contentUrl\":\"https:\\\/\\\/lequotidien.mr\\\/wp-content\\\/uploads\\\/2022\\\/11\\\/ghazouani_8965247.jpeg\",\"width\":1600,\"height\":1346},{\"@type\":\"BreadcrumbList\",\"@id\":\"https:\\\/\\\/lequotidien.mr\\\/?p=647&lang=fr#breadcrumb\",\"itemListElement\":[{\"@type\":\"ListItem\",\"position\":1,\"name\":\"Home\",\"item\":\"https:\\\/\\\/lequotidien.mr\\\/\"},{\"@type\":\"ListItem\",\"position\":2,\"name\":\"Le pr\u00e9sident Mohamed Ould Ghazouani invit\u00e9 au sommet Etats-Unis-Afrique en d\u00e9cembre \u00e0 Washington\"}]},{\"@type\":\"WebSite\",\"@id\":\"https:\\\/\\\/lequotidien.mr\\\/#website\",\"url\":\"https:\\\/\\\/lequotidien.mr\\\/\",\"name\":\"Le Quotidien de Nouakchott\",\"description\":\"\u0625\u062e\u0628\u0627\u0631\u064a\u0629 \u0645\u0633\u062a\u0642\u0644\u0629 \u0644\u0644\u0623\u0646\u0628\u0627\u0621 \u0627\u0644\u0639\u0627\u0645\u0629\",\"publisher\":{\"@id\":\"https:\\\/\\\/lequotidien.mr\\\/#organization\"},\"potentialAction\":[{\"@type\":\"SearchAction\",\"target\":{\"@type\":\"EntryPoint\",\"urlTemplate\":\"https:\\\/\\\/lequotidien.mr\\\/?s={search_term_string}\"},\"query-input\":{\"@type\":\"PropertyValueSpecification\",\"valueRequired\":true,\"valueName\":\"search_term_string\"}}],\"inLanguage\":\"ar\"},{\"@type\":\"Organization\",\"@id\":\"https:\\\/\\\/lequotidien.mr\\\/#organization\",\"name\":\"Le Quotidien de Nouakchott\",\"url\":\"https:\\\/\\\/lequotidien.mr\\\/\",\"logo\":{\"@type\":\"ImageObject\",\"inLanguage\":\"ar\",\"@id\":\"https:\\\/\\\/lequotidien.mr\\\/#\\\/schema\\\/logo\\\/image\\\/\",\"url\":\"https:\\\/\\\/lequotidien.mr\\\/wp-content\\\/uploads\\\/2022\\\/11\\\/logolequotidien.jpg\",\"contentUrl\":\"https:\\\/\\\/lequotidien.mr\\\/wp-content\\\/uploads\\\/2022\\\/11\\\/logolequotidien.jpg\",\"width\":290,\"height\":65,\"caption\":\"Le Quotidien de Nouakchott\"},\"image\":{\"@id\":\"https:\\\/\\\/lequotidien.mr\\\/#\\\/schema\\\/logo\\\/image\\\/\"},\"sameAs\":[\"https:\\\/\\\/web.facebook.com\\\/lequotidienmr\",\"https:\\\/\\\/x.com\\\/lequotidienmr\"]},{\"@type\":\"Person\",\"@id\":\"https:\\\/\\\/lequotidien.mr\\\/#\\\/schema\\\/person\\\/1077c8abd5640a6514b909318d271dee\",\"name\":\"Gayi Diawara\",\"image\":{\"@type\":\"ImageObject\",\"inLanguage\":\"ar\",\"@id\":\"https:\\\/\\\/secure.gravatar.com\\\/avatar\\\/63ea8db1e19a6d2d608b24c0f78b5f3a7d6e0bc11959fec273410af333e4d0ac?s=96&d=mm&r=g\",\"url\":\"https:\\\/\\\/secure.gravatar.com\\\/avatar\\\/63ea8db1e19a6d2d608b24c0f78b5f3a7d6e0bc11959fec273410af333e4d0ac?s=96&d=mm&r=g\",\"contentUrl\":\"https:\\\/\\\/secure.gravatar.com\\\/avatar\\\/63ea8db1e19a6d2d608b24c0f78b5f3a7d6e0bc11959fec273410af333e4d0ac?s=96&d=mm&r=g\",\"caption\":\"Gayi Diawara\"},\"sameAs\":[\"http:\\\/\\\/lequotidien.mr\"],\"url\":\"https:\\\/\\\/lequotidien.mr\\\/?author=5\"}]}<\/script>\n<!-- \/ Yoast SEO plugin. -->","yoast_head_json":{"title":"Le pr\u00e9sident Mohamed Ould Ghazouani invit\u00e9 au sommet Etats-Unis-Afrique en d\u00e9cembre \u00e0 Washington - Le Quotidien de Nouakchott","robots":{"index":"index","follow":"follow","max-snippet":"max-snippet:-1","max-image-preview":"max-image-preview:large","max-video-preview":"max-video-preview:-1"},"canonical":"https:\/\/lequotidien.mr\/?p=647&lang=fr","og_locale":"ar_AR","og_type":"article","og_title":"Le pr\u00e9sident Mohamed Ould Ghazouani invit\u00e9 au sommet Etats-Unis-Afrique en d\u00e9cembre \u00e0 Washington - Le Quotidien de Nouakchott","og_description":"Plusieurs dirigeants africains, dont le pr\u00e9sident Mohamed Ould Ghazouani, vont participer \u00e0 un sommet entre les Etats-Unis et l\u2019Afrique en d\u00e9cembre prochain \u00e0 Washington pour discuter de d\u00e9fis allant de la s\u00e9curit\u00e9 alimentaire au changement climatique. \u00abLe pr\u00e9sident Mohamed Ould Ghazouani souhaite profiter de plusieurs rendez-vous internationaux pour promouvoir les opportunit\u00e9s \u00e9conomiques dans le pays......","og_url":"https:\/\/lequotidien.mr\/?p=647&lang=fr","og_site_name":"Le Quotidien de Nouakchott","article_publisher":"https:\/\/web.facebook.com\/lequotidienmr","article_published_time":"2022-11-22T15:43:39+00:00","og_image":[{"width":1600,"height":1346,"url":"https:\/\/lequotidien.mr\/wp-content\/uploads\/2022\/11\/ghazouani_8965247.jpeg","type":"image\/jpeg"}],"author":"Gayi Diawara","twitter_card":"summary_large_image","twitter_creator":"@lequotidienmr","twitter_site":"@lequotidienmr","twitter_misc":{"\u0643\u064f\u062a\u0628 \u0628\u0648\u0627\u0633\u0637\u0629":"Gayi Diawara","\u0648\u0642\u062a \u0627\u0644\u0642\u0631\u0627\u0621\u0629 \u0627\u0644\u0645\u064f\u0642\u062f\u0651\u0631":"\u062f\u0642\u064a\u0642\u0629 \u0648\u0627\u062d\u062f\u0629"},"schema":{"@context":"https:\/\/schema.org","@graph":[{"@type":"Article","@id":"https:\/\/lequotidien.mr\/?p=647&lang=fr#article","isPartOf":{"@id":"https:\/\/lequotidien.mr\/?p=647&lang=fr"},"author":{"name":"Gayi Diawara","@id":"https:\/\/lequotidien.mr\/#\/schema\/person\/1077c8abd5640a6514b909318d271dee"},"headline":"Le pr\u00e9sident Mohamed Ould Ghazouani invit\u00e9 au sommet Etats-Unis-Afrique en d\u00e9cembre \u00e0 Washington","datePublished":"2022-11-22T15:43:39+00:00","mainEntityOfPage":{"@id":"https:\/\/lequotidien.mr\/?p=647&lang=fr"},"wordCount":188,"commentCount":0,"publisher":{"@id":"https:\/\/lequotidien.mr\/#organization"},"image":{"@id":"https:\/\/lequotidien.mr\/?p=647&lang=fr#primaryimage"},"thumbnailUrl":"https:\/\/lequotidien.mr\/wp-content\/uploads\/2022\/11\/ghazouani_8965247.jpeg","articleSection":["ACTUALIT\u00c9","Economie"],"inLanguage":"ar","potentialAction":[{"@type":"CommentAction","name":"Comment","target":["https:\/\/lequotidien.mr\/?p=647&lang=fr#respond"]}]},{"@type":"WebPage","@id":"https:\/\/lequotidien.mr\/?p=647&lang=fr","url":"https:\/\/lequotidien.mr\/?p=647&lang=fr","name":"Le pr\u00e9sident Mohamed Ould Ghazouani invit\u00e9 au sommet Etats-Unis-Afrique en d\u00e9cembre \u00e0 Washington - Le Quotidien de Nouakchott","isPartOf":{"@id":"https:\/\/lequotidien.mr\/#website"},"primaryImageOfPage":{"@id":"https:\/\/lequotidien.mr\/?p=647&lang=fr#primaryimage"},"image":{"@id":"https:\/\/lequotidien.mr\/?p=647&lang=fr#primaryimage"},"thumbnailUrl":"https:\/\/lequotidien.mr\/wp-content\/uploads\/2022\/11\/ghazouani_8965247.jpeg","datePublished":"2022-11-22T15:43:39+00:00","breadcrumb":{"@id":"https:\/\/lequotidien.mr\/?p=647&lang=fr#breadcrumb"},"inLanguage":"ar","potentialAction":[{"@type":"ReadAction","target":["https:\/\/lequotidien.mr\/?p=647&lang=fr"]}]},{"@type":"ImageObject","inLanguage":"ar","@id":"https:\/\/lequotidien.mr\/?p=647&lang=fr#primaryimage","url":"https:\/\/lequotidien.mr\/wp-content\/uploads\/2022\/11\/ghazouani_8965247.jpeg","contentUrl":"https:\/\/lequotidien.mr\/wp-content\/uploads\/2022\/11\/ghazouani_8965247.jpeg","width":1600,"height":1346},{"@type":"BreadcrumbList","@id":"https:\/\/lequotidien.mr\/?p=647&lang=fr#breadcrumb","itemListElement":[{"@type":"ListItem","position":1,"name":"Home","item":"https:\/\/lequotidien.mr\/"},{"@type":"ListItem","position":2,"name":"Le pr\u00e9sident Mohamed Ould Ghazouani invit\u00e9 au sommet Etats-Unis-Afrique en d\u00e9cembre \u00e0 Washington"}]},{"@type":"WebSite","@id":"https:\/\/lequotidien.mr\/#website","url":"https:\/\/lequotidien.mr\/","name":"Le Quotidien de Nouakchott","description":"\u0625\u062e\u0628\u0627\u0631\u064a\u0629 \u0645\u0633\u062a\u0642\u0644\u0629 \u0644\u0644\u0623\u0646\u0628\u0627\u0621 \u0627\u0644\u0639\u0627\u0645\u0629","publisher":{"@id":"https:\/\/lequotidien.mr\/#organization"},"potentialAction":[{"@type":"SearchAction","target":{"@type":"EntryPoint","urlTemplate":"https:\/\/lequotidien.mr\/?s={search_term_string}"},"query-input":{"@type":"PropertyValueSpecification","valueRequired":true,"valueName":"search_term_string"}}],"inLanguage":"ar"},{"@type":"Organization","@id":"https:\/\/lequotidien.mr\/#organization","name":"Le Quotidien de Nouakchott","url":"https:\/\/lequotidien.mr\/","logo":{"@type":"ImageObject","inLanguage":"ar","@id":"https:\/\/lequotidien.mr\/#\/schema\/logo\/image\/","url":"https:\/\/lequotidien.mr\/wp-content\/uploads\/2022\/11\/logolequotidien.jpg","contentUrl":"https:\/\/lequotidien.mr\/wp-content\/uploads\/2022\/11\/logolequotidien.jpg","width":290,"height":65,"caption":"Le Quotidien de Nouakchott"},"image":{"@id":"https:\/\/lequotidien.mr\/#\/schema\/logo\/image\/"},"sameAs":["https:\/\/web.facebook.com\/lequotidienmr","https:\/\/x.com\/lequotidienmr"]},{"@type":"Person","@id":"https:\/\/lequotidien.mr\/#\/schema\/person\/1077c8abd5640a6514b909318d271dee","name":"Gayi Diawara","image":{"@type":"ImageObject","inLanguage":"ar","@id":"https:\/\/secure.gravatar.com\/avatar\/63ea8db1e19a6d2d608b24c0f78b5f3a7d6e0bc11959fec273410af333e4d0ac?s=96&d=mm&r=g","url":"https:\/\/secure.gravatar.com\/avatar\/63ea8db1e19a6d2d608b24c0f78b5f3a7d6e0bc11959fec273410af333e4d0ac?s=96&d=mm&r=g","contentUrl":"https:\/\/secure.gravatar.com\/avatar\/63ea8db1e19a6d2d608b24c0f78b5f3a7d6e0bc11959fec273410af333e4d0ac?s=96&d=mm&r=g","caption":"Gayi Diawara"},"sameAs":["http:\/\/lequotidien.mr"],"url":"https:\/\/lequotidien.mr\/?author=5"}]}},"_links":{"self":[{"href":"https:\/\/lequotidien.mr\/index.php?rest_route=\/wp\/v2\/posts\/647","targetHints":{"allow":["GET"]}}],"collection":[{"href":"https:\/\/lequotidien.mr\/index.php?rest_route=\/wp\/v2\/posts"}],"about":[{"href":"https:\/\/lequotidien.mr\/index.php?rest_route=\/wp\/v2\/types\/post"}],"author":[{"embeddable":true,"href":"https:\/\/lequotidien.mr\/index.php?rest_route=\/wp\/v2\/users\/5"}],"replies":[{"embeddable":true,"href":"https:\/\/lequotidien.mr\/index.php?rest_route=%2Fwp%2Fv2%2Fcomments&post=647"}],"version-history":[{"count":1,"href":"https:\/\/lequotidien.mr\/index.php?rest_route=\/wp\/v2\/posts\/647\/revisions"}],"predecessor-version":[{"id":649,"href":"https:\/\/lequotidien.mr\/index.php?rest_route=\/wp\/v2\/posts\/647\/revisions\/649"}],"wp:featuredmedia":[{"embeddable":true,"href":"https:\/\/lequotidien.mr\/index.php?rest_route=\/wp\/v2\/media\/648"}],"wp:attachment":[{"href":"https:\/\/lequotidien.mr\/index.php?rest_route=%2Fwp%2Fv2%2Fmedia&parent=647"}],"wp:term":[{"taxonomy":"category","embeddable":true,"href":"https:\/\/lequotidien.mr\/index.php?rest_route=%2Fwp%2Fv2%2Fcategories&post=647"},{"taxonomy":"post_tag","embeddable":true,"href":"https:\/\/lequotidien.mr\/index.php?rest_route=%2Fwp%2Fv2%2Ftags&post=647"}],"curies":[{"name":"wp","href":"https:\/\/api.w.org\/{rel}","templated":true}]}}