{"id":6445,"date":"2023-03-21T16:58:52","date_gmt":"2023-03-21T16:58:52","guid":{"rendered":"https:\/\/lequotidien.mr\/?p=6445"},"modified":"2023-03-21T16:58:52","modified_gmt":"2023-03-21T16:58:52","slug":"commemoration-de-la-journee-internationale-de-la-francophonie-le-20-mars-2023-mauritanie-photo-reportage","status":"publish","type":"post","link":"https:\/\/lequotidien.mr\/?p=6445&lang=fr","title":{"rendered":"Comm\u00e9moration de la journ\u00e9e internationale de la francophonie le 20 Mars 2023  Mauritanie\/ Photo-reportage"},"content":{"rendered":"<div class=\"field field-name-body field-type-text-with-summary field-label-hidden\">\n<div class=\"field-items\">\n<div class=\"field-item even\">\n<p>La commission Nationale de l\u2019Education des Sciences et de la culture a organis\u00e9 une c\u00e9r\u00e9monie de comm\u00e9moration de la journ\u00e9e internationale de la francophonie\u00a0 le 20 Mars 2023, dans les locaux de l\u2019UTM\u00a0.<\/p>\n<p>L\u2019ouverture officielle de cette c\u00e9r\u00e9monie a \u00e9t\u00e9 marqu\u00e9e par les points suivants\u00a0:<\/p>\n<p>Lecture d\u2019un verset coranique<\/p>\n<p>La lecture du po\u00e8me de Mounaya rendant hommage \u00e0 feu Ahmed O\/ Hamza pour les efforts qu\u2019il a fournis au service de la francophonie<\/p>\n<p>Des s\u00e9quences br\u00e8ves pr\u00e9sent\u00e9es par des \u00e9l\u00e8ves tournant essentiellement autour de certaines le\u00e7ons de morale visant la consolidation de l\u2019unit\u00e9 nationale et l\u2019importance de la bonne gestion du temps<\/p>\n<p>Puis\u00a0 un mot prononc\u00e9 par le pr\u00e9sident de l\u2019association mauritanienne de la francophonie qui, apr\u00e8s avoir rendu hommage \u00e0 feu Ahmed O\/ Hamza, a mis l\u2019accent sur le r\u00f4le du fran\u00e7ais dans le renforcement de l\u2019\u00e9galit\u00e9, de la compl\u00e9mentarit\u00e9 et de l\u2019\u00e9galit\u00e9 au sein de la soci\u00e9t\u00e9.<\/p>\n<p>Ensuite un mot prononc\u00e9 par l\u2019ambassadeur de France en Mauritanie qui , apr\u00e8s avoir remerci\u00e9\u00a0 La commission Nationale de l\u2019Education des Sciences et de la culture pour les efforts qu\u2019elle a d\u00e9ploy\u00e9s pour la comm\u00e9moration de la\u00a0 journ\u00e9e internationale de la francophonie, a mis l\u2019accent sur l\u2019importance du plurilinguisme et le r\u00f4le de la langue fran\u00e7aise dans le rayonnement de la culture en interagissant avec les autres langues comme l\u2019arabe, le pullar, le sonink\u00e9 et le wolof.<\/p>\n<p>Et enfin, un mot d\u2019ouverture \u00a0\u00a0prononc\u00e9 par le MEN qui a soulign\u00e9 l\u2019importance du fran\u00e7ais dans la communication et dans l\u2019enseignement en Mauritanie, appr\u00e9ci\u00e9 la langue fran\u00e7aise en tant source de richesse<\/p>\n<\/div>\n<\/div>\n<\/div>\n<div class=\"field field-name-field-imgs field-type-image field-label-hidden\">\n<div class=\"field-items\">\n<div class=\"field-item even\"><span class=\"caption\"><img loading=\"lazy\" decoding=\"async\" src=\"http:\/\/mauriweb.info\/sites\/default\/files\/PHOTO-2023-03-21-15-18-41.jpg\" alt=\"\" width=\"2048\" height=\"1152\" \/><\/span>&nbsp;<\/p>\n<\/div>\n<div class=\"field-item odd\"><span class=\"caption\"><img loading=\"lazy\" decoding=\"async\" src=\"http:\/\/mauriweb.info\/sites\/default\/files\/PHOTO-2023-03-21-15-18-41_2.jpg\" alt=\"\" width=\"2048\" height=\"1152\" \/><\/span>&nbsp;<\/p>\n<\/div>\n<div class=\"field-item even\"><span class=\"caption\"><img loading=\"lazy\" decoding=\"async\" src=\"http:\/\/mauriweb.info\/sites\/default\/files\/PHOTO-2023-03-21-15-18-41_3_0.jpg\" alt=\"\" width=\"2048\" height=\"1152\" \/><\/span>&nbsp;<\/p>\n<\/div>\n<div class=\"field-item odd\"><span class=\"caption\"><img loading=\"lazy\" decoding=\"async\" src=\"http:\/\/mauriweb.info\/sites\/default\/files\/PHOTO-2023-03-21-15-18-41_5.jpg\" alt=\"\" width=\"2048\" height=\"1152\" \/><\/span>&nbsp;<\/p>\n<\/div>\n<div class=\"field-item even\"><span class=\"caption\"><img loading=\"lazy\" decoding=\"async\" src=\"http:\/\/mauriweb.info\/sites\/default\/files\/PHOTO-2023-03-21-15-18-41_4.jpg\" alt=\"\" width=\"2048\" height=\"1152\" \/><\/span>&nbsp;<\/p>\n<\/div>\n<div class=\"field-item odd\"><span class=\"caption\"><img loading=\"lazy\" decoding=\"async\" src=\"http:\/\/mauriweb.info\/sites\/default\/files\/PHOTO-2023-03-21-15-18-41_6_0.jpg\" alt=\"\" width=\"2048\" height=\"1152\" \/><\/span>&nbsp;<\/p>\n<\/div>\n<div class=\"field-item even\"><span class=\"caption\"><img loading=\"lazy\" decoding=\"async\" src=\"http:\/\/mauriweb.info\/sites\/default\/files\/PHOTO-2023-03-21-15-18-41_7.jpg\" alt=\"\" width=\"2048\" height=\"1152\" \/><\/span>&nbsp;<\/p>\n<\/div>\n<div class=\"field-item odd\"><span class=\"caption\"><img loading=\"lazy\" decoding=\"async\" src=\"http:\/\/mauriweb.info\/sites\/default\/files\/PHOTO-2023-03-21-15-18-41_8.jpg\" alt=\"\" width=\"2048\" height=\"1152\" \/><\/span>&nbsp;<\/p>\n<\/div>\n<div class=\"field-item even\"><span class=\"caption\"><img loading=\"lazy\" decoding=\"async\" src=\"http:\/\/mauriweb.info\/sites\/default\/files\/PHOTO-2023-03-21-15-18-41_9.jpg\" alt=\"\" width=\"2048\" height=\"1152\" \/><\/span>&nbsp;<\/p>\n<\/div>\n<div class=\"field-item odd\"><span class=\"caption\"><img loading=\"lazy\" decoding=\"async\" src=\"http:\/\/mauriweb.info\/sites\/default\/files\/PHOTO-2023-03-21-15-18-41_10.jpg\" alt=\"\" width=\"2048\" height=\"1152\" \/><\/span>&nbsp;<\/p>\n<\/div>\n<div class=\"field-item even\"><span class=\"caption\"><img loading=\"lazy\" decoding=\"async\" src=\"http:\/\/mauriweb.info\/sites\/default\/files\/PHOTO-2023-03-21-15-18-41_11.jpg\" alt=\"\" width=\"2048\" height=\"1152\" \/><\/span>&nbsp;<\/p>\n<\/div>\n<div class=\"field-item odd\"><span class=\"caption\"><img loading=\"lazy\" decoding=\"async\" src=\"http:\/\/mauriweb.info\/sites\/default\/files\/PHOTO-2023-03-21-15-18-41_12.jpg\" alt=\"\" width=\"2048\" height=\"1152\" \/><\/span>&nbsp;<\/p>\n<\/div>\n<div class=\"field-item even\"><span class=\"caption\"><img loading=\"lazy\" decoding=\"async\" src=\"http:\/\/mauriweb.info\/sites\/default\/files\/PHOTO-2023-03-21-15-18-41_13.jpg\" alt=\"\" width=\"2048\" height=\"1152\" \/><\/span>&nbsp;<\/p>\n<\/div>\n<div class=\"field-item odd\"><span class=\"caption\"><img loading=\"lazy\" decoding=\"async\" src=\"http:\/\/mauriweb.info\/sites\/default\/files\/PHOTO-2023-03-21-15-18-41_14.jpg\" alt=\"\" width=\"2048\" height=\"1152\" \/><\/span>&nbsp;<\/p>\n<\/div>\n<div class=\"field-item even\"><span class=\"caption\"><img loading=\"lazy\" decoding=\"async\" src=\"http:\/\/mauriweb.info\/sites\/default\/files\/PHOTO-2023-03-21-15-18-41_15.jpg\" alt=\"\" width=\"2048\" height=\"1152\" \/><\/span>&nbsp;<\/p>\n<\/div>\n<div class=\"field-item odd\"><span class=\"caption\"><img loading=\"lazy\" decoding=\"async\" src=\"http:\/\/mauriweb.info\/sites\/default\/files\/PHOTO-2023-03-21-15-18-41_16_0.jpg\" alt=\"\" width=\"2048\" height=\"1152\" \/><\/span>&nbsp;<\/p>\n<\/div>\n<div class=\"field-item even\"><span class=\"caption\"><img loading=\"lazy\" decoding=\"async\" src=\"http:\/\/mauriweb.info\/sites\/default\/files\/PHOTO-2023-03-21-15-18-41_17.jpg\" alt=\"\" width=\"2048\" height=\"1152\" \/><\/span>&nbsp;<\/p>\n<\/div>\n<div class=\"field-item odd\"><span class=\"caption\"><img loading=\"lazy\" decoding=\"async\" src=\"http:\/\/mauriweb.info\/sites\/default\/files\/PHOTO-2023-03-21-15-18-41_18.jpg\" alt=\"\" width=\"2048\" height=\"1152\" \/><\/span>&nbsp;<\/p>\n<\/div>\n<div class=\"field-item even\"><span class=\"caption\"><img loading=\"lazy\" decoding=\"async\" src=\"http:\/\/mauriweb.info\/sites\/default\/files\/PHOTO-2023-03-21-15-18-41_19.jpg\" alt=\"\" width=\"2048\" height=\"1152\" \/><\/span>&nbsp;<\/p>\n<\/div>\n<div class=\"field-item odd\"><span class=\"caption\"><img loading=\"lazy\" decoding=\"async\" src=\"http:\/\/mauriweb.info\/sites\/default\/files\/PHOTO-2023-03-21-15-18-41_20.jpg\" alt=\"\" width=\"2048\" height=\"1152\" \/><\/span>&nbsp;<\/p>\n<\/div>\n<div class=\"field-item even\"><span class=\"caption\"><img loading=\"lazy\" decoding=\"async\" src=\"http:\/\/mauriweb.info\/sites\/default\/files\/PHOTO-2023-03-21-15-18-41_21.jpg\" alt=\"\" width=\"2048\" height=\"1152\" \/><\/span>&nbsp;<\/p>\n<\/div>\n<div class=\"field-item odd\"><span class=\"caption\"><img loading=\"lazy\" decoding=\"async\" src=\"http:\/\/mauriweb.info\/sites\/default\/files\/PHOTO-2023-03-21-15-18-41_22.jpg\" alt=\"\" width=\"2048\" height=\"1152\" \/><\/span>&nbsp;<\/p>\n<\/div>\n<div class=\"field-item even\"><span class=\"caption\"><img loading=\"lazy\" decoding=\"async\" src=\"http:\/\/mauriweb.info\/sites\/default\/files\/PHOTO-2023-03-21-15-18-41_23.jpg\" alt=\"\" width=\"2048\" height=\"1152\" \/><\/span>&nbsp;<\/p>\n<\/div>\n<\/div>\n<\/div>\n<div class=\"sharethis-buttons\"><\/div>\n","protected":false},"excerpt":{"rendered":"<p>La commission Nationale de l\u2019Education des Sciences et de la culture a organis\u00e9 une c\u00e9r\u00e9monie de comm\u00e9moration de la journ\u00e9e internationale de la francophonie\u00a0 le 20 Mars 2023, dans les locaux de l\u2019UTM\u00a0. L\u2019ouverture officielle de cette c\u00e9r\u00e9monie a \u00e9t\u00e9 marqu\u00e9e par les points suivants\u00a0: Lecture d\u2019un verset coranique La lecture du po\u00e8me de Mounaya&#8230;..<\/p>\n","protected":false},"author":5,"featured_media":6446,"comment_status":"open","ping_status":"open","sticky":false,"template":"","format":"standard","meta":{"footnotes":""},"categories":[23,55],"tags":[],"class_list":["post-6445","post","type-post","status-publish","format-standard","has-post-thumbnail","hentry","category-actualite","category-culture"],"yoast_head":"<!-- This site is optimized with the Yoast SEO plugin v27.5 - https:\/\/yoast.com\/product\/yoast-seo-wordpress\/ -->\n<title>Comm\u00e9moration de la journ\u00e9e internationale de la francophonie le 20 Mars 2023 Mauritanie\/ Photo-reportage - Le Quotidien de Nouakchott<\/title>\n<meta name=\"robots\" content=\"index, follow, max-snippet:-1, max-image-preview:large, max-video-preview:-1\" \/>\n<link rel=\"canonical\" href=\"https:\/\/lequotidien.mr\/?p=6445&lang=fr\" \/>\n<meta property=\"og:locale\" content=\"ar_AR\" \/>\n<meta property=\"og:type\" content=\"article\" \/>\n<meta property=\"og:title\" content=\"Comm\u00e9moration de la journ\u00e9e internationale de la francophonie le 20 Mars 2023 Mauritanie\/ Photo-reportage - Le Quotidien de Nouakchott\" \/>\n<meta property=\"og:description\" content=\"La commission Nationale de l\u2019Education des Sciences et de la culture a organis\u00e9 une c\u00e9r\u00e9monie de comm\u00e9moration de la journ\u00e9e internationale de la francophonie\u00a0 le 20 Mars 2023, dans les locaux de l\u2019UTM\u00a0. L\u2019ouverture officielle de cette c\u00e9r\u00e9monie a \u00e9t\u00e9 marqu\u00e9e par les points suivants\u00a0: Lecture d\u2019un verset coranique La lecture du po\u00e8me de Mounaya.....\" \/>\n<meta property=\"og:url\" content=\"https:\/\/lequotidien.mr\/?p=6445&amp;lang=fr\" \/>\n<meta property=\"og:site_name\" content=\"Le Quotidien de Nouakchott\" \/>\n<meta property=\"article:publisher\" content=\"https:\/\/web.facebook.com\/lequotidienmr\" \/>\n<meta property=\"article:published_time\" content=\"2023-03-21T16:58:52+00:00\" \/>\n<meta property=\"og:image\" content=\"https:\/\/lequotidien.mr\/wp-content\/uploads\/2023\/03\/PHOTO-2023-03-21-15-18-41_19.jpg\" \/>\n\t<meta property=\"og:image:width\" content=\"2048\" \/>\n\t<meta property=\"og:image:height\" content=\"1152\" \/>\n\t<meta property=\"og:image:type\" content=\"image\/jpeg\" \/>\n<meta name=\"author\" content=\"Gayi Diawara\" \/>\n<meta name=\"twitter:card\" content=\"summary_large_image\" \/>\n<meta name=\"twitter:creator\" content=\"@lequotidienmr\" \/>\n<meta name=\"twitter:site\" content=\"@lequotidienmr\" \/>\n<meta name=\"twitter:label1\" content=\"\u0643\u064f\u062a\u0628 \u0628\u0648\u0627\u0633\u0637\u0629\" \/>\n\t<meta name=\"twitter:data1\" content=\"Gayi Diawara\" \/>\n\t<meta name=\"twitter:label2\" content=\"\u0648\u0642\u062a \u0627\u0644\u0642\u0631\u0627\u0621\u0629 \u0627\u0644\u0645\u064f\u0642\u062f\u0651\u0631\" \/>\n\t<meta name=\"twitter:data2\" content=\"6 \u062f\u0642\u0627\u0626\u0642\" \/>\n<script type=\"application\/ld+json\" class=\"yoast-schema-graph\">{\"@context\":\"https:\\\/\\\/schema.org\",\"@graph\":[{\"@type\":\"Article\",\"@id\":\"https:\\\/\\\/lequotidien.mr\\\/?p=6445&lang=fr#article\",\"isPartOf\":{\"@id\":\"https:\\\/\\\/lequotidien.mr\\\/?p=6445&lang=fr\"},\"author\":{\"name\":\"Gayi Diawara\",\"@id\":\"https:\\\/\\\/lequotidien.mr\\\/#\\\/schema\\\/person\\\/1077c8abd5640a6514b909318d271dee\"},\"headline\":\"Comm\u00e9moration de la journ\u00e9e internationale de la francophonie le 20 Mars 2023 Mauritanie\\\/ Photo-reportage\",\"datePublished\":\"2023-03-21T16:58:52+00:00\",\"mainEntityOfPage\":{\"@id\":\"https:\\\/\\\/lequotidien.mr\\\/?p=6445&lang=fr\"},\"wordCount\":340,\"commentCount\":0,\"publisher\":{\"@id\":\"https:\\\/\\\/lequotidien.mr\\\/#organization\"},\"image\":{\"@id\":\"https:\\\/\\\/lequotidien.mr\\\/?p=6445&lang=fr#primaryimage\"},\"thumbnailUrl\":\"https:\\\/\\\/lequotidien.mr\\\/wp-content\\\/uploads\\\/2023\\\/03\\\/PHOTO-2023-03-21-15-18-41_19.jpg\",\"articleSection\":[\"ACTUALIT\u00c9\",\"Culture\"],\"inLanguage\":\"ar\",\"potentialAction\":[{\"@type\":\"CommentAction\",\"name\":\"Comment\",\"target\":[\"https:\\\/\\\/lequotidien.mr\\\/?p=6445&lang=fr#respond\"]}]},{\"@type\":\"WebPage\",\"@id\":\"https:\\\/\\\/lequotidien.mr\\\/?p=6445&lang=fr\",\"url\":\"https:\\\/\\\/lequotidien.mr\\\/?p=6445&lang=fr\",\"name\":\"Comm\u00e9moration de la journ\u00e9e internationale de la francophonie le 20 Mars 2023 Mauritanie\\\/ Photo-reportage - Le Quotidien de Nouakchott\",\"isPartOf\":{\"@id\":\"https:\\\/\\\/lequotidien.mr\\\/#website\"},\"primaryImageOfPage\":{\"@id\":\"https:\\\/\\\/lequotidien.mr\\\/?p=6445&lang=fr#primaryimage\"},\"image\":{\"@id\":\"https:\\\/\\\/lequotidien.mr\\\/?p=6445&lang=fr#primaryimage\"},\"thumbnailUrl\":\"https:\\\/\\\/lequotidien.mr\\\/wp-content\\\/uploads\\\/2023\\\/03\\\/PHOTO-2023-03-21-15-18-41_19.jpg\",\"datePublished\":\"2023-03-21T16:58:52+00:00\",\"breadcrumb\":{\"@id\":\"https:\\\/\\\/lequotidien.mr\\\/?p=6445&lang=fr#breadcrumb\"},\"inLanguage\":\"ar\",\"potentialAction\":[{\"@type\":\"ReadAction\",\"target\":[\"https:\\\/\\\/lequotidien.mr\\\/?p=6445&lang=fr\"]}]},{\"@type\":\"ImageObject\",\"inLanguage\":\"ar\",\"@id\":\"https:\\\/\\\/lequotidien.mr\\\/?p=6445&lang=fr#primaryimage\",\"url\":\"https:\\\/\\\/lequotidien.mr\\\/wp-content\\\/uploads\\\/2023\\\/03\\\/PHOTO-2023-03-21-15-18-41_19.jpg\",\"contentUrl\":\"https:\\\/\\\/lequotidien.mr\\\/wp-content\\\/uploads\\\/2023\\\/03\\\/PHOTO-2023-03-21-15-18-41_19.jpg\",\"width\":2048,\"height\":1152},{\"@type\":\"BreadcrumbList\",\"@id\":\"https:\\\/\\\/lequotidien.mr\\\/?p=6445&lang=fr#breadcrumb\",\"itemListElement\":[{\"@type\":\"ListItem\",\"position\":1,\"name\":\"Home\",\"item\":\"https:\\\/\\\/lequotidien.mr\\\/\"},{\"@type\":\"ListItem\",\"position\":2,\"name\":\"Comm\u00e9moration de la journ\u00e9e internationale de la francophonie le 20 Mars 2023 Mauritanie\\\/ Photo-reportage\"}]},{\"@type\":\"WebSite\",\"@id\":\"https:\\\/\\\/lequotidien.mr\\\/#website\",\"url\":\"https:\\\/\\\/lequotidien.mr\\\/\",\"name\":\"Le Quotidien de Nouakchott\",\"description\":\"\u0625\u062e\u0628\u0627\u0631\u064a\u0629 \u0645\u0633\u062a\u0642\u0644\u0629 \u0644\u0644\u0623\u0646\u0628\u0627\u0621 \u0627\u0644\u0639\u0627\u0645\u0629\",\"publisher\":{\"@id\":\"https:\\\/\\\/lequotidien.mr\\\/#organization\"},\"potentialAction\":[{\"@type\":\"SearchAction\",\"target\":{\"@type\":\"EntryPoint\",\"urlTemplate\":\"https:\\\/\\\/lequotidien.mr\\\/?s={search_term_string}\"},\"query-input\":{\"@type\":\"PropertyValueSpecification\",\"valueRequired\":true,\"valueName\":\"search_term_string\"}}],\"inLanguage\":\"ar\"},{\"@type\":\"Organization\",\"@id\":\"https:\\\/\\\/lequotidien.mr\\\/#organization\",\"name\":\"Le Quotidien de Nouakchott\",\"url\":\"https:\\\/\\\/lequotidien.mr\\\/\",\"logo\":{\"@type\":\"ImageObject\",\"inLanguage\":\"ar\",\"@id\":\"https:\\\/\\\/lequotidien.mr\\\/#\\\/schema\\\/logo\\\/image\\\/\",\"url\":\"https:\\\/\\\/lequotidien.mr\\\/wp-content\\\/uploads\\\/2022\\\/11\\\/logolequotidien.jpg\",\"contentUrl\":\"https:\\\/\\\/lequotidien.mr\\\/wp-content\\\/uploads\\\/2022\\\/11\\\/logolequotidien.jpg\",\"width\":290,\"height\":65,\"caption\":\"Le Quotidien de Nouakchott\"},\"image\":{\"@id\":\"https:\\\/\\\/lequotidien.mr\\\/#\\\/schema\\\/logo\\\/image\\\/\"},\"sameAs\":[\"https:\\\/\\\/web.facebook.com\\\/lequotidienmr\",\"https:\\\/\\\/x.com\\\/lequotidienmr\"]},{\"@type\":\"Person\",\"@id\":\"https:\\\/\\\/lequotidien.mr\\\/#\\\/schema\\\/person\\\/1077c8abd5640a6514b909318d271dee\",\"name\":\"Gayi Diawara\",\"image\":{\"@type\":\"ImageObject\",\"inLanguage\":\"ar\",\"@id\":\"https:\\\/\\\/secure.gravatar.com\\\/avatar\\\/63ea8db1e19a6d2d608b24c0f78b5f3a7d6e0bc11959fec273410af333e4d0ac?s=96&d=mm&r=g\",\"url\":\"https:\\\/\\\/secure.gravatar.com\\\/avatar\\\/63ea8db1e19a6d2d608b24c0f78b5f3a7d6e0bc11959fec273410af333e4d0ac?s=96&d=mm&r=g\",\"contentUrl\":\"https:\\\/\\\/secure.gravatar.com\\\/avatar\\\/63ea8db1e19a6d2d608b24c0f78b5f3a7d6e0bc11959fec273410af333e4d0ac?s=96&d=mm&r=g\",\"caption\":\"Gayi Diawara\"},\"sameAs\":[\"http:\\\/\\\/lequotidien.mr\"],\"url\":\"https:\\\/\\\/lequotidien.mr\\\/?author=5\"}]}<\/script>\n<!-- \/ Yoast SEO plugin. -->","yoast_head_json":{"title":"Comm\u00e9moration de la journ\u00e9e internationale de la francophonie le 20 Mars 2023 Mauritanie\/ Photo-reportage - Le Quotidien de Nouakchott","robots":{"index":"index","follow":"follow","max-snippet":"max-snippet:-1","max-image-preview":"max-image-preview:large","max-video-preview":"max-video-preview:-1"},"canonical":"https:\/\/lequotidien.mr\/?p=6445&lang=fr","og_locale":"ar_AR","og_type":"article","og_title":"Comm\u00e9moration de la journ\u00e9e internationale de la francophonie le 20 Mars 2023 Mauritanie\/ Photo-reportage - Le Quotidien de Nouakchott","og_description":"La commission Nationale de l\u2019Education des Sciences et de la culture a organis\u00e9 une c\u00e9r\u00e9monie de comm\u00e9moration de la journ\u00e9e internationale de la francophonie\u00a0 le 20 Mars 2023, dans les locaux de l\u2019UTM\u00a0. L\u2019ouverture officielle de cette c\u00e9r\u00e9monie a \u00e9t\u00e9 marqu\u00e9e par les points suivants\u00a0: Lecture d\u2019un verset coranique La lecture du po\u00e8me de Mounaya.....","og_url":"https:\/\/lequotidien.mr\/?p=6445&lang=fr","og_site_name":"Le Quotidien de Nouakchott","article_publisher":"https:\/\/web.facebook.com\/lequotidienmr","article_published_time":"2023-03-21T16:58:52+00:00","og_image":[{"width":2048,"height":1152,"url":"https:\/\/lequotidien.mr\/wp-content\/uploads\/2023\/03\/PHOTO-2023-03-21-15-18-41_19.jpg","type":"image\/jpeg"}],"author":"Gayi Diawara","twitter_card":"summary_large_image","twitter_creator":"@lequotidienmr","twitter_site":"@lequotidienmr","twitter_misc":{"\u0643\u064f\u062a\u0628 \u0628\u0648\u0627\u0633\u0637\u0629":"Gayi Diawara","\u0648\u0642\u062a \u0627\u0644\u0642\u0631\u0627\u0621\u0629 \u0627\u0644\u0645\u064f\u0642\u062f\u0651\u0631":"6 \u062f\u0642\u0627\u0626\u0642"},"schema":{"@context":"https:\/\/schema.org","@graph":[{"@type":"Article","@id":"https:\/\/lequotidien.mr\/?p=6445&lang=fr#article","isPartOf":{"@id":"https:\/\/lequotidien.mr\/?p=6445&lang=fr"},"author":{"name":"Gayi Diawara","@id":"https:\/\/lequotidien.mr\/#\/schema\/person\/1077c8abd5640a6514b909318d271dee"},"headline":"Comm\u00e9moration de la journ\u00e9e internationale de la francophonie le 20 Mars 2023 Mauritanie\/ Photo-reportage","datePublished":"2023-03-21T16:58:52+00:00","mainEntityOfPage":{"@id":"https:\/\/lequotidien.mr\/?p=6445&lang=fr"},"wordCount":340,"commentCount":0,"publisher":{"@id":"https:\/\/lequotidien.mr\/#organization"},"image":{"@id":"https:\/\/lequotidien.mr\/?p=6445&lang=fr#primaryimage"},"thumbnailUrl":"https:\/\/lequotidien.mr\/wp-content\/uploads\/2023\/03\/PHOTO-2023-03-21-15-18-41_19.jpg","articleSection":["ACTUALIT\u00c9","Culture"],"inLanguage":"ar","potentialAction":[{"@type":"CommentAction","name":"Comment","target":["https:\/\/lequotidien.mr\/?p=6445&lang=fr#respond"]}]},{"@type":"WebPage","@id":"https:\/\/lequotidien.mr\/?p=6445&lang=fr","url":"https:\/\/lequotidien.mr\/?p=6445&lang=fr","name":"Comm\u00e9moration de la journ\u00e9e internationale de la francophonie le 20 Mars 2023 Mauritanie\/ Photo-reportage - Le Quotidien de Nouakchott","isPartOf":{"@id":"https:\/\/lequotidien.mr\/#website"},"primaryImageOfPage":{"@id":"https:\/\/lequotidien.mr\/?p=6445&lang=fr#primaryimage"},"image":{"@id":"https:\/\/lequotidien.mr\/?p=6445&lang=fr#primaryimage"},"thumbnailUrl":"https:\/\/lequotidien.mr\/wp-content\/uploads\/2023\/03\/PHOTO-2023-03-21-15-18-41_19.jpg","datePublished":"2023-03-21T16:58:52+00:00","breadcrumb":{"@id":"https:\/\/lequotidien.mr\/?p=6445&lang=fr#breadcrumb"},"inLanguage":"ar","potentialAction":[{"@type":"ReadAction","target":["https:\/\/lequotidien.mr\/?p=6445&lang=fr"]}]},{"@type":"ImageObject","inLanguage":"ar","@id":"https:\/\/lequotidien.mr\/?p=6445&lang=fr#primaryimage","url":"https:\/\/lequotidien.mr\/wp-content\/uploads\/2023\/03\/PHOTO-2023-03-21-15-18-41_19.jpg","contentUrl":"https:\/\/lequotidien.mr\/wp-content\/uploads\/2023\/03\/PHOTO-2023-03-21-15-18-41_19.jpg","width":2048,"height":1152},{"@type":"BreadcrumbList","@id":"https:\/\/lequotidien.mr\/?p=6445&lang=fr#breadcrumb","itemListElement":[{"@type":"ListItem","position":1,"name":"Home","item":"https:\/\/lequotidien.mr\/"},{"@type":"ListItem","position":2,"name":"Comm\u00e9moration de la journ\u00e9e internationale de la francophonie le 20 Mars 2023 Mauritanie\/ Photo-reportage"}]},{"@type":"WebSite","@id":"https:\/\/lequotidien.mr\/#website","url":"https:\/\/lequotidien.mr\/","name":"Le Quotidien de Nouakchott","description":"\u0625\u062e\u0628\u0627\u0631\u064a\u0629 \u0645\u0633\u062a\u0642\u0644\u0629 \u0644\u0644\u0623\u0646\u0628\u0627\u0621 \u0627\u0644\u0639\u0627\u0645\u0629","publisher":{"@id":"https:\/\/lequotidien.mr\/#organization"},"potentialAction":[{"@type":"SearchAction","target":{"@type":"EntryPoint","urlTemplate":"https:\/\/lequotidien.mr\/?s={search_term_string}"},"query-input":{"@type":"PropertyValueSpecification","valueRequired":true,"valueName":"search_term_string"}}],"inLanguage":"ar"},{"@type":"Organization","@id":"https:\/\/lequotidien.mr\/#organization","name":"Le Quotidien de Nouakchott","url":"https:\/\/lequotidien.mr\/","logo":{"@type":"ImageObject","inLanguage":"ar","@id":"https:\/\/lequotidien.mr\/#\/schema\/logo\/image\/","url":"https:\/\/lequotidien.mr\/wp-content\/uploads\/2022\/11\/logolequotidien.jpg","contentUrl":"https:\/\/lequotidien.mr\/wp-content\/uploads\/2022\/11\/logolequotidien.jpg","width":290,"height":65,"caption":"Le Quotidien de Nouakchott"},"image":{"@id":"https:\/\/lequotidien.mr\/#\/schema\/logo\/image\/"},"sameAs":["https:\/\/web.facebook.com\/lequotidienmr","https:\/\/x.com\/lequotidienmr"]},{"@type":"Person","@id":"https:\/\/lequotidien.mr\/#\/schema\/person\/1077c8abd5640a6514b909318d271dee","name":"Gayi Diawara","image":{"@type":"ImageObject","inLanguage":"ar","@id":"https:\/\/secure.gravatar.com\/avatar\/63ea8db1e19a6d2d608b24c0f78b5f3a7d6e0bc11959fec273410af333e4d0ac?s=96&d=mm&r=g","url":"https:\/\/secure.gravatar.com\/avatar\/63ea8db1e19a6d2d608b24c0f78b5f3a7d6e0bc11959fec273410af333e4d0ac?s=96&d=mm&r=g","contentUrl":"https:\/\/secure.gravatar.com\/avatar\/63ea8db1e19a6d2d608b24c0f78b5f3a7d6e0bc11959fec273410af333e4d0ac?s=96&d=mm&r=g","caption":"Gayi Diawara"},"sameAs":["http:\/\/lequotidien.mr"],"url":"https:\/\/lequotidien.mr\/?author=5"}]}},"_links":{"self":[{"href":"https:\/\/lequotidien.mr\/index.php?rest_route=\/wp\/v2\/posts\/6445","targetHints":{"allow":["GET"]}}],"collection":[{"href":"https:\/\/lequotidien.mr\/index.php?rest_route=\/wp\/v2\/posts"}],"about":[{"href":"https:\/\/lequotidien.mr\/index.php?rest_route=\/wp\/v2\/types\/post"}],"author":[{"embeddable":true,"href":"https:\/\/lequotidien.mr\/index.php?rest_route=\/wp\/v2\/users\/5"}],"replies":[{"embeddable":true,"href":"https:\/\/lequotidien.mr\/index.php?rest_route=%2Fwp%2Fv2%2Fcomments&post=6445"}],"version-history":[{"count":1,"href":"https:\/\/lequotidien.mr\/index.php?rest_route=\/wp\/v2\/posts\/6445\/revisions"}],"predecessor-version":[{"id":6447,"href":"https:\/\/lequotidien.mr\/index.php?rest_route=\/wp\/v2\/posts\/6445\/revisions\/6447"}],"wp:featuredmedia":[{"embeddable":true,"href":"https:\/\/lequotidien.mr\/index.php?rest_route=\/wp\/v2\/media\/6446"}],"wp:attachment":[{"href":"https:\/\/lequotidien.mr\/index.php?rest_route=%2Fwp%2Fv2%2Fmedia&parent=6445"}],"wp:term":[{"taxonomy":"category","embeddable":true,"href":"https:\/\/lequotidien.mr\/index.php?rest_route=%2Fwp%2Fv2%2Fcategories&post=6445"},{"taxonomy":"post_tag","embeddable":true,"href":"https:\/\/lequotidien.mr\/index.php?rest_route=%2Fwp%2Fv2%2Ftags&post=6445"}],"curies":[{"name":"wp","href":"https:\/\/api.w.org\/{rel}","templated":true}]}}