{"id":644,"date":"2022-11-22T15:40:58","date_gmt":"2022-11-22T15:40:58","guid":{"rendered":"https:\/\/lequotidien.mr\/?p=644"},"modified":"2022-11-22T15:40:58","modified_gmt":"2022-11-22T15:40:58","slug":"la-ceni-ouvre-la-porte-a-une-serie-de-recrutements","status":"publish","type":"post","link":"https:\/\/lequotidien.mr\/?p=644&lang=fr","title":{"rendered":"La CENI ouvre la porte \u00e0 une s\u00e9rie de recrutements"},"content":{"rendered":"<p>Sahara M\u00e9dias &#8211; La commission \u00e9lectorale nationale ind\u00e9pendante (CENI) a annonc\u00e9 la vacance de certains emplois au niveau de son appareil central, appelant les personnes int\u00e9ress\u00e9es par ces emplois \u00e0 faire parvenir leurs candidatures \u00e0 travers le site \u00e9lectronique au cours de la p\u00e9riode situ\u00e9e entre le 21 et le 28 novembre.<\/p>\n<p>Ce recrutement s\u2019inscrit dans le cadre de la pr\u00e9paration des prochaines \u00e9lections l\u00e9gislatives, r\u00e9gionales et municipales pr\u00e9vues l\u2019ann\u00e9e prochaine (2023).<\/p>\n<p>La commission exige des candidats de r\u00e9pondre aux crit\u00e8res de neutralit\u00e9, d\u2019int\u00e9grit\u00e9, d\u2019ind\u00e9pendance, l\u2019aptitude physique et mentale, en plus des dipl\u00f4mes requis afin de pouvoir pr\u00e9tendre au poste.<\/p>\n<p>Dans son communiqu\u00e9 la CENI cherche \u00e0 recruter des conseillers, des charg\u00e9s de mission, des inspecteurs, des contr\u00f4leurs et des attach\u00e9s.<\/p>\n<p>Parmi les postes \u00e0 pourvoir, celui de directeur des op\u00e9rations \u00e9lectorales, directeur des d\u00e9membrements r\u00e9gionaux et locaux, directeur des affaires juridiques, directeur de la communication et de la formation et enfin celui de directeur administratif et financier.<\/p>\n<p>La CENI a invit\u00e9 les candidats \u00e0 ces postes \u00e0 remplir les formulaires disponibles sur son site \u00e9lectronique et ceux qui ont une exp\u00e9rience ant\u00e9rieure dans les op\u00e9rations \u00e9lectorales au niveau des d\u00e9membrements et r\u00e9pondant aux crit\u00e8res \u00e0 postuler aux postes en question.<\/p>\n<p>La commission de gestion de la CENI, planche depuis son installation, \u00e0 mettre en place un plan de restructuration et une nouvelle structure organisationnelle, selon les sources de Sahara Medias.<\/p>\n<p>Selon ces m\u00eames sources le vice-pr\u00e9sident de l\u2019institution, l\u2019avocat et sp\u00e9cialiste constitutionnel, Mohamed Lemine O. Dahi pr\u00e9pare un plan de restructuration qui sera disponible dans quelques jours et qui pr\u00e9voit le recrutement d\u2019un nouveau personnel pour l\u2019organisation et la gestion des prochaines \u00e9lections dans quelques mois.<\/p>\n<p>Ce personnel sera recrut\u00e9 pour une p\u00e9riode de deux ans, c\u2019est-\u00e0-dire jusqu\u2019au deuxi\u00e8me semestre de 2024.<\/p>\n<p>Les d\u00e9penses seront effectu\u00e9es sur le budget de l\u2019ann\u00e9e prochaine, 2023, un budget qui serait de 5 milliards MRO.<\/p>\n<p>L\u2019ancienne CENI avait d\u00e9pens\u00e9 un demi-milliard MRO, soit la totalit\u00e9 de son budget 2022, selon le tr\u00e9sor public.<\/p>\n<p>L\u2019actuelle CENI avait demand\u00e9 aux autorit\u00e9s mauritaniennes de lui affecter les anciens locaux de l\u2019assembl\u00e9e nationale.<\/p>\n","protected":false},"excerpt":{"rendered":"<p>Sahara M\u00e9dias &#8211; La commission \u00e9lectorale nationale ind\u00e9pendante (CENI) a annonc\u00e9 la vacance de certains emplois au niveau de son appareil central, appelant les personnes int\u00e9ress\u00e9es par ces emplois \u00e0 faire parvenir leurs candidatures \u00e0 travers le site \u00e9lectronique au cours de la p\u00e9riode situ\u00e9e entre le 21 et le 28 novembre. Ce recrutement s\u2019inscrit&#8230;..<\/p>\n","protected":false},"author":5,"featured_media":645,"comment_status":"open","ping_status":"open","sticky":false,"template":"","format":"standard","meta":{"footnotes":""},"categories":[23,49],"tags":[],"class_list":["post-644","post","type-post","status-publish","format-standard","has-post-thumbnail","hentry","category-actualite","category-economie"],"yoast_head":"<!-- This site is optimized with the Yoast SEO plugin v27.5 - https:\/\/yoast.com\/product\/yoast-seo-wordpress\/ -->\n<title>La CENI ouvre la porte \u00e0 une s\u00e9rie de recrutements - Le Quotidien de Nouakchott<\/title>\n<meta name=\"robots\" content=\"index, follow, max-snippet:-1, max-image-preview:large, max-video-preview:-1\" \/>\n<link rel=\"canonical\" href=\"https:\/\/lequotidien.mr\/?p=644&lang=fr\" \/>\n<meta property=\"og:locale\" content=\"ar_AR\" \/>\n<meta property=\"og:type\" content=\"article\" \/>\n<meta property=\"og:title\" content=\"La CENI ouvre la porte \u00e0 une s\u00e9rie de recrutements - Le Quotidien de Nouakchott\" \/>\n<meta property=\"og:description\" content=\"Sahara M\u00e9dias &#8211; La commission \u00e9lectorale nationale ind\u00e9pendante (CENI) a annonc\u00e9 la vacance de certains emplois au niveau de son appareil central, appelant les personnes int\u00e9ress\u00e9es par ces emplois \u00e0 faire parvenir leurs candidatures \u00e0 travers le site \u00e9lectronique au cours de la p\u00e9riode situ\u00e9e entre le 21 et le 28 novembre. Ce recrutement s\u2019inscrit.....\" \/>\n<meta property=\"og:url\" content=\"https:\/\/lequotidien.mr\/?p=644&amp;lang=fr\" \/>\n<meta property=\"og:site_name\" content=\"Le Quotidien de Nouakchott\" \/>\n<meta property=\"article:publisher\" content=\"https:\/\/web.facebook.com\/lequotidienmr\" \/>\n<meta property=\"article:published_time\" content=\"2022-11-22T15:40:58+00:00\" \/>\n<meta property=\"og:image\" content=\"https:\/\/lequotidien.mr\/wp-content\/uploads\/2022\/11\/ceni_siege_0.jpg\" \/>\n\t<meta property=\"og:image:width\" content=\"965\" \/>\n\t<meta property=\"og:image:height\" content=\"584\" \/>\n\t<meta property=\"og:image:type\" content=\"image\/jpeg\" \/>\n<meta name=\"author\" content=\"Gayi Diawara\" \/>\n<meta name=\"twitter:card\" content=\"summary_large_image\" \/>\n<meta name=\"twitter:creator\" content=\"@lequotidienmr\" \/>\n<meta name=\"twitter:site\" content=\"@lequotidienmr\" \/>\n<meta name=\"twitter:label1\" content=\"\u0643\u064f\u062a\u0628 \u0628\u0648\u0627\u0633\u0637\u0629\" \/>\n\t<meta name=\"twitter:data1\" content=\"Gayi Diawara\" \/>\n\t<meta name=\"twitter:label2\" content=\"\u0648\u0642\u062a \u0627\u0644\u0642\u0631\u0627\u0621\u0629 \u0627\u0644\u0645\u064f\u0642\u062f\u0651\u0631\" \/>\n\t<meta name=\"twitter:data2\" content=\"\u062f\u0642\u064a\u0642\u062a\u0627\u0646\" \/>\n<script type=\"application\/ld+json\" class=\"yoast-schema-graph\">{\"@context\":\"https:\\\/\\\/schema.org\",\"@graph\":[{\"@type\":\"Article\",\"@id\":\"https:\\\/\\\/lequotidien.mr\\\/?p=644&lang=fr#article\",\"isPartOf\":{\"@id\":\"https:\\\/\\\/lequotidien.mr\\\/?p=644&lang=fr\"},\"author\":{\"name\":\"Gayi Diawara\",\"@id\":\"https:\\\/\\\/lequotidien.mr\\\/#\\\/schema\\\/person\\\/1077c8abd5640a6514b909318d271dee\"},\"headline\":\"La CENI ouvre la porte \u00e0 une s\u00e9rie de recrutements\",\"datePublished\":\"2022-11-22T15:40:58+00:00\",\"mainEntityOfPage\":{\"@id\":\"https:\\\/\\\/lequotidien.mr\\\/?p=644&lang=fr\"},\"wordCount\":400,\"commentCount\":0,\"publisher\":{\"@id\":\"https:\\\/\\\/lequotidien.mr\\\/#organization\"},\"image\":{\"@id\":\"https:\\\/\\\/lequotidien.mr\\\/?p=644&lang=fr#primaryimage\"},\"thumbnailUrl\":\"https:\\\/\\\/lequotidien.mr\\\/wp-content\\\/uploads\\\/2022\\\/11\\\/ceni_siege_0.jpg\",\"articleSection\":[\"ACTUALIT\u00c9\",\"Economie\"],\"inLanguage\":\"ar\",\"potentialAction\":[{\"@type\":\"CommentAction\",\"name\":\"Comment\",\"target\":[\"https:\\\/\\\/lequotidien.mr\\\/?p=644&lang=fr#respond\"]}]},{\"@type\":\"WebPage\",\"@id\":\"https:\\\/\\\/lequotidien.mr\\\/?p=644&lang=fr\",\"url\":\"https:\\\/\\\/lequotidien.mr\\\/?p=644&lang=fr\",\"name\":\"La CENI ouvre la porte \u00e0 une s\u00e9rie de recrutements - Le Quotidien de Nouakchott\",\"isPartOf\":{\"@id\":\"https:\\\/\\\/lequotidien.mr\\\/#website\"},\"primaryImageOfPage\":{\"@id\":\"https:\\\/\\\/lequotidien.mr\\\/?p=644&lang=fr#primaryimage\"},\"image\":{\"@id\":\"https:\\\/\\\/lequotidien.mr\\\/?p=644&lang=fr#primaryimage\"},\"thumbnailUrl\":\"https:\\\/\\\/lequotidien.mr\\\/wp-content\\\/uploads\\\/2022\\\/11\\\/ceni_siege_0.jpg\",\"datePublished\":\"2022-11-22T15:40:58+00:00\",\"breadcrumb\":{\"@id\":\"https:\\\/\\\/lequotidien.mr\\\/?p=644&lang=fr#breadcrumb\"},\"inLanguage\":\"ar\",\"potentialAction\":[{\"@type\":\"ReadAction\",\"target\":[\"https:\\\/\\\/lequotidien.mr\\\/?p=644&lang=fr\"]}]},{\"@type\":\"ImageObject\",\"inLanguage\":\"ar\",\"@id\":\"https:\\\/\\\/lequotidien.mr\\\/?p=644&lang=fr#primaryimage\",\"url\":\"https:\\\/\\\/lequotidien.mr\\\/wp-content\\\/uploads\\\/2022\\\/11\\\/ceni_siege_0.jpg\",\"contentUrl\":\"https:\\\/\\\/lequotidien.mr\\\/wp-content\\\/uploads\\\/2022\\\/11\\\/ceni_siege_0.jpg\",\"width\":965,\"height\":584},{\"@type\":\"BreadcrumbList\",\"@id\":\"https:\\\/\\\/lequotidien.mr\\\/?p=644&lang=fr#breadcrumb\",\"itemListElement\":[{\"@type\":\"ListItem\",\"position\":1,\"name\":\"Home\",\"item\":\"https:\\\/\\\/lequotidien.mr\\\/\"},{\"@type\":\"ListItem\",\"position\":2,\"name\":\"La CENI ouvre la porte \u00e0 une s\u00e9rie de recrutements\"}]},{\"@type\":\"WebSite\",\"@id\":\"https:\\\/\\\/lequotidien.mr\\\/#website\",\"url\":\"https:\\\/\\\/lequotidien.mr\\\/\",\"name\":\"Le Quotidien de Nouakchott\",\"description\":\"\u0625\u062e\u0628\u0627\u0631\u064a\u0629 \u0645\u0633\u062a\u0642\u0644\u0629 \u0644\u0644\u0623\u0646\u0628\u0627\u0621 \u0627\u0644\u0639\u0627\u0645\u0629\",\"publisher\":{\"@id\":\"https:\\\/\\\/lequotidien.mr\\\/#organization\"},\"potentialAction\":[{\"@type\":\"SearchAction\",\"target\":{\"@type\":\"EntryPoint\",\"urlTemplate\":\"https:\\\/\\\/lequotidien.mr\\\/?s={search_term_string}\"},\"query-input\":{\"@type\":\"PropertyValueSpecification\",\"valueRequired\":true,\"valueName\":\"search_term_string\"}}],\"inLanguage\":\"ar\"},{\"@type\":\"Organization\",\"@id\":\"https:\\\/\\\/lequotidien.mr\\\/#organization\",\"name\":\"Le Quotidien de Nouakchott\",\"url\":\"https:\\\/\\\/lequotidien.mr\\\/\",\"logo\":{\"@type\":\"ImageObject\",\"inLanguage\":\"ar\",\"@id\":\"https:\\\/\\\/lequotidien.mr\\\/#\\\/schema\\\/logo\\\/image\\\/\",\"url\":\"https:\\\/\\\/lequotidien.mr\\\/wp-content\\\/uploads\\\/2022\\\/11\\\/logolequotidien.jpg\",\"contentUrl\":\"https:\\\/\\\/lequotidien.mr\\\/wp-content\\\/uploads\\\/2022\\\/11\\\/logolequotidien.jpg\",\"width\":290,\"height\":65,\"caption\":\"Le Quotidien de Nouakchott\"},\"image\":{\"@id\":\"https:\\\/\\\/lequotidien.mr\\\/#\\\/schema\\\/logo\\\/image\\\/\"},\"sameAs\":[\"https:\\\/\\\/web.facebook.com\\\/lequotidienmr\",\"https:\\\/\\\/x.com\\\/lequotidienmr\"]},{\"@type\":\"Person\",\"@id\":\"https:\\\/\\\/lequotidien.mr\\\/#\\\/schema\\\/person\\\/1077c8abd5640a6514b909318d271dee\",\"name\":\"Gayi Diawara\",\"image\":{\"@type\":\"ImageObject\",\"inLanguage\":\"ar\",\"@id\":\"https:\\\/\\\/secure.gravatar.com\\\/avatar\\\/63ea8db1e19a6d2d608b24c0f78b5f3a7d6e0bc11959fec273410af333e4d0ac?s=96&d=mm&r=g\",\"url\":\"https:\\\/\\\/secure.gravatar.com\\\/avatar\\\/63ea8db1e19a6d2d608b24c0f78b5f3a7d6e0bc11959fec273410af333e4d0ac?s=96&d=mm&r=g\",\"contentUrl\":\"https:\\\/\\\/secure.gravatar.com\\\/avatar\\\/63ea8db1e19a6d2d608b24c0f78b5f3a7d6e0bc11959fec273410af333e4d0ac?s=96&d=mm&r=g\",\"caption\":\"Gayi Diawara\"},\"sameAs\":[\"http:\\\/\\\/lequotidien.mr\"],\"url\":\"https:\\\/\\\/lequotidien.mr\\\/?author=5\"}]}<\/script>\n<!-- \/ Yoast SEO plugin. -->","yoast_head_json":{"title":"La CENI ouvre la porte \u00e0 une s\u00e9rie de recrutements - Le Quotidien de Nouakchott","robots":{"index":"index","follow":"follow","max-snippet":"max-snippet:-1","max-image-preview":"max-image-preview:large","max-video-preview":"max-video-preview:-1"},"canonical":"https:\/\/lequotidien.mr\/?p=644&lang=fr","og_locale":"ar_AR","og_type":"article","og_title":"La CENI ouvre la porte \u00e0 une s\u00e9rie de recrutements - Le Quotidien de Nouakchott","og_description":"Sahara M\u00e9dias &#8211; La commission \u00e9lectorale nationale ind\u00e9pendante (CENI) a annonc\u00e9 la vacance de certains emplois au niveau de son appareil central, appelant les personnes int\u00e9ress\u00e9es par ces emplois \u00e0 faire parvenir leurs candidatures \u00e0 travers le site \u00e9lectronique au cours de la p\u00e9riode situ\u00e9e entre le 21 et le 28 novembre. Ce recrutement s\u2019inscrit.....","og_url":"https:\/\/lequotidien.mr\/?p=644&lang=fr","og_site_name":"Le Quotidien de Nouakchott","article_publisher":"https:\/\/web.facebook.com\/lequotidienmr","article_published_time":"2022-11-22T15:40:58+00:00","og_image":[{"width":965,"height":584,"url":"https:\/\/lequotidien.mr\/wp-content\/uploads\/2022\/11\/ceni_siege_0.jpg","type":"image\/jpeg"}],"author":"Gayi Diawara","twitter_card":"summary_large_image","twitter_creator":"@lequotidienmr","twitter_site":"@lequotidienmr","twitter_misc":{"\u0643\u064f\u062a\u0628 \u0628\u0648\u0627\u0633\u0637\u0629":"Gayi Diawara","\u0648\u0642\u062a \u0627\u0644\u0642\u0631\u0627\u0621\u0629 \u0627\u0644\u0645\u064f\u0642\u062f\u0651\u0631":"\u062f\u0642\u064a\u0642\u062a\u0627\u0646"},"schema":{"@context":"https:\/\/schema.org","@graph":[{"@type":"Article","@id":"https:\/\/lequotidien.mr\/?p=644&lang=fr#article","isPartOf":{"@id":"https:\/\/lequotidien.mr\/?p=644&lang=fr"},"author":{"name":"Gayi Diawara","@id":"https:\/\/lequotidien.mr\/#\/schema\/person\/1077c8abd5640a6514b909318d271dee"},"headline":"La CENI ouvre la porte \u00e0 une s\u00e9rie de recrutements","datePublished":"2022-11-22T15:40:58+00:00","mainEntityOfPage":{"@id":"https:\/\/lequotidien.mr\/?p=644&lang=fr"},"wordCount":400,"commentCount":0,"publisher":{"@id":"https:\/\/lequotidien.mr\/#organization"},"image":{"@id":"https:\/\/lequotidien.mr\/?p=644&lang=fr#primaryimage"},"thumbnailUrl":"https:\/\/lequotidien.mr\/wp-content\/uploads\/2022\/11\/ceni_siege_0.jpg","articleSection":["ACTUALIT\u00c9","Economie"],"inLanguage":"ar","potentialAction":[{"@type":"CommentAction","name":"Comment","target":["https:\/\/lequotidien.mr\/?p=644&lang=fr#respond"]}]},{"@type":"WebPage","@id":"https:\/\/lequotidien.mr\/?p=644&lang=fr","url":"https:\/\/lequotidien.mr\/?p=644&lang=fr","name":"La CENI ouvre la porte \u00e0 une s\u00e9rie de recrutements - Le Quotidien de Nouakchott","isPartOf":{"@id":"https:\/\/lequotidien.mr\/#website"},"primaryImageOfPage":{"@id":"https:\/\/lequotidien.mr\/?p=644&lang=fr#primaryimage"},"image":{"@id":"https:\/\/lequotidien.mr\/?p=644&lang=fr#primaryimage"},"thumbnailUrl":"https:\/\/lequotidien.mr\/wp-content\/uploads\/2022\/11\/ceni_siege_0.jpg","datePublished":"2022-11-22T15:40:58+00:00","breadcrumb":{"@id":"https:\/\/lequotidien.mr\/?p=644&lang=fr#breadcrumb"},"inLanguage":"ar","potentialAction":[{"@type":"ReadAction","target":["https:\/\/lequotidien.mr\/?p=644&lang=fr"]}]},{"@type":"ImageObject","inLanguage":"ar","@id":"https:\/\/lequotidien.mr\/?p=644&lang=fr#primaryimage","url":"https:\/\/lequotidien.mr\/wp-content\/uploads\/2022\/11\/ceni_siege_0.jpg","contentUrl":"https:\/\/lequotidien.mr\/wp-content\/uploads\/2022\/11\/ceni_siege_0.jpg","width":965,"height":584},{"@type":"BreadcrumbList","@id":"https:\/\/lequotidien.mr\/?p=644&lang=fr#breadcrumb","itemListElement":[{"@type":"ListItem","position":1,"name":"Home","item":"https:\/\/lequotidien.mr\/"},{"@type":"ListItem","position":2,"name":"La CENI ouvre la porte \u00e0 une s\u00e9rie de recrutements"}]},{"@type":"WebSite","@id":"https:\/\/lequotidien.mr\/#website","url":"https:\/\/lequotidien.mr\/","name":"Le Quotidien de Nouakchott","description":"\u0625\u062e\u0628\u0627\u0631\u064a\u0629 \u0645\u0633\u062a\u0642\u0644\u0629 \u0644\u0644\u0623\u0646\u0628\u0627\u0621 \u0627\u0644\u0639\u0627\u0645\u0629","publisher":{"@id":"https:\/\/lequotidien.mr\/#organization"},"potentialAction":[{"@type":"SearchAction","target":{"@type":"EntryPoint","urlTemplate":"https:\/\/lequotidien.mr\/?s={search_term_string}"},"query-input":{"@type":"PropertyValueSpecification","valueRequired":true,"valueName":"search_term_string"}}],"inLanguage":"ar"},{"@type":"Organization","@id":"https:\/\/lequotidien.mr\/#organization","name":"Le Quotidien de Nouakchott","url":"https:\/\/lequotidien.mr\/","logo":{"@type":"ImageObject","inLanguage":"ar","@id":"https:\/\/lequotidien.mr\/#\/schema\/logo\/image\/","url":"https:\/\/lequotidien.mr\/wp-content\/uploads\/2022\/11\/logolequotidien.jpg","contentUrl":"https:\/\/lequotidien.mr\/wp-content\/uploads\/2022\/11\/logolequotidien.jpg","width":290,"height":65,"caption":"Le Quotidien de Nouakchott"},"image":{"@id":"https:\/\/lequotidien.mr\/#\/schema\/logo\/image\/"},"sameAs":["https:\/\/web.facebook.com\/lequotidienmr","https:\/\/x.com\/lequotidienmr"]},{"@type":"Person","@id":"https:\/\/lequotidien.mr\/#\/schema\/person\/1077c8abd5640a6514b909318d271dee","name":"Gayi Diawara","image":{"@type":"ImageObject","inLanguage":"ar","@id":"https:\/\/secure.gravatar.com\/avatar\/63ea8db1e19a6d2d608b24c0f78b5f3a7d6e0bc11959fec273410af333e4d0ac?s=96&d=mm&r=g","url":"https:\/\/secure.gravatar.com\/avatar\/63ea8db1e19a6d2d608b24c0f78b5f3a7d6e0bc11959fec273410af333e4d0ac?s=96&d=mm&r=g","contentUrl":"https:\/\/secure.gravatar.com\/avatar\/63ea8db1e19a6d2d608b24c0f78b5f3a7d6e0bc11959fec273410af333e4d0ac?s=96&d=mm&r=g","caption":"Gayi Diawara"},"sameAs":["http:\/\/lequotidien.mr"],"url":"https:\/\/lequotidien.mr\/?author=5"}]}},"_links":{"self":[{"href":"https:\/\/lequotidien.mr\/index.php?rest_route=\/wp\/v2\/posts\/644","targetHints":{"allow":["GET"]}}],"collection":[{"href":"https:\/\/lequotidien.mr\/index.php?rest_route=\/wp\/v2\/posts"}],"about":[{"href":"https:\/\/lequotidien.mr\/index.php?rest_route=\/wp\/v2\/types\/post"}],"author":[{"embeddable":true,"href":"https:\/\/lequotidien.mr\/index.php?rest_route=\/wp\/v2\/users\/5"}],"replies":[{"embeddable":true,"href":"https:\/\/lequotidien.mr\/index.php?rest_route=%2Fwp%2Fv2%2Fcomments&post=644"}],"version-history":[{"count":1,"href":"https:\/\/lequotidien.mr\/index.php?rest_route=\/wp\/v2\/posts\/644\/revisions"}],"predecessor-version":[{"id":646,"href":"https:\/\/lequotidien.mr\/index.php?rest_route=\/wp\/v2\/posts\/644\/revisions\/646"}],"wp:featuredmedia":[{"embeddable":true,"href":"https:\/\/lequotidien.mr\/index.php?rest_route=\/wp\/v2\/media\/645"}],"wp:attachment":[{"href":"https:\/\/lequotidien.mr\/index.php?rest_route=%2Fwp%2Fv2%2Fmedia&parent=644"}],"wp:term":[{"taxonomy":"category","embeddable":true,"href":"https:\/\/lequotidien.mr\/index.php?rest_route=%2Fwp%2Fv2%2Fcategories&post=644"},{"taxonomy":"post_tag","embeddable":true,"href":"https:\/\/lequotidien.mr\/index.php?rest_route=%2Fwp%2Fv2%2Ftags&post=644"}],"curies":[{"name":"wp","href":"https:\/\/api.w.org\/{rel}","templated":true}]}}