{"id":6371,"date":"2023-03-19T20:03:04","date_gmt":"2023-03-19T20:03:04","guid":{"rendered":"https:\/\/lequotidien.mr\/?p=6371"},"modified":"2023-03-19T20:03:04","modified_gmt":"2023-03-19T20:03:04","slug":"lancement-officiel-de-la-semaine-de-la-langue-francaise-et-de-la-francophonie-photoreportage","status":"publish","type":"post","link":"https:\/\/lequotidien.mr\/?p=6371&lang=fr","title":{"rendered":"Lancement officiel de la semaine de la langue fran\u00e7aise et de la francophonie &#8211; [Photoreportage]"},"content":{"rendered":"<p>Initiatives News &#8211; Les activit\u00e9s de la semaine de la langue fran\u00e7aise et de la francophonie ont \u00e9t\u00e9 lanc\u00e9es ce matin \u00e0 l\u2019occasion d\u2019une c\u00e9r\u00e9monie officielle organis\u00e9e dans les locaux du lyc\u00e9e Monafrique de Nouakchott.<\/p>\n<p>La c\u00e9r\u00e9monie a eu lieu en pr\u00e9sence des dirigeants de l\u2019Association Mauritanienne de la francophonie (AMF), de l\u2019ambassadeur de France en Mauritanie, de repr\u00e9sentants d\u2019associations francophones, de personnalit\u00e9s du monde francophone et d\u2019un nombreux public.<\/p>\n<p>La semaine de la langue fran\u00e7aise et de la francophonie qui se d\u00e9roulera du 18 au 26 mars 2023 est plac\u00e9e cette ann\u00e9e sous le th\u00e8me : \u00ab Une semaine \u00e0 tous les temps\u00bb. Conf\u00e9rences, expositions, th\u00e9\u00e2tre, jeux, concours, ateliers d\u2019\u00e9critures et plein d\u2019autres activit\u00e9s r\u00e9cr\u00e9atives seront au menu de cette semaine.<\/p>\n<p>Cette c\u00e9r\u00e9monie qui a \u00e9t\u00e9 \u00e9maill\u00e9 par les prestations des \u00e9l\u00e8ves de l\u2019\u00e9cole Monafrique a \u00e9t\u00e9 marqu\u00e9e par les hommages appuy\u00e9s des diff\u00e9rents intervenants \u00e0 feu Ahmed Ould Hamza, pr\u00e9sident de l\u2019AMF qui s\u2019est investit sa vie durant au service de la promotion du fran\u00e7ais et de francophonie en Mauritanie.<\/p>\n<p>Idoumou Ould Mohamed Lemine, vice-pr\u00e9sident de l\u2019Association mauritanienne pour la francophonie a prononc\u00e9 aujourd\u2019hui le discours qui suit dans lequel il met en exergue l\u2019\u0153uvre du pr\u00e9sident feu Ahmed Hamza.<\/p>\n<p>Mesdames, Messieurs,<\/p>\n<p>En prenant la parole \u00e0 la place de feu Ahmed Ould Hamza\u00e0 cette c\u00e9r\u00e9monie qui lui \u00e9tait si ch\u00e8re qu\u2019il en suivait lui-m\u00eame l\u2019organisation dans ses moindres d\u00e9tails, j\u2019ai une pens\u00e9e tr\u00e8s \u00e9mue pour le Pr\u00e9sident fondateur de l\u2019Association Mauritanienne pour la Francophonie, dont la silhouette magistrale, la courtoisie sans \u00e9gale et la jovialit\u00e9 cordiale manquent douloureusement \u00e0 l\u2019Association Mauritanienne pour la Francophonie et \u00e0 la pr\u00e9sente manifestation.<\/p>\n<p>Ahmed Hamza \u00e9tait un homme juste et v\u00e9ridique ; un homme de bien, d\u2019o\u00f9 le consensus qui se faisait autour de sa personne et dont ses fun\u00e9railles ont donn\u00e9 la preuve ; un homme tr\u00e8s attach\u00e9 \u00e0 la souverainet\u00e9 de la Mauritanie, \u00e0 l\u2019unit\u00e9 de son peuple et \u00e0 sa diversit\u00e9 culturelle qu\u2019il d\u00e9fendait avec la conviction du patriote habit\u00e9 par la nation p\u00e9tri de ses valeurs.<\/p>\n<p>Passionn\u00e9 de culture et amoureux des langues, il \u00e9tait polyglotte lui-m\u00eame et investissait g\u00e9n\u00e9reusement dans le soutien des acteurs culturels etle sponsoring des manifestations que ceux-ci organisent.<\/p>\n<p>Pour mes camarades de l\u2019AMF et moi, il \u00e9tait un grand fr\u00e8re attentionn\u00e9 et pr\u00e9venant, un ami fid\u00e8le et un dirigeant clairvoyant, d\u00e9cisif et responsable.<\/p>\n<p>Comprenez donc qu\u2019il nous soit difficile d\u2019\u00eatre aujourd\u2019hui dans l\u2019ambiance festive qui marque d\u2019habitude cette c\u00e9r\u00e9monie et que le pr\u00e9sent mot, qui aurait \u00e9t\u00e9 celui d\u2019Ahmed Ould Hamza, s\u2019il \u00e9tait encore parmi nous, commence par ce bref \u00e9loge.<\/p>\n<p>Comprenez \u00e9galement que je vous prie de bien vouloir vous lever pour observer une minute de silence et lire la Fatiha pour le repos de l\u2019\u00e2me du disparu, qu\u2019Allah l\u2019accueille en son Saint paradis.<\/p>\n<p>Excellence Monsieur l\u2019Ambassadeur,<\/p>\n<p>Monsieur le Repr\u00e9sentant de la CNECS,<\/p>\n<p>Madame la Pr\u00e9sidente fondatrice de l\u2019\u00c9cole Mon Afrique,<\/p>\n<p>Monsieur le Proviseur,<\/p>\n<p>Honorables invit\u00e9s<\/p>\n<p>Mesdames et messieurs,<\/p>\n<p>Bien que profond\u00e9ment secou\u00e9e par la disparition soudaine de son Pr\u00e9sident, qui l\u2019a cr\u00e9\u00e9e en 2011, gr\u00e2ce \u00e0 son entregent et \u00e0 son vaste r\u00e9seau de relations, l\u2019Association Mauritanienne pour la Francophonie a d\u00e9cid\u00e9 de poursuivre les d\u00e9marches commenc\u00e9es par le d\u00e9funt en vue d\u2019organiser la f\u00eate des francophones dans notre pays.<\/p>\n<p>Ainsi, d\u00e8s la fin des journ\u00e9es de deuil, nous avons mobilis\u00e9 l\u2019ensemble des acteurs et entam\u00e9 la coordination des pr\u00e9paratifs de l\u2019\u00e9v\u00e9nement que nous ouvrons aujourd\u2019hui, afin qu\u2019au Paradis, o\u00f9 je prie Allah qu\u2019il soit actuellement, notre cher Ahmed soit satisfait de la r\u00e9alisation du projet qu\u2019il avait entrepris.En prenant la parole \u00e0 cette c\u00e9r\u00e9monie d\u2019ouverture de la SLFF, dans ce beau cadre de l\u2019Ecole Mon Afrique, comme l\u2019ann\u00e9e derni\u00e8re aux Sablettes, notre Association peut se f\u00e9liciter d\u2019avoir accompli cette mission.<\/p>\n<p>C\u2019est l\u2019occasion pour moi d\u2019exprimer, au nom de l\u2019AMF,mes sinc\u00e8res remerciements et ma profonde gratitude \u00e0 tous ceux et celles parmi vous qui ont r\u00e9pondu \u00e0 notre appel pour que ce rendez-vous annuel des Francophones en Mauritanie soit aussi r\u00e9ussi que les ann\u00e9es pr\u00e9c\u00e9dentes.<\/p>\n<p>Mes remerciements vont particuli\u00e8rement \u00e0 la CNECS pour son accompagnement, au Scac de l\u2019Ambassade de France pour son appui \u00e0 l\u2019Association et \u00e0 l\u2019Ecole Mon Afrique pour s\u2019\u00eatre port\u00e9e volontaire, non seulement pour nous accueillir aujourd\u2019hui, mais \u00e9galement pour avoir propos\u00e9 un programme dont je vous laisse d\u00e9couvrir la beaut\u00e9, la pertinence par rapport au th\u00e8me retenu et surtout la belle et ang\u00e9lique innocence.<\/p>\n<p>Je remercie aussi Mme Rachida Mahmoudi, attach\u00e9e de coop\u00e9ration au SCAC pour l\u2019aide pr\u00e9cieuse qu\u2019elle a apport\u00e9e \u00e0 la tenue de cette f\u00eate, ainsi que Mme la Coordinatrice, Houleye Kane et M. Rodrigue Oucif, qui travaillent sans rel\u00e2che depuis d\u00e9cembre dernier. Je les f\u00e9licite vivement tous les deux pour le r\u00e9sultat obtenu.<\/p>\n<p>Mesdames, Messieurs,<\/p>\n<p>L\u2019action de l\u2019AMF a toujours \u00e9t\u00e9 soutenue par la conviction de son Pr\u00e9sident, de son Bureau et de ses membres que la diversit\u00e9 culturelle et linguistique de la Mauritanie est un tr\u00e9sor inestimable, qu\u2019elle peut \u00eatre une chance pour la consolidation de l\u2019unit\u00e9 nationale et que sa valorisation est la voie appropri\u00e9e pour l\u2019accession de notre pays au progr\u00e8s et \u00e0 la modernit\u00e9.<\/p>\n<p>Notre Association, consid\u00e8re que la Francophonie c\u2019est d\u2019abord la somme des cultures des pays membres de l\u2019OIF et que le Fran\u00e7ais c\u2019est d\u2019abord le v\u00e9hicule de la diversit\u00e9 culturelle et civilisationnelle de ses locuteurs dans le monde entier.<\/p>\n<p>Forts de cette conviction, nous avons toujours combattu l\u2019esprit tordu selon lequel la question linguistique se pose en termes de concurrence entre les langues et milit\u00e9 pour la compl\u00e9mentarit\u00e9, la fraternit\u00e9 et le partage de celles-ci. Nous avons toujours r\u00e9it\u00e9r\u00e9 que, pour nous, le Fran\u00e7ais n\u2019est pas l\u2019adversaire ou le concurrent de l\u2019arabe, langue officielle du pays, ni d\u2019aucune des autres langues nationales, mais bien une langue de plus pour tous les Mauritaniens ; une langue venue d\u2019ailleurs certes et dans les circonstances que nous savons, mais une langue que nous avons adopt\u00e9e et aim\u00e9e ; une langue qui nous appartient maintenant et dans laquelle nous exprimons notre identit\u00e9.<\/p>\n<p>Cette conviction restera ind\u00e9finiment la n\u00f4tre et ira en se renfor\u00e7ant.<\/p>\n<p>Bonne f\u00eate de la Langue Fran\u00e7aise et de la Francophonie 2023.<\/p>\n<p>Je vous remercie.<\/p>\n<p><strong>La lente agonie du fran\u00e7ais en Mauritanie<\/strong><\/p>\n<p>La langue de Moli\u00e8re, le fran\u00e7ais, n\u2019a pas le vent en poupe en Mauritanie. Dans ce pays qui a donn\u00e9 du fil \u00e0 retordre aux colons, la langue fran\u00e7aise est l\u2019objet de toutes les r\u00e9criminations, aussi bien de la part de l\u2019\u00e9lite que d\u2019une population savamment mont\u00e9e contre elle.<\/p>\n<p>Ce rejet trouve ses racines dans la lointaine histoire coloniale, avec l\u2019imposition de cette langue dans un pays profond\u00e9ment musulman et peupl\u00e9 d\u2019habitants d\u2019origines diverses. Du c\u00f4t\u00e9 de la composante noire-africaine de la population, on s\u2019accommode de la pr\u00e9sence de cette langue. En revanche, pour les arabo-berb\u00e8res, on continue de r\u00e9sister au fran\u00e7ais, per\u00e7ue comme une manifestation intol\u00e9rable de l\u2019imp\u00e9rialisme linguistique.<\/p>\n<p>Pour cette derni\u00e8re frange de la population, qui soit dit en passant compte beaucoup de francophones, seule la langue arabe devrait \u00eatre cit\u00e9e, car c\u2019est la langue par excellence du Coran et de l\u2019Islam. Ce positionnement de la population face au fran\u00e7ais ne lui rend gu\u00e8re service et constitue l\u2019une des manifestations les plus \u00e9loquentes de la fracture communautaire dans ce pays.<\/p>\n<p>Cette fracture est l\u2019objet d\u2019une r\u00e9cup\u00e9ration politique permanente, qui a pouss\u00e9 les gouvernements successifs depuis l\u2019ind\u00e9pendance, en 1960, \u00e0 mener une \u00ab guerre s\u00e9cr\u00e8te \u00bb contre le fran\u00e7ais, une guerre qui finira par se r\u00e9v\u00e9ler au grand jour. Ainsi, depuis les premi\u00e8res ann\u00e9es de l\u2019ind\u00e9pendance, les dirigeants du pays se sont employ\u00e9s \u00e0 modifier le syst\u00e8me \u00e9ducatif \u00e0 la fran\u00e7aise en y introduisant une dose d\u2019arabe. Cette tendance a conduit \u00e0 une arabisation progressive, qui s\u2019est traduite par une \u00e9cole \u00e0 deux syst\u00e8mes, avec le fran\u00e7ais pour les Mauritaniens d\u2019origine africaine, et l\u2019arabe pour la composante arabo-berb\u00e8re.<\/p>\n<p><strong>Les francophones, une esp\u00e8ce en voie de disparition<\/strong><\/p>\n<p>Cette situation a aussi accentu\u00e9 la fracture communautaire, en cr\u00e9ant deux types de citoyens dans un m\u00eame pays. Malgr\u00e9 la tentative de f\u00e9d\u00e9rer les deux syst\u00e8mes, \u00e0 la faveur de la derni\u00e8re r\u00e9forme du syst\u00e8me \u00e9ducatif lanc\u00e9e en 1999, le foss\u00e9 est toujours tr\u00e8s grand. Cette r\u00e9forme avait le m\u00e9rite de revaloriser l\u2019enseignement du fran\u00e7ais en ce sens, qu\u2019elle avait d\u00e9cr\u00e9t\u00e9 l\u2019enseignement obligatoire des mati\u00e8res scientifiques en fran\u00e7ais exclusivement.<\/p>\n<p>Malheureusement, cette initiative ne fit pas mouche. Les r\u00e9sistances au sein du syst\u00e8me, noyaut\u00e9 par les arabisants, \u00e9taient les plus fortes et la volont\u00e9 politique laissait \u00e9galement \u00e0 d\u00e9sirer. Et, au moment o\u00f9 on d\u00e9cr\u00e9ta cette r\u00e9forme, on continua \u00e0 former les arabisants en masse. Par contre, les francophones, une esp\u00e8ce en voie de disparition, \u00e9taient recrut\u00e9s au compte-gouttes.<\/p>\n<p>C\u2019est dire que la volont\u00e9 de sabotage \u00e9tait manifeste. Cette r\u00e9forme improvis\u00e9e et inadapt\u00e9e est toujours en vigueur mais aujourd\u2019hui, l\u2019enseignement du fran\u00e7ais dans les \u00e9coles mauritaniennes est si ex\u00e9crable qu\u2019on aura du mal \u00e0 assurer la rel\u00e8ve. Et dans les prochaines ann\u00e9es, il va falloir se r\u00e9soudre \u00e0 importer des francophones.<\/p>\n<p>Face \u00e0 ce recul inqui\u00e9tant du fran\u00e7ais en Mauritanie, ni les instances de la francophonie et encore moins la France ne rem\u00e9dient \u00e0 cette situation.<\/p>\n<p>Au contraire, la France semble opter pour la restriction de ses fronti\u00e8res, au nez et \u00e0 la barbe des \u00e9tudiants mauritaniens qui peinent \u00e0 trouver un visa pour poursuivre leurs \u00e9tudes dans les universit\u00e9s fran\u00e7aises. Avec ce contexte de plus en plus d\u00e9favorable, on assiste \u00e0 la descente aux enfers du fran\u00e7ais, dont les lampions s\u2019\u00e9teignent lentement mais s\u00fbrement sous nos cieux.<\/p>\n<p><strong>Bakari Gu\u00e8ye<\/strong><\/p>\n<p>&#8212;<\/p>\n<p><img decoding=\"async\" class=\"aligncenter\" src=\"https:\/\/cridem.org\/media\/photos\/photo\/BGGG.jpg\" \/><\/p>\n<p><img decoding=\"async\" class=\"aligncenter\" src=\"https:\/\/cridem.org\/media\/photos\/photo\/998629_n.jpg\" \/><\/p>\n<p><img decoding=\"async\" class=\"aligncenter\" src=\"https:\/\/cridem.org\/media\/photos\/photo\/510295394_n.jpg\" \/><\/p>\n<p><img decoding=\"async\" class=\"aligncenter\" src=\"https:\/\/cridem.org\/media\/photos\/photo\/37989041871_n.jpg\" \/><\/p>\n<p><img decoding=\"async\" class=\"aligncenter\" src=\"https:\/\/cridem.org\/media\/photos\/photo\/0571386663_n.jpg\" \/><\/p>\n<p><img decoding=\"async\" class=\"aligncenter\" src=\"https:\/\/cridem.org\/media\/photos\/photo\/6658951_n.jpg\" \/><\/p>\n","protected":false},"excerpt":{"rendered":"<p>Initiatives News &#8211; Les activit\u00e9s de la semaine de la langue fran\u00e7aise et de la francophonie ont \u00e9t\u00e9 lanc\u00e9es ce matin \u00e0 l\u2019occasion d\u2019une c\u00e9r\u00e9monie officielle organis\u00e9e dans les locaux du lyc\u00e9e Monafrique de Nouakchott. La c\u00e9r\u00e9monie a eu lieu en pr\u00e9sence des dirigeants de l\u2019Association Mauritanienne de la francophonie (AMF), de l\u2019ambassadeur de France&#8230;..<\/p>\n","protected":false},"author":3,"featured_media":6372,"comment_status":"open","ping_status":"open","sticky":false,"template":"","format":"standard","meta":{"footnotes":""},"categories":[23,55],"tags":[],"class_list":["post-6371","post","type-post","status-publish","format-standard","has-post-thumbnail","hentry","category-actualite","category-culture"],"yoast_head":"<!-- This site is optimized with the Yoast SEO plugin v27.5 - https:\/\/yoast.com\/product\/yoast-seo-wordpress\/ -->\n<title>Lancement officiel de la semaine de la langue fran\u00e7aise et de la francophonie - [Photoreportage] - Le Quotidien de Nouakchott<\/title>\n<meta name=\"robots\" content=\"index, follow, max-snippet:-1, max-image-preview:large, max-video-preview:-1\" \/>\n<link rel=\"canonical\" href=\"https:\/\/lequotidien.mr\/?p=6371&lang=fr\" \/>\n<meta property=\"og:locale\" content=\"ar_AR\" \/>\n<meta property=\"og:type\" content=\"article\" \/>\n<meta property=\"og:title\" content=\"Lancement officiel de la semaine de la langue fran\u00e7aise et de la francophonie - [Photoreportage] - Le Quotidien de Nouakchott\" \/>\n<meta property=\"og:description\" content=\"Initiatives News &#8211; Les activit\u00e9s de la semaine de la langue fran\u00e7aise et de la francophonie ont \u00e9t\u00e9 lanc\u00e9es ce matin \u00e0 l\u2019occasion d\u2019une c\u00e9r\u00e9monie officielle organis\u00e9e dans les locaux du lyc\u00e9e Monafrique de Nouakchott. La c\u00e9r\u00e9monie a eu lieu en pr\u00e9sence des dirigeants de l\u2019Association Mauritanienne de la francophonie (AMF), de l\u2019ambassadeur de France.....\" \/>\n<meta property=\"og:url\" content=\"https:\/\/lequotidien.mr\/?p=6371&amp;lang=fr\" \/>\n<meta property=\"og:site_name\" content=\"Le Quotidien de Nouakchott\" \/>\n<meta property=\"article:publisher\" content=\"https:\/\/web.facebook.com\/lequotidienmr\" \/>\n<meta property=\"article:author\" content=\"https:\/\/web.facebook.com\/a.mleiwih\" \/>\n<meta property=\"article:published_time\" content=\"2023-03-19T20:03:04+00:00\" \/>\n<meta property=\"og:image\" content=\"https:\/\/lequotidien.mr\/wp-content\/uploads\/2023\/03\/34327586_n.jpg\" \/>\n\t<meta property=\"og:image:width\" content=\"2048\" \/>\n\t<meta property=\"og:image:height\" content=\"1153\" \/>\n\t<meta property=\"og:image:type\" content=\"image\/jpeg\" \/>\n<meta name=\"author\" content=\"Alioun M&#039;leiwih\" \/>\n<meta name=\"twitter:card\" content=\"summary_large_image\" \/>\n<meta name=\"twitter:creator\" content=\"@lequotidienmr\" \/>\n<meta name=\"twitter:site\" content=\"@lequotidienmr\" \/>\n<meta name=\"twitter:label1\" content=\"\u0643\u064f\u062a\u0628 \u0628\u0648\u0627\u0633\u0637\u0629\" \/>\n\t<meta name=\"twitter:data1\" content=\"Alioun M&#039;leiwih\" \/>\n\t<meta name=\"twitter:label2\" content=\"\u0648\u0642\u062a \u0627\u0644\u0642\u0631\u0627\u0621\u0629 \u0627\u0644\u0645\u064f\u0642\u062f\u0651\u0631\" \/>\n\t<meta name=\"twitter:data2\" content=\"9 \u062f\u0642\u0627\u0626\u0642\" \/>\n<script type=\"application\/ld+json\" class=\"yoast-schema-graph\">{\"@context\":\"https:\\\/\\\/schema.org\",\"@graph\":[{\"@type\":\"Article\",\"@id\":\"https:\\\/\\\/lequotidien.mr\\\/?p=6371&lang=fr#article\",\"isPartOf\":{\"@id\":\"https:\\\/\\\/lequotidien.mr\\\/?p=6371&lang=fr\"},\"author\":{\"name\":\"Alioun M'leiwih\",\"@id\":\"https:\\\/\\\/lequotidien.mr\\\/#\\\/schema\\\/person\\\/69d1518c74c9137087929a20b1272cb0\"},\"headline\":\"Lancement officiel de la semaine de la langue fran\u00e7aise et de la francophonie &#8211; [Photoreportage]\",\"datePublished\":\"2023-03-19T20:03:04+00:00\",\"mainEntityOfPage\":{\"@id\":\"https:\\\/\\\/lequotidien.mr\\\/?p=6371&lang=fr\"},\"wordCount\":1841,\"commentCount\":0,\"publisher\":{\"@id\":\"https:\\\/\\\/lequotidien.mr\\\/#organization\"},\"image\":{\"@id\":\"https:\\\/\\\/lequotidien.mr\\\/?p=6371&lang=fr#primaryimage\"},\"thumbnailUrl\":\"https:\\\/\\\/lequotidien.mr\\\/wp-content\\\/uploads\\\/2023\\\/03\\\/34327586_n.jpg\",\"articleSection\":[\"ACTUALIT\u00c9\",\"Culture\"],\"inLanguage\":\"ar\",\"potentialAction\":[{\"@type\":\"CommentAction\",\"name\":\"Comment\",\"target\":[\"https:\\\/\\\/lequotidien.mr\\\/?p=6371&lang=fr#respond\"]}]},{\"@type\":\"WebPage\",\"@id\":\"https:\\\/\\\/lequotidien.mr\\\/?p=6371&lang=fr\",\"url\":\"https:\\\/\\\/lequotidien.mr\\\/?p=6371&lang=fr\",\"name\":\"Lancement officiel de la semaine de la langue fran\u00e7aise et de la francophonie - [Photoreportage] - Le Quotidien de Nouakchott\",\"isPartOf\":{\"@id\":\"https:\\\/\\\/lequotidien.mr\\\/#website\"},\"primaryImageOfPage\":{\"@id\":\"https:\\\/\\\/lequotidien.mr\\\/?p=6371&lang=fr#primaryimage\"},\"image\":{\"@id\":\"https:\\\/\\\/lequotidien.mr\\\/?p=6371&lang=fr#primaryimage\"},\"thumbnailUrl\":\"https:\\\/\\\/lequotidien.mr\\\/wp-content\\\/uploads\\\/2023\\\/03\\\/34327586_n.jpg\",\"datePublished\":\"2023-03-19T20:03:04+00:00\",\"breadcrumb\":{\"@id\":\"https:\\\/\\\/lequotidien.mr\\\/?p=6371&lang=fr#breadcrumb\"},\"inLanguage\":\"ar\",\"potentialAction\":[{\"@type\":\"ReadAction\",\"target\":[\"https:\\\/\\\/lequotidien.mr\\\/?p=6371&lang=fr\"]}]},{\"@type\":\"ImageObject\",\"inLanguage\":\"ar\",\"@id\":\"https:\\\/\\\/lequotidien.mr\\\/?p=6371&lang=fr#primaryimage\",\"url\":\"https:\\\/\\\/lequotidien.mr\\\/wp-content\\\/uploads\\\/2023\\\/03\\\/34327586_n.jpg\",\"contentUrl\":\"https:\\\/\\\/lequotidien.mr\\\/wp-content\\\/uploads\\\/2023\\\/03\\\/34327586_n.jpg\",\"width\":2048,\"height\":1153},{\"@type\":\"BreadcrumbList\",\"@id\":\"https:\\\/\\\/lequotidien.mr\\\/?p=6371&lang=fr#breadcrumb\",\"itemListElement\":[{\"@type\":\"ListItem\",\"position\":1,\"name\":\"Home\",\"item\":\"https:\\\/\\\/lequotidien.mr\\\/\"},{\"@type\":\"ListItem\",\"position\":2,\"name\":\"Lancement officiel de la semaine de la langue fran\u00e7aise et de la francophonie &#8211; [Photoreportage]\"}]},{\"@type\":\"WebSite\",\"@id\":\"https:\\\/\\\/lequotidien.mr\\\/#website\",\"url\":\"https:\\\/\\\/lequotidien.mr\\\/\",\"name\":\"Le Quotidien de Nouakchott\",\"description\":\"\u0625\u062e\u0628\u0627\u0631\u064a\u0629 \u0645\u0633\u062a\u0642\u0644\u0629 \u0644\u0644\u0623\u0646\u0628\u0627\u0621 \u0627\u0644\u0639\u0627\u0645\u0629\",\"publisher\":{\"@id\":\"https:\\\/\\\/lequotidien.mr\\\/#organization\"},\"potentialAction\":[{\"@type\":\"SearchAction\",\"target\":{\"@type\":\"EntryPoint\",\"urlTemplate\":\"https:\\\/\\\/lequotidien.mr\\\/?s={search_term_string}\"},\"query-input\":{\"@type\":\"PropertyValueSpecification\",\"valueRequired\":true,\"valueName\":\"search_term_string\"}}],\"inLanguage\":\"ar\"},{\"@type\":\"Organization\",\"@id\":\"https:\\\/\\\/lequotidien.mr\\\/#organization\",\"name\":\"Le Quotidien de Nouakchott\",\"url\":\"https:\\\/\\\/lequotidien.mr\\\/\",\"logo\":{\"@type\":\"ImageObject\",\"inLanguage\":\"ar\",\"@id\":\"https:\\\/\\\/lequotidien.mr\\\/#\\\/schema\\\/logo\\\/image\\\/\",\"url\":\"https:\\\/\\\/lequotidien.mr\\\/wp-content\\\/uploads\\\/2022\\\/11\\\/logolequotidien.jpg\",\"contentUrl\":\"https:\\\/\\\/lequotidien.mr\\\/wp-content\\\/uploads\\\/2022\\\/11\\\/logolequotidien.jpg\",\"width\":290,\"height\":65,\"caption\":\"Le Quotidien de Nouakchott\"},\"image\":{\"@id\":\"https:\\\/\\\/lequotidien.mr\\\/#\\\/schema\\\/logo\\\/image\\\/\"},\"sameAs\":[\"https:\\\/\\\/web.facebook.com\\\/lequotidienmr\",\"https:\\\/\\\/x.com\\\/lequotidienmr\"]},{\"@type\":\"Person\",\"@id\":\"https:\\\/\\\/lequotidien.mr\\\/#\\\/schema\\\/person\\\/69d1518c74c9137087929a20b1272cb0\",\"name\":\"Alioun M'leiwih\",\"image\":{\"@type\":\"ImageObject\",\"inLanguage\":\"ar\",\"@id\":\"https:\\\/\\\/secure.gravatar.com\\\/avatar\\\/01f9d357222d7d4ca8f71662f4b081718f06d25b11fc45662ecca0622d507e51?s=96&d=mm&r=g\",\"url\":\"https:\\\/\\\/secure.gravatar.com\\\/avatar\\\/01f9d357222d7d4ca8f71662f4b081718f06d25b11fc45662ecca0622d507e51?s=96&d=mm&r=g\",\"contentUrl\":\"https:\\\/\\\/secure.gravatar.com\\\/avatar\\\/01f9d357222d7d4ca8f71662f4b081718f06d25b11fc45662ecca0622d507e51?s=96&d=mm&r=g\",\"caption\":\"Alioun M'leiwih\"},\"sameAs\":[\"https:\\\/\\\/lequotidien.mr\\\/\",\"https:\\\/\\\/web.facebook.com\\\/a.mleiwih\",\"https:\\\/\\\/www.linkedin.com\\\/in\\\/alimlewih\\\/\"],\"url\":\"https:\\\/\\\/lequotidien.mr\\\/?author=3\"}]}<\/script>\n<!-- \/ Yoast SEO plugin. -->","yoast_head_json":{"title":"Lancement officiel de la semaine de la langue fran\u00e7aise et de la francophonie - [Photoreportage] - Le Quotidien de Nouakchott","robots":{"index":"index","follow":"follow","max-snippet":"max-snippet:-1","max-image-preview":"max-image-preview:large","max-video-preview":"max-video-preview:-1"},"canonical":"https:\/\/lequotidien.mr\/?p=6371&lang=fr","og_locale":"ar_AR","og_type":"article","og_title":"Lancement officiel de la semaine de la langue fran\u00e7aise et de la francophonie - [Photoreportage] - Le Quotidien de Nouakchott","og_description":"Initiatives News &#8211; Les activit\u00e9s de la semaine de la langue fran\u00e7aise et de la francophonie ont \u00e9t\u00e9 lanc\u00e9es ce matin \u00e0 l\u2019occasion d\u2019une c\u00e9r\u00e9monie officielle organis\u00e9e dans les locaux du lyc\u00e9e Monafrique de Nouakchott. La c\u00e9r\u00e9monie a eu lieu en pr\u00e9sence des dirigeants de l\u2019Association Mauritanienne de la francophonie (AMF), de l\u2019ambassadeur de France.....","og_url":"https:\/\/lequotidien.mr\/?p=6371&lang=fr","og_site_name":"Le Quotidien de Nouakchott","article_publisher":"https:\/\/web.facebook.com\/lequotidienmr","article_author":"https:\/\/web.facebook.com\/a.mleiwih","article_published_time":"2023-03-19T20:03:04+00:00","og_image":[{"width":2048,"height":1153,"url":"https:\/\/lequotidien.mr\/wp-content\/uploads\/2023\/03\/34327586_n.jpg","type":"image\/jpeg"}],"author":"Alioun M'leiwih","twitter_card":"summary_large_image","twitter_creator":"@lequotidienmr","twitter_site":"@lequotidienmr","twitter_misc":{"\u0643\u064f\u062a\u0628 \u0628\u0648\u0627\u0633\u0637\u0629":"Alioun M'leiwih","\u0648\u0642\u062a \u0627\u0644\u0642\u0631\u0627\u0621\u0629 \u0627\u0644\u0645\u064f\u0642\u062f\u0651\u0631":"9 \u062f\u0642\u0627\u0626\u0642"},"schema":{"@context":"https:\/\/schema.org","@graph":[{"@type":"Article","@id":"https:\/\/lequotidien.mr\/?p=6371&lang=fr#article","isPartOf":{"@id":"https:\/\/lequotidien.mr\/?p=6371&lang=fr"},"author":{"name":"Alioun M'leiwih","@id":"https:\/\/lequotidien.mr\/#\/schema\/person\/69d1518c74c9137087929a20b1272cb0"},"headline":"Lancement officiel de la semaine de la langue fran\u00e7aise et de la francophonie &#8211; [Photoreportage]","datePublished":"2023-03-19T20:03:04+00:00","mainEntityOfPage":{"@id":"https:\/\/lequotidien.mr\/?p=6371&lang=fr"},"wordCount":1841,"commentCount":0,"publisher":{"@id":"https:\/\/lequotidien.mr\/#organization"},"image":{"@id":"https:\/\/lequotidien.mr\/?p=6371&lang=fr#primaryimage"},"thumbnailUrl":"https:\/\/lequotidien.mr\/wp-content\/uploads\/2023\/03\/34327586_n.jpg","articleSection":["ACTUALIT\u00c9","Culture"],"inLanguage":"ar","potentialAction":[{"@type":"CommentAction","name":"Comment","target":["https:\/\/lequotidien.mr\/?p=6371&lang=fr#respond"]}]},{"@type":"WebPage","@id":"https:\/\/lequotidien.mr\/?p=6371&lang=fr","url":"https:\/\/lequotidien.mr\/?p=6371&lang=fr","name":"Lancement officiel de la semaine de la langue fran\u00e7aise et de la francophonie - [Photoreportage] - Le Quotidien de Nouakchott","isPartOf":{"@id":"https:\/\/lequotidien.mr\/#website"},"primaryImageOfPage":{"@id":"https:\/\/lequotidien.mr\/?p=6371&lang=fr#primaryimage"},"image":{"@id":"https:\/\/lequotidien.mr\/?p=6371&lang=fr#primaryimage"},"thumbnailUrl":"https:\/\/lequotidien.mr\/wp-content\/uploads\/2023\/03\/34327586_n.jpg","datePublished":"2023-03-19T20:03:04+00:00","breadcrumb":{"@id":"https:\/\/lequotidien.mr\/?p=6371&lang=fr#breadcrumb"},"inLanguage":"ar","potentialAction":[{"@type":"ReadAction","target":["https:\/\/lequotidien.mr\/?p=6371&lang=fr"]}]},{"@type":"ImageObject","inLanguage":"ar","@id":"https:\/\/lequotidien.mr\/?p=6371&lang=fr#primaryimage","url":"https:\/\/lequotidien.mr\/wp-content\/uploads\/2023\/03\/34327586_n.jpg","contentUrl":"https:\/\/lequotidien.mr\/wp-content\/uploads\/2023\/03\/34327586_n.jpg","width":2048,"height":1153},{"@type":"BreadcrumbList","@id":"https:\/\/lequotidien.mr\/?p=6371&lang=fr#breadcrumb","itemListElement":[{"@type":"ListItem","position":1,"name":"Home","item":"https:\/\/lequotidien.mr\/"},{"@type":"ListItem","position":2,"name":"Lancement officiel de la semaine de la langue fran\u00e7aise et de la francophonie &#8211; [Photoreportage]"}]},{"@type":"WebSite","@id":"https:\/\/lequotidien.mr\/#website","url":"https:\/\/lequotidien.mr\/","name":"Le Quotidien de Nouakchott","description":"\u0625\u062e\u0628\u0627\u0631\u064a\u0629 \u0645\u0633\u062a\u0642\u0644\u0629 \u0644\u0644\u0623\u0646\u0628\u0627\u0621 \u0627\u0644\u0639\u0627\u0645\u0629","publisher":{"@id":"https:\/\/lequotidien.mr\/#organization"},"potentialAction":[{"@type":"SearchAction","target":{"@type":"EntryPoint","urlTemplate":"https:\/\/lequotidien.mr\/?s={search_term_string}"},"query-input":{"@type":"PropertyValueSpecification","valueRequired":true,"valueName":"search_term_string"}}],"inLanguage":"ar"},{"@type":"Organization","@id":"https:\/\/lequotidien.mr\/#organization","name":"Le Quotidien de Nouakchott","url":"https:\/\/lequotidien.mr\/","logo":{"@type":"ImageObject","inLanguage":"ar","@id":"https:\/\/lequotidien.mr\/#\/schema\/logo\/image\/","url":"https:\/\/lequotidien.mr\/wp-content\/uploads\/2022\/11\/logolequotidien.jpg","contentUrl":"https:\/\/lequotidien.mr\/wp-content\/uploads\/2022\/11\/logolequotidien.jpg","width":290,"height":65,"caption":"Le Quotidien de Nouakchott"},"image":{"@id":"https:\/\/lequotidien.mr\/#\/schema\/logo\/image\/"},"sameAs":["https:\/\/web.facebook.com\/lequotidienmr","https:\/\/x.com\/lequotidienmr"]},{"@type":"Person","@id":"https:\/\/lequotidien.mr\/#\/schema\/person\/69d1518c74c9137087929a20b1272cb0","name":"Alioun M'leiwih","image":{"@type":"ImageObject","inLanguage":"ar","@id":"https:\/\/secure.gravatar.com\/avatar\/01f9d357222d7d4ca8f71662f4b081718f06d25b11fc45662ecca0622d507e51?s=96&d=mm&r=g","url":"https:\/\/secure.gravatar.com\/avatar\/01f9d357222d7d4ca8f71662f4b081718f06d25b11fc45662ecca0622d507e51?s=96&d=mm&r=g","contentUrl":"https:\/\/secure.gravatar.com\/avatar\/01f9d357222d7d4ca8f71662f4b081718f06d25b11fc45662ecca0622d507e51?s=96&d=mm&r=g","caption":"Alioun M'leiwih"},"sameAs":["https:\/\/lequotidien.mr\/","https:\/\/web.facebook.com\/a.mleiwih","https:\/\/www.linkedin.com\/in\/alimlewih\/"],"url":"https:\/\/lequotidien.mr\/?author=3"}]}},"_links":{"self":[{"href":"https:\/\/lequotidien.mr\/index.php?rest_route=\/wp\/v2\/posts\/6371","targetHints":{"allow":["GET"]}}],"collection":[{"href":"https:\/\/lequotidien.mr\/index.php?rest_route=\/wp\/v2\/posts"}],"about":[{"href":"https:\/\/lequotidien.mr\/index.php?rest_route=\/wp\/v2\/types\/post"}],"author":[{"embeddable":true,"href":"https:\/\/lequotidien.mr\/index.php?rest_route=\/wp\/v2\/users\/3"}],"replies":[{"embeddable":true,"href":"https:\/\/lequotidien.mr\/index.php?rest_route=%2Fwp%2Fv2%2Fcomments&post=6371"}],"version-history":[{"count":1,"href":"https:\/\/lequotidien.mr\/index.php?rest_route=\/wp\/v2\/posts\/6371\/revisions"}],"predecessor-version":[{"id":6373,"href":"https:\/\/lequotidien.mr\/index.php?rest_route=\/wp\/v2\/posts\/6371\/revisions\/6373"}],"wp:featuredmedia":[{"embeddable":true,"href":"https:\/\/lequotidien.mr\/index.php?rest_route=\/wp\/v2\/media\/6372"}],"wp:attachment":[{"href":"https:\/\/lequotidien.mr\/index.php?rest_route=%2Fwp%2Fv2%2Fmedia&parent=6371"}],"wp:term":[{"taxonomy":"category","embeddable":true,"href":"https:\/\/lequotidien.mr\/index.php?rest_route=%2Fwp%2Fv2%2Fcategories&post=6371"},{"taxonomy":"post_tag","embeddable":true,"href":"https:\/\/lequotidien.mr\/index.php?rest_route=%2Fwp%2Fv2%2Ftags&post=6371"}],"curies":[{"name":"wp","href":"https:\/\/api.w.org\/{rel}","templated":true}]}}