{"id":6234,"date":"2023-03-16T19:24:37","date_gmt":"2023-03-16T19:24:37","guid":{"rendered":"https:\/\/lequotidien.mr\/?p=6234"},"modified":"2023-03-16T19:24:37","modified_gmt":"2023-03-16T19:24:37","slug":"maroc-mauritanie-signature-dune-convention-cadre-de-partenariat-dans-le-domaine-de-la-peche-maritime","status":"publish","type":"post","link":"https:\/\/lequotidien.mr\/?p=6234&lang=fr","title":{"rendered":"Maroc\/Mauritanie : Signature d\u2019une convention cadre de partenariat dans le domaine de la p\u00eache maritime"},"content":{"rendered":"<p>Hespress\u00a0&#8211; Une convention cadre de partenariat a \u00e9t\u00e9 sign\u00e9e entre la F\u00e9d\u00e9ration Nationale des industries de Transformation et de Valorisation des produits de la P\u00eache (FENIP) et la F\u00e9d\u00e9ration mauritanienne de P\u00eache (FNP), en marge du Forum d\u2019investissement conjoint entre la Mauritanie et l\u2019Organisation de la Coop\u00e9ration islamique (OCI), ouvert mercredi \u00e0 Nouakchott<\/p>\n<p>Cette convention vise \u00e0 instaurer un partenariat de long terme entre les deux groupements professionnels, portant sur le d\u00e9veloppement des comp\u00e9tences et des ressources humaines et la coop\u00e9ration en mati\u00e8re de recherche scientifique.<\/p>\n<p>La directrice de la FENIP, Lamia Znagui, a soulign\u00e9 que cette convention cadre a pour objectifs de promouvoir l\u2019\u00e9change des exp\u00e9riences et de renforcer l\u2019action conjointe dans certains aspects, dont l\u2019information, la recherche scientifique et l\u2019organisation de rencontres pour d\u00e9velopper le partenariat entre les acteurs \u00e9conomiques membres des deux organisations.<\/p>\n<p>Il s\u2019agit, \u00e9galement, de se pencher, en concertation, sur les questions relatives \u00e0 la durabilit\u00e9 des ressources halieutiques, a-t-elle ajout\u00e9, notant qu\u2019\u00e0 l\u2019occasion de ce forum, des r\u00e9unions de travail seront organis\u00e9es afin d\u2019\u00e9laborer un plan d\u2019action pour mettre en \u0153uvre cette convention.<\/p>\n<p>La participation de la FENIP au Forum d\u2019investissement, a-t-elle poursuivi, constitue un pas vers de nouveaux partenariats, en application des Hautes Instructions Royales, en ce qui concerne le r\u00f4le crucial des organisations professionnelles dans le renforcement des partenariats, notamment avec les pays africains.<\/p>\n<p>Le Forum d\u2019Investissement Mauritanie-OCI vise \u00e0 mettre en avant les opportunit\u00e9s d\u2019investissement en Mauritanie et \u00e0 renforcer les relations \u00e9conomiques entre la Mauritanie et les Etats membres de l\u2019Organisation de la coop\u00e9ration islamique.<\/p>\n","protected":false},"excerpt":{"rendered":"<p>Hespress\u00a0&#8211; Une convention cadre de partenariat a \u00e9t\u00e9 sign\u00e9e entre la F\u00e9d\u00e9ration Nationale des industries de Transformation et de Valorisation des produits de la P\u00eache (FENIP) et la F\u00e9d\u00e9ration mauritanienne de P\u00eache (FNP), en marge du Forum d\u2019investissement conjoint entre la Mauritanie et l\u2019Organisation de la Coop\u00e9ration islamique (OCI), ouvert mercredi \u00e0 Nouakchott Cette convention&#8230;..<\/p>\n","protected":false},"author":5,"featured_media":6235,"comment_status":"open","ping_status":"open","sticky":false,"template":"","format":"standard","meta":{"footnotes":""},"categories":[23,49],"tags":[],"class_list":["post-6234","post","type-post","status-publish","format-standard","has-post-thumbnail","hentry","category-actualite","category-economie"],"yoast_head":"<!-- This site is optimized with the Yoast SEO plugin v27.5 - https:\/\/yoast.com\/product\/yoast-seo-wordpress\/ -->\n<title>Maroc\/Mauritanie : Signature d\u2019une convention cadre de partenariat dans le domaine de la p\u00eache maritime - Le Quotidien de Nouakchott<\/title>\n<meta name=\"robots\" content=\"index, follow, max-snippet:-1, max-image-preview:large, max-video-preview:-1\" \/>\n<link rel=\"canonical\" href=\"https:\/\/lequotidien.mr\/?p=6234&lang=fr\" \/>\n<meta property=\"og:locale\" content=\"ar_AR\" \/>\n<meta property=\"og:type\" content=\"article\" \/>\n<meta property=\"og:title\" content=\"Maroc\/Mauritanie : Signature d\u2019une convention cadre de partenariat dans le domaine de la p\u00eache maritime - Le Quotidien de Nouakchott\" \/>\n<meta property=\"og:description\" content=\"Hespress\u00a0&#8211; Une convention cadre de partenariat a \u00e9t\u00e9 sign\u00e9e entre la F\u00e9d\u00e9ration Nationale des industries de Transformation et de Valorisation des produits de la P\u00eache (FENIP) et la F\u00e9d\u00e9ration mauritanienne de P\u00eache (FNP), en marge du Forum d\u2019investissement conjoint entre la Mauritanie et l\u2019Organisation de la Coop\u00e9ration islamique (OCI), ouvert mercredi \u00e0 Nouakchott Cette convention.....\" \/>\n<meta property=\"og:url\" content=\"https:\/\/lequotidien.mr\/?p=6234&amp;lang=fr\" \/>\n<meta property=\"og:site_name\" content=\"Le Quotidien de Nouakchott\" \/>\n<meta property=\"article:publisher\" content=\"https:\/\/web.facebook.com\/lequotidienmr\" \/>\n<meta property=\"article:published_time\" content=\"2023-03-16T19:24:37+00:00\" \/>\n<meta property=\"og:image\" content=\"https:\/\/lequotidien.mr\/wp-content\/uploads\/2023\/03\/signature_convention_i_00.jpg\" \/>\n\t<meta property=\"og:image:width\" content=\"758\" \/>\n\t<meta property=\"og:image:height\" content=\"530\" \/>\n\t<meta property=\"og:image:type\" content=\"image\/jpeg\" \/>\n<meta name=\"author\" content=\"Gayi Diawara\" \/>\n<meta name=\"twitter:card\" content=\"summary_large_image\" \/>\n<meta name=\"twitter:creator\" content=\"@lequotidienmr\" \/>\n<meta name=\"twitter:site\" content=\"@lequotidienmr\" \/>\n<meta name=\"twitter:label1\" content=\"\u0643\u064f\u062a\u0628 \u0628\u0648\u0627\u0633\u0637\u0629\" \/>\n\t<meta name=\"twitter:data1\" content=\"Gayi Diawara\" \/>\n\t<meta name=\"twitter:label2\" content=\"\u0648\u0642\u062a \u0627\u0644\u0642\u0631\u0627\u0621\u0629 \u0627\u0644\u0645\u064f\u0642\u062f\u0651\u0631\" \/>\n\t<meta name=\"twitter:data2\" content=\"\u062f\u0642\u064a\u0642\u062a\u0627\u0646\" \/>\n<script type=\"application\/ld+json\" class=\"yoast-schema-graph\">{\"@context\":\"https:\\\/\\\/schema.org\",\"@graph\":[{\"@type\":\"Article\",\"@id\":\"https:\\\/\\\/lequotidien.mr\\\/?p=6234&lang=fr#article\",\"isPartOf\":{\"@id\":\"https:\\\/\\\/lequotidien.mr\\\/?p=6234&lang=fr\"},\"author\":{\"name\":\"Gayi Diawara\",\"@id\":\"https:\\\/\\\/lequotidien.mr\\\/#\\\/schema\\\/person\\\/1077c8abd5640a6514b909318d271dee\"},\"headline\":\"Maroc\\\/Mauritanie : Signature d\u2019une convention cadre de partenariat dans le domaine de la p\u00eache maritime\",\"datePublished\":\"2023-03-16T19:24:37+00:00\",\"mainEntityOfPage\":{\"@id\":\"https:\\\/\\\/lequotidien.mr\\\/?p=6234&lang=fr\"},\"wordCount\":301,\"commentCount\":0,\"publisher\":{\"@id\":\"https:\\\/\\\/lequotidien.mr\\\/#organization\"},\"image\":{\"@id\":\"https:\\\/\\\/lequotidien.mr\\\/?p=6234&lang=fr#primaryimage\"},\"thumbnailUrl\":\"https:\\\/\\\/lequotidien.mr\\\/wp-content\\\/uploads\\\/2023\\\/03\\\/signature_convention_i_00.jpg\",\"articleSection\":[\"ACTUALIT\u00c9\",\"Economie\"],\"inLanguage\":\"ar\",\"potentialAction\":[{\"@type\":\"CommentAction\",\"name\":\"Comment\",\"target\":[\"https:\\\/\\\/lequotidien.mr\\\/?p=6234&lang=fr#respond\"]}]},{\"@type\":\"WebPage\",\"@id\":\"https:\\\/\\\/lequotidien.mr\\\/?p=6234&lang=fr\",\"url\":\"https:\\\/\\\/lequotidien.mr\\\/?p=6234&lang=fr\",\"name\":\"Maroc\\\/Mauritanie : Signature d\u2019une convention cadre de partenariat dans le domaine de la p\u00eache maritime - Le Quotidien de Nouakchott\",\"isPartOf\":{\"@id\":\"https:\\\/\\\/lequotidien.mr\\\/#website\"},\"primaryImageOfPage\":{\"@id\":\"https:\\\/\\\/lequotidien.mr\\\/?p=6234&lang=fr#primaryimage\"},\"image\":{\"@id\":\"https:\\\/\\\/lequotidien.mr\\\/?p=6234&lang=fr#primaryimage\"},\"thumbnailUrl\":\"https:\\\/\\\/lequotidien.mr\\\/wp-content\\\/uploads\\\/2023\\\/03\\\/signature_convention_i_00.jpg\",\"datePublished\":\"2023-03-16T19:24:37+00:00\",\"breadcrumb\":{\"@id\":\"https:\\\/\\\/lequotidien.mr\\\/?p=6234&lang=fr#breadcrumb\"},\"inLanguage\":\"ar\",\"potentialAction\":[{\"@type\":\"ReadAction\",\"target\":[\"https:\\\/\\\/lequotidien.mr\\\/?p=6234&lang=fr\"]}]},{\"@type\":\"ImageObject\",\"inLanguage\":\"ar\",\"@id\":\"https:\\\/\\\/lequotidien.mr\\\/?p=6234&lang=fr#primaryimage\",\"url\":\"https:\\\/\\\/lequotidien.mr\\\/wp-content\\\/uploads\\\/2023\\\/03\\\/signature_convention_i_00.jpg\",\"contentUrl\":\"https:\\\/\\\/lequotidien.mr\\\/wp-content\\\/uploads\\\/2023\\\/03\\\/signature_convention_i_00.jpg\",\"width\":758,\"height\":530},{\"@type\":\"BreadcrumbList\",\"@id\":\"https:\\\/\\\/lequotidien.mr\\\/?p=6234&lang=fr#breadcrumb\",\"itemListElement\":[{\"@type\":\"ListItem\",\"position\":1,\"name\":\"Home\",\"item\":\"https:\\\/\\\/lequotidien.mr\\\/\"},{\"@type\":\"ListItem\",\"position\":2,\"name\":\"Maroc\\\/Mauritanie : Signature d\u2019une convention cadre de partenariat dans le domaine de la p\u00eache maritime\"}]},{\"@type\":\"WebSite\",\"@id\":\"https:\\\/\\\/lequotidien.mr\\\/#website\",\"url\":\"https:\\\/\\\/lequotidien.mr\\\/\",\"name\":\"Le Quotidien de Nouakchott\",\"description\":\"\u0625\u062e\u0628\u0627\u0631\u064a\u0629 \u0645\u0633\u062a\u0642\u0644\u0629 \u0644\u0644\u0623\u0646\u0628\u0627\u0621 \u0627\u0644\u0639\u0627\u0645\u0629\",\"publisher\":{\"@id\":\"https:\\\/\\\/lequotidien.mr\\\/#organization\"},\"potentialAction\":[{\"@type\":\"SearchAction\",\"target\":{\"@type\":\"EntryPoint\",\"urlTemplate\":\"https:\\\/\\\/lequotidien.mr\\\/?s={search_term_string}\"},\"query-input\":{\"@type\":\"PropertyValueSpecification\",\"valueRequired\":true,\"valueName\":\"search_term_string\"}}],\"inLanguage\":\"ar\"},{\"@type\":\"Organization\",\"@id\":\"https:\\\/\\\/lequotidien.mr\\\/#organization\",\"name\":\"Le Quotidien de Nouakchott\",\"url\":\"https:\\\/\\\/lequotidien.mr\\\/\",\"logo\":{\"@type\":\"ImageObject\",\"inLanguage\":\"ar\",\"@id\":\"https:\\\/\\\/lequotidien.mr\\\/#\\\/schema\\\/logo\\\/image\\\/\",\"url\":\"https:\\\/\\\/lequotidien.mr\\\/wp-content\\\/uploads\\\/2022\\\/11\\\/logolequotidien.jpg\",\"contentUrl\":\"https:\\\/\\\/lequotidien.mr\\\/wp-content\\\/uploads\\\/2022\\\/11\\\/logolequotidien.jpg\",\"width\":290,\"height\":65,\"caption\":\"Le Quotidien de Nouakchott\"},\"image\":{\"@id\":\"https:\\\/\\\/lequotidien.mr\\\/#\\\/schema\\\/logo\\\/image\\\/\"},\"sameAs\":[\"https:\\\/\\\/web.facebook.com\\\/lequotidienmr\",\"https:\\\/\\\/x.com\\\/lequotidienmr\"]},{\"@type\":\"Person\",\"@id\":\"https:\\\/\\\/lequotidien.mr\\\/#\\\/schema\\\/person\\\/1077c8abd5640a6514b909318d271dee\",\"name\":\"Gayi Diawara\",\"image\":{\"@type\":\"ImageObject\",\"inLanguage\":\"ar\",\"@id\":\"https:\\\/\\\/secure.gravatar.com\\\/avatar\\\/63ea8db1e19a6d2d608b24c0f78b5f3a7d6e0bc11959fec273410af333e4d0ac?s=96&d=mm&r=g\",\"url\":\"https:\\\/\\\/secure.gravatar.com\\\/avatar\\\/63ea8db1e19a6d2d608b24c0f78b5f3a7d6e0bc11959fec273410af333e4d0ac?s=96&d=mm&r=g\",\"contentUrl\":\"https:\\\/\\\/secure.gravatar.com\\\/avatar\\\/63ea8db1e19a6d2d608b24c0f78b5f3a7d6e0bc11959fec273410af333e4d0ac?s=96&d=mm&r=g\",\"caption\":\"Gayi Diawara\"},\"sameAs\":[\"http:\\\/\\\/lequotidien.mr\"],\"url\":\"https:\\\/\\\/lequotidien.mr\\\/?author=5\"}]}<\/script>\n<!-- \/ Yoast SEO plugin. -->","yoast_head_json":{"title":"Maroc\/Mauritanie : Signature d\u2019une convention cadre de partenariat dans le domaine de la p\u00eache maritime - Le Quotidien de Nouakchott","robots":{"index":"index","follow":"follow","max-snippet":"max-snippet:-1","max-image-preview":"max-image-preview:large","max-video-preview":"max-video-preview:-1"},"canonical":"https:\/\/lequotidien.mr\/?p=6234&lang=fr","og_locale":"ar_AR","og_type":"article","og_title":"Maroc\/Mauritanie : Signature d\u2019une convention cadre de partenariat dans le domaine de la p\u00eache maritime - Le Quotidien de Nouakchott","og_description":"Hespress\u00a0&#8211; Une convention cadre de partenariat a \u00e9t\u00e9 sign\u00e9e entre la F\u00e9d\u00e9ration Nationale des industries de Transformation et de Valorisation des produits de la P\u00eache (FENIP) et la F\u00e9d\u00e9ration mauritanienne de P\u00eache (FNP), en marge du Forum d\u2019investissement conjoint entre la Mauritanie et l\u2019Organisation de la Coop\u00e9ration islamique (OCI), ouvert mercredi \u00e0 Nouakchott Cette convention.....","og_url":"https:\/\/lequotidien.mr\/?p=6234&lang=fr","og_site_name":"Le Quotidien de Nouakchott","article_publisher":"https:\/\/web.facebook.com\/lequotidienmr","article_published_time":"2023-03-16T19:24:37+00:00","og_image":[{"width":758,"height":530,"url":"https:\/\/lequotidien.mr\/wp-content\/uploads\/2023\/03\/signature_convention_i_00.jpg","type":"image\/jpeg"}],"author":"Gayi Diawara","twitter_card":"summary_large_image","twitter_creator":"@lequotidienmr","twitter_site":"@lequotidienmr","twitter_misc":{"\u0643\u064f\u062a\u0628 \u0628\u0648\u0627\u0633\u0637\u0629":"Gayi Diawara","\u0648\u0642\u062a \u0627\u0644\u0642\u0631\u0627\u0621\u0629 \u0627\u0644\u0645\u064f\u0642\u062f\u0651\u0631":"\u062f\u0642\u064a\u0642\u062a\u0627\u0646"},"schema":{"@context":"https:\/\/schema.org","@graph":[{"@type":"Article","@id":"https:\/\/lequotidien.mr\/?p=6234&lang=fr#article","isPartOf":{"@id":"https:\/\/lequotidien.mr\/?p=6234&lang=fr"},"author":{"name":"Gayi Diawara","@id":"https:\/\/lequotidien.mr\/#\/schema\/person\/1077c8abd5640a6514b909318d271dee"},"headline":"Maroc\/Mauritanie : Signature d\u2019une convention cadre de partenariat dans le domaine de la p\u00eache maritime","datePublished":"2023-03-16T19:24:37+00:00","mainEntityOfPage":{"@id":"https:\/\/lequotidien.mr\/?p=6234&lang=fr"},"wordCount":301,"commentCount":0,"publisher":{"@id":"https:\/\/lequotidien.mr\/#organization"},"image":{"@id":"https:\/\/lequotidien.mr\/?p=6234&lang=fr#primaryimage"},"thumbnailUrl":"https:\/\/lequotidien.mr\/wp-content\/uploads\/2023\/03\/signature_convention_i_00.jpg","articleSection":["ACTUALIT\u00c9","Economie"],"inLanguage":"ar","potentialAction":[{"@type":"CommentAction","name":"Comment","target":["https:\/\/lequotidien.mr\/?p=6234&lang=fr#respond"]}]},{"@type":"WebPage","@id":"https:\/\/lequotidien.mr\/?p=6234&lang=fr","url":"https:\/\/lequotidien.mr\/?p=6234&lang=fr","name":"Maroc\/Mauritanie : Signature d\u2019une convention cadre de partenariat dans le domaine de la p\u00eache maritime - Le Quotidien de Nouakchott","isPartOf":{"@id":"https:\/\/lequotidien.mr\/#website"},"primaryImageOfPage":{"@id":"https:\/\/lequotidien.mr\/?p=6234&lang=fr#primaryimage"},"image":{"@id":"https:\/\/lequotidien.mr\/?p=6234&lang=fr#primaryimage"},"thumbnailUrl":"https:\/\/lequotidien.mr\/wp-content\/uploads\/2023\/03\/signature_convention_i_00.jpg","datePublished":"2023-03-16T19:24:37+00:00","breadcrumb":{"@id":"https:\/\/lequotidien.mr\/?p=6234&lang=fr#breadcrumb"},"inLanguage":"ar","potentialAction":[{"@type":"ReadAction","target":["https:\/\/lequotidien.mr\/?p=6234&lang=fr"]}]},{"@type":"ImageObject","inLanguage":"ar","@id":"https:\/\/lequotidien.mr\/?p=6234&lang=fr#primaryimage","url":"https:\/\/lequotidien.mr\/wp-content\/uploads\/2023\/03\/signature_convention_i_00.jpg","contentUrl":"https:\/\/lequotidien.mr\/wp-content\/uploads\/2023\/03\/signature_convention_i_00.jpg","width":758,"height":530},{"@type":"BreadcrumbList","@id":"https:\/\/lequotidien.mr\/?p=6234&lang=fr#breadcrumb","itemListElement":[{"@type":"ListItem","position":1,"name":"Home","item":"https:\/\/lequotidien.mr\/"},{"@type":"ListItem","position":2,"name":"Maroc\/Mauritanie : Signature d\u2019une convention cadre de partenariat dans le domaine de la p\u00eache maritime"}]},{"@type":"WebSite","@id":"https:\/\/lequotidien.mr\/#website","url":"https:\/\/lequotidien.mr\/","name":"Le Quotidien de Nouakchott","description":"\u0625\u062e\u0628\u0627\u0631\u064a\u0629 \u0645\u0633\u062a\u0642\u0644\u0629 \u0644\u0644\u0623\u0646\u0628\u0627\u0621 \u0627\u0644\u0639\u0627\u0645\u0629","publisher":{"@id":"https:\/\/lequotidien.mr\/#organization"},"potentialAction":[{"@type":"SearchAction","target":{"@type":"EntryPoint","urlTemplate":"https:\/\/lequotidien.mr\/?s={search_term_string}"},"query-input":{"@type":"PropertyValueSpecification","valueRequired":true,"valueName":"search_term_string"}}],"inLanguage":"ar"},{"@type":"Organization","@id":"https:\/\/lequotidien.mr\/#organization","name":"Le Quotidien de Nouakchott","url":"https:\/\/lequotidien.mr\/","logo":{"@type":"ImageObject","inLanguage":"ar","@id":"https:\/\/lequotidien.mr\/#\/schema\/logo\/image\/","url":"https:\/\/lequotidien.mr\/wp-content\/uploads\/2022\/11\/logolequotidien.jpg","contentUrl":"https:\/\/lequotidien.mr\/wp-content\/uploads\/2022\/11\/logolequotidien.jpg","width":290,"height":65,"caption":"Le Quotidien de Nouakchott"},"image":{"@id":"https:\/\/lequotidien.mr\/#\/schema\/logo\/image\/"},"sameAs":["https:\/\/web.facebook.com\/lequotidienmr","https:\/\/x.com\/lequotidienmr"]},{"@type":"Person","@id":"https:\/\/lequotidien.mr\/#\/schema\/person\/1077c8abd5640a6514b909318d271dee","name":"Gayi Diawara","image":{"@type":"ImageObject","inLanguage":"ar","@id":"https:\/\/secure.gravatar.com\/avatar\/63ea8db1e19a6d2d608b24c0f78b5f3a7d6e0bc11959fec273410af333e4d0ac?s=96&d=mm&r=g","url":"https:\/\/secure.gravatar.com\/avatar\/63ea8db1e19a6d2d608b24c0f78b5f3a7d6e0bc11959fec273410af333e4d0ac?s=96&d=mm&r=g","contentUrl":"https:\/\/secure.gravatar.com\/avatar\/63ea8db1e19a6d2d608b24c0f78b5f3a7d6e0bc11959fec273410af333e4d0ac?s=96&d=mm&r=g","caption":"Gayi Diawara"},"sameAs":["http:\/\/lequotidien.mr"],"url":"https:\/\/lequotidien.mr\/?author=5"}]}},"_links":{"self":[{"href":"https:\/\/lequotidien.mr\/index.php?rest_route=\/wp\/v2\/posts\/6234","targetHints":{"allow":["GET"]}}],"collection":[{"href":"https:\/\/lequotidien.mr\/index.php?rest_route=\/wp\/v2\/posts"}],"about":[{"href":"https:\/\/lequotidien.mr\/index.php?rest_route=\/wp\/v2\/types\/post"}],"author":[{"embeddable":true,"href":"https:\/\/lequotidien.mr\/index.php?rest_route=\/wp\/v2\/users\/5"}],"replies":[{"embeddable":true,"href":"https:\/\/lequotidien.mr\/index.php?rest_route=%2Fwp%2Fv2%2Fcomments&post=6234"}],"version-history":[{"count":1,"href":"https:\/\/lequotidien.mr\/index.php?rest_route=\/wp\/v2\/posts\/6234\/revisions"}],"predecessor-version":[{"id":6236,"href":"https:\/\/lequotidien.mr\/index.php?rest_route=\/wp\/v2\/posts\/6234\/revisions\/6236"}],"wp:featuredmedia":[{"embeddable":true,"href":"https:\/\/lequotidien.mr\/index.php?rest_route=\/wp\/v2\/media\/6235"}],"wp:attachment":[{"href":"https:\/\/lequotidien.mr\/index.php?rest_route=%2Fwp%2Fv2%2Fmedia&parent=6234"}],"wp:term":[{"taxonomy":"category","embeddable":true,"href":"https:\/\/lequotidien.mr\/index.php?rest_route=%2Fwp%2Fv2%2Fcategories&post=6234"},{"taxonomy":"post_tag","embeddable":true,"href":"https:\/\/lequotidien.mr\/index.php?rest_route=%2Fwp%2Fv2%2Ftags&post=6234"}],"curies":[{"name":"wp","href":"https:\/\/api.w.org\/{rel}","templated":true}]}}