{"id":6222,"date":"2023-03-16T19:18:27","date_gmt":"2023-03-16T19:18:27","guid":{"rendered":"https:\/\/lequotidien.mr\/?p=6222"},"modified":"2023-03-16T19:18:27","modified_gmt":"2023-03-16T19:18:27","slug":"le-pm-nous-avons-enregistre-une-amelioration-sensible-sur-le-plan-economique-ces-dernieres-annees","status":"publish","type":"post","link":"https:\/\/lequotidien.mr\/?p=6222&lang=fr","title":{"rendered":"Le PM : \u00ab nous avons enregistr\u00e9 une am\u00e9lioration sensible sur le plan \u00e9conomique ces derni\u00e8res ann\u00e9es \u00bb"},"content":{"rendered":"<p>Sahara M\u00e9dias &#8211; Le premier ministre Mohamed Bilal Messaoud a d\u00e9clar\u00e9 mercredi que la Mauritanie a enregistr\u00e9 ces derni\u00e8res ann\u00e9es des am\u00e9liorations sensibles sur le plan \u00e9conomique avec une moyenne de croissance \u00e9conomique de 5,3% en 2022 et une croissance attendue en 2023 de 4,3%.<\/p>\n<p>Le premier ministre s\u2019exprimait \u00e0 l\u2019ouverture de la premi\u00e8re \u00e9dition du forum des investissements organis\u00e9e par l\u2019agence pour la promotion des investissements en Mauritanie et le centre islamique pour le d\u00e9veloppement du commerce.<\/p>\n<p>Le premier ministre a notamment d\u00e9clar\u00e9 que cette am\u00e9lioration traduit \u00e9loquemment \u00ab l\u2019ampleur de la r\u00e9silience de notre \u00e9conomie et l\u2019efficacit\u00e9 des politiques \u00e9conomiques adopt\u00e9es au cours des derni\u00e8res ann\u00e9es, tout en r\u00e9v\u00e9lant des perspectives d\u2019investissement prometteuses et croissantes dans notre pays. \u00bb<\/p>\n<p>Pour preuve de l\u2019int\u00e9r\u00eat port\u00e9 par le gouvernement pour attirer et consolider les investissements directs locaux et \u00e9trangers, la cr\u00e9ation d\u2019un haut conseil pour les investissements pr\u00e9sid\u00e9 par le chef de l\u2019\u00e9tat mauritanien Mohamed O. Cheikh El Ghazouani, un organisme charg\u00e9 de mettre en place le cadre et les r\u00e9formes organisationnelles et institutionnelles destin\u00e9es \u00e0 am\u00e9liorer le climat des affaires dans le pays et rehausser la capacit\u00e9 de l\u2019\u00e9conomie du pays \u00e0 la concurrence.<\/p>\n<p>Il a ajout\u00e9 qu\u2019un syst\u00e8me juridique et institutionnel performant et int\u00e9gr\u00e9 a \u00e9t\u00e9 mis en place dans ce domaine dans le but de lib\u00e9rer le potentiel des deux secteurs, stimuler et conjuguer leurs efforts au service du d\u00e9veloppement du pays.<\/p>\n<p>Le premier ministre a encore dit que le gouvernement a r\u00e9form\u00e9 radicalement le code des march\u00e9s publics afin de les simplifier, d\u2019en acc\u00e9l\u00e9rer la c\u00e9l\u00e9rit\u00e9, ajoutant qu\u2019il planche actuellement sur l\u2019am\u00e9lioration des strat\u00e9gies accompagnatrices comme par exemple le code des investissements, la strat\u00e9gie nationale pour la lutte contre la corruption et la loi cr\u00e9ant la zone franche de Nouadhibou.<\/p>\n","protected":false},"excerpt":{"rendered":"<p>Sahara M\u00e9dias &#8211; Le premier ministre Mohamed Bilal Messaoud a d\u00e9clar\u00e9 mercredi que la Mauritanie a enregistr\u00e9 ces derni\u00e8res ann\u00e9es des am\u00e9liorations sensibles sur le plan \u00e9conomique avec une moyenne de croissance \u00e9conomique de 5,3% en 2022 et une croissance attendue en 2023 de 4,3%. Le premier ministre s\u2019exprimait \u00e0 l\u2019ouverture de la premi\u00e8re \u00e9dition&#8230;..<\/p>\n","protected":false},"author":5,"featured_media":6224,"comment_status":"open","ping_status":"open","sticky":false,"template":"","format":"standard","meta":{"footnotes":""},"categories":[23],"tags":[],"class_list":["post-6222","post","type-post","status-publish","format-standard","has-post-thumbnail","hentry","category-actualite"],"yoast_head":"<!-- This site is optimized with the Yoast SEO plugin v27.5 - https:\/\/yoast.com\/product\/yoast-seo-wordpress\/ -->\n<title>Le PM : \u00ab nous avons enregistr\u00e9 une am\u00e9lioration sensible sur le plan \u00e9conomique ces derni\u00e8res ann\u00e9es \u00bb - Le Quotidien de Nouakchott<\/title>\n<meta name=\"robots\" content=\"index, follow, max-snippet:-1, max-image-preview:large, max-video-preview:-1\" \/>\n<link rel=\"canonical\" href=\"https:\/\/lequotidien.mr\/?p=6222&lang=fr\" \/>\n<meta property=\"og:locale\" content=\"ar_AR\" \/>\n<meta property=\"og:type\" content=\"article\" \/>\n<meta property=\"og:title\" content=\"Le PM : \u00ab nous avons enregistr\u00e9 une am\u00e9lioration sensible sur le plan \u00e9conomique ces derni\u00e8res ann\u00e9es \u00bb - Le Quotidien de Nouakchott\" \/>\n<meta property=\"og:description\" content=\"Sahara M\u00e9dias &#8211; Le premier ministre Mohamed Bilal Messaoud a d\u00e9clar\u00e9 mercredi que la Mauritanie a enregistr\u00e9 ces derni\u00e8res ann\u00e9es des am\u00e9liorations sensibles sur le plan \u00e9conomique avec une moyenne de croissance \u00e9conomique de 5,3% en 2022 et une croissance attendue en 2023 de 4,3%. Le premier ministre s\u2019exprimait \u00e0 l\u2019ouverture de la premi\u00e8re \u00e9dition.....\" \/>\n<meta property=\"og:url\" content=\"https:\/\/lequotidien.mr\/?p=6222&amp;lang=fr\" \/>\n<meta property=\"og:site_name\" content=\"Le Quotidien de Nouakchott\" \/>\n<meta property=\"article:publisher\" content=\"https:\/\/web.facebook.com\/lequotidienmr\" \/>\n<meta property=\"article:published_time\" content=\"2023-03-16T19:18:27+00:00\" \/>\n<meta property=\"og:image\" content=\"https:\/\/lequotidien.mr\/wp-content\/uploads\/2023\/03\/PM_2023_53_750x430.jpg\" \/>\n\t<meta property=\"og:image:width\" content=\"643\" \/>\n\t<meta property=\"og:image:height\" content=\"430\" \/>\n\t<meta property=\"og:image:type\" content=\"image\/jpeg\" \/>\n<meta name=\"author\" content=\"Gayi Diawara\" \/>\n<meta name=\"twitter:card\" content=\"summary_large_image\" \/>\n<meta name=\"twitter:creator\" content=\"@lequotidienmr\" \/>\n<meta name=\"twitter:site\" content=\"@lequotidienmr\" \/>\n<meta name=\"twitter:label1\" content=\"\u0643\u064f\u062a\u0628 \u0628\u0648\u0627\u0633\u0637\u0629\" \/>\n\t<meta name=\"twitter:data1\" content=\"Gayi Diawara\" \/>\n\t<meta name=\"twitter:label2\" content=\"\u0648\u0642\u062a \u0627\u0644\u0642\u0631\u0627\u0621\u0629 \u0627\u0644\u0645\u064f\u0642\u062f\u0651\u0631\" \/>\n\t<meta name=\"twitter:data2\" content=\"\u062f\u0642\u064a\u0642\u062a\u0627\u0646\" \/>\n<script type=\"application\/ld+json\" class=\"yoast-schema-graph\">{\"@context\":\"https:\\\/\\\/schema.org\",\"@graph\":[{\"@type\":\"Article\",\"@id\":\"https:\\\/\\\/lequotidien.mr\\\/?p=6222&lang=fr#article\",\"isPartOf\":{\"@id\":\"https:\\\/\\\/lequotidien.mr\\\/?p=6222&lang=fr\"},\"author\":{\"name\":\"Gayi Diawara\",\"@id\":\"https:\\\/\\\/lequotidien.mr\\\/#\\\/schema\\\/person\\\/1077c8abd5640a6514b909318d271dee\"},\"headline\":\"Le PM : \u00ab nous avons enregistr\u00e9 une am\u00e9lioration sensible sur le plan \u00e9conomique ces derni\u00e8res ann\u00e9es \u00bb\",\"datePublished\":\"2023-03-16T19:18:27+00:00\",\"mainEntityOfPage\":{\"@id\":\"https:\\\/\\\/lequotidien.mr\\\/?p=6222&lang=fr\"},\"wordCount\":354,\"commentCount\":0,\"publisher\":{\"@id\":\"https:\\\/\\\/lequotidien.mr\\\/#organization\"},\"image\":{\"@id\":\"https:\\\/\\\/lequotidien.mr\\\/?p=6222&lang=fr#primaryimage\"},\"thumbnailUrl\":\"https:\\\/\\\/lequotidien.mr\\\/wp-content\\\/uploads\\\/2023\\\/03\\\/PM_2023_53_750x430.jpg\",\"articleSection\":[\"ACTUALIT\u00c9\"],\"inLanguage\":\"ar\",\"potentialAction\":[{\"@type\":\"CommentAction\",\"name\":\"Comment\",\"target\":[\"https:\\\/\\\/lequotidien.mr\\\/?p=6222&lang=fr#respond\"]}]},{\"@type\":\"WebPage\",\"@id\":\"https:\\\/\\\/lequotidien.mr\\\/?p=6222&lang=fr\",\"url\":\"https:\\\/\\\/lequotidien.mr\\\/?p=6222&lang=fr\",\"name\":\"Le PM : \u00ab nous avons enregistr\u00e9 une am\u00e9lioration sensible sur le plan \u00e9conomique ces derni\u00e8res ann\u00e9es \u00bb - Le Quotidien de Nouakchott\",\"isPartOf\":{\"@id\":\"https:\\\/\\\/lequotidien.mr\\\/#website\"},\"primaryImageOfPage\":{\"@id\":\"https:\\\/\\\/lequotidien.mr\\\/?p=6222&lang=fr#primaryimage\"},\"image\":{\"@id\":\"https:\\\/\\\/lequotidien.mr\\\/?p=6222&lang=fr#primaryimage\"},\"thumbnailUrl\":\"https:\\\/\\\/lequotidien.mr\\\/wp-content\\\/uploads\\\/2023\\\/03\\\/PM_2023_53_750x430.jpg\",\"datePublished\":\"2023-03-16T19:18:27+00:00\",\"breadcrumb\":{\"@id\":\"https:\\\/\\\/lequotidien.mr\\\/?p=6222&lang=fr#breadcrumb\"},\"inLanguage\":\"ar\",\"potentialAction\":[{\"@type\":\"ReadAction\",\"target\":[\"https:\\\/\\\/lequotidien.mr\\\/?p=6222&lang=fr\"]}]},{\"@type\":\"ImageObject\",\"inLanguage\":\"ar\",\"@id\":\"https:\\\/\\\/lequotidien.mr\\\/?p=6222&lang=fr#primaryimage\",\"url\":\"https:\\\/\\\/lequotidien.mr\\\/wp-content\\\/uploads\\\/2023\\\/03\\\/PM_2023_53_750x430.jpg\",\"contentUrl\":\"https:\\\/\\\/lequotidien.mr\\\/wp-content\\\/uploads\\\/2023\\\/03\\\/PM_2023_53_750x430.jpg\",\"width\":643,\"height\":430},{\"@type\":\"BreadcrumbList\",\"@id\":\"https:\\\/\\\/lequotidien.mr\\\/?p=6222&lang=fr#breadcrumb\",\"itemListElement\":[{\"@type\":\"ListItem\",\"position\":1,\"name\":\"Home\",\"item\":\"https:\\\/\\\/lequotidien.mr\\\/\"},{\"@type\":\"ListItem\",\"position\":2,\"name\":\"Le PM : \u00ab nous avons enregistr\u00e9 une am\u00e9lioration sensible sur le plan \u00e9conomique ces derni\u00e8res ann\u00e9es \u00bb\"}]},{\"@type\":\"WebSite\",\"@id\":\"https:\\\/\\\/lequotidien.mr\\\/#website\",\"url\":\"https:\\\/\\\/lequotidien.mr\\\/\",\"name\":\"Le Quotidien de Nouakchott\",\"description\":\"\u0625\u062e\u0628\u0627\u0631\u064a\u0629 \u0645\u0633\u062a\u0642\u0644\u0629 \u0644\u0644\u0623\u0646\u0628\u0627\u0621 \u0627\u0644\u0639\u0627\u0645\u0629\",\"publisher\":{\"@id\":\"https:\\\/\\\/lequotidien.mr\\\/#organization\"},\"potentialAction\":[{\"@type\":\"SearchAction\",\"target\":{\"@type\":\"EntryPoint\",\"urlTemplate\":\"https:\\\/\\\/lequotidien.mr\\\/?s={search_term_string}\"},\"query-input\":{\"@type\":\"PropertyValueSpecification\",\"valueRequired\":true,\"valueName\":\"search_term_string\"}}],\"inLanguage\":\"ar\"},{\"@type\":\"Organization\",\"@id\":\"https:\\\/\\\/lequotidien.mr\\\/#organization\",\"name\":\"Le Quotidien de Nouakchott\",\"url\":\"https:\\\/\\\/lequotidien.mr\\\/\",\"logo\":{\"@type\":\"ImageObject\",\"inLanguage\":\"ar\",\"@id\":\"https:\\\/\\\/lequotidien.mr\\\/#\\\/schema\\\/logo\\\/image\\\/\",\"url\":\"https:\\\/\\\/lequotidien.mr\\\/wp-content\\\/uploads\\\/2022\\\/11\\\/logolequotidien.jpg\",\"contentUrl\":\"https:\\\/\\\/lequotidien.mr\\\/wp-content\\\/uploads\\\/2022\\\/11\\\/logolequotidien.jpg\",\"width\":290,\"height\":65,\"caption\":\"Le Quotidien de Nouakchott\"},\"image\":{\"@id\":\"https:\\\/\\\/lequotidien.mr\\\/#\\\/schema\\\/logo\\\/image\\\/\"},\"sameAs\":[\"https:\\\/\\\/web.facebook.com\\\/lequotidienmr\",\"https:\\\/\\\/x.com\\\/lequotidienmr\"]},{\"@type\":\"Person\",\"@id\":\"https:\\\/\\\/lequotidien.mr\\\/#\\\/schema\\\/person\\\/1077c8abd5640a6514b909318d271dee\",\"name\":\"Gayi Diawara\",\"image\":{\"@type\":\"ImageObject\",\"inLanguage\":\"ar\",\"@id\":\"https:\\\/\\\/secure.gravatar.com\\\/avatar\\\/63ea8db1e19a6d2d608b24c0f78b5f3a7d6e0bc11959fec273410af333e4d0ac?s=96&d=mm&r=g\",\"url\":\"https:\\\/\\\/secure.gravatar.com\\\/avatar\\\/63ea8db1e19a6d2d608b24c0f78b5f3a7d6e0bc11959fec273410af333e4d0ac?s=96&d=mm&r=g\",\"contentUrl\":\"https:\\\/\\\/secure.gravatar.com\\\/avatar\\\/63ea8db1e19a6d2d608b24c0f78b5f3a7d6e0bc11959fec273410af333e4d0ac?s=96&d=mm&r=g\",\"caption\":\"Gayi Diawara\"},\"sameAs\":[\"http:\\\/\\\/lequotidien.mr\"],\"url\":\"https:\\\/\\\/lequotidien.mr\\\/?author=5\"}]}<\/script>\n<!-- \/ Yoast SEO plugin. -->","yoast_head_json":{"title":"Le PM : \u00ab nous avons enregistr\u00e9 une am\u00e9lioration sensible sur le plan \u00e9conomique ces derni\u00e8res ann\u00e9es \u00bb - Le Quotidien de Nouakchott","robots":{"index":"index","follow":"follow","max-snippet":"max-snippet:-1","max-image-preview":"max-image-preview:large","max-video-preview":"max-video-preview:-1"},"canonical":"https:\/\/lequotidien.mr\/?p=6222&lang=fr","og_locale":"ar_AR","og_type":"article","og_title":"Le PM : \u00ab nous avons enregistr\u00e9 une am\u00e9lioration sensible sur le plan \u00e9conomique ces derni\u00e8res ann\u00e9es \u00bb - Le Quotidien de Nouakchott","og_description":"Sahara M\u00e9dias &#8211; Le premier ministre Mohamed Bilal Messaoud a d\u00e9clar\u00e9 mercredi que la Mauritanie a enregistr\u00e9 ces derni\u00e8res ann\u00e9es des am\u00e9liorations sensibles sur le plan \u00e9conomique avec une moyenne de croissance \u00e9conomique de 5,3% en 2022 et une croissance attendue en 2023 de 4,3%. Le premier ministre s\u2019exprimait \u00e0 l\u2019ouverture de la premi\u00e8re \u00e9dition.....","og_url":"https:\/\/lequotidien.mr\/?p=6222&lang=fr","og_site_name":"Le Quotidien de Nouakchott","article_publisher":"https:\/\/web.facebook.com\/lequotidienmr","article_published_time":"2023-03-16T19:18:27+00:00","og_image":[{"width":643,"height":430,"url":"https:\/\/lequotidien.mr\/wp-content\/uploads\/2023\/03\/PM_2023_53_750x430.jpg","type":"image\/jpeg"}],"author":"Gayi Diawara","twitter_card":"summary_large_image","twitter_creator":"@lequotidienmr","twitter_site":"@lequotidienmr","twitter_misc":{"\u0643\u064f\u062a\u0628 \u0628\u0648\u0627\u0633\u0637\u0629":"Gayi Diawara","\u0648\u0642\u062a \u0627\u0644\u0642\u0631\u0627\u0621\u0629 \u0627\u0644\u0645\u064f\u0642\u062f\u0651\u0631":"\u062f\u0642\u064a\u0642\u062a\u0627\u0646"},"schema":{"@context":"https:\/\/schema.org","@graph":[{"@type":"Article","@id":"https:\/\/lequotidien.mr\/?p=6222&lang=fr#article","isPartOf":{"@id":"https:\/\/lequotidien.mr\/?p=6222&lang=fr"},"author":{"name":"Gayi Diawara","@id":"https:\/\/lequotidien.mr\/#\/schema\/person\/1077c8abd5640a6514b909318d271dee"},"headline":"Le PM : \u00ab nous avons enregistr\u00e9 une am\u00e9lioration sensible sur le plan \u00e9conomique ces derni\u00e8res ann\u00e9es \u00bb","datePublished":"2023-03-16T19:18:27+00:00","mainEntityOfPage":{"@id":"https:\/\/lequotidien.mr\/?p=6222&lang=fr"},"wordCount":354,"commentCount":0,"publisher":{"@id":"https:\/\/lequotidien.mr\/#organization"},"image":{"@id":"https:\/\/lequotidien.mr\/?p=6222&lang=fr#primaryimage"},"thumbnailUrl":"https:\/\/lequotidien.mr\/wp-content\/uploads\/2023\/03\/PM_2023_53_750x430.jpg","articleSection":["ACTUALIT\u00c9"],"inLanguage":"ar","potentialAction":[{"@type":"CommentAction","name":"Comment","target":["https:\/\/lequotidien.mr\/?p=6222&lang=fr#respond"]}]},{"@type":"WebPage","@id":"https:\/\/lequotidien.mr\/?p=6222&lang=fr","url":"https:\/\/lequotidien.mr\/?p=6222&lang=fr","name":"Le PM : \u00ab nous avons enregistr\u00e9 une am\u00e9lioration sensible sur le plan \u00e9conomique ces derni\u00e8res ann\u00e9es \u00bb - Le Quotidien de Nouakchott","isPartOf":{"@id":"https:\/\/lequotidien.mr\/#website"},"primaryImageOfPage":{"@id":"https:\/\/lequotidien.mr\/?p=6222&lang=fr#primaryimage"},"image":{"@id":"https:\/\/lequotidien.mr\/?p=6222&lang=fr#primaryimage"},"thumbnailUrl":"https:\/\/lequotidien.mr\/wp-content\/uploads\/2023\/03\/PM_2023_53_750x430.jpg","datePublished":"2023-03-16T19:18:27+00:00","breadcrumb":{"@id":"https:\/\/lequotidien.mr\/?p=6222&lang=fr#breadcrumb"},"inLanguage":"ar","potentialAction":[{"@type":"ReadAction","target":["https:\/\/lequotidien.mr\/?p=6222&lang=fr"]}]},{"@type":"ImageObject","inLanguage":"ar","@id":"https:\/\/lequotidien.mr\/?p=6222&lang=fr#primaryimage","url":"https:\/\/lequotidien.mr\/wp-content\/uploads\/2023\/03\/PM_2023_53_750x430.jpg","contentUrl":"https:\/\/lequotidien.mr\/wp-content\/uploads\/2023\/03\/PM_2023_53_750x430.jpg","width":643,"height":430},{"@type":"BreadcrumbList","@id":"https:\/\/lequotidien.mr\/?p=6222&lang=fr#breadcrumb","itemListElement":[{"@type":"ListItem","position":1,"name":"Home","item":"https:\/\/lequotidien.mr\/"},{"@type":"ListItem","position":2,"name":"Le PM : \u00ab nous avons enregistr\u00e9 une am\u00e9lioration sensible sur le plan \u00e9conomique ces derni\u00e8res ann\u00e9es \u00bb"}]},{"@type":"WebSite","@id":"https:\/\/lequotidien.mr\/#website","url":"https:\/\/lequotidien.mr\/","name":"Le Quotidien de Nouakchott","description":"\u0625\u062e\u0628\u0627\u0631\u064a\u0629 \u0645\u0633\u062a\u0642\u0644\u0629 \u0644\u0644\u0623\u0646\u0628\u0627\u0621 \u0627\u0644\u0639\u0627\u0645\u0629","publisher":{"@id":"https:\/\/lequotidien.mr\/#organization"},"potentialAction":[{"@type":"SearchAction","target":{"@type":"EntryPoint","urlTemplate":"https:\/\/lequotidien.mr\/?s={search_term_string}"},"query-input":{"@type":"PropertyValueSpecification","valueRequired":true,"valueName":"search_term_string"}}],"inLanguage":"ar"},{"@type":"Organization","@id":"https:\/\/lequotidien.mr\/#organization","name":"Le Quotidien de Nouakchott","url":"https:\/\/lequotidien.mr\/","logo":{"@type":"ImageObject","inLanguage":"ar","@id":"https:\/\/lequotidien.mr\/#\/schema\/logo\/image\/","url":"https:\/\/lequotidien.mr\/wp-content\/uploads\/2022\/11\/logolequotidien.jpg","contentUrl":"https:\/\/lequotidien.mr\/wp-content\/uploads\/2022\/11\/logolequotidien.jpg","width":290,"height":65,"caption":"Le Quotidien de Nouakchott"},"image":{"@id":"https:\/\/lequotidien.mr\/#\/schema\/logo\/image\/"},"sameAs":["https:\/\/web.facebook.com\/lequotidienmr","https:\/\/x.com\/lequotidienmr"]},{"@type":"Person","@id":"https:\/\/lequotidien.mr\/#\/schema\/person\/1077c8abd5640a6514b909318d271dee","name":"Gayi Diawara","image":{"@type":"ImageObject","inLanguage":"ar","@id":"https:\/\/secure.gravatar.com\/avatar\/63ea8db1e19a6d2d608b24c0f78b5f3a7d6e0bc11959fec273410af333e4d0ac?s=96&d=mm&r=g","url":"https:\/\/secure.gravatar.com\/avatar\/63ea8db1e19a6d2d608b24c0f78b5f3a7d6e0bc11959fec273410af333e4d0ac?s=96&d=mm&r=g","contentUrl":"https:\/\/secure.gravatar.com\/avatar\/63ea8db1e19a6d2d608b24c0f78b5f3a7d6e0bc11959fec273410af333e4d0ac?s=96&d=mm&r=g","caption":"Gayi Diawara"},"sameAs":["http:\/\/lequotidien.mr"],"url":"https:\/\/lequotidien.mr\/?author=5"}]}},"_links":{"self":[{"href":"https:\/\/lequotidien.mr\/index.php?rest_route=\/wp\/v2\/posts\/6222","targetHints":{"allow":["GET"]}}],"collection":[{"href":"https:\/\/lequotidien.mr\/index.php?rest_route=\/wp\/v2\/posts"}],"about":[{"href":"https:\/\/lequotidien.mr\/index.php?rest_route=\/wp\/v2\/types\/post"}],"author":[{"embeddable":true,"href":"https:\/\/lequotidien.mr\/index.php?rest_route=\/wp\/v2\/users\/5"}],"replies":[{"embeddable":true,"href":"https:\/\/lequotidien.mr\/index.php?rest_route=%2Fwp%2Fv2%2Fcomments&post=6222"}],"version-history":[{"count":1,"href":"https:\/\/lequotidien.mr\/index.php?rest_route=\/wp\/v2\/posts\/6222\/revisions"}],"predecessor-version":[{"id":6225,"href":"https:\/\/lequotidien.mr\/index.php?rest_route=\/wp\/v2\/posts\/6222\/revisions\/6225"}],"wp:featuredmedia":[{"embeddable":true,"href":"https:\/\/lequotidien.mr\/index.php?rest_route=\/wp\/v2\/media\/6224"}],"wp:attachment":[{"href":"https:\/\/lequotidien.mr\/index.php?rest_route=%2Fwp%2Fv2%2Fmedia&parent=6222"}],"wp:term":[{"taxonomy":"category","embeddable":true,"href":"https:\/\/lequotidien.mr\/index.php?rest_route=%2Fwp%2Fv2%2Fcategories&post=6222"},{"taxonomy":"post_tag","embeddable":true,"href":"https:\/\/lequotidien.mr\/index.php?rest_route=%2Fwp%2Fv2%2Ftags&post=6222"}],"curies":[{"name":"wp","href":"https:\/\/api.w.org\/{rel}","templated":true}]}}