{"id":6192,"date":"2023-03-15T21:56:19","date_gmt":"2023-03-15T21:56:19","guid":{"rendered":"https:\/\/lequotidien.mr\/?p=6192"},"modified":"2023-03-15T21:56:19","modified_gmt":"2023-03-15T21:56:19","slug":"ramadan-flambee-de-prix-dans-lindifference-generale","status":"publish","type":"post","link":"https:\/\/lequotidien.mr\/?p=6192&lang=fr","title":{"rendered":"Ramadan : flamb\u00e9e de prix dans l\u2019indiff\u00e9rence g\u00e9n\u00e9rale !"},"content":{"rendered":"<p>Eveil Hebdo &#8211; Dans une dizaine de jours, les Mauritaniens commenceront le ramadan. Un mois de je\u00fbne qui survient au moment o\u00f9 les m\u00e9nages font face \u00e0 une flamb\u00e9e de prix des denr\u00e9es de base.<\/p>\n<p>Le riz, l\u2019huile, le sucre, la viande\u2026 et j\u2019en passe, tous les produits de grande consommation sont mont\u00e9s en fl\u00e8che en l\u2019espace de quelques mois dans une indiff\u00e9rence quasi-g\u00e9n\u00e9rale, du pouvoir comme de l\u2019opposition, qui sont plut\u00f4t pr\u00e9occup\u00e9s par la pr\u00e9paration des \u00e9lections pr\u00e9vues au mois de mai.<\/p>\n<p>Quelles promesses pourraient faire les candidats \u00e0 des \u00e9lecteurs qui sortent juste d\u2019un mois o\u00f9 ils auront tir\u00e9 le diable par la queue jusqu\u2019au dernier poil ?<\/p>\n<p>Le mois sacr\u00e9 de Ramadan approche \u00e0 grands pas, les m\u00e9nages mauritaniens affichent toutefois des pr\u00e9occupations quant \u00e0 la flamb\u00e9e des prix qui les afflige.<\/p>\n<p>Face \u00e0 un contexte social fort d\u00e9primant \u00e0 cause de la hausse des prix qui touche principalement des produits de premi\u00e8re n\u00e9cessit\u00e9, le gouvernement a certes affich\u00e9 sa d\u00e9termination \u00e0 renforcer les filets de protection sociale, \u00e0 travers les m\u00e9canismes de soutien au pouvoir d\u2019achat des citoyens, et ceux de contr\u00f4le et de suivi pour traquer les sp\u00e9culateurs. Mais, ce ne sont pas les fameuses \u00abboutiques ramadan\u00bb qui soulageront les consommateurs.<\/p>\n<p><strong>De belles promesses\u2026<\/strong><\/p>\n<p>Se disant \u00e0 l\u2019\u00e9coute des dol\u00e9ances des m\u00e9nages dans ce contexte de chert\u00e9 de vie, due notamment aux retomb\u00e9es inflationnistes de la crise \u00e9conomique mondiale et aux perturbations des cha\u00eenes d\u2019approvisionnement, du fait de la guerre russo-ukrainienne, le gouvernement entend d\u00e9ployer avec plus d\u2019\u00e9nergie les leviers de contr\u00f4le et de suivi. Le gouvernement a promis, \u00e0 l\u2019issue d\u2019un de ses Conseils, un retour progressif des produits alimentaires aux prix normaux gr\u00e2ce aux mesures prises.<\/p>\n<p>De m\u00eame, plusieurs ministres sont venus confirmer une am\u00e9lioration des prix et un approvisionnement normal des produits alimentaires de base. Les prix des viandes rouges n\u2019ont pourtant connu aucune baisse. Au contraire, dans certains endroits, ils ont m\u00eame connu une nouvelle hausse. Ainsi, un kilogramme de viande de veau se n\u00e9gocie entre 2 400 UM (anciennes) et 2 600 UM, contre 2 000 UM il y a encore quelques mois.<\/p>\n<p>Les oignons sont pass\u00e9s \u00e0 500 UM le kilo tandis que le carton d\u2019huile de 15 litres est vendu \u00e0 15 000 UM, contre 7 500 UM il y a \u00e0 peu pr\u00e8s une ann\u00e9e !<\/p>\n<p><strong>\u00ab Nous risquons de rompre notre je\u00fbne avec de la musique \u00bb<\/strong><\/p>\n<p>\u00ab\u00c0 vrai dire, rien n&#8217;est abordable actuellement, toutes les denr\u00e9es alimentaires sont ch\u00e8res. Avant, j&#8217;achetais un carton d\u2019huile de 15 litres \u00e0 7 500 UM (anciennes) aujourd&#8217;hui, il co\u00fbte entre 14 000 et 15 000 UM. Et il en est ainsi pour tous les produits. Si cette situation perdure et n&#8217;est pas r\u00e9solue avant le ramadan, nous risquons de rompre notre je\u00fbne avec de la musique \u00bb, lan\u00e7ait en guise d&#8217;avertissement, un p\u00e8re de famille d\u00e9sabus\u00e9.<\/p>\n<p>La Mauritanie comme une grande majorit\u00e9 de pays d&#8217;Afrique conna\u00eet une hausse des prix des denr\u00e9es de premi\u00e8re n\u00e9cessit\u00e9. Une situation qui inqui\u00e8te les consommateurs qui, pour la plupart, pointent du doigt, l\u2019inertie des autorit\u00e9s face \u00e0 la \u00abcupidit\u00e9\u00bb des commer\u00e7ants.<\/p>\n<p>\u00abCe n&#8217;est pas un probl\u00e8me li\u00e9 \u00e0 la guerre en Ukraine ou au COVID. Bien ces deux \u00e9v\u00e9nements, les prix ont toujours augment\u00e9 dans notre pays. Le chef de l&#8217;\u00c9tat n&#8217;a qu&#8217;\u00e0 trouver une solution \u00bb, insiste une autre jeune femme.<\/p>\n<p>Le Fonds mon\u00e9taire international a r\u00e9cemment expliqu\u00e9 que si l&#8217;inflation dans ce pays a \u00e9t\u00e9 ma\u00eetris\u00e9e en Mauritanie, les prix des produits alimentaires ont augment\u00e9 un peu plus vite. L&#8217;institution rel\u00e8ve que la hausse des prix mondiaux des produits alimentaires et de l&#8217;\u00e9nergie provoqu\u00e9e par le conflit s&#8217;ajoute \u00abaux s\u00e9quelles de la pand\u00e9mie, \u00e0 l&#8217;ins\u00e9curit\u00e9 r\u00e9gionale et \u00e0 l&#8217;augmentation des revendications sociales \u00e0 l&#8217;approche des \u00e9lections parlementaires de mai\u00bb.<\/p>\n<p>\u00abTous ces \u00e9l\u00e9ments accroissent les risques de ralentissement de la croissance \u00e9conomique et se traduiront probablement par une aggravation des pressions inflationnistes et une augmentation consid\u00e9rable des d\u00e9penses publiques\u00bb, estime-t-il \u00e9galement.<\/p>\n<p><strong>Constat g\u00e9n\u00e9ralis\u00e9 : C\u2019est partout pareil !<\/strong><\/p>\n<p>L&#8217;inqui\u00e9tude est g\u00e9n\u00e9ralis\u00e9e. La Russie et l&#8217;Ukraine font partie des principaux exportateurs mondiaux de produits agricoles, comme le bl\u00e9, l&#8217;huile v\u00e9g\u00e9tale et le ma\u00efs. Mais la perturbation des flux d&#8217;exportation r\u00e9sultant du conflit entre les deux pays fait craindre une crise mondiale de la faim, en particulier au Moyen-Orient et en Afrique.<\/p>\n<p>En Alg\u00e9rie, les autorit\u00e9s tentent ces derniers mois de limiter la hausse des prix des produits alimentaires. L&#8217;\u00c9tat a annonc\u00e9 l&#8217;ouverture de 1 200 points de vente pour faciliter les achats des familles afin de leur permettre d&#8217;assurer le ftour, le repas de rupture du je\u00fbne. Mais les effets de ces annonces sont peu visibles, sur les march\u00e9s, la flamb\u00e9e des prix touche d\u00e9j\u00e0 les fruits, les l\u00e9gumes et les viandes, rapportent les m\u00e9dias locaux. M\u00eame constat au Maroc, sous l&#8217;effet de la flamb\u00e9e des prix des mati\u00e8res premi\u00e8res \u00e0 l&#8217;international, ces derniers mois, le pays conna\u00eet une inflation croissante, qui a d&#8217;abord touch\u00e9 les carburants, puis le transport, pour finalement impacter les produits alimentaires.<\/p>\n<p>Ainsi, l&#8217;indice des prix des produits alimentaires a augment\u00e9 de 5,5 % en une ann\u00e9e. L&#8217;huile, le poisson, les c\u00e9r\u00e9ales, les fruits, les l\u00e9gumes : tous les aliments de premi\u00e8re n\u00e9cessit\u00e9 sont touch\u00e9s.<\/p>\n<p>Le Maroc est aussi d\u00e9pendant de la Russie et de l&#8217;Ukraine pour de nombreux produits, et comme il est touch\u00e9 par une tr\u00e8s forte s\u00e9cheresse, le royaume pourrait \u00eatre oblig\u00e9 d&#8217;importer davantage. Dans ce contexte, le gouvernement multiplie les subventions aux secteurs concern\u00e9s, tels les transporteurs routiers. Il agit aussi depuis des semaines contre les pratiques de sp\u00e9culation autour de certains produits.<\/p>\n<p>En Tunisie, les associations caritatives, qui multiplient la collecte de produits alimentaires en faveur des familles d\u00e9munies, sont en manque de dons \u00e0 cause de la d\u00e9gradation de la situation socio-\u00e9conomique. \u00ab D&#8217;habitude, nous avons un chariot rempli au bout d&#8217;une heure, ce n&#8217;est pas le cas cette ann\u00e9e \u00bb, dit Mohamed Malek, un \u00e9tudiant de 20 ans b\u00e9n\u00e9vole pour une association. \u00ab Il y a m\u00eame des gens qui nous disaient : \u201cTrouvons d&#8217;abord de la nourriture pour nous.\u201d \u00bb, ajoute-t-il.<\/p>\n<p>En tout \u00e9tat de cause en Mauritanie, o\u00f9 l\u2019attention des populations \u00e9tait focalis\u00e9e ces derniers jours sur \u00abl\u2019affaire Souvi\u00bb puis sur la traque des terroristes qui s\u2019\u00e9taient \u00e9chapp\u00e9s de la prison civile de Nouakchott, le r\u00e9veil risque d\u2019\u00eatre brutal \u00e0 quelques jours du d\u00e9but du ramadan.<\/p>\n<p><strong>Sikhousso<\/strong><\/p>\n","protected":false},"excerpt":{"rendered":"<p>Eveil Hebdo &#8211; Dans une dizaine de jours, les Mauritaniens commenceront le ramadan. Un mois de je\u00fbne qui survient au moment o\u00f9 les m\u00e9nages font face \u00e0 une flamb\u00e9e de prix des denr\u00e9es de base. Le riz, l\u2019huile, le sucre, la viande\u2026 et j\u2019en passe, tous les produits de grande consommation sont mont\u00e9s en fl\u00e8che&#8230;..<\/p>\n","protected":false},"author":5,"featured_media":6193,"comment_status":"open","ping_status":"open","sticky":false,"template":"","format":"standard","meta":{"footnotes":""},"categories":[23,49],"tags":[],"class_list":["post-6192","post","type-post","status-publish","format-standard","has-post-thumbnail","hentry","category-actualite","category-economie"],"yoast_head":"<!-- This site is optimized with the Yoast SEO plugin v27.5 - https:\/\/yoast.com\/product\/yoast-seo-wordpress\/ -->\n<title>Ramadan : flamb\u00e9e de prix dans l\u2019indiff\u00e9rence g\u00e9n\u00e9rale ! - Le Quotidien de Nouakchott<\/title>\n<meta name=\"robots\" content=\"index, follow, max-snippet:-1, max-image-preview:large, max-video-preview:-1\" \/>\n<link rel=\"canonical\" href=\"https:\/\/lequotidien.mr\/?p=6192&lang=fr\" \/>\n<meta property=\"og:locale\" content=\"ar_AR\" \/>\n<meta property=\"og:type\" content=\"article\" \/>\n<meta property=\"og:title\" content=\"Ramadan : flamb\u00e9e de prix dans l\u2019indiff\u00e9rence g\u00e9n\u00e9rale ! - Le Quotidien de Nouakchott\" \/>\n<meta property=\"og:description\" content=\"Eveil Hebdo &#8211; Dans une dizaine de jours, les Mauritaniens commenceront le ramadan. Un mois de je\u00fbne qui survient au moment o\u00f9 les m\u00e9nages font face \u00e0 une flamb\u00e9e de prix des denr\u00e9es de base. Le riz, l\u2019huile, le sucre, la viande\u2026 et j\u2019en passe, tous les produits de grande consommation sont mont\u00e9s en fl\u00e8che.....\" \/>\n<meta property=\"og:url\" content=\"https:\/\/lequotidien.mr\/?p=6192&amp;lang=fr\" \/>\n<meta property=\"og:site_name\" content=\"Le Quotidien de Nouakchott\" \/>\n<meta property=\"article:publisher\" content=\"https:\/\/web.facebook.com\/lequotidienmr\" \/>\n<meta property=\"article:published_time\" content=\"2023-03-15T21:56:19+00:00\" \/>\n<meta property=\"og:image\" content=\"https:\/\/lequotidien.mr\/wp-content\/uploads\/2023\/03\/prix_marche_legumes_pommes_oignons.png\" \/>\n\t<meta property=\"og:image:width\" content=\"276\" \/>\n\t<meta property=\"og:image:height\" content=\"183\" \/>\n\t<meta property=\"og:image:type\" content=\"image\/png\" \/>\n<meta name=\"author\" content=\"Gayi Diawara\" \/>\n<meta name=\"twitter:card\" content=\"summary_large_image\" \/>\n<meta name=\"twitter:creator\" content=\"@lequotidienmr\" \/>\n<meta name=\"twitter:site\" content=\"@lequotidienmr\" \/>\n<meta name=\"twitter:label1\" content=\"\u0643\u064f\u062a\u0628 \u0628\u0648\u0627\u0633\u0637\u0629\" \/>\n\t<meta name=\"twitter:data1\" content=\"Gayi Diawara\" \/>\n\t<meta name=\"twitter:label2\" content=\"\u0648\u0642\u062a \u0627\u0644\u0642\u0631\u0627\u0621\u0629 \u0627\u0644\u0645\u064f\u0642\u062f\u0651\u0631\" \/>\n\t<meta name=\"twitter:data2\" content=\"5 \u062f\u0642\u0627\u0626\u0642\" \/>\n<script type=\"application\/ld+json\" class=\"yoast-schema-graph\">{\"@context\":\"https:\\\/\\\/schema.org\",\"@graph\":[{\"@type\":\"Article\",\"@id\":\"https:\\\/\\\/lequotidien.mr\\\/?p=6192&lang=fr#article\",\"isPartOf\":{\"@id\":\"https:\\\/\\\/lequotidien.mr\\\/?p=6192&lang=fr\"},\"author\":{\"name\":\"Gayi Diawara\",\"@id\":\"https:\\\/\\\/lequotidien.mr\\\/#\\\/schema\\\/person\\\/1077c8abd5640a6514b909318d271dee\"},\"headline\":\"Ramadan : flamb\u00e9e de prix dans l\u2019indiff\u00e9rence g\u00e9n\u00e9rale !\",\"datePublished\":\"2023-03-15T21:56:19+00:00\",\"mainEntityOfPage\":{\"@id\":\"https:\\\/\\\/lequotidien.mr\\\/?p=6192&lang=fr\"},\"wordCount\":1178,\"commentCount\":0,\"publisher\":{\"@id\":\"https:\\\/\\\/lequotidien.mr\\\/#organization\"},\"image\":{\"@id\":\"https:\\\/\\\/lequotidien.mr\\\/?p=6192&lang=fr#primaryimage\"},\"thumbnailUrl\":\"https:\\\/\\\/lequotidien.mr\\\/wp-content\\\/uploads\\\/2023\\\/03\\\/prix_marche_legumes_pommes_oignons.png\",\"articleSection\":[\"ACTUALIT\u00c9\",\"Economie\"],\"inLanguage\":\"ar\",\"potentialAction\":[{\"@type\":\"CommentAction\",\"name\":\"Comment\",\"target\":[\"https:\\\/\\\/lequotidien.mr\\\/?p=6192&lang=fr#respond\"]}]},{\"@type\":\"WebPage\",\"@id\":\"https:\\\/\\\/lequotidien.mr\\\/?p=6192&lang=fr\",\"url\":\"https:\\\/\\\/lequotidien.mr\\\/?p=6192&lang=fr\",\"name\":\"Ramadan : flamb\u00e9e de prix dans l\u2019indiff\u00e9rence g\u00e9n\u00e9rale ! - Le Quotidien de Nouakchott\",\"isPartOf\":{\"@id\":\"https:\\\/\\\/lequotidien.mr\\\/#website\"},\"primaryImageOfPage\":{\"@id\":\"https:\\\/\\\/lequotidien.mr\\\/?p=6192&lang=fr#primaryimage\"},\"image\":{\"@id\":\"https:\\\/\\\/lequotidien.mr\\\/?p=6192&lang=fr#primaryimage\"},\"thumbnailUrl\":\"https:\\\/\\\/lequotidien.mr\\\/wp-content\\\/uploads\\\/2023\\\/03\\\/prix_marche_legumes_pommes_oignons.png\",\"datePublished\":\"2023-03-15T21:56:19+00:00\",\"breadcrumb\":{\"@id\":\"https:\\\/\\\/lequotidien.mr\\\/?p=6192&lang=fr#breadcrumb\"},\"inLanguage\":\"ar\",\"potentialAction\":[{\"@type\":\"ReadAction\",\"target\":[\"https:\\\/\\\/lequotidien.mr\\\/?p=6192&lang=fr\"]}]},{\"@type\":\"ImageObject\",\"inLanguage\":\"ar\",\"@id\":\"https:\\\/\\\/lequotidien.mr\\\/?p=6192&lang=fr#primaryimage\",\"url\":\"https:\\\/\\\/lequotidien.mr\\\/wp-content\\\/uploads\\\/2023\\\/03\\\/prix_marche_legumes_pommes_oignons.png\",\"contentUrl\":\"https:\\\/\\\/lequotidien.mr\\\/wp-content\\\/uploads\\\/2023\\\/03\\\/prix_marche_legumes_pommes_oignons.png\",\"width\":276,\"height\":183},{\"@type\":\"BreadcrumbList\",\"@id\":\"https:\\\/\\\/lequotidien.mr\\\/?p=6192&lang=fr#breadcrumb\",\"itemListElement\":[{\"@type\":\"ListItem\",\"position\":1,\"name\":\"Home\",\"item\":\"https:\\\/\\\/lequotidien.mr\\\/\"},{\"@type\":\"ListItem\",\"position\":2,\"name\":\"Ramadan : flamb\u00e9e de prix dans l\u2019indiff\u00e9rence g\u00e9n\u00e9rale !\"}]},{\"@type\":\"WebSite\",\"@id\":\"https:\\\/\\\/lequotidien.mr\\\/#website\",\"url\":\"https:\\\/\\\/lequotidien.mr\\\/\",\"name\":\"Le Quotidien de Nouakchott\",\"description\":\"\u0625\u062e\u0628\u0627\u0631\u064a\u0629 \u0645\u0633\u062a\u0642\u0644\u0629 \u0644\u0644\u0623\u0646\u0628\u0627\u0621 \u0627\u0644\u0639\u0627\u0645\u0629\",\"publisher\":{\"@id\":\"https:\\\/\\\/lequotidien.mr\\\/#organization\"},\"potentialAction\":[{\"@type\":\"SearchAction\",\"target\":{\"@type\":\"EntryPoint\",\"urlTemplate\":\"https:\\\/\\\/lequotidien.mr\\\/?s={search_term_string}\"},\"query-input\":{\"@type\":\"PropertyValueSpecification\",\"valueRequired\":true,\"valueName\":\"search_term_string\"}}],\"inLanguage\":\"ar\"},{\"@type\":\"Organization\",\"@id\":\"https:\\\/\\\/lequotidien.mr\\\/#organization\",\"name\":\"Le Quotidien de Nouakchott\",\"url\":\"https:\\\/\\\/lequotidien.mr\\\/\",\"logo\":{\"@type\":\"ImageObject\",\"inLanguage\":\"ar\",\"@id\":\"https:\\\/\\\/lequotidien.mr\\\/#\\\/schema\\\/logo\\\/image\\\/\",\"url\":\"https:\\\/\\\/lequotidien.mr\\\/wp-content\\\/uploads\\\/2022\\\/11\\\/logolequotidien.jpg\",\"contentUrl\":\"https:\\\/\\\/lequotidien.mr\\\/wp-content\\\/uploads\\\/2022\\\/11\\\/logolequotidien.jpg\",\"width\":290,\"height\":65,\"caption\":\"Le Quotidien de Nouakchott\"},\"image\":{\"@id\":\"https:\\\/\\\/lequotidien.mr\\\/#\\\/schema\\\/logo\\\/image\\\/\"},\"sameAs\":[\"https:\\\/\\\/web.facebook.com\\\/lequotidienmr\",\"https:\\\/\\\/x.com\\\/lequotidienmr\"]},{\"@type\":\"Person\",\"@id\":\"https:\\\/\\\/lequotidien.mr\\\/#\\\/schema\\\/person\\\/1077c8abd5640a6514b909318d271dee\",\"name\":\"Gayi Diawara\",\"image\":{\"@type\":\"ImageObject\",\"inLanguage\":\"ar\",\"@id\":\"https:\\\/\\\/secure.gravatar.com\\\/avatar\\\/63ea8db1e19a6d2d608b24c0f78b5f3a7d6e0bc11959fec273410af333e4d0ac?s=96&d=mm&r=g\",\"url\":\"https:\\\/\\\/secure.gravatar.com\\\/avatar\\\/63ea8db1e19a6d2d608b24c0f78b5f3a7d6e0bc11959fec273410af333e4d0ac?s=96&d=mm&r=g\",\"contentUrl\":\"https:\\\/\\\/secure.gravatar.com\\\/avatar\\\/63ea8db1e19a6d2d608b24c0f78b5f3a7d6e0bc11959fec273410af333e4d0ac?s=96&d=mm&r=g\",\"caption\":\"Gayi Diawara\"},\"sameAs\":[\"http:\\\/\\\/lequotidien.mr\"],\"url\":\"https:\\\/\\\/lequotidien.mr\\\/?author=5\"}]}<\/script>\n<!-- \/ Yoast SEO plugin. -->","yoast_head_json":{"title":"Ramadan : flamb\u00e9e de prix dans l\u2019indiff\u00e9rence g\u00e9n\u00e9rale ! - Le Quotidien de Nouakchott","robots":{"index":"index","follow":"follow","max-snippet":"max-snippet:-1","max-image-preview":"max-image-preview:large","max-video-preview":"max-video-preview:-1"},"canonical":"https:\/\/lequotidien.mr\/?p=6192&lang=fr","og_locale":"ar_AR","og_type":"article","og_title":"Ramadan : flamb\u00e9e de prix dans l\u2019indiff\u00e9rence g\u00e9n\u00e9rale ! - Le Quotidien de Nouakchott","og_description":"Eveil Hebdo &#8211; Dans une dizaine de jours, les Mauritaniens commenceront le ramadan. Un mois de je\u00fbne qui survient au moment o\u00f9 les m\u00e9nages font face \u00e0 une flamb\u00e9e de prix des denr\u00e9es de base. Le riz, l\u2019huile, le sucre, la viande\u2026 et j\u2019en passe, tous les produits de grande consommation sont mont\u00e9s en fl\u00e8che.....","og_url":"https:\/\/lequotidien.mr\/?p=6192&lang=fr","og_site_name":"Le Quotidien de Nouakchott","article_publisher":"https:\/\/web.facebook.com\/lequotidienmr","article_published_time":"2023-03-15T21:56:19+00:00","og_image":[{"width":276,"height":183,"url":"https:\/\/lequotidien.mr\/wp-content\/uploads\/2023\/03\/prix_marche_legumes_pommes_oignons.png","type":"image\/png"}],"author":"Gayi Diawara","twitter_card":"summary_large_image","twitter_creator":"@lequotidienmr","twitter_site":"@lequotidienmr","twitter_misc":{"\u0643\u064f\u062a\u0628 \u0628\u0648\u0627\u0633\u0637\u0629":"Gayi Diawara","\u0648\u0642\u062a \u0627\u0644\u0642\u0631\u0627\u0621\u0629 \u0627\u0644\u0645\u064f\u0642\u062f\u0651\u0631":"5 \u062f\u0642\u0627\u0626\u0642"},"schema":{"@context":"https:\/\/schema.org","@graph":[{"@type":"Article","@id":"https:\/\/lequotidien.mr\/?p=6192&lang=fr#article","isPartOf":{"@id":"https:\/\/lequotidien.mr\/?p=6192&lang=fr"},"author":{"name":"Gayi Diawara","@id":"https:\/\/lequotidien.mr\/#\/schema\/person\/1077c8abd5640a6514b909318d271dee"},"headline":"Ramadan : flamb\u00e9e de prix dans l\u2019indiff\u00e9rence g\u00e9n\u00e9rale !","datePublished":"2023-03-15T21:56:19+00:00","mainEntityOfPage":{"@id":"https:\/\/lequotidien.mr\/?p=6192&lang=fr"},"wordCount":1178,"commentCount":0,"publisher":{"@id":"https:\/\/lequotidien.mr\/#organization"},"image":{"@id":"https:\/\/lequotidien.mr\/?p=6192&lang=fr#primaryimage"},"thumbnailUrl":"https:\/\/lequotidien.mr\/wp-content\/uploads\/2023\/03\/prix_marche_legumes_pommes_oignons.png","articleSection":["ACTUALIT\u00c9","Economie"],"inLanguage":"ar","potentialAction":[{"@type":"CommentAction","name":"Comment","target":["https:\/\/lequotidien.mr\/?p=6192&lang=fr#respond"]}]},{"@type":"WebPage","@id":"https:\/\/lequotidien.mr\/?p=6192&lang=fr","url":"https:\/\/lequotidien.mr\/?p=6192&lang=fr","name":"Ramadan : flamb\u00e9e de prix dans l\u2019indiff\u00e9rence g\u00e9n\u00e9rale ! - Le Quotidien de Nouakchott","isPartOf":{"@id":"https:\/\/lequotidien.mr\/#website"},"primaryImageOfPage":{"@id":"https:\/\/lequotidien.mr\/?p=6192&lang=fr#primaryimage"},"image":{"@id":"https:\/\/lequotidien.mr\/?p=6192&lang=fr#primaryimage"},"thumbnailUrl":"https:\/\/lequotidien.mr\/wp-content\/uploads\/2023\/03\/prix_marche_legumes_pommes_oignons.png","datePublished":"2023-03-15T21:56:19+00:00","breadcrumb":{"@id":"https:\/\/lequotidien.mr\/?p=6192&lang=fr#breadcrumb"},"inLanguage":"ar","potentialAction":[{"@type":"ReadAction","target":["https:\/\/lequotidien.mr\/?p=6192&lang=fr"]}]},{"@type":"ImageObject","inLanguage":"ar","@id":"https:\/\/lequotidien.mr\/?p=6192&lang=fr#primaryimage","url":"https:\/\/lequotidien.mr\/wp-content\/uploads\/2023\/03\/prix_marche_legumes_pommes_oignons.png","contentUrl":"https:\/\/lequotidien.mr\/wp-content\/uploads\/2023\/03\/prix_marche_legumes_pommes_oignons.png","width":276,"height":183},{"@type":"BreadcrumbList","@id":"https:\/\/lequotidien.mr\/?p=6192&lang=fr#breadcrumb","itemListElement":[{"@type":"ListItem","position":1,"name":"Home","item":"https:\/\/lequotidien.mr\/"},{"@type":"ListItem","position":2,"name":"Ramadan : flamb\u00e9e de prix dans l\u2019indiff\u00e9rence g\u00e9n\u00e9rale !"}]},{"@type":"WebSite","@id":"https:\/\/lequotidien.mr\/#website","url":"https:\/\/lequotidien.mr\/","name":"Le Quotidien de Nouakchott","description":"\u0625\u062e\u0628\u0627\u0631\u064a\u0629 \u0645\u0633\u062a\u0642\u0644\u0629 \u0644\u0644\u0623\u0646\u0628\u0627\u0621 \u0627\u0644\u0639\u0627\u0645\u0629","publisher":{"@id":"https:\/\/lequotidien.mr\/#organization"},"potentialAction":[{"@type":"SearchAction","target":{"@type":"EntryPoint","urlTemplate":"https:\/\/lequotidien.mr\/?s={search_term_string}"},"query-input":{"@type":"PropertyValueSpecification","valueRequired":true,"valueName":"search_term_string"}}],"inLanguage":"ar"},{"@type":"Organization","@id":"https:\/\/lequotidien.mr\/#organization","name":"Le Quotidien de Nouakchott","url":"https:\/\/lequotidien.mr\/","logo":{"@type":"ImageObject","inLanguage":"ar","@id":"https:\/\/lequotidien.mr\/#\/schema\/logo\/image\/","url":"https:\/\/lequotidien.mr\/wp-content\/uploads\/2022\/11\/logolequotidien.jpg","contentUrl":"https:\/\/lequotidien.mr\/wp-content\/uploads\/2022\/11\/logolequotidien.jpg","width":290,"height":65,"caption":"Le Quotidien de Nouakchott"},"image":{"@id":"https:\/\/lequotidien.mr\/#\/schema\/logo\/image\/"},"sameAs":["https:\/\/web.facebook.com\/lequotidienmr","https:\/\/x.com\/lequotidienmr"]},{"@type":"Person","@id":"https:\/\/lequotidien.mr\/#\/schema\/person\/1077c8abd5640a6514b909318d271dee","name":"Gayi Diawara","image":{"@type":"ImageObject","inLanguage":"ar","@id":"https:\/\/secure.gravatar.com\/avatar\/63ea8db1e19a6d2d608b24c0f78b5f3a7d6e0bc11959fec273410af333e4d0ac?s=96&d=mm&r=g","url":"https:\/\/secure.gravatar.com\/avatar\/63ea8db1e19a6d2d608b24c0f78b5f3a7d6e0bc11959fec273410af333e4d0ac?s=96&d=mm&r=g","contentUrl":"https:\/\/secure.gravatar.com\/avatar\/63ea8db1e19a6d2d608b24c0f78b5f3a7d6e0bc11959fec273410af333e4d0ac?s=96&d=mm&r=g","caption":"Gayi Diawara"},"sameAs":["http:\/\/lequotidien.mr"],"url":"https:\/\/lequotidien.mr\/?author=5"}]}},"_links":{"self":[{"href":"https:\/\/lequotidien.mr\/index.php?rest_route=\/wp\/v2\/posts\/6192","targetHints":{"allow":["GET"]}}],"collection":[{"href":"https:\/\/lequotidien.mr\/index.php?rest_route=\/wp\/v2\/posts"}],"about":[{"href":"https:\/\/lequotidien.mr\/index.php?rest_route=\/wp\/v2\/types\/post"}],"author":[{"embeddable":true,"href":"https:\/\/lequotidien.mr\/index.php?rest_route=\/wp\/v2\/users\/5"}],"replies":[{"embeddable":true,"href":"https:\/\/lequotidien.mr\/index.php?rest_route=%2Fwp%2Fv2%2Fcomments&post=6192"}],"version-history":[{"count":1,"href":"https:\/\/lequotidien.mr\/index.php?rest_route=\/wp\/v2\/posts\/6192\/revisions"}],"predecessor-version":[{"id":6194,"href":"https:\/\/lequotidien.mr\/index.php?rest_route=\/wp\/v2\/posts\/6192\/revisions\/6194"}],"wp:featuredmedia":[{"embeddable":true,"href":"https:\/\/lequotidien.mr\/index.php?rest_route=\/wp\/v2\/media\/6193"}],"wp:attachment":[{"href":"https:\/\/lequotidien.mr\/index.php?rest_route=%2Fwp%2Fv2%2Fmedia&parent=6192"}],"wp:term":[{"taxonomy":"category","embeddable":true,"href":"https:\/\/lequotidien.mr\/index.php?rest_route=%2Fwp%2Fv2%2Fcategories&post=6192"},{"taxonomy":"post_tag","embeddable":true,"href":"https:\/\/lequotidien.mr\/index.php?rest_route=%2Fwp%2Fv2%2Ftags&post=6192"}],"curies":[{"name":"wp","href":"https:\/\/api.w.org\/{rel}","templated":true}]}}