{"id":6106,"date":"2023-03-13T20:15:19","date_gmt":"2023-03-13T20:15:19","guid":{"rendered":"https:\/\/lequotidien.mr\/?p=6106"},"modified":"2023-03-13T20:15:19","modified_gmt":"2023-03-13T20:15:19","slug":"sanctions-contre-les-operateurs-de-telecommunication-mauritel-passe-a-la-caisse","status":"publish","type":"post","link":"https:\/\/lequotidien.mr\/?p=6106&lang=fr","title":{"rendered":"Sanctions contre les op\u00e9rateurs de T\u00e9l\u00e9communication : Mauritel passe \u00e0 la caisse"},"content":{"rendered":"<p>La D\u00e9p\u00eache &#8211; R\u00e9calcitrante \u00e0 payer une taxe appliqu\u00e9e apr\u00e8s la constatation des d\u00e9faillances dans son service fourni \u00e0 la client\u00e8le, et \u00e9pingl\u00e9e par l\u2019Autorit\u00e9 de r\u00e9gulation (Are), la Mauritel Sa a intent\u00e9 un recours gracieux pour adoucir sa situation.<\/p>\n<p>Le conseil national de r\u00e9gulation a, malgr\u00e9 la recevabilit\u00e9 du recours, a notifi\u00e9 \u00e0 l\u2019entreprise son rejet du recours introduit.<\/p>\n<p>A l\u2019issue d\u2019une mission de v\u00e9rification effectu\u00e9e du 01 au 30 novembre 2022, le Conseil National de R\u00e9gulation avait appliqu\u00e9 des sanctions le 25 janvier 2023 contre les trois op\u00e9rateurs de t\u00e9l\u00e9phonie.<\/p>\n<p>La taxe la plus importante, soit Cent quarante-neuf millions deux cent-quarante-neuf mille cent quatre-vingt-neuf Ouguiya (149 249 189 MRU), avait \u00e9t\u00e9 adress\u00e9e contre Mauritel. Apr\u00e8s le rejet de son recours gracieux, elle devrait donc passer \u00e0 la caisse.<\/p>\n","protected":false},"excerpt":{"rendered":"<p>La D\u00e9p\u00eache &#8211; R\u00e9calcitrante \u00e0 payer une taxe appliqu\u00e9e apr\u00e8s la constatation des d\u00e9faillances dans son service fourni \u00e0 la client\u00e8le, et \u00e9pingl\u00e9e par l\u2019Autorit\u00e9 de r\u00e9gulation (Are), la Mauritel Sa a intent\u00e9 un recours gracieux pour adoucir sa situation. Le conseil national de r\u00e9gulation a, malgr\u00e9 la recevabilit\u00e9 du recours, a notifi\u00e9 \u00e0 l\u2019entreprise&#8230;..<\/p>\n","protected":false},"author":5,"featured_media":6107,"comment_status":"open","ping_status":"open","sticky":false,"template":"","format":"standard","meta":{"footnotes":""},"categories":[23,49],"tags":[],"class_list":["post-6106","post","type-post","status-publish","format-standard","has-post-thumbnail","hentry","category-actualite","category-economie"],"yoast_head":"<!-- This site is optimized with the Yoast SEO plugin v27.5 - https:\/\/yoast.com\/product\/yoast-seo-wordpress\/ -->\n<title>Sanctions contre les op\u00e9rateurs de T\u00e9l\u00e9communication : Mauritel passe \u00e0 la caisse - Le Quotidien de Nouakchott<\/title>\n<meta name=\"robots\" content=\"index, follow, max-snippet:-1, max-image-preview:large, max-video-preview:-1\" \/>\n<link rel=\"canonical\" href=\"https:\/\/lequotidien.mr\/?p=6106&lang=fr\" \/>\n<meta property=\"og:locale\" content=\"ar_AR\" \/>\n<meta property=\"og:type\" content=\"article\" \/>\n<meta property=\"og:title\" content=\"Sanctions contre les op\u00e9rateurs de T\u00e9l\u00e9communication : Mauritel passe \u00e0 la caisse - Le Quotidien de Nouakchott\" \/>\n<meta property=\"og:description\" content=\"La D\u00e9p\u00eache &#8211; R\u00e9calcitrante \u00e0 payer une taxe appliqu\u00e9e apr\u00e8s la constatation des d\u00e9faillances dans son service fourni \u00e0 la client\u00e8le, et \u00e9pingl\u00e9e par l\u2019Autorit\u00e9 de r\u00e9gulation (Are), la Mauritel Sa a intent\u00e9 un recours gracieux pour adoucir sa situation. Le conseil national de r\u00e9gulation a, malgr\u00e9 la recevabilit\u00e9 du recours, a notifi\u00e9 \u00e0 l\u2019entreprise.....\" \/>\n<meta property=\"og:url\" content=\"https:\/\/lequotidien.mr\/?p=6106&amp;lang=fr\" \/>\n<meta property=\"og:site_name\" content=\"Le Quotidien de Nouakchott\" \/>\n<meta property=\"article:publisher\" content=\"https:\/\/web.facebook.com\/lequotidienmr\" \/>\n<meta property=\"article:published_time\" content=\"2023-03-13T20:15:19+00:00\" \/>\n<meta property=\"og:image\" content=\"https:\/\/lequotidien.mr\/wp-content\/uploads\/2023\/03\/cover_site_fin_de_la_greve_chez_moov_de_maroc_telecom.jpg\" \/>\n\t<meta property=\"og:image:width\" content=\"300\" \/>\n\t<meta property=\"og:image:height\" content=\"168\" \/>\n\t<meta property=\"og:image:type\" content=\"image\/jpeg\" \/>\n<meta name=\"author\" content=\"Gayi Diawara\" \/>\n<meta name=\"twitter:card\" content=\"summary_large_image\" \/>\n<meta name=\"twitter:creator\" content=\"@lequotidienmr\" \/>\n<meta name=\"twitter:site\" content=\"@lequotidienmr\" \/>\n<meta name=\"twitter:label1\" content=\"\u0643\u064f\u062a\u0628 \u0628\u0648\u0627\u0633\u0637\u0629\" \/>\n\t<meta name=\"twitter:data1\" content=\"Gayi Diawara\" \/>\n\t<meta name=\"twitter:label2\" content=\"\u0648\u0642\u062a \u0627\u0644\u0642\u0631\u0627\u0621\u0629 \u0627\u0644\u0645\u064f\u0642\u062f\u0651\u0631\" \/>\n\t<meta name=\"twitter:data2\" content=\"\u062f\u0642\u064a\u0642\u0629 \u0648\u0627\u062d\u062f\u0629\" \/>\n<script type=\"application\/ld+json\" class=\"yoast-schema-graph\">{\"@context\":\"https:\\\/\\\/schema.org\",\"@graph\":[{\"@type\":\"Article\",\"@id\":\"https:\\\/\\\/lequotidien.mr\\\/?p=6106&lang=fr#article\",\"isPartOf\":{\"@id\":\"https:\\\/\\\/lequotidien.mr\\\/?p=6106&lang=fr\"},\"author\":{\"name\":\"Gayi Diawara\",\"@id\":\"https:\\\/\\\/lequotidien.mr\\\/#\\\/schema\\\/person\\\/1077c8abd5640a6514b909318d271dee\"},\"headline\":\"Sanctions contre les op\u00e9rateurs de T\u00e9l\u00e9communication : Mauritel passe \u00e0 la caisse\",\"datePublished\":\"2023-03-13T20:15:19+00:00\",\"mainEntityOfPage\":{\"@id\":\"https:\\\/\\\/lequotidien.mr\\\/?p=6106&lang=fr\"},\"wordCount\":153,\"commentCount\":0,\"publisher\":{\"@id\":\"https:\\\/\\\/lequotidien.mr\\\/#organization\"},\"image\":{\"@id\":\"https:\\\/\\\/lequotidien.mr\\\/?p=6106&lang=fr#primaryimage\"},\"thumbnailUrl\":\"https:\\\/\\\/lequotidien.mr\\\/wp-content\\\/uploads\\\/2023\\\/03\\\/cover_site_fin_de_la_greve_chez_moov_de_maroc_telecom.jpg\",\"articleSection\":[\"ACTUALIT\u00c9\",\"Economie\"],\"inLanguage\":\"ar\",\"potentialAction\":[{\"@type\":\"CommentAction\",\"name\":\"Comment\",\"target\":[\"https:\\\/\\\/lequotidien.mr\\\/?p=6106&lang=fr#respond\"]}]},{\"@type\":\"WebPage\",\"@id\":\"https:\\\/\\\/lequotidien.mr\\\/?p=6106&lang=fr\",\"url\":\"https:\\\/\\\/lequotidien.mr\\\/?p=6106&lang=fr\",\"name\":\"Sanctions contre les op\u00e9rateurs de T\u00e9l\u00e9communication : Mauritel passe \u00e0 la caisse - Le Quotidien de Nouakchott\",\"isPartOf\":{\"@id\":\"https:\\\/\\\/lequotidien.mr\\\/#website\"},\"primaryImageOfPage\":{\"@id\":\"https:\\\/\\\/lequotidien.mr\\\/?p=6106&lang=fr#primaryimage\"},\"image\":{\"@id\":\"https:\\\/\\\/lequotidien.mr\\\/?p=6106&lang=fr#primaryimage\"},\"thumbnailUrl\":\"https:\\\/\\\/lequotidien.mr\\\/wp-content\\\/uploads\\\/2023\\\/03\\\/cover_site_fin_de_la_greve_chez_moov_de_maroc_telecom.jpg\",\"datePublished\":\"2023-03-13T20:15:19+00:00\",\"breadcrumb\":{\"@id\":\"https:\\\/\\\/lequotidien.mr\\\/?p=6106&lang=fr#breadcrumb\"},\"inLanguage\":\"ar\",\"potentialAction\":[{\"@type\":\"ReadAction\",\"target\":[\"https:\\\/\\\/lequotidien.mr\\\/?p=6106&lang=fr\"]}]},{\"@type\":\"ImageObject\",\"inLanguage\":\"ar\",\"@id\":\"https:\\\/\\\/lequotidien.mr\\\/?p=6106&lang=fr#primaryimage\",\"url\":\"https:\\\/\\\/lequotidien.mr\\\/wp-content\\\/uploads\\\/2023\\\/03\\\/cover_site_fin_de_la_greve_chez_moov_de_maroc_telecom.jpg\",\"contentUrl\":\"https:\\\/\\\/lequotidien.mr\\\/wp-content\\\/uploads\\\/2023\\\/03\\\/cover_site_fin_de_la_greve_chez_moov_de_maroc_telecom.jpg\",\"width\":300,\"height\":168},{\"@type\":\"BreadcrumbList\",\"@id\":\"https:\\\/\\\/lequotidien.mr\\\/?p=6106&lang=fr#breadcrumb\",\"itemListElement\":[{\"@type\":\"ListItem\",\"position\":1,\"name\":\"Home\",\"item\":\"https:\\\/\\\/lequotidien.mr\\\/\"},{\"@type\":\"ListItem\",\"position\":2,\"name\":\"Sanctions contre les op\u00e9rateurs de T\u00e9l\u00e9communication : Mauritel passe \u00e0 la caisse\"}]},{\"@type\":\"WebSite\",\"@id\":\"https:\\\/\\\/lequotidien.mr\\\/#website\",\"url\":\"https:\\\/\\\/lequotidien.mr\\\/\",\"name\":\"Le Quotidien de Nouakchott\",\"description\":\"\u0625\u062e\u0628\u0627\u0631\u064a\u0629 \u0645\u0633\u062a\u0642\u0644\u0629 \u0644\u0644\u0623\u0646\u0628\u0627\u0621 \u0627\u0644\u0639\u0627\u0645\u0629\",\"publisher\":{\"@id\":\"https:\\\/\\\/lequotidien.mr\\\/#organization\"},\"potentialAction\":[{\"@type\":\"SearchAction\",\"target\":{\"@type\":\"EntryPoint\",\"urlTemplate\":\"https:\\\/\\\/lequotidien.mr\\\/?s={search_term_string}\"},\"query-input\":{\"@type\":\"PropertyValueSpecification\",\"valueRequired\":true,\"valueName\":\"search_term_string\"}}],\"inLanguage\":\"ar\"},{\"@type\":\"Organization\",\"@id\":\"https:\\\/\\\/lequotidien.mr\\\/#organization\",\"name\":\"Le Quotidien de Nouakchott\",\"url\":\"https:\\\/\\\/lequotidien.mr\\\/\",\"logo\":{\"@type\":\"ImageObject\",\"inLanguage\":\"ar\",\"@id\":\"https:\\\/\\\/lequotidien.mr\\\/#\\\/schema\\\/logo\\\/image\\\/\",\"url\":\"https:\\\/\\\/lequotidien.mr\\\/wp-content\\\/uploads\\\/2022\\\/11\\\/logolequotidien.jpg\",\"contentUrl\":\"https:\\\/\\\/lequotidien.mr\\\/wp-content\\\/uploads\\\/2022\\\/11\\\/logolequotidien.jpg\",\"width\":290,\"height\":65,\"caption\":\"Le Quotidien de Nouakchott\"},\"image\":{\"@id\":\"https:\\\/\\\/lequotidien.mr\\\/#\\\/schema\\\/logo\\\/image\\\/\"},\"sameAs\":[\"https:\\\/\\\/web.facebook.com\\\/lequotidienmr\",\"https:\\\/\\\/x.com\\\/lequotidienmr\"]},{\"@type\":\"Person\",\"@id\":\"https:\\\/\\\/lequotidien.mr\\\/#\\\/schema\\\/person\\\/1077c8abd5640a6514b909318d271dee\",\"name\":\"Gayi Diawara\",\"image\":{\"@type\":\"ImageObject\",\"inLanguage\":\"ar\",\"@id\":\"https:\\\/\\\/secure.gravatar.com\\\/avatar\\\/63ea8db1e19a6d2d608b24c0f78b5f3a7d6e0bc11959fec273410af333e4d0ac?s=96&d=mm&r=g\",\"url\":\"https:\\\/\\\/secure.gravatar.com\\\/avatar\\\/63ea8db1e19a6d2d608b24c0f78b5f3a7d6e0bc11959fec273410af333e4d0ac?s=96&d=mm&r=g\",\"contentUrl\":\"https:\\\/\\\/secure.gravatar.com\\\/avatar\\\/63ea8db1e19a6d2d608b24c0f78b5f3a7d6e0bc11959fec273410af333e4d0ac?s=96&d=mm&r=g\",\"caption\":\"Gayi Diawara\"},\"sameAs\":[\"http:\\\/\\\/lequotidien.mr\"],\"url\":\"https:\\\/\\\/lequotidien.mr\\\/?author=5\"}]}<\/script>\n<!-- \/ Yoast SEO plugin. -->","yoast_head_json":{"title":"Sanctions contre les op\u00e9rateurs de T\u00e9l\u00e9communication : Mauritel passe \u00e0 la caisse - Le Quotidien de Nouakchott","robots":{"index":"index","follow":"follow","max-snippet":"max-snippet:-1","max-image-preview":"max-image-preview:large","max-video-preview":"max-video-preview:-1"},"canonical":"https:\/\/lequotidien.mr\/?p=6106&lang=fr","og_locale":"ar_AR","og_type":"article","og_title":"Sanctions contre les op\u00e9rateurs de T\u00e9l\u00e9communication : Mauritel passe \u00e0 la caisse - Le Quotidien de Nouakchott","og_description":"La D\u00e9p\u00eache &#8211; R\u00e9calcitrante \u00e0 payer une taxe appliqu\u00e9e apr\u00e8s la constatation des d\u00e9faillances dans son service fourni \u00e0 la client\u00e8le, et \u00e9pingl\u00e9e par l\u2019Autorit\u00e9 de r\u00e9gulation (Are), la Mauritel Sa a intent\u00e9 un recours gracieux pour adoucir sa situation. Le conseil national de r\u00e9gulation a, malgr\u00e9 la recevabilit\u00e9 du recours, a notifi\u00e9 \u00e0 l\u2019entreprise.....","og_url":"https:\/\/lequotidien.mr\/?p=6106&lang=fr","og_site_name":"Le Quotidien de Nouakchott","article_publisher":"https:\/\/web.facebook.com\/lequotidienmr","article_published_time":"2023-03-13T20:15:19+00:00","og_image":[{"width":300,"height":168,"url":"https:\/\/lequotidien.mr\/wp-content\/uploads\/2023\/03\/cover_site_fin_de_la_greve_chez_moov_de_maroc_telecom.jpg","type":"image\/jpeg"}],"author":"Gayi Diawara","twitter_card":"summary_large_image","twitter_creator":"@lequotidienmr","twitter_site":"@lequotidienmr","twitter_misc":{"\u0643\u064f\u062a\u0628 \u0628\u0648\u0627\u0633\u0637\u0629":"Gayi Diawara","\u0648\u0642\u062a \u0627\u0644\u0642\u0631\u0627\u0621\u0629 \u0627\u0644\u0645\u064f\u0642\u062f\u0651\u0631":"\u062f\u0642\u064a\u0642\u0629 \u0648\u0627\u062d\u062f\u0629"},"schema":{"@context":"https:\/\/schema.org","@graph":[{"@type":"Article","@id":"https:\/\/lequotidien.mr\/?p=6106&lang=fr#article","isPartOf":{"@id":"https:\/\/lequotidien.mr\/?p=6106&lang=fr"},"author":{"name":"Gayi Diawara","@id":"https:\/\/lequotidien.mr\/#\/schema\/person\/1077c8abd5640a6514b909318d271dee"},"headline":"Sanctions contre les op\u00e9rateurs de T\u00e9l\u00e9communication : Mauritel passe \u00e0 la caisse","datePublished":"2023-03-13T20:15:19+00:00","mainEntityOfPage":{"@id":"https:\/\/lequotidien.mr\/?p=6106&lang=fr"},"wordCount":153,"commentCount":0,"publisher":{"@id":"https:\/\/lequotidien.mr\/#organization"},"image":{"@id":"https:\/\/lequotidien.mr\/?p=6106&lang=fr#primaryimage"},"thumbnailUrl":"https:\/\/lequotidien.mr\/wp-content\/uploads\/2023\/03\/cover_site_fin_de_la_greve_chez_moov_de_maroc_telecom.jpg","articleSection":["ACTUALIT\u00c9","Economie"],"inLanguage":"ar","potentialAction":[{"@type":"CommentAction","name":"Comment","target":["https:\/\/lequotidien.mr\/?p=6106&lang=fr#respond"]}]},{"@type":"WebPage","@id":"https:\/\/lequotidien.mr\/?p=6106&lang=fr","url":"https:\/\/lequotidien.mr\/?p=6106&lang=fr","name":"Sanctions contre les op\u00e9rateurs de T\u00e9l\u00e9communication : Mauritel passe \u00e0 la caisse - Le Quotidien de Nouakchott","isPartOf":{"@id":"https:\/\/lequotidien.mr\/#website"},"primaryImageOfPage":{"@id":"https:\/\/lequotidien.mr\/?p=6106&lang=fr#primaryimage"},"image":{"@id":"https:\/\/lequotidien.mr\/?p=6106&lang=fr#primaryimage"},"thumbnailUrl":"https:\/\/lequotidien.mr\/wp-content\/uploads\/2023\/03\/cover_site_fin_de_la_greve_chez_moov_de_maroc_telecom.jpg","datePublished":"2023-03-13T20:15:19+00:00","breadcrumb":{"@id":"https:\/\/lequotidien.mr\/?p=6106&lang=fr#breadcrumb"},"inLanguage":"ar","potentialAction":[{"@type":"ReadAction","target":["https:\/\/lequotidien.mr\/?p=6106&lang=fr"]}]},{"@type":"ImageObject","inLanguage":"ar","@id":"https:\/\/lequotidien.mr\/?p=6106&lang=fr#primaryimage","url":"https:\/\/lequotidien.mr\/wp-content\/uploads\/2023\/03\/cover_site_fin_de_la_greve_chez_moov_de_maroc_telecom.jpg","contentUrl":"https:\/\/lequotidien.mr\/wp-content\/uploads\/2023\/03\/cover_site_fin_de_la_greve_chez_moov_de_maroc_telecom.jpg","width":300,"height":168},{"@type":"BreadcrumbList","@id":"https:\/\/lequotidien.mr\/?p=6106&lang=fr#breadcrumb","itemListElement":[{"@type":"ListItem","position":1,"name":"Home","item":"https:\/\/lequotidien.mr\/"},{"@type":"ListItem","position":2,"name":"Sanctions contre les op\u00e9rateurs de T\u00e9l\u00e9communication : Mauritel passe \u00e0 la caisse"}]},{"@type":"WebSite","@id":"https:\/\/lequotidien.mr\/#website","url":"https:\/\/lequotidien.mr\/","name":"Le Quotidien de Nouakchott","description":"\u0625\u062e\u0628\u0627\u0631\u064a\u0629 \u0645\u0633\u062a\u0642\u0644\u0629 \u0644\u0644\u0623\u0646\u0628\u0627\u0621 \u0627\u0644\u0639\u0627\u0645\u0629","publisher":{"@id":"https:\/\/lequotidien.mr\/#organization"},"potentialAction":[{"@type":"SearchAction","target":{"@type":"EntryPoint","urlTemplate":"https:\/\/lequotidien.mr\/?s={search_term_string}"},"query-input":{"@type":"PropertyValueSpecification","valueRequired":true,"valueName":"search_term_string"}}],"inLanguage":"ar"},{"@type":"Organization","@id":"https:\/\/lequotidien.mr\/#organization","name":"Le Quotidien de Nouakchott","url":"https:\/\/lequotidien.mr\/","logo":{"@type":"ImageObject","inLanguage":"ar","@id":"https:\/\/lequotidien.mr\/#\/schema\/logo\/image\/","url":"https:\/\/lequotidien.mr\/wp-content\/uploads\/2022\/11\/logolequotidien.jpg","contentUrl":"https:\/\/lequotidien.mr\/wp-content\/uploads\/2022\/11\/logolequotidien.jpg","width":290,"height":65,"caption":"Le Quotidien de Nouakchott"},"image":{"@id":"https:\/\/lequotidien.mr\/#\/schema\/logo\/image\/"},"sameAs":["https:\/\/web.facebook.com\/lequotidienmr","https:\/\/x.com\/lequotidienmr"]},{"@type":"Person","@id":"https:\/\/lequotidien.mr\/#\/schema\/person\/1077c8abd5640a6514b909318d271dee","name":"Gayi Diawara","image":{"@type":"ImageObject","inLanguage":"ar","@id":"https:\/\/secure.gravatar.com\/avatar\/63ea8db1e19a6d2d608b24c0f78b5f3a7d6e0bc11959fec273410af333e4d0ac?s=96&d=mm&r=g","url":"https:\/\/secure.gravatar.com\/avatar\/63ea8db1e19a6d2d608b24c0f78b5f3a7d6e0bc11959fec273410af333e4d0ac?s=96&d=mm&r=g","contentUrl":"https:\/\/secure.gravatar.com\/avatar\/63ea8db1e19a6d2d608b24c0f78b5f3a7d6e0bc11959fec273410af333e4d0ac?s=96&d=mm&r=g","caption":"Gayi Diawara"},"sameAs":["http:\/\/lequotidien.mr"],"url":"https:\/\/lequotidien.mr\/?author=5"}]}},"_links":{"self":[{"href":"https:\/\/lequotidien.mr\/index.php?rest_route=\/wp\/v2\/posts\/6106","targetHints":{"allow":["GET"]}}],"collection":[{"href":"https:\/\/lequotidien.mr\/index.php?rest_route=\/wp\/v2\/posts"}],"about":[{"href":"https:\/\/lequotidien.mr\/index.php?rest_route=\/wp\/v2\/types\/post"}],"author":[{"embeddable":true,"href":"https:\/\/lequotidien.mr\/index.php?rest_route=\/wp\/v2\/users\/5"}],"replies":[{"embeddable":true,"href":"https:\/\/lequotidien.mr\/index.php?rest_route=%2Fwp%2Fv2%2Fcomments&post=6106"}],"version-history":[{"count":1,"href":"https:\/\/lequotidien.mr\/index.php?rest_route=\/wp\/v2\/posts\/6106\/revisions"}],"predecessor-version":[{"id":6108,"href":"https:\/\/lequotidien.mr\/index.php?rest_route=\/wp\/v2\/posts\/6106\/revisions\/6108"}],"wp:featuredmedia":[{"embeddable":true,"href":"https:\/\/lequotidien.mr\/index.php?rest_route=\/wp\/v2\/media\/6107"}],"wp:attachment":[{"href":"https:\/\/lequotidien.mr\/index.php?rest_route=%2Fwp%2Fv2%2Fmedia&parent=6106"}],"wp:term":[{"taxonomy":"category","embeddable":true,"href":"https:\/\/lequotidien.mr\/index.php?rest_route=%2Fwp%2Fv2%2Fcategories&post=6106"},{"taxonomy":"post_tag","embeddable":true,"href":"https:\/\/lequotidien.mr\/index.php?rest_route=%2Fwp%2Fv2%2Ftags&post=6106"}],"curies":[{"name":"wp","href":"https:\/\/api.w.org\/{rel}","templated":true}]}}