{"id":6104,"date":"2023-03-13T20:13:16","date_gmt":"2023-03-13T20:13:16","guid":{"rendered":"https:\/\/lequotidien.mr\/?p=6104"},"modified":"2023-03-13T20:13:16","modified_gmt":"2023-03-13T20:13:16","slug":"cloture-des-travaux-du-forum-daffaires-mauritanie-france","status":"publish","type":"post","link":"https:\/\/lequotidien.mr\/?p=6104&lang=fr","title":{"rendered":"Cl\u00f4ture des travaux du forum d\u2019affaires Mauritanie-France"},"content":{"rendered":"<p>Rimnow &#8211; Le Mouvement des Entreprises de France (MEDEF International) et la Banque Publique d&#8217;Investissement (Bpifrance) ont co-organis\u00e9 du 08 au 10 mars 2023 \u00e0 Nouakchott, en partenariat avec l&#8217;Agence de Promotion des Investissements en Mauritanie (APIM) et l&#8217;Union Nationale du Patronat Mauritanien (UNPM), un Forum d\u2019Affaires Mauritanie &#8211; France.<\/p>\n<p>Plus de 40 entreprises fran\u00e7aises ont particip\u00e9 \u00e0 ce forum, ainsi que des dizaines d&#8217;entreprises et d&#8217;acteurs mauritaniens du secteur priv\u00e9 national. Le but de ce forum qui s\u2019est \u00e9tendu sur 3 jours est de d\u00e9velopper le commerce et l&#8217;investissement entre les deux pays, d\u2019explorer de nouvelles opportunit\u00e9s d&#8217;affaires et de renforcer les partenariats existants.<\/p>\n<p>Le forum a \u00e9t\u00e9 ouvert par le Secr\u00e9taire G\u00e9n\u00e9ral du Minist\u00e8re des Affaires Economiques et de la Promotion des secteurs productifs, Monsieur Yacoub OULD AHMED AICHA, qui a expliqu\u00e9 que cette rencontre entre dans le cadre du travail entrepris par l&#8217;APIM pour renforcer les flux d&#8217;affaires entre les acteurs du secteur priv\u00e9 en Mauritanie et en France.<\/p>\n<p>Il a invit\u00e9 dans ce sens les diff\u00e9rentes entreprises participantes \u00e0 ce forum \u00e0 profiter de cette occasion pour d\u00e9velopper des partenariats r\u00e9ussis, fructueux et durables dans divers domaines \u00e9conomiques. \u00c0 cet \u00e9gard, le Secr\u00e9taire G\u00e9n\u00e9ral a soulign\u00e9 que la Mauritanie offre de grandes opportunit\u00e9s d&#8217;investissement dans diff\u00e9rents secteurs \u00e9conomiques, mais que ces opportunit\u00e9s ne sont pas encore suffisamment exploit\u00e9es.<\/p>\n<p>La Directrice G\u00e9n\u00e9rale de l\u2019APIM, Mme A\u00efssata LAM, a mentionn\u00e9 que ce forum repr\u00e9sente une \u00e9tape cl\u00e9 dans la voie du d\u00e9veloppement des \u00e9changes \u00e9conomiques entre les acteurs du secteur priv\u00e9 en Mauritanie et en France. Elle a soulign\u00e9 que les multiples actions men\u00e9es confirment clairement que les diff\u00e9rents partenaires partagent une volont\u00e9 commune de renforcer et de faire prosp\u00e9rer les liens historiques et \u00e9conomiques entre nos deux pays.<\/p>\n<p>Le Pr\u00e9sident de la d\u00e9l\u00e9gation entreprises fran\u00e7aises, Monsieur Eric Bastien BALLOUHEY \u00e0 son tour a exprim\u00e9 sa satisfaction de ces nouvelles \u00e9tapes franchies dans le cadre de la coop\u00e9ration entre les deux parties dans divers domaines, y compris les secteurs productifs et les technologies.<\/p>\n<p>Il a appr\u00e9ci\u00e9 les mesures prises par les autorit\u00e9s publiques afin d&#8217;am\u00e9liorer nettement le climat d&#8217;investissement en Mauritanie, en particulier avec la cr\u00e9ation d&#8217;un Conseil Sup\u00e9rieur de l\u2019Investissement, pr\u00e9sid\u00e9 par le Pr\u00e9sident de la R\u00e9publique.<\/p>\n<p>Le Directeur des investissements \u00e9trangers \u00e0 Bpifrance, Monsieur Hugues LATOURETTE a exprim\u00e9 la volont\u00e9 de sa structure \u00e0 renforcer la coop\u00e9ration avec le secteur priv\u00e9 Mauritanien \u00e0 travers l\u2019assistance et l\u2019appui technique, sur la base de la grande exp\u00e9rience que Bpifrance poss\u00e8de dans ce domaine.<\/p>\n<p>En marge des travaux de lancement du forum, deux conventions de coop\u00e9ration ont \u00e9t\u00e9 sign\u00e9es, la premi\u00e8re est relative \u00e0 la cr\u00e9ation d&#8217;un cadre de coop\u00e9ration entre l\u2019UNPM et MEDEF International. Quant \u00e0 la seconde convention, Elle a \u00e9t\u00e9 sign\u00e9e entre le groupe Maurinvest-Maurilog et les groupes Bpifrance et Bond\u2019innov pour cr\u00e9er un hub d\u2019innovation \u00e0 Nouakchott en Mauritanie.<\/p>\n<p>Pr\u00e9sentation de l\u2019APIM<\/p>\n<p>L\u2019Agence pour la Promotion des Investissements en Mauritanie (APIM) est un \u00e9tablissement public charg\u00e9 de positionner la Mauritanie comme une destination de choix pour les investisseurs nationaux et \u00e9trangers.<\/p>\n<p>La mission de l\u2019APIM, en collaboration avec les Administrations et les organismes publics et priv\u00e9s concern\u00e9s, est de contribuer \u00e0 la mise en \u0153uvre de la politique nationale de promotion des investissements en vue d\u2019accro\u00eetre les capacit\u00e9s productives du pays, de cr\u00e9er des opportunit\u00e9s d\u2019emploi et de g\u00e9n\u00e9rer ainsi des richesses pour le bien-\u00eatre et la prosp\u00e9rit\u00e9 des citoyens.<\/p>\n<p>contact presse :\u00a0<a href=\"mailto:m.saleh@apim.gov.mr\">m.saleh@apim.gov.mr<\/a><\/p>\n","protected":false},"excerpt":{"rendered":"<p>Rimnow &#8211; Le Mouvement des Entreprises de France (MEDEF International) et la Banque Publique d&#8217;Investissement (Bpifrance) ont co-organis\u00e9 du 08 au 10 mars 2023 \u00e0 Nouakchott, en partenariat avec l&#8217;Agence de Promotion des Investissements en Mauritanie (APIM) et l&#8217;Union Nationale du Patronat Mauritanien (UNPM), un Forum d\u2019Affaires Mauritanie &#8211; France. Plus de 40 entreprises fran\u00e7aises&#8230;..<\/p>\n","protected":false},"author":5,"featured_media":5983,"comment_status":"open","ping_status":"open","sticky":false,"template":"","format":"standard","meta":{"footnotes":""},"categories":[23,49],"tags":[],"class_list":["post-6104","post","type-post","status-publish","format-standard","has-post-thumbnail","hentry","category-actualite","category-economie"],"yoast_head":"<!-- This site is optimized with the Yoast SEO plugin v27.5 - https:\/\/yoast.com\/product\/yoast-seo-wordpress\/ -->\n<title>Cl\u00f4ture des travaux du forum d\u2019affaires Mauritanie-France - Le Quotidien de Nouakchott<\/title>\n<meta name=\"robots\" content=\"index, follow, max-snippet:-1, max-image-preview:large, max-video-preview:-1\" \/>\n<link rel=\"canonical\" href=\"https:\/\/lequotidien.mr\/?p=6104&lang=fr\" \/>\n<meta property=\"og:locale\" content=\"ar_AR\" \/>\n<meta property=\"og:type\" content=\"article\" \/>\n<meta property=\"og:title\" content=\"Cl\u00f4ture des travaux du forum d\u2019affaires Mauritanie-France - Le Quotidien de Nouakchott\" \/>\n<meta property=\"og:description\" content=\"Rimnow &#8211; Le Mouvement des Entreprises de France (MEDEF International) et la Banque Publique d&#8217;Investissement (Bpifrance) ont co-organis\u00e9 du 08 au 10 mars 2023 \u00e0 Nouakchott, en partenariat avec l&#8217;Agence de Promotion des Investissements en Mauritanie (APIM) et l&#8217;Union Nationale du Patronat Mauritanien (UNPM), un Forum d\u2019Affaires Mauritanie &#8211; France. Plus de 40 entreprises fran\u00e7aises.....\" \/>\n<meta property=\"og:url\" content=\"https:\/\/lequotidien.mr\/?p=6104&amp;lang=fr\" \/>\n<meta property=\"og:site_name\" content=\"Le Quotidien de Nouakchott\" \/>\n<meta property=\"article:publisher\" content=\"https:\/\/web.facebook.com\/lequotidienmr\" \/>\n<meta property=\"article:published_time\" content=\"2023-03-13T20:13:16+00:00\" \/>\n<meta property=\"og:image\" content=\"https:\/\/lequotidien.mr\/wp-content\/uploads\/2023\/03\/Hub0000780x470.jpg\" \/>\n\t<meta property=\"og:image:width\" content=\"780\" \/>\n\t<meta property=\"og:image:height\" content=\"470\" \/>\n\t<meta property=\"og:image:type\" content=\"image\/jpeg\" \/>\n<meta name=\"author\" content=\"Gayi Diawara\" \/>\n<meta name=\"twitter:card\" content=\"summary_large_image\" \/>\n<meta name=\"twitter:creator\" content=\"@lequotidienmr\" \/>\n<meta name=\"twitter:site\" content=\"@lequotidienmr\" \/>\n<meta name=\"twitter:label1\" content=\"\u0643\u064f\u062a\u0628 \u0628\u0648\u0627\u0633\u0637\u0629\" \/>\n\t<meta name=\"twitter:data1\" content=\"Gayi Diawara\" \/>\n\t<meta name=\"twitter:label2\" content=\"\u0648\u0642\u062a \u0627\u0644\u0642\u0631\u0627\u0621\u0629 \u0627\u0644\u0645\u064f\u0642\u062f\u0651\u0631\" \/>\n\t<meta name=\"twitter:data2\" content=\"3 \u062f\u0642\u0627\u0626\u0642\" \/>\n<script type=\"application\/ld+json\" class=\"yoast-schema-graph\">{\"@context\":\"https:\\\/\\\/schema.org\",\"@graph\":[{\"@type\":\"Article\",\"@id\":\"https:\\\/\\\/lequotidien.mr\\\/?p=6104&lang=fr#article\",\"isPartOf\":{\"@id\":\"https:\\\/\\\/lequotidien.mr\\\/?p=6104&lang=fr\"},\"author\":{\"name\":\"Gayi Diawara\",\"@id\":\"https:\\\/\\\/lequotidien.mr\\\/#\\\/schema\\\/person\\\/1077c8abd5640a6514b909318d271dee\"},\"headline\":\"Cl\u00f4ture des travaux du forum d\u2019affaires Mauritanie-France\",\"datePublished\":\"2023-03-13T20:13:16+00:00\",\"mainEntityOfPage\":{\"@id\":\"https:\\\/\\\/lequotidien.mr\\\/?p=6104&lang=fr\"},\"wordCount\":651,\"commentCount\":0,\"publisher\":{\"@id\":\"https:\\\/\\\/lequotidien.mr\\\/#organization\"},\"image\":{\"@id\":\"https:\\\/\\\/lequotidien.mr\\\/?p=6104&lang=fr#primaryimage\"},\"thumbnailUrl\":\"https:\\\/\\\/lequotidien.mr\\\/wp-content\\\/uploads\\\/2023\\\/03\\\/Hub0000780x470.jpg\",\"articleSection\":[\"ACTUALIT\u00c9\",\"Economie\"],\"inLanguage\":\"ar\",\"potentialAction\":[{\"@type\":\"CommentAction\",\"name\":\"Comment\",\"target\":[\"https:\\\/\\\/lequotidien.mr\\\/?p=6104&lang=fr#respond\"]}]},{\"@type\":\"WebPage\",\"@id\":\"https:\\\/\\\/lequotidien.mr\\\/?p=6104&lang=fr\",\"url\":\"https:\\\/\\\/lequotidien.mr\\\/?p=6104&lang=fr\",\"name\":\"Cl\u00f4ture des travaux du forum d\u2019affaires Mauritanie-France - Le Quotidien de Nouakchott\",\"isPartOf\":{\"@id\":\"https:\\\/\\\/lequotidien.mr\\\/#website\"},\"primaryImageOfPage\":{\"@id\":\"https:\\\/\\\/lequotidien.mr\\\/?p=6104&lang=fr#primaryimage\"},\"image\":{\"@id\":\"https:\\\/\\\/lequotidien.mr\\\/?p=6104&lang=fr#primaryimage\"},\"thumbnailUrl\":\"https:\\\/\\\/lequotidien.mr\\\/wp-content\\\/uploads\\\/2023\\\/03\\\/Hub0000780x470.jpg\",\"datePublished\":\"2023-03-13T20:13:16+00:00\",\"breadcrumb\":{\"@id\":\"https:\\\/\\\/lequotidien.mr\\\/?p=6104&lang=fr#breadcrumb\"},\"inLanguage\":\"ar\",\"potentialAction\":[{\"@type\":\"ReadAction\",\"target\":[\"https:\\\/\\\/lequotidien.mr\\\/?p=6104&lang=fr\"]}]},{\"@type\":\"ImageObject\",\"inLanguage\":\"ar\",\"@id\":\"https:\\\/\\\/lequotidien.mr\\\/?p=6104&lang=fr#primaryimage\",\"url\":\"https:\\\/\\\/lequotidien.mr\\\/wp-content\\\/uploads\\\/2023\\\/03\\\/Hub0000780x470.jpg\",\"contentUrl\":\"https:\\\/\\\/lequotidien.mr\\\/wp-content\\\/uploads\\\/2023\\\/03\\\/Hub0000780x470.jpg\",\"width\":780,\"height\":470},{\"@type\":\"BreadcrumbList\",\"@id\":\"https:\\\/\\\/lequotidien.mr\\\/?p=6104&lang=fr#breadcrumb\",\"itemListElement\":[{\"@type\":\"ListItem\",\"position\":1,\"name\":\"Home\",\"item\":\"https:\\\/\\\/lequotidien.mr\\\/\"},{\"@type\":\"ListItem\",\"position\":2,\"name\":\"Cl\u00f4ture des travaux du forum d\u2019affaires Mauritanie-France\"}]},{\"@type\":\"WebSite\",\"@id\":\"https:\\\/\\\/lequotidien.mr\\\/#website\",\"url\":\"https:\\\/\\\/lequotidien.mr\\\/\",\"name\":\"Le Quotidien de Nouakchott\",\"description\":\"\u0625\u062e\u0628\u0627\u0631\u064a\u0629 \u0645\u0633\u062a\u0642\u0644\u0629 \u0644\u0644\u0623\u0646\u0628\u0627\u0621 \u0627\u0644\u0639\u0627\u0645\u0629\",\"publisher\":{\"@id\":\"https:\\\/\\\/lequotidien.mr\\\/#organization\"},\"potentialAction\":[{\"@type\":\"SearchAction\",\"target\":{\"@type\":\"EntryPoint\",\"urlTemplate\":\"https:\\\/\\\/lequotidien.mr\\\/?s={search_term_string}\"},\"query-input\":{\"@type\":\"PropertyValueSpecification\",\"valueRequired\":true,\"valueName\":\"search_term_string\"}}],\"inLanguage\":\"ar\"},{\"@type\":\"Organization\",\"@id\":\"https:\\\/\\\/lequotidien.mr\\\/#organization\",\"name\":\"Le Quotidien de Nouakchott\",\"url\":\"https:\\\/\\\/lequotidien.mr\\\/\",\"logo\":{\"@type\":\"ImageObject\",\"inLanguage\":\"ar\",\"@id\":\"https:\\\/\\\/lequotidien.mr\\\/#\\\/schema\\\/logo\\\/image\\\/\",\"url\":\"https:\\\/\\\/lequotidien.mr\\\/wp-content\\\/uploads\\\/2022\\\/11\\\/logolequotidien.jpg\",\"contentUrl\":\"https:\\\/\\\/lequotidien.mr\\\/wp-content\\\/uploads\\\/2022\\\/11\\\/logolequotidien.jpg\",\"width\":290,\"height\":65,\"caption\":\"Le Quotidien de Nouakchott\"},\"image\":{\"@id\":\"https:\\\/\\\/lequotidien.mr\\\/#\\\/schema\\\/logo\\\/image\\\/\"},\"sameAs\":[\"https:\\\/\\\/web.facebook.com\\\/lequotidienmr\",\"https:\\\/\\\/x.com\\\/lequotidienmr\"]},{\"@type\":\"Person\",\"@id\":\"https:\\\/\\\/lequotidien.mr\\\/#\\\/schema\\\/person\\\/1077c8abd5640a6514b909318d271dee\",\"name\":\"Gayi Diawara\",\"image\":{\"@type\":\"ImageObject\",\"inLanguage\":\"ar\",\"@id\":\"https:\\\/\\\/secure.gravatar.com\\\/avatar\\\/63ea8db1e19a6d2d608b24c0f78b5f3a7d6e0bc11959fec273410af333e4d0ac?s=96&d=mm&r=g\",\"url\":\"https:\\\/\\\/secure.gravatar.com\\\/avatar\\\/63ea8db1e19a6d2d608b24c0f78b5f3a7d6e0bc11959fec273410af333e4d0ac?s=96&d=mm&r=g\",\"contentUrl\":\"https:\\\/\\\/secure.gravatar.com\\\/avatar\\\/63ea8db1e19a6d2d608b24c0f78b5f3a7d6e0bc11959fec273410af333e4d0ac?s=96&d=mm&r=g\",\"caption\":\"Gayi Diawara\"},\"sameAs\":[\"http:\\\/\\\/lequotidien.mr\"],\"url\":\"https:\\\/\\\/lequotidien.mr\\\/?author=5\"}]}<\/script>\n<!-- \/ Yoast SEO plugin. -->","yoast_head_json":{"title":"Cl\u00f4ture des travaux du forum d\u2019affaires Mauritanie-France - Le Quotidien de Nouakchott","robots":{"index":"index","follow":"follow","max-snippet":"max-snippet:-1","max-image-preview":"max-image-preview:large","max-video-preview":"max-video-preview:-1"},"canonical":"https:\/\/lequotidien.mr\/?p=6104&lang=fr","og_locale":"ar_AR","og_type":"article","og_title":"Cl\u00f4ture des travaux du forum d\u2019affaires Mauritanie-France - Le Quotidien de Nouakchott","og_description":"Rimnow &#8211; Le Mouvement des Entreprises de France (MEDEF International) et la Banque Publique d&#8217;Investissement (Bpifrance) ont co-organis\u00e9 du 08 au 10 mars 2023 \u00e0 Nouakchott, en partenariat avec l&#8217;Agence de Promotion des Investissements en Mauritanie (APIM) et l&#8217;Union Nationale du Patronat Mauritanien (UNPM), un Forum d\u2019Affaires Mauritanie &#8211; France. Plus de 40 entreprises fran\u00e7aises.....","og_url":"https:\/\/lequotidien.mr\/?p=6104&lang=fr","og_site_name":"Le Quotidien de Nouakchott","article_publisher":"https:\/\/web.facebook.com\/lequotidienmr","article_published_time":"2023-03-13T20:13:16+00:00","og_image":[{"width":780,"height":470,"url":"https:\/\/lequotidien.mr\/wp-content\/uploads\/2023\/03\/Hub0000780x470.jpg","type":"image\/jpeg"}],"author":"Gayi Diawara","twitter_card":"summary_large_image","twitter_creator":"@lequotidienmr","twitter_site":"@lequotidienmr","twitter_misc":{"\u0643\u064f\u062a\u0628 \u0628\u0648\u0627\u0633\u0637\u0629":"Gayi Diawara","\u0648\u0642\u062a \u0627\u0644\u0642\u0631\u0627\u0621\u0629 \u0627\u0644\u0645\u064f\u0642\u062f\u0651\u0631":"3 \u062f\u0642\u0627\u0626\u0642"},"schema":{"@context":"https:\/\/schema.org","@graph":[{"@type":"Article","@id":"https:\/\/lequotidien.mr\/?p=6104&lang=fr#article","isPartOf":{"@id":"https:\/\/lequotidien.mr\/?p=6104&lang=fr"},"author":{"name":"Gayi Diawara","@id":"https:\/\/lequotidien.mr\/#\/schema\/person\/1077c8abd5640a6514b909318d271dee"},"headline":"Cl\u00f4ture des travaux du forum d\u2019affaires Mauritanie-France","datePublished":"2023-03-13T20:13:16+00:00","mainEntityOfPage":{"@id":"https:\/\/lequotidien.mr\/?p=6104&lang=fr"},"wordCount":651,"commentCount":0,"publisher":{"@id":"https:\/\/lequotidien.mr\/#organization"},"image":{"@id":"https:\/\/lequotidien.mr\/?p=6104&lang=fr#primaryimage"},"thumbnailUrl":"https:\/\/lequotidien.mr\/wp-content\/uploads\/2023\/03\/Hub0000780x470.jpg","articleSection":["ACTUALIT\u00c9","Economie"],"inLanguage":"ar","potentialAction":[{"@type":"CommentAction","name":"Comment","target":["https:\/\/lequotidien.mr\/?p=6104&lang=fr#respond"]}]},{"@type":"WebPage","@id":"https:\/\/lequotidien.mr\/?p=6104&lang=fr","url":"https:\/\/lequotidien.mr\/?p=6104&lang=fr","name":"Cl\u00f4ture des travaux du forum d\u2019affaires Mauritanie-France - Le Quotidien de Nouakchott","isPartOf":{"@id":"https:\/\/lequotidien.mr\/#website"},"primaryImageOfPage":{"@id":"https:\/\/lequotidien.mr\/?p=6104&lang=fr#primaryimage"},"image":{"@id":"https:\/\/lequotidien.mr\/?p=6104&lang=fr#primaryimage"},"thumbnailUrl":"https:\/\/lequotidien.mr\/wp-content\/uploads\/2023\/03\/Hub0000780x470.jpg","datePublished":"2023-03-13T20:13:16+00:00","breadcrumb":{"@id":"https:\/\/lequotidien.mr\/?p=6104&lang=fr#breadcrumb"},"inLanguage":"ar","potentialAction":[{"@type":"ReadAction","target":["https:\/\/lequotidien.mr\/?p=6104&lang=fr"]}]},{"@type":"ImageObject","inLanguage":"ar","@id":"https:\/\/lequotidien.mr\/?p=6104&lang=fr#primaryimage","url":"https:\/\/lequotidien.mr\/wp-content\/uploads\/2023\/03\/Hub0000780x470.jpg","contentUrl":"https:\/\/lequotidien.mr\/wp-content\/uploads\/2023\/03\/Hub0000780x470.jpg","width":780,"height":470},{"@type":"BreadcrumbList","@id":"https:\/\/lequotidien.mr\/?p=6104&lang=fr#breadcrumb","itemListElement":[{"@type":"ListItem","position":1,"name":"Home","item":"https:\/\/lequotidien.mr\/"},{"@type":"ListItem","position":2,"name":"Cl\u00f4ture des travaux du forum d\u2019affaires Mauritanie-France"}]},{"@type":"WebSite","@id":"https:\/\/lequotidien.mr\/#website","url":"https:\/\/lequotidien.mr\/","name":"Le Quotidien de Nouakchott","description":"\u0625\u062e\u0628\u0627\u0631\u064a\u0629 \u0645\u0633\u062a\u0642\u0644\u0629 \u0644\u0644\u0623\u0646\u0628\u0627\u0621 \u0627\u0644\u0639\u0627\u0645\u0629","publisher":{"@id":"https:\/\/lequotidien.mr\/#organization"},"potentialAction":[{"@type":"SearchAction","target":{"@type":"EntryPoint","urlTemplate":"https:\/\/lequotidien.mr\/?s={search_term_string}"},"query-input":{"@type":"PropertyValueSpecification","valueRequired":true,"valueName":"search_term_string"}}],"inLanguage":"ar"},{"@type":"Organization","@id":"https:\/\/lequotidien.mr\/#organization","name":"Le Quotidien de Nouakchott","url":"https:\/\/lequotidien.mr\/","logo":{"@type":"ImageObject","inLanguage":"ar","@id":"https:\/\/lequotidien.mr\/#\/schema\/logo\/image\/","url":"https:\/\/lequotidien.mr\/wp-content\/uploads\/2022\/11\/logolequotidien.jpg","contentUrl":"https:\/\/lequotidien.mr\/wp-content\/uploads\/2022\/11\/logolequotidien.jpg","width":290,"height":65,"caption":"Le Quotidien de Nouakchott"},"image":{"@id":"https:\/\/lequotidien.mr\/#\/schema\/logo\/image\/"},"sameAs":["https:\/\/web.facebook.com\/lequotidienmr","https:\/\/x.com\/lequotidienmr"]},{"@type":"Person","@id":"https:\/\/lequotidien.mr\/#\/schema\/person\/1077c8abd5640a6514b909318d271dee","name":"Gayi Diawara","image":{"@type":"ImageObject","inLanguage":"ar","@id":"https:\/\/secure.gravatar.com\/avatar\/63ea8db1e19a6d2d608b24c0f78b5f3a7d6e0bc11959fec273410af333e4d0ac?s=96&d=mm&r=g","url":"https:\/\/secure.gravatar.com\/avatar\/63ea8db1e19a6d2d608b24c0f78b5f3a7d6e0bc11959fec273410af333e4d0ac?s=96&d=mm&r=g","contentUrl":"https:\/\/secure.gravatar.com\/avatar\/63ea8db1e19a6d2d608b24c0f78b5f3a7d6e0bc11959fec273410af333e4d0ac?s=96&d=mm&r=g","caption":"Gayi Diawara"},"sameAs":["http:\/\/lequotidien.mr"],"url":"https:\/\/lequotidien.mr\/?author=5"}]}},"_links":{"self":[{"href":"https:\/\/lequotidien.mr\/index.php?rest_route=\/wp\/v2\/posts\/6104","targetHints":{"allow":["GET"]}}],"collection":[{"href":"https:\/\/lequotidien.mr\/index.php?rest_route=\/wp\/v2\/posts"}],"about":[{"href":"https:\/\/lequotidien.mr\/index.php?rest_route=\/wp\/v2\/types\/post"}],"author":[{"embeddable":true,"href":"https:\/\/lequotidien.mr\/index.php?rest_route=\/wp\/v2\/users\/5"}],"replies":[{"embeddable":true,"href":"https:\/\/lequotidien.mr\/index.php?rest_route=%2Fwp%2Fv2%2Fcomments&post=6104"}],"version-history":[{"count":1,"href":"https:\/\/lequotidien.mr\/index.php?rest_route=\/wp\/v2\/posts\/6104\/revisions"}],"predecessor-version":[{"id":6105,"href":"https:\/\/lequotidien.mr\/index.php?rest_route=\/wp\/v2\/posts\/6104\/revisions\/6105"}],"wp:featuredmedia":[{"embeddable":true,"href":"https:\/\/lequotidien.mr\/index.php?rest_route=\/wp\/v2\/media\/5983"}],"wp:attachment":[{"href":"https:\/\/lequotidien.mr\/index.php?rest_route=%2Fwp%2Fv2%2Fmedia&parent=6104"}],"wp:term":[{"taxonomy":"category","embeddable":true,"href":"https:\/\/lequotidien.mr\/index.php?rest_route=%2Fwp%2Fv2%2Fcategories&post=6104"},{"taxonomy":"post_tag","embeddable":true,"href":"https:\/\/lequotidien.mr\/index.php?rest_route=%2Fwp%2Fv2%2Ftags&post=6104"}],"curies":[{"name":"wp","href":"https:\/\/api.w.org\/{rel}","templated":true}]}}