{"id":5979,"date":"2023-03-10T22:04:39","date_gmt":"2023-03-10T22:04:39","guid":{"rendered":"https:\/\/lequotidien.mr\/?p=5979"},"modified":"2023-03-10T22:04:39","modified_gmt":"2023-03-10T22:04:39","slug":"le-ministre-des-affaires-economiques-se-reunit-avec-une-delegation-de-medef","status":"publish","type":"post","link":"https:\/\/lequotidien.mr\/?p=5979&lang=fr","title":{"rendered":"Le ministre des Affaires \u00e9conomiques se r\u00e9unit avec une d\u00e9l\u00e9gation de MEDEF"},"content":{"rendered":"<p>AMI &#8211; Le ministre des Affaires \u00e9conomiques et de la Promotion des Secteurs productifs, M. Ousmane Mamoudou Kane a tenu, vendredi \u00e0 Nouakchott, une s\u00e9ance de travail avec une d\u00e9l\u00e9gation du mouvement des entreprises de France (MEDEF), conduite par M. Eric Bastien, accompagn\u00e9e de l\u2019ambassadeur de France en Mauritanie, SEM Alexandre Garcia.<\/p>\n<p>Au cours de l\u2019audience, le ministre a \u00e9voqu\u00e9 la bonne gouvernance qui a eu des cons\u00e9quences positives sur l\u2019endettement de la Mauritanie.<\/p>\n<p>Il a \u00e9galement abord\u00e9 les opportunit\u00e9s d\u2019investissement en Mauritanie, notant, dans ce cadre, la cr\u00e9ation d\u2019un Conseil sup\u00e9rieur de l\u2019\u00e9conomie, ainsi que l\u2019am\u00e9lioration de la loi r\u00e9gissant les partenariats public-priv\u00e9.<\/p>\n<p>M. Ousmane Mamoudou Kane a soulign\u00e9 que l\u2019investissement dans les \u00e9normes potentialit\u00e9s de notre pays contribue \u00e0 assurer sa s\u00e9curit\u00e9 alimentaire.<\/p>\n<p>De son c\u00f4t\u00e9, l\u2019ambassadeur de France a affirm\u00e9 que les relations mauritano-fran\u00e7aises sont anciennes avant de pr\u00e9ciser que l\u2019agence fran\u00e7aise de d\u00e9veloppement joue un important r\u00f4le dans le renforcement de ces relations.<\/p>\n<p>Le chef de la d\u00e9l\u00e9gation du MEDEF a salu\u00e9, pour sa part, les r\u00e9formes \u00e9conomiques que connait la Mauritanie tout en affirmant que le pays connaitra de nouveaux investissements.<\/p>\n<p>L\u2019audience s\u2019est d\u00e9roul\u00e9e en pr\u00e9sence de la directrice g\u00e9n\u00e9rale de l\u2019agence de promotion des investissements.<\/p>\n","protected":false},"excerpt":{"rendered":"<p>AMI &#8211; Le ministre des Affaires \u00e9conomiques et de la Promotion des Secteurs productifs, M. Ousmane Mamoudou Kane a tenu, vendredi \u00e0 Nouakchott, une s\u00e9ance de travail avec une d\u00e9l\u00e9gation du mouvement des entreprises de France (MEDEF), conduite par M. Eric Bastien, accompagn\u00e9e de l\u2019ambassadeur de France en Mauritanie, SEM Alexandre Garcia. Au cours de&#8230;..<\/p>\n","protected":false},"author":5,"featured_media":5980,"comment_status":"open","ping_status":"open","sticky":false,"template":"","format":"standard","meta":{"footnotes":""},"categories":[23,49],"tags":[],"class_list":["post-5979","post","type-post","status-publish","format-standard","has-post-thumbnail","hentry","category-actualite","category-economie"],"yoast_head":"<!-- This site is optimized with the Yoast SEO plugin v27.5 - https:\/\/yoast.com\/product\/yoast-seo-wordpress\/ -->\n<title>Le ministre des Affaires \u00e9conomiques se r\u00e9unit avec une d\u00e9l\u00e9gation de MEDEF - Le Quotidien de Nouakchott<\/title>\n<meta name=\"robots\" content=\"index, follow, max-snippet:-1, max-image-preview:large, max-video-preview:-1\" \/>\n<link rel=\"canonical\" href=\"https:\/\/lequotidien.mr\/?p=5979&lang=fr\" \/>\n<meta property=\"og:locale\" content=\"ar_AR\" \/>\n<meta property=\"og:type\" content=\"article\" \/>\n<meta property=\"og:title\" content=\"Le ministre des Affaires \u00e9conomiques se r\u00e9unit avec une d\u00e9l\u00e9gation de MEDEF - Le Quotidien de Nouakchott\" \/>\n<meta property=\"og:description\" content=\"AMI &#8211; Le ministre des Affaires \u00e9conomiques et de la Promotion des Secteurs productifs, M. Ousmane Mamoudou Kane a tenu, vendredi \u00e0 Nouakchott, une s\u00e9ance de travail avec une d\u00e9l\u00e9gation du mouvement des entreprises de France (MEDEF), conduite par M. Eric Bastien, accompagn\u00e9e de l\u2019ambassadeur de France en Mauritanie, SEM Alexandre Garcia. Au cours de.....\" \/>\n<meta property=\"og:url\" content=\"https:\/\/lequotidien.mr\/?p=5979&amp;lang=fr\" \/>\n<meta property=\"og:site_name\" content=\"Le Quotidien de Nouakchott\" \/>\n<meta property=\"article:publisher\" content=\"https:\/\/web.facebook.com\/lequotidienmr\" \/>\n<meta property=\"article:published_time\" content=\"2023-03-10T22:04:39+00:00\" \/>\n<meta property=\"og:image\" content=\"https:\/\/lequotidien.mr\/wp-content\/uploads\/2023\/03\/MAE_10_03_2023_003_750x430.jpg\" \/>\n\t<meta property=\"og:image:width\" content=\"643\" \/>\n\t<meta property=\"og:image:height\" content=\"430\" \/>\n\t<meta property=\"og:image:type\" content=\"image\/jpeg\" \/>\n<meta name=\"author\" content=\"Gayi Diawara\" \/>\n<meta name=\"twitter:card\" content=\"summary_large_image\" \/>\n<meta name=\"twitter:creator\" content=\"@lequotidienmr\" \/>\n<meta name=\"twitter:site\" content=\"@lequotidienmr\" \/>\n<meta name=\"twitter:label1\" content=\"\u0643\u064f\u062a\u0628 \u0628\u0648\u0627\u0633\u0637\u0629\" \/>\n\t<meta name=\"twitter:data1\" content=\"Gayi Diawara\" \/>\n\t<meta name=\"twitter:label2\" content=\"\u0648\u0642\u062a \u0627\u0644\u0642\u0631\u0627\u0621\u0629 \u0627\u0644\u0645\u064f\u0642\u062f\u0651\u0631\" \/>\n\t<meta name=\"twitter:data2\" content=\"\u062f\u0642\u064a\u0642\u0629 \u0648\u0627\u062d\u062f\u0629\" \/>\n<script type=\"application\/ld+json\" class=\"yoast-schema-graph\">{\"@context\":\"https:\\\/\\\/schema.org\",\"@graph\":[{\"@type\":\"Article\",\"@id\":\"https:\\\/\\\/lequotidien.mr\\\/?p=5979&lang=fr#article\",\"isPartOf\":{\"@id\":\"https:\\\/\\\/lequotidien.mr\\\/?p=5979&lang=fr\"},\"author\":{\"name\":\"Gayi Diawara\",\"@id\":\"https:\\\/\\\/lequotidien.mr\\\/#\\\/schema\\\/person\\\/1077c8abd5640a6514b909318d271dee\"},\"headline\":\"Le ministre des Affaires \u00e9conomiques se r\u00e9unit avec une d\u00e9l\u00e9gation de MEDEF\",\"datePublished\":\"2023-03-10T22:04:39+00:00\",\"mainEntityOfPage\":{\"@id\":\"https:\\\/\\\/lequotidien.mr\\\/?p=5979&lang=fr\"},\"wordCount\":253,\"commentCount\":0,\"publisher\":{\"@id\":\"https:\\\/\\\/lequotidien.mr\\\/#organization\"},\"image\":{\"@id\":\"https:\\\/\\\/lequotidien.mr\\\/?p=5979&lang=fr#primaryimage\"},\"thumbnailUrl\":\"https:\\\/\\\/lequotidien.mr\\\/wp-content\\\/uploads\\\/2023\\\/03\\\/MAE_10_03_2023_003_750x430.jpg\",\"articleSection\":[\"ACTUALIT\u00c9\",\"Economie\"],\"inLanguage\":\"ar\",\"potentialAction\":[{\"@type\":\"CommentAction\",\"name\":\"Comment\",\"target\":[\"https:\\\/\\\/lequotidien.mr\\\/?p=5979&lang=fr#respond\"]}]},{\"@type\":\"WebPage\",\"@id\":\"https:\\\/\\\/lequotidien.mr\\\/?p=5979&lang=fr\",\"url\":\"https:\\\/\\\/lequotidien.mr\\\/?p=5979&lang=fr\",\"name\":\"Le ministre des Affaires \u00e9conomiques se r\u00e9unit avec une d\u00e9l\u00e9gation de MEDEF - Le Quotidien de Nouakchott\",\"isPartOf\":{\"@id\":\"https:\\\/\\\/lequotidien.mr\\\/#website\"},\"primaryImageOfPage\":{\"@id\":\"https:\\\/\\\/lequotidien.mr\\\/?p=5979&lang=fr#primaryimage\"},\"image\":{\"@id\":\"https:\\\/\\\/lequotidien.mr\\\/?p=5979&lang=fr#primaryimage\"},\"thumbnailUrl\":\"https:\\\/\\\/lequotidien.mr\\\/wp-content\\\/uploads\\\/2023\\\/03\\\/MAE_10_03_2023_003_750x430.jpg\",\"datePublished\":\"2023-03-10T22:04:39+00:00\",\"breadcrumb\":{\"@id\":\"https:\\\/\\\/lequotidien.mr\\\/?p=5979&lang=fr#breadcrumb\"},\"inLanguage\":\"ar\",\"potentialAction\":[{\"@type\":\"ReadAction\",\"target\":[\"https:\\\/\\\/lequotidien.mr\\\/?p=5979&lang=fr\"]}]},{\"@type\":\"ImageObject\",\"inLanguage\":\"ar\",\"@id\":\"https:\\\/\\\/lequotidien.mr\\\/?p=5979&lang=fr#primaryimage\",\"url\":\"https:\\\/\\\/lequotidien.mr\\\/wp-content\\\/uploads\\\/2023\\\/03\\\/MAE_10_03_2023_003_750x430.jpg\",\"contentUrl\":\"https:\\\/\\\/lequotidien.mr\\\/wp-content\\\/uploads\\\/2023\\\/03\\\/MAE_10_03_2023_003_750x430.jpg\",\"width\":643,\"height\":430},{\"@type\":\"BreadcrumbList\",\"@id\":\"https:\\\/\\\/lequotidien.mr\\\/?p=5979&lang=fr#breadcrumb\",\"itemListElement\":[{\"@type\":\"ListItem\",\"position\":1,\"name\":\"Home\",\"item\":\"https:\\\/\\\/lequotidien.mr\\\/\"},{\"@type\":\"ListItem\",\"position\":2,\"name\":\"Le ministre des Affaires \u00e9conomiques se r\u00e9unit avec une d\u00e9l\u00e9gation de MEDEF\"}]},{\"@type\":\"WebSite\",\"@id\":\"https:\\\/\\\/lequotidien.mr\\\/#website\",\"url\":\"https:\\\/\\\/lequotidien.mr\\\/\",\"name\":\"Le Quotidien de Nouakchott\",\"description\":\"\u0625\u062e\u0628\u0627\u0631\u064a\u0629 \u0645\u0633\u062a\u0642\u0644\u0629 \u0644\u0644\u0623\u0646\u0628\u0627\u0621 \u0627\u0644\u0639\u0627\u0645\u0629\",\"publisher\":{\"@id\":\"https:\\\/\\\/lequotidien.mr\\\/#organization\"},\"potentialAction\":[{\"@type\":\"SearchAction\",\"target\":{\"@type\":\"EntryPoint\",\"urlTemplate\":\"https:\\\/\\\/lequotidien.mr\\\/?s={search_term_string}\"},\"query-input\":{\"@type\":\"PropertyValueSpecification\",\"valueRequired\":true,\"valueName\":\"search_term_string\"}}],\"inLanguage\":\"ar\"},{\"@type\":\"Organization\",\"@id\":\"https:\\\/\\\/lequotidien.mr\\\/#organization\",\"name\":\"Le Quotidien de Nouakchott\",\"url\":\"https:\\\/\\\/lequotidien.mr\\\/\",\"logo\":{\"@type\":\"ImageObject\",\"inLanguage\":\"ar\",\"@id\":\"https:\\\/\\\/lequotidien.mr\\\/#\\\/schema\\\/logo\\\/image\\\/\",\"url\":\"https:\\\/\\\/lequotidien.mr\\\/wp-content\\\/uploads\\\/2022\\\/11\\\/logolequotidien.jpg\",\"contentUrl\":\"https:\\\/\\\/lequotidien.mr\\\/wp-content\\\/uploads\\\/2022\\\/11\\\/logolequotidien.jpg\",\"width\":290,\"height\":65,\"caption\":\"Le Quotidien de Nouakchott\"},\"image\":{\"@id\":\"https:\\\/\\\/lequotidien.mr\\\/#\\\/schema\\\/logo\\\/image\\\/\"},\"sameAs\":[\"https:\\\/\\\/web.facebook.com\\\/lequotidienmr\",\"https:\\\/\\\/x.com\\\/lequotidienmr\"]},{\"@type\":\"Person\",\"@id\":\"https:\\\/\\\/lequotidien.mr\\\/#\\\/schema\\\/person\\\/1077c8abd5640a6514b909318d271dee\",\"name\":\"Gayi Diawara\",\"image\":{\"@type\":\"ImageObject\",\"inLanguage\":\"ar\",\"@id\":\"https:\\\/\\\/secure.gravatar.com\\\/avatar\\\/63ea8db1e19a6d2d608b24c0f78b5f3a7d6e0bc11959fec273410af333e4d0ac?s=96&d=mm&r=g\",\"url\":\"https:\\\/\\\/secure.gravatar.com\\\/avatar\\\/63ea8db1e19a6d2d608b24c0f78b5f3a7d6e0bc11959fec273410af333e4d0ac?s=96&d=mm&r=g\",\"contentUrl\":\"https:\\\/\\\/secure.gravatar.com\\\/avatar\\\/63ea8db1e19a6d2d608b24c0f78b5f3a7d6e0bc11959fec273410af333e4d0ac?s=96&d=mm&r=g\",\"caption\":\"Gayi Diawara\"},\"sameAs\":[\"http:\\\/\\\/lequotidien.mr\"],\"url\":\"https:\\\/\\\/lequotidien.mr\\\/?author=5\"}]}<\/script>\n<!-- \/ Yoast SEO plugin. -->","yoast_head_json":{"title":"Le ministre des Affaires \u00e9conomiques se r\u00e9unit avec une d\u00e9l\u00e9gation de MEDEF - Le Quotidien de Nouakchott","robots":{"index":"index","follow":"follow","max-snippet":"max-snippet:-1","max-image-preview":"max-image-preview:large","max-video-preview":"max-video-preview:-1"},"canonical":"https:\/\/lequotidien.mr\/?p=5979&lang=fr","og_locale":"ar_AR","og_type":"article","og_title":"Le ministre des Affaires \u00e9conomiques se r\u00e9unit avec une d\u00e9l\u00e9gation de MEDEF - Le Quotidien de Nouakchott","og_description":"AMI &#8211; Le ministre des Affaires \u00e9conomiques et de la Promotion des Secteurs productifs, M. Ousmane Mamoudou Kane a tenu, vendredi \u00e0 Nouakchott, une s\u00e9ance de travail avec une d\u00e9l\u00e9gation du mouvement des entreprises de France (MEDEF), conduite par M. Eric Bastien, accompagn\u00e9e de l\u2019ambassadeur de France en Mauritanie, SEM Alexandre Garcia. Au cours de.....","og_url":"https:\/\/lequotidien.mr\/?p=5979&lang=fr","og_site_name":"Le Quotidien de Nouakchott","article_publisher":"https:\/\/web.facebook.com\/lequotidienmr","article_published_time":"2023-03-10T22:04:39+00:00","og_image":[{"width":643,"height":430,"url":"https:\/\/lequotidien.mr\/wp-content\/uploads\/2023\/03\/MAE_10_03_2023_003_750x430.jpg","type":"image\/jpeg"}],"author":"Gayi Diawara","twitter_card":"summary_large_image","twitter_creator":"@lequotidienmr","twitter_site":"@lequotidienmr","twitter_misc":{"\u0643\u064f\u062a\u0628 \u0628\u0648\u0627\u0633\u0637\u0629":"Gayi Diawara","\u0648\u0642\u062a \u0627\u0644\u0642\u0631\u0627\u0621\u0629 \u0627\u0644\u0645\u064f\u0642\u062f\u0651\u0631":"\u062f\u0642\u064a\u0642\u0629 \u0648\u0627\u062d\u062f\u0629"},"schema":{"@context":"https:\/\/schema.org","@graph":[{"@type":"Article","@id":"https:\/\/lequotidien.mr\/?p=5979&lang=fr#article","isPartOf":{"@id":"https:\/\/lequotidien.mr\/?p=5979&lang=fr"},"author":{"name":"Gayi Diawara","@id":"https:\/\/lequotidien.mr\/#\/schema\/person\/1077c8abd5640a6514b909318d271dee"},"headline":"Le ministre des Affaires \u00e9conomiques se r\u00e9unit avec une d\u00e9l\u00e9gation de MEDEF","datePublished":"2023-03-10T22:04:39+00:00","mainEntityOfPage":{"@id":"https:\/\/lequotidien.mr\/?p=5979&lang=fr"},"wordCount":253,"commentCount":0,"publisher":{"@id":"https:\/\/lequotidien.mr\/#organization"},"image":{"@id":"https:\/\/lequotidien.mr\/?p=5979&lang=fr#primaryimage"},"thumbnailUrl":"https:\/\/lequotidien.mr\/wp-content\/uploads\/2023\/03\/MAE_10_03_2023_003_750x430.jpg","articleSection":["ACTUALIT\u00c9","Economie"],"inLanguage":"ar","potentialAction":[{"@type":"CommentAction","name":"Comment","target":["https:\/\/lequotidien.mr\/?p=5979&lang=fr#respond"]}]},{"@type":"WebPage","@id":"https:\/\/lequotidien.mr\/?p=5979&lang=fr","url":"https:\/\/lequotidien.mr\/?p=5979&lang=fr","name":"Le ministre des Affaires \u00e9conomiques se r\u00e9unit avec une d\u00e9l\u00e9gation de MEDEF - Le Quotidien de Nouakchott","isPartOf":{"@id":"https:\/\/lequotidien.mr\/#website"},"primaryImageOfPage":{"@id":"https:\/\/lequotidien.mr\/?p=5979&lang=fr#primaryimage"},"image":{"@id":"https:\/\/lequotidien.mr\/?p=5979&lang=fr#primaryimage"},"thumbnailUrl":"https:\/\/lequotidien.mr\/wp-content\/uploads\/2023\/03\/MAE_10_03_2023_003_750x430.jpg","datePublished":"2023-03-10T22:04:39+00:00","breadcrumb":{"@id":"https:\/\/lequotidien.mr\/?p=5979&lang=fr#breadcrumb"},"inLanguage":"ar","potentialAction":[{"@type":"ReadAction","target":["https:\/\/lequotidien.mr\/?p=5979&lang=fr"]}]},{"@type":"ImageObject","inLanguage":"ar","@id":"https:\/\/lequotidien.mr\/?p=5979&lang=fr#primaryimage","url":"https:\/\/lequotidien.mr\/wp-content\/uploads\/2023\/03\/MAE_10_03_2023_003_750x430.jpg","contentUrl":"https:\/\/lequotidien.mr\/wp-content\/uploads\/2023\/03\/MAE_10_03_2023_003_750x430.jpg","width":643,"height":430},{"@type":"BreadcrumbList","@id":"https:\/\/lequotidien.mr\/?p=5979&lang=fr#breadcrumb","itemListElement":[{"@type":"ListItem","position":1,"name":"Home","item":"https:\/\/lequotidien.mr\/"},{"@type":"ListItem","position":2,"name":"Le ministre des Affaires \u00e9conomiques se r\u00e9unit avec une d\u00e9l\u00e9gation de MEDEF"}]},{"@type":"WebSite","@id":"https:\/\/lequotidien.mr\/#website","url":"https:\/\/lequotidien.mr\/","name":"Le Quotidien de Nouakchott","description":"\u0625\u062e\u0628\u0627\u0631\u064a\u0629 \u0645\u0633\u062a\u0642\u0644\u0629 \u0644\u0644\u0623\u0646\u0628\u0627\u0621 \u0627\u0644\u0639\u0627\u0645\u0629","publisher":{"@id":"https:\/\/lequotidien.mr\/#organization"},"potentialAction":[{"@type":"SearchAction","target":{"@type":"EntryPoint","urlTemplate":"https:\/\/lequotidien.mr\/?s={search_term_string}"},"query-input":{"@type":"PropertyValueSpecification","valueRequired":true,"valueName":"search_term_string"}}],"inLanguage":"ar"},{"@type":"Organization","@id":"https:\/\/lequotidien.mr\/#organization","name":"Le Quotidien de Nouakchott","url":"https:\/\/lequotidien.mr\/","logo":{"@type":"ImageObject","inLanguage":"ar","@id":"https:\/\/lequotidien.mr\/#\/schema\/logo\/image\/","url":"https:\/\/lequotidien.mr\/wp-content\/uploads\/2022\/11\/logolequotidien.jpg","contentUrl":"https:\/\/lequotidien.mr\/wp-content\/uploads\/2022\/11\/logolequotidien.jpg","width":290,"height":65,"caption":"Le Quotidien de Nouakchott"},"image":{"@id":"https:\/\/lequotidien.mr\/#\/schema\/logo\/image\/"},"sameAs":["https:\/\/web.facebook.com\/lequotidienmr","https:\/\/x.com\/lequotidienmr"]},{"@type":"Person","@id":"https:\/\/lequotidien.mr\/#\/schema\/person\/1077c8abd5640a6514b909318d271dee","name":"Gayi Diawara","image":{"@type":"ImageObject","inLanguage":"ar","@id":"https:\/\/secure.gravatar.com\/avatar\/63ea8db1e19a6d2d608b24c0f78b5f3a7d6e0bc11959fec273410af333e4d0ac?s=96&d=mm&r=g","url":"https:\/\/secure.gravatar.com\/avatar\/63ea8db1e19a6d2d608b24c0f78b5f3a7d6e0bc11959fec273410af333e4d0ac?s=96&d=mm&r=g","contentUrl":"https:\/\/secure.gravatar.com\/avatar\/63ea8db1e19a6d2d608b24c0f78b5f3a7d6e0bc11959fec273410af333e4d0ac?s=96&d=mm&r=g","caption":"Gayi Diawara"},"sameAs":["http:\/\/lequotidien.mr"],"url":"https:\/\/lequotidien.mr\/?author=5"}]}},"_links":{"self":[{"href":"https:\/\/lequotidien.mr\/index.php?rest_route=\/wp\/v2\/posts\/5979","targetHints":{"allow":["GET"]}}],"collection":[{"href":"https:\/\/lequotidien.mr\/index.php?rest_route=\/wp\/v2\/posts"}],"about":[{"href":"https:\/\/lequotidien.mr\/index.php?rest_route=\/wp\/v2\/types\/post"}],"author":[{"embeddable":true,"href":"https:\/\/lequotidien.mr\/index.php?rest_route=\/wp\/v2\/users\/5"}],"replies":[{"embeddable":true,"href":"https:\/\/lequotidien.mr\/index.php?rest_route=%2Fwp%2Fv2%2Fcomments&post=5979"}],"version-history":[{"count":1,"href":"https:\/\/lequotidien.mr\/index.php?rest_route=\/wp\/v2\/posts\/5979\/revisions"}],"predecessor-version":[{"id":5981,"href":"https:\/\/lequotidien.mr\/index.php?rest_route=\/wp\/v2\/posts\/5979\/revisions\/5981"}],"wp:featuredmedia":[{"embeddable":true,"href":"https:\/\/lequotidien.mr\/index.php?rest_route=\/wp\/v2\/media\/5980"}],"wp:attachment":[{"href":"https:\/\/lequotidien.mr\/index.php?rest_route=%2Fwp%2Fv2%2Fmedia&parent=5979"}],"wp:term":[{"taxonomy":"category","embeddable":true,"href":"https:\/\/lequotidien.mr\/index.php?rest_route=%2Fwp%2Fv2%2Fcategories&post=5979"},{"taxonomy":"post_tag","embeddable":true,"href":"https:\/\/lequotidien.mr\/index.php?rest_route=%2Fwp%2Fv2%2Ftags&post=5979"}],"curies":[{"name":"wp","href":"https:\/\/api.w.org\/{rel}","templated":true}]}}