{"id":5943,"date":"2023-03-09T20:16:55","date_gmt":"2023-03-09T20:16:55","guid":{"rendered":"https:\/\/lequotidien.mr\/?p=5943"},"modified":"2023-03-09T20:16:55","modified_gmt":"2023-03-09T20:16:55","slug":"la-mauritanie-et-le-liberia-signent-un-protocole-daccord-relatif-a-la-peche-illegale","status":"publish","type":"post","link":"https:\/\/lequotidien.mr\/?p=5943&lang=fr","title":{"rendered":"La Mauritanie et le Liberia signent un protocole d\u2019accord relatif \u00e0 la p\u00eache ill\u00e9gale"},"content":{"rendered":"<p>AMI &#8211; Le ministre de la p\u00eache et de l\u2019Economie maritime, M. Mohamed Ould Abidine Ould Mayif, et la directrice g\u00e9n\u00e9rale de l\u2019Autorit\u00e9 de la p\u00eache et de la pisciculture de la R\u00e9publique du Liberia, actuellement en visite de travail dans notre pays, ont sign\u00e9 un protocole d\u2019accord pour lutter contre la p\u00eache non autoris\u00e9e, non r\u00e9glement\u00e9e et non d\u00e9clar\u00e9e.<\/p>\n<p>Dans une allocution prononc\u00e9e \u00e0 cette occasion, le ministre a soulign\u00e9 que ce m\u00e9morandum vise \u00e0 \u00e9changer des informations et des exp\u00e9riences afin de renforcer la coop\u00e9ration pour lutter contre ce type de de p\u00eache ill\u00e9gale qui constitue une menace pour les richesses et l\u2019environnement marin.<\/p>\n<p>Il a soulign\u00e9 que la r\u00e9gion de l\u2019Afrique de l\u2019Ouest est consid\u00e9r\u00e9e comme un refuge pour de nombreux navires qui se livrent \u00e0 ce type d\u2019activit\u00e9s interdites conform\u00e9ment aux lois internationales et aux r\u00e8glements des organisations r\u00e9gionales telles que le Comit\u00e9 sous-r\u00e9gional de la p\u00eache, la Conf\u00e9rence des ministres de la P\u00eache des pays africains riverains de l\u2019oc\u00e9an Atlantique, ajoutant que la Mauritanie et le Liberia cherchent \u00e0 \u00e9changer des informations et \u00e0 en savoir plus sur le registre des navires de p\u00eache ill\u00e9gale.<\/p>\n<p>Quant \u00e0 la Directrice g\u00e9n\u00e9rale de l\u2019Autorit\u00e9 de la P\u00eache et de la pisciculture de la R\u00e9publique du Liberia, Mme Emma Metieh GLASSCO, elle a remerci\u00e9 le ministre et le secr\u00e9taire g\u00e9n\u00e9ral pour l\u2019accueil chaleureux et l\u2019hospitalit\u00e9, et a \u00e9galement remerci\u00e9 le secr\u00e9taire ex\u00e9cutif de la Conf\u00e9rence des ministres de la p\u00eache des pays africains riverains de l\u2019Atlantique, et a ajout\u00e9 que ce m\u00e9morandum permettra aux deux pays d\u2019\u00e9changer des informations sur les navires qui pratiquent la p\u00eache non autoris\u00e9e, non r\u00e9glement\u00e9e et non d\u00e9clar\u00e9e.<\/p>\n<p>La c\u00e9r\u00e9monie de signature s\u2019est d\u00e9roul\u00e9e en pr\u00e9sence du secr\u00e9taire g\u00e9n\u00e9ral du minist\u00e8re, M. Mohamed El-Moustafa, dit Idoumou Ould Abdy Ould Jiyed, de plusieurs responsables centraux du d\u00e9partement de la p\u00eache et du charg\u00e9 d\u2019affaires de l\u2019ambassade du Liberia en Mauritanie.<\/p>\n","protected":false},"excerpt":{"rendered":"<p>AMI &#8211; Le ministre de la p\u00eache et de l\u2019Economie maritime, M. Mohamed Ould Abidine Ould Mayif, et la directrice g\u00e9n\u00e9rale de l\u2019Autorit\u00e9 de la p\u00eache et de la pisciculture de la R\u00e9publique du Liberia, actuellement en visite de travail dans notre pays, ont sign\u00e9 un protocole d\u2019accord pour lutter contre la p\u00eache non autoris\u00e9e,&#8230;..<\/p>\n","protected":false},"author":5,"featured_media":5944,"comment_status":"open","ping_status":"open","sticky":false,"template":"","format":"standard","meta":{"footnotes":""},"categories":[23,49],"tags":[],"class_list":["post-5943","post","type-post","status-publish","format-standard","has-post-thumbnail","hentry","category-actualite","category-economie"],"yoast_head":"<!-- This site is optimized with the Yoast SEO plugin v27.5 - https:\/\/yoast.com\/product\/yoast-seo-wordpress\/ -->\n<title>La Mauritanie et le Liberia signent un protocole d\u2019accord relatif \u00e0 la p\u00eache ill\u00e9gale - Le Quotidien de Nouakchott<\/title>\n<meta name=\"robots\" content=\"index, follow, max-snippet:-1, max-image-preview:large, max-video-preview:-1\" \/>\n<link rel=\"canonical\" href=\"https:\/\/lequotidien.mr\/?p=5943&lang=fr\" \/>\n<meta property=\"og:locale\" content=\"ar_AR\" \/>\n<meta property=\"og:type\" content=\"article\" \/>\n<meta property=\"og:title\" content=\"La Mauritanie et le Liberia signent un protocole d\u2019accord relatif \u00e0 la p\u00eache ill\u00e9gale - Le Quotidien de Nouakchott\" \/>\n<meta property=\"og:description\" content=\"AMI &#8211; Le ministre de la p\u00eache et de l\u2019Economie maritime, M. Mohamed Ould Abidine Ould Mayif, et la directrice g\u00e9n\u00e9rale de l\u2019Autorit\u00e9 de la p\u00eache et de la pisciculture de la R\u00e9publique du Liberia, actuellement en visite de travail dans notre pays, ont sign\u00e9 un protocole d\u2019accord pour lutter contre la p\u00eache non autoris\u00e9e,.....\" \/>\n<meta property=\"og:url\" content=\"https:\/\/lequotidien.mr\/?p=5943&amp;lang=fr\" \/>\n<meta property=\"og:site_name\" content=\"Le Quotidien de Nouakchott\" \/>\n<meta property=\"article:publisher\" content=\"https:\/\/web.facebook.com\/lequotidienmr\" \/>\n<meta property=\"article:published_time\" content=\"2023-03-09T20:16:55+00:00\" \/>\n<meta property=\"og:image\" content=\"https:\/\/lequotidien.mr\/wp-content\/uploads\/2023\/03\/peche_liberia_59874_750x430.jpg\" \/>\n\t<meta property=\"og:image:width\" content=\"643\" \/>\n\t<meta property=\"og:image:height\" content=\"430\" \/>\n\t<meta property=\"og:image:type\" content=\"image\/jpeg\" \/>\n<meta name=\"author\" content=\"Gayi Diawara\" \/>\n<meta name=\"twitter:card\" content=\"summary_large_image\" \/>\n<meta name=\"twitter:creator\" content=\"@lequotidienmr\" \/>\n<meta name=\"twitter:site\" content=\"@lequotidienmr\" \/>\n<meta name=\"twitter:label1\" content=\"\u0643\u064f\u062a\u0628 \u0628\u0648\u0627\u0633\u0637\u0629\" \/>\n\t<meta name=\"twitter:data1\" content=\"Gayi Diawara\" \/>\n\t<meta name=\"twitter:label2\" content=\"\u0648\u0642\u062a \u0627\u0644\u0642\u0631\u0627\u0621\u0629 \u0627\u0644\u0645\u064f\u0642\u062f\u0651\u0631\" \/>\n\t<meta name=\"twitter:data2\" content=\"\u062f\u0642\u064a\u0642\u062a\u0627\u0646\" \/>\n<script type=\"application\/ld+json\" class=\"yoast-schema-graph\">{\"@context\":\"https:\\\/\\\/schema.org\",\"@graph\":[{\"@type\":\"Article\",\"@id\":\"https:\\\/\\\/lequotidien.mr\\\/?p=5943&lang=fr#article\",\"isPartOf\":{\"@id\":\"https:\\\/\\\/lequotidien.mr\\\/?p=5943&lang=fr\"},\"author\":{\"name\":\"Gayi Diawara\",\"@id\":\"https:\\\/\\\/lequotidien.mr\\\/#\\\/schema\\\/person\\\/1077c8abd5640a6514b909318d271dee\"},\"headline\":\"La Mauritanie et le Liberia signent un protocole d\u2019accord relatif \u00e0 la p\u00eache ill\u00e9gale\",\"datePublished\":\"2023-03-09T20:16:55+00:00\",\"mainEntityOfPage\":{\"@id\":\"https:\\\/\\\/lequotidien.mr\\\/?p=5943&lang=fr\"},\"wordCount\":402,\"commentCount\":0,\"publisher\":{\"@id\":\"https:\\\/\\\/lequotidien.mr\\\/#organization\"},\"image\":{\"@id\":\"https:\\\/\\\/lequotidien.mr\\\/?p=5943&lang=fr#primaryimage\"},\"thumbnailUrl\":\"https:\\\/\\\/lequotidien.mr\\\/wp-content\\\/uploads\\\/2023\\\/03\\\/peche_liberia_59874_750x430.jpg\",\"articleSection\":[\"ACTUALIT\u00c9\",\"Economie\"],\"inLanguage\":\"ar\",\"potentialAction\":[{\"@type\":\"CommentAction\",\"name\":\"Comment\",\"target\":[\"https:\\\/\\\/lequotidien.mr\\\/?p=5943&lang=fr#respond\"]}]},{\"@type\":\"WebPage\",\"@id\":\"https:\\\/\\\/lequotidien.mr\\\/?p=5943&lang=fr\",\"url\":\"https:\\\/\\\/lequotidien.mr\\\/?p=5943&lang=fr\",\"name\":\"La Mauritanie et le Liberia signent un protocole d\u2019accord relatif \u00e0 la p\u00eache ill\u00e9gale - Le Quotidien de Nouakchott\",\"isPartOf\":{\"@id\":\"https:\\\/\\\/lequotidien.mr\\\/#website\"},\"primaryImageOfPage\":{\"@id\":\"https:\\\/\\\/lequotidien.mr\\\/?p=5943&lang=fr#primaryimage\"},\"image\":{\"@id\":\"https:\\\/\\\/lequotidien.mr\\\/?p=5943&lang=fr#primaryimage\"},\"thumbnailUrl\":\"https:\\\/\\\/lequotidien.mr\\\/wp-content\\\/uploads\\\/2023\\\/03\\\/peche_liberia_59874_750x430.jpg\",\"datePublished\":\"2023-03-09T20:16:55+00:00\",\"breadcrumb\":{\"@id\":\"https:\\\/\\\/lequotidien.mr\\\/?p=5943&lang=fr#breadcrumb\"},\"inLanguage\":\"ar\",\"potentialAction\":[{\"@type\":\"ReadAction\",\"target\":[\"https:\\\/\\\/lequotidien.mr\\\/?p=5943&lang=fr\"]}]},{\"@type\":\"ImageObject\",\"inLanguage\":\"ar\",\"@id\":\"https:\\\/\\\/lequotidien.mr\\\/?p=5943&lang=fr#primaryimage\",\"url\":\"https:\\\/\\\/lequotidien.mr\\\/wp-content\\\/uploads\\\/2023\\\/03\\\/peche_liberia_59874_750x430.jpg\",\"contentUrl\":\"https:\\\/\\\/lequotidien.mr\\\/wp-content\\\/uploads\\\/2023\\\/03\\\/peche_liberia_59874_750x430.jpg\",\"width\":643,\"height\":430},{\"@type\":\"BreadcrumbList\",\"@id\":\"https:\\\/\\\/lequotidien.mr\\\/?p=5943&lang=fr#breadcrumb\",\"itemListElement\":[{\"@type\":\"ListItem\",\"position\":1,\"name\":\"Home\",\"item\":\"https:\\\/\\\/lequotidien.mr\\\/\"},{\"@type\":\"ListItem\",\"position\":2,\"name\":\"La Mauritanie et le Liberia signent un protocole d\u2019accord relatif \u00e0 la p\u00eache ill\u00e9gale\"}]},{\"@type\":\"WebSite\",\"@id\":\"https:\\\/\\\/lequotidien.mr\\\/#website\",\"url\":\"https:\\\/\\\/lequotidien.mr\\\/\",\"name\":\"Le Quotidien de Nouakchott\",\"description\":\"\u0625\u062e\u0628\u0627\u0631\u064a\u0629 \u0645\u0633\u062a\u0642\u0644\u0629 \u0644\u0644\u0623\u0646\u0628\u0627\u0621 \u0627\u0644\u0639\u0627\u0645\u0629\",\"publisher\":{\"@id\":\"https:\\\/\\\/lequotidien.mr\\\/#organization\"},\"potentialAction\":[{\"@type\":\"SearchAction\",\"target\":{\"@type\":\"EntryPoint\",\"urlTemplate\":\"https:\\\/\\\/lequotidien.mr\\\/?s={search_term_string}\"},\"query-input\":{\"@type\":\"PropertyValueSpecification\",\"valueRequired\":true,\"valueName\":\"search_term_string\"}}],\"inLanguage\":\"ar\"},{\"@type\":\"Organization\",\"@id\":\"https:\\\/\\\/lequotidien.mr\\\/#organization\",\"name\":\"Le Quotidien de Nouakchott\",\"url\":\"https:\\\/\\\/lequotidien.mr\\\/\",\"logo\":{\"@type\":\"ImageObject\",\"inLanguage\":\"ar\",\"@id\":\"https:\\\/\\\/lequotidien.mr\\\/#\\\/schema\\\/logo\\\/image\\\/\",\"url\":\"https:\\\/\\\/lequotidien.mr\\\/wp-content\\\/uploads\\\/2022\\\/11\\\/logolequotidien.jpg\",\"contentUrl\":\"https:\\\/\\\/lequotidien.mr\\\/wp-content\\\/uploads\\\/2022\\\/11\\\/logolequotidien.jpg\",\"width\":290,\"height\":65,\"caption\":\"Le Quotidien de Nouakchott\"},\"image\":{\"@id\":\"https:\\\/\\\/lequotidien.mr\\\/#\\\/schema\\\/logo\\\/image\\\/\"},\"sameAs\":[\"https:\\\/\\\/web.facebook.com\\\/lequotidienmr\",\"https:\\\/\\\/x.com\\\/lequotidienmr\"]},{\"@type\":\"Person\",\"@id\":\"https:\\\/\\\/lequotidien.mr\\\/#\\\/schema\\\/person\\\/1077c8abd5640a6514b909318d271dee\",\"name\":\"Gayi Diawara\",\"image\":{\"@type\":\"ImageObject\",\"inLanguage\":\"ar\",\"@id\":\"https:\\\/\\\/secure.gravatar.com\\\/avatar\\\/63ea8db1e19a6d2d608b24c0f78b5f3a7d6e0bc11959fec273410af333e4d0ac?s=96&d=mm&r=g\",\"url\":\"https:\\\/\\\/secure.gravatar.com\\\/avatar\\\/63ea8db1e19a6d2d608b24c0f78b5f3a7d6e0bc11959fec273410af333e4d0ac?s=96&d=mm&r=g\",\"contentUrl\":\"https:\\\/\\\/secure.gravatar.com\\\/avatar\\\/63ea8db1e19a6d2d608b24c0f78b5f3a7d6e0bc11959fec273410af333e4d0ac?s=96&d=mm&r=g\",\"caption\":\"Gayi Diawara\"},\"sameAs\":[\"http:\\\/\\\/lequotidien.mr\"],\"url\":\"https:\\\/\\\/lequotidien.mr\\\/?author=5\"}]}<\/script>\n<!-- \/ Yoast SEO plugin. -->","yoast_head_json":{"title":"La Mauritanie et le Liberia signent un protocole d\u2019accord relatif \u00e0 la p\u00eache ill\u00e9gale - Le Quotidien de Nouakchott","robots":{"index":"index","follow":"follow","max-snippet":"max-snippet:-1","max-image-preview":"max-image-preview:large","max-video-preview":"max-video-preview:-1"},"canonical":"https:\/\/lequotidien.mr\/?p=5943&lang=fr","og_locale":"ar_AR","og_type":"article","og_title":"La Mauritanie et le Liberia signent un protocole d\u2019accord relatif \u00e0 la p\u00eache ill\u00e9gale - Le Quotidien de Nouakchott","og_description":"AMI &#8211; Le ministre de la p\u00eache et de l\u2019Economie maritime, M. Mohamed Ould Abidine Ould Mayif, et la directrice g\u00e9n\u00e9rale de l\u2019Autorit\u00e9 de la p\u00eache et de la pisciculture de la R\u00e9publique du Liberia, actuellement en visite de travail dans notre pays, ont sign\u00e9 un protocole d\u2019accord pour lutter contre la p\u00eache non autoris\u00e9e,.....","og_url":"https:\/\/lequotidien.mr\/?p=5943&lang=fr","og_site_name":"Le Quotidien de Nouakchott","article_publisher":"https:\/\/web.facebook.com\/lequotidienmr","article_published_time":"2023-03-09T20:16:55+00:00","og_image":[{"width":643,"height":430,"url":"https:\/\/lequotidien.mr\/wp-content\/uploads\/2023\/03\/peche_liberia_59874_750x430.jpg","type":"image\/jpeg"}],"author":"Gayi Diawara","twitter_card":"summary_large_image","twitter_creator":"@lequotidienmr","twitter_site":"@lequotidienmr","twitter_misc":{"\u0643\u064f\u062a\u0628 \u0628\u0648\u0627\u0633\u0637\u0629":"Gayi Diawara","\u0648\u0642\u062a \u0627\u0644\u0642\u0631\u0627\u0621\u0629 \u0627\u0644\u0645\u064f\u0642\u062f\u0651\u0631":"\u062f\u0642\u064a\u0642\u062a\u0627\u0646"},"schema":{"@context":"https:\/\/schema.org","@graph":[{"@type":"Article","@id":"https:\/\/lequotidien.mr\/?p=5943&lang=fr#article","isPartOf":{"@id":"https:\/\/lequotidien.mr\/?p=5943&lang=fr"},"author":{"name":"Gayi Diawara","@id":"https:\/\/lequotidien.mr\/#\/schema\/person\/1077c8abd5640a6514b909318d271dee"},"headline":"La Mauritanie et le Liberia signent un protocole d\u2019accord relatif \u00e0 la p\u00eache ill\u00e9gale","datePublished":"2023-03-09T20:16:55+00:00","mainEntityOfPage":{"@id":"https:\/\/lequotidien.mr\/?p=5943&lang=fr"},"wordCount":402,"commentCount":0,"publisher":{"@id":"https:\/\/lequotidien.mr\/#organization"},"image":{"@id":"https:\/\/lequotidien.mr\/?p=5943&lang=fr#primaryimage"},"thumbnailUrl":"https:\/\/lequotidien.mr\/wp-content\/uploads\/2023\/03\/peche_liberia_59874_750x430.jpg","articleSection":["ACTUALIT\u00c9","Economie"],"inLanguage":"ar","potentialAction":[{"@type":"CommentAction","name":"Comment","target":["https:\/\/lequotidien.mr\/?p=5943&lang=fr#respond"]}]},{"@type":"WebPage","@id":"https:\/\/lequotidien.mr\/?p=5943&lang=fr","url":"https:\/\/lequotidien.mr\/?p=5943&lang=fr","name":"La Mauritanie et le Liberia signent un protocole d\u2019accord relatif \u00e0 la p\u00eache ill\u00e9gale - Le Quotidien de Nouakchott","isPartOf":{"@id":"https:\/\/lequotidien.mr\/#website"},"primaryImageOfPage":{"@id":"https:\/\/lequotidien.mr\/?p=5943&lang=fr#primaryimage"},"image":{"@id":"https:\/\/lequotidien.mr\/?p=5943&lang=fr#primaryimage"},"thumbnailUrl":"https:\/\/lequotidien.mr\/wp-content\/uploads\/2023\/03\/peche_liberia_59874_750x430.jpg","datePublished":"2023-03-09T20:16:55+00:00","breadcrumb":{"@id":"https:\/\/lequotidien.mr\/?p=5943&lang=fr#breadcrumb"},"inLanguage":"ar","potentialAction":[{"@type":"ReadAction","target":["https:\/\/lequotidien.mr\/?p=5943&lang=fr"]}]},{"@type":"ImageObject","inLanguage":"ar","@id":"https:\/\/lequotidien.mr\/?p=5943&lang=fr#primaryimage","url":"https:\/\/lequotidien.mr\/wp-content\/uploads\/2023\/03\/peche_liberia_59874_750x430.jpg","contentUrl":"https:\/\/lequotidien.mr\/wp-content\/uploads\/2023\/03\/peche_liberia_59874_750x430.jpg","width":643,"height":430},{"@type":"BreadcrumbList","@id":"https:\/\/lequotidien.mr\/?p=5943&lang=fr#breadcrumb","itemListElement":[{"@type":"ListItem","position":1,"name":"Home","item":"https:\/\/lequotidien.mr\/"},{"@type":"ListItem","position":2,"name":"La Mauritanie et le Liberia signent un protocole d\u2019accord relatif \u00e0 la p\u00eache ill\u00e9gale"}]},{"@type":"WebSite","@id":"https:\/\/lequotidien.mr\/#website","url":"https:\/\/lequotidien.mr\/","name":"Le Quotidien de Nouakchott","description":"\u0625\u062e\u0628\u0627\u0631\u064a\u0629 \u0645\u0633\u062a\u0642\u0644\u0629 \u0644\u0644\u0623\u0646\u0628\u0627\u0621 \u0627\u0644\u0639\u0627\u0645\u0629","publisher":{"@id":"https:\/\/lequotidien.mr\/#organization"},"potentialAction":[{"@type":"SearchAction","target":{"@type":"EntryPoint","urlTemplate":"https:\/\/lequotidien.mr\/?s={search_term_string}"},"query-input":{"@type":"PropertyValueSpecification","valueRequired":true,"valueName":"search_term_string"}}],"inLanguage":"ar"},{"@type":"Organization","@id":"https:\/\/lequotidien.mr\/#organization","name":"Le Quotidien de Nouakchott","url":"https:\/\/lequotidien.mr\/","logo":{"@type":"ImageObject","inLanguage":"ar","@id":"https:\/\/lequotidien.mr\/#\/schema\/logo\/image\/","url":"https:\/\/lequotidien.mr\/wp-content\/uploads\/2022\/11\/logolequotidien.jpg","contentUrl":"https:\/\/lequotidien.mr\/wp-content\/uploads\/2022\/11\/logolequotidien.jpg","width":290,"height":65,"caption":"Le Quotidien de Nouakchott"},"image":{"@id":"https:\/\/lequotidien.mr\/#\/schema\/logo\/image\/"},"sameAs":["https:\/\/web.facebook.com\/lequotidienmr","https:\/\/x.com\/lequotidienmr"]},{"@type":"Person","@id":"https:\/\/lequotidien.mr\/#\/schema\/person\/1077c8abd5640a6514b909318d271dee","name":"Gayi Diawara","image":{"@type":"ImageObject","inLanguage":"ar","@id":"https:\/\/secure.gravatar.com\/avatar\/63ea8db1e19a6d2d608b24c0f78b5f3a7d6e0bc11959fec273410af333e4d0ac?s=96&d=mm&r=g","url":"https:\/\/secure.gravatar.com\/avatar\/63ea8db1e19a6d2d608b24c0f78b5f3a7d6e0bc11959fec273410af333e4d0ac?s=96&d=mm&r=g","contentUrl":"https:\/\/secure.gravatar.com\/avatar\/63ea8db1e19a6d2d608b24c0f78b5f3a7d6e0bc11959fec273410af333e4d0ac?s=96&d=mm&r=g","caption":"Gayi Diawara"},"sameAs":["http:\/\/lequotidien.mr"],"url":"https:\/\/lequotidien.mr\/?author=5"}]}},"_links":{"self":[{"href":"https:\/\/lequotidien.mr\/index.php?rest_route=\/wp\/v2\/posts\/5943","targetHints":{"allow":["GET"]}}],"collection":[{"href":"https:\/\/lequotidien.mr\/index.php?rest_route=\/wp\/v2\/posts"}],"about":[{"href":"https:\/\/lequotidien.mr\/index.php?rest_route=\/wp\/v2\/types\/post"}],"author":[{"embeddable":true,"href":"https:\/\/lequotidien.mr\/index.php?rest_route=\/wp\/v2\/users\/5"}],"replies":[{"embeddable":true,"href":"https:\/\/lequotidien.mr\/index.php?rest_route=%2Fwp%2Fv2%2Fcomments&post=5943"}],"version-history":[{"count":1,"href":"https:\/\/lequotidien.mr\/index.php?rest_route=\/wp\/v2\/posts\/5943\/revisions"}],"predecessor-version":[{"id":5945,"href":"https:\/\/lequotidien.mr\/index.php?rest_route=\/wp\/v2\/posts\/5943\/revisions\/5945"}],"wp:featuredmedia":[{"embeddable":true,"href":"https:\/\/lequotidien.mr\/index.php?rest_route=\/wp\/v2\/media\/5944"}],"wp:attachment":[{"href":"https:\/\/lequotidien.mr\/index.php?rest_route=%2Fwp%2Fv2%2Fmedia&parent=5943"}],"wp:term":[{"taxonomy":"category","embeddable":true,"href":"https:\/\/lequotidien.mr\/index.php?rest_route=%2Fwp%2Fv2%2Fcategories&post=5943"},{"taxonomy":"post_tag","embeddable":true,"href":"https:\/\/lequotidien.mr\/index.php?rest_route=%2Fwp%2Fv2%2Ftags&post=5943"}],"curies":[{"name":"wp","href":"https:\/\/api.w.org\/{rel}","templated":true}]}}