{"id":5904,"date":"2023-03-08T22:52:43","date_gmt":"2023-03-08T22:52:43","guid":{"rendered":"https:\/\/lequotidien.mr\/?p=5904"},"modified":"2023-03-08T22:52:43","modified_gmt":"2023-03-08T22:52:43","slug":"leditorial-du-calame-supplice-de-la-garrotte-retabli-en-mauritanie","status":"publish","type":"post","link":"https:\/\/lequotidien.mr\/?p=5904&lang=fr","title":{"rendered":"L&#8217;Editorial du Calame : Supplice de la garrotte r\u00e9tabli en Mauritanie ?"},"content":{"rendered":"<p>Le Calame &#8211; \u00ab Am\u00e8ne-moi des menottes et une corde ! \u00bb Si tant est que le commissaire Isselmou ould Sidewa ait r\u00e9ellement donn\u00e9, aux alentours de 19h, cet ordre au brigadier Ahmed ould Mohammedou, chef de poste au commissariat de 2 le jeudi 9 F\u00e9vrier dernier, ainsi que le rapportait, en notre \u00e9dition N\u00b01331 du 22 F\u00e9vrier 2023, notre chroniqueur des faits divers, la question que posait celui-ci en conclusion de son article \u00e9tait lourde de sens : \u00e0 quoi servit la corde que le commissaire avait demand\u00e9e au brigadier ?<\/p>\n<p>Certainement pas \u00e0 attacher Souvi : la requ\u00eate de menottes exclut cette hypoth\u00e8se. Le rapport d\u2019autopsie en sugg\u00e8re une autre beaucoup plus convaincante : les constats de marques s\u00e9v\u00e8res de strangulation et de deux vert\u00e8bres cervicales cass\u00e9es, l\u2019un et l\u2019autre explicatifs du d\u00e9c\u00e8s \u2013 sans qu\u2019il soit possible de d\u00e9terminer lequel des deux fut d\u00e9cisif \u2013 alimente en effet l\u2019hypoth\u00e8se du supplice de la garrotte (1).<\/p>\n<p>Et ex\u00e9cut\u00e9 de mani\u00e8re si violente qu\u2019il a combin\u00e9 les deux effets signal\u00e9s dans le rapport susdit d\u2019autopsie.<\/p>\n<p>La question de savoir si Souvi est mort d\u2019asphyxie ou de fractures de cervicales est sans importance. Le fait est qu\u2019il y a eu strangulation et que celle-ci a provoqu\u00e9 le d\u00e9c\u00e8s. Une seule personne \u2013 aid\u00e9e d\u2019un b\u00e2ton (2) \u2013 ou deux tirant de part et d\u2019autre sur la corde enroul\u00e9e autour du cou du supplici\u00e9 en sont les auteurs.<\/p>\n<p>Et le commissaire en est \u00e0 tout le moins le commanditaire, sinon le complice, comme en t\u00e9moigne sa requ\u00eate d\u2019une corde\u2026 si tant est que le brigadier Ahmed ould Mohammedou la confirme lors du proc\u00e8s.<\/p>\n<p><strong>Ahmed Ould Cheikh<\/strong><\/p>\n<p>NOTES<\/p>\n<p>(1) : Le lacet \u00e9trangleur, aussi appel\u00e9 garrot, ou garrotte, est une arme utilis\u00e9e depuis l&#8217;Antiquit\u00e9 pour tuer par strangulation un adversaire, et jusqu&#8217;en 1974 en Espagne pour ex\u00e9cuter un condamn\u00e9 \u00e0 mort.<\/p>\n<p>(2) : Une fois la corde referm\u00e9e en boucle autour du cou du supplici\u00e9 on y introduit un b\u00e2ton qu\u2019on fait tourniquer pour resserrer lentement celle-ci jusqu\u2019\u00e0 ce que mort s\u2019en suive.<\/p>\n","protected":false},"excerpt":{"rendered":"<p>Le Calame &#8211; \u00ab Am\u00e8ne-moi des menottes et une corde ! \u00bb Si tant est que le commissaire Isselmou ould Sidewa ait r\u00e9ellement donn\u00e9, aux alentours de 19h, cet ordre au brigadier Ahmed ould Mohammedou, chef de poste au commissariat de 2 le jeudi 9 F\u00e9vrier dernier, ainsi que le rapportait, en notre \u00e9dition N\u00b01331&#8230;..<\/p>\n","protected":false},"author":5,"featured_media":5905,"comment_status":"open","ping_status":"open","sticky":false,"template":"","format":"standard","meta":{"footnotes":""},"categories":[23,59],"tags":[],"class_list":["post-5904","post","type-post","status-publish","format-standard","has-post-thumbnail","hentry","category-actualite","category-opinion"],"yoast_head":"<!-- This site is optimized with the Yoast SEO plugin v27.5 - https:\/\/yoast.com\/product\/yoast-seo-wordpress\/ -->\n<title>L&#039;Editorial du Calame : Supplice de la garrotte r\u00e9tabli en Mauritanie ? - Le Quotidien de Nouakchott<\/title>\n<meta name=\"robots\" content=\"index, follow, max-snippet:-1, max-image-preview:large, max-video-preview:-1\" \/>\n<link rel=\"canonical\" href=\"https:\/\/lequotidien.mr\/?p=5904&lang=fr\" \/>\n<meta property=\"og:locale\" content=\"ar_AR\" \/>\n<meta property=\"og:type\" content=\"article\" \/>\n<meta property=\"og:title\" content=\"L&#039;Editorial du Calame : Supplice de la garrotte r\u00e9tabli en Mauritanie ? - Le Quotidien de Nouakchott\" \/>\n<meta property=\"og:description\" content=\"Le Calame &#8211; \u00ab Am\u00e8ne-moi des menottes et une corde ! \u00bb Si tant est que le commissaire Isselmou ould Sidewa ait r\u00e9ellement donn\u00e9, aux alentours de 19h, cet ordre au brigadier Ahmed ould Mohammedou, chef de poste au commissariat de 2 le jeudi 9 F\u00e9vrier dernier, ainsi que le rapportait, en notre \u00e9dition N\u00b01331.....\" \/>\n<meta property=\"og:url\" content=\"https:\/\/lequotidien.mr\/?p=5904&amp;lang=fr\" \/>\n<meta property=\"og:site_name\" content=\"Le Quotidien de Nouakchott\" \/>\n<meta property=\"article:publisher\" content=\"https:\/\/web.facebook.com\/lequotidienmr\" \/>\n<meta property=\"article:published_time\" content=\"2023-03-08T22:52:43+00:00\" \/>\n<meta property=\"og:image\" content=\"https:\/\/lequotidien.mr\/wp-content\/uploads\/2023\/03\/ahmed_ould_cheikh_08_n.jpg\" \/>\n\t<meta property=\"og:image:width\" content=\"752\" \/>\n\t<meta property=\"og:image:height\" content=\"585\" \/>\n\t<meta property=\"og:image:type\" content=\"image\/jpeg\" \/>\n<meta name=\"author\" content=\"Gayi Diawara\" \/>\n<meta name=\"twitter:card\" content=\"summary_large_image\" \/>\n<meta name=\"twitter:creator\" content=\"@lequotidienmr\" \/>\n<meta name=\"twitter:site\" content=\"@lequotidienmr\" \/>\n<meta name=\"twitter:label1\" content=\"\u0643\u064f\u062a\u0628 \u0628\u0648\u0627\u0633\u0637\u0629\" \/>\n\t<meta name=\"twitter:data1\" content=\"Gayi Diawara\" \/>\n\t<meta name=\"twitter:label2\" content=\"\u0648\u0642\u062a \u0627\u0644\u0642\u0631\u0627\u0621\u0629 \u0627\u0644\u0645\u064f\u0642\u062f\u0651\u0631\" \/>\n\t<meta name=\"twitter:data2\" content=\"\u062f\u0642\u064a\u0642\u062a\u0627\u0646\" \/>\n<script type=\"application\/ld+json\" class=\"yoast-schema-graph\">{\"@context\":\"https:\\\/\\\/schema.org\",\"@graph\":[{\"@type\":\"Article\",\"@id\":\"https:\\\/\\\/lequotidien.mr\\\/?p=5904&lang=fr#article\",\"isPartOf\":{\"@id\":\"https:\\\/\\\/lequotidien.mr\\\/?p=5904&lang=fr\"},\"author\":{\"name\":\"Gayi Diawara\",\"@id\":\"https:\\\/\\\/lequotidien.mr\\\/#\\\/schema\\\/person\\\/1077c8abd5640a6514b909318d271dee\"},\"headline\":\"L&#8217;Editorial du Calame : Supplice de la garrotte r\u00e9tabli en Mauritanie ?\",\"datePublished\":\"2023-03-08T22:52:43+00:00\",\"mainEntityOfPage\":{\"@id\":\"https:\\\/\\\/lequotidien.mr\\\/?p=5904&lang=fr\"},\"wordCount\":375,\"commentCount\":0,\"publisher\":{\"@id\":\"https:\\\/\\\/lequotidien.mr\\\/#organization\"},\"image\":{\"@id\":\"https:\\\/\\\/lequotidien.mr\\\/?p=5904&lang=fr#primaryimage\"},\"thumbnailUrl\":\"https:\\\/\\\/lequotidien.mr\\\/wp-content\\\/uploads\\\/2023\\\/03\\\/ahmed_ould_cheikh_08_n.jpg\",\"articleSection\":[\"ACTUALIT\u00c9\",\"Opinion\"],\"inLanguage\":\"ar\",\"potentialAction\":[{\"@type\":\"CommentAction\",\"name\":\"Comment\",\"target\":[\"https:\\\/\\\/lequotidien.mr\\\/?p=5904&lang=fr#respond\"]}]},{\"@type\":\"WebPage\",\"@id\":\"https:\\\/\\\/lequotidien.mr\\\/?p=5904&lang=fr\",\"url\":\"https:\\\/\\\/lequotidien.mr\\\/?p=5904&lang=fr\",\"name\":\"L'Editorial du Calame : Supplice de la garrotte r\u00e9tabli en Mauritanie ? - Le Quotidien de Nouakchott\",\"isPartOf\":{\"@id\":\"https:\\\/\\\/lequotidien.mr\\\/#website\"},\"primaryImageOfPage\":{\"@id\":\"https:\\\/\\\/lequotidien.mr\\\/?p=5904&lang=fr#primaryimage\"},\"image\":{\"@id\":\"https:\\\/\\\/lequotidien.mr\\\/?p=5904&lang=fr#primaryimage\"},\"thumbnailUrl\":\"https:\\\/\\\/lequotidien.mr\\\/wp-content\\\/uploads\\\/2023\\\/03\\\/ahmed_ould_cheikh_08_n.jpg\",\"datePublished\":\"2023-03-08T22:52:43+00:00\",\"breadcrumb\":{\"@id\":\"https:\\\/\\\/lequotidien.mr\\\/?p=5904&lang=fr#breadcrumb\"},\"inLanguage\":\"ar\",\"potentialAction\":[{\"@type\":\"ReadAction\",\"target\":[\"https:\\\/\\\/lequotidien.mr\\\/?p=5904&lang=fr\"]}]},{\"@type\":\"ImageObject\",\"inLanguage\":\"ar\",\"@id\":\"https:\\\/\\\/lequotidien.mr\\\/?p=5904&lang=fr#primaryimage\",\"url\":\"https:\\\/\\\/lequotidien.mr\\\/wp-content\\\/uploads\\\/2023\\\/03\\\/ahmed_ould_cheikh_08_n.jpg\",\"contentUrl\":\"https:\\\/\\\/lequotidien.mr\\\/wp-content\\\/uploads\\\/2023\\\/03\\\/ahmed_ould_cheikh_08_n.jpg\",\"width\":752,\"height\":585},{\"@type\":\"BreadcrumbList\",\"@id\":\"https:\\\/\\\/lequotidien.mr\\\/?p=5904&lang=fr#breadcrumb\",\"itemListElement\":[{\"@type\":\"ListItem\",\"position\":1,\"name\":\"Home\",\"item\":\"https:\\\/\\\/lequotidien.mr\\\/\"},{\"@type\":\"ListItem\",\"position\":2,\"name\":\"L&#8217;Editorial du Calame : Supplice de la garrotte r\u00e9tabli en Mauritanie ?\"}]},{\"@type\":\"WebSite\",\"@id\":\"https:\\\/\\\/lequotidien.mr\\\/#website\",\"url\":\"https:\\\/\\\/lequotidien.mr\\\/\",\"name\":\"Le Quotidien de Nouakchott\",\"description\":\"\u0625\u062e\u0628\u0627\u0631\u064a\u0629 \u0645\u0633\u062a\u0642\u0644\u0629 \u0644\u0644\u0623\u0646\u0628\u0627\u0621 \u0627\u0644\u0639\u0627\u0645\u0629\",\"publisher\":{\"@id\":\"https:\\\/\\\/lequotidien.mr\\\/#organization\"},\"potentialAction\":[{\"@type\":\"SearchAction\",\"target\":{\"@type\":\"EntryPoint\",\"urlTemplate\":\"https:\\\/\\\/lequotidien.mr\\\/?s={search_term_string}\"},\"query-input\":{\"@type\":\"PropertyValueSpecification\",\"valueRequired\":true,\"valueName\":\"search_term_string\"}}],\"inLanguage\":\"ar\"},{\"@type\":\"Organization\",\"@id\":\"https:\\\/\\\/lequotidien.mr\\\/#organization\",\"name\":\"Le Quotidien de Nouakchott\",\"url\":\"https:\\\/\\\/lequotidien.mr\\\/\",\"logo\":{\"@type\":\"ImageObject\",\"inLanguage\":\"ar\",\"@id\":\"https:\\\/\\\/lequotidien.mr\\\/#\\\/schema\\\/logo\\\/image\\\/\",\"url\":\"https:\\\/\\\/lequotidien.mr\\\/wp-content\\\/uploads\\\/2022\\\/11\\\/logolequotidien.jpg\",\"contentUrl\":\"https:\\\/\\\/lequotidien.mr\\\/wp-content\\\/uploads\\\/2022\\\/11\\\/logolequotidien.jpg\",\"width\":290,\"height\":65,\"caption\":\"Le Quotidien de Nouakchott\"},\"image\":{\"@id\":\"https:\\\/\\\/lequotidien.mr\\\/#\\\/schema\\\/logo\\\/image\\\/\"},\"sameAs\":[\"https:\\\/\\\/web.facebook.com\\\/lequotidienmr\",\"https:\\\/\\\/x.com\\\/lequotidienmr\"]},{\"@type\":\"Person\",\"@id\":\"https:\\\/\\\/lequotidien.mr\\\/#\\\/schema\\\/person\\\/1077c8abd5640a6514b909318d271dee\",\"name\":\"Gayi Diawara\",\"image\":{\"@type\":\"ImageObject\",\"inLanguage\":\"ar\",\"@id\":\"https:\\\/\\\/secure.gravatar.com\\\/avatar\\\/63ea8db1e19a6d2d608b24c0f78b5f3a7d6e0bc11959fec273410af333e4d0ac?s=96&d=mm&r=g\",\"url\":\"https:\\\/\\\/secure.gravatar.com\\\/avatar\\\/63ea8db1e19a6d2d608b24c0f78b5f3a7d6e0bc11959fec273410af333e4d0ac?s=96&d=mm&r=g\",\"contentUrl\":\"https:\\\/\\\/secure.gravatar.com\\\/avatar\\\/63ea8db1e19a6d2d608b24c0f78b5f3a7d6e0bc11959fec273410af333e4d0ac?s=96&d=mm&r=g\",\"caption\":\"Gayi Diawara\"},\"sameAs\":[\"http:\\\/\\\/lequotidien.mr\"],\"url\":\"https:\\\/\\\/lequotidien.mr\\\/?author=5\"}]}<\/script>\n<!-- \/ Yoast SEO plugin. -->","yoast_head_json":{"title":"L'Editorial du Calame : Supplice de la garrotte r\u00e9tabli en Mauritanie ? - Le Quotidien de Nouakchott","robots":{"index":"index","follow":"follow","max-snippet":"max-snippet:-1","max-image-preview":"max-image-preview:large","max-video-preview":"max-video-preview:-1"},"canonical":"https:\/\/lequotidien.mr\/?p=5904&lang=fr","og_locale":"ar_AR","og_type":"article","og_title":"L'Editorial du Calame : Supplice de la garrotte r\u00e9tabli en Mauritanie ? - Le Quotidien de Nouakchott","og_description":"Le Calame &#8211; \u00ab Am\u00e8ne-moi des menottes et une corde ! \u00bb Si tant est que le commissaire Isselmou ould Sidewa ait r\u00e9ellement donn\u00e9, aux alentours de 19h, cet ordre au brigadier Ahmed ould Mohammedou, chef de poste au commissariat de 2 le jeudi 9 F\u00e9vrier dernier, ainsi que le rapportait, en notre \u00e9dition N\u00b01331.....","og_url":"https:\/\/lequotidien.mr\/?p=5904&lang=fr","og_site_name":"Le Quotidien de Nouakchott","article_publisher":"https:\/\/web.facebook.com\/lequotidienmr","article_published_time":"2023-03-08T22:52:43+00:00","og_image":[{"width":752,"height":585,"url":"https:\/\/lequotidien.mr\/wp-content\/uploads\/2023\/03\/ahmed_ould_cheikh_08_n.jpg","type":"image\/jpeg"}],"author":"Gayi Diawara","twitter_card":"summary_large_image","twitter_creator":"@lequotidienmr","twitter_site":"@lequotidienmr","twitter_misc":{"\u0643\u064f\u062a\u0628 \u0628\u0648\u0627\u0633\u0637\u0629":"Gayi Diawara","\u0648\u0642\u062a \u0627\u0644\u0642\u0631\u0627\u0621\u0629 \u0627\u0644\u0645\u064f\u0642\u062f\u0651\u0631":"\u062f\u0642\u064a\u0642\u062a\u0627\u0646"},"schema":{"@context":"https:\/\/schema.org","@graph":[{"@type":"Article","@id":"https:\/\/lequotidien.mr\/?p=5904&lang=fr#article","isPartOf":{"@id":"https:\/\/lequotidien.mr\/?p=5904&lang=fr"},"author":{"name":"Gayi Diawara","@id":"https:\/\/lequotidien.mr\/#\/schema\/person\/1077c8abd5640a6514b909318d271dee"},"headline":"L&#8217;Editorial du Calame : Supplice de la garrotte r\u00e9tabli en Mauritanie ?","datePublished":"2023-03-08T22:52:43+00:00","mainEntityOfPage":{"@id":"https:\/\/lequotidien.mr\/?p=5904&lang=fr"},"wordCount":375,"commentCount":0,"publisher":{"@id":"https:\/\/lequotidien.mr\/#organization"},"image":{"@id":"https:\/\/lequotidien.mr\/?p=5904&lang=fr#primaryimage"},"thumbnailUrl":"https:\/\/lequotidien.mr\/wp-content\/uploads\/2023\/03\/ahmed_ould_cheikh_08_n.jpg","articleSection":["ACTUALIT\u00c9","Opinion"],"inLanguage":"ar","potentialAction":[{"@type":"CommentAction","name":"Comment","target":["https:\/\/lequotidien.mr\/?p=5904&lang=fr#respond"]}]},{"@type":"WebPage","@id":"https:\/\/lequotidien.mr\/?p=5904&lang=fr","url":"https:\/\/lequotidien.mr\/?p=5904&lang=fr","name":"L'Editorial du Calame : Supplice de la garrotte r\u00e9tabli en Mauritanie ? - Le Quotidien de Nouakchott","isPartOf":{"@id":"https:\/\/lequotidien.mr\/#website"},"primaryImageOfPage":{"@id":"https:\/\/lequotidien.mr\/?p=5904&lang=fr#primaryimage"},"image":{"@id":"https:\/\/lequotidien.mr\/?p=5904&lang=fr#primaryimage"},"thumbnailUrl":"https:\/\/lequotidien.mr\/wp-content\/uploads\/2023\/03\/ahmed_ould_cheikh_08_n.jpg","datePublished":"2023-03-08T22:52:43+00:00","breadcrumb":{"@id":"https:\/\/lequotidien.mr\/?p=5904&lang=fr#breadcrumb"},"inLanguage":"ar","potentialAction":[{"@type":"ReadAction","target":["https:\/\/lequotidien.mr\/?p=5904&lang=fr"]}]},{"@type":"ImageObject","inLanguage":"ar","@id":"https:\/\/lequotidien.mr\/?p=5904&lang=fr#primaryimage","url":"https:\/\/lequotidien.mr\/wp-content\/uploads\/2023\/03\/ahmed_ould_cheikh_08_n.jpg","contentUrl":"https:\/\/lequotidien.mr\/wp-content\/uploads\/2023\/03\/ahmed_ould_cheikh_08_n.jpg","width":752,"height":585},{"@type":"BreadcrumbList","@id":"https:\/\/lequotidien.mr\/?p=5904&lang=fr#breadcrumb","itemListElement":[{"@type":"ListItem","position":1,"name":"Home","item":"https:\/\/lequotidien.mr\/"},{"@type":"ListItem","position":2,"name":"L&#8217;Editorial du Calame : Supplice de la garrotte r\u00e9tabli en Mauritanie ?"}]},{"@type":"WebSite","@id":"https:\/\/lequotidien.mr\/#website","url":"https:\/\/lequotidien.mr\/","name":"Le Quotidien de Nouakchott","description":"\u0625\u062e\u0628\u0627\u0631\u064a\u0629 \u0645\u0633\u062a\u0642\u0644\u0629 \u0644\u0644\u0623\u0646\u0628\u0627\u0621 \u0627\u0644\u0639\u0627\u0645\u0629","publisher":{"@id":"https:\/\/lequotidien.mr\/#organization"},"potentialAction":[{"@type":"SearchAction","target":{"@type":"EntryPoint","urlTemplate":"https:\/\/lequotidien.mr\/?s={search_term_string}"},"query-input":{"@type":"PropertyValueSpecification","valueRequired":true,"valueName":"search_term_string"}}],"inLanguage":"ar"},{"@type":"Organization","@id":"https:\/\/lequotidien.mr\/#organization","name":"Le Quotidien de Nouakchott","url":"https:\/\/lequotidien.mr\/","logo":{"@type":"ImageObject","inLanguage":"ar","@id":"https:\/\/lequotidien.mr\/#\/schema\/logo\/image\/","url":"https:\/\/lequotidien.mr\/wp-content\/uploads\/2022\/11\/logolequotidien.jpg","contentUrl":"https:\/\/lequotidien.mr\/wp-content\/uploads\/2022\/11\/logolequotidien.jpg","width":290,"height":65,"caption":"Le Quotidien de Nouakchott"},"image":{"@id":"https:\/\/lequotidien.mr\/#\/schema\/logo\/image\/"},"sameAs":["https:\/\/web.facebook.com\/lequotidienmr","https:\/\/x.com\/lequotidienmr"]},{"@type":"Person","@id":"https:\/\/lequotidien.mr\/#\/schema\/person\/1077c8abd5640a6514b909318d271dee","name":"Gayi Diawara","image":{"@type":"ImageObject","inLanguage":"ar","@id":"https:\/\/secure.gravatar.com\/avatar\/63ea8db1e19a6d2d608b24c0f78b5f3a7d6e0bc11959fec273410af333e4d0ac?s=96&d=mm&r=g","url":"https:\/\/secure.gravatar.com\/avatar\/63ea8db1e19a6d2d608b24c0f78b5f3a7d6e0bc11959fec273410af333e4d0ac?s=96&d=mm&r=g","contentUrl":"https:\/\/secure.gravatar.com\/avatar\/63ea8db1e19a6d2d608b24c0f78b5f3a7d6e0bc11959fec273410af333e4d0ac?s=96&d=mm&r=g","caption":"Gayi Diawara"},"sameAs":["http:\/\/lequotidien.mr"],"url":"https:\/\/lequotidien.mr\/?author=5"}]}},"_links":{"self":[{"href":"https:\/\/lequotidien.mr\/index.php?rest_route=\/wp\/v2\/posts\/5904","targetHints":{"allow":["GET"]}}],"collection":[{"href":"https:\/\/lequotidien.mr\/index.php?rest_route=\/wp\/v2\/posts"}],"about":[{"href":"https:\/\/lequotidien.mr\/index.php?rest_route=\/wp\/v2\/types\/post"}],"author":[{"embeddable":true,"href":"https:\/\/lequotidien.mr\/index.php?rest_route=\/wp\/v2\/users\/5"}],"replies":[{"embeddable":true,"href":"https:\/\/lequotidien.mr\/index.php?rest_route=%2Fwp%2Fv2%2Fcomments&post=5904"}],"version-history":[{"count":1,"href":"https:\/\/lequotidien.mr\/index.php?rest_route=\/wp\/v2\/posts\/5904\/revisions"}],"predecessor-version":[{"id":5906,"href":"https:\/\/lequotidien.mr\/index.php?rest_route=\/wp\/v2\/posts\/5904\/revisions\/5906"}],"wp:featuredmedia":[{"embeddable":true,"href":"https:\/\/lequotidien.mr\/index.php?rest_route=\/wp\/v2\/media\/5905"}],"wp:attachment":[{"href":"https:\/\/lequotidien.mr\/index.php?rest_route=%2Fwp%2Fv2%2Fmedia&parent=5904"}],"wp:term":[{"taxonomy":"category","embeddable":true,"href":"https:\/\/lequotidien.mr\/index.php?rest_route=%2Fwp%2Fv2%2Fcategories&post=5904"},{"taxonomy":"post_tag","embeddable":true,"href":"https:\/\/lequotidien.mr\/index.php?rest_route=%2Fwp%2Fv2%2Ftags&post=5904"}],"curies":[{"name":"wp","href":"https:\/\/api.w.org\/{rel}","templated":true}]}}