{"id":5699,"date":"2023-03-03T18:39:53","date_gmt":"2023-03-03T18:39:53","guid":{"rendered":"https:\/\/lequotidien.mr\/?p=5699"},"modified":"2023-03-03T18:39:53","modified_gmt":"2023-03-03T18:39:53","slug":"nema-conseil-des-ministres-compte-rendu-du-point-de-presse-du-gouvernement-02-mars-2023","status":"publish","type":"post","link":"https:\/\/lequotidien.mr\/?p=5699&lang=fr","title":{"rendered":"N\u00e9ma : Conseil des Ministres &#8211; Compte rendu du Point de presse du Gouvernement &#8211; 02 Mars 2023"},"content":{"rendered":"<p>AMI &#8211; Des membres du gouvernement ont comment\u00e9 jeudi, les r\u00e9sultats des travaux du conseil des ministres d\u00e9centralis\u00e9 \u00e0 N\u00e9ma, chef-lieu de la wilaya du Hodh El Chargui.<\/p>\n<p>II s\u2019agit des ministres de l\u2019Equipement et des Transports, porte-parole du gouvernement, M. Nany Ould Chrougha, de la Sant\u00e9, M. Moktar Ould Dahi, de l\u2019Agriculture, M. Yahya Ould Ahmed Waghf et de l\u2019Elevage, M. Mohamed Abdallahi Ould Ethmane.<\/p>\n<p>Intervenant en premier, le Porte-parole du gouvernement a indiqu\u00e9 que le conseil a examin\u00e9 et adopt\u00e9 plusieurs projets de d\u00e9cret et des communications.<\/p>\n<p>Parmi ces projets, un projet de d\u00e9cret portant cr\u00e9ation et organisation d\u2019un \u00e9tablissement public \u00e0 caract\u00e8re administratif d\u00e9nomm\u00e9 le Centre Hospitalier de Bassiknou, un projet de d\u00e9cret d\u00e9terminant les modalit\u00e9s de constitution et de fonctionnement des organisations socio-professionnelles de gestion des infrastructures agropastorales, un projet de communication relative \u00e0 l\u2019\u00e9tat des lieux et les perspectives du secteur de l\u2019\u00e9levage et une communication portant sur le plan de r\u00e9habilitation et de relance de la Soci\u00e9t\u00e9 Mauritanienne des Produits Laitiers.<\/p>\n<p>Au sujet de la d\u00e9cision de la cr\u00e9ation du Centre hospitalier de Bassiknou, le ministre de la sant\u00e9, a indiqu\u00e9 qu\u2019elle trouve ses raisons dans les am\u00e9liorations remarquables au niveau du plateau technique lui permettant de devenir un centre hospitalier, \u00e0 cela s\u2019ajoute d\u2019autres crit\u00e8res comme l\u2019effectif de la population que couvre ce centre estim\u00e9e \u00e0 plus de 150 000 habitants dont 70 000 pour Bassiknou et 84 000 sont des r\u00e9fugi\u00e9s r\u00e9sidents sur ce territoire.<\/p>\n<p>R\u00e9pondant \u00e0 une question relative au programme TEYSIR, il a affirm\u00e9 que la majorit\u00e9 des structures sanitaires assurent les m\u00e9dicaments n\u00e9cessaires, soulignant qu\u2019une cellule de suivi a \u00e9t\u00e9 mise en place pour veiller sur la disponibilit\u00e9, la qualit\u00e9 et les prix de ces m\u00e9dicaments.<\/p>\n<p>Les ressources collect\u00e9es de ce programme font s\u00e9v\u00e8rement l\u2019objet d\u2019un suivi et sont orient\u00e9es \u00e0 l\u2019achat des m\u00e9dicaments.<\/p>\n<p>Dans une r\u00e9ponse par rapport \u00e0 l\u2019assurance maladie, M, Ould Dahi a fait savoir que le taux de couverture de l\u2019assurance maladie est pass\u00e9 de 15 % \u00e0 36%. Au niveau de la wilaya du Hodh.<\/p>\n<p>El Chargui, on compte 26000 nouveaux assur\u00e9s pour le secteur informel. Il a par ailleurs soulign\u00e9 que l\u2019Etat a d\u00e9cid\u00e9 l\u2019extension et l\u2019\u00e9quipement du centre de sant\u00e9 d\u2019Amourj dans le cadre du programme INAYA. Ce centre a \u00e9galement \u00e9t\u00e9 dot\u00e9 d\u2019une ambulance flambant neuve il y a de cela deux jours.<\/p>\n<p>Le ministre a annonc\u00e9 la cr\u00e9ation de dix polycliniques dans diff\u00e9rentes communes de la Wilaya dont une \u00e0 Amourj.<\/p>\n<p>S\u2019agissant du personnel m\u00e9dical, le ministre a parl\u00e9 de l\u2019existence de 12 sp\u00e9cialistes dans la wilaya, de 27 g\u00e9n\u00e9ralistes, 90 sages-femmes et 419 infirmiers. Tout cela, a-t-il not\u00e9, a permis une am\u00e9lioration substantielle de la couverture sanitaire au niveau r\u00e9gional.<\/p>\n<p>Lui succ\u00e9dant, le ministre de l\u2019Agriculture, a d\u00e9clar\u00e9 que l\u2019adoption de ces deux projets de d\u00e9crets intervient au moment opportun. Cela permet de combler un vide juridique qui date de 2013. L\u2019objectif derri\u00e8re ces projets de d\u00e9cret est entre autres de permettre aux organisations locales de g\u00e9rer elles-m\u00eames des infrastructures agricoles et d\u2019assurer leur entretien.<\/p>\n<p>Parall\u00e8lement \u00e0 ces deux projets de d\u00e9cret, le ministre a annonc\u00e9 la cr\u00e9ation d\u2019un fonds sp\u00e9cial o\u00f9 contribueront les b\u00e9n\u00e9ficiaires, l\u2019Etat et les partenaires. Afin de mieux assurer la mission qui leur sera d\u00e9volu dans ce cadre, ces organisations locales seront form\u00e9es et encadr\u00e9es localement et b\u00e9n\u00e9ficieront aussi de l\u2019expertise des cadres du d\u00e9partement.<\/p>\n<p>Pour sa part le ministre de l\u2019\u00c9levage, a d\u00e9clar\u00e9 que les deux communications conjointes avec son homologue de l\u2019agriculture sont importantes pour les deux secteurs.<\/p>\n<p>La premi\u00e8re communication recouvre plusieurs volets dont le domaine pastoral et de la recherche dans le domaine de la sant\u00e9 animale.<\/p>\n<p>Un autre aspect concerne la production en mati\u00e8re de lait et de viande.<\/p>\n<p>Par ailleurs, la soci\u00e9t\u00e9 sp\u00e9cialis\u00e9e dans les m\u00e9dicaments verra sa r\u00e9habilitation.<\/p>\n<p>Concernant la soci\u00e9t\u00e9 mauritanienne des Produits Laitiers (SMPL), le ministre a rappel\u00e9 beaucoup de difficult\u00e9s, c\u2019est pourquoi le Pr\u00e9sident de la R\u00e9publique a donn\u00e9 ses instructions pour la doter de tous les moyens n\u00e9cessaires \u00e0 son bon fonctionnement.<\/p>\n<p>Il a pr\u00e9cis\u00e9 que la situation du personnel de ladite soci\u00e9t\u00e9 a \u00e9t\u00e9 enti\u00e8rement r\u00e9gl\u00e9e.<\/p>\n<p>R\u00e9pondant \u00e0 une question sur l\u2019exposition de Timbedra, le ministre a affirm\u00e9 qu\u2019elle a permis de franchir des pas importants tels que la cr\u00e9ation d\u2019un minist\u00e8re de l\u2019\u00e9levage, la priorit\u00e9 accord\u00e9e \u00e0 ce secteur et le lancement d\u2019importants projets tels que la mise sur pied d\u2019un fonds de 8 milliards d\u2019Ouguiya, et l\u2019engagement donn\u00e9 par les banques d\u2019octroyer une enveloppe de 3 milliards d\u2019Ouguiya sous forme de pr\u00eats sans int\u00e9r\u00eat ou \u00e0 faible taux d\u2019int\u00e9r\u00eat (4%) au profit des \u00e9leveurs.<\/p>\n<p>Au sujet de ces cr\u00e9dits bancaires, le ministre a affirm\u00e9 que l\u2019enveloppe des demandes a atteint 11 milliards d\u2019Ouguiya. Les dossiers sont \u00e0 l\u2019\u00e9tude et la s\u00e9lection des b\u00e9n\u00e9ficiaires se fera suivant les crit\u00e8res \u00e9tablis par les institutions de financement.<\/p>\n<p>Concernant l\u2019op\u00e9ration du recensement du b\u00e9tail, l\u2019\u00e9tape exp\u00e9rimentale vient d\u2019\u00eatre lanc\u00e9e au Hodh El Chargui (Timbedra). Elle sera \u00e9tendue, d\u00e8s aujourd\u2019hui, \u00e0 Adel Bagrou avant d\u2019\u00eatre g\u00e9n\u00e9ralis\u00e9e.<\/p>\n<p>Le ministre a \u00e9num\u00e9r\u00e9 beaucoup d\u2019autres r\u00e9alisations de son D\u00e9partement tels que la cr\u00e9ation d\u2019une ferme destin\u00e9e \u00e0 l\u2019ins\u00e9mination artificielle d\u2019une capacit\u00e9 de 100 vaches. Cinq autres fermes de ce type seront cr\u00e9\u00e9es sur toute l\u2019\u00e9tendue du territoire.<\/p>\n<p>R\u00e9pondant \u00e0 une question conjointe sur la tenue du conseil des ministres \u00e0 N\u00e9ma, les ministres ont unanimement r\u00e9pondu en disant qu\u2019il s\u2019agit d\u2019une volont\u00e9 de d\u00e9centralisation du travail du gouvernement. Cela, ont-ils expliqu\u00e9, permet aux membres du gouvernement de descendre sur le terrain et de mieux comprendre et mieux concevoir les politiques publiques.<\/p>\n<p>Selon le porte-parole du gouvernement, d\u2019autres conseils des ministres d\u00e9centralis\u00e9s suivront celui de N\u00e9ma.<\/p>\n","protected":false},"excerpt":{"rendered":"<p>AMI &#8211; Des membres du gouvernement ont comment\u00e9 jeudi, les r\u00e9sultats des travaux du conseil des ministres d\u00e9centralis\u00e9 \u00e0 N\u00e9ma, chef-lieu de la wilaya du Hodh El Chargui. II s\u2019agit des ministres de l\u2019Equipement et des Transports, porte-parole du gouvernement, M. Nany Ould Chrougha, de la Sant\u00e9, M. Moktar Ould Dahi, de l\u2019Agriculture, M. Yahya&#8230;..<\/p>\n","protected":false},"author":5,"featured_media":5700,"comment_status":"open","ping_status":"open","sticky":false,"template":"","format":"standard","meta":{"footnotes":""},"categories":[23,49],"tags":[],"class_list":["post-5699","post","type-post","status-publish","format-standard","has-post-thumbnail","hentry","category-actualite","category-economie"],"yoast_head":"<!-- This site is optimized with the Yoast SEO plugin v27.5 - https:\/\/yoast.com\/product\/yoast-seo-wordpress\/ -->\n<title>N\u00e9ma : Conseil des Ministres - Compte rendu du Point de presse du Gouvernement - 02 Mars 2023 - Le Quotidien de Nouakchott<\/title>\n<meta name=\"robots\" content=\"index, follow, max-snippet:-1, max-image-preview:large, max-video-preview:-1\" \/>\n<link rel=\"canonical\" href=\"https:\/\/lequotidien.mr\/?p=5699&lang=fr\" \/>\n<meta property=\"og:locale\" content=\"ar_AR\" \/>\n<meta property=\"og:type\" content=\"article\" \/>\n<meta property=\"og:title\" content=\"N\u00e9ma : Conseil des Ministres - Compte rendu du Point de presse du Gouvernement - 02 Mars 2023 - Le Quotidien de Nouakchott\" \/>\n<meta property=\"og:description\" content=\"AMI &#8211; Des membres du gouvernement ont comment\u00e9 jeudi, les r\u00e9sultats des travaux du conseil des ministres d\u00e9centralis\u00e9 \u00e0 N\u00e9ma, chef-lieu de la wilaya du Hodh El Chargui. II s\u2019agit des ministres de l\u2019Equipement et des Transports, porte-parole du gouvernement, M. Nany Ould Chrougha, de la Sant\u00e9, M. Moktar Ould Dahi, de l\u2019Agriculture, M. Yahya.....\" \/>\n<meta property=\"og:url\" content=\"https:\/\/lequotidien.mr\/?p=5699&amp;lang=fr\" \/>\n<meta property=\"og:site_name\" content=\"Le Quotidien de Nouakchott\" \/>\n<meta property=\"article:publisher\" content=\"https:\/\/web.facebook.com\/lequotidienmr\" \/>\n<meta property=\"article:published_time\" content=\"2023-03-03T18:39:53+00:00\" \/>\n<meta property=\"og:image\" content=\"https:\/\/lequotidien.mr\/wp-content\/uploads\/2023\/03\/do_point_presse_01_750x430.jpg\" \/>\n\t<meta property=\"og:image:width\" content=\"644\" \/>\n\t<meta property=\"og:image:height\" content=\"430\" \/>\n\t<meta property=\"og:image:type\" content=\"image\/jpeg\" \/>\n<meta name=\"author\" content=\"Gayi Diawara\" \/>\n<meta name=\"twitter:card\" content=\"summary_large_image\" \/>\n<meta name=\"twitter:creator\" content=\"@lequotidienmr\" \/>\n<meta name=\"twitter:site\" content=\"@lequotidienmr\" \/>\n<meta name=\"twitter:label1\" content=\"\u0643\u064f\u062a\u0628 \u0628\u0648\u0627\u0633\u0637\u0629\" \/>\n\t<meta name=\"twitter:data1\" content=\"Gayi Diawara\" \/>\n\t<meta name=\"twitter:label2\" content=\"\u0648\u0642\u062a \u0627\u0644\u0642\u0631\u0627\u0621\u0629 \u0627\u0644\u0645\u064f\u0642\u062f\u0651\u0631\" \/>\n\t<meta name=\"twitter:data2\" content=\"5 \u062f\u0642\u0627\u0626\u0642\" \/>\n<script type=\"application\/ld+json\" class=\"yoast-schema-graph\">{\"@context\":\"https:\\\/\\\/schema.org\",\"@graph\":[{\"@type\":\"Article\",\"@id\":\"https:\\\/\\\/lequotidien.mr\\\/?p=5699&lang=fr#article\",\"isPartOf\":{\"@id\":\"https:\\\/\\\/lequotidien.mr\\\/?p=5699&lang=fr\"},\"author\":{\"name\":\"Gayi Diawara\",\"@id\":\"https:\\\/\\\/lequotidien.mr\\\/#\\\/schema\\\/person\\\/1077c8abd5640a6514b909318d271dee\"},\"headline\":\"N\u00e9ma : Conseil des Ministres &#8211; Compte rendu du Point de presse du Gouvernement &#8211; 02 Mars 2023\",\"datePublished\":\"2023-03-03T18:39:53+00:00\",\"mainEntityOfPage\":{\"@id\":\"https:\\\/\\\/lequotidien.mr\\\/?p=5699&lang=fr\"},\"wordCount\":1088,\"commentCount\":0,\"publisher\":{\"@id\":\"https:\\\/\\\/lequotidien.mr\\\/#organization\"},\"image\":{\"@id\":\"https:\\\/\\\/lequotidien.mr\\\/?p=5699&lang=fr#primaryimage\"},\"thumbnailUrl\":\"https:\\\/\\\/lequotidien.mr\\\/wp-content\\\/uploads\\\/2023\\\/03\\\/do_point_presse_01_750x430.jpg\",\"articleSection\":[\"ACTUALIT\u00c9\",\"Economie\"],\"inLanguage\":\"ar\",\"potentialAction\":[{\"@type\":\"CommentAction\",\"name\":\"Comment\",\"target\":[\"https:\\\/\\\/lequotidien.mr\\\/?p=5699&lang=fr#respond\"]}]},{\"@type\":\"WebPage\",\"@id\":\"https:\\\/\\\/lequotidien.mr\\\/?p=5699&lang=fr\",\"url\":\"https:\\\/\\\/lequotidien.mr\\\/?p=5699&lang=fr\",\"name\":\"N\u00e9ma : Conseil des Ministres - Compte rendu du Point de presse du Gouvernement - 02 Mars 2023 - Le Quotidien de Nouakchott\",\"isPartOf\":{\"@id\":\"https:\\\/\\\/lequotidien.mr\\\/#website\"},\"primaryImageOfPage\":{\"@id\":\"https:\\\/\\\/lequotidien.mr\\\/?p=5699&lang=fr#primaryimage\"},\"image\":{\"@id\":\"https:\\\/\\\/lequotidien.mr\\\/?p=5699&lang=fr#primaryimage\"},\"thumbnailUrl\":\"https:\\\/\\\/lequotidien.mr\\\/wp-content\\\/uploads\\\/2023\\\/03\\\/do_point_presse_01_750x430.jpg\",\"datePublished\":\"2023-03-03T18:39:53+00:00\",\"breadcrumb\":{\"@id\":\"https:\\\/\\\/lequotidien.mr\\\/?p=5699&lang=fr#breadcrumb\"},\"inLanguage\":\"ar\",\"potentialAction\":[{\"@type\":\"ReadAction\",\"target\":[\"https:\\\/\\\/lequotidien.mr\\\/?p=5699&lang=fr\"]}]},{\"@type\":\"ImageObject\",\"inLanguage\":\"ar\",\"@id\":\"https:\\\/\\\/lequotidien.mr\\\/?p=5699&lang=fr#primaryimage\",\"url\":\"https:\\\/\\\/lequotidien.mr\\\/wp-content\\\/uploads\\\/2023\\\/03\\\/do_point_presse_01_750x430.jpg\",\"contentUrl\":\"https:\\\/\\\/lequotidien.mr\\\/wp-content\\\/uploads\\\/2023\\\/03\\\/do_point_presse_01_750x430.jpg\",\"width\":644,\"height\":430},{\"@type\":\"BreadcrumbList\",\"@id\":\"https:\\\/\\\/lequotidien.mr\\\/?p=5699&lang=fr#breadcrumb\",\"itemListElement\":[{\"@type\":\"ListItem\",\"position\":1,\"name\":\"Home\",\"item\":\"https:\\\/\\\/lequotidien.mr\\\/\"},{\"@type\":\"ListItem\",\"position\":2,\"name\":\"N\u00e9ma : Conseil des Ministres &#8211; Compte rendu du Point de presse du Gouvernement &#8211; 02 Mars 2023\"}]},{\"@type\":\"WebSite\",\"@id\":\"https:\\\/\\\/lequotidien.mr\\\/#website\",\"url\":\"https:\\\/\\\/lequotidien.mr\\\/\",\"name\":\"Le Quotidien de Nouakchott\",\"description\":\"\u0625\u062e\u0628\u0627\u0631\u064a\u0629 \u0645\u0633\u062a\u0642\u0644\u0629 \u0644\u0644\u0623\u0646\u0628\u0627\u0621 \u0627\u0644\u0639\u0627\u0645\u0629\",\"publisher\":{\"@id\":\"https:\\\/\\\/lequotidien.mr\\\/#organization\"},\"potentialAction\":[{\"@type\":\"SearchAction\",\"target\":{\"@type\":\"EntryPoint\",\"urlTemplate\":\"https:\\\/\\\/lequotidien.mr\\\/?s={search_term_string}\"},\"query-input\":{\"@type\":\"PropertyValueSpecification\",\"valueRequired\":true,\"valueName\":\"search_term_string\"}}],\"inLanguage\":\"ar\"},{\"@type\":\"Organization\",\"@id\":\"https:\\\/\\\/lequotidien.mr\\\/#organization\",\"name\":\"Le Quotidien de Nouakchott\",\"url\":\"https:\\\/\\\/lequotidien.mr\\\/\",\"logo\":{\"@type\":\"ImageObject\",\"inLanguage\":\"ar\",\"@id\":\"https:\\\/\\\/lequotidien.mr\\\/#\\\/schema\\\/logo\\\/image\\\/\",\"url\":\"https:\\\/\\\/lequotidien.mr\\\/wp-content\\\/uploads\\\/2022\\\/11\\\/logolequotidien.jpg\",\"contentUrl\":\"https:\\\/\\\/lequotidien.mr\\\/wp-content\\\/uploads\\\/2022\\\/11\\\/logolequotidien.jpg\",\"width\":290,\"height\":65,\"caption\":\"Le Quotidien de Nouakchott\"},\"image\":{\"@id\":\"https:\\\/\\\/lequotidien.mr\\\/#\\\/schema\\\/logo\\\/image\\\/\"},\"sameAs\":[\"https:\\\/\\\/web.facebook.com\\\/lequotidienmr\",\"https:\\\/\\\/x.com\\\/lequotidienmr\"]},{\"@type\":\"Person\",\"@id\":\"https:\\\/\\\/lequotidien.mr\\\/#\\\/schema\\\/person\\\/1077c8abd5640a6514b909318d271dee\",\"name\":\"Gayi Diawara\",\"image\":{\"@type\":\"ImageObject\",\"inLanguage\":\"ar\",\"@id\":\"https:\\\/\\\/secure.gravatar.com\\\/avatar\\\/63ea8db1e19a6d2d608b24c0f78b5f3a7d6e0bc11959fec273410af333e4d0ac?s=96&d=mm&r=g\",\"url\":\"https:\\\/\\\/secure.gravatar.com\\\/avatar\\\/63ea8db1e19a6d2d608b24c0f78b5f3a7d6e0bc11959fec273410af333e4d0ac?s=96&d=mm&r=g\",\"contentUrl\":\"https:\\\/\\\/secure.gravatar.com\\\/avatar\\\/63ea8db1e19a6d2d608b24c0f78b5f3a7d6e0bc11959fec273410af333e4d0ac?s=96&d=mm&r=g\",\"caption\":\"Gayi Diawara\"},\"sameAs\":[\"http:\\\/\\\/lequotidien.mr\"],\"url\":\"https:\\\/\\\/lequotidien.mr\\\/?author=5\"}]}<\/script>\n<!-- \/ Yoast SEO plugin. -->","yoast_head_json":{"title":"N\u00e9ma : Conseil des Ministres - Compte rendu du Point de presse du Gouvernement - 02 Mars 2023 - Le Quotidien de Nouakchott","robots":{"index":"index","follow":"follow","max-snippet":"max-snippet:-1","max-image-preview":"max-image-preview:large","max-video-preview":"max-video-preview:-1"},"canonical":"https:\/\/lequotidien.mr\/?p=5699&lang=fr","og_locale":"ar_AR","og_type":"article","og_title":"N\u00e9ma : Conseil des Ministres - Compte rendu du Point de presse du Gouvernement - 02 Mars 2023 - Le Quotidien de Nouakchott","og_description":"AMI &#8211; Des membres du gouvernement ont comment\u00e9 jeudi, les r\u00e9sultats des travaux du conseil des ministres d\u00e9centralis\u00e9 \u00e0 N\u00e9ma, chef-lieu de la wilaya du Hodh El Chargui. II s\u2019agit des ministres de l\u2019Equipement et des Transports, porte-parole du gouvernement, M. Nany Ould Chrougha, de la Sant\u00e9, M. Moktar Ould Dahi, de l\u2019Agriculture, M. Yahya.....","og_url":"https:\/\/lequotidien.mr\/?p=5699&lang=fr","og_site_name":"Le Quotidien de Nouakchott","article_publisher":"https:\/\/web.facebook.com\/lequotidienmr","article_published_time":"2023-03-03T18:39:53+00:00","og_image":[{"width":644,"height":430,"url":"https:\/\/lequotidien.mr\/wp-content\/uploads\/2023\/03\/do_point_presse_01_750x430.jpg","type":"image\/jpeg"}],"author":"Gayi Diawara","twitter_card":"summary_large_image","twitter_creator":"@lequotidienmr","twitter_site":"@lequotidienmr","twitter_misc":{"\u0643\u064f\u062a\u0628 \u0628\u0648\u0627\u0633\u0637\u0629":"Gayi Diawara","\u0648\u0642\u062a \u0627\u0644\u0642\u0631\u0627\u0621\u0629 \u0627\u0644\u0645\u064f\u0642\u062f\u0651\u0631":"5 \u062f\u0642\u0627\u0626\u0642"},"schema":{"@context":"https:\/\/schema.org","@graph":[{"@type":"Article","@id":"https:\/\/lequotidien.mr\/?p=5699&lang=fr#article","isPartOf":{"@id":"https:\/\/lequotidien.mr\/?p=5699&lang=fr"},"author":{"name":"Gayi Diawara","@id":"https:\/\/lequotidien.mr\/#\/schema\/person\/1077c8abd5640a6514b909318d271dee"},"headline":"N\u00e9ma : Conseil des Ministres &#8211; Compte rendu du Point de presse du Gouvernement &#8211; 02 Mars 2023","datePublished":"2023-03-03T18:39:53+00:00","mainEntityOfPage":{"@id":"https:\/\/lequotidien.mr\/?p=5699&lang=fr"},"wordCount":1088,"commentCount":0,"publisher":{"@id":"https:\/\/lequotidien.mr\/#organization"},"image":{"@id":"https:\/\/lequotidien.mr\/?p=5699&lang=fr#primaryimage"},"thumbnailUrl":"https:\/\/lequotidien.mr\/wp-content\/uploads\/2023\/03\/do_point_presse_01_750x430.jpg","articleSection":["ACTUALIT\u00c9","Economie"],"inLanguage":"ar","potentialAction":[{"@type":"CommentAction","name":"Comment","target":["https:\/\/lequotidien.mr\/?p=5699&lang=fr#respond"]}]},{"@type":"WebPage","@id":"https:\/\/lequotidien.mr\/?p=5699&lang=fr","url":"https:\/\/lequotidien.mr\/?p=5699&lang=fr","name":"N\u00e9ma : Conseil des Ministres - Compte rendu du Point de presse du Gouvernement - 02 Mars 2023 - Le Quotidien de Nouakchott","isPartOf":{"@id":"https:\/\/lequotidien.mr\/#website"},"primaryImageOfPage":{"@id":"https:\/\/lequotidien.mr\/?p=5699&lang=fr#primaryimage"},"image":{"@id":"https:\/\/lequotidien.mr\/?p=5699&lang=fr#primaryimage"},"thumbnailUrl":"https:\/\/lequotidien.mr\/wp-content\/uploads\/2023\/03\/do_point_presse_01_750x430.jpg","datePublished":"2023-03-03T18:39:53+00:00","breadcrumb":{"@id":"https:\/\/lequotidien.mr\/?p=5699&lang=fr#breadcrumb"},"inLanguage":"ar","potentialAction":[{"@type":"ReadAction","target":["https:\/\/lequotidien.mr\/?p=5699&lang=fr"]}]},{"@type":"ImageObject","inLanguage":"ar","@id":"https:\/\/lequotidien.mr\/?p=5699&lang=fr#primaryimage","url":"https:\/\/lequotidien.mr\/wp-content\/uploads\/2023\/03\/do_point_presse_01_750x430.jpg","contentUrl":"https:\/\/lequotidien.mr\/wp-content\/uploads\/2023\/03\/do_point_presse_01_750x430.jpg","width":644,"height":430},{"@type":"BreadcrumbList","@id":"https:\/\/lequotidien.mr\/?p=5699&lang=fr#breadcrumb","itemListElement":[{"@type":"ListItem","position":1,"name":"Home","item":"https:\/\/lequotidien.mr\/"},{"@type":"ListItem","position":2,"name":"N\u00e9ma : Conseil des Ministres &#8211; Compte rendu du Point de presse du Gouvernement &#8211; 02 Mars 2023"}]},{"@type":"WebSite","@id":"https:\/\/lequotidien.mr\/#website","url":"https:\/\/lequotidien.mr\/","name":"Le Quotidien de Nouakchott","description":"\u0625\u062e\u0628\u0627\u0631\u064a\u0629 \u0645\u0633\u062a\u0642\u0644\u0629 \u0644\u0644\u0623\u0646\u0628\u0627\u0621 \u0627\u0644\u0639\u0627\u0645\u0629","publisher":{"@id":"https:\/\/lequotidien.mr\/#organization"},"potentialAction":[{"@type":"SearchAction","target":{"@type":"EntryPoint","urlTemplate":"https:\/\/lequotidien.mr\/?s={search_term_string}"},"query-input":{"@type":"PropertyValueSpecification","valueRequired":true,"valueName":"search_term_string"}}],"inLanguage":"ar"},{"@type":"Organization","@id":"https:\/\/lequotidien.mr\/#organization","name":"Le Quotidien de Nouakchott","url":"https:\/\/lequotidien.mr\/","logo":{"@type":"ImageObject","inLanguage":"ar","@id":"https:\/\/lequotidien.mr\/#\/schema\/logo\/image\/","url":"https:\/\/lequotidien.mr\/wp-content\/uploads\/2022\/11\/logolequotidien.jpg","contentUrl":"https:\/\/lequotidien.mr\/wp-content\/uploads\/2022\/11\/logolequotidien.jpg","width":290,"height":65,"caption":"Le Quotidien de Nouakchott"},"image":{"@id":"https:\/\/lequotidien.mr\/#\/schema\/logo\/image\/"},"sameAs":["https:\/\/web.facebook.com\/lequotidienmr","https:\/\/x.com\/lequotidienmr"]},{"@type":"Person","@id":"https:\/\/lequotidien.mr\/#\/schema\/person\/1077c8abd5640a6514b909318d271dee","name":"Gayi Diawara","image":{"@type":"ImageObject","inLanguage":"ar","@id":"https:\/\/secure.gravatar.com\/avatar\/63ea8db1e19a6d2d608b24c0f78b5f3a7d6e0bc11959fec273410af333e4d0ac?s=96&d=mm&r=g","url":"https:\/\/secure.gravatar.com\/avatar\/63ea8db1e19a6d2d608b24c0f78b5f3a7d6e0bc11959fec273410af333e4d0ac?s=96&d=mm&r=g","contentUrl":"https:\/\/secure.gravatar.com\/avatar\/63ea8db1e19a6d2d608b24c0f78b5f3a7d6e0bc11959fec273410af333e4d0ac?s=96&d=mm&r=g","caption":"Gayi Diawara"},"sameAs":["http:\/\/lequotidien.mr"],"url":"https:\/\/lequotidien.mr\/?author=5"}]}},"_links":{"self":[{"href":"https:\/\/lequotidien.mr\/index.php?rest_route=\/wp\/v2\/posts\/5699","targetHints":{"allow":["GET"]}}],"collection":[{"href":"https:\/\/lequotidien.mr\/index.php?rest_route=\/wp\/v2\/posts"}],"about":[{"href":"https:\/\/lequotidien.mr\/index.php?rest_route=\/wp\/v2\/types\/post"}],"author":[{"embeddable":true,"href":"https:\/\/lequotidien.mr\/index.php?rest_route=\/wp\/v2\/users\/5"}],"replies":[{"embeddable":true,"href":"https:\/\/lequotidien.mr\/index.php?rest_route=%2Fwp%2Fv2%2Fcomments&post=5699"}],"version-history":[{"count":1,"href":"https:\/\/lequotidien.mr\/index.php?rest_route=\/wp\/v2\/posts\/5699\/revisions"}],"predecessor-version":[{"id":5701,"href":"https:\/\/lequotidien.mr\/index.php?rest_route=\/wp\/v2\/posts\/5699\/revisions\/5701"}],"wp:featuredmedia":[{"embeddable":true,"href":"https:\/\/lequotidien.mr\/index.php?rest_route=\/wp\/v2\/media\/5700"}],"wp:attachment":[{"href":"https:\/\/lequotidien.mr\/index.php?rest_route=%2Fwp%2Fv2%2Fmedia&parent=5699"}],"wp:term":[{"taxonomy":"category","embeddable":true,"href":"https:\/\/lequotidien.mr\/index.php?rest_route=%2Fwp%2Fv2%2Fcategories&post=5699"},{"taxonomy":"post_tag","embeddable":true,"href":"https:\/\/lequotidien.mr\/index.php?rest_route=%2Fwp%2Fv2%2Ftags&post=5699"}],"curies":[{"name":"wp","href":"https:\/\/api.w.org\/{rel}","templated":true}]}}