{"id":5650,"date":"2023-03-02T19:42:39","date_gmt":"2023-03-02T19:42:39","guid":{"rendered":"https:\/\/lequotidien.mr\/?p=5650"},"modified":"2023-03-19T20:03:48","modified_gmt":"2023-03-19T20:03:48","slug":"mauritanie-10-ans-de-prison-pour-un-auteur-de-traite-detre-humain","status":"publish","type":"post","link":"https:\/\/lequotidien.mr\/?p=5650&lang=fr","title":{"rendered":"Mauritanie : 10 ans de prison pour un auteur de traite d\u2019\u00eatre humain"},"content":{"rendered":"<p>Alakhbar &#8211; Un tribunal de la wilaya du Tiris Zemmour, dans l&#8217;Est de la Mauritanie, a prononc\u00e9, le mercredi 1 mars, une peine de 10 ans de prison ferme contre un reconnu coupable de traite d\u2019\u00eatre humain et d&#8217;abus d\u2019une situation de vuln\u00e9rabilit\u00e9.<\/p>\n<p>Le condamn\u00e9, Bezeid Ould Mahmoud Ould Haibat, \u00e2g\u00e9 de 63 ans, va payer cinq millions d&#8217;ouguiyas d\u2019amende. Il doit aussi verser dix millions d&#8217;ouguiyas d&#8217;indemnisation \u00e0 sa victime.<\/p>\n<p>La victime, Mohamed Ould Laqhdaf, \u00e2g\u00e9e aujourd\u2019hui de 40 ans, avait disparu pendant 20 ans avant d&#8217;\u00eatre retrouv\u00e9e en janvier dernier chez l\u2019homme qui l\u2019exploitait abusivement.<\/p>\n<p>Pendant que sa famille n&#8217;avait plus de ses nouvelles, la victime s&#8217;occupait du b\u00e9tail de son maitre sans salaire et n\u2019\u00e9tait pas autoris\u00e9 \u00e0 quitter ce dernier.<\/p>\n<p>Ce cas de traite d\u2019\u00eatre humain et d&#8217;abus d\u2019une situation de vuln\u00e9rabilit\u00e9 a \u00e9t\u00e9 d\u00e9tect\u00e9 et port\u00e9 \u00e0 la justice par SOS Esclave, une ONG locale qui milite contre l\u2019esclavage en Mauritanie.<\/p>\n","protected":false},"excerpt":{"rendered":"<p>Alakhbar &#8211; Un tribunal de la wilaya du Tiris Zemmour, dans l&#8217;Est de la Mauritanie, a prononc\u00e9, le mercredi 1 mars, une peine de 10 ans de prison ferme contre un reconnu coupable de traite d\u2019\u00eatre humain et d&#8217;abus d\u2019une situation de vuln\u00e9rabilit\u00e9. Le condamn\u00e9, Bezeid Ould Mahmoud Ould Haibat, \u00e2g\u00e9 de 63 ans, va&#8230;..<\/p>\n","protected":false},"author":5,"featured_media":5651,"comment_status":"open","ping_status":"open","sticky":false,"template":"","format":"standard","meta":{"footnotes":""},"categories":[23,59],"tags":[],"class_list":["post-5650","post","type-post","status-publish","format-standard","has-post-thumbnail","hentry","category-actualite","category-opinion"],"yoast_head":"<!-- This site is optimized with the Yoast SEO plugin v27.5 - https:\/\/yoast.com\/product\/yoast-seo-wordpress\/ -->\n<title>Mauritanie : 10 ans de prison pour un auteur de traite d\u2019\u00eatre humain - Le Quotidien de Nouakchott<\/title>\n<meta name=\"robots\" content=\"index, follow, max-snippet:-1, max-image-preview:large, max-video-preview:-1\" \/>\n<link rel=\"canonical\" href=\"https:\/\/lequotidien.mr\/?p=5650&lang=fr\" \/>\n<meta property=\"og:locale\" content=\"ar_AR\" \/>\n<meta property=\"og:type\" content=\"article\" \/>\n<meta property=\"og:title\" content=\"Mauritanie : 10 ans de prison pour un auteur de traite d\u2019\u00eatre humain - Le Quotidien de Nouakchott\" \/>\n<meta property=\"og:description\" content=\"Alakhbar &#8211; Un tribunal de la wilaya du Tiris Zemmour, dans l&#8217;Est de la Mauritanie, a prononc\u00e9, le mercredi 1 mars, une peine de 10 ans de prison ferme contre un reconnu coupable de traite d\u2019\u00eatre humain et d&#8217;abus d\u2019une situation de vuln\u00e9rabilit\u00e9. Le condamn\u00e9, Bezeid Ould Mahmoud Ould Haibat, \u00e2g\u00e9 de 63 ans, va.....\" \/>\n<meta property=\"og:url\" content=\"https:\/\/lequotidien.mr\/?p=5650&amp;lang=fr\" \/>\n<meta property=\"og:site_name\" content=\"Le Quotidien de Nouakchott\" \/>\n<meta property=\"article:publisher\" content=\"https:\/\/web.facebook.com\/lequotidienmr\" \/>\n<meta property=\"article:published_time\" content=\"2023-03-02T19:42:39+00:00\" \/>\n<meta property=\"article:modified_time\" content=\"2023-03-19T20:03:48+00:00\" \/>\n<meta property=\"og:image\" content=\"https:\/\/lequotidien.mr\/wp-content\/uploads\/2023\/03\/esclavage_mauritanie_000_Par8161963_0.jpg\" \/>\n\t<meta property=\"og:image:width\" content=\"1280\" \/>\n\t<meta property=\"og:image:height\" content=\"960\" \/>\n\t<meta property=\"og:image:type\" content=\"image\/jpeg\" \/>\n<meta name=\"author\" content=\"Gayi Diawara\" \/>\n<meta name=\"twitter:card\" content=\"summary_large_image\" \/>\n<meta name=\"twitter:creator\" content=\"@lequotidienmr\" \/>\n<meta name=\"twitter:site\" content=\"@lequotidienmr\" \/>\n<meta name=\"twitter:label1\" content=\"\u0643\u064f\u062a\u0628 \u0628\u0648\u0627\u0633\u0637\u0629\" \/>\n\t<meta name=\"twitter:data1\" content=\"Gayi Diawara\" \/>\n\t<meta name=\"twitter:label2\" content=\"\u0648\u0642\u062a \u0627\u0644\u0642\u0631\u0627\u0621\u0629 \u0627\u0644\u0645\u064f\u0642\u062f\u0651\u0631\" \/>\n\t<meta name=\"twitter:data2\" content=\"\u062f\u0642\u064a\u0642\u0629 \u0648\u0627\u062d\u062f\u0629\" \/>\n<script type=\"application\/ld+json\" class=\"yoast-schema-graph\">{\"@context\":\"https:\\\/\\\/schema.org\",\"@graph\":[{\"@type\":\"Article\",\"@id\":\"https:\\\/\\\/lequotidien.mr\\\/?p=5650&lang=fr#article\",\"isPartOf\":{\"@id\":\"https:\\\/\\\/lequotidien.mr\\\/?p=5650&lang=fr\"},\"author\":{\"name\":\"Gayi Diawara\",\"@id\":\"https:\\\/\\\/lequotidien.mr\\\/#\\\/schema\\\/person\\\/1077c8abd5640a6514b909318d271dee\"},\"headline\":\"Mauritanie : 10 ans de prison pour un auteur de traite d\u2019\u00eatre humain\",\"datePublished\":\"2023-03-02T19:42:39+00:00\",\"dateModified\":\"2023-03-19T20:03:48+00:00\",\"mainEntityOfPage\":{\"@id\":\"https:\\\/\\\/lequotidien.mr\\\/?p=5650&lang=fr\"},\"wordCount\":185,\"commentCount\":0,\"publisher\":{\"@id\":\"https:\\\/\\\/lequotidien.mr\\\/#organization\"},\"image\":{\"@id\":\"https:\\\/\\\/lequotidien.mr\\\/?p=5650&lang=fr#primaryimage\"},\"thumbnailUrl\":\"https:\\\/\\\/lequotidien.mr\\\/wp-content\\\/uploads\\\/2023\\\/03\\\/esclavage_mauritanie_000_Par8161963_0.jpg\",\"articleSection\":[\"ACTUALIT\u00c9\",\"Opinion\"],\"inLanguage\":\"ar\",\"potentialAction\":[{\"@type\":\"CommentAction\",\"name\":\"Comment\",\"target\":[\"https:\\\/\\\/lequotidien.mr\\\/?p=5650&lang=fr#respond\"]}]},{\"@type\":\"WebPage\",\"@id\":\"https:\\\/\\\/lequotidien.mr\\\/?p=5650&lang=fr\",\"url\":\"https:\\\/\\\/lequotidien.mr\\\/?p=5650&lang=fr\",\"name\":\"Mauritanie : 10 ans de prison pour un auteur de traite d\u2019\u00eatre humain - Le Quotidien de Nouakchott\",\"isPartOf\":{\"@id\":\"https:\\\/\\\/lequotidien.mr\\\/#website\"},\"primaryImageOfPage\":{\"@id\":\"https:\\\/\\\/lequotidien.mr\\\/?p=5650&lang=fr#primaryimage\"},\"image\":{\"@id\":\"https:\\\/\\\/lequotidien.mr\\\/?p=5650&lang=fr#primaryimage\"},\"thumbnailUrl\":\"https:\\\/\\\/lequotidien.mr\\\/wp-content\\\/uploads\\\/2023\\\/03\\\/esclavage_mauritanie_000_Par8161963_0.jpg\",\"datePublished\":\"2023-03-02T19:42:39+00:00\",\"dateModified\":\"2023-03-19T20:03:48+00:00\",\"breadcrumb\":{\"@id\":\"https:\\\/\\\/lequotidien.mr\\\/?p=5650&lang=fr#breadcrumb\"},\"inLanguage\":\"ar\",\"potentialAction\":[{\"@type\":\"ReadAction\",\"target\":[\"https:\\\/\\\/lequotidien.mr\\\/?p=5650&lang=fr\"]}]},{\"@type\":\"ImageObject\",\"inLanguage\":\"ar\",\"@id\":\"https:\\\/\\\/lequotidien.mr\\\/?p=5650&lang=fr#primaryimage\",\"url\":\"https:\\\/\\\/lequotidien.mr\\\/wp-content\\\/uploads\\\/2023\\\/03\\\/esclavage_mauritanie_000_Par8161963_0.jpg\",\"contentUrl\":\"https:\\\/\\\/lequotidien.mr\\\/wp-content\\\/uploads\\\/2023\\\/03\\\/esclavage_mauritanie_000_Par8161963_0.jpg\",\"width\":1280,\"height\":960,\"caption\":\"People hold a banner reading \\\"No to slavery\\\" during a demonstration against discrimination in Nouakchott on April 29, 2015. Thousands of descendants of Moorish slaves in Mauritania, known as the \\\"Haratin\\\", protested in Nouakchott on the evening of April 29 against discrimination and to demand justice and equality for the Haratin. AFP PHOTO \\\/ STRINGER\"},{\"@type\":\"BreadcrumbList\",\"@id\":\"https:\\\/\\\/lequotidien.mr\\\/?p=5650&lang=fr#breadcrumb\",\"itemListElement\":[{\"@type\":\"ListItem\",\"position\":1,\"name\":\"Home\",\"item\":\"https:\\\/\\\/lequotidien.mr\\\/\"},{\"@type\":\"ListItem\",\"position\":2,\"name\":\"Mauritanie : 10 ans de prison pour un auteur de traite d\u2019\u00eatre humain\"}]},{\"@type\":\"WebSite\",\"@id\":\"https:\\\/\\\/lequotidien.mr\\\/#website\",\"url\":\"https:\\\/\\\/lequotidien.mr\\\/\",\"name\":\"Le Quotidien de Nouakchott\",\"description\":\"\u0625\u062e\u0628\u0627\u0631\u064a\u0629 \u0645\u0633\u062a\u0642\u0644\u0629 \u0644\u0644\u0623\u0646\u0628\u0627\u0621 \u0627\u0644\u0639\u0627\u0645\u0629\",\"publisher\":{\"@id\":\"https:\\\/\\\/lequotidien.mr\\\/#organization\"},\"potentialAction\":[{\"@type\":\"SearchAction\",\"target\":{\"@type\":\"EntryPoint\",\"urlTemplate\":\"https:\\\/\\\/lequotidien.mr\\\/?s={search_term_string}\"},\"query-input\":{\"@type\":\"PropertyValueSpecification\",\"valueRequired\":true,\"valueName\":\"search_term_string\"}}],\"inLanguage\":\"ar\"},{\"@type\":\"Organization\",\"@id\":\"https:\\\/\\\/lequotidien.mr\\\/#organization\",\"name\":\"Le Quotidien de Nouakchott\",\"url\":\"https:\\\/\\\/lequotidien.mr\\\/\",\"logo\":{\"@type\":\"ImageObject\",\"inLanguage\":\"ar\",\"@id\":\"https:\\\/\\\/lequotidien.mr\\\/#\\\/schema\\\/logo\\\/image\\\/\",\"url\":\"https:\\\/\\\/lequotidien.mr\\\/wp-content\\\/uploads\\\/2022\\\/11\\\/logolequotidien.jpg\",\"contentUrl\":\"https:\\\/\\\/lequotidien.mr\\\/wp-content\\\/uploads\\\/2022\\\/11\\\/logolequotidien.jpg\",\"width\":290,\"height\":65,\"caption\":\"Le Quotidien de Nouakchott\"},\"image\":{\"@id\":\"https:\\\/\\\/lequotidien.mr\\\/#\\\/schema\\\/logo\\\/image\\\/\"},\"sameAs\":[\"https:\\\/\\\/web.facebook.com\\\/lequotidienmr\",\"https:\\\/\\\/x.com\\\/lequotidienmr\"]},{\"@type\":\"Person\",\"@id\":\"https:\\\/\\\/lequotidien.mr\\\/#\\\/schema\\\/person\\\/1077c8abd5640a6514b909318d271dee\",\"name\":\"Gayi Diawara\",\"image\":{\"@type\":\"ImageObject\",\"inLanguage\":\"ar\",\"@id\":\"https:\\\/\\\/secure.gravatar.com\\\/avatar\\\/63ea8db1e19a6d2d608b24c0f78b5f3a7d6e0bc11959fec273410af333e4d0ac?s=96&d=mm&r=g\",\"url\":\"https:\\\/\\\/secure.gravatar.com\\\/avatar\\\/63ea8db1e19a6d2d608b24c0f78b5f3a7d6e0bc11959fec273410af333e4d0ac?s=96&d=mm&r=g\",\"contentUrl\":\"https:\\\/\\\/secure.gravatar.com\\\/avatar\\\/63ea8db1e19a6d2d608b24c0f78b5f3a7d6e0bc11959fec273410af333e4d0ac?s=96&d=mm&r=g\",\"caption\":\"Gayi Diawara\"},\"sameAs\":[\"http:\\\/\\\/lequotidien.mr\"],\"url\":\"https:\\\/\\\/lequotidien.mr\\\/?author=5\"}]}<\/script>\n<!-- \/ Yoast SEO plugin. -->","yoast_head_json":{"title":"Mauritanie : 10 ans de prison pour un auteur de traite d\u2019\u00eatre humain - Le Quotidien de Nouakchott","robots":{"index":"index","follow":"follow","max-snippet":"max-snippet:-1","max-image-preview":"max-image-preview:large","max-video-preview":"max-video-preview:-1"},"canonical":"https:\/\/lequotidien.mr\/?p=5650&lang=fr","og_locale":"ar_AR","og_type":"article","og_title":"Mauritanie : 10 ans de prison pour un auteur de traite d\u2019\u00eatre humain - Le Quotidien de Nouakchott","og_description":"Alakhbar &#8211; Un tribunal de la wilaya du Tiris Zemmour, dans l&#8217;Est de la Mauritanie, a prononc\u00e9, le mercredi 1 mars, une peine de 10 ans de prison ferme contre un reconnu coupable de traite d\u2019\u00eatre humain et d&#8217;abus d\u2019une situation de vuln\u00e9rabilit\u00e9. Le condamn\u00e9, Bezeid Ould Mahmoud Ould Haibat, \u00e2g\u00e9 de 63 ans, va.....","og_url":"https:\/\/lequotidien.mr\/?p=5650&lang=fr","og_site_name":"Le Quotidien de Nouakchott","article_publisher":"https:\/\/web.facebook.com\/lequotidienmr","article_published_time":"2023-03-02T19:42:39+00:00","article_modified_time":"2023-03-19T20:03:48+00:00","og_image":[{"width":1280,"height":960,"url":"https:\/\/lequotidien.mr\/wp-content\/uploads\/2023\/03\/esclavage_mauritanie_000_Par8161963_0.jpg","type":"image\/jpeg"}],"author":"Gayi Diawara","twitter_card":"summary_large_image","twitter_creator":"@lequotidienmr","twitter_site":"@lequotidienmr","twitter_misc":{"\u0643\u064f\u062a\u0628 \u0628\u0648\u0627\u0633\u0637\u0629":"Gayi Diawara","\u0648\u0642\u062a \u0627\u0644\u0642\u0631\u0627\u0621\u0629 \u0627\u0644\u0645\u064f\u0642\u062f\u0651\u0631":"\u062f\u0642\u064a\u0642\u0629 \u0648\u0627\u062d\u062f\u0629"},"schema":{"@context":"https:\/\/schema.org","@graph":[{"@type":"Article","@id":"https:\/\/lequotidien.mr\/?p=5650&lang=fr#article","isPartOf":{"@id":"https:\/\/lequotidien.mr\/?p=5650&lang=fr"},"author":{"name":"Gayi Diawara","@id":"https:\/\/lequotidien.mr\/#\/schema\/person\/1077c8abd5640a6514b909318d271dee"},"headline":"Mauritanie : 10 ans de prison pour un auteur de traite d\u2019\u00eatre humain","datePublished":"2023-03-02T19:42:39+00:00","dateModified":"2023-03-19T20:03:48+00:00","mainEntityOfPage":{"@id":"https:\/\/lequotidien.mr\/?p=5650&lang=fr"},"wordCount":185,"commentCount":0,"publisher":{"@id":"https:\/\/lequotidien.mr\/#organization"},"image":{"@id":"https:\/\/lequotidien.mr\/?p=5650&lang=fr#primaryimage"},"thumbnailUrl":"https:\/\/lequotidien.mr\/wp-content\/uploads\/2023\/03\/esclavage_mauritanie_000_Par8161963_0.jpg","articleSection":["ACTUALIT\u00c9","Opinion"],"inLanguage":"ar","potentialAction":[{"@type":"CommentAction","name":"Comment","target":["https:\/\/lequotidien.mr\/?p=5650&lang=fr#respond"]}]},{"@type":"WebPage","@id":"https:\/\/lequotidien.mr\/?p=5650&lang=fr","url":"https:\/\/lequotidien.mr\/?p=5650&lang=fr","name":"Mauritanie : 10 ans de prison pour un auteur de traite d\u2019\u00eatre humain - Le Quotidien de Nouakchott","isPartOf":{"@id":"https:\/\/lequotidien.mr\/#website"},"primaryImageOfPage":{"@id":"https:\/\/lequotidien.mr\/?p=5650&lang=fr#primaryimage"},"image":{"@id":"https:\/\/lequotidien.mr\/?p=5650&lang=fr#primaryimage"},"thumbnailUrl":"https:\/\/lequotidien.mr\/wp-content\/uploads\/2023\/03\/esclavage_mauritanie_000_Par8161963_0.jpg","datePublished":"2023-03-02T19:42:39+00:00","dateModified":"2023-03-19T20:03:48+00:00","breadcrumb":{"@id":"https:\/\/lequotidien.mr\/?p=5650&lang=fr#breadcrumb"},"inLanguage":"ar","potentialAction":[{"@type":"ReadAction","target":["https:\/\/lequotidien.mr\/?p=5650&lang=fr"]}]},{"@type":"ImageObject","inLanguage":"ar","@id":"https:\/\/lequotidien.mr\/?p=5650&lang=fr#primaryimage","url":"https:\/\/lequotidien.mr\/wp-content\/uploads\/2023\/03\/esclavage_mauritanie_000_Par8161963_0.jpg","contentUrl":"https:\/\/lequotidien.mr\/wp-content\/uploads\/2023\/03\/esclavage_mauritanie_000_Par8161963_0.jpg","width":1280,"height":960,"caption":"People hold a banner reading \"No to slavery\" during a demonstration against discrimination in Nouakchott on April 29, 2015. Thousands of descendants of Moorish slaves in Mauritania, known as the \"Haratin\", protested in Nouakchott on the evening of April 29 against discrimination and to demand justice and equality for the Haratin. AFP PHOTO \/ STRINGER"},{"@type":"BreadcrumbList","@id":"https:\/\/lequotidien.mr\/?p=5650&lang=fr#breadcrumb","itemListElement":[{"@type":"ListItem","position":1,"name":"Home","item":"https:\/\/lequotidien.mr\/"},{"@type":"ListItem","position":2,"name":"Mauritanie : 10 ans de prison pour un auteur de traite d\u2019\u00eatre humain"}]},{"@type":"WebSite","@id":"https:\/\/lequotidien.mr\/#website","url":"https:\/\/lequotidien.mr\/","name":"Le Quotidien de Nouakchott","description":"\u0625\u062e\u0628\u0627\u0631\u064a\u0629 \u0645\u0633\u062a\u0642\u0644\u0629 \u0644\u0644\u0623\u0646\u0628\u0627\u0621 \u0627\u0644\u0639\u0627\u0645\u0629","publisher":{"@id":"https:\/\/lequotidien.mr\/#organization"},"potentialAction":[{"@type":"SearchAction","target":{"@type":"EntryPoint","urlTemplate":"https:\/\/lequotidien.mr\/?s={search_term_string}"},"query-input":{"@type":"PropertyValueSpecification","valueRequired":true,"valueName":"search_term_string"}}],"inLanguage":"ar"},{"@type":"Organization","@id":"https:\/\/lequotidien.mr\/#organization","name":"Le Quotidien de Nouakchott","url":"https:\/\/lequotidien.mr\/","logo":{"@type":"ImageObject","inLanguage":"ar","@id":"https:\/\/lequotidien.mr\/#\/schema\/logo\/image\/","url":"https:\/\/lequotidien.mr\/wp-content\/uploads\/2022\/11\/logolequotidien.jpg","contentUrl":"https:\/\/lequotidien.mr\/wp-content\/uploads\/2022\/11\/logolequotidien.jpg","width":290,"height":65,"caption":"Le Quotidien de Nouakchott"},"image":{"@id":"https:\/\/lequotidien.mr\/#\/schema\/logo\/image\/"},"sameAs":["https:\/\/web.facebook.com\/lequotidienmr","https:\/\/x.com\/lequotidienmr"]},{"@type":"Person","@id":"https:\/\/lequotidien.mr\/#\/schema\/person\/1077c8abd5640a6514b909318d271dee","name":"Gayi Diawara","image":{"@type":"ImageObject","inLanguage":"ar","@id":"https:\/\/secure.gravatar.com\/avatar\/63ea8db1e19a6d2d608b24c0f78b5f3a7d6e0bc11959fec273410af333e4d0ac?s=96&d=mm&r=g","url":"https:\/\/secure.gravatar.com\/avatar\/63ea8db1e19a6d2d608b24c0f78b5f3a7d6e0bc11959fec273410af333e4d0ac?s=96&d=mm&r=g","contentUrl":"https:\/\/secure.gravatar.com\/avatar\/63ea8db1e19a6d2d608b24c0f78b5f3a7d6e0bc11959fec273410af333e4d0ac?s=96&d=mm&r=g","caption":"Gayi Diawara"},"sameAs":["http:\/\/lequotidien.mr"],"url":"https:\/\/lequotidien.mr\/?author=5"}]}},"_links":{"self":[{"href":"https:\/\/lequotidien.mr\/index.php?rest_route=\/wp\/v2\/posts\/5650","targetHints":{"allow":["GET"]}}],"collection":[{"href":"https:\/\/lequotidien.mr\/index.php?rest_route=\/wp\/v2\/posts"}],"about":[{"href":"https:\/\/lequotidien.mr\/index.php?rest_route=\/wp\/v2\/types\/post"}],"author":[{"embeddable":true,"href":"https:\/\/lequotidien.mr\/index.php?rest_route=\/wp\/v2\/users\/5"}],"replies":[{"embeddable":true,"href":"https:\/\/lequotidien.mr\/index.php?rest_route=%2Fwp%2Fv2%2Fcomments&post=5650"}],"version-history":[{"count":1,"href":"https:\/\/lequotidien.mr\/index.php?rest_route=\/wp\/v2\/posts\/5650\/revisions"}],"predecessor-version":[{"id":5652,"href":"https:\/\/lequotidien.mr\/index.php?rest_route=\/wp\/v2\/posts\/5650\/revisions\/5652"}],"wp:featuredmedia":[{"embeddable":true,"href":"https:\/\/lequotidien.mr\/index.php?rest_route=\/wp\/v2\/media\/5651"}],"wp:attachment":[{"href":"https:\/\/lequotidien.mr\/index.php?rest_route=%2Fwp%2Fv2%2Fmedia&parent=5650"}],"wp:term":[{"taxonomy":"category","embeddable":true,"href":"https:\/\/lequotidien.mr\/index.php?rest_route=%2Fwp%2Fv2%2Fcategories&post=5650"},{"taxonomy":"post_tag","embeddable":true,"href":"https:\/\/lequotidien.mr\/index.php?rest_route=%2Fwp%2Fv2%2Ftags&post=5650"}],"curies":[{"name":"wp","href":"https:\/\/api.w.org\/{rel}","templated":true}]}}