{"id":5610,"date":"2023-03-01T16:32:58","date_gmt":"2023-03-01T16:32:58","guid":{"rendered":"https:\/\/lequotidien.mr\/?p=5610"},"modified":"2023-03-01T16:32:58","modified_gmt":"2023-03-01T16:32:58","slug":"hodh-el-chargui-des-interventions-concretes-touchant-les-preoccupations-des-eleveurs","status":"publish","type":"post","link":"https:\/\/lequotidien.mr\/?p=5610&lang=fr","title":{"rendered":"Hodh El Chargui : des interventions concr\u00e8tes touchant les pr\u00e9occupations des \u00e9leveurs"},"content":{"rendered":"<p>Le ministre de l\u2019\u00c9levage, son Excellence M. Mohamed Abdellahi Ethmane , a visit\u00e9 le mardi 28 f\u00e9vrier quelques r\u00e9alisations de la deuxi\u00e8me phase du Projet R\u00e9gional d\u2019Appui au Pastoralisme au Sahel pour la Mauritanie (PRAPS-2-MR), financ\u00e9 par la Banque mondiale.<\/p>\n<p>Pour faciliter l\u2019acc\u00e8s des \u00e9leveurs et de leur cheptel \u00e0 l\u2019eau, les interventions de la composante 2 (Gestion durable des paysages et am\u00e9lioration de la gouvernance) du Projet pr\u00e9voient, au niveau de la wilaya du Hodh El Chargui, la r\u00e9alisation d\u2019un programme de construction de douze (12) stations d\u2019hydrauliques pastorales et de puits.<\/p>\n<p>La station d\u2019hydraulique pastorale du village de Ta\u00efba relevant de la commune d\u2019Agoueinit dans la moughattaa de N\u00e9ma, qui a re\u00e7u cette semaine la visite du ministre de l\u2019\u00c9levage, fait partie des six (06) ouvrages dont les travaux sont actuellement achev\u00e9s dans cette wilaya.<\/p>\n<p>Cet ouvrage, \u00e9quip\u00e9 d&#8217;exhaure solaire et d\u2019un r\u00e9servoir d&#8217;une capacit\u00e9 de 20 tonnes et d&#8217;abreuvoirs pour les animaux, vient s&#8217;ajouter \u00e0 de nombreuses autres r\u00e9alisations et investissements du Projet dans cette zone pastorale par excellence.<\/p>\n<p>Il est un exemple concret de la volont\u00e9 du Projet de relever les d\u00e9fis pos\u00e9s aux \u00e9leveurs, notamment en mati\u00e8re d&#8217;approvisionnement en eau du cheptel dans les zones o\u00f9 cette denr\u00e9e est rare.<\/p>\n<p>Le Projet pr\u00e9voit \u00e9galement de mettre en place dans cette r\u00e9gion 32 puits repartis dans les moughattaas de N\u00e9ma (8), de Bassikounou (4) de Djiguenni (4), de Timb\u00e9dra (6) de Oualata (3), d\u2019Amourj (4) et d\u2019Adel Bagrou (3). Le programme global d\u2019hydraulique pastoral du Projet pr\u00e9voit la mise en place de quarante-cinq (45) stations pastorales (dont 18 sont en cours d\u2019ach\u00e8vement) et 90 puits.<\/p>\n<p>L\u2019objectif de la Composante 2 du Projet est, entre autres, d\u2019am\u00e9liorer la disponibilit\u00e9 et l\u2019acc\u00e8s des pasteurs et agropasteurs aux ressources et espaces pastoraux, et de contribuer \u00e0 r\u00e9soudre la probl\u00e9matique de l\u2019alimentation animale dans ces espaces \u00e0 travers la mise en \u0153uvre d\u2019infrastructures et d\u2019interventions qui vont faciliter la s\u00e9curisation de l\u2019acc\u00e8s aux ressources naturelles et la gestion durable des paysages et la gestion concert\u00e9e durable des infrastructures d\u2019acc\u00e8s \u00e0 l\u2019eau.<\/p>\n","protected":false},"excerpt":{"rendered":"<p>Le ministre de l\u2019\u00c9levage, son Excellence M. Mohamed Abdellahi Ethmane , a visit\u00e9 le mardi 28 f\u00e9vrier quelques r\u00e9alisations de la deuxi\u00e8me phase du Projet R\u00e9gional d\u2019Appui au Pastoralisme au Sahel pour la Mauritanie (PRAPS-2-MR), financ\u00e9 par la Banque mondiale. Pour faciliter l\u2019acc\u00e8s des \u00e9leveurs et de leur cheptel \u00e0 l\u2019eau, les interventions de la&#8230;..<\/p>\n","protected":false},"author":5,"featured_media":5611,"comment_status":"open","ping_status":"open","sticky":false,"template":"","format":"standard","meta":{"footnotes":""},"categories":[23,49],"tags":[],"class_list":["post-5610","post","type-post","status-publish","format-standard","has-post-thumbnail","hentry","category-actualite","category-economie"],"yoast_head":"<!-- This site is optimized with the Yoast SEO plugin v27.5 - https:\/\/yoast.com\/product\/yoast-seo-wordpress\/ -->\n<title>Hodh El Chargui : des interventions concr\u00e8tes touchant les pr\u00e9occupations des \u00e9leveurs - Le Quotidien de Nouakchott<\/title>\n<meta name=\"robots\" content=\"index, follow, max-snippet:-1, max-image-preview:large, max-video-preview:-1\" \/>\n<link rel=\"canonical\" href=\"https:\/\/lequotidien.mr\/?p=5610&lang=fr\" \/>\n<meta property=\"og:locale\" content=\"ar_AR\" \/>\n<meta property=\"og:type\" content=\"article\" \/>\n<meta property=\"og:title\" content=\"Hodh El Chargui : des interventions concr\u00e8tes touchant les pr\u00e9occupations des \u00e9leveurs - Le Quotidien de Nouakchott\" \/>\n<meta property=\"og:description\" content=\"Le ministre de l\u2019\u00c9levage, son Excellence M. Mohamed Abdellahi Ethmane , a visit\u00e9 le mardi 28 f\u00e9vrier quelques r\u00e9alisations de la deuxi\u00e8me phase du Projet R\u00e9gional d\u2019Appui au Pastoralisme au Sahel pour la Mauritanie (PRAPS-2-MR), financ\u00e9 par la Banque mondiale. Pour faciliter l\u2019acc\u00e8s des \u00e9leveurs et de leur cheptel \u00e0 l\u2019eau, les interventions de la.....\" \/>\n<meta property=\"og:url\" content=\"https:\/\/lequotidien.mr\/?p=5610&amp;lang=fr\" \/>\n<meta property=\"og:site_name\" content=\"Le Quotidien de Nouakchott\" \/>\n<meta property=\"article:publisher\" content=\"https:\/\/web.facebook.com\/lequotidienmr\" \/>\n<meta property=\"article:published_time\" content=\"2023-03-01T16:32:58+00:00\" \/>\n<meta property=\"og:image\" content=\"https:\/\/lequotidien.mr\/wp-content\/uploads\/2023\/03\/MINISTR_praps.jpeg\" \/>\n\t<meta property=\"og:image:width\" content=\"450\" \/>\n\t<meta property=\"og:image:height\" content=\"300\" \/>\n\t<meta property=\"og:image:type\" content=\"image\/jpeg\" \/>\n<meta name=\"author\" content=\"Gayi Diawara\" \/>\n<meta name=\"twitter:card\" content=\"summary_large_image\" \/>\n<meta name=\"twitter:creator\" content=\"@lequotidienmr\" \/>\n<meta name=\"twitter:site\" content=\"@lequotidienmr\" \/>\n<meta name=\"twitter:label1\" content=\"\u0643\u064f\u062a\u0628 \u0628\u0648\u0627\u0633\u0637\u0629\" \/>\n\t<meta name=\"twitter:data1\" content=\"Gayi Diawara\" \/>\n\t<meta name=\"twitter:label2\" content=\"\u0648\u0642\u062a \u0627\u0644\u0642\u0631\u0627\u0621\u0629 \u0627\u0644\u0645\u064f\u0642\u062f\u0651\u0631\" \/>\n\t<meta name=\"twitter:data2\" content=\"\u062f\u0642\u064a\u0642\u062a\u0627\u0646\" \/>\n<script type=\"application\/ld+json\" class=\"yoast-schema-graph\">{\"@context\":\"https:\\\/\\\/schema.org\",\"@graph\":[{\"@type\":\"Article\",\"@id\":\"https:\\\/\\\/lequotidien.mr\\\/?p=5610&lang=fr#article\",\"isPartOf\":{\"@id\":\"https:\\\/\\\/lequotidien.mr\\\/?p=5610&lang=fr\"},\"author\":{\"name\":\"Gayi Diawara\",\"@id\":\"https:\\\/\\\/lequotidien.mr\\\/#\\\/schema\\\/person\\\/1077c8abd5640a6514b909318d271dee\"},\"headline\":\"Hodh El Chargui : des interventions concr\u00e8tes touchant les pr\u00e9occupations des \u00e9leveurs\",\"datePublished\":\"2023-03-01T16:32:58+00:00\",\"mainEntityOfPage\":{\"@id\":\"https:\\\/\\\/lequotidien.mr\\\/?p=5610&lang=fr\"},\"wordCount\":392,\"commentCount\":0,\"publisher\":{\"@id\":\"https:\\\/\\\/lequotidien.mr\\\/#organization\"},\"image\":{\"@id\":\"https:\\\/\\\/lequotidien.mr\\\/?p=5610&lang=fr#primaryimage\"},\"thumbnailUrl\":\"https:\\\/\\\/lequotidien.mr\\\/wp-content\\\/uploads\\\/2023\\\/03\\\/MINISTR_praps.jpeg\",\"articleSection\":[\"ACTUALIT\u00c9\",\"Economie\"],\"inLanguage\":\"ar\",\"potentialAction\":[{\"@type\":\"CommentAction\",\"name\":\"Comment\",\"target\":[\"https:\\\/\\\/lequotidien.mr\\\/?p=5610&lang=fr#respond\"]}]},{\"@type\":\"WebPage\",\"@id\":\"https:\\\/\\\/lequotidien.mr\\\/?p=5610&lang=fr\",\"url\":\"https:\\\/\\\/lequotidien.mr\\\/?p=5610&lang=fr\",\"name\":\"Hodh El Chargui : des interventions concr\u00e8tes touchant les pr\u00e9occupations des \u00e9leveurs - Le Quotidien de Nouakchott\",\"isPartOf\":{\"@id\":\"https:\\\/\\\/lequotidien.mr\\\/#website\"},\"primaryImageOfPage\":{\"@id\":\"https:\\\/\\\/lequotidien.mr\\\/?p=5610&lang=fr#primaryimage\"},\"image\":{\"@id\":\"https:\\\/\\\/lequotidien.mr\\\/?p=5610&lang=fr#primaryimage\"},\"thumbnailUrl\":\"https:\\\/\\\/lequotidien.mr\\\/wp-content\\\/uploads\\\/2023\\\/03\\\/MINISTR_praps.jpeg\",\"datePublished\":\"2023-03-01T16:32:58+00:00\",\"breadcrumb\":{\"@id\":\"https:\\\/\\\/lequotidien.mr\\\/?p=5610&lang=fr#breadcrumb\"},\"inLanguage\":\"ar\",\"potentialAction\":[{\"@type\":\"ReadAction\",\"target\":[\"https:\\\/\\\/lequotidien.mr\\\/?p=5610&lang=fr\"]}]},{\"@type\":\"ImageObject\",\"inLanguage\":\"ar\",\"@id\":\"https:\\\/\\\/lequotidien.mr\\\/?p=5610&lang=fr#primaryimage\",\"url\":\"https:\\\/\\\/lequotidien.mr\\\/wp-content\\\/uploads\\\/2023\\\/03\\\/MINISTR_praps.jpeg\",\"contentUrl\":\"https:\\\/\\\/lequotidien.mr\\\/wp-content\\\/uploads\\\/2023\\\/03\\\/MINISTR_praps.jpeg\",\"width\":450,\"height\":300},{\"@type\":\"BreadcrumbList\",\"@id\":\"https:\\\/\\\/lequotidien.mr\\\/?p=5610&lang=fr#breadcrumb\",\"itemListElement\":[{\"@type\":\"ListItem\",\"position\":1,\"name\":\"Home\",\"item\":\"https:\\\/\\\/lequotidien.mr\\\/\"},{\"@type\":\"ListItem\",\"position\":2,\"name\":\"Hodh El Chargui : des interventions concr\u00e8tes touchant les pr\u00e9occupations des \u00e9leveurs\"}]},{\"@type\":\"WebSite\",\"@id\":\"https:\\\/\\\/lequotidien.mr\\\/#website\",\"url\":\"https:\\\/\\\/lequotidien.mr\\\/\",\"name\":\"Le Quotidien de Nouakchott\",\"description\":\"\u0625\u062e\u0628\u0627\u0631\u064a\u0629 \u0645\u0633\u062a\u0642\u0644\u0629 \u0644\u0644\u0623\u0646\u0628\u0627\u0621 \u0627\u0644\u0639\u0627\u0645\u0629\",\"publisher\":{\"@id\":\"https:\\\/\\\/lequotidien.mr\\\/#organization\"},\"potentialAction\":[{\"@type\":\"SearchAction\",\"target\":{\"@type\":\"EntryPoint\",\"urlTemplate\":\"https:\\\/\\\/lequotidien.mr\\\/?s={search_term_string}\"},\"query-input\":{\"@type\":\"PropertyValueSpecification\",\"valueRequired\":true,\"valueName\":\"search_term_string\"}}],\"inLanguage\":\"ar\"},{\"@type\":\"Organization\",\"@id\":\"https:\\\/\\\/lequotidien.mr\\\/#organization\",\"name\":\"Le Quotidien de Nouakchott\",\"url\":\"https:\\\/\\\/lequotidien.mr\\\/\",\"logo\":{\"@type\":\"ImageObject\",\"inLanguage\":\"ar\",\"@id\":\"https:\\\/\\\/lequotidien.mr\\\/#\\\/schema\\\/logo\\\/image\\\/\",\"url\":\"https:\\\/\\\/lequotidien.mr\\\/wp-content\\\/uploads\\\/2022\\\/11\\\/logolequotidien.jpg\",\"contentUrl\":\"https:\\\/\\\/lequotidien.mr\\\/wp-content\\\/uploads\\\/2022\\\/11\\\/logolequotidien.jpg\",\"width\":290,\"height\":65,\"caption\":\"Le Quotidien de Nouakchott\"},\"image\":{\"@id\":\"https:\\\/\\\/lequotidien.mr\\\/#\\\/schema\\\/logo\\\/image\\\/\"},\"sameAs\":[\"https:\\\/\\\/web.facebook.com\\\/lequotidienmr\",\"https:\\\/\\\/x.com\\\/lequotidienmr\"]},{\"@type\":\"Person\",\"@id\":\"https:\\\/\\\/lequotidien.mr\\\/#\\\/schema\\\/person\\\/1077c8abd5640a6514b909318d271dee\",\"name\":\"Gayi Diawara\",\"image\":{\"@type\":\"ImageObject\",\"inLanguage\":\"ar\",\"@id\":\"https:\\\/\\\/secure.gravatar.com\\\/avatar\\\/63ea8db1e19a6d2d608b24c0f78b5f3a7d6e0bc11959fec273410af333e4d0ac?s=96&d=mm&r=g\",\"url\":\"https:\\\/\\\/secure.gravatar.com\\\/avatar\\\/63ea8db1e19a6d2d608b24c0f78b5f3a7d6e0bc11959fec273410af333e4d0ac?s=96&d=mm&r=g\",\"contentUrl\":\"https:\\\/\\\/secure.gravatar.com\\\/avatar\\\/63ea8db1e19a6d2d608b24c0f78b5f3a7d6e0bc11959fec273410af333e4d0ac?s=96&d=mm&r=g\",\"caption\":\"Gayi Diawara\"},\"sameAs\":[\"http:\\\/\\\/lequotidien.mr\"],\"url\":\"https:\\\/\\\/lequotidien.mr\\\/?author=5\"}]}<\/script>\n<!-- \/ Yoast SEO plugin. -->","yoast_head_json":{"title":"Hodh El Chargui : des interventions concr\u00e8tes touchant les pr\u00e9occupations des \u00e9leveurs - Le Quotidien de Nouakchott","robots":{"index":"index","follow":"follow","max-snippet":"max-snippet:-1","max-image-preview":"max-image-preview:large","max-video-preview":"max-video-preview:-1"},"canonical":"https:\/\/lequotidien.mr\/?p=5610&lang=fr","og_locale":"ar_AR","og_type":"article","og_title":"Hodh El Chargui : des interventions concr\u00e8tes touchant les pr\u00e9occupations des \u00e9leveurs - Le Quotidien de Nouakchott","og_description":"Le ministre de l\u2019\u00c9levage, son Excellence M. Mohamed Abdellahi Ethmane , a visit\u00e9 le mardi 28 f\u00e9vrier quelques r\u00e9alisations de la deuxi\u00e8me phase du Projet R\u00e9gional d\u2019Appui au Pastoralisme au Sahel pour la Mauritanie (PRAPS-2-MR), financ\u00e9 par la Banque mondiale. Pour faciliter l\u2019acc\u00e8s des \u00e9leveurs et de leur cheptel \u00e0 l\u2019eau, les interventions de la.....","og_url":"https:\/\/lequotidien.mr\/?p=5610&lang=fr","og_site_name":"Le Quotidien de Nouakchott","article_publisher":"https:\/\/web.facebook.com\/lequotidienmr","article_published_time":"2023-03-01T16:32:58+00:00","og_image":[{"width":450,"height":300,"url":"https:\/\/lequotidien.mr\/wp-content\/uploads\/2023\/03\/MINISTR_praps.jpeg","type":"image\/jpeg"}],"author":"Gayi Diawara","twitter_card":"summary_large_image","twitter_creator":"@lequotidienmr","twitter_site":"@lequotidienmr","twitter_misc":{"\u0643\u064f\u062a\u0628 \u0628\u0648\u0627\u0633\u0637\u0629":"Gayi Diawara","\u0648\u0642\u062a \u0627\u0644\u0642\u0631\u0627\u0621\u0629 \u0627\u0644\u0645\u064f\u0642\u062f\u0651\u0631":"\u062f\u0642\u064a\u0642\u062a\u0627\u0646"},"schema":{"@context":"https:\/\/schema.org","@graph":[{"@type":"Article","@id":"https:\/\/lequotidien.mr\/?p=5610&lang=fr#article","isPartOf":{"@id":"https:\/\/lequotidien.mr\/?p=5610&lang=fr"},"author":{"name":"Gayi Diawara","@id":"https:\/\/lequotidien.mr\/#\/schema\/person\/1077c8abd5640a6514b909318d271dee"},"headline":"Hodh El Chargui : des interventions concr\u00e8tes touchant les pr\u00e9occupations des \u00e9leveurs","datePublished":"2023-03-01T16:32:58+00:00","mainEntityOfPage":{"@id":"https:\/\/lequotidien.mr\/?p=5610&lang=fr"},"wordCount":392,"commentCount":0,"publisher":{"@id":"https:\/\/lequotidien.mr\/#organization"},"image":{"@id":"https:\/\/lequotidien.mr\/?p=5610&lang=fr#primaryimage"},"thumbnailUrl":"https:\/\/lequotidien.mr\/wp-content\/uploads\/2023\/03\/MINISTR_praps.jpeg","articleSection":["ACTUALIT\u00c9","Economie"],"inLanguage":"ar","potentialAction":[{"@type":"CommentAction","name":"Comment","target":["https:\/\/lequotidien.mr\/?p=5610&lang=fr#respond"]}]},{"@type":"WebPage","@id":"https:\/\/lequotidien.mr\/?p=5610&lang=fr","url":"https:\/\/lequotidien.mr\/?p=5610&lang=fr","name":"Hodh El Chargui : des interventions concr\u00e8tes touchant les pr\u00e9occupations des \u00e9leveurs - Le Quotidien de Nouakchott","isPartOf":{"@id":"https:\/\/lequotidien.mr\/#website"},"primaryImageOfPage":{"@id":"https:\/\/lequotidien.mr\/?p=5610&lang=fr#primaryimage"},"image":{"@id":"https:\/\/lequotidien.mr\/?p=5610&lang=fr#primaryimage"},"thumbnailUrl":"https:\/\/lequotidien.mr\/wp-content\/uploads\/2023\/03\/MINISTR_praps.jpeg","datePublished":"2023-03-01T16:32:58+00:00","breadcrumb":{"@id":"https:\/\/lequotidien.mr\/?p=5610&lang=fr#breadcrumb"},"inLanguage":"ar","potentialAction":[{"@type":"ReadAction","target":["https:\/\/lequotidien.mr\/?p=5610&lang=fr"]}]},{"@type":"ImageObject","inLanguage":"ar","@id":"https:\/\/lequotidien.mr\/?p=5610&lang=fr#primaryimage","url":"https:\/\/lequotidien.mr\/wp-content\/uploads\/2023\/03\/MINISTR_praps.jpeg","contentUrl":"https:\/\/lequotidien.mr\/wp-content\/uploads\/2023\/03\/MINISTR_praps.jpeg","width":450,"height":300},{"@type":"BreadcrumbList","@id":"https:\/\/lequotidien.mr\/?p=5610&lang=fr#breadcrumb","itemListElement":[{"@type":"ListItem","position":1,"name":"Home","item":"https:\/\/lequotidien.mr\/"},{"@type":"ListItem","position":2,"name":"Hodh El Chargui : des interventions concr\u00e8tes touchant les pr\u00e9occupations des \u00e9leveurs"}]},{"@type":"WebSite","@id":"https:\/\/lequotidien.mr\/#website","url":"https:\/\/lequotidien.mr\/","name":"Le Quotidien de Nouakchott","description":"\u0625\u062e\u0628\u0627\u0631\u064a\u0629 \u0645\u0633\u062a\u0642\u0644\u0629 \u0644\u0644\u0623\u0646\u0628\u0627\u0621 \u0627\u0644\u0639\u0627\u0645\u0629","publisher":{"@id":"https:\/\/lequotidien.mr\/#organization"},"potentialAction":[{"@type":"SearchAction","target":{"@type":"EntryPoint","urlTemplate":"https:\/\/lequotidien.mr\/?s={search_term_string}"},"query-input":{"@type":"PropertyValueSpecification","valueRequired":true,"valueName":"search_term_string"}}],"inLanguage":"ar"},{"@type":"Organization","@id":"https:\/\/lequotidien.mr\/#organization","name":"Le Quotidien de Nouakchott","url":"https:\/\/lequotidien.mr\/","logo":{"@type":"ImageObject","inLanguage":"ar","@id":"https:\/\/lequotidien.mr\/#\/schema\/logo\/image\/","url":"https:\/\/lequotidien.mr\/wp-content\/uploads\/2022\/11\/logolequotidien.jpg","contentUrl":"https:\/\/lequotidien.mr\/wp-content\/uploads\/2022\/11\/logolequotidien.jpg","width":290,"height":65,"caption":"Le Quotidien de Nouakchott"},"image":{"@id":"https:\/\/lequotidien.mr\/#\/schema\/logo\/image\/"},"sameAs":["https:\/\/web.facebook.com\/lequotidienmr","https:\/\/x.com\/lequotidienmr"]},{"@type":"Person","@id":"https:\/\/lequotidien.mr\/#\/schema\/person\/1077c8abd5640a6514b909318d271dee","name":"Gayi Diawara","image":{"@type":"ImageObject","inLanguage":"ar","@id":"https:\/\/secure.gravatar.com\/avatar\/63ea8db1e19a6d2d608b24c0f78b5f3a7d6e0bc11959fec273410af333e4d0ac?s=96&d=mm&r=g","url":"https:\/\/secure.gravatar.com\/avatar\/63ea8db1e19a6d2d608b24c0f78b5f3a7d6e0bc11959fec273410af333e4d0ac?s=96&d=mm&r=g","contentUrl":"https:\/\/secure.gravatar.com\/avatar\/63ea8db1e19a6d2d608b24c0f78b5f3a7d6e0bc11959fec273410af333e4d0ac?s=96&d=mm&r=g","caption":"Gayi Diawara"},"sameAs":["http:\/\/lequotidien.mr"],"url":"https:\/\/lequotidien.mr\/?author=5"}]}},"_links":{"self":[{"href":"https:\/\/lequotidien.mr\/index.php?rest_route=\/wp\/v2\/posts\/5610","targetHints":{"allow":["GET"]}}],"collection":[{"href":"https:\/\/lequotidien.mr\/index.php?rest_route=\/wp\/v2\/posts"}],"about":[{"href":"https:\/\/lequotidien.mr\/index.php?rest_route=\/wp\/v2\/types\/post"}],"author":[{"embeddable":true,"href":"https:\/\/lequotidien.mr\/index.php?rest_route=\/wp\/v2\/users\/5"}],"replies":[{"embeddable":true,"href":"https:\/\/lequotidien.mr\/index.php?rest_route=%2Fwp%2Fv2%2Fcomments&post=5610"}],"version-history":[{"count":1,"href":"https:\/\/lequotidien.mr\/index.php?rest_route=\/wp\/v2\/posts\/5610\/revisions"}],"predecessor-version":[{"id":5612,"href":"https:\/\/lequotidien.mr\/index.php?rest_route=\/wp\/v2\/posts\/5610\/revisions\/5612"}],"wp:featuredmedia":[{"embeddable":true,"href":"https:\/\/lequotidien.mr\/index.php?rest_route=\/wp\/v2\/media\/5611"}],"wp:attachment":[{"href":"https:\/\/lequotidien.mr\/index.php?rest_route=%2Fwp%2Fv2%2Fmedia&parent=5610"}],"wp:term":[{"taxonomy":"category","embeddable":true,"href":"https:\/\/lequotidien.mr\/index.php?rest_route=%2Fwp%2Fv2%2Fcategories&post=5610"},{"taxonomy":"post_tag","embeddable":true,"href":"https:\/\/lequotidien.mr\/index.php?rest_route=%2Fwp%2Fv2%2Ftags&post=5610"}],"curies":[{"name":"wp","href":"https:\/\/api.w.org\/{rel}","templated":true}]}}