{"id":5597,"date":"2023-03-01T15:49:25","date_gmt":"2023-03-01T15:49:25","guid":{"rendered":"https:\/\/lequotidien.mr\/?p=5597"},"modified":"2023-03-01T15:49:25","modified_gmt":"2023-03-01T15:49:25","slug":"la-vice-presidente-du-mcc-en-mauritanie","status":"publish","type":"post","link":"https:\/\/lequotidien.mr\/?p=5597&lang=fr","title":{"rendered":"La vice-pr\u00e9sidente du MCC en Mauritanie"},"content":{"rendered":"<p><strong>Le Calame<\/strong>\u00a0&#8211; Alicia Philipps Mandaville, vice-pr\u00e9sidente de la politique et de l\u2019\u00e9valuation du Mill\u00e9nium Challenge Corporation (MCC) du gouvernement am\u00e9ricain, effectue actuellement une visite en Mauritanie.<\/p>\n<p>Elle a rencontr\u00e9 une d\u00e9l\u00e9gation du Forum d\u2019Affaire Mauritano-Am\u00e9ricain (USMRBF), conduite par son pr\u00e9sident, Sid\u2019Ahmed ould Abeidna, comprenant de nombreux hommes d\u2019affaires issus de larges secteurs de l\u2019\u00e9conomie nationale.<\/p>\n<p>Au menu de la r\u00e9union, le processus d\u2019admission de la Mauritanie \u00ab \u00e0 b\u00e9n\u00e9ficier de l\u2019aide dans le cadre du programme seuil du MCC \u00bb apr\u00e8s la premi\u00e8re phase qui s\u2019est traduite par la s\u00e9lection de la Mauritanie, par le Conseil d\u2019Administration de l\u2019institution, en d\u00e9cembre 2022.<\/p>\n<p>\u00ab Les programmes seuil sont des subventions ax\u00e9es sur des r\u00e9formes politiques et institutionnelles dans les pays s\u00e9lectionn\u00e9s, qui sont sur le point de remplir les crit\u00e8res d\u2019\u00e9ligibilit\u00e9 de la MCC, et qui montrent un engagement ferme \u00e0 am\u00e9liorer leurs performances politiques \u00bb.<\/p>\n<p>Depuis 2004, le MCC a b\u00e9n\u00e9fici\u00e9 \u00e0 49 pays du monde entier pour des subventions de 15milliards de dollars.<\/p>\n","protected":false},"excerpt":{"rendered":"<p>Le Calame\u00a0&#8211; Alicia Philipps Mandaville, vice-pr\u00e9sidente de la politique et de l\u2019\u00e9valuation du Mill\u00e9nium Challenge Corporation (MCC) du gouvernement am\u00e9ricain, effectue actuellement une visite en Mauritanie. Elle a rencontr\u00e9 une d\u00e9l\u00e9gation du Forum d\u2019Affaire Mauritano-Am\u00e9ricain (USMRBF), conduite par son pr\u00e9sident, Sid\u2019Ahmed ould Abeidna, comprenant de nombreux hommes d\u2019affaires issus de larges secteurs de l\u2019\u00e9conomie nationale&#8230;&#8230;<\/p>\n","protected":false},"author":5,"featured_media":5600,"comment_status":"open","ping_status":"open","sticky":false,"template":"","format":"standard","meta":{"footnotes":""},"categories":[23,49],"tags":[],"class_list":["post-5597","post","type-post","status-publish","format-standard","has-post-thumbnail","hentry","category-actualite","category-economie"],"yoast_head":"<!-- This site is optimized with the Yoast SEO plugin v27.5 - https:\/\/yoast.com\/product\/yoast-seo-wordpress\/ -->\n<title>La vice-pr\u00e9sidente du MCC en Mauritanie - Le Quotidien de Nouakchott<\/title>\n<meta name=\"robots\" content=\"index, follow, max-snippet:-1, max-image-preview:large, max-video-preview:-1\" \/>\n<link rel=\"canonical\" href=\"https:\/\/lequotidien.mr\/?p=5597&lang=fr\" \/>\n<meta property=\"og:locale\" content=\"ar_AR\" \/>\n<meta property=\"og:type\" content=\"article\" \/>\n<meta property=\"og:title\" content=\"La vice-pr\u00e9sidente du MCC en Mauritanie - Le Quotidien de Nouakchott\" \/>\n<meta property=\"og:description\" content=\"Le Calame\u00a0&#8211; Alicia Philipps Mandaville, vice-pr\u00e9sidente de la politique et de l\u2019\u00e9valuation du Mill\u00e9nium Challenge Corporation (MCC) du gouvernement am\u00e9ricain, effectue actuellement une visite en Mauritanie. Elle a rencontr\u00e9 une d\u00e9l\u00e9gation du Forum d\u2019Affaire Mauritano-Am\u00e9ricain (USMRBF), conduite par son pr\u00e9sident, Sid\u2019Ahmed ould Abeidna, comprenant de nombreux hommes d\u2019affaires issus de larges secteurs de l\u2019\u00e9conomie nationale......\" \/>\n<meta property=\"og:url\" content=\"https:\/\/lequotidien.mr\/?p=5597&amp;lang=fr\" \/>\n<meta property=\"og:site_name\" content=\"Le Quotidien de Nouakchott\" \/>\n<meta property=\"article:publisher\" content=\"https:\/\/web.facebook.com\/lequotidienmr\" \/>\n<meta property=\"article:published_time\" content=\"2023-03-01T15:49:25+00:00\" \/>\n<meta property=\"og:image\" content=\"https:\/\/lequotidien.mr\/wp-content\/uploads\/2023\/03\/prsidente_dumcc_hh.jpg\" \/>\n\t<meta property=\"og:image:width\" content=\"489\" \/>\n\t<meta property=\"og:image:height\" content=\"360\" \/>\n\t<meta property=\"og:image:type\" content=\"image\/jpeg\" \/>\n<meta name=\"author\" content=\"Gayi Diawara\" \/>\n<meta name=\"twitter:card\" content=\"summary_large_image\" \/>\n<meta name=\"twitter:creator\" content=\"@lequotidienmr\" \/>\n<meta name=\"twitter:site\" content=\"@lequotidienmr\" \/>\n<meta name=\"twitter:label1\" content=\"\u0643\u064f\u062a\u0628 \u0628\u0648\u0627\u0633\u0637\u0629\" \/>\n\t<meta name=\"twitter:data1\" content=\"Gayi Diawara\" \/>\n\t<meta name=\"twitter:label2\" content=\"\u0648\u0642\u062a \u0627\u0644\u0642\u0631\u0627\u0621\u0629 \u0627\u0644\u0645\u064f\u0642\u062f\u0651\u0631\" \/>\n\t<meta name=\"twitter:data2\" content=\"\u062f\u0642\u064a\u0642\u0629 \u0648\u0627\u062d\u062f\u0629\" \/>\n<script type=\"application\/ld+json\" class=\"yoast-schema-graph\">{\"@context\":\"https:\\\/\\\/schema.org\",\"@graph\":[{\"@type\":\"Article\",\"@id\":\"https:\\\/\\\/lequotidien.mr\\\/?p=5597&lang=fr#article\",\"isPartOf\":{\"@id\":\"https:\\\/\\\/lequotidien.mr\\\/?p=5597&lang=fr\"},\"author\":{\"name\":\"Gayi Diawara\",\"@id\":\"https:\\\/\\\/lequotidien.mr\\\/#\\\/schema\\\/person\\\/1077c8abd5640a6514b909318d271dee\"},\"headline\":\"La vice-pr\u00e9sidente du MCC en Mauritanie\",\"datePublished\":\"2023-03-01T15:49:25+00:00\",\"mainEntityOfPage\":{\"@id\":\"https:\\\/\\\/lequotidien.mr\\\/?p=5597&lang=fr\"},\"wordCount\":195,\"commentCount\":0,\"publisher\":{\"@id\":\"https:\\\/\\\/lequotidien.mr\\\/#organization\"},\"image\":{\"@id\":\"https:\\\/\\\/lequotidien.mr\\\/?p=5597&lang=fr#primaryimage\"},\"thumbnailUrl\":\"https:\\\/\\\/lequotidien.mr\\\/wp-content\\\/uploads\\\/2023\\\/03\\\/prsidente_dumcc_hh.jpg\",\"articleSection\":[\"ACTUALIT\u00c9\",\"Economie\"],\"inLanguage\":\"ar\",\"potentialAction\":[{\"@type\":\"CommentAction\",\"name\":\"Comment\",\"target\":[\"https:\\\/\\\/lequotidien.mr\\\/?p=5597&lang=fr#respond\"]}]},{\"@type\":\"WebPage\",\"@id\":\"https:\\\/\\\/lequotidien.mr\\\/?p=5597&lang=fr\",\"url\":\"https:\\\/\\\/lequotidien.mr\\\/?p=5597&lang=fr\",\"name\":\"La vice-pr\u00e9sidente du MCC en Mauritanie - Le Quotidien de Nouakchott\",\"isPartOf\":{\"@id\":\"https:\\\/\\\/lequotidien.mr\\\/#website\"},\"primaryImageOfPage\":{\"@id\":\"https:\\\/\\\/lequotidien.mr\\\/?p=5597&lang=fr#primaryimage\"},\"image\":{\"@id\":\"https:\\\/\\\/lequotidien.mr\\\/?p=5597&lang=fr#primaryimage\"},\"thumbnailUrl\":\"https:\\\/\\\/lequotidien.mr\\\/wp-content\\\/uploads\\\/2023\\\/03\\\/prsidente_dumcc_hh.jpg\",\"datePublished\":\"2023-03-01T15:49:25+00:00\",\"breadcrumb\":{\"@id\":\"https:\\\/\\\/lequotidien.mr\\\/?p=5597&lang=fr#breadcrumb\"},\"inLanguage\":\"ar\",\"potentialAction\":[{\"@type\":\"ReadAction\",\"target\":[\"https:\\\/\\\/lequotidien.mr\\\/?p=5597&lang=fr\"]}]},{\"@type\":\"ImageObject\",\"inLanguage\":\"ar\",\"@id\":\"https:\\\/\\\/lequotidien.mr\\\/?p=5597&lang=fr#primaryimage\",\"url\":\"https:\\\/\\\/lequotidien.mr\\\/wp-content\\\/uploads\\\/2023\\\/03\\\/prsidente_dumcc_hh.jpg\",\"contentUrl\":\"https:\\\/\\\/lequotidien.mr\\\/wp-content\\\/uploads\\\/2023\\\/03\\\/prsidente_dumcc_hh.jpg\",\"width\":489,\"height\":360},{\"@type\":\"BreadcrumbList\",\"@id\":\"https:\\\/\\\/lequotidien.mr\\\/?p=5597&lang=fr#breadcrumb\",\"itemListElement\":[{\"@type\":\"ListItem\",\"position\":1,\"name\":\"Home\",\"item\":\"https:\\\/\\\/lequotidien.mr\\\/\"},{\"@type\":\"ListItem\",\"position\":2,\"name\":\"La vice-pr\u00e9sidente du MCC en Mauritanie\"}]},{\"@type\":\"WebSite\",\"@id\":\"https:\\\/\\\/lequotidien.mr\\\/#website\",\"url\":\"https:\\\/\\\/lequotidien.mr\\\/\",\"name\":\"Le Quotidien de Nouakchott\",\"description\":\"\u0625\u062e\u0628\u0627\u0631\u064a\u0629 \u0645\u0633\u062a\u0642\u0644\u0629 \u0644\u0644\u0623\u0646\u0628\u0627\u0621 \u0627\u0644\u0639\u0627\u0645\u0629\",\"publisher\":{\"@id\":\"https:\\\/\\\/lequotidien.mr\\\/#organization\"},\"potentialAction\":[{\"@type\":\"SearchAction\",\"target\":{\"@type\":\"EntryPoint\",\"urlTemplate\":\"https:\\\/\\\/lequotidien.mr\\\/?s={search_term_string}\"},\"query-input\":{\"@type\":\"PropertyValueSpecification\",\"valueRequired\":true,\"valueName\":\"search_term_string\"}}],\"inLanguage\":\"ar\"},{\"@type\":\"Organization\",\"@id\":\"https:\\\/\\\/lequotidien.mr\\\/#organization\",\"name\":\"Le Quotidien de Nouakchott\",\"url\":\"https:\\\/\\\/lequotidien.mr\\\/\",\"logo\":{\"@type\":\"ImageObject\",\"inLanguage\":\"ar\",\"@id\":\"https:\\\/\\\/lequotidien.mr\\\/#\\\/schema\\\/logo\\\/image\\\/\",\"url\":\"https:\\\/\\\/lequotidien.mr\\\/wp-content\\\/uploads\\\/2022\\\/11\\\/logolequotidien.jpg\",\"contentUrl\":\"https:\\\/\\\/lequotidien.mr\\\/wp-content\\\/uploads\\\/2022\\\/11\\\/logolequotidien.jpg\",\"width\":290,\"height\":65,\"caption\":\"Le Quotidien de Nouakchott\"},\"image\":{\"@id\":\"https:\\\/\\\/lequotidien.mr\\\/#\\\/schema\\\/logo\\\/image\\\/\"},\"sameAs\":[\"https:\\\/\\\/web.facebook.com\\\/lequotidienmr\",\"https:\\\/\\\/x.com\\\/lequotidienmr\"]},{\"@type\":\"Person\",\"@id\":\"https:\\\/\\\/lequotidien.mr\\\/#\\\/schema\\\/person\\\/1077c8abd5640a6514b909318d271dee\",\"name\":\"Gayi Diawara\",\"image\":{\"@type\":\"ImageObject\",\"inLanguage\":\"ar\",\"@id\":\"https:\\\/\\\/secure.gravatar.com\\\/avatar\\\/63ea8db1e19a6d2d608b24c0f78b5f3a7d6e0bc11959fec273410af333e4d0ac?s=96&d=mm&r=g\",\"url\":\"https:\\\/\\\/secure.gravatar.com\\\/avatar\\\/63ea8db1e19a6d2d608b24c0f78b5f3a7d6e0bc11959fec273410af333e4d0ac?s=96&d=mm&r=g\",\"contentUrl\":\"https:\\\/\\\/secure.gravatar.com\\\/avatar\\\/63ea8db1e19a6d2d608b24c0f78b5f3a7d6e0bc11959fec273410af333e4d0ac?s=96&d=mm&r=g\",\"caption\":\"Gayi Diawara\"},\"sameAs\":[\"http:\\\/\\\/lequotidien.mr\"],\"url\":\"https:\\\/\\\/lequotidien.mr\\\/?author=5\"}]}<\/script>\n<!-- \/ Yoast SEO plugin. -->","yoast_head_json":{"title":"La vice-pr\u00e9sidente du MCC en Mauritanie - Le Quotidien de Nouakchott","robots":{"index":"index","follow":"follow","max-snippet":"max-snippet:-1","max-image-preview":"max-image-preview:large","max-video-preview":"max-video-preview:-1"},"canonical":"https:\/\/lequotidien.mr\/?p=5597&lang=fr","og_locale":"ar_AR","og_type":"article","og_title":"La vice-pr\u00e9sidente du MCC en Mauritanie - Le Quotidien de Nouakchott","og_description":"Le Calame\u00a0&#8211; Alicia Philipps Mandaville, vice-pr\u00e9sidente de la politique et de l\u2019\u00e9valuation du Mill\u00e9nium Challenge Corporation (MCC) du gouvernement am\u00e9ricain, effectue actuellement une visite en Mauritanie. Elle a rencontr\u00e9 une d\u00e9l\u00e9gation du Forum d\u2019Affaire Mauritano-Am\u00e9ricain (USMRBF), conduite par son pr\u00e9sident, Sid\u2019Ahmed ould Abeidna, comprenant de nombreux hommes d\u2019affaires issus de larges secteurs de l\u2019\u00e9conomie nationale......","og_url":"https:\/\/lequotidien.mr\/?p=5597&lang=fr","og_site_name":"Le Quotidien de Nouakchott","article_publisher":"https:\/\/web.facebook.com\/lequotidienmr","article_published_time":"2023-03-01T15:49:25+00:00","og_image":[{"width":489,"height":360,"url":"https:\/\/lequotidien.mr\/wp-content\/uploads\/2023\/03\/prsidente_dumcc_hh.jpg","type":"image\/jpeg"}],"author":"Gayi Diawara","twitter_card":"summary_large_image","twitter_creator":"@lequotidienmr","twitter_site":"@lequotidienmr","twitter_misc":{"\u0643\u064f\u062a\u0628 \u0628\u0648\u0627\u0633\u0637\u0629":"Gayi Diawara","\u0648\u0642\u062a \u0627\u0644\u0642\u0631\u0627\u0621\u0629 \u0627\u0644\u0645\u064f\u0642\u062f\u0651\u0631":"\u062f\u0642\u064a\u0642\u0629 \u0648\u0627\u062d\u062f\u0629"},"schema":{"@context":"https:\/\/schema.org","@graph":[{"@type":"Article","@id":"https:\/\/lequotidien.mr\/?p=5597&lang=fr#article","isPartOf":{"@id":"https:\/\/lequotidien.mr\/?p=5597&lang=fr"},"author":{"name":"Gayi Diawara","@id":"https:\/\/lequotidien.mr\/#\/schema\/person\/1077c8abd5640a6514b909318d271dee"},"headline":"La vice-pr\u00e9sidente du MCC en Mauritanie","datePublished":"2023-03-01T15:49:25+00:00","mainEntityOfPage":{"@id":"https:\/\/lequotidien.mr\/?p=5597&lang=fr"},"wordCount":195,"commentCount":0,"publisher":{"@id":"https:\/\/lequotidien.mr\/#organization"},"image":{"@id":"https:\/\/lequotidien.mr\/?p=5597&lang=fr#primaryimage"},"thumbnailUrl":"https:\/\/lequotidien.mr\/wp-content\/uploads\/2023\/03\/prsidente_dumcc_hh.jpg","articleSection":["ACTUALIT\u00c9","Economie"],"inLanguage":"ar","potentialAction":[{"@type":"CommentAction","name":"Comment","target":["https:\/\/lequotidien.mr\/?p=5597&lang=fr#respond"]}]},{"@type":"WebPage","@id":"https:\/\/lequotidien.mr\/?p=5597&lang=fr","url":"https:\/\/lequotidien.mr\/?p=5597&lang=fr","name":"La vice-pr\u00e9sidente du MCC en Mauritanie - Le Quotidien de Nouakchott","isPartOf":{"@id":"https:\/\/lequotidien.mr\/#website"},"primaryImageOfPage":{"@id":"https:\/\/lequotidien.mr\/?p=5597&lang=fr#primaryimage"},"image":{"@id":"https:\/\/lequotidien.mr\/?p=5597&lang=fr#primaryimage"},"thumbnailUrl":"https:\/\/lequotidien.mr\/wp-content\/uploads\/2023\/03\/prsidente_dumcc_hh.jpg","datePublished":"2023-03-01T15:49:25+00:00","breadcrumb":{"@id":"https:\/\/lequotidien.mr\/?p=5597&lang=fr#breadcrumb"},"inLanguage":"ar","potentialAction":[{"@type":"ReadAction","target":["https:\/\/lequotidien.mr\/?p=5597&lang=fr"]}]},{"@type":"ImageObject","inLanguage":"ar","@id":"https:\/\/lequotidien.mr\/?p=5597&lang=fr#primaryimage","url":"https:\/\/lequotidien.mr\/wp-content\/uploads\/2023\/03\/prsidente_dumcc_hh.jpg","contentUrl":"https:\/\/lequotidien.mr\/wp-content\/uploads\/2023\/03\/prsidente_dumcc_hh.jpg","width":489,"height":360},{"@type":"BreadcrumbList","@id":"https:\/\/lequotidien.mr\/?p=5597&lang=fr#breadcrumb","itemListElement":[{"@type":"ListItem","position":1,"name":"Home","item":"https:\/\/lequotidien.mr\/"},{"@type":"ListItem","position":2,"name":"La vice-pr\u00e9sidente du MCC en Mauritanie"}]},{"@type":"WebSite","@id":"https:\/\/lequotidien.mr\/#website","url":"https:\/\/lequotidien.mr\/","name":"Le Quotidien de Nouakchott","description":"\u0625\u062e\u0628\u0627\u0631\u064a\u0629 \u0645\u0633\u062a\u0642\u0644\u0629 \u0644\u0644\u0623\u0646\u0628\u0627\u0621 \u0627\u0644\u0639\u0627\u0645\u0629","publisher":{"@id":"https:\/\/lequotidien.mr\/#organization"},"potentialAction":[{"@type":"SearchAction","target":{"@type":"EntryPoint","urlTemplate":"https:\/\/lequotidien.mr\/?s={search_term_string}"},"query-input":{"@type":"PropertyValueSpecification","valueRequired":true,"valueName":"search_term_string"}}],"inLanguage":"ar"},{"@type":"Organization","@id":"https:\/\/lequotidien.mr\/#organization","name":"Le Quotidien de Nouakchott","url":"https:\/\/lequotidien.mr\/","logo":{"@type":"ImageObject","inLanguage":"ar","@id":"https:\/\/lequotidien.mr\/#\/schema\/logo\/image\/","url":"https:\/\/lequotidien.mr\/wp-content\/uploads\/2022\/11\/logolequotidien.jpg","contentUrl":"https:\/\/lequotidien.mr\/wp-content\/uploads\/2022\/11\/logolequotidien.jpg","width":290,"height":65,"caption":"Le Quotidien de Nouakchott"},"image":{"@id":"https:\/\/lequotidien.mr\/#\/schema\/logo\/image\/"},"sameAs":["https:\/\/web.facebook.com\/lequotidienmr","https:\/\/x.com\/lequotidienmr"]},{"@type":"Person","@id":"https:\/\/lequotidien.mr\/#\/schema\/person\/1077c8abd5640a6514b909318d271dee","name":"Gayi Diawara","image":{"@type":"ImageObject","inLanguage":"ar","@id":"https:\/\/secure.gravatar.com\/avatar\/63ea8db1e19a6d2d608b24c0f78b5f3a7d6e0bc11959fec273410af333e4d0ac?s=96&d=mm&r=g","url":"https:\/\/secure.gravatar.com\/avatar\/63ea8db1e19a6d2d608b24c0f78b5f3a7d6e0bc11959fec273410af333e4d0ac?s=96&d=mm&r=g","contentUrl":"https:\/\/secure.gravatar.com\/avatar\/63ea8db1e19a6d2d608b24c0f78b5f3a7d6e0bc11959fec273410af333e4d0ac?s=96&d=mm&r=g","caption":"Gayi Diawara"},"sameAs":["http:\/\/lequotidien.mr"],"url":"https:\/\/lequotidien.mr\/?author=5"}]}},"_links":{"self":[{"href":"https:\/\/lequotidien.mr\/index.php?rest_route=\/wp\/v2\/posts\/5597","targetHints":{"allow":["GET"]}}],"collection":[{"href":"https:\/\/lequotidien.mr\/index.php?rest_route=\/wp\/v2\/posts"}],"about":[{"href":"https:\/\/lequotidien.mr\/index.php?rest_route=\/wp\/v2\/types\/post"}],"author":[{"embeddable":true,"href":"https:\/\/lequotidien.mr\/index.php?rest_route=\/wp\/v2\/users\/5"}],"replies":[{"embeddable":true,"href":"https:\/\/lequotidien.mr\/index.php?rest_route=%2Fwp%2Fv2%2Fcomments&post=5597"}],"version-history":[{"count":1,"href":"https:\/\/lequotidien.mr\/index.php?rest_route=\/wp\/v2\/posts\/5597\/revisions"}],"predecessor-version":[{"id":5601,"href":"https:\/\/lequotidien.mr\/index.php?rest_route=\/wp\/v2\/posts\/5597\/revisions\/5601"}],"wp:featuredmedia":[{"embeddable":true,"href":"https:\/\/lequotidien.mr\/index.php?rest_route=\/wp\/v2\/media\/5600"}],"wp:attachment":[{"href":"https:\/\/lequotidien.mr\/index.php?rest_route=%2Fwp%2Fv2%2Fmedia&parent=5597"}],"wp:term":[{"taxonomy":"category","embeddable":true,"href":"https:\/\/lequotidien.mr\/index.php?rest_route=%2Fwp%2Fv2%2Fcategories&post=5597"},{"taxonomy":"post_tag","embeddable":true,"href":"https:\/\/lequotidien.mr\/index.php?rest_route=%2Fwp%2Fv2%2Ftags&post=5597"}],"curies":[{"name":"wp","href":"https:\/\/api.w.org\/{rel}","templated":true}]}}